{"id":33416,"date":"2022-12-28T22:10:00","date_gmt":"2022-12-28T21:10:00","guid":{"rendered":"https:\/\/lasentinelle.dz\/?p=33416"},"modified":"2022-12-28T19:40:18","modified_gmt":"2022-12-28T18:40:18","slug":"crise-libyenne-de-lurgence-dun-reglement-politique","status":"publish","type":"post","link":"https:\/\/lasentinelle.dz\/index.php\/2022\/12\/28\/crise-libyenne-de-lurgence-dun-reglement-politique\/","title":{"rendered":"Crise libyenne\u00a0: De l\u2019urgence d\u2019un r\u00e8glement politique"},"content":{"rendered":"\n<p>Le Secr\u00e9taire g\u00e9n\u00e9ral de la Ligue arabe, Ahmed Abou al-Gheit, a renouvel\u00e9 mardi la disponibilit\u00e9 de la Ligue arabe \u00e0 assister la Libye dans tous les efforts \u00ab s\u00e9rieux et sinc\u00e8res \u00bb visant \u00e0 unifier la position des Libyens et avancer dans le processus politique.<\/p>\n\n\n\n<p>\u00abLa Ligue des Etats arabes est tout \u00e0 fait dispos\u00e9e \u00e0 aider les Libyens, afin d&rsquo;organiser les \u00e9lections, r\u00e9unifier l&rsquo;institution militaire et instaurer d\u00e9finitivement la stabilit\u00e9 dans le pays\u00bb, a-t-il indiqu\u00e9 \u00e0 l&rsquo;issue d&rsquo;un entretien avec le pr\u00e9sident du Conseil pr\u00e9sidentiel libyen, Mohamed al-Manfi.La proposition d\u2019Ahmed Abou al-Gheit intervient moins d\u2019une semaine apr\u00e8s l\u2019appel des membres du Conseil de s\u00e9curit\u00e9 de l\u2019ONU \u00e0 travers lequel ils pressent toutes les parties libyennes \u00ab \u00e0 s&rsquo;engager dans un dialogue et acc\u00e9l\u00e9rer la conclusion d&rsquo;un accord pour parvenir \u00e0 un r\u00e8glement politique, pr\u00e9voyant notamment un cadre constitutionnel pour la tenue des \u00e9lections \u00bb. A l\u2019occasion, ils ont exprim\u00e9 en outre leur \u00absoutien au repr\u00e9sentant sp\u00e9cial du Secr\u00e9taire g\u00e9n\u00e9ral pour la Libye, Abdoulaye Bathily, et \u00e0 ses efforts pour insuffler un nouvel \u00e9lan\u00bb au processus politique dans le pays\u00bb.<\/p>\n\n\n\n<p>Dans le cas de la crise libyenne, la priorit\u00e9 pour la communaut\u00e9 internationale demeure donc incontestablement la relance du processus \u00e9lectoral. La premi\u00e8re condition pour y parvenir est la formation d\u2019un gouvernement libyen unifi\u00e9, capable d\u2019organiser ces \u00e9lections pr\u00e9sidentielles et l\u00e9gislatives cr\u00e9dibles de mani\u00e8re simultan\u00e9e sur l\u2019ensemble du territoire libyen de fa\u00e7on cr\u00e9dible et d\u2019y gouverner partout et pour tous. Deuxi\u00e8mement, un accord sur une base constitutionnelle et l\u00e9gale et une nouvelle feuille de route politique cr\u00e9dible sont n\u00e9cessaires en vue de ces \u00e9lections. Cette feuille de route devra comprendre des garde-fous politique, financier et l\u2019absence de corruption et l\u2019acceptation des r\u00e9sultats par tous seront cl\u00e9s pour la r\u00e9ussite des scrutins.<\/p>\n\n\n\n<p>L\u2019appel de l\u2019ONU et de la Ligue arabe seront-ils entendus par les principaux protagonistes de la crise ? Peu \u00e9vident. En tout cas, le gouvernement d\u2019union nationale \u00e9tabli \u00e0 Tripoli est plus r\u00e9ceptif que son rival install\u00e9 par le seigneur de guerre Khalifa Haftar \u00e0 Syrte \u00e0 la solution de sortie de crise r\u00e9sultant de la conf\u00e9rence de Berlin de janvier 2020. La remarque doit \u00eatre faite car jusque-l\u00e0 Khalifa Haftar et son camp ont tout fait pour faire d\u00e9railler le processus de Berlin.<\/p>\n\n\n\n<p><strong>L\u2019agenda cach\u00e9 de Haftar<\/strong><\/p>\n\n\n\n<p>La question qui se pose d&rsquo;elle-m\u00eame est pourquoi l\u2019homme qui r\u00e8gne actuellement sur l\u2019Est et une partie du sud de la Libye continue \u00e0 faire obstruction \u00e0 un r\u00e8glement pacifique et politique de la crise qui passerait par les urnes ? Redoute-t-il et sa garde pr\u00e9torienne un \u00e9chec cuisant le jour des \u00e9lections ? A-t-il un agenda politique autre que celui soutenu par l\u2019organisation des Nations Unies ? Il y a sans doute un peu des deux.<\/p>\n\n\n\n<p>Ce n\u2019est un secret pour personne, Khalifa Haftar veut \u00eatre intronis\u00e9 \u00ab leader \u00bb de la Libye sans passer par les urnes. Il l\u2019a amplement prouv\u00e9 lorsqu\u2019il a lanc\u00e9 ses milices \u00e0 l\u2019assaut de Tripoli en avril 2019, semant le chaos et la d\u00e9solation sur leur passage. Selon l\u2019ONU, les raids de ses milices soutenues par des mercenaires venus de divers horizons avaient fait plus de 1000 personnes tu\u00e9es&nbsp; et plus de 140 000 d\u00e9plac\u00e9es. Un v\u00e9ritable carnage. Malgr\u00e9 l\u2019importance des moyens mobilis\u00e9s, Khalifa Haftar \u00e9chouera lamentablement dans sa tentative de s\u2019emparer de la capitale libyenne. Malgr\u00e9 cet \u00e9chec patent, il tentera d\u2019autres incursions. Sans succ\u00e8s \u00e9galement.Plut\u00f4t que de reconna\u00eetre sa d\u00e9faite, l\u2019ancien officier f\u00e9lon continue d\u2019\u00e9chafauder des plans aussi machiav\u00e9liques les uns que les autres pour s\u2019imposer au&nbsp; centre du jeu politique et militaire en Libye. Ayant pris conscience de son incapacit\u00e9 \u00e0 imposer militairement son contr\u00f4le \u00e0 toute le pays, il semble pr\u00eat depuis quelque temps \u00e0 proclamer l&rsquo;autonomie de la r\u00e9gion qu\u2019il contr\u00f4le, la Cyr\u00e9na\u00efque, du reste de l\u2019ex-Jamahiriya. La poursuite de l&rsquo;impasse \u00e0 Tripoli pourrait conduire l&rsquo;Est qu\u2019il contr\u00f4le&nbsp; \u00e0 g\u00e9rer ses affaires et ses institutions de mani\u00e8re autonome, en se dotant d\u2019une feuille de route ind\u00e9pendante et s\u00e9par\u00e9e de la capitale, a-t-il menac\u00e9 au d\u00e9but. Autrement dit, il joue la carte de la fragmentation et du morcellement de la Libye rien que pour assouvir son app\u00e9tit insatiable pour le pouvoir.<\/p>\n\n\n\n<p>Sous l\u2019effet des pressions internationales, il a fait depuis un spectaculaire r\u00e9trop\u00e9dalage. A l&rsquo;occasion du 72e anniversaire de l&rsquo;ind\u00e9pendance du pays, il s\u2019est dit laisser une chance \u00e0 la paix. Il a indiqu\u00e9 que l\u2019unit\u00e9 de la Libye \u00e9tait \u00ab une ligne rouge \u00bb. \u00ab Nous ne permettrons pas qu\u2019elle soit viol\u00e9e ou compromise. Nous appelons toutes les villes et r\u00e9gions de l\u2019ouest \u00e0 un dialogue intra-libyen et un rassemblement de tous les acteurs \u00bb, a-t-il dit. Si les propos en question laissent un peu de r\u00e9pit pour la n\u00e9gociation, il n\u2019emp\u00eache que le risque de division est bien l\u00e0.<\/p>\n\n\n\n<p>Ce scenario, s\u2019il venait \u00e0 se produire ferait bien \u00e9videmment le jeu de l\u2019entit\u00e9 sioniste qui s\u2019emploie depuis des ann\u00e9es \u00e0 cr\u00e9er un p\u00f4le d\u2019instabilit\u00e9 en Afrique du Nord. Il est certain qu\u2019une proclamation de l\u2019autonomie des r\u00e9gions de la Cyr\u00e9na\u00efque et du Fezzan par Haftar \u00e9quivaudrait, dans le cas de la Libye, \u00e0 ouvrir une bo\u00eete de pandore. D\u00e9j\u00e0 extr\u00eamement fragment\u00e9, le pays risquerait de partir en milles morceaux tant les tensions tribales y sont importantes. In\u00e9vitablement, les pays de la r\u00e9gion en seront aussi consid\u00e9rablement impact\u00e9s. Et durablement !&nbsp;&nbsp;<\/p>\n\n\n\n<p><strong>Khider Larbi<\/strong><\/p>\n","protected":false},"excerpt":{"rendered":"<p>Le Secr\u00e9taire g\u00e9n\u00e9ral de la Ligue arabe, Ahmed Abou al-Gheit, a renouvel\u00e9 mardi la disponibilit\u00e9 de la Ligue arabe \u00e0<\/p>\n","protected":false},"author":3,"featured_media":2375,"comment_status":"open","ping_status":"closed","sticky":false,"template":"","format":"standard","meta":{"colormag_page_container_layout":"default_layout","colormag_page_sidebar_layout":"default_layout","om_disable_all_campaigns":false,"_monsterinsights_skip_tracking":false,"_monsterinsights_sitenote_active":false,"_monsterinsights_sitenote_note":"","_monsterinsights_sitenote_category":0,"footnotes":"","_wpscppro_dont_share_socialmedia":false,"_wpscppro_custom_social_share_image":0,"_facebook_share_type":"","_twitter_share_type":"","_linkedin_share_type":"","_pinterest_share_type":"","_linkedin_share_type_page":"","_instagram_share_type":"","_medium_share_type":"","_threads_share_type":"","_google_business_share_type":"","_selected_social_profile":[],"_wpsp_enable_custom_social_template":false,"_wpsp_social_scheduling":{"enabled":false,"datetime":null,"platforms":[],"status":"template_only","dateOption":"today","timeOption":"now","customDays":"","customHours":"","customDate":"","customTime":"","schedulingType":"absolute"},"_wpsp_active_default_template":true},"categories":[52,27],"tags":[],"class_list":["post-33416","post","type-post","status-publish","format-standard","has-post-thumbnail","hentry","category-a-la-une","category-actualite"],"aioseo_notices":[],"yoast_head":"<!-- This site is optimized with the Yoast SEO plugin v27.5 - https:\/\/yoast.com\/product\/yoast-seo-wordpress\/ -->\n<title>Crise libyenne\u00a0: De l\u2019urgence d\u2019un r\u00e8glement politique - La Sentinelle<\/title>\n<meta name=\"robots\" content=\"index, follow, max-snippet:-1, max-image-preview:large, max-video-preview:-1\" \/>\n<link rel=\"canonical\" href=\"https:\/\/lasentinelle.dz\/index.php\/2022\/12\/28\/crise-libyenne-de-lurgence-dun-reglement-politique\/\" \/>\n<meta property=\"og:locale\" content=\"fr_FR\" \/>\n<meta property=\"og:type\" content=\"article\" \/>\n<meta property=\"og:title\" content=\"Crise libyenne\u00a0: De l\u2019urgence d\u2019un r\u00e8glement politique - La Sentinelle\" \/>\n<meta property=\"og:description\" content=\"Le Secr\u00e9taire g\u00e9n\u00e9ral de la Ligue arabe, Ahmed Abou al-Gheit, a renouvel\u00e9 mardi la disponibilit\u00e9 de la Ligue arabe \u00e0\" \/>\n<meta property=\"og:url\" content=\"https:\/\/lasentinelle.dz\/index.php\/2022\/12\/28\/crise-libyenne-de-lurgence-dun-reglement-politique\/\" \/>\n<meta property=\"og:site_name\" content=\"La Sentinelle\" \/>\n<meta property=\"article:publisher\" content=\"https:\/\/www.facebook.com\/La-Sentinelle-104059864394773\" \/>\n<meta property=\"article:published_time\" content=\"2022-12-28T21:10:00+00:00\" \/>\n<meta property=\"og:image\" content=\"https:\/\/lasentinelle.dz\/wp-content\/uploads\/2021\/07\/libya.png\" \/>\n\t<meta property=\"og:image:width\" content=\"1487\" \/>\n\t<meta property=\"og:image:height\" content=\"900\" \/>\n\t<meta property=\"og:image:type\" content=\"image\/png\" \/>\n<meta name=\"author\" content=\"La Sentinelle\" \/>\n<meta name=\"twitter:card\" content=\"summary_large_image\" \/>\n<meta name=\"twitter:label1\" content=\"\u00c9crit par\" \/>\n\t<meta name=\"twitter:data1\" content=\"La Sentinelle\" \/>\n\t<meta name=\"twitter:label2\" content=\"Dur\u00e9e de lecture estim\u00e9e\" \/>\n\t<meta name=\"twitter:data2\" content=\"5 minutes\" \/>\n<script type=\"application\/ld+json\" class=\"yoast-schema-graph\">{\"@context\":\"https:\\\/\\\/schema.org\",\"@graph\":[{\"@type\":\"Article\",\"@id\":\"https:\\\/\\\/lasentinelle.dz\\\/index.php\\\/2022\\\/12\\\/28\\\/crise-libyenne-de-lurgence-dun-reglement-politique\\\/#article\",\"isPartOf\":{\"@id\":\"https:\\\/\\\/lasentinelle.dz\\\/index.php\\\/2022\\\/12\\\/28\\\/crise-libyenne-de-lurgence-dun-reglement-politique\\\/\"},\"author\":{\"name\":\"La Sentinelle\",\"@id\":\"https:\\\/\\\/lasentinelle.dz\\\/#\\\/schema\\\/person\\\/d865044e22e70a75174ce8bcad3acfb3\"},\"headline\":\"Crise libyenne\u00a0: De l\u2019urgence d\u2019un r\u00e8glement politique\",\"datePublished\":\"2022-12-28T21:10:00+00:00\",\"mainEntityOfPage\":{\"@id\":\"https:\\\/\\\/lasentinelle.dz\\\/index.php\\\/2022\\\/12\\\/28\\\/crise-libyenne-de-lurgence-dun-reglement-politique\\\/\"},\"wordCount\":1004,\"commentCount\":0,\"publisher\":{\"@id\":\"https:\\\/\\\/lasentinelle.dz\\\/#organization\"},\"image\":{\"@id\":\"https:\\\/\\\/lasentinelle.dz\\\/index.php\\\/2022\\\/12\\\/28\\\/crise-libyenne-de-lurgence-dun-reglement-politique\\\/#primaryimage\"},\"thumbnailUrl\":\"https:\\\/\\\/lasentinelle.dz\\\/wp-content\\\/uploads\\\/2021\\\/07\\\/libya.png\",\"articleSection\":[\"\u00c0 la Une\",\"Actualit\u00e9\"],\"inLanguage\":\"fr-FR\",\"potentialAction\":[{\"@type\":\"CommentAction\",\"name\":\"Comment\",\"target\":[\"https:\\\/\\\/lasentinelle.dz\\\/index.php\\\/2022\\\/12\\\/28\\\/crise-libyenne-de-lurgence-dun-reglement-politique\\\/#respond\"]}]},{\"@type\":\"WebPage\",\"@id\":\"https:\\\/\\\/lasentinelle.dz\\\/index.php\\\/2022\\\/12\\\/28\\\/crise-libyenne-de-lurgence-dun-reglement-politique\\\/\",\"url\":\"https:\\\/\\\/lasentinelle.dz\\\/index.php\\\/2022\\\/12\\\/28\\\/crise-libyenne-de-lurgence-dun-reglement-politique\\\/\",\"name\":\"Crise libyenne\u00a0: De l\u2019urgence d\u2019un r\u00e8glement politique - La Sentinelle\",\"isPartOf\":{\"@id\":\"https:\\\/\\\/lasentinelle.dz\\\/#website\"},\"primaryImageOfPage\":{\"@id\":\"https:\\\/\\\/lasentinelle.dz\\\/index.php\\\/2022\\\/12\\\/28\\\/crise-libyenne-de-lurgence-dun-reglement-politique\\\/#primaryimage\"},\"image\":{\"@id\":\"https:\\\/\\\/lasentinelle.dz\\\/index.php\\\/2022\\\/12\\\/28\\\/crise-libyenne-de-lurgence-dun-reglement-politique\\\/#primaryimage\"},\"thumbnailUrl\":\"https:\\\/\\\/lasentinelle.dz\\\/wp-content\\\/uploads\\\/2021\\\/07\\\/libya.png\",\"datePublished\":\"2022-12-28T21:10:00+00:00\",\"breadcrumb\":{\"@id\":\"https:\\\/\\\/lasentinelle.dz\\\/index.php\\\/2022\\\/12\\\/28\\\/crise-libyenne-de-lurgence-dun-reglement-politique\\\/#breadcrumb\"},\"inLanguage\":\"fr-FR\",\"potentialAction\":[{\"@type\":\"ReadAction\",\"target\":[\"https:\\\/\\\/lasentinelle.dz\\\/index.php\\\/2022\\\/12\\\/28\\\/crise-libyenne-de-lurgence-dun-reglement-politique\\\/\"]}]},{\"@type\":\"ImageObject\",\"inLanguage\":\"fr-FR\",\"@id\":\"https:\\\/\\\/lasentinelle.dz\\\/index.php\\\/2022\\\/12\\\/28\\\/crise-libyenne-de-lurgence-dun-reglement-politique\\\/#primaryimage\",\"url\":\"https:\\\/\\\/lasentinelle.dz\\\/wp-content\\\/uploads\\\/2021\\\/07\\\/libya.png\",\"contentUrl\":\"https:\\\/\\\/lasentinelle.dz\\\/wp-content\\\/uploads\\\/2021\\\/07\\\/libya.png\",\"width\":1487,\"height\":900},{\"@type\":\"BreadcrumbList\",\"@id\":\"https:\\\/\\\/lasentinelle.dz\\\/index.php\\\/2022\\\/12\\\/28\\\/crise-libyenne-de-lurgence-dun-reglement-politique\\\/#breadcrumb\",\"itemListElement\":[{\"@type\":\"ListItem\",\"position\":1,\"name\":\"Accueil\",\"item\":\"https:\\\/\\\/lasentinelle.dz\\\/\"},{\"@type\":\"ListItem\",\"position\":2,\"name\":\"Crise libyenne\u00a0: De l\u2019urgence d\u2019un r\u00e8glement politique\"}]},{\"@type\":\"WebSite\",\"@id\":\"https:\\\/\\\/lasentinelle.dz\\\/#website\",\"url\":\"https:\\\/\\\/lasentinelle.dz\\\/\",\"name\":\"La Sentinelle\",\"description\":\"Quotidien national d&#039;information\",\"publisher\":{\"@id\":\"https:\\\/\\\/lasentinelle.dz\\\/#organization\"},\"potentialAction\":[{\"@type\":\"SearchAction\",\"target\":{\"@type\":\"EntryPoint\",\"urlTemplate\":\"https:\\\/\\\/lasentinelle.dz\\\/?s={search_term_string}\"},\"query-input\":{\"@type\":\"PropertyValueSpecification\",\"valueRequired\":true,\"valueName\":\"search_term_string\"}}],\"inLanguage\":\"fr-FR\"},{\"@type\":\"Organization\",\"@id\":\"https:\\\/\\\/lasentinelle.dz\\\/#organization\",\"name\":\"Quotidien La Sentinelle\",\"url\":\"https:\\\/\\\/lasentinelle.dz\\\/\",\"logo\":{\"@type\":\"ImageObject\",\"inLanguage\":\"fr-FR\",\"@id\":\"https:\\\/\\\/lasentinelle.dz\\\/#\\\/schema\\\/logo\\\/image\\\/\",\"url\":\"https:\\\/\\\/lasentinelle.dz\\\/wp-content\\\/uploads\\\/2021\\\/09\\\/logo-sentinelleSLOGAN-1.png\",\"contentUrl\":\"https:\\\/\\\/lasentinelle.dz\\\/wp-content\\\/uploads\\\/2021\\\/09\\\/logo-sentinelleSLOGAN-1.png\",\"width\":615,\"height\":142,\"caption\":\"Quotidien La Sentinelle\"},\"image\":{\"@id\":\"https:\\\/\\\/lasentinelle.dz\\\/#\\\/schema\\\/logo\\\/image\\\/\"},\"sameAs\":[\"https:\\\/\\\/www.facebook.com\\\/La-Sentinelle-104059864394773\"]},{\"@type\":\"Person\",\"@id\":\"https:\\\/\\\/lasentinelle.dz\\\/#\\\/schema\\\/person\\\/d865044e22e70a75174ce8bcad3acfb3\",\"name\":\"La Sentinelle\",\"image\":{\"@type\":\"ImageObject\",\"inLanguage\":\"fr-FR\",\"@id\":\"https:\\\/\\\/secure.gravatar.com\\\/avatar\\\/57de8e5d4b15d43fb361a71fbb36338450fe67865b528a43dd10ef7c51a20392?s=96&d=mm&r=g\",\"url\":\"https:\\\/\\\/secure.gravatar.com\\\/avatar\\\/57de8e5d4b15d43fb361a71fbb36338450fe67865b528a43dd10ef7c51a20392?s=96&d=mm&r=g\",\"contentUrl\":\"https:\\\/\\\/secure.gravatar.com\\\/avatar\\\/57de8e5d4b15d43fb361a71fbb36338450fe67865b528a43dd10ef7c51a20392?s=96&d=mm&r=g\",\"caption\":\"La Sentinelle\"},\"sameAs\":[\"http:\\\/\\\/www.lasentinelle.dz\"],\"url\":\"https:\\\/\\\/lasentinelle.dz\\\/author\\\/redaction\\\/\"}]}<\/script>\n<!-- \/ Yoast SEO plugin. -->","yoast_head_json":{"title":"Crise libyenne\u00a0: De l\u2019urgence d\u2019un r\u00e8glement politique - La Sentinelle","robots":{"index":"index","follow":"follow","max-snippet":"max-snippet:-1","max-image-preview":"max-image-preview:large","max-video-preview":"max-video-preview:-1"},"canonical":"https:\/\/lasentinelle.dz\/index.php\/2022\/12\/28\/crise-libyenne-de-lurgence-dun-reglement-politique\/","og_locale":"fr_FR","og_type":"article","og_title":"Crise libyenne\u00a0: De l\u2019urgence d\u2019un r\u00e8glement politique - La Sentinelle","og_description":"Le Secr\u00e9taire g\u00e9n\u00e9ral de la Ligue arabe, Ahmed Abou al-Gheit, a renouvel\u00e9 mardi la disponibilit\u00e9 de la Ligue arabe \u00e0","og_url":"https:\/\/lasentinelle.dz\/index.php\/2022\/12\/28\/crise-libyenne-de-lurgence-dun-reglement-politique\/","og_site_name":"La Sentinelle","article_publisher":"https:\/\/www.facebook.com\/La-Sentinelle-104059864394773","article_published_time":"2022-12-28T21:10:00+00:00","og_image":[{"width":1487,"height":900,"url":"https:\/\/lasentinelle.dz\/wp-content\/uploads\/2021\/07\/libya.png","type":"image\/png"}],"author":"La Sentinelle","twitter_card":"summary_large_image","twitter_misc":{"\u00c9crit par":"La Sentinelle","Dur\u00e9e de lecture estim\u00e9e":"5 minutes"},"schema":{"@context":"https:\/\/schema.org","@graph":[{"@type":"Article","@id":"https:\/\/lasentinelle.dz\/index.php\/2022\/12\/28\/crise-libyenne-de-lurgence-dun-reglement-politique\/#article","isPartOf":{"@id":"https:\/\/lasentinelle.dz\/index.php\/2022\/12\/28\/crise-libyenne-de-lurgence-dun-reglement-politique\/"},"author":{"name":"La Sentinelle","@id":"https:\/\/lasentinelle.dz\/#\/schema\/person\/d865044e22e70a75174ce8bcad3acfb3"},"headline":"Crise libyenne\u00a0: De l\u2019urgence d\u2019un r\u00e8glement politique","datePublished":"2022-12-28T21:10:00+00:00","mainEntityOfPage":{"@id":"https:\/\/lasentinelle.dz\/index.php\/2022\/12\/28\/crise-libyenne-de-lurgence-dun-reglement-politique\/"},"wordCount":1004,"commentCount":0,"publisher":{"@id":"https:\/\/lasentinelle.dz\/#organization"},"image":{"@id":"https:\/\/lasentinelle.dz\/index.php\/2022\/12\/28\/crise-libyenne-de-lurgence-dun-reglement-politique\/#primaryimage"},"thumbnailUrl":"https:\/\/lasentinelle.dz\/wp-content\/uploads\/2021\/07\/libya.png","articleSection":["\u00c0 la Une","Actualit\u00e9"],"inLanguage":"fr-FR","potentialAction":[{"@type":"CommentAction","name":"Comment","target":["https:\/\/lasentinelle.dz\/index.php\/2022\/12\/28\/crise-libyenne-de-lurgence-dun-reglement-politique\/#respond"]}]},{"@type":"WebPage","@id":"https:\/\/lasentinelle.dz\/index.php\/2022\/12\/28\/crise-libyenne-de-lurgence-dun-reglement-politique\/","url":"https:\/\/lasentinelle.dz\/index.php\/2022\/12\/28\/crise-libyenne-de-lurgence-dun-reglement-politique\/","name":"Crise libyenne\u00a0: De l\u2019urgence d\u2019un r\u00e8glement politique - La Sentinelle","isPartOf":{"@id":"https:\/\/lasentinelle.dz\/#website"},"primaryImageOfPage":{"@id":"https:\/\/lasentinelle.dz\/index.php\/2022\/12\/28\/crise-libyenne-de-lurgence-dun-reglement-politique\/#primaryimage"},"image":{"@id":"https:\/\/lasentinelle.dz\/index.php\/2022\/12\/28\/crise-libyenne-de-lurgence-dun-reglement-politique\/#primaryimage"},"thumbnailUrl":"https:\/\/lasentinelle.dz\/wp-content\/uploads\/2021\/07\/libya.png","datePublished":"2022-12-28T21:10:00+00:00","breadcrumb":{"@id":"https:\/\/lasentinelle.dz\/index.php\/2022\/12\/28\/crise-libyenne-de-lurgence-dun-reglement-politique\/#breadcrumb"},"inLanguage":"fr-FR","potentialAction":[{"@type":"ReadAction","target":["https:\/\/lasentinelle.dz\/index.php\/2022\/12\/28\/crise-libyenne-de-lurgence-dun-reglement-politique\/"]}]},{"@type":"ImageObject","inLanguage":"fr-FR","@id":"https:\/\/lasentinelle.dz\/index.php\/2022\/12\/28\/crise-libyenne-de-lurgence-dun-reglement-politique\/#primaryimage","url":"https:\/\/lasentinelle.dz\/wp-content\/uploads\/2021\/07\/libya.png","contentUrl":"https:\/\/lasentinelle.dz\/wp-content\/uploads\/2021\/07\/libya.png","width":1487,"height":900},{"@type":"BreadcrumbList","@id":"https:\/\/lasentinelle.dz\/index.php\/2022\/12\/28\/crise-libyenne-de-lurgence-dun-reglement-politique\/#breadcrumb","itemListElement":[{"@type":"ListItem","position":1,"name":"Accueil","item":"https:\/\/lasentinelle.dz\/"},{"@type":"ListItem","position":2,"name":"Crise libyenne\u00a0: De l\u2019urgence d\u2019un r\u00e8glement politique"}]},{"@type":"WebSite","@id":"https:\/\/lasentinelle.dz\/#website","url":"https:\/\/lasentinelle.dz\/","name":"La Sentinelle","description":"Quotidien national d&#039;information","publisher":{"@id":"https:\/\/lasentinelle.dz\/#organization"},"potentialAction":[{"@type":"SearchAction","target":{"@type":"EntryPoint","urlTemplate":"https:\/\/lasentinelle.dz\/?s={search_term_string}"},"query-input":{"@type":"PropertyValueSpecification","valueRequired":true,"valueName":"search_term_string"}}],"inLanguage":"fr-FR"},{"@type":"Organization","@id":"https:\/\/lasentinelle.dz\/#organization","name":"Quotidien La Sentinelle","url":"https:\/\/lasentinelle.dz\/","logo":{"@type":"ImageObject","inLanguage":"fr-FR","@id":"https:\/\/lasentinelle.dz\/#\/schema\/logo\/image\/","url":"https:\/\/lasentinelle.dz\/wp-content\/uploads\/2021\/09\/logo-sentinelleSLOGAN-1.png","contentUrl":"https:\/\/lasentinelle.dz\/wp-content\/uploads\/2021\/09\/logo-sentinelleSLOGAN-1.png","width":615,"height":142,"caption":"Quotidien La Sentinelle"},"image":{"@id":"https:\/\/lasentinelle.dz\/#\/schema\/logo\/image\/"},"sameAs":["https:\/\/www.facebook.com\/La-Sentinelle-104059864394773"]},{"@type":"Person","@id":"https:\/\/lasentinelle.dz\/#\/schema\/person\/d865044e22e70a75174ce8bcad3acfb3","name":"La Sentinelle","image":{"@type":"ImageObject","inLanguage":"fr-FR","@id":"https:\/\/secure.gravatar.com\/avatar\/57de8e5d4b15d43fb361a71fbb36338450fe67865b528a43dd10ef7c51a20392?s=96&d=mm&r=g","url":"https:\/\/secure.gravatar.com\/avatar\/57de8e5d4b15d43fb361a71fbb36338450fe67865b528a43dd10ef7c51a20392?s=96&d=mm&r=g","contentUrl":"https:\/\/secure.gravatar.com\/avatar\/57de8e5d4b15d43fb361a71fbb36338450fe67865b528a43dd10ef7c51a20392?s=96&d=mm&r=g","caption":"La Sentinelle"},"sameAs":["http:\/\/www.lasentinelle.dz"],"url":"https:\/\/lasentinelle.dz\/author\/redaction\/"}]}},"_links":{"self":[{"href":"https:\/\/lasentinelle.dz\/index.php\/wp-json\/wp\/v2\/posts\/33416","targetHints":{"allow":["GET"]}}],"collection":[{"href":"https:\/\/lasentinelle.dz\/index.php\/wp-json\/wp\/v2\/posts"}],"about":[{"href":"https:\/\/lasentinelle.dz\/index.php\/wp-json\/wp\/v2\/types\/post"}],"author":[{"embeddable":true,"href":"https:\/\/lasentinelle.dz\/index.php\/wp-json\/wp\/v2\/users\/3"}],"replies":[{"embeddable":true,"href":"https:\/\/lasentinelle.dz\/index.php\/wp-json\/wp\/v2\/comments?post=33416"}],"version-history":[{"count":2,"href":"https:\/\/lasentinelle.dz\/index.php\/wp-json\/wp\/v2\/posts\/33416\/revisions"}],"predecessor-version":[{"id":33437,"href":"https:\/\/lasentinelle.dz\/index.php\/wp-json\/wp\/v2\/posts\/33416\/revisions\/33437"}],"wp:featuredmedia":[{"embeddable":true,"href":"https:\/\/lasentinelle.dz\/index.php\/wp-json\/wp\/v2\/media\/2375"}],"wp:attachment":[{"href":"https:\/\/lasentinelle.dz\/index.php\/wp-json\/wp\/v2\/media?parent=33416"}],"wp:term":[{"taxonomy":"category","embeddable":true,"href":"https:\/\/lasentinelle.dz\/index.php\/wp-json\/wp\/v2\/categories?post=33416"},{"taxonomy":"post_tag","embeddable":true,"href":"https:\/\/lasentinelle.dz\/index.php\/wp-json\/wp\/v2\/tags?post=33416"}],"curies":[{"name":"wp","href":"https:\/\/api.w.org\/{rel}","templated":true}]}}