{"id":3359,"date":"2021-08-04T00:01:00","date_gmt":"2021-08-03T23:01:00","guid":{"rendered":"https:\/\/lasentinelle.dz\/?p=3359"},"modified":"2021-08-03T17:43:21","modified_gmt":"2021-08-03T16:43:21","slug":"mali-lorgane-legislatif-de-transition-approuve-le-plan-daction-du-premier-ministre","status":"publish","type":"post","link":"https:\/\/lasentinelle.dz\/index.php\/2021\/08\/04\/mali-lorgane-legislatif-de-transition-approuve-le-plan-daction-du-premier-ministre\/","title":{"rendered":"Mali : L&rsquo;organe l\u00e9gislatif de transition approuve le Plan d&rsquo;action du Premier ministre"},"content":{"rendered":"\n<p>Les membres du Conseil national de transition du Mali (CNT), organe l\u00e9gislatif malien pendant la p\u00e9riode de transition politique, ont approuv\u00e9 lundi le Plan d&rsquo;actions propos\u00e9 par le Premier ministre Choguel Kokalla Ma\u00efga. Lors du vote organis\u00e9 lundi apr\u00e8s une journ\u00e9e de d\u00e9bats, les membres du CNT ont adopt\u00e9 le document par : 102 pour (oui), 2 contre et 9 abstentions, selon des m\u00e9dias locaux.<\/p>\n\n\n\n<p>Les d\u00e9bats ont essentiellement port\u00e9 sur le d\u00e9lai de la transition par rapport \u00e0 la mise en \u0153uvre des axes du plan d&rsquo;actions. \u00ab\u00a0Le chronogramme des \u00e9lections g\u00e9n\u00e9rales a \u00e9t\u00e9 d\u00e9j\u00e0 publi\u00e9 en avril. Ce chronogramme sera maintenu\u00a0\u00bb, a assur\u00e9 M. Ma\u00efga. Le 15 avril dernier, l&rsquo;ex premier gouvernement de transition dirig\u00e9 par Moctar Ouane a en effet publi\u00e9 le calendrier \u00e9lectoral fixant la pr\u00e9sidentielle coupl\u00e9e aux l\u00e9gislatives au 27 f\u00e9vrier 2022. Les seconds tours sont pr\u00e9vus respectivement les 13 et 20 mars 2022.Selon M. Ma\u00efga, la cr\u00e9ation d&rsquo;un organe unique de gestion des \u00e9lections s&rsquo;impose d&rsquo;elle-m\u00eame. \u00ab\u00a0La r\u00e9forme du syst\u00e8me institutionnel d&rsquo;organisation des \u00e9lections s&rsquo;impose comme une \u00e9vidence. \u00ab\u00a0L&rsquo;organe unique est une demande de la classe politique. Il a pour objectif de minimiser les contestations \u00e9lectorales et de r\u00e9duire le co\u00fbt des \u00e9lections\u00a0\u00bb, a-t-il soulign\u00e9. \u00ab\u00a0La transition devra poser les bases d&rsquo;un Mali nouveau car c&rsquo;est surtout sur cette base qu&rsquo;elle sera jug\u00e9e\u00a0\u00bb, a rappel\u00e9 M. Ma\u00efga, exhortant toutes les forces vives du pays \u00e0 soutenir les autorit\u00e9s de transition.M. Ma\u00efga a pr\u00e9sent\u00e9 vendredi dernier au CNT le Plan d&rsquo;action de son gouvernement avec quatre axes: le renforcement de la s\u00e9curit\u00e9 sur l&rsquo;ensemble du territoire national, les r\u00e9formes politiques et institutionnelles, l&rsquo;organisation des \u00e9lections g\u00e9n\u00e9rales, la promotion de la bonne gouvernance et l&rsquo;adoption d&rsquo;un pacte de stabilit\u00e9. &nbsp;Choguel Kokalla Ma\u00efga, a assur\u00e9 lundi que les \u00e9lections cens\u00e9es ramener les civils au pouvoir auront lieu comme pr\u00e9vu en f\u00e9vrier-mars 2022.\u00a0\u00bbLe chronogramme (calendrier) des \u00e9lections g\u00e9n\u00e9rales a d\u00e9j\u00e0 \u00e9t\u00e9 publi\u00e9 en avril. Ce chronogramme sera maintenu\u00a0\u00bb, a-t-il dit dans des propos tenus devant le Conseil national de transition (CNT) et publi\u00e9s par ses services sur les r\u00e9seaux sociaux.Les autorit\u00e9s se sont engag\u00e9es \u00e0&nbsp; tenir les \u00e9ch\u00e9ances dans les sept mois qui leur restent malgr\u00e9 les obstacles \u00e0 surmonter qui sont consid\u00e9rables dans ce pays en pleine tourmente depuis des ann\u00e9es. La propagation terroriste et les violences de toutes sortes vont de pair avec de graves crises politique et sociale.Les colonels qui ont op\u00e9r\u00e9 le changement en ao\u00fbt 2020 se sont engag\u00e9s \u00e0 rendre le pouvoir aux civils dans un d\u00e9lai de 18 mois.Le premier gouvernement de transition qu&rsquo;ils ont install\u00e9 avait fix\u00e9 en avril au 27 f\u00e9vrier 2022 les premiers tours d&rsquo;une pr\u00e9sidentielle et de l\u00e9gislatives, et aux 13 et 20 mars respectivement d&rsquo;\u00e9ventuels seconds tours.Le colonel Assimi Go\u00efta a fait \u00e9carter le 24 mai le pr\u00e9sident et le Premier ministre de transition avant de se faire d\u00e9clarer pr\u00e9sident et de nommer un nouveau chef de gouvernement en la personne de M. Ma\u00efga.Celui-ci r\u00e9pondait lundi aux questions des membres du Conseil national de transition, mis en place par les militaires et faisant office d&rsquo;organe l\u00e9gislatif, apr\u00e8s leur avoir pr\u00e9sent\u00e9 vendredi le plan d&rsquo;action de son gouvernement.<\/p>\n\n\n\n<p>R.I. avec APS<\/p>\n","protected":false},"excerpt":{"rendered":"<p>Les membres du Conseil national de transition du Mali (CNT), organe l\u00e9gislatif malien pendant la p\u00e9riode de transition politique, ont<\/p>\n","protected":false},"author":3,"featured_media":3381,"comment_status":"open","ping_status":"closed","sticky":false,"template":"","format":"standard","meta":{"colormag_page_container_layout":"default_layout","colormag_page_sidebar_layout":"default_layout","om_disable_all_campaigns":false,"_monsterinsights_skip_tracking":false,"_monsterinsights_sitenote_active":false,"_monsterinsights_sitenote_note":"","_monsterinsights_sitenote_category":0,"footnotes":"","_wpscppro_dont_share_socialmedia":false,"_wpscppro_custom_social_share_image":0,"_facebook_share_type":"","_twitter_share_type":"","_linkedin_share_type":"","_pinterest_share_type":"","_linkedin_share_type_page":"","_instagram_share_type":"","_medium_share_type":"","_threads_share_type":"","_google_business_share_type":"","_selected_social_profile":[],"_wpsp_enable_custom_social_template":false,"_wpsp_social_scheduling":{"enabled":false,"datetime":null,"platforms":[],"status":"template_only","dateOption":"today","timeOption":"now","customDays":"","customHours":"","customDate":"","customTime":"","schedulingType":"absolute"},"_wpsp_active_default_template":true},"categories":[37],"tags":[],"class_list":["post-3359","post","type-post","status-publish","format-standard","has-post-thumbnail","hentry","category-monde"],"aioseo_notices":[],"yoast_head":"<!-- This site is optimized with the Yoast SEO plugin v27.5 - https:\/\/yoast.com\/product\/yoast-seo-wordpress\/ -->\n<title>Mali : L&#039;organe l\u00e9gislatif de transition approuve le Plan d&#039;action du Premier ministre - La Sentinelle<\/title>\n<meta name=\"robots\" content=\"index, follow, max-snippet:-1, max-image-preview:large, max-video-preview:-1\" \/>\n<link rel=\"canonical\" href=\"https:\/\/lasentinelle.dz\/index.php\/2021\/08\/04\/mali-lorgane-legislatif-de-transition-approuve-le-plan-daction-du-premier-ministre\/\" \/>\n<meta property=\"og:locale\" content=\"fr_FR\" \/>\n<meta property=\"og:type\" content=\"article\" \/>\n<meta property=\"og:title\" content=\"Mali : L&#039;organe l\u00e9gislatif de transition approuve le Plan d&#039;action du Premier ministre - La Sentinelle\" \/>\n<meta property=\"og:description\" content=\"Les membres du Conseil national de transition du Mali (CNT), organe l\u00e9gislatif malien pendant la p\u00e9riode de transition politique, ont\" \/>\n<meta property=\"og:url\" content=\"https:\/\/lasentinelle.dz\/index.php\/2021\/08\/04\/mali-lorgane-legislatif-de-transition-approuve-le-plan-daction-du-premier-ministre\/\" \/>\n<meta property=\"og:site_name\" content=\"La Sentinelle\" \/>\n<meta property=\"article:publisher\" content=\"https:\/\/www.facebook.com\/La-Sentinelle-104059864394773\" \/>\n<meta property=\"article:published_time\" content=\"2021-08-03T23:01:00+00:00\" \/>\n<meta property=\"og:image\" content=\"https:\/\/lasentinelle.dz\/wp-content\/uploads\/2021\/08\/mali.png\" \/>\n\t<meta property=\"og:image:width\" content=\"1491\" \/>\n\t<meta property=\"og:image:height\" content=\"900\" \/>\n\t<meta property=\"og:image:type\" content=\"image\/png\" \/>\n<meta name=\"author\" content=\"La Sentinelle\" \/>\n<meta name=\"twitter:card\" content=\"summary_large_image\" \/>\n<meta name=\"twitter:label1\" content=\"\u00c9crit par\" \/>\n\t<meta name=\"twitter:data1\" content=\"La Sentinelle\" \/>\n\t<meta name=\"twitter:label2\" content=\"Dur\u00e9e de lecture estim\u00e9e\" \/>\n\t<meta name=\"twitter:data2\" content=\"3 minutes\" \/>\n<script type=\"application\/ld+json\" class=\"yoast-schema-graph\">{\"@context\":\"https:\\\/\\\/schema.org\",\"@graph\":[{\"@type\":\"Article\",\"@id\":\"https:\\\/\\\/lasentinelle.dz\\\/index.php\\\/2021\\\/08\\\/04\\\/mali-lorgane-legislatif-de-transition-approuve-le-plan-daction-du-premier-ministre\\\/#article\",\"isPartOf\":{\"@id\":\"https:\\\/\\\/lasentinelle.dz\\\/index.php\\\/2021\\\/08\\\/04\\\/mali-lorgane-legislatif-de-transition-approuve-le-plan-daction-du-premier-ministre\\\/\"},\"author\":{\"name\":\"La Sentinelle\",\"@id\":\"https:\\\/\\\/lasentinelle.dz\\\/#\\\/schema\\\/person\\\/d865044e22e70a75174ce8bcad3acfb3\"},\"headline\":\"Mali : L&rsquo;organe l\u00e9gislatif de transition approuve le Plan d&rsquo;action du Premier ministre\",\"datePublished\":\"2021-08-03T23:01:00+00:00\",\"mainEntityOfPage\":{\"@id\":\"https:\\\/\\\/lasentinelle.dz\\\/index.php\\\/2021\\\/08\\\/04\\\/mali-lorgane-legislatif-de-transition-approuve-le-plan-daction-du-premier-ministre\\\/\"},\"wordCount\":612,\"commentCount\":0,\"publisher\":{\"@id\":\"https:\\\/\\\/lasentinelle.dz\\\/#organization\"},\"image\":{\"@id\":\"https:\\\/\\\/lasentinelle.dz\\\/index.php\\\/2021\\\/08\\\/04\\\/mali-lorgane-legislatif-de-transition-approuve-le-plan-daction-du-premier-ministre\\\/#primaryimage\"},\"thumbnailUrl\":\"https:\\\/\\\/lasentinelle.dz\\\/wp-content\\\/uploads\\\/2021\\\/08\\\/mali.png\",\"articleSection\":[\"Monde\"],\"inLanguage\":\"fr-FR\",\"potentialAction\":[{\"@type\":\"CommentAction\",\"name\":\"Comment\",\"target\":[\"https:\\\/\\\/lasentinelle.dz\\\/index.php\\\/2021\\\/08\\\/04\\\/mali-lorgane-legislatif-de-transition-approuve-le-plan-daction-du-premier-ministre\\\/#respond\"]}]},{\"@type\":\"WebPage\",\"@id\":\"https:\\\/\\\/lasentinelle.dz\\\/index.php\\\/2021\\\/08\\\/04\\\/mali-lorgane-legislatif-de-transition-approuve-le-plan-daction-du-premier-ministre\\\/\",\"url\":\"https:\\\/\\\/lasentinelle.dz\\\/index.php\\\/2021\\\/08\\\/04\\\/mali-lorgane-legislatif-de-transition-approuve-le-plan-daction-du-premier-ministre\\\/\",\"name\":\"Mali : L'organe l\u00e9gislatif de transition approuve le Plan d'action du Premier ministre - La Sentinelle\",\"isPartOf\":{\"@id\":\"https:\\\/\\\/lasentinelle.dz\\\/#website\"},\"primaryImageOfPage\":{\"@id\":\"https:\\\/\\\/lasentinelle.dz\\\/index.php\\\/2021\\\/08\\\/04\\\/mali-lorgane-legislatif-de-transition-approuve-le-plan-daction-du-premier-ministre\\\/#primaryimage\"},\"image\":{\"@id\":\"https:\\\/\\\/lasentinelle.dz\\\/index.php\\\/2021\\\/08\\\/04\\\/mali-lorgane-legislatif-de-transition-approuve-le-plan-daction-du-premier-ministre\\\/#primaryimage\"},\"thumbnailUrl\":\"https:\\\/\\\/lasentinelle.dz\\\/wp-content\\\/uploads\\\/2021\\\/08\\\/mali.png\",\"datePublished\":\"2021-08-03T23:01:00+00:00\",\"breadcrumb\":{\"@id\":\"https:\\\/\\\/lasentinelle.dz\\\/index.php\\\/2021\\\/08\\\/04\\\/mali-lorgane-legislatif-de-transition-approuve-le-plan-daction-du-premier-ministre\\\/#breadcrumb\"},\"inLanguage\":\"fr-FR\",\"potentialAction\":[{\"@type\":\"ReadAction\",\"target\":[\"https:\\\/\\\/lasentinelle.dz\\\/index.php\\\/2021\\\/08\\\/04\\\/mali-lorgane-legislatif-de-transition-approuve-le-plan-daction-du-premier-ministre\\\/\"]}]},{\"@type\":\"ImageObject\",\"inLanguage\":\"fr-FR\",\"@id\":\"https:\\\/\\\/lasentinelle.dz\\\/index.php\\\/2021\\\/08\\\/04\\\/mali-lorgane-legislatif-de-transition-approuve-le-plan-daction-du-premier-ministre\\\/#primaryimage\",\"url\":\"https:\\\/\\\/lasentinelle.dz\\\/wp-content\\\/uploads\\\/2021\\\/08\\\/mali.png\",\"contentUrl\":\"https:\\\/\\\/lasentinelle.dz\\\/wp-content\\\/uploads\\\/2021\\\/08\\\/mali.png\",\"width\":1491,\"height\":900},{\"@type\":\"BreadcrumbList\",\"@id\":\"https:\\\/\\\/lasentinelle.dz\\\/index.php\\\/2021\\\/08\\\/04\\\/mali-lorgane-legislatif-de-transition-approuve-le-plan-daction-du-premier-ministre\\\/#breadcrumb\",\"itemListElement\":[{\"@type\":\"ListItem\",\"position\":1,\"name\":\"Accueil\",\"item\":\"https:\\\/\\\/lasentinelle.dz\\\/\"},{\"@type\":\"ListItem\",\"position\":2,\"name\":\"Mali : L&rsquo;organe l\u00e9gislatif de transition approuve le Plan d&rsquo;action du Premier ministre\"}]},{\"@type\":\"WebSite\",\"@id\":\"https:\\\/\\\/lasentinelle.dz\\\/#website\",\"url\":\"https:\\\/\\\/lasentinelle.dz\\\/\",\"name\":\"La Sentinelle\",\"description\":\"Quotidien national d&#039;information\",\"publisher\":{\"@id\":\"https:\\\/\\\/lasentinelle.dz\\\/#organization\"},\"potentialAction\":[{\"@type\":\"SearchAction\",\"target\":{\"@type\":\"EntryPoint\",\"urlTemplate\":\"https:\\\/\\\/lasentinelle.dz\\\/?s={search_term_string}\"},\"query-input\":{\"@type\":\"PropertyValueSpecification\",\"valueRequired\":true,\"valueName\":\"search_term_string\"}}],\"inLanguage\":\"fr-FR\"},{\"@type\":\"Organization\",\"@id\":\"https:\\\/\\\/lasentinelle.dz\\\/#organization\",\"name\":\"Quotidien La Sentinelle\",\"url\":\"https:\\\/\\\/lasentinelle.dz\\\/\",\"logo\":{\"@type\":\"ImageObject\",\"inLanguage\":\"fr-FR\",\"@id\":\"https:\\\/\\\/lasentinelle.dz\\\/#\\\/schema\\\/logo\\\/image\\\/\",\"url\":\"https:\\\/\\\/lasentinelle.dz\\\/wp-content\\\/uploads\\\/2021\\\/09\\\/logo-sentinelleSLOGAN-1.png\",\"contentUrl\":\"https:\\\/\\\/lasentinelle.dz\\\/wp-content\\\/uploads\\\/2021\\\/09\\\/logo-sentinelleSLOGAN-1.png\",\"width\":615,\"height\":142,\"caption\":\"Quotidien La Sentinelle\"},\"image\":{\"@id\":\"https:\\\/\\\/lasentinelle.dz\\\/#\\\/schema\\\/logo\\\/image\\\/\"},\"sameAs\":[\"https:\\\/\\\/www.facebook.com\\\/La-Sentinelle-104059864394773\"]},{\"@type\":\"Person\",\"@id\":\"https:\\\/\\\/lasentinelle.dz\\\/#\\\/schema\\\/person\\\/d865044e22e70a75174ce8bcad3acfb3\",\"name\":\"La Sentinelle\",\"image\":{\"@type\":\"ImageObject\",\"inLanguage\":\"fr-FR\",\"@id\":\"https:\\\/\\\/secure.gravatar.com\\\/avatar\\\/57de8e5d4b15d43fb361a71fbb36338450fe67865b528a43dd10ef7c51a20392?s=96&d=mm&r=g\",\"url\":\"https:\\\/\\\/secure.gravatar.com\\\/avatar\\\/57de8e5d4b15d43fb361a71fbb36338450fe67865b528a43dd10ef7c51a20392?s=96&d=mm&r=g\",\"contentUrl\":\"https:\\\/\\\/secure.gravatar.com\\\/avatar\\\/57de8e5d4b15d43fb361a71fbb36338450fe67865b528a43dd10ef7c51a20392?s=96&d=mm&r=g\",\"caption\":\"La Sentinelle\"},\"sameAs\":[\"http:\\\/\\\/www.lasentinelle.dz\"],\"url\":\"https:\\\/\\\/lasentinelle.dz\\\/author\\\/redaction\\\/\"}]}<\/script>\n<!-- \/ Yoast SEO plugin. -->","yoast_head_json":{"title":"Mali : L'organe l\u00e9gislatif de transition approuve le Plan d'action du Premier ministre - La Sentinelle","robots":{"index":"index","follow":"follow","max-snippet":"max-snippet:-1","max-image-preview":"max-image-preview:large","max-video-preview":"max-video-preview:-1"},"canonical":"https:\/\/lasentinelle.dz\/index.php\/2021\/08\/04\/mali-lorgane-legislatif-de-transition-approuve-le-plan-daction-du-premier-ministre\/","og_locale":"fr_FR","og_type":"article","og_title":"Mali : L'organe l\u00e9gislatif de transition approuve le Plan d'action du Premier ministre - La Sentinelle","og_description":"Les membres du Conseil national de transition du Mali (CNT), organe l\u00e9gislatif malien pendant la p\u00e9riode de transition politique, ont","og_url":"https:\/\/lasentinelle.dz\/index.php\/2021\/08\/04\/mali-lorgane-legislatif-de-transition-approuve-le-plan-daction-du-premier-ministre\/","og_site_name":"La Sentinelle","article_publisher":"https:\/\/www.facebook.com\/La-Sentinelle-104059864394773","article_published_time":"2021-08-03T23:01:00+00:00","og_image":[{"width":1491,"height":900,"url":"https:\/\/lasentinelle.dz\/wp-content\/uploads\/2021\/08\/mali.png","type":"image\/png"}],"author":"La Sentinelle","twitter_card":"summary_large_image","twitter_misc":{"\u00c9crit par":"La Sentinelle","Dur\u00e9e de lecture estim\u00e9e":"3 minutes"},"schema":{"@context":"https:\/\/schema.org","@graph":[{"@type":"Article","@id":"https:\/\/lasentinelle.dz\/index.php\/2021\/08\/04\/mali-lorgane-legislatif-de-transition-approuve-le-plan-daction-du-premier-ministre\/#article","isPartOf":{"@id":"https:\/\/lasentinelle.dz\/index.php\/2021\/08\/04\/mali-lorgane-legislatif-de-transition-approuve-le-plan-daction-du-premier-ministre\/"},"author":{"name":"La Sentinelle","@id":"https:\/\/lasentinelle.dz\/#\/schema\/person\/d865044e22e70a75174ce8bcad3acfb3"},"headline":"Mali : L&rsquo;organe l\u00e9gislatif de transition approuve le Plan d&rsquo;action du Premier ministre","datePublished":"2021-08-03T23:01:00+00:00","mainEntityOfPage":{"@id":"https:\/\/lasentinelle.dz\/index.php\/2021\/08\/04\/mali-lorgane-legislatif-de-transition-approuve-le-plan-daction-du-premier-ministre\/"},"wordCount":612,"commentCount":0,"publisher":{"@id":"https:\/\/lasentinelle.dz\/#organization"},"image":{"@id":"https:\/\/lasentinelle.dz\/index.php\/2021\/08\/04\/mali-lorgane-legislatif-de-transition-approuve-le-plan-daction-du-premier-ministre\/#primaryimage"},"thumbnailUrl":"https:\/\/lasentinelle.dz\/wp-content\/uploads\/2021\/08\/mali.png","articleSection":["Monde"],"inLanguage":"fr-FR","potentialAction":[{"@type":"CommentAction","name":"Comment","target":["https:\/\/lasentinelle.dz\/index.php\/2021\/08\/04\/mali-lorgane-legislatif-de-transition-approuve-le-plan-daction-du-premier-ministre\/#respond"]}]},{"@type":"WebPage","@id":"https:\/\/lasentinelle.dz\/index.php\/2021\/08\/04\/mali-lorgane-legislatif-de-transition-approuve-le-plan-daction-du-premier-ministre\/","url":"https:\/\/lasentinelle.dz\/index.php\/2021\/08\/04\/mali-lorgane-legislatif-de-transition-approuve-le-plan-daction-du-premier-ministre\/","name":"Mali : L'organe l\u00e9gislatif de transition approuve le Plan d'action du Premier ministre - La Sentinelle","isPartOf":{"@id":"https:\/\/lasentinelle.dz\/#website"},"primaryImageOfPage":{"@id":"https:\/\/lasentinelle.dz\/index.php\/2021\/08\/04\/mali-lorgane-legislatif-de-transition-approuve-le-plan-daction-du-premier-ministre\/#primaryimage"},"image":{"@id":"https:\/\/lasentinelle.dz\/index.php\/2021\/08\/04\/mali-lorgane-legislatif-de-transition-approuve-le-plan-daction-du-premier-ministre\/#primaryimage"},"thumbnailUrl":"https:\/\/lasentinelle.dz\/wp-content\/uploads\/2021\/08\/mali.png","datePublished":"2021-08-03T23:01:00+00:00","breadcrumb":{"@id":"https:\/\/lasentinelle.dz\/index.php\/2021\/08\/04\/mali-lorgane-legislatif-de-transition-approuve-le-plan-daction-du-premier-ministre\/#breadcrumb"},"inLanguage":"fr-FR","potentialAction":[{"@type":"ReadAction","target":["https:\/\/lasentinelle.dz\/index.php\/2021\/08\/04\/mali-lorgane-legislatif-de-transition-approuve-le-plan-daction-du-premier-ministre\/"]}]},{"@type":"ImageObject","inLanguage":"fr-FR","@id":"https:\/\/lasentinelle.dz\/index.php\/2021\/08\/04\/mali-lorgane-legislatif-de-transition-approuve-le-plan-daction-du-premier-ministre\/#primaryimage","url":"https:\/\/lasentinelle.dz\/wp-content\/uploads\/2021\/08\/mali.png","contentUrl":"https:\/\/lasentinelle.dz\/wp-content\/uploads\/2021\/08\/mali.png","width":1491,"height":900},{"@type":"BreadcrumbList","@id":"https:\/\/lasentinelle.dz\/index.php\/2021\/08\/04\/mali-lorgane-legislatif-de-transition-approuve-le-plan-daction-du-premier-ministre\/#breadcrumb","itemListElement":[{"@type":"ListItem","position":1,"name":"Accueil","item":"https:\/\/lasentinelle.dz\/"},{"@type":"ListItem","position":2,"name":"Mali : L&rsquo;organe l\u00e9gislatif de transition approuve le Plan d&rsquo;action du Premier ministre"}]},{"@type":"WebSite","@id":"https:\/\/lasentinelle.dz\/#website","url":"https:\/\/lasentinelle.dz\/","name":"La Sentinelle","description":"Quotidien national d&#039;information","publisher":{"@id":"https:\/\/lasentinelle.dz\/#organization"},"potentialAction":[{"@type":"SearchAction","target":{"@type":"EntryPoint","urlTemplate":"https:\/\/lasentinelle.dz\/?s={search_term_string}"},"query-input":{"@type":"PropertyValueSpecification","valueRequired":true,"valueName":"search_term_string"}}],"inLanguage":"fr-FR"},{"@type":"Organization","@id":"https:\/\/lasentinelle.dz\/#organization","name":"Quotidien La Sentinelle","url":"https:\/\/lasentinelle.dz\/","logo":{"@type":"ImageObject","inLanguage":"fr-FR","@id":"https:\/\/lasentinelle.dz\/#\/schema\/logo\/image\/","url":"https:\/\/lasentinelle.dz\/wp-content\/uploads\/2021\/09\/logo-sentinelleSLOGAN-1.png","contentUrl":"https:\/\/lasentinelle.dz\/wp-content\/uploads\/2021\/09\/logo-sentinelleSLOGAN-1.png","width":615,"height":142,"caption":"Quotidien La Sentinelle"},"image":{"@id":"https:\/\/lasentinelle.dz\/#\/schema\/logo\/image\/"},"sameAs":["https:\/\/www.facebook.com\/La-Sentinelle-104059864394773"]},{"@type":"Person","@id":"https:\/\/lasentinelle.dz\/#\/schema\/person\/d865044e22e70a75174ce8bcad3acfb3","name":"La Sentinelle","image":{"@type":"ImageObject","inLanguage":"fr-FR","@id":"https:\/\/secure.gravatar.com\/avatar\/57de8e5d4b15d43fb361a71fbb36338450fe67865b528a43dd10ef7c51a20392?s=96&d=mm&r=g","url":"https:\/\/secure.gravatar.com\/avatar\/57de8e5d4b15d43fb361a71fbb36338450fe67865b528a43dd10ef7c51a20392?s=96&d=mm&r=g","contentUrl":"https:\/\/secure.gravatar.com\/avatar\/57de8e5d4b15d43fb361a71fbb36338450fe67865b528a43dd10ef7c51a20392?s=96&d=mm&r=g","caption":"La Sentinelle"},"sameAs":["http:\/\/www.lasentinelle.dz"],"url":"https:\/\/lasentinelle.dz\/author\/redaction\/"}]}},"_links":{"self":[{"href":"https:\/\/lasentinelle.dz\/index.php\/wp-json\/wp\/v2\/posts\/3359","targetHints":{"allow":["GET"]}}],"collection":[{"href":"https:\/\/lasentinelle.dz\/index.php\/wp-json\/wp\/v2\/posts"}],"about":[{"href":"https:\/\/lasentinelle.dz\/index.php\/wp-json\/wp\/v2\/types\/post"}],"author":[{"embeddable":true,"href":"https:\/\/lasentinelle.dz\/index.php\/wp-json\/wp\/v2\/users\/3"}],"replies":[{"embeddable":true,"href":"https:\/\/lasentinelle.dz\/index.php\/wp-json\/wp\/v2\/comments?post=3359"}],"version-history":[{"count":1,"href":"https:\/\/lasentinelle.dz\/index.php\/wp-json\/wp\/v2\/posts\/3359\/revisions"}],"predecessor-version":[{"id":3371,"href":"https:\/\/lasentinelle.dz\/index.php\/wp-json\/wp\/v2\/posts\/3359\/revisions\/3371"}],"wp:featuredmedia":[{"embeddable":true,"href":"https:\/\/lasentinelle.dz\/index.php\/wp-json\/wp\/v2\/media\/3381"}],"wp:attachment":[{"href":"https:\/\/lasentinelle.dz\/index.php\/wp-json\/wp\/v2\/media?parent=3359"}],"wp:term":[{"taxonomy":"category","embeddable":true,"href":"https:\/\/lasentinelle.dz\/index.php\/wp-json\/wp\/v2\/categories?post=3359"},{"taxonomy":"post_tag","embeddable":true,"href":"https:\/\/lasentinelle.dz\/index.php\/wp-json\/wp\/v2\/tags?post=3359"}],"curies":[{"name":"wp","href":"https:\/\/api.w.org\/{rel}","templated":true}]}}