{"id":33599,"date":"2023-01-02T22:05:00","date_gmt":"2023-01-02T21:05:00","guid":{"rendered":"https:\/\/lasentinelle.dz\/?p=33599"},"modified":"2023-01-02T20:46:30","modified_gmt":"2023-01-02T19:46:30","slug":"application-electronique-de-collecte-des-dechets-recyclable-letudiant-developpeur-prime","status":"publish","type":"post","link":"https:\/\/lasentinelle.dz\/index.php\/2023\/01\/02\/application-electronique-de-collecte-des-dechets-recyclable-letudiant-developpeur-prime\/","title":{"rendered":"Application \u00e9lectronique de collecte des d\u00e9chets recyclables\u00a0: L\u2019\u00e9tudiant- d\u00e9veloppeur prim\u00e9"},"content":{"rendered":"\n<p>L\u2019\u00e9tudiant chercheur Achraf Benmoussa, informaticien de base, vient de d\u00e9crocher le prix du concours de l\u2019entrepreneuriat de la wilaya de Laghouat pour l&rsquo;invention d\u2019une application \u00e9lectronique de collecte des d\u00e9chets m\u00e9nagers recyclables, a-t-on appris lundi des organisateurs.Le concours, organis\u00e9 par la Direction de l\u2019enseignement et de la formation professionnels (DEFP), en coordination avec la direction de l\u2019industrie (DI), de l\u2019antenne de l\u2019agence nationale d\u2019appui et de d\u00e9veloppement de l\u2019entrepreneuriat (ANADE), a vu la pr\u00e9sentation d\u2019une cinquantaine d\u2019id\u00e9es innovatrices parmi lesquelles le choix a \u00e9t\u00e9 port\u00e9 sur ce projet innovant relatif \u00e0 la prise en charge de l\u2019environnement, a-t-on expliqu\u00e9.\u00a0\u00bbLe projet en question traduit ma volont\u00e9 et mon int\u00e9r\u00eat \u00e0 la protection de l\u2019environnement en joignant ainsi l\u2019utile \u00e0 l\u2019agr\u00e9able, \u00e0 savoir informatique et traitement des d\u00e9chets\u00a0\u00bb, a d\u00e9clar\u00e9 \u00e0 l\u2019APS Achraf Benmoussa.\u00a0\u00bbCette application num\u00e9rique, qui sera disponible gratuitement, vise la collecte des diff\u00e9rents d\u00e9chets m\u00e9nagers recyclables par simple instruction donn\u00e9e au moyen d\u2019un smartphone qui enverra la localisation des tas de d\u00e9chets, avant que le v\u00e9hicule de transport se d\u00e9place sur les lieux pour collecter ces d\u00e9tritus destin\u00e9s au recyclage au niveau de l\u2019entit\u00e9 sp\u00e9cialis\u00e9e\u00a0\u00bb, a-t-il expliqu\u00e9.L\u2019innovateur qui a \u00e9mis le souhait de voir son projet mis en forme a indiqu\u00e9 que sa participation au concours vise \u00e0 mettre au jour son id\u00e9e et de s\u2019informer des textes r\u00e9glementaires pour mettre sur terrain son projet.La pr\u00e9sidente du jury, Manel Bessaoud, a fait savoir que plus d\u2019une cinquantaine d\u2019id\u00e9es innovatrices, pr\u00e9sent\u00e9es par les jeunes des diff\u00e9rentes communes de la wilaya de Laghouat, ont \u00e9t\u00e9 examin\u00e9es, en plus de l\u2019organisation d\u2019une formation sur l\u2019entrepreneuriat et la vulgarisation des efforts d\u2019appui des Start-up.Mme Bessaoud a pr\u00e9cis\u00e9 que l&rsquo;innovation prim\u00e9e devra contribuer \u00e0 la lutte contre la prolif\u00e9ration des d\u00e9chets et ses effets sur l\u2019environnement, l\u2019embellissement des espaces urbains et la protection de la sant\u00e9 publique.<\/p>\n\n\n\n<p>APS<\/p>\n","protected":false},"excerpt":{"rendered":"<p>L\u2019\u00e9tudiant chercheur Achraf Benmoussa, informaticien de base, vient de d\u00e9crocher le prix du concours de l\u2019entrepreneuriat de la wilaya de<\/p>\n","protected":false},"author":3,"featured_media":33613,"comment_status":"open","ping_status":"closed","sticky":false,"template":"","format":"standard","meta":{"colormag_page_container_layout":"default_layout","colormag_page_sidebar_layout":"default_layout","om_disable_all_campaigns":false,"_monsterinsights_skip_tracking":false,"_monsterinsights_sitenote_active":false,"_monsterinsights_sitenote_note":"","_monsterinsights_sitenote_category":0,"footnotes":"","_wpscppro_dont_share_socialmedia":false,"_wpscppro_custom_social_share_image":0,"_facebook_share_type":"","_twitter_share_type":"","_linkedin_share_type":"","_pinterest_share_type":"","_linkedin_share_type_page":"","_instagram_share_type":"","_medium_share_type":"","_threads_share_type":"","_google_business_share_type":"","_selected_social_profile":[],"_wpsp_enable_custom_social_template":false,"_wpsp_social_scheduling":{"enabled":false,"datetime":null,"platforms":[],"status":"template_only","dateOption":"today","timeOption":"now","customDays":"","customHours":"","customDate":"","customTime":"","schedulingType":"absolute"},"_wpsp_active_default_template":true},"categories":[27],"tags":[],"class_list":["post-33599","post","type-post","status-publish","format-standard","has-post-thumbnail","hentry","category-actualite"],"aioseo_notices":[],"yoast_head":"<!-- This site is optimized with the Yoast SEO plugin v27.5 - https:\/\/yoast.com\/product\/yoast-seo-wordpress\/ -->\n<title>Application \u00e9lectronique de collecte des d\u00e9chets recyclables\u00a0: L\u2019\u00e9tudiant- d\u00e9veloppeur prim\u00e9 - La Sentinelle<\/title>\n<meta name=\"robots\" content=\"index, follow, max-snippet:-1, max-image-preview:large, max-video-preview:-1\" \/>\n<link rel=\"canonical\" href=\"https:\/\/lasentinelle.dz\/index.php\/2023\/01\/02\/application-electronique-de-collecte-des-dechets-recyclable-letudiant-developpeur-prime\/\" \/>\n<meta property=\"og:locale\" content=\"fr_FR\" \/>\n<meta property=\"og:type\" content=\"article\" \/>\n<meta property=\"og:title\" content=\"Application \u00e9lectronique de collecte des d\u00e9chets recyclables\u00a0: L\u2019\u00e9tudiant- d\u00e9veloppeur prim\u00e9 - La Sentinelle\" \/>\n<meta property=\"og:description\" content=\"L\u2019\u00e9tudiant chercheur Achraf Benmoussa, informaticien de base, vient de d\u00e9crocher le prix du concours de l\u2019entrepreneuriat de la wilaya de\" \/>\n<meta property=\"og:url\" content=\"https:\/\/lasentinelle.dz\/index.php\/2023\/01\/02\/application-electronique-de-collecte-des-dechets-recyclable-letudiant-developpeur-prime\/\" \/>\n<meta property=\"og:site_name\" content=\"La Sentinelle\" \/>\n<meta property=\"article:publisher\" content=\"https:\/\/www.facebook.com\/La-Sentinelle-104059864394773\" \/>\n<meta property=\"article:published_time\" content=\"2023-01-02T21:05:00+00:00\" \/>\n<meta property=\"og:image\" content=\"https:\/\/lasentinelle.dz\/wp-content\/uploads\/2023\/01\/Sans-titre-4-1.png\" \/>\n\t<meta property=\"og:image:width\" content=\"1441\" \/>\n\t<meta property=\"og:image:height\" content=\"900\" \/>\n\t<meta property=\"og:image:type\" content=\"image\/png\" \/>\n<meta name=\"author\" content=\"La Sentinelle\" \/>\n<meta name=\"twitter:card\" content=\"summary_large_image\" \/>\n<meta name=\"twitter:label1\" content=\"\u00c9crit par\" \/>\n\t<meta name=\"twitter:data1\" content=\"La Sentinelle\" \/>\n\t<meta name=\"twitter:label2\" content=\"Dur\u00e9e de lecture estim\u00e9e\" \/>\n\t<meta name=\"twitter:data2\" content=\"2 minutes\" \/>\n<script type=\"application\/ld+json\" class=\"yoast-schema-graph\">{\"@context\":\"https:\\\/\\\/schema.org\",\"@graph\":[{\"@type\":\"Article\",\"@id\":\"https:\\\/\\\/lasentinelle.dz\\\/index.php\\\/2023\\\/01\\\/02\\\/application-electronique-de-collecte-des-dechets-recyclable-letudiant-developpeur-prime\\\/#article\",\"isPartOf\":{\"@id\":\"https:\\\/\\\/lasentinelle.dz\\\/index.php\\\/2023\\\/01\\\/02\\\/application-electronique-de-collecte-des-dechets-recyclable-letudiant-developpeur-prime\\\/\"},\"author\":{\"name\":\"La Sentinelle\",\"@id\":\"https:\\\/\\\/lasentinelle.dz\\\/#\\\/schema\\\/person\\\/d865044e22e70a75174ce8bcad3acfb3\"},\"headline\":\"Application \u00e9lectronique de collecte des d\u00e9chets recyclables\u00a0: L\u2019\u00e9tudiant- d\u00e9veloppeur prim\u00e9\",\"datePublished\":\"2023-01-02T21:05:00+00:00\",\"mainEntityOfPage\":{\"@id\":\"https:\\\/\\\/lasentinelle.dz\\\/index.php\\\/2023\\\/01\\\/02\\\/application-electronique-de-collecte-des-dechets-recyclable-letudiant-developpeur-prime\\\/\"},\"wordCount\":380,\"commentCount\":0,\"publisher\":{\"@id\":\"https:\\\/\\\/lasentinelle.dz\\\/#organization\"},\"image\":{\"@id\":\"https:\\\/\\\/lasentinelle.dz\\\/index.php\\\/2023\\\/01\\\/02\\\/application-electronique-de-collecte-des-dechets-recyclable-letudiant-developpeur-prime\\\/#primaryimage\"},\"thumbnailUrl\":\"https:\\\/\\\/lasentinelle.dz\\\/wp-content\\\/uploads\\\/2023\\\/01\\\/Sans-titre-4-1.png\",\"articleSection\":[\"Actualit\u00e9\"],\"inLanguage\":\"fr-FR\",\"potentialAction\":[{\"@type\":\"CommentAction\",\"name\":\"Comment\",\"target\":[\"https:\\\/\\\/lasentinelle.dz\\\/index.php\\\/2023\\\/01\\\/02\\\/application-electronique-de-collecte-des-dechets-recyclable-letudiant-developpeur-prime\\\/#respond\"]}]},{\"@type\":\"WebPage\",\"@id\":\"https:\\\/\\\/lasentinelle.dz\\\/index.php\\\/2023\\\/01\\\/02\\\/application-electronique-de-collecte-des-dechets-recyclable-letudiant-developpeur-prime\\\/\",\"url\":\"https:\\\/\\\/lasentinelle.dz\\\/index.php\\\/2023\\\/01\\\/02\\\/application-electronique-de-collecte-des-dechets-recyclable-letudiant-developpeur-prime\\\/\",\"name\":\"Application \u00e9lectronique de collecte des d\u00e9chets recyclables\u00a0: L\u2019\u00e9tudiant- d\u00e9veloppeur prim\u00e9 - La Sentinelle\",\"isPartOf\":{\"@id\":\"https:\\\/\\\/lasentinelle.dz\\\/#website\"},\"primaryImageOfPage\":{\"@id\":\"https:\\\/\\\/lasentinelle.dz\\\/index.php\\\/2023\\\/01\\\/02\\\/application-electronique-de-collecte-des-dechets-recyclable-letudiant-developpeur-prime\\\/#primaryimage\"},\"image\":{\"@id\":\"https:\\\/\\\/lasentinelle.dz\\\/index.php\\\/2023\\\/01\\\/02\\\/application-electronique-de-collecte-des-dechets-recyclable-letudiant-developpeur-prime\\\/#primaryimage\"},\"thumbnailUrl\":\"https:\\\/\\\/lasentinelle.dz\\\/wp-content\\\/uploads\\\/2023\\\/01\\\/Sans-titre-4-1.png\",\"datePublished\":\"2023-01-02T21:05:00+00:00\",\"breadcrumb\":{\"@id\":\"https:\\\/\\\/lasentinelle.dz\\\/index.php\\\/2023\\\/01\\\/02\\\/application-electronique-de-collecte-des-dechets-recyclable-letudiant-developpeur-prime\\\/#breadcrumb\"},\"inLanguage\":\"fr-FR\",\"potentialAction\":[{\"@type\":\"ReadAction\",\"target\":[\"https:\\\/\\\/lasentinelle.dz\\\/index.php\\\/2023\\\/01\\\/02\\\/application-electronique-de-collecte-des-dechets-recyclable-letudiant-developpeur-prime\\\/\"]}]},{\"@type\":\"ImageObject\",\"inLanguage\":\"fr-FR\",\"@id\":\"https:\\\/\\\/lasentinelle.dz\\\/index.php\\\/2023\\\/01\\\/02\\\/application-electronique-de-collecte-des-dechets-recyclable-letudiant-developpeur-prime\\\/#primaryimage\",\"url\":\"https:\\\/\\\/lasentinelle.dz\\\/wp-content\\\/uploads\\\/2023\\\/01\\\/Sans-titre-4-1.png\",\"contentUrl\":\"https:\\\/\\\/lasentinelle.dz\\\/wp-content\\\/uploads\\\/2023\\\/01\\\/Sans-titre-4-1.png\",\"width\":1441,\"height\":900},{\"@type\":\"BreadcrumbList\",\"@id\":\"https:\\\/\\\/lasentinelle.dz\\\/index.php\\\/2023\\\/01\\\/02\\\/application-electronique-de-collecte-des-dechets-recyclable-letudiant-developpeur-prime\\\/#breadcrumb\",\"itemListElement\":[{\"@type\":\"ListItem\",\"position\":1,\"name\":\"Accueil\",\"item\":\"https:\\\/\\\/lasentinelle.dz\\\/\"},{\"@type\":\"ListItem\",\"position\":2,\"name\":\"Application \u00e9lectronique de collecte des d\u00e9chets recyclables\u00a0: L\u2019\u00e9tudiant- d\u00e9veloppeur prim\u00e9\"}]},{\"@type\":\"WebSite\",\"@id\":\"https:\\\/\\\/lasentinelle.dz\\\/#website\",\"url\":\"https:\\\/\\\/lasentinelle.dz\\\/\",\"name\":\"La Sentinelle\",\"description\":\"Quotidien national d&#039;information\",\"publisher\":{\"@id\":\"https:\\\/\\\/lasentinelle.dz\\\/#organization\"},\"potentialAction\":[{\"@type\":\"SearchAction\",\"target\":{\"@type\":\"EntryPoint\",\"urlTemplate\":\"https:\\\/\\\/lasentinelle.dz\\\/?s={search_term_string}\"},\"query-input\":{\"@type\":\"PropertyValueSpecification\",\"valueRequired\":true,\"valueName\":\"search_term_string\"}}],\"inLanguage\":\"fr-FR\"},{\"@type\":\"Organization\",\"@id\":\"https:\\\/\\\/lasentinelle.dz\\\/#organization\",\"name\":\"Quotidien La Sentinelle\",\"url\":\"https:\\\/\\\/lasentinelle.dz\\\/\",\"logo\":{\"@type\":\"ImageObject\",\"inLanguage\":\"fr-FR\",\"@id\":\"https:\\\/\\\/lasentinelle.dz\\\/#\\\/schema\\\/logo\\\/image\\\/\",\"url\":\"https:\\\/\\\/lasentinelle.dz\\\/wp-content\\\/uploads\\\/2021\\\/09\\\/logo-sentinelleSLOGAN-1.png\",\"contentUrl\":\"https:\\\/\\\/lasentinelle.dz\\\/wp-content\\\/uploads\\\/2021\\\/09\\\/logo-sentinelleSLOGAN-1.png\",\"width\":615,\"height\":142,\"caption\":\"Quotidien La Sentinelle\"},\"image\":{\"@id\":\"https:\\\/\\\/lasentinelle.dz\\\/#\\\/schema\\\/logo\\\/image\\\/\"},\"sameAs\":[\"https:\\\/\\\/www.facebook.com\\\/La-Sentinelle-104059864394773\"]},{\"@type\":\"Person\",\"@id\":\"https:\\\/\\\/lasentinelle.dz\\\/#\\\/schema\\\/person\\\/d865044e22e70a75174ce8bcad3acfb3\",\"name\":\"La Sentinelle\",\"image\":{\"@type\":\"ImageObject\",\"inLanguage\":\"fr-FR\",\"@id\":\"https:\\\/\\\/secure.gravatar.com\\\/avatar\\\/57de8e5d4b15d43fb361a71fbb36338450fe67865b528a43dd10ef7c51a20392?s=96&d=mm&r=g\",\"url\":\"https:\\\/\\\/secure.gravatar.com\\\/avatar\\\/57de8e5d4b15d43fb361a71fbb36338450fe67865b528a43dd10ef7c51a20392?s=96&d=mm&r=g\",\"contentUrl\":\"https:\\\/\\\/secure.gravatar.com\\\/avatar\\\/57de8e5d4b15d43fb361a71fbb36338450fe67865b528a43dd10ef7c51a20392?s=96&d=mm&r=g\",\"caption\":\"La Sentinelle\"},\"sameAs\":[\"http:\\\/\\\/www.lasentinelle.dz\"],\"url\":\"https:\\\/\\\/lasentinelle.dz\\\/author\\\/redaction\\\/\"}]}<\/script>\n<!-- \/ Yoast SEO plugin. -->","yoast_head_json":{"title":"Application \u00e9lectronique de collecte des d\u00e9chets recyclables\u00a0: L\u2019\u00e9tudiant- d\u00e9veloppeur prim\u00e9 - La Sentinelle","robots":{"index":"index","follow":"follow","max-snippet":"max-snippet:-1","max-image-preview":"max-image-preview:large","max-video-preview":"max-video-preview:-1"},"canonical":"https:\/\/lasentinelle.dz\/index.php\/2023\/01\/02\/application-electronique-de-collecte-des-dechets-recyclable-letudiant-developpeur-prime\/","og_locale":"fr_FR","og_type":"article","og_title":"Application \u00e9lectronique de collecte des d\u00e9chets recyclables\u00a0: L\u2019\u00e9tudiant- d\u00e9veloppeur prim\u00e9 - La Sentinelle","og_description":"L\u2019\u00e9tudiant chercheur Achraf Benmoussa, informaticien de base, vient de d\u00e9crocher le prix du concours de l\u2019entrepreneuriat de la wilaya de","og_url":"https:\/\/lasentinelle.dz\/index.php\/2023\/01\/02\/application-electronique-de-collecte-des-dechets-recyclable-letudiant-developpeur-prime\/","og_site_name":"La Sentinelle","article_publisher":"https:\/\/www.facebook.com\/La-Sentinelle-104059864394773","article_published_time":"2023-01-02T21:05:00+00:00","og_image":[{"width":1441,"height":900,"url":"https:\/\/lasentinelle.dz\/wp-content\/uploads\/2023\/01\/Sans-titre-4-1.png","type":"image\/png"}],"author":"La Sentinelle","twitter_card":"summary_large_image","twitter_misc":{"\u00c9crit par":"La Sentinelle","Dur\u00e9e de lecture estim\u00e9e":"2 minutes"},"schema":{"@context":"https:\/\/schema.org","@graph":[{"@type":"Article","@id":"https:\/\/lasentinelle.dz\/index.php\/2023\/01\/02\/application-electronique-de-collecte-des-dechets-recyclable-letudiant-developpeur-prime\/#article","isPartOf":{"@id":"https:\/\/lasentinelle.dz\/index.php\/2023\/01\/02\/application-electronique-de-collecte-des-dechets-recyclable-letudiant-developpeur-prime\/"},"author":{"name":"La Sentinelle","@id":"https:\/\/lasentinelle.dz\/#\/schema\/person\/d865044e22e70a75174ce8bcad3acfb3"},"headline":"Application \u00e9lectronique de collecte des d\u00e9chets recyclables\u00a0: L\u2019\u00e9tudiant- d\u00e9veloppeur prim\u00e9","datePublished":"2023-01-02T21:05:00+00:00","mainEntityOfPage":{"@id":"https:\/\/lasentinelle.dz\/index.php\/2023\/01\/02\/application-electronique-de-collecte-des-dechets-recyclable-letudiant-developpeur-prime\/"},"wordCount":380,"commentCount":0,"publisher":{"@id":"https:\/\/lasentinelle.dz\/#organization"},"image":{"@id":"https:\/\/lasentinelle.dz\/index.php\/2023\/01\/02\/application-electronique-de-collecte-des-dechets-recyclable-letudiant-developpeur-prime\/#primaryimage"},"thumbnailUrl":"https:\/\/lasentinelle.dz\/wp-content\/uploads\/2023\/01\/Sans-titre-4-1.png","articleSection":["Actualit\u00e9"],"inLanguage":"fr-FR","potentialAction":[{"@type":"CommentAction","name":"Comment","target":["https:\/\/lasentinelle.dz\/index.php\/2023\/01\/02\/application-electronique-de-collecte-des-dechets-recyclable-letudiant-developpeur-prime\/#respond"]}]},{"@type":"WebPage","@id":"https:\/\/lasentinelle.dz\/index.php\/2023\/01\/02\/application-electronique-de-collecte-des-dechets-recyclable-letudiant-developpeur-prime\/","url":"https:\/\/lasentinelle.dz\/index.php\/2023\/01\/02\/application-electronique-de-collecte-des-dechets-recyclable-letudiant-developpeur-prime\/","name":"Application \u00e9lectronique de collecte des d\u00e9chets recyclables\u00a0: L\u2019\u00e9tudiant- d\u00e9veloppeur prim\u00e9 - La Sentinelle","isPartOf":{"@id":"https:\/\/lasentinelle.dz\/#website"},"primaryImageOfPage":{"@id":"https:\/\/lasentinelle.dz\/index.php\/2023\/01\/02\/application-electronique-de-collecte-des-dechets-recyclable-letudiant-developpeur-prime\/#primaryimage"},"image":{"@id":"https:\/\/lasentinelle.dz\/index.php\/2023\/01\/02\/application-electronique-de-collecte-des-dechets-recyclable-letudiant-developpeur-prime\/#primaryimage"},"thumbnailUrl":"https:\/\/lasentinelle.dz\/wp-content\/uploads\/2023\/01\/Sans-titre-4-1.png","datePublished":"2023-01-02T21:05:00+00:00","breadcrumb":{"@id":"https:\/\/lasentinelle.dz\/index.php\/2023\/01\/02\/application-electronique-de-collecte-des-dechets-recyclable-letudiant-developpeur-prime\/#breadcrumb"},"inLanguage":"fr-FR","potentialAction":[{"@type":"ReadAction","target":["https:\/\/lasentinelle.dz\/index.php\/2023\/01\/02\/application-electronique-de-collecte-des-dechets-recyclable-letudiant-developpeur-prime\/"]}]},{"@type":"ImageObject","inLanguage":"fr-FR","@id":"https:\/\/lasentinelle.dz\/index.php\/2023\/01\/02\/application-electronique-de-collecte-des-dechets-recyclable-letudiant-developpeur-prime\/#primaryimage","url":"https:\/\/lasentinelle.dz\/wp-content\/uploads\/2023\/01\/Sans-titre-4-1.png","contentUrl":"https:\/\/lasentinelle.dz\/wp-content\/uploads\/2023\/01\/Sans-titre-4-1.png","width":1441,"height":900},{"@type":"BreadcrumbList","@id":"https:\/\/lasentinelle.dz\/index.php\/2023\/01\/02\/application-electronique-de-collecte-des-dechets-recyclable-letudiant-developpeur-prime\/#breadcrumb","itemListElement":[{"@type":"ListItem","position":1,"name":"Accueil","item":"https:\/\/lasentinelle.dz\/"},{"@type":"ListItem","position":2,"name":"Application \u00e9lectronique de collecte des d\u00e9chets recyclables\u00a0: L\u2019\u00e9tudiant- d\u00e9veloppeur prim\u00e9"}]},{"@type":"WebSite","@id":"https:\/\/lasentinelle.dz\/#website","url":"https:\/\/lasentinelle.dz\/","name":"La Sentinelle","description":"Quotidien national d&#039;information","publisher":{"@id":"https:\/\/lasentinelle.dz\/#organization"},"potentialAction":[{"@type":"SearchAction","target":{"@type":"EntryPoint","urlTemplate":"https:\/\/lasentinelle.dz\/?s={search_term_string}"},"query-input":{"@type":"PropertyValueSpecification","valueRequired":true,"valueName":"search_term_string"}}],"inLanguage":"fr-FR"},{"@type":"Organization","@id":"https:\/\/lasentinelle.dz\/#organization","name":"Quotidien La Sentinelle","url":"https:\/\/lasentinelle.dz\/","logo":{"@type":"ImageObject","inLanguage":"fr-FR","@id":"https:\/\/lasentinelle.dz\/#\/schema\/logo\/image\/","url":"https:\/\/lasentinelle.dz\/wp-content\/uploads\/2021\/09\/logo-sentinelleSLOGAN-1.png","contentUrl":"https:\/\/lasentinelle.dz\/wp-content\/uploads\/2021\/09\/logo-sentinelleSLOGAN-1.png","width":615,"height":142,"caption":"Quotidien La Sentinelle"},"image":{"@id":"https:\/\/lasentinelle.dz\/#\/schema\/logo\/image\/"},"sameAs":["https:\/\/www.facebook.com\/La-Sentinelle-104059864394773"]},{"@type":"Person","@id":"https:\/\/lasentinelle.dz\/#\/schema\/person\/d865044e22e70a75174ce8bcad3acfb3","name":"La Sentinelle","image":{"@type":"ImageObject","inLanguage":"fr-FR","@id":"https:\/\/secure.gravatar.com\/avatar\/57de8e5d4b15d43fb361a71fbb36338450fe67865b528a43dd10ef7c51a20392?s=96&d=mm&r=g","url":"https:\/\/secure.gravatar.com\/avatar\/57de8e5d4b15d43fb361a71fbb36338450fe67865b528a43dd10ef7c51a20392?s=96&d=mm&r=g","contentUrl":"https:\/\/secure.gravatar.com\/avatar\/57de8e5d4b15d43fb361a71fbb36338450fe67865b528a43dd10ef7c51a20392?s=96&d=mm&r=g","caption":"La Sentinelle"},"sameAs":["http:\/\/www.lasentinelle.dz"],"url":"https:\/\/lasentinelle.dz\/author\/redaction\/"}]}},"_links":{"self":[{"href":"https:\/\/lasentinelle.dz\/index.php\/wp-json\/wp\/v2\/posts\/33599","targetHints":{"allow":["GET"]}}],"collection":[{"href":"https:\/\/lasentinelle.dz\/index.php\/wp-json\/wp\/v2\/posts"}],"about":[{"href":"https:\/\/lasentinelle.dz\/index.php\/wp-json\/wp\/v2\/types\/post"}],"author":[{"embeddable":true,"href":"https:\/\/lasentinelle.dz\/index.php\/wp-json\/wp\/v2\/users\/3"}],"replies":[{"embeddable":true,"href":"https:\/\/lasentinelle.dz\/index.php\/wp-json\/wp\/v2\/comments?post=33599"}],"version-history":[{"count":2,"href":"https:\/\/lasentinelle.dz\/index.php\/wp-json\/wp\/v2\/posts\/33599\/revisions"}],"predecessor-version":[{"id":33624,"href":"https:\/\/lasentinelle.dz\/index.php\/wp-json\/wp\/v2\/posts\/33599\/revisions\/33624"}],"wp:featuredmedia":[{"embeddable":true,"href":"https:\/\/lasentinelle.dz\/index.php\/wp-json\/wp\/v2\/media\/33613"}],"wp:attachment":[{"href":"https:\/\/lasentinelle.dz\/index.php\/wp-json\/wp\/v2\/media?parent=33599"}],"wp:term":[{"taxonomy":"category","embeddable":true,"href":"https:\/\/lasentinelle.dz\/index.php\/wp-json\/wp\/v2\/categories?post=33599"},{"taxonomy":"post_tag","embeddable":true,"href":"https:\/\/lasentinelle.dz\/index.php\/wp-json\/wp\/v2\/tags?post=33599"}],"curies":[{"name":"wp","href":"https:\/\/api.w.org\/{rel}","templated":true}]}}