{"id":33647,"date":"2023-01-03T22:00:00","date_gmt":"2023-01-03T21:00:00","guid":{"rendered":"https:\/\/lasentinelle.dz\/?p=33647"},"modified":"2023-01-03T17:37:50","modified_gmt":"2023-01-03T16:37:50","slug":"direction-dannaba-une-enseignante-accusee-dusurpation-didentite","status":"publish","type":"post","link":"https:\/\/lasentinelle.dz\/index.php\/2023\/01\/03\/direction-dannaba-une-enseignante-accusee-dusurpation-didentite\/","title":{"rendered":"Direction d\u2019Annaba\u00a0: Une enseignante accus\u00e9e d&rsquo;usurpation d\u2019identit\u00e9"},"content":{"rendered":"\n<p>La Direction de l\u2019\u00e9ducation nationale de la wilaya d\u2019Annaba vient de porter plainte contre la secr\u00e9taire de wilaya du Syndicat national des travailleurs de l\u2019\u00e9ducation (SNTE), apprend-on aupr\u00e8s de cette instance. La m\u00eame source a confirm\u00e9 quela plainte introduite la concerne en tant que enseignante et non en tant que syndicaliste. L\u2019action est motiv\u00e9e par l&rsquo;usurpation d&rsquo;identit\u00e9 dont elle s\u2019est rendue coupable au cours de l&rsquo;ann\u00e9e 2022. Enseignante au primaire, la concern\u00e9e s\u2019est faite passer pour la repr\u00e9sentante de la direction de l\u2019\u00e9ducation nationale \u00e0 Annaba, a fait savoir notre source. L\u2019enseignante incitait \u00e0 l\u2019attroupement et la contestation en se faisant passer pour la repr\u00e9sentante de la direction de l\u2019\u00e9ducation, a ajout\u00e9 la m\u00eame source. Celle-ci a consid\u00e9r\u00e9 que l\u2019agissement \u00e9tant une atteinte au secteur de l\u2019\u00e9ducation, a n\u00e9cessit\u00e9 un d\u00e9p\u00f4t de plainte \u00e0 son encontre. Notre source a confirm\u00e9 que l&rsquo;enseignante a \u00e9t\u00e9 convoqu\u00e9e par les services de s\u00e9curit\u00e9 sur cette base et que le bureau du contentieux de la direction dispose de tous les documents et preuvesprouvant cette usurpation d\u2019identit\u00e9. Or, le bureau syndical a r\u00e9agi \u00e0 travers une d\u00e9claration dans laquelle, il manifeste son soutien \u00e0 l\u2019enseignante qui est la secr\u00e9taire de wilaya du bureau syndical (SNTE). Une r\u00e9action qui a surpris la premi\u00e8re responsable de la direction de l\u2019\u00e9ducation \u00e0 Annaba. La responsable s\u2019est dite surprise par cette d\u00e9claration de d\u00e9nonciation du syndicat SNTE, et les erreurs en d\u00e9coulant. L\u2019interlocutrice a confirm\u00e9 n\u2019avoir re\u00e7u aucune copie d\u2019un quelconque communiqu\u00e9. Mieux encore, elle a soulign\u00e9 qu&rsquo;elle n&rsquo;a jamais tent\u00e9 de faire obstacle \u00e0 l\u2019action syndicale, quelle que soit sa nature ou les personnes l&rsquo;exer\u00e7ant. Au-del\u00e0, la directrice de l\u2019\u00e9ducation nationale d\u2019Annabaar\u00e9it\u00e9r\u00e9 une fois de plus que ses portes sont toujours ouvertes \u00e0 toutes les parties. Pour sa part, le syndicat national des travailleurs de l&rsquo;\u00e9ducation, bureau d&rsquo;Annaba, dit avoir d\u00e9pos\u00e9 un proc\u00e8s-verbal de d\u00e9nonciation en soutien \u00e0 l\u2019enseignante, objet de la plainte d\u00e9pos\u00e9e par le directeur de l&rsquo;\u00e9ducationd&rsquo;Annaba. La concern\u00e9e qui est la secr\u00e9taire de wilaya charg\u00e9 de l&rsquo;organisation et membre du conseil national du syndicat a \u00e9mis un tract de solidarit\u00e9 avec un enseignant agress\u00e9 par le tuteur d&rsquo;un \u00e9l\u00e8ve. C\u2019est pourquoi, selon une source syndicale, la convocation de la concern\u00e9e par les services de s\u00e9curit\u00e9, a surpris tous les membres du bureau syndical, qui a r\u00e9fut\u00e9 l\u2019usurpation d\u2019identit\u00e9. Et d\u2019ajouter que l\u2019enseignante n\u2019a fait qu\u2019exercer un droit syndical portant la d\u00e9nonciation de l\u2019agression d\u2019une coll\u00e8gue par un parent d\u2019\u00e9l\u00e8ve.<\/p>\n\n\n\n<p><strong>Sofia Chahine<\/strong><\/p>\n","protected":false},"excerpt":{"rendered":"<p>La Direction de l\u2019\u00e9ducation nationale de la wilaya d\u2019Annaba vient de porter plainte contre la secr\u00e9taire de wilaya du Syndicat<\/p>\n","protected":false},"author":3,"featured_media":33652,"comment_status":"open","ping_status":"closed","sticky":false,"template":"","format":"standard","meta":{"colormag_page_container_layout":"default_layout","colormag_page_sidebar_layout":"default_layout","om_disable_all_campaigns":false,"_monsterinsights_skip_tracking":false,"_monsterinsights_sitenote_active":false,"_monsterinsights_sitenote_note":"","_monsterinsights_sitenote_category":0,"footnotes":"","_wpscppro_dont_share_socialmedia":false,"_wpscppro_custom_social_share_image":0,"_facebook_share_type":"","_twitter_share_type":"","_linkedin_share_type":"","_pinterest_share_type":"","_linkedin_share_type_page":"","_instagram_share_type":"","_medium_share_type":"","_threads_share_type":"","_google_business_share_type":"","_selected_social_profile":[],"_wpsp_enable_custom_social_template":false,"_wpsp_social_scheduling":{"enabled":false,"datetime":null,"platforms":[],"status":"template_only","dateOption":"today","timeOption":"now","customDays":"","customHours":"","customDate":"","customTime":"","schedulingType":"absolute"},"_wpsp_active_default_template":true},"categories":[31],"tags":[],"class_list":["post-33647","post","type-post","status-publish","format-standard","has-post-thumbnail","hentry","category-regions"],"aioseo_notices":[],"yoast_head":"<!-- This site is optimized with the Yoast SEO plugin v27.4 - https:\/\/yoast.com\/product\/yoast-seo-wordpress\/ -->\n<title>Direction d\u2019Annaba\u00a0: Une enseignante accus\u00e9e d&rsquo;usurpation d\u2019identit\u00e9 - La Sentinelle<\/title>\n<meta name=\"robots\" content=\"index, follow, max-snippet:-1, max-image-preview:large, max-video-preview:-1\" \/>\n<link rel=\"canonical\" href=\"https:\/\/lasentinelle.dz\/index.php\/2023\/01\/03\/direction-dannaba-une-enseignante-accusee-dusurpation-didentite\/\" \/>\n<meta property=\"og:locale\" content=\"fr_FR\" \/>\n<meta property=\"og:type\" content=\"article\" \/>\n<meta property=\"og:title\" content=\"Direction d\u2019Annaba\u00a0: Une enseignante accus\u00e9e d&rsquo;usurpation d\u2019identit\u00e9 - La Sentinelle\" \/>\n<meta property=\"og:description\" content=\"La Direction de l\u2019\u00e9ducation nationale de la wilaya d\u2019Annaba vient de porter plainte contre la secr\u00e9taire de wilaya du Syndicat\" \/>\n<meta property=\"og:url\" content=\"https:\/\/lasentinelle.dz\/index.php\/2023\/01\/03\/direction-dannaba-une-enseignante-accusee-dusurpation-didentite\/\" \/>\n<meta property=\"og:site_name\" content=\"La Sentinelle\" \/>\n<meta property=\"article:publisher\" content=\"https:\/\/www.facebook.com\/La-Sentinelle-104059864394773\" \/>\n<meta property=\"article:published_time\" content=\"2023-01-03T21:00:00+00:00\" \/>\n<meta property=\"og:image\" content=\"https:\/\/lasentinelle.dz\/wp-content\/uploads\/2023\/01\/image_2023-01-03_173743635.png\" \/>\n\t<meta property=\"og:image:width\" content=\"720\" \/>\n\t<meta property=\"og:image:height\" content=\"428\" \/>\n\t<meta property=\"og:image:type\" content=\"image\/png\" \/>\n<meta name=\"author\" content=\"La Sentinelle\" \/>\n<meta name=\"twitter:card\" content=\"summary_large_image\" \/>\n<meta name=\"twitter:label1\" content=\"\u00c9crit par\" \/>\n\t<meta name=\"twitter:data1\" content=\"La Sentinelle\" \/>\n\t<meta name=\"twitter:label2\" content=\"Dur\u00e9e de lecture estim\u00e9e\" \/>\n\t<meta name=\"twitter:data2\" content=\"3 minutes\" \/>\n<script type=\"application\/ld+json\" class=\"yoast-schema-graph\">{\"@context\":\"https:\\\/\\\/schema.org\",\"@graph\":[{\"@type\":\"Article\",\"@id\":\"https:\\\/\\\/lasentinelle.dz\\\/index.php\\\/2023\\\/01\\\/03\\\/direction-dannaba-une-enseignante-accusee-dusurpation-didentite\\\/#article\",\"isPartOf\":{\"@id\":\"https:\\\/\\\/lasentinelle.dz\\\/index.php\\\/2023\\\/01\\\/03\\\/direction-dannaba-une-enseignante-accusee-dusurpation-didentite\\\/\"},\"author\":{\"name\":\"La Sentinelle\",\"@id\":\"https:\\\/\\\/lasentinelle.dz\\\/#\\\/schema\\\/person\\\/d865044e22e70a75174ce8bcad3acfb3\"},\"headline\":\"Direction d\u2019Annaba\u00a0: Une enseignante accus\u00e9e d&rsquo;usurpation d\u2019identit\u00e9\",\"datePublished\":\"2023-01-03T21:00:00+00:00\",\"mainEntityOfPage\":{\"@id\":\"https:\\\/\\\/lasentinelle.dz\\\/index.php\\\/2023\\\/01\\\/03\\\/direction-dannaba-une-enseignante-accusee-dusurpation-didentite\\\/\"},\"wordCount\":495,\"commentCount\":0,\"publisher\":{\"@id\":\"https:\\\/\\\/lasentinelle.dz\\\/#organization\"},\"image\":{\"@id\":\"https:\\\/\\\/lasentinelle.dz\\\/index.php\\\/2023\\\/01\\\/03\\\/direction-dannaba-une-enseignante-accusee-dusurpation-didentite\\\/#primaryimage\"},\"thumbnailUrl\":\"https:\\\/\\\/lasentinelle.dz\\\/wp-content\\\/uploads\\\/2023\\\/01\\\/image_2023-01-03_173743635.png\",\"articleSection\":[\"R\u00e9gions\"],\"inLanguage\":\"fr-FR\",\"potentialAction\":[{\"@type\":\"CommentAction\",\"name\":\"Comment\",\"target\":[\"https:\\\/\\\/lasentinelle.dz\\\/index.php\\\/2023\\\/01\\\/03\\\/direction-dannaba-une-enseignante-accusee-dusurpation-didentite\\\/#respond\"]}]},{\"@type\":\"WebPage\",\"@id\":\"https:\\\/\\\/lasentinelle.dz\\\/index.php\\\/2023\\\/01\\\/03\\\/direction-dannaba-une-enseignante-accusee-dusurpation-didentite\\\/\",\"url\":\"https:\\\/\\\/lasentinelle.dz\\\/index.php\\\/2023\\\/01\\\/03\\\/direction-dannaba-une-enseignante-accusee-dusurpation-didentite\\\/\",\"name\":\"Direction d\u2019Annaba\u00a0: Une enseignante accus\u00e9e d&rsquo;usurpation d\u2019identit\u00e9 - La Sentinelle\",\"isPartOf\":{\"@id\":\"https:\\\/\\\/lasentinelle.dz\\\/#website\"},\"primaryImageOfPage\":{\"@id\":\"https:\\\/\\\/lasentinelle.dz\\\/index.php\\\/2023\\\/01\\\/03\\\/direction-dannaba-une-enseignante-accusee-dusurpation-didentite\\\/#primaryimage\"},\"image\":{\"@id\":\"https:\\\/\\\/lasentinelle.dz\\\/index.php\\\/2023\\\/01\\\/03\\\/direction-dannaba-une-enseignante-accusee-dusurpation-didentite\\\/#primaryimage\"},\"thumbnailUrl\":\"https:\\\/\\\/lasentinelle.dz\\\/wp-content\\\/uploads\\\/2023\\\/01\\\/image_2023-01-03_173743635.png\",\"datePublished\":\"2023-01-03T21:00:00+00:00\",\"breadcrumb\":{\"@id\":\"https:\\\/\\\/lasentinelle.dz\\\/index.php\\\/2023\\\/01\\\/03\\\/direction-dannaba-une-enseignante-accusee-dusurpation-didentite\\\/#breadcrumb\"},\"inLanguage\":\"fr-FR\",\"potentialAction\":[{\"@type\":\"ReadAction\",\"target\":[\"https:\\\/\\\/lasentinelle.dz\\\/index.php\\\/2023\\\/01\\\/03\\\/direction-dannaba-une-enseignante-accusee-dusurpation-didentite\\\/\"]}]},{\"@type\":\"ImageObject\",\"inLanguage\":\"fr-FR\",\"@id\":\"https:\\\/\\\/lasentinelle.dz\\\/index.php\\\/2023\\\/01\\\/03\\\/direction-dannaba-une-enseignante-accusee-dusurpation-didentite\\\/#primaryimage\",\"url\":\"https:\\\/\\\/lasentinelle.dz\\\/wp-content\\\/uploads\\\/2023\\\/01\\\/image_2023-01-03_173743635.png\",\"contentUrl\":\"https:\\\/\\\/lasentinelle.dz\\\/wp-content\\\/uploads\\\/2023\\\/01\\\/image_2023-01-03_173743635.png\",\"width\":720,\"height\":428},{\"@type\":\"BreadcrumbList\",\"@id\":\"https:\\\/\\\/lasentinelle.dz\\\/index.php\\\/2023\\\/01\\\/03\\\/direction-dannaba-une-enseignante-accusee-dusurpation-didentite\\\/#breadcrumb\",\"itemListElement\":[{\"@type\":\"ListItem\",\"position\":1,\"name\":\"Accueil\",\"item\":\"https:\\\/\\\/lasentinelle.dz\\\/\"},{\"@type\":\"ListItem\",\"position\":2,\"name\":\"Direction d\u2019Annaba\u00a0: Une enseignante accus\u00e9e d&rsquo;usurpation d\u2019identit\u00e9\"}]},{\"@type\":\"WebSite\",\"@id\":\"https:\\\/\\\/lasentinelle.dz\\\/#website\",\"url\":\"https:\\\/\\\/lasentinelle.dz\\\/\",\"name\":\"La Sentinelle\",\"description\":\"Quotidien national d&#039;information\",\"publisher\":{\"@id\":\"https:\\\/\\\/lasentinelle.dz\\\/#organization\"},\"potentialAction\":[{\"@type\":\"SearchAction\",\"target\":{\"@type\":\"EntryPoint\",\"urlTemplate\":\"https:\\\/\\\/lasentinelle.dz\\\/?s={search_term_string}\"},\"query-input\":{\"@type\":\"PropertyValueSpecification\",\"valueRequired\":true,\"valueName\":\"search_term_string\"}}],\"inLanguage\":\"fr-FR\"},{\"@type\":\"Organization\",\"@id\":\"https:\\\/\\\/lasentinelle.dz\\\/#organization\",\"name\":\"Quotidien La Sentinelle\",\"url\":\"https:\\\/\\\/lasentinelle.dz\\\/\",\"logo\":{\"@type\":\"ImageObject\",\"inLanguage\":\"fr-FR\",\"@id\":\"https:\\\/\\\/lasentinelle.dz\\\/#\\\/schema\\\/logo\\\/image\\\/\",\"url\":\"https:\\\/\\\/lasentinelle.dz\\\/wp-content\\\/uploads\\\/2021\\\/09\\\/logo-sentinelleSLOGAN-1.png\",\"contentUrl\":\"https:\\\/\\\/lasentinelle.dz\\\/wp-content\\\/uploads\\\/2021\\\/09\\\/logo-sentinelleSLOGAN-1.png\",\"width\":615,\"height\":142,\"caption\":\"Quotidien La Sentinelle\"},\"image\":{\"@id\":\"https:\\\/\\\/lasentinelle.dz\\\/#\\\/schema\\\/logo\\\/image\\\/\"},\"sameAs\":[\"https:\\\/\\\/www.facebook.com\\\/La-Sentinelle-104059864394773\"]},{\"@type\":\"Person\",\"@id\":\"https:\\\/\\\/lasentinelle.dz\\\/#\\\/schema\\\/person\\\/d865044e22e70a75174ce8bcad3acfb3\",\"name\":\"La Sentinelle\",\"image\":{\"@type\":\"ImageObject\",\"inLanguage\":\"fr-FR\",\"@id\":\"https:\\\/\\\/secure.gravatar.com\\\/avatar\\\/57de8e5d4b15d43fb361a71fbb36338450fe67865b528a43dd10ef7c51a20392?s=96&d=mm&r=g\",\"url\":\"https:\\\/\\\/secure.gravatar.com\\\/avatar\\\/57de8e5d4b15d43fb361a71fbb36338450fe67865b528a43dd10ef7c51a20392?s=96&d=mm&r=g\",\"contentUrl\":\"https:\\\/\\\/secure.gravatar.com\\\/avatar\\\/57de8e5d4b15d43fb361a71fbb36338450fe67865b528a43dd10ef7c51a20392?s=96&d=mm&r=g\",\"caption\":\"La Sentinelle\"},\"sameAs\":[\"http:\\\/\\\/www.lasentinelle.dz\"],\"url\":\"https:\\\/\\\/lasentinelle.dz\\\/author\\\/redaction\\\/\"}]}<\/script>\n<!-- \/ Yoast SEO plugin. -->","yoast_head_json":{"title":"Direction d\u2019Annaba\u00a0: Une enseignante accus\u00e9e d&rsquo;usurpation d\u2019identit\u00e9 - La Sentinelle","robots":{"index":"index","follow":"follow","max-snippet":"max-snippet:-1","max-image-preview":"max-image-preview:large","max-video-preview":"max-video-preview:-1"},"canonical":"https:\/\/lasentinelle.dz\/index.php\/2023\/01\/03\/direction-dannaba-une-enseignante-accusee-dusurpation-didentite\/","og_locale":"fr_FR","og_type":"article","og_title":"Direction d\u2019Annaba\u00a0: Une enseignante accus\u00e9e d&rsquo;usurpation d\u2019identit\u00e9 - La Sentinelle","og_description":"La Direction de l\u2019\u00e9ducation nationale de la wilaya d\u2019Annaba vient de porter plainte contre la secr\u00e9taire de wilaya du Syndicat","og_url":"https:\/\/lasentinelle.dz\/index.php\/2023\/01\/03\/direction-dannaba-une-enseignante-accusee-dusurpation-didentite\/","og_site_name":"La Sentinelle","article_publisher":"https:\/\/www.facebook.com\/La-Sentinelle-104059864394773","article_published_time":"2023-01-03T21:00:00+00:00","og_image":[{"width":720,"height":428,"url":"https:\/\/lasentinelle.dz\/wp-content\/uploads\/2023\/01\/image_2023-01-03_173743635.png","type":"image\/png"}],"author":"La Sentinelle","twitter_card":"summary_large_image","twitter_misc":{"\u00c9crit par":"La Sentinelle","Dur\u00e9e de lecture estim\u00e9e":"3 minutes"},"schema":{"@context":"https:\/\/schema.org","@graph":[{"@type":"Article","@id":"https:\/\/lasentinelle.dz\/index.php\/2023\/01\/03\/direction-dannaba-une-enseignante-accusee-dusurpation-didentite\/#article","isPartOf":{"@id":"https:\/\/lasentinelle.dz\/index.php\/2023\/01\/03\/direction-dannaba-une-enseignante-accusee-dusurpation-didentite\/"},"author":{"name":"La Sentinelle","@id":"https:\/\/lasentinelle.dz\/#\/schema\/person\/d865044e22e70a75174ce8bcad3acfb3"},"headline":"Direction d\u2019Annaba\u00a0: Une enseignante accus\u00e9e d&rsquo;usurpation d\u2019identit\u00e9","datePublished":"2023-01-03T21:00:00+00:00","mainEntityOfPage":{"@id":"https:\/\/lasentinelle.dz\/index.php\/2023\/01\/03\/direction-dannaba-une-enseignante-accusee-dusurpation-didentite\/"},"wordCount":495,"commentCount":0,"publisher":{"@id":"https:\/\/lasentinelle.dz\/#organization"},"image":{"@id":"https:\/\/lasentinelle.dz\/index.php\/2023\/01\/03\/direction-dannaba-une-enseignante-accusee-dusurpation-didentite\/#primaryimage"},"thumbnailUrl":"https:\/\/lasentinelle.dz\/wp-content\/uploads\/2023\/01\/image_2023-01-03_173743635.png","articleSection":["R\u00e9gions"],"inLanguage":"fr-FR","potentialAction":[{"@type":"CommentAction","name":"Comment","target":["https:\/\/lasentinelle.dz\/index.php\/2023\/01\/03\/direction-dannaba-une-enseignante-accusee-dusurpation-didentite\/#respond"]}]},{"@type":"WebPage","@id":"https:\/\/lasentinelle.dz\/index.php\/2023\/01\/03\/direction-dannaba-une-enseignante-accusee-dusurpation-didentite\/","url":"https:\/\/lasentinelle.dz\/index.php\/2023\/01\/03\/direction-dannaba-une-enseignante-accusee-dusurpation-didentite\/","name":"Direction d\u2019Annaba\u00a0: Une enseignante accus\u00e9e d&rsquo;usurpation d\u2019identit\u00e9 - La Sentinelle","isPartOf":{"@id":"https:\/\/lasentinelle.dz\/#website"},"primaryImageOfPage":{"@id":"https:\/\/lasentinelle.dz\/index.php\/2023\/01\/03\/direction-dannaba-une-enseignante-accusee-dusurpation-didentite\/#primaryimage"},"image":{"@id":"https:\/\/lasentinelle.dz\/index.php\/2023\/01\/03\/direction-dannaba-une-enseignante-accusee-dusurpation-didentite\/#primaryimage"},"thumbnailUrl":"https:\/\/lasentinelle.dz\/wp-content\/uploads\/2023\/01\/image_2023-01-03_173743635.png","datePublished":"2023-01-03T21:00:00+00:00","breadcrumb":{"@id":"https:\/\/lasentinelle.dz\/index.php\/2023\/01\/03\/direction-dannaba-une-enseignante-accusee-dusurpation-didentite\/#breadcrumb"},"inLanguage":"fr-FR","potentialAction":[{"@type":"ReadAction","target":["https:\/\/lasentinelle.dz\/index.php\/2023\/01\/03\/direction-dannaba-une-enseignante-accusee-dusurpation-didentite\/"]}]},{"@type":"ImageObject","inLanguage":"fr-FR","@id":"https:\/\/lasentinelle.dz\/index.php\/2023\/01\/03\/direction-dannaba-une-enseignante-accusee-dusurpation-didentite\/#primaryimage","url":"https:\/\/lasentinelle.dz\/wp-content\/uploads\/2023\/01\/image_2023-01-03_173743635.png","contentUrl":"https:\/\/lasentinelle.dz\/wp-content\/uploads\/2023\/01\/image_2023-01-03_173743635.png","width":720,"height":428},{"@type":"BreadcrumbList","@id":"https:\/\/lasentinelle.dz\/index.php\/2023\/01\/03\/direction-dannaba-une-enseignante-accusee-dusurpation-didentite\/#breadcrumb","itemListElement":[{"@type":"ListItem","position":1,"name":"Accueil","item":"https:\/\/lasentinelle.dz\/"},{"@type":"ListItem","position":2,"name":"Direction d\u2019Annaba\u00a0: Une enseignante accus\u00e9e d&rsquo;usurpation d\u2019identit\u00e9"}]},{"@type":"WebSite","@id":"https:\/\/lasentinelle.dz\/#website","url":"https:\/\/lasentinelle.dz\/","name":"La Sentinelle","description":"Quotidien national d&#039;information","publisher":{"@id":"https:\/\/lasentinelle.dz\/#organization"},"potentialAction":[{"@type":"SearchAction","target":{"@type":"EntryPoint","urlTemplate":"https:\/\/lasentinelle.dz\/?s={search_term_string}"},"query-input":{"@type":"PropertyValueSpecification","valueRequired":true,"valueName":"search_term_string"}}],"inLanguage":"fr-FR"},{"@type":"Organization","@id":"https:\/\/lasentinelle.dz\/#organization","name":"Quotidien La Sentinelle","url":"https:\/\/lasentinelle.dz\/","logo":{"@type":"ImageObject","inLanguage":"fr-FR","@id":"https:\/\/lasentinelle.dz\/#\/schema\/logo\/image\/","url":"https:\/\/lasentinelle.dz\/wp-content\/uploads\/2021\/09\/logo-sentinelleSLOGAN-1.png","contentUrl":"https:\/\/lasentinelle.dz\/wp-content\/uploads\/2021\/09\/logo-sentinelleSLOGAN-1.png","width":615,"height":142,"caption":"Quotidien La Sentinelle"},"image":{"@id":"https:\/\/lasentinelle.dz\/#\/schema\/logo\/image\/"},"sameAs":["https:\/\/www.facebook.com\/La-Sentinelle-104059864394773"]},{"@type":"Person","@id":"https:\/\/lasentinelle.dz\/#\/schema\/person\/d865044e22e70a75174ce8bcad3acfb3","name":"La Sentinelle","image":{"@type":"ImageObject","inLanguage":"fr-FR","@id":"https:\/\/secure.gravatar.com\/avatar\/57de8e5d4b15d43fb361a71fbb36338450fe67865b528a43dd10ef7c51a20392?s=96&d=mm&r=g","url":"https:\/\/secure.gravatar.com\/avatar\/57de8e5d4b15d43fb361a71fbb36338450fe67865b528a43dd10ef7c51a20392?s=96&d=mm&r=g","contentUrl":"https:\/\/secure.gravatar.com\/avatar\/57de8e5d4b15d43fb361a71fbb36338450fe67865b528a43dd10ef7c51a20392?s=96&d=mm&r=g","caption":"La Sentinelle"},"sameAs":["http:\/\/www.lasentinelle.dz"],"url":"https:\/\/lasentinelle.dz\/author\/redaction\/"}]}},"_links":{"self":[{"href":"https:\/\/lasentinelle.dz\/index.php\/wp-json\/wp\/v2\/posts\/33647","targetHints":{"allow":["GET"]}}],"collection":[{"href":"https:\/\/lasentinelle.dz\/index.php\/wp-json\/wp\/v2\/posts"}],"about":[{"href":"https:\/\/lasentinelle.dz\/index.php\/wp-json\/wp\/v2\/types\/post"}],"author":[{"embeddable":true,"href":"https:\/\/lasentinelle.dz\/index.php\/wp-json\/wp\/v2\/users\/3"}],"replies":[{"embeddable":true,"href":"https:\/\/lasentinelle.dz\/index.php\/wp-json\/wp\/v2\/comments?post=33647"}],"version-history":[{"count":1,"href":"https:\/\/lasentinelle.dz\/index.php\/wp-json\/wp\/v2\/posts\/33647\/revisions"}],"predecessor-version":[{"id":33653,"href":"https:\/\/lasentinelle.dz\/index.php\/wp-json\/wp\/v2\/posts\/33647\/revisions\/33653"}],"wp:featuredmedia":[{"embeddable":true,"href":"https:\/\/lasentinelle.dz\/index.php\/wp-json\/wp\/v2\/media\/33652"}],"wp:attachment":[{"href":"https:\/\/lasentinelle.dz\/index.php\/wp-json\/wp\/v2\/media?parent=33647"}],"wp:term":[{"taxonomy":"category","embeddable":true,"href":"https:\/\/lasentinelle.dz\/index.php\/wp-json\/wp\/v2\/categories?post=33647"},{"taxonomy":"post_tag","embeddable":true,"href":"https:\/\/lasentinelle.dz\/index.php\/wp-json\/wp\/v2\/tags?post=33647"}],"curies":[{"name":"wp","href":"https:\/\/api.w.org\/{rel}","templated":true}]}}