{"id":33650,"date":"2023-01-03T22:00:00","date_gmt":"2023-01-03T21:00:00","guid":{"rendered":"https:\/\/lasentinelle.dz\/?p=33650"},"modified":"2023-01-03T17:36:34","modified_gmt":"2023-01-03T16:36:34","slug":"apc-dannaba-revalorisation-des-prix-de-la-location-des-biens-communaux","status":"publish","type":"post","link":"https:\/\/lasentinelle.dz\/index.php\/2023\/01\/03\/apc-dannaba-revalorisation-des-prix-de-la-location-des-biens-communaux\/","title":{"rendered":"APC d\u2019Annaba\u00a0: Revalorisation des prix de la location des biens communaux"},"content":{"rendered":"\n<p>Dans le cadre de la revalorisation du patrimoine de la commune d\u2019Annaba, l\u2019APC mettra en location plusieurs biens communaux.<\/p>\n\n\n\n<p>L\u2019op\u00e9ration de location des biens communaux est lanc\u00e9e. D\u2019ailleurs, une r\u00e9vision des prix de la location touchera troissites. L\u2019Assembl\u00e9e populaire communale d\u2019Annaba a mis en place un programme afin d\u2019op\u00e9rer une augmentation des prix de la location des biens communaux, notamment les locaux \u00e0 usage commercial, a-t-on appris aupr\u00e8s des services de l\u2019APC. Le processus entrera en vigueur \u00e0 partir de l\u2019ann\u00e9e 2023. Pour ce faire, un projet de texte relatif \u00e0 l\u2019augmentation des prix de la location des locaux commerciaux du patrimoine immobilier communal sera soumis \u00e0 l\u2019\u00e9tude pour adoption \u00e0 la prochaine session de l\u2019Assembl\u00e9e populaire communale, ont pr\u00e9cis\u00e9 les m\u00eames sources. Les prix mensuels de la location des locaux communaux \u00e0 usage commercialseront r\u00e9vis\u00e9s pour atteindre le seuil de 20. 000 DA, a-t-on fait savoir. Les magasins cibl\u00e9s par cette op\u00e9ration sont le march\u00e9 de la cit\u00e9 Seybouse et tous les magasins situ\u00e9s au premier \u00e9tage qui sont d\u2019une superficie de 200 m\u00b2. Le second point cit\u00e9 est celui de la r\u00e9sidence du 8 Mars, dont les locaux sont utilis\u00e9s par l\u2019administration et situ\u00e9s ay rez-de-chauss\u00e9e ainsi qu\u2019au niveau sup\u00e9rieur et comptant 21 locaux \u00e0 usage commercial. Le troisi\u00e8me site concern\u00e9 par la r\u00e9vision des prix est la station de taxi de Sidi Brahim. Dans le m\u00eame contexte, les locaux commerciaux s\u2019\u00e9tendant sur une superficie de 50 m\u00b2 seront \u00e9galement touch\u00e9s par cette augmentation des prix de location. Par ailleurs,d\u2019autres locaux relevant du patrimoine immobilier de la commune serontsoumis \u00e0 la revalorisation et leurs prix seront revus \u00e0 la hausse, a soulign\u00e9 notre source.Ce processus qui s\u2019inscrit dans le cadre de la revalorisation du patrimoine immobilier de la commune, toucheradans sa premi\u00e8re phaseles troissites cit\u00e9s ci-dessus et devra se g\u00e9n\u00e9raliser pour atteindre d\u2019autres locaux situ\u00e9s \u00e0 travers divers sites, r\u00e9partis sur l\u2019ensemble du territoire de la commune d\u2019Annaba.<\/p>\n\n\n\n<p><strong>Sofia Chahine<\/strong><\/p>\n","protected":false},"excerpt":{"rendered":"<p>Dans le cadre de la revalorisation du patrimoine de la commune d\u2019Annaba, l\u2019APC mettra en location plusieurs biens communaux. L\u2019op\u00e9ration<\/p>\n","protected":false},"author":3,"featured_media":19441,"comment_status":"open","ping_status":"closed","sticky":false,"template":"","format":"standard","meta":{"colormag_page_container_layout":"default_layout","colormag_page_sidebar_layout":"default_layout","om_disable_all_campaigns":false,"_monsterinsights_skip_tracking":false,"_monsterinsights_sitenote_active":false,"_monsterinsights_sitenote_note":"","_monsterinsights_sitenote_category":0,"footnotes":"","_wpscppro_dont_share_socialmedia":false,"_wpscppro_custom_social_share_image":0,"_facebook_share_type":"","_twitter_share_type":"","_linkedin_share_type":"","_pinterest_share_type":"","_linkedin_share_type_page":"","_instagram_share_type":"","_medium_share_type":"","_threads_share_type":"","_google_business_share_type":"","_selected_social_profile":[],"_wpsp_enable_custom_social_template":false,"_wpsp_social_scheduling":{"enabled":false,"datetime":null,"platforms":[],"status":"template_only","dateOption":"today","timeOption":"now","customDays":"","customHours":"","customDate":"","customTime":"","schedulingType":"absolute"},"_wpsp_active_default_template":true},"categories":[37],"tags":[],"class_list":["post-33650","post","type-post","status-publish","format-standard","has-post-thumbnail","hentry","category-monde"],"aioseo_notices":[],"yoast_head":"<!-- This site is optimized with the Yoast SEO plugin v27.4 - https:\/\/yoast.com\/product\/yoast-seo-wordpress\/ -->\n<title>APC d\u2019Annaba\u00a0: Revalorisation des prix de la location des biens communaux - La Sentinelle<\/title>\n<meta name=\"robots\" content=\"index, follow, max-snippet:-1, max-image-preview:large, max-video-preview:-1\" \/>\n<link rel=\"canonical\" href=\"https:\/\/lasentinelle.dz\/index.php\/2023\/01\/03\/apc-dannaba-revalorisation-des-prix-de-la-location-des-biens-communaux\/\" \/>\n<meta property=\"og:locale\" content=\"fr_FR\" \/>\n<meta property=\"og:type\" content=\"article\" \/>\n<meta property=\"og:title\" content=\"APC d\u2019Annaba\u00a0: Revalorisation des prix de la location des biens communaux - La Sentinelle\" \/>\n<meta property=\"og:description\" content=\"Dans le cadre de la revalorisation du patrimoine de la commune d\u2019Annaba, l\u2019APC mettra en location plusieurs biens communaux. L\u2019op\u00e9ration\" \/>\n<meta property=\"og:url\" content=\"https:\/\/lasentinelle.dz\/index.php\/2023\/01\/03\/apc-dannaba-revalorisation-des-prix-de-la-location-des-biens-communaux\/\" \/>\n<meta property=\"og:site_name\" content=\"La Sentinelle\" \/>\n<meta property=\"article:publisher\" content=\"https:\/\/www.facebook.com\/La-Sentinelle-104059864394773\" \/>\n<meta property=\"article:published_time\" content=\"2023-01-03T21:00:00+00:00\" \/>\n<meta property=\"og:image\" content=\"https:\/\/lasentinelle.dz\/wp-content\/uploads\/2022\/04\/apc-anaba.png\" \/>\n\t<meta property=\"og:image:width\" content=\"1361\" \/>\n\t<meta property=\"og:image:height\" content=\"900\" \/>\n\t<meta property=\"og:image:type\" content=\"image\/png\" \/>\n<meta name=\"author\" content=\"La Sentinelle\" \/>\n<meta name=\"twitter:card\" content=\"summary_large_image\" \/>\n<meta name=\"twitter:label1\" content=\"\u00c9crit par\" \/>\n\t<meta name=\"twitter:data1\" content=\"La Sentinelle\" \/>\n\t<meta name=\"twitter:label2\" content=\"Dur\u00e9e de lecture estim\u00e9e\" \/>\n\t<meta name=\"twitter:data2\" content=\"2 minutes\" \/>\n<script type=\"application\/ld+json\" class=\"yoast-schema-graph\">{\"@context\":\"https:\\\/\\\/schema.org\",\"@graph\":[{\"@type\":\"Article\",\"@id\":\"https:\\\/\\\/lasentinelle.dz\\\/index.php\\\/2023\\\/01\\\/03\\\/apc-dannaba-revalorisation-des-prix-de-la-location-des-biens-communaux\\\/#article\",\"isPartOf\":{\"@id\":\"https:\\\/\\\/lasentinelle.dz\\\/index.php\\\/2023\\\/01\\\/03\\\/apc-dannaba-revalorisation-des-prix-de-la-location-des-biens-communaux\\\/\"},\"author\":{\"name\":\"La Sentinelle\",\"@id\":\"https:\\\/\\\/lasentinelle.dz\\\/#\\\/schema\\\/person\\\/d865044e22e70a75174ce8bcad3acfb3\"},\"headline\":\"APC d\u2019Annaba\u00a0: Revalorisation des prix de la location des biens communaux\",\"datePublished\":\"2023-01-03T21:00:00+00:00\",\"mainEntityOfPage\":{\"@id\":\"https:\\\/\\\/lasentinelle.dz\\\/index.php\\\/2023\\\/01\\\/03\\\/apc-dannaba-revalorisation-des-prix-de-la-location-des-biens-communaux\\\/\"},\"wordCount\":370,\"commentCount\":0,\"publisher\":{\"@id\":\"https:\\\/\\\/lasentinelle.dz\\\/#organization\"},\"image\":{\"@id\":\"https:\\\/\\\/lasentinelle.dz\\\/index.php\\\/2023\\\/01\\\/03\\\/apc-dannaba-revalorisation-des-prix-de-la-location-des-biens-communaux\\\/#primaryimage\"},\"thumbnailUrl\":\"https:\\\/\\\/lasentinelle.dz\\\/wp-content\\\/uploads\\\/2022\\\/04\\\/apc-anaba.png\",\"articleSection\":[\"Monde\"],\"inLanguage\":\"fr-FR\",\"potentialAction\":[{\"@type\":\"CommentAction\",\"name\":\"Comment\",\"target\":[\"https:\\\/\\\/lasentinelle.dz\\\/index.php\\\/2023\\\/01\\\/03\\\/apc-dannaba-revalorisation-des-prix-de-la-location-des-biens-communaux\\\/#respond\"]}]},{\"@type\":\"WebPage\",\"@id\":\"https:\\\/\\\/lasentinelle.dz\\\/index.php\\\/2023\\\/01\\\/03\\\/apc-dannaba-revalorisation-des-prix-de-la-location-des-biens-communaux\\\/\",\"url\":\"https:\\\/\\\/lasentinelle.dz\\\/index.php\\\/2023\\\/01\\\/03\\\/apc-dannaba-revalorisation-des-prix-de-la-location-des-biens-communaux\\\/\",\"name\":\"APC d\u2019Annaba\u00a0: Revalorisation des prix de la location des biens communaux - La Sentinelle\",\"isPartOf\":{\"@id\":\"https:\\\/\\\/lasentinelle.dz\\\/#website\"},\"primaryImageOfPage\":{\"@id\":\"https:\\\/\\\/lasentinelle.dz\\\/index.php\\\/2023\\\/01\\\/03\\\/apc-dannaba-revalorisation-des-prix-de-la-location-des-biens-communaux\\\/#primaryimage\"},\"image\":{\"@id\":\"https:\\\/\\\/lasentinelle.dz\\\/index.php\\\/2023\\\/01\\\/03\\\/apc-dannaba-revalorisation-des-prix-de-la-location-des-biens-communaux\\\/#primaryimage\"},\"thumbnailUrl\":\"https:\\\/\\\/lasentinelle.dz\\\/wp-content\\\/uploads\\\/2022\\\/04\\\/apc-anaba.png\",\"datePublished\":\"2023-01-03T21:00:00+00:00\",\"breadcrumb\":{\"@id\":\"https:\\\/\\\/lasentinelle.dz\\\/index.php\\\/2023\\\/01\\\/03\\\/apc-dannaba-revalorisation-des-prix-de-la-location-des-biens-communaux\\\/#breadcrumb\"},\"inLanguage\":\"fr-FR\",\"potentialAction\":[{\"@type\":\"ReadAction\",\"target\":[\"https:\\\/\\\/lasentinelle.dz\\\/index.php\\\/2023\\\/01\\\/03\\\/apc-dannaba-revalorisation-des-prix-de-la-location-des-biens-communaux\\\/\"]}]},{\"@type\":\"ImageObject\",\"inLanguage\":\"fr-FR\",\"@id\":\"https:\\\/\\\/lasentinelle.dz\\\/index.php\\\/2023\\\/01\\\/03\\\/apc-dannaba-revalorisation-des-prix-de-la-location-des-biens-communaux\\\/#primaryimage\",\"url\":\"https:\\\/\\\/lasentinelle.dz\\\/wp-content\\\/uploads\\\/2022\\\/04\\\/apc-anaba.png\",\"contentUrl\":\"https:\\\/\\\/lasentinelle.dz\\\/wp-content\\\/uploads\\\/2022\\\/04\\\/apc-anaba.png\",\"width\":1361,\"height\":900},{\"@type\":\"BreadcrumbList\",\"@id\":\"https:\\\/\\\/lasentinelle.dz\\\/index.php\\\/2023\\\/01\\\/03\\\/apc-dannaba-revalorisation-des-prix-de-la-location-des-biens-communaux\\\/#breadcrumb\",\"itemListElement\":[{\"@type\":\"ListItem\",\"position\":1,\"name\":\"Accueil\",\"item\":\"https:\\\/\\\/lasentinelle.dz\\\/\"},{\"@type\":\"ListItem\",\"position\":2,\"name\":\"APC d\u2019Annaba\u00a0: Revalorisation des prix de la location des biens communaux\"}]},{\"@type\":\"WebSite\",\"@id\":\"https:\\\/\\\/lasentinelle.dz\\\/#website\",\"url\":\"https:\\\/\\\/lasentinelle.dz\\\/\",\"name\":\"La Sentinelle\",\"description\":\"Quotidien national d&#039;information\",\"publisher\":{\"@id\":\"https:\\\/\\\/lasentinelle.dz\\\/#organization\"},\"potentialAction\":[{\"@type\":\"SearchAction\",\"target\":{\"@type\":\"EntryPoint\",\"urlTemplate\":\"https:\\\/\\\/lasentinelle.dz\\\/?s={search_term_string}\"},\"query-input\":{\"@type\":\"PropertyValueSpecification\",\"valueRequired\":true,\"valueName\":\"search_term_string\"}}],\"inLanguage\":\"fr-FR\"},{\"@type\":\"Organization\",\"@id\":\"https:\\\/\\\/lasentinelle.dz\\\/#organization\",\"name\":\"Quotidien La Sentinelle\",\"url\":\"https:\\\/\\\/lasentinelle.dz\\\/\",\"logo\":{\"@type\":\"ImageObject\",\"inLanguage\":\"fr-FR\",\"@id\":\"https:\\\/\\\/lasentinelle.dz\\\/#\\\/schema\\\/logo\\\/image\\\/\",\"url\":\"https:\\\/\\\/lasentinelle.dz\\\/wp-content\\\/uploads\\\/2021\\\/09\\\/logo-sentinelleSLOGAN-1.png\",\"contentUrl\":\"https:\\\/\\\/lasentinelle.dz\\\/wp-content\\\/uploads\\\/2021\\\/09\\\/logo-sentinelleSLOGAN-1.png\",\"width\":615,\"height\":142,\"caption\":\"Quotidien La Sentinelle\"},\"image\":{\"@id\":\"https:\\\/\\\/lasentinelle.dz\\\/#\\\/schema\\\/logo\\\/image\\\/\"},\"sameAs\":[\"https:\\\/\\\/www.facebook.com\\\/La-Sentinelle-104059864394773\"]},{\"@type\":\"Person\",\"@id\":\"https:\\\/\\\/lasentinelle.dz\\\/#\\\/schema\\\/person\\\/d865044e22e70a75174ce8bcad3acfb3\",\"name\":\"La Sentinelle\",\"image\":{\"@type\":\"ImageObject\",\"inLanguage\":\"fr-FR\",\"@id\":\"https:\\\/\\\/secure.gravatar.com\\\/avatar\\\/57de8e5d4b15d43fb361a71fbb36338450fe67865b528a43dd10ef7c51a20392?s=96&d=mm&r=g\",\"url\":\"https:\\\/\\\/secure.gravatar.com\\\/avatar\\\/57de8e5d4b15d43fb361a71fbb36338450fe67865b528a43dd10ef7c51a20392?s=96&d=mm&r=g\",\"contentUrl\":\"https:\\\/\\\/secure.gravatar.com\\\/avatar\\\/57de8e5d4b15d43fb361a71fbb36338450fe67865b528a43dd10ef7c51a20392?s=96&d=mm&r=g\",\"caption\":\"La Sentinelle\"},\"sameAs\":[\"http:\\\/\\\/www.lasentinelle.dz\"],\"url\":\"https:\\\/\\\/lasentinelle.dz\\\/author\\\/redaction\\\/\"}]}<\/script>\n<!-- \/ Yoast SEO plugin. -->","yoast_head_json":{"title":"APC d\u2019Annaba\u00a0: Revalorisation des prix de la location des biens communaux - La Sentinelle","robots":{"index":"index","follow":"follow","max-snippet":"max-snippet:-1","max-image-preview":"max-image-preview:large","max-video-preview":"max-video-preview:-1"},"canonical":"https:\/\/lasentinelle.dz\/index.php\/2023\/01\/03\/apc-dannaba-revalorisation-des-prix-de-la-location-des-biens-communaux\/","og_locale":"fr_FR","og_type":"article","og_title":"APC d\u2019Annaba\u00a0: Revalorisation des prix de la location des biens communaux - La Sentinelle","og_description":"Dans le cadre de la revalorisation du patrimoine de la commune d\u2019Annaba, l\u2019APC mettra en location plusieurs biens communaux. L\u2019op\u00e9ration","og_url":"https:\/\/lasentinelle.dz\/index.php\/2023\/01\/03\/apc-dannaba-revalorisation-des-prix-de-la-location-des-biens-communaux\/","og_site_name":"La Sentinelle","article_publisher":"https:\/\/www.facebook.com\/La-Sentinelle-104059864394773","article_published_time":"2023-01-03T21:00:00+00:00","og_image":[{"width":1361,"height":900,"url":"https:\/\/lasentinelle.dz\/wp-content\/uploads\/2022\/04\/apc-anaba.png","type":"image\/png"}],"author":"La Sentinelle","twitter_card":"summary_large_image","twitter_misc":{"\u00c9crit par":"La Sentinelle","Dur\u00e9e de lecture estim\u00e9e":"2 minutes"},"schema":{"@context":"https:\/\/schema.org","@graph":[{"@type":"Article","@id":"https:\/\/lasentinelle.dz\/index.php\/2023\/01\/03\/apc-dannaba-revalorisation-des-prix-de-la-location-des-biens-communaux\/#article","isPartOf":{"@id":"https:\/\/lasentinelle.dz\/index.php\/2023\/01\/03\/apc-dannaba-revalorisation-des-prix-de-la-location-des-biens-communaux\/"},"author":{"name":"La Sentinelle","@id":"https:\/\/lasentinelle.dz\/#\/schema\/person\/d865044e22e70a75174ce8bcad3acfb3"},"headline":"APC d\u2019Annaba\u00a0: Revalorisation des prix de la location des biens communaux","datePublished":"2023-01-03T21:00:00+00:00","mainEntityOfPage":{"@id":"https:\/\/lasentinelle.dz\/index.php\/2023\/01\/03\/apc-dannaba-revalorisation-des-prix-de-la-location-des-biens-communaux\/"},"wordCount":370,"commentCount":0,"publisher":{"@id":"https:\/\/lasentinelle.dz\/#organization"},"image":{"@id":"https:\/\/lasentinelle.dz\/index.php\/2023\/01\/03\/apc-dannaba-revalorisation-des-prix-de-la-location-des-biens-communaux\/#primaryimage"},"thumbnailUrl":"https:\/\/lasentinelle.dz\/wp-content\/uploads\/2022\/04\/apc-anaba.png","articleSection":["Monde"],"inLanguage":"fr-FR","potentialAction":[{"@type":"CommentAction","name":"Comment","target":["https:\/\/lasentinelle.dz\/index.php\/2023\/01\/03\/apc-dannaba-revalorisation-des-prix-de-la-location-des-biens-communaux\/#respond"]}]},{"@type":"WebPage","@id":"https:\/\/lasentinelle.dz\/index.php\/2023\/01\/03\/apc-dannaba-revalorisation-des-prix-de-la-location-des-biens-communaux\/","url":"https:\/\/lasentinelle.dz\/index.php\/2023\/01\/03\/apc-dannaba-revalorisation-des-prix-de-la-location-des-biens-communaux\/","name":"APC d\u2019Annaba\u00a0: Revalorisation des prix de la location des biens communaux - La Sentinelle","isPartOf":{"@id":"https:\/\/lasentinelle.dz\/#website"},"primaryImageOfPage":{"@id":"https:\/\/lasentinelle.dz\/index.php\/2023\/01\/03\/apc-dannaba-revalorisation-des-prix-de-la-location-des-biens-communaux\/#primaryimage"},"image":{"@id":"https:\/\/lasentinelle.dz\/index.php\/2023\/01\/03\/apc-dannaba-revalorisation-des-prix-de-la-location-des-biens-communaux\/#primaryimage"},"thumbnailUrl":"https:\/\/lasentinelle.dz\/wp-content\/uploads\/2022\/04\/apc-anaba.png","datePublished":"2023-01-03T21:00:00+00:00","breadcrumb":{"@id":"https:\/\/lasentinelle.dz\/index.php\/2023\/01\/03\/apc-dannaba-revalorisation-des-prix-de-la-location-des-biens-communaux\/#breadcrumb"},"inLanguage":"fr-FR","potentialAction":[{"@type":"ReadAction","target":["https:\/\/lasentinelle.dz\/index.php\/2023\/01\/03\/apc-dannaba-revalorisation-des-prix-de-la-location-des-biens-communaux\/"]}]},{"@type":"ImageObject","inLanguage":"fr-FR","@id":"https:\/\/lasentinelle.dz\/index.php\/2023\/01\/03\/apc-dannaba-revalorisation-des-prix-de-la-location-des-biens-communaux\/#primaryimage","url":"https:\/\/lasentinelle.dz\/wp-content\/uploads\/2022\/04\/apc-anaba.png","contentUrl":"https:\/\/lasentinelle.dz\/wp-content\/uploads\/2022\/04\/apc-anaba.png","width":1361,"height":900},{"@type":"BreadcrumbList","@id":"https:\/\/lasentinelle.dz\/index.php\/2023\/01\/03\/apc-dannaba-revalorisation-des-prix-de-la-location-des-biens-communaux\/#breadcrumb","itemListElement":[{"@type":"ListItem","position":1,"name":"Accueil","item":"https:\/\/lasentinelle.dz\/"},{"@type":"ListItem","position":2,"name":"APC d\u2019Annaba\u00a0: Revalorisation des prix de la location des biens communaux"}]},{"@type":"WebSite","@id":"https:\/\/lasentinelle.dz\/#website","url":"https:\/\/lasentinelle.dz\/","name":"La Sentinelle","description":"Quotidien national d&#039;information","publisher":{"@id":"https:\/\/lasentinelle.dz\/#organization"},"potentialAction":[{"@type":"SearchAction","target":{"@type":"EntryPoint","urlTemplate":"https:\/\/lasentinelle.dz\/?s={search_term_string}"},"query-input":{"@type":"PropertyValueSpecification","valueRequired":true,"valueName":"search_term_string"}}],"inLanguage":"fr-FR"},{"@type":"Organization","@id":"https:\/\/lasentinelle.dz\/#organization","name":"Quotidien La Sentinelle","url":"https:\/\/lasentinelle.dz\/","logo":{"@type":"ImageObject","inLanguage":"fr-FR","@id":"https:\/\/lasentinelle.dz\/#\/schema\/logo\/image\/","url":"https:\/\/lasentinelle.dz\/wp-content\/uploads\/2021\/09\/logo-sentinelleSLOGAN-1.png","contentUrl":"https:\/\/lasentinelle.dz\/wp-content\/uploads\/2021\/09\/logo-sentinelleSLOGAN-1.png","width":615,"height":142,"caption":"Quotidien La Sentinelle"},"image":{"@id":"https:\/\/lasentinelle.dz\/#\/schema\/logo\/image\/"},"sameAs":["https:\/\/www.facebook.com\/La-Sentinelle-104059864394773"]},{"@type":"Person","@id":"https:\/\/lasentinelle.dz\/#\/schema\/person\/d865044e22e70a75174ce8bcad3acfb3","name":"La Sentinelle","image":{"@type":"ImageObject","inLanguage":"fr-FR","@id":"https:\/\/secure.gravatar.com\/avatar\/57de8e5d4b15d43fb361a71fbb36338450fe67865b528a43dd10ef7c51a20392?s=96&d=mm&r=g","url":"https:\/\/secure.gravatar.com\/avatar\/57de8e5d4b15d43fb361a71fbb36338450fe67865b528a43dd10ef7c51a20392?s=96&d=mm&r=g","contentUrl":"https:\/\/secure.gravatar.com\/avatar\/57de8e5d4b15d43fb361a71fbb36338450fe67865b528a43dd10ef7c51a20392?s=96&d=mm&r=g","caption":"La Sentinelle"},"sameAs":["http:\/\/www.lasentinelle.dz"],"url":"https:\/\/lasentinelle.dz\/author\/redaction\/"}]}},"_links":{"self":[{"href":"https:\/\/lasentinelle.dz\/index.php\/wp-json\/wp\/v2\/posts\/33650","targetHints":{"allow":["GET"]}}],"collection":[{"href":"https:\/\/lasentinelle.dz\/index.php\/wp-json\/wp\/v2\/posts"}],"about":[{"href":"https:\/\/lasentinelle.dz\/index.php\/wp-json\/wp\/v2\/types\/post"}],"author":[{"embeddable":true,"href":"https:\/\/lasentinelle.dz\/index.php\/wp-json\/wp\/v2\/users\/3"}],"replies":[{"embeddable":true,"href":"https:\/\/lasentinelle.dz\/index.php\/wp-json\/wp\/v2\/comments?post=33650"}],"version-history":[{"count":1,"href":"https:\/\/lasentinelle.dz\/index.php\/wp-json\/wp\/v2\/posts\/33650\/revisions"}],"predecessor-version":[{"id":33651,"href":"https:\/\/lasentinelle.dz\/index.php\/wp-json\/wp\/v2\/posts\/33650\/revisions\/33651"}],"wp:featuredmedia":[{"embeddable":true,"href":"https:\/\/lasentinelle.dz\/index.php\/wp-json\/wp\/v2\/media\/19441"}],"wp:attachment":[{"href":"https:\/\/lasentinelle.dz\/index.php\/wp-json\/wp\/v2\/media?parent=33650"}],"wp:term":[{"taxonomy":"category","embeddable":true,"href":"https:\/\/lasentinelle.dz\/index.php\/wp-json\/wp\/v2\/categories?post=33650"},{"taxonomy":"post_tag","embeddable":true,"href":"https:\/\/lasentinelle.dz\/index.php\/wp-json\/wp\/v2\/tags?post=33650"}],"curies":[{"name":"wp","href":"https:\/\/api.w.org\/{rel}","templated":true}]}}