{"id":33665,"date":"2023-01-03T22:05:00","date_gmt":"2023-01-03T21:05:00","guid":{"rendered":"https:\/\/lasentinelle.dz\/?p=33665"},"modified":"2023-01-03T19:11:25","modified_gmt":"2023-01-03T18:11:25","slug":"corruption-au-parlement-europeenne-une-procedure-de-levee-dimmunite-de-2-deputes-lancee","status":"publish","type":"post","link":"https:\/\/lasentinelle.dz\/index.php\/2023\/01\/03\/corruption-au-parlement-europeenne-une-procedure-de-levee-dimmunite-de-2-deputes-lancee\/","title":{"rendered":"Corruption au Parlement europ\u00e9enne\u00a0: Une proc\u00e9dure de lev\u00e9e d&rsquo;immunit\u00e9 de 2 d\u00e9put\u00e9s lanc\u00e9e"},"content":{"rendered":"\n<p>Depuis plusieurs jours, les r\u00e9v\u00e9lations sur le \u00ab\u00a0Marocgate\u00a0\u00bb ne cessent de s&rsquo;accumuler et de nouvelles accableront encore plus le Maroc dans les prochains jours avec la lev\u00e9e du l\u2019immunit\u00e9 de deux eurod\u00e9put\u00e9s impliqu\u00e9s dans le scandale des r\u00e9seaux de corruption mis en place par le r\u00e9gime marocain au sein du Parlement europ\u00e9en. &nbsp;En effet, le PE a annonc\u00e9 lundi avoir lanc\u00e9 une proc\u00e9dure d&rsquo;urgence, \u00e0 la demande des autorit\u00e9s judiciaires belges, pour lever l&rsquo;immunit\u00e9 de deux d\u00e9put\u00e9s dans le cadre d&rsquo;une enqu\u00eate pour corruption. La pr\u00e9sidente du Parlement europ\u00e9en, Roberta Metsola a indiqu\u00e9 dans un tweet que \u00ab&nbsp;r\u00e9pondant \u00e0 une requ\u00eate des autorit\u00e9s judiciaires belges, j&rsquo;ai lanc\u00e9 une proc\u00e9dure urgente pour lever l&rsquo;immunit\u00e9 de deux membres du Parlement. Il n&rsquo;y aura aucune impunit\u00e9, absolument aucune&nbsp;\u00bb. Une demande de la lev\u00e9e de l\u2019immunit\u00e9 qui sera communiqu\u00e9 aux eurod\u00e9put\u00e9s lors de leur prochaine session pl\u00e9ni\u00e8re, le 16 janvier \u00e0 Strasbourg. La commission parlementaire des Affaires juridiques (JURI) devra ensuite l&rsquo;examiner, \u00e0 huis clos, et prononcer une proposition de d\u00e9cision, qui fera in fine l&rsquo;objet d&rsquo;un vote de tous les eurod\u00e9put\u00e9s en pl\u00e9ni\u00e8re.Le premier concern\u00e9 par la lev\u00e9e d&rsquo;immunit\u00e9 est l&rsquo;eurod\u00e9put\u00e9 italien Andrea Cozzolino, appartenant au groupe S&amp;D (socio-d\u00e9mocrates), dont la politique aurait \u00e9t\u00e9 influenc\u00e9e au nom du Maroc par lui et deux autres de ses compatriotes, en l&rsquo;occurrence Pier-Antonio Panzeri et Francesco Giorgi. Le deuxi\u00e8me \u00e9tant le Belge Marc Tarabella, \u00e9galement du groupe S&amp;D. Les deux \u00e9lus concern\u00e9s sont vis\u00e9s dans le cadre de l&rsquo;enqu\u00eate qui a conduit les enqu\u00eateurs belges \u00e0 arr\u00eater le 9 d\u00e9cembre la vice-pr\u00e9sidente de l&rsquo;institution, l&rsquo;eurod\u00e9put\u00e9e socialiste grecque Eva Kaili.Le compagnon de cette derni\u00e8re, Francesco Giorgi, qui est par ailleurs l&rsquo;assistant parlementaire de M. Cozzolino, l&rsquo;ex-eurod\u00e9put\u00e9 socialiste Panzeri, ainsi qu&rsquo;un responsable d&rsquo;ONG, Niccolo Figa-Talamanca, comptaient \u00e9galement parmi les personnes interpell\u00e9es. Ces quatre personnalit\u00e9s ont \u00e9t\u00e9 inculp\u00e9es pour \u00ab\u00a0appartenance \u00e0 une organisation criminelle\u00a0\u00bb, \u00ab\u00a0blanchiment d&rsquo;argent\u00a0\u00bb et \u00ab\u00a0corruption\u00a0\u00bb, dans un scandale qui a provoqu\u00e9 une onde de choc au Parlement europ\u00e9en.Mme Kaili n&rsquo;a pas b\u00e9n\u00e9fici\u00e9 de son immunit\u00e9 parlementaire car l&rsquo;infraction avait \u00e9t\u00e9 constat\u00e9e en flagrant d\u00e9lit, des \u00ab\u00a0sacs de billets\u00a0\u00bb \u00e9tant d\u00e9couverts dans son appartement. Elle a \u00e9t\u00e9 d\u00e9chue le 13 d\u00e9cembre de son titre de vice-pr\u00e9sidente du Parlement europ\u00e9en par un vote \u00e0 la quasi-unanimit\u00e9 des eurod\u00e9put\u00e9s. Au total, les enqu\u00eateurs belges ont mis la main sur 1,5 million d&rsquo;euros en liquide, d&rsquo;apr\u00e8s une source judiciaire, saisis aux domiciles de M. Panzeri et de Mme Kaili, ainsi que dans une valise transport\u00e9e par le p\u00e8re de celle-ci. En Belgique, l&rsquo;enqu\u00eate a donn\u00e9 lieu \u00e0 vingt perquisitions entre le 9 et le 12 d\u00e9cembre, y compris au sein du Parlement europ\u00e9en.Jeudi, le journal italien \u00ab\u00a0Il Corriere della Sera\u00a0\u00bb a fait savoir que Rabat aurait men\u00e9 des actions d&rsquo;ing\u00e9rence au sein de plusieurs autres institutions europ\u00e9ennes, en ayant recours \u00e0 la corruption pour soudoyer des personnalit\u00e9s influentes. Le Maroc se serait ainsi tourn\u00e9 vers un groupe parlementaire pour \u00ab\u00a0cultiver ses multiples int\u00e9r\u00eats en le faisant guider dans ses op\u00e9rations par Mohamed Belahrache, un officier de la DGED (Direction g\u00e9n\u00e9rale des \u00e9tudes et de la documentation), les services secrets de Rabat\u00a0\u00bb.Cet officier marocain aurait agi par l&rsquo;interm\u00e9diaire de l&rsquo;ambassadeur du Maroc en Pologne, Abderrahim Atmoun, qui \u00ab\u00a0travaillerait en \u00e9troite collaboration avec les services secrets marocains\u00a0\u00bb et qui aurait rencontr\u00e9 plusieurs fois Panzeri et Cozzolino \u00e0 Bruxelles et Varsovie. Pour mener leurs op\u00e9rations, ces derniers auraient compt\u00e9 \u00ab\u00a0sur la collaboration d&rsquo;un groupe d&rsquo;eurod\u00e9put\u00e9s -tous membres du groupe parlementaire S&amp;D- d\u00e9crits comme des \u2018amis\u2019 dont les plus proches seraient Eva Kaili, Arena Maria, Moretti Alessandra et Benifei Brando Maria\u00a0\u00bb. La co-pr\u00e9sidente du groupe de la Gauche au Parlement europ\u00e9en, Manon Aubry, a indiqu\u00e9 que les r\u00e9v\u00e9lations faites jusque-l\u00e0 sur le \u00ab\u00a0Marocgate\u00a0\u00bb pourraient bien n&rsquo;\u00eatre que la partie \u00e9merg\u00e9e de l&rsquo;iceberg.<\/p>\n\n\n\n<p>R.N.<\/p>\n","protected":false},"excerpt":{"rendered":"<p>Depuis plusieurs jours, les r\u00e9v\u00e9lations sur le \u00ab\u00a0Marocgate\u00a0\u00bb ne cessent de s&rsquo;accumuler et de nouvelles accableront encore plus le Maroc<\/p>\n","protected":false},"author":3,"featured_media":33670,"comment_status":"open","ping_status":"closed","sticky":false,"template":"","format":"standard","meta":{"colormag_page_container_layout":"default_layout","colormag_page_sidebar_layout":"default_layout","om_disable_all_campaigns":false,"_monsterinsights_skip_tracking":false,"_monsterinsights_sitenote_active":false,"_monsterinsights_sitenote_note":"","_monsterinsights_sitenote_category":0,"footnotes":"","_wpscppro_dont_share_socialmedia":false,"_wpscppro_custom_social_share_image":0,"_facebook_share_type":"","_twitter_share_type":"","_linkedin_share_type":"","_pinterest_share_type":"","_linkedin_share_type_page":"","_instagram_share_type":"","_medium_share_type":"","_threads_share_type":"","_google_business_share_type":"","_selected_social_profile":[],"_wpsp_enable_custom_social_template":false,"_wpsp_social_scheduling":{"enabled":false,"datetime":null,"platforms":[],"status":"template_only","dateOption":"today","timeOption":"now","customDays":"","customHours":"","customDate":"","customTime":"","schedulingType":"absolute"},"_wpsp_active_default_template":true},"categories":[27],"tags":[],"class_list":["post-33665","post","type-post","status-publish","format-standard","has-post-thumbnail","hentry","category-actualite"],"aioseo_notices":[],"yoast_head":"<!-- This site is optimized with the Yoast SEO plugin v27.5 - https:\/\/yoast.com\/product\/yoast-seo-wordpress\/ -->\n<title>Corruption au Parlement europ\u00e9enne\u00a0: Une proc\u00e9dure de lev\u00e9e d&rsquo;immunit\u00e9 de 2 d\u00e9put\u00e9s lanc\u00e9e - La Sentinelle<\/title>\n<meta name=\"robots\" content=\"index, follow, max-snippet:-1, max-image-preview:large, max-video-preview:-1\" \/>\n<link rel=\"canonical\" href=\"https:\/\/lasentinelle.dz\/index.php\/2023\/01\/03\/corruption-au-parlement-europeenne-une-procedure-de-levee-dimmunite-de-2-deputes-lancee\/\" \/>\n<meta property=\"og:locale\" content=\"fr_FR\" \/>\n<meta property=\"og:type\" content=\"article\" \/>\n<meta property=\"og:title\" content=\"Corruption au Parlement europ\u00e9enne\u00a0: Une proc\u00e9dure de lev\u00e9e d&rsquo;immunit\u00e9 de 2 d\u00e9put\u00e9s lanc\u00e9e - La Sentinelle\" \/>\n<meta property=\"og:description\" content=\"Depuis plusieurs jours, les r\u00e9v\u00e9lations sur le \u00ab\u00a0Marocgate\u00a0\u00bb ne cessent de s&rsquo;accumuler et de nouvelles accableront encore plus le Maroc\" \/>\n<meta property=\"og:url\" content=\"https:\/\/lasentinelle.dz\/index.php\/2023\/01\/03\/corruption-au-parlement-europeenne-une-procedure-de-levee-dimmunite-de-2-deputes-lancee\/\" \/>\n<meta property=\"og:site_name\" content=\"La Sentinelle\" \/>\n<meta property=\"article:publisher\" content=\"https:\/\/www.facebook.com\/La-Sentinelle-104059864394773\" \/>\n<meta property=\"article:published_time\" content=\"2023-01-03T21:05:00+00:00\" \/>\n<meta property=\"og:image\" content=\"https:\/\/lasentinelle.dz\/wp-content\/uploads\/2023\/01\/Sans-titre-4-2.png\" \/>\n\t<meta property=\"og:image:width\" content=\"1491\" \/>\n\t<meta property=\"og:image:height\" content=\"900\" \/>\n\t<meta property=\"og:image:type\" content=\"image\/png\" \/>\n<meta name=\"author\" content=\"La Sentinelle\" \/>\n<meta name=\"twitter:card\" content=\"summary_large_image\" \/>\n<meta name=\"twitter:label1\" content=\"\u00c9crit par\" \/>\n\t<meta name=\"twitter:data1\" content=\"La Sentinelle\" \/>\n\t<meta name=\"twitter:label2\" content=\"Dur\u00e9e de lecture estim\u00e9e\" \/>\n\t<meta name=\"twitter:data2\" content=\"4 minutes\" \/>\n<script type=\"application\/ld+json\" class=\"yoast-schema-graph\">{\"@context\":\"https:\\\/\\\/schema.org\",\"@graph\":[{\"@type\":\"Article\",\"@id\":\"https:\\\/\\\/lasentinelle.dz\\\/index.php\\\/2023\\\/01\\\/03\\\/corruption-au-parlement-europeenne-une-procedure-de-levee-dimmunite-de-2-deputes-lancee\\\/#article\",\"isPartOf\":{\"@id\":\"https:\\\/\\\/lasentinelle.dz\\\/index.php\\\/2023\\\/01\\\/03\\\/corruption-au-parlement-europeenne-une-procedure-de-levee-dimmunite-de-2-deputes-lancee\\\/\"},\"author\":{\"name\":\"La Sentinelle\",\"@id\":\"https:\\\/\\\/lasentinelle.dz\\\/#\\\/schema\\\/person\\\/d865044e22e70a75174ce8bcad3acfb3\"},\"headline\":\"Corruption au Parlement europ\u00e9enne\u00a0: Une proc\u00e9dure de lev\u00e9e d&rsquo;immunit\u00e9 de 2 d\u00e9put\u00e9s lanc\u00e9e\",\"datePublished\":\"2023-01-03T21:05:00+00:00\",\"mainEntityOfPage\":{\"@id\":\"https:\\\/\\\/lasentinelle.dz\\\/index.php\\\/2023\\\/01\\\/03\\\/corruption-au-parlement-europeenne-une-procedure-de-levee-dimmunite-de-2-deputes-lancee\\\/\"},\"wordCount\":759,\"commentCount\":0,\"publisher\":{\"@id\":\"https:\\\/\\\/lasentinelle.dz\\\/#organization\"},\"image\":{\"@id\":\"https:\\\/\\\/lasentinelle.dz\\\/index.php\\\/2023\\\/01\\\/03\\\/corruption-au-parlement-europeenne-une-procedure-de-levee-dimmunite-de-2-deputes-lancee\\\/#primaryimage\"},\"thumbnailUrl\":\"https:\\\/\\\/lasentinelle.dz\\\/wp-content\\\/uploads\\\/2023\\\/01\\\/Sans-titre-4-2.png\",\"articleSection\":[\"Actualit\u00e9\"],\"inLanguage\":\"fr-FR\",\"potentialAction\":[{\"@type\":\"CommentAction\",\"name\":\"Comment\",\"target\":[\"https:\\\/\\\/lasentinelle.dz\\\/index.php\\\/2023\\\/01\\\/03\\\/corruption-au-parlement-europeenne-une-procedure-de-levee-dimmunite-de-2-deputes-lancee\\\/#respond\"]}]},{\"@type\":\"WebPage\",\"@id\":\"https:\\\/\\\/lasentinelle.dz\\\/index.php\\\/2023\\\/01\\\/03\\\/corruption-au-parlement-europeenne-une-procedure-de-levee-dimmunite-de-2-deputes-lancee\\\/\",\"url\":\"https:\\\/\\\/lasentinelle.dz\\\/index.php\\\/2023\\\/01\\\/03\\\/corruption-au-parlement-europeenne-une-procedure-de-levee-dimmunite-de-2-deputes-lancee\\\/\",\"name\":\"Corruption au Parlement europ\u00e9enne\u00a0: Une proc\u00e9dure de lev\u00e9e d&rsquo;immunit\u00e9 de 2 d\u00e9put\u00e9s lanc\u00e9e - La Sentinelle\",\"isPartOf\":{\"@id\":\"https:\\\/\\\/lasentinelle.dz\\\/#website\"},\"primaryImageOfPage\":{\"@id\":\"https:\\\/\\\/lasentinelle.dz\\\/index.php\\\/2023\\\/01\\\/03\\\/corruption-au-parlement-europeenne-une-procedure-de-levee-dimmunite-de-2-deputes-lancee\\\/#primaryimage\"},\"image\":{\"@id\":\"https:\\\/\\\/lasentinelle.dz\\\/index.php\\\/2023\\\/01\\\/03\\\/corruption-au-parlement-europeenne-une-procedure-de-levee-dimmunite-de-2-deputes-lancee\\\/#primaryimage\"},\"thumbnailUrl\":\"https:\\\/\\\/lasentinelle.dz\\\/wp-content\\\/uploads\\\/2023\\\/01\\\/Sans-titre-4-2.png\",\"datePublished\":\"2023-01-03T21:05:00+00:00\",\"breadcrumb\":{\"@id\":\"https:\\\/\\\/lasentinelle.dz\\\/index.php\\\/2023\\\/01\\\/03\\\/corruption-au-parlement-europeenne-une-procedure-de-levee-dimmunite-de-2-deputes-lancee\\\/#breadcrumb\"},\"inLanguage\":\"fr-FR\",\"potentialAction\":[{\"@type\":\"ReadAction\",\"target\":[\"https:\\\/\\\/lasentinelle.dz\\\/index.php\\\/2023\\\/01\\\/03\\\/corruption-au-parlement-europeenne-une-procedure-de-levee-dimmunite-de-2-deputes-lancee\\\/\"]}]},{\"@type\":\"ImageObject\",\"inLanguage\":\"fr-FR\",\"@id\":\"https:\\\/\\\/lasentinelle.dz\\\/index.php\\\/2023\\\/01\\\/03\\\/corruption-au-parlement-europeenne-une-procedure-de-levee-dimmunite-de-2-deputes-lancee\\\/#primaryimage\",\"url\":\"https:\\\/\\\/lasentinelle.dz\\\/wp-content\\\/uploads\\\/2023\\\/01\\\/Sans-titre-4-2.png\",\"contentUrl\":\"https:\\\/\\\/lasentinelle.dz\\\/wp-content\\\/uploads\\\/2023\\\/01\\\/Sans-titre-4-2.png\",\"width\":1491,\"height\":900},{\"@type\":\"BreadcrumbList\",\"@id\":\"https:\\\/\\\/lasentinelle.dz\\\/index.php\\\/2023\\\/01\\\/03\\\/corruption-au-parlement-europeenne-une-procedure-de-levee-dimmunite-de-2-deputes-lancee\\\/#breadcrumb\",\"itemListElement\":[{\"@type\":\"ListItem\",\"position\":1,\"name\":\"Accueil\",\"item\":\"https:\\\/\\\/lasentinelle.dz\\\/\"},{\"@type\":\"ListItem\",\"position\":2,\"name\":\"Corruption au Parlement europ\u00e9enne\u00a0: Une proc\u00e9dure de lev\u00e9e d&rsquo;immunit\u00e9 de 2 d\u00e9put\u00e9s lanc\u00e9e\"}]},{\"@type\":\"WebSite\",\"@id\":\"https:\\\/\\\/lasentinelle.dz\\\/#website\",\"url\":\"https:\\\/\\\/lasentinelle.dz\\\/\",\"name\":\"La Sentinelle\",\"description\":\"Quotidien national d&#039;information\",\"publisher\":{\"@id\":\"https:\\\/\\\/lasentinelle.dz\\\/#organization\"},\"potentialAction\":[{\"@type\":\"SearchAction\",\"target\":{\"@type\":\"EntryPoint\",\"urlTemplate\":\"https:\\\/\\\/lasentinelle.dz\\\/?s={search_term_string}\"},\"query-input\":{\"@type\":\"PropertyValueSpecification\",\"valueRequired\":true,\"valueName\":\"search_term_string\"}}],\"inLanguage\":\"fr-FR\"},{\"@type\":\"Organization\",\"@id\":\"https:\\\/\\\/lasentinelle.dz\\\/#organization\",\"name\":\"Quotidien La Sentinelle\",\"url\":\"https:\\\/\\\/lasentinelle.dz\\\/\",\"logo\":{\"@type\":\"ImageObject\",\"inLanguage\":\"fr-FR\",\"@id\":\"https:\\\/\\\/lasentinelle.dz\\\/#\\\/schema\\\/logo\\\/image\\\/\",\"url\":\"https:\\\/\\\/lasentinelle.dz\\\/wp-content\\\/uploads\\\/2021\\\/09\\\/logo-sentinelleSLOGAN-1.png\",\"contentUrl\":\"https:\\\/\\\/lasentinelle.dz\\\/wp-content\\\/uploads\\\/2021\\\/09\\\/logo-sentinelleSLOGAN-1.png\",\"width\":615,\"height\":142,\"caption\":\"Quotidien La Sentinelle\"},\"image\":{\"@id\":\"https:\\\/\\\/lasentinelle.dz\\\/#\\\/schema\\\/logo\\\/image\\\/\"},\"sameAs\":[\"https:\\\/\\\/www.facebook.com\\\/La-Sentinelle-104059864394773\"]},{\"@type\":\"Person\",\"@id\":\"https:\\\/\\\/lasentinelle.dz\\\/#\\\/schema\\\/person\\\/d865044e22e70a75174ce8bcad3acfb3\",\"name\":\"La Sentinelle\",\"image\":{\"@type\":\"ImageObject\",\"inLanguage\":\"fr-FR\",\"@id\":\"https:\\\/\\\/secure.gravatar.com\\\/avatar\\\/57de8e5d4b15d43fb361a71fbb36338450fe67865b528a43dd10ef7c51a20392?s=96&d=mm&r=g\",\"url\":\"https:\\\/\\\/secure.gravatar.com\\\/avatar\\\/57de8e5d4b15d43fb361a71fbb36338450fe67865b528a43dd10ef7c51a20392?s=96&d=mm&r=g\",\"contentUrl\":\"https:\\\/\\\/secure.gravatar.com\\\/avatar\\\/57de8e5d4b15d43fb361a71fbb36338450fe67865b528a43dd10ef7c51a20392?s=96&d=mm&r=g\",\"caption\":\"La Sentinelle\"},\"sameAs\":[\"http:\\\/\\\/www.lasentinelle.dz\"],\"url\":\"https:\\\/\\\/lasentinelle.dz\\\/author\\\/redaction\\\/\"}]}<\/script>\n<!-- \/ Yoast SEO plugin. -->","yoast_head_json":{"title":"Corruption au Parlement europ\u00e9enne\u00a0: Une proc\u00e9dure de lev\u00e9e d&rsquo;immunit\u00e9 de 2 d\u00e9put\u00e9s lanc\u00e9e - La Sentinelle","robots":{"index":"index","follow":"follow","max-snippet":"max-snippet:-1","max-image-preview":"max-image-preview:large","max-video-preview":"max-video-preview:-1"},"canonical":"https:\/\/lasentinelle.dz\/index.php\/2023\/01\/03\/corruption-au-parlement-europeenne-une-procedure-de-levee-dimmunite-de-2-deputes-lancee\/","og_locale":"fr_FR","og_type":"article","og_title":"Corruption au Parlement europ\u00e9enne\u00a0: Une proc\u00e9dure de lev\u00e9e d&rsquo;immunit\u00e9 de 2 d\u00e9put\u00e9s lanc\u00e9e - La Sentinelle","og_description":"Depuis plusieurs jours, les r\u00e9v\u00e9lations sur le \u00ab\u00a0Marocgate\u00a0\u00bb ne cessent de s&rsquo;accumuler et de nouvelles accableront encore plus le Maroc","og_url":"https:\/\/lasentinelle.dz\/index.php\/2023\/01\/03\/corruption-au-parlement-europeenne-une-procedure-de-levee-dimmunite-de-2-deputes-lancee\/","og_site_name":"La Sentinelle","article_publisher":"https:\/\/www.facebook.com\/La-Sentinelle-104059864394773","article_published_time":"2023-01-03T21:05:00+00:00","og_image":[{"width":1491,"height":900,"url":"https:\/\/lasentinelle.dz\/wp-content\/uploads\/2023\/01\/Sans-titre-4-2.png","type":"image\/png"}],"author":"La Sentinelle","twitter_card":"summary_large_image","twitter_misc":{"\u00c9crit par":"La Sentinelle","Dur\u00e9e de lecture estim\u00e9e":"4 minutes"},"schema":{"@context":"https:\/\/schema.org","@graph":[{"@type":"Article","@id":"https:\/\/lasentinelle.dz\/index.php\/2023\/01\/03\/corruption-au-parlement-europeenne-une-procedure-de-levee-dimmunite-de-2-deputes-lancee\/#article","isPartOf":{"@id":"https:\/\/lasentinelle.dz\/index.php\/2023\/01\/03\/corruption-au-parlement-europeenne-une-procedure-de-levee-dimmunite-de-2-deputes-lancee\/"},"author":{"name":"La Sentinelle","@id":"https:\/\/lasentinelle.dz\/#\/schema\/person\/d865044e22e70a75174ce8bcad3acfb3"},"headline":"Corruption au Parlement europ\u00e9enne\u00a0: Une proc\u00e9dure de lev\u00e9e d&rsquo;immunit\u00e9 de 2 d\u00e9put\u00e9s lanc\u00e9e","datePublished":"2023-01-03T21:05:00+00:00","mainEntityOfPage":{"@id":"https:\/\/lasentinelle.dz\/index.php\/2023\/01\/03\/corruption-au-parlement-europeenne-une-procedure-de-levee-dimmunite-de-2-deputes-lancee\/"},"wordCount":759,"commentCount":0,"publisher":{"@id":"https:\/\/lasentinelle.dz\/#organization"},"image":{"@id":"https:\/\/lasentinelle.dz\/index.php\/2023\/01\/03\/corruption-au-parlement-europeenne-une-procedure-de-levee-dimmunite-de-2-deputes-lancee\/#primaryimage"},"thumbnailUrl":"https:\/\/lasentinelle.dz\/wp-content\/uploads\/2023\/01\/Sans-titre-4-2.png","articleSection":["Actualit\u00e9"],"inLanguage":"fr-FR","potentialAction":[{"@type":"CommentAction","name":"Comment","target":["https:\/\/lasentinelle.dz\/index.php\/2023\/01\/03\/corruption-au-parlement-europeenne-une-procedure-de-levee-dimmunite-de-2-deputes-lancee\/#respond"]}]},{"@type":"WebPage","@id":"https:\/\/lasentinelle.dz\/index.php\/2023\/01\/03\/corruption-au-parlement-europeenne-une-procedure-de-levee-dimmunite-de-2-deputes-lancee\/","url":"https:\/\/lasentinelle.dz\/index.php\/2023\/01\/03\/corruption-au-parlement-europeenne-une-procedure-de-levee-dimmunite-de-2-deputes-lancee\/","name":"Corruption au Parlement europ\u00e9enne\u00a0: Une proc\u00e9dure de lev\u00e9e d&rsquo;immunit\u00e9 de 2 d\u00e9put\u00e9s lanc\u00e9e - La Sentinelle","isPartOf":{"@id":"https:\/\/lasentinelle.dz\/#website"},"primaryImageOfPage":{"@id":"https:\/\/lasentinelle.dz\/index.php\/2023\/01\/03\/corruption-au-parlement-europeenne-une-procedure-de-levee-dimmunite-de-2-deputes-lancee\/#primaryimage"},"image":{"@id":"https:\/\/lasentinelle.dz\/index.php\/2023\/01\/03\/corruption-au-parlement-europeenne-une-procedure-de-levee-dimmunite-de-2-deputes-lancee\/#primaryimage"},"thumbnailUrl":"https:\/\/lasentinelle.dz\/wp-content\/uploads\/2023\/01\/Sans-titre-4-2.png","datePublished":"2023-01-03T21:05:00+00:00","breadcrumb":{"@id":"https:\/\/lasentinelle.dz\/index.php\/2023\/01\/03\/corruption-au-parlement-europeenne-une-procedure-de-levee-dimmunite-de-2-deputes-lancee\/#breadcrumb"},"inLanguage":"fr-FR","potentialAction":[{"@type":"ReadAction","target":["https:\/\/lasentinelle.dz\/index.php\/2023\/01\/03\/corruption-au-parlement-europeenne-une-procedure-de-levee-dimmunite-de-2-deputes-lancee\/"]}]},{"@type":"ImageObject","inLanguage":"fr-FR","@id":"https:\/\/lasentinelle.dz\/index.php\/2023\/01\/03\/corruption-au-parlement-europeenne-une-procedure-de-levee-dimmunite-de-2-deputes-lancee\/#primaryimage","url":"https:\/\/lasentinelle.dz\/wp-content\/uploads\/2023\/01\/Sans-titre-4-2.png","contentUrl":"https:\/\/lasentinelle.dz\/wp-content\/uploads\/2023\/01\/Sans-titre-4-2.png","width":1491,"height":900},{"@type":"BreadcrumbList","@id":"https:\/\/lasentinelle.dz\/index.php\/2023\/01\/03\/corruption-au-parlement-europeenne-une-procedure-de-levee-dimmunite-de-2-deputes-lancee\/#breadcrumb","itemListElement":[{"@type":"ListItem","position":1,"name":"Accueil","item":"https:\/\/lasentinelle.dz\/"},{"@type":"ListItem","position":2,"name":"Corruption au Parlement europ\u00e9enne\u00a0: Une proc\u00e9dure de lev\u00e9e d&rsquo;immunit\u00e9 de 2 d\u00e9put\u00e9s lanc\u00e9e"}]},{"@type":"WebSite","@id":"https:\/\/lasentinelle.dz\/#website","url":"https:\/\/lasentinelle.dz\/","name":"La Sentinelle","description":"Quotidien national d&#039;information","publisher":{"@id":"https:\/\/lasentinelle.dz\/#organization"},"potentialAction":[{"@type":"SearchAction","target":{"@type":"EntryPoint","urlTemplate":"https:\/\/lasentinelle.dz\/?s={search_term_string}"},"query-input":{"@type":"PropertyValueSpecification","valueRequired":true,"valueName":"search_term_string"}}],"inLanguage":"fr-FR"},{"@type":"Organization","@id":"https:\/\/lasentinelle.dz\/#organization","name":"Quotidien La Sentinelle","url":"https:\/\/lasentinelle.dz\/","logo":{"@type":"ImageObject","inLanguage":"fr-FR","@id":"https:\/\/lasentinelle.dz\/#\/schema\/logo\/image\/","url":"https:\/\/lasentinelle.dz\/wp-content\/uploads\/2021\/09\/logo-sentinelleSLOGAN-1.png","contentUrl":"https:\/\/lasentinelle.dz\/wp-content\/uploads\/2021\/09\/logo-sentinelleSLOGAN-1.png","width":615,"height":142,"caption":"Quotidien La Sentinelle"},"image":{"@id":"https:\/\/lasentinelle.dz\/#\/schema\/logo\/image\/"},"sameAs":["https:\/\/www.facebook.com\/La-Sentinelle-104059864394773"]},{"@type":"Person","@id":"https:\/\/lasentinelle.dz\/#\/schema\/person\/d865044e22e70a75174ce8bcad3acfb3","name":"La Sentinelle","image":{"@type":"ImageObject","inLanguage":"fr-FR","@id":"https:\/\/secure.gravatar.com\/avatar\/57de8e5d4b15d43fb361a71fbb36338450fe67865b528a43dd10ef7c51a20392?s=96&d=mm&r=g","url":"https:\/\/secure.gravatar.com\/avatar\/57de8e5d4b15d43fb361a71fbb36338450fe67865b528a43dd10ef7c51a20392?s=96&d=mm&r=g","contentUrl":"https:\/\/secure.gravatar.com\/avatar\/57de8e5d4b15d43fb361a71fbb36338450fe67865b528a43dd10ef7c51a20392?s=96&d=mm&r=g","caption":"La Sentinelle"},"sameAs":["http:\/\/www.lasentinelle.dz"],"url":"https:\/\/lasentinelle.dz\/author\/redaction\/"}]}},"_links":{"self":[{"href":"https:\/\/lasentinelle.dz\/index.php\/wp-json\/wp\/v2\/posts\/33665","targetHints":{"allow":["GET"]}}],"collection":[{"href":"https:\/\/lasentinelle.dz\/index.php\/wp-json\/wp\/v2\/posts"}],"about":[{"href":"https:\/\/lasentinelle.dz\/index.php\/wp-json\/wp\/v2\/types\/post"}],"author":[{"embeddable":true,"href":"https:\/\/lasentinelle.dz\/index.php\/wp-json\/wp\/v2\/users\/3"}],"replies":[{"embeddable":true,"href":"https:\/\/lasentinelle.dz\/index.php\/wp-json\/wp\/v2\/comments?post=33665"}],"version-history":[{"count":1,"href":"https:\/\/lasentinelle.dz\/index.php\/wp-json\/wp\/v2\/posts\/33665\/revisions"}],"predecessor-version":[{"id":33671,"href":"https:\/\/lasentinelle.dz\/index.php\/wp-json\/wp\/v2\/posts\/33665\/revisions\/33671"}],"wp:featuredmedia":[{"embeddable":true,"href":"https:\/\/lasentinelle.dz\/index.php\/wp-json\/wp\/v2\/media\/33670"}],"wp:attachment":[{"href":"https:\/\/lasentinelle.dz\/index.php\/wp-json\/wp\/v2\/media?parent=33665"}],"wp:term":[{"taxonomy":"category","embeddable":true,"href":"https:\/\/lasentinelle.dz\/index.php\/wp-json\/wp\/v2\/categories?post=33665"},{"taxonomy":"post_tag","embeddable":true,"href":"https:\/\/lasentinelle.dz\/index.php\/wp-json\/wp\/v2\/tags?post=33665"}],"curies":[{"name":"wp","href":"https:\/\/api.w.org\/{rel}","templated":true}]}}