{"id":33683,"date":"2023-01-03T22:10:00","date_gmt":"2023-01-03T21:10:00","guid":{"rendered":"https:\/\/lasentinelle.dz\/?p=33683"},"modified":"2023-01-03T21:02:30","modified_gmt":"2023-01-03T20:02:30","slug":"industrie-pharmaceutique-la-production-dinsuline-lancee-le-15-janvier","status":"publish","type":"post","link":"https:\/\/lasentinelle.dz\/index.php\/2023\/01\/03\/industrie-pharmaceutique-la-production-dinsuline-lancee-le-15-janvier\/","title":{"rendered":"Industrie pharmaceutique\u00a0: La production d\u2019insuline lanc\u00e9e le 15 janvier"},"content":{"rendered":"\n<p>Les premi\u00e8res quantit\u00e9s d\u2019insuline \u00ab&nbsp;Made in Algeria&nbsp;\u00bb seront disponibles en ce mois de janvier.<\/p>\n\n\n\n<p>Le ministre de l\u2019Industrie pharmaceutique, Ali Aoun, a indiqu\u00e9, hier lors d\u2019une visite d\u2019inspection au niveau des diff\u00e9rentes unit\u00e9s de production pharmaceutique dans la wilaya d\u2019Alger que la production d\u2019insuline sera lanc\u00e9e d\u00e8s le 15 janvier. Il s\u2019agit plus pr\u00e9cis\u00e9ment d\u2019insuline en stylo qui sortira de l\u2019unit\u00e9 \u00ab\u00a0Bioth\u00e9ra\u00a0\u00bb relevant du groupe \u00ab\u00a0Biocare\u00a0\u00bb et laquelle entrera en production d&rsquo;ici au 15 janvier courant. C\u2019est lors d\u2019une escale au niveau de l\u2019unit\u00e9 de Sanofi \u00e0 Sidi Abdallah que le ministre a indiqu\u00e9 que cette unit\u00e9 de production \u00ab\u00a0est d\u00e9j\u00e0 pr\u00eate\u00a0\u00bb.\u00a0\u00bbLes lots de validation sont termin\u00e9s et elle va commencer la production d&rsquo;ici le 10 ou 15 janvier 2023&Prime;, a-t-il soulign\u00e9. Il est utile de rappeler dans ce sens que cette unit\u00e9 sera la premi\u00e8re \u00e0 assurer une production locale de l&rsquo;insuline injectable \u00e0 usage unique pour diab\u00e9tiques.<\/p>\n\n\n\n<p>Il faut dire que la production locale d\u2019insuline est un projet qui tient \u00e0 c\u0153ur au pr\u00e9sident de la R\u00e9publique, Abdelmadjid Tebboune. Une priorit\u00e9 qu\u2019il a assign\u00e9 au ministre de l\u2019Industrie pharmaceutique. Ali Aoun s\u2019\u00e9tait d\u00e9j\u00e0 pench\u00e9 sur le dossier au milieu des ann\u00e9es 2000 alors qu\u2019il occupait les fonctions de P-DG de Sa\u00efdal. D\u2019ailleurs, le ministre a fix\u00e9 aujourd\u2019hui des objectifs fermes et non n\u00e9gociables pour le groupe pharmaceutique public en mati\u00e8re de production d\u2019insuline. Sa\u00efdal a d\u2019ailleurs annonc\u00e9 le d\u00e9but de la production d\u2019insuline au sein de son unit\u00e9 de de Constantine d\u2019ici la fin du premier trimestre 2023. Il y a quelques jours, le groupe public a annonc\u00e9 via un communiqu\u00e9 qu&rsquo;il \u00ablancera la production de l&rsquo;insuline (solutions et seringues) au niveau de son unit\u00e9 de Constantine, avec une capacit\u00e9 de fabrication d&rsquo;un million de flacons par an\u00bb. Il \u00e9tait temps. Les m\u00e9dicaments import\u00e9s ont co\u00fbt\u00e9 cher au Tr\u00e9sor, \u00e0 l&rsquo;exemple de l&rsquo;insuline qui repr\u00e9sentait 20% de la facture d&rsquo;importation de la PCH.<\/p>\n\n\n\n<p>Pour le premier responsable du secteur, il s\u2019agit de couvrir au moins 50% des besoins du march\u00e9 national en insuline par la production nationale en 2023, d\u2019autant plus que l\u2019importation d\u2019insuline g\u00e9n\u00e8re une facture annuelle de 400 millions d\u2019euros. &nbsp;Des objectifs qu\u2019il compte concr\u00e9tiser dans les d\u00e9lais. C\u2019est pourquoi, d\u2019ailleurs qu\u2019il a tenu \u00e0 remonter les bretelles \u00e0 Sanofi sur le sujet des d\u00e9lais de production d\u2019insuline, auquel cas il n\u2019h\u00e9siterait \u00e0 prendre les mesures appropri\u00e9es. Ali Aoun a en effet averti&nbsp; que \u00ab Sanofi s\u2019installe dans une position qui est celle de l\u2019importation. \u00c7a ne va pas durer longtemps \u00bb. Il a invit\u00e9 le laboratoire pharmaceutique \u00e0 \u00ab prendre l\u2019aspect production le plus vite possible \u00bb.<\/p>\n\n\n\n<p>Sanofi pr\u00e9voit le lancement de la production d\u2019insuline en Alg\u00e9rie \u00e0 la fin de l\u2019ann\u00e9e en cours. Le ministre Aoun a \u00e9t\u00e9 clair : \u00ab je ne peux pas cautionner ce programme. Je vais peut-\u00eatre revoir votre programme d\u2019importation d\u2019insuline \u00bb, a-t-il averti.<\/p>\n\n\n\n<p>En outre, concernant la p\u00e9nurie des m\u00e9dicaments contre le cancer, Ali Aoun a d\u00e9clar\u00e9 : \u00ab J\u2019ai une liste de cinq articles, et ces m\u00e9dicaments sont actuellement \u00e0 l\u2019a\u00e9roport. \u00bbA l\u2019issue de sa visite du site de production et de distribution \u00ab Sanofi \u00bb, le ministre de l\u2019Industrie pharmaceutique a officiellement appel\u00e9 les responsables \u00e0 augmenter les capacit\u00e9s de production et \u00e0 int\u00e9grer des m\u00e9dicaments \u00e0 haute valeur ajout\u00e9e pour remplacer les importations.Il a \u00e9galement rappel\u00e9 aux dirigeants de l\u2019entreprise leurs responsabilit\u00e9s quant \u00e0 l\u2019approvisionnement en mati\u00e8res produites ou import\u00e9es par Sanofi dans le cadre d\u2019un contr\u00f4le strict aux \u00e9tablissements pharmaceutiques pour la distribution en gros.<\/p>\n\n\n\n<p><strong>Hocine Fadheli<\/strong><\/p>\n","protected":false},"excerpt":{"rendered":"<p>Les premi\u00e8res quantit\u00e9s d\u2019insuline \u00ab&nbsp;Made in Algeria&nbsp;\u00bb seront disponibles en ce mois de janvier. Le ministre de l\u2019Industrie pharmaceutique, Ali<\/p>\n","protected":false},"author":3,"featured_media":33689,"comment_status":"open","ping_status":"closed","sticky":false,"template":"","format":"standard","meta":{"colormag_page_container_layout":"default_layout","colormag_page_sidebar_layout":"default_layout","om_disable_all_campaigns":false,"_monsterinsights_skip_tracking":false,"_monsterinsights_sitenote_active":false,"_monsterinsights_sitenote_note":"","_monsterinsights_sitenote_category":0,"footnotes":"","_wpscppro_dont_share_socialmedia":false,"_wpscppro_custom_social_share_image":0,"_facebook_share_type":"","_twitter_share_type":"","_linkedin_share_type":"","_pinterest_share_type":"","_linkedin_share_type_page":"","_instagram_share_type":"","_medium_share_type":"","_threads_share_type":"","_google_business_share_type":"","_selected_social_profile":[],"_wpsp_enable_custom_social_template":false,"_wpsp_social_scheduling":{"enabled":false,"datetime":null,"platforms":[],"status":"template_only","dateOption":"today","timeOption":"now","customDays":"","customHours":"","customDate":"","customTime":"","schedulingType":"absolute"},"_wpsp_active_default_template":true},"categories":[52,27],"tags":[],"class_list":["post-33683","post","type-post","status-publish","format-standard","has-post-thumbnail","hentry","category-a-la-une","category-actualite"],"aioseo_notices":[],"yoast_head":"<!-- This site is optimized with the Yoast SEO plugin v27.5 - https:\/\/yoast.com\/product\/yoast-seo-wordpress\/ -->\n<title>Industrie pharmaceutique\u00a0: La production d\u2019insuline lanc\u00e9e le 15 janvier - La Sentinelle<\/title>\n<meta name=\"robots\" content=\"index, follow, max-snippet:-1, max-image-preview:large, max-video-preview:-1\" \/>\n<link rel=\"canonical\" href=\"https:\/\/lasentinelle.dz\/index.php\/2023\/01\/03\/industrie-pharmaceutique-la-production-dinsuline-lancee-le-15-janvier\/\" \/>\n<meta property=\"og:locale\" content=\"fr_FR\" \/>\n<meta property=\"og:type\" content=\"article\" \/>\n<meta property=\"og:title\" content=\"Industrie pharmaceutique\u00a0: La production d\u2019insuline lanc\u00e9e le 15 janvier - La Sentinelle\" \/>\n<meta property=\"og:description\" content=\"Les premi\u00e8res quantit\u00e9s d\u2019insuline \u00ab&nbsp;Made in Algeria&nbsp;\u00bb seront disponibles en ce mois de janvier. Le ministre de l\u2019Industrie pharmaceutique, Ali\" \/>\n<meta property=\"og:url\" content=\"https:\/\/lasentinelle.dz\/index.php\/2023\/01\/03\/industrie-pharmaceutique-la-production-dinsuline-lancee-le-15-janvier\/\" \/>\n<meta property=\"og:site_name\" content=\"La Sentinelle\" \/>\n<meta property=\"article:publisher\" content=\"https:\/\/www.facebook.com\/La-Sentinelle-104059864394773\" \/>\n<meta property=\"article:published_time\" content=\"2023-01-03T21:10:00+00:00\" \/>\n<meta property=\"og:image\" content=\"https:\/\/lasentinelle.dz\/wp-content\/uploads\/2023\/01\/insuline.png\" \/>\n\t<meta property=\"og:image:width\" content=\"1714\" \/>\n\t<meta property=\"og:image:height\" content=\"900\" \/>\n\t<meta property=\"og:image:type\" content=\"image\/png\" \/>\n<meta name=\"author\" content=\"La Sentinelle\" \/>\n<meta name=\"twitter:card\" content=\"summary_large_image\" \/>\n<meta name=\"twitter:label1\" content=\"\u00c9crit par\" \/>\n\t<meta name=\"twitter:data1\" content=\"La Sentinelle\" \/>\n\t<meta name=\"twitter:label2\" content=\"Dur\u00e9e de lecture estim\u00e9e\" \/>\n\t<meta name=\"twitter:data2\" content=\"3 minutes\" \/>\n<script type=\"application\/ld+json\" class=\"yoast-schema-graph\">{\"@context\":\"https:\\\/\\\/schema.org\",\"@graph\":[{\"@type\":\"Article\",\"@id\":\"https:\\\/\\\/lasentinelle.dz\\\/index.php\\\/2023\\\/01\\\/03\\\/industrie-pharmaceutique-la-production-dinsuline-lancee-le-15-janvier\\\/#article\",\"isPartOf\":{\"@id\":\"https:\\\/\\\/lasentinelle.dz\\\/index.php\\\/2023\\\/01\\\/03\\\/industrie-pharmaceutique-la-production-dinsuline-lancee-le-15-janvier\\\/\"},\"author\":{\"name\":\"La Sentinelle\",\"@id\":\"https:\\\/\\\/lasentinelle.dz\\\/#\\\/schema\\\/person\\\/d865044e22e70a75174ce8bcad3acfb3\"},\"headline\":\"Industrie pharmaceutique\u00a0: La production d\u2019insuline lanc\u00e9e le 15 janvier\",\"datePublished\":\"2023-01-03T21:10:00+00:00\",\"mainEntityOfPage\":{\"@id\":\"https:\\\/\\\/lasentinelle.dz\\\/index.php\\\/2023\\\/01\\\/03\\\/industrie-pharmaceutique-la-production-dinsuline-lancee-le-15-janvier\\\/\"},\"wordCount\":672,\"commentCount\":0,\"publisher\":{\"@id\":\"https:\\\/\\\/lasentinelle.dz\\\/#organization\"},\"image\":{\"@id\":\"https:\\\/\\\/lasentinelle.dz\\\/index.php\\\/2023\\\/01\\\/03\\\/industrie-pharmaceutique-la-production-dinsuline-lancee-le-15-janvier\\\/#primaryimage\"},\"thumbnailUrl\":\"https:\\\/\\\/lasentinelle.dz\\\/wp-content\\\/uploads\\\/2023\\\/01\\\/insuline.png\",\"articleSection\":[\"\u00c0 la Une\",\"Actualit\u00e9\"],\"inLanguage\":\"fr-FR\",\"potentialAction\":[{\"@type\":\"CommentAction\",\"name\":\"Comment\",\"target\":[\"https:\\\/\\\/lasentinelle.dz\\\/index.php\\\/2023\\\/01\\\/03\\\/industrie-pharmaceutique-la-production-dinsuline-lancee-le-15-janvier\\\/#respond\"]}]},{\"@type\":\"WebPage\",\"@id\":\"https:\\\/\\\/lasentinelle.dz\\\/index.php\\\/2023\\\/01\\\/03\\\/industrie-pharmaceutique-la-production-dinsuline-lancee-le-15-janvier\\\/\",\"url\":\"https:\\\/\\\/lasentinelle.dz\\\/index.php\\\/2023\\\/01\\\/03\\\/industrie-pharmaceutique-la-production-dinsuline-lancee-le-15-janvier\\\/\",\"name\":\"Industrie pharmaceutique\u00a0: La production d\u2019insuline lanc\u00e9e le 15 janvier - La Sentinelle\",\"isPartOf\":{\"@id\":\"https:\\\/\\\/lasentinelle.dz\\\/#website\"},\"primaryImageOfPage\":{\"@id\":\"https:\\\/\\\/lasentinelle.dz\\\/index.php\\\/2023\\\/01\\\/03\\\/industrie-pharmaceutique-la-production-dinsuline-lancee-le-15-janvier\\\/#primaryimage\"},\"image\":{\"@id\":\"https:\\\/\\\/lasentinelle.dz\\\/index.php\\\/2023\\\/01\\\/03\\\/industrie-pharmaceutique-la-production-dinsuline-lancee-le-15-janvier\\\/#primaryimage\"},\"thumbnailUrl\":\"https:\\\/\\\/lasentinelle.dz\\\/wp-content\\\/uploads\\\/2023\\\/01\\\/insuline.png\",\"datePublished\":\"2023-01-03T21:10:00+00:00\",\"breadcrumb\":{\"@id\":\"https:\\\/\\\/lasentinelle.dz\\\/index.php\\\/2023\\\/01\\\/03\\\/industrie-pharmaceutique-la-production-dinsuline-lancee-le-15-janvier\\\/#breadcrumb\"},\"inLanguage\":\"fr-FR\",\"potentialAction\":[{\"@type\":\"ReadAction\",\"target\":[\"https:\\\/\\\/lasentinelle.dz\\\/index.php\\\/2023\\\/01\\\/03\\\/industrie-pharmaceutique-la-production-dinsuline-lancee-le-15-janvier\\\/\"]}]},{\"@type\":\"ImageObject\",\"inLanguage\":\"fr-FR\",\"@id\":\"https:\\\/\\\/lasentinelle.dz\\\/index.php\\\/2023\\\/01\\\/03\\\/industrie-pharmaceutique-la-production-dinsuline-lancee-le-15-janvier\\\/#primaryimage\",\"url\":\"https:\\\/\\\/lasentinelle.dz\\\/wp-content\\\/uploads\\\/2023\\\/01\\\/insuline.png\",\"contentUrl\":\"https:\\\/\\\/lasentinelle.dz\\\/wp-content\\\/uploads\\\/2023\\\/01\\\/insuline.png\",\"width\":1714,\"height\":900},{\"@type\":\"BreadcrumbList\",\"@id\":\"https:\\\/\\\/lasentinelle.dz\\\/index.php\\\/2023\\\/01\\\/03\\\/industrie-pharmaceutique-la-production-dinsuline-lancee-le-15-janvier\\\/#breadcrumb\",\"itemListElement\":[{\"@type\":\"ListItem\",\"position\":1,\"name\":\"Accueil\",\"item\":\"https:\\\/\\\/lasentinelle.dz\\\/\"},{\"@type\":\"ListItem\",\"position\":2,\"name\":\"Industrie pharmaceutique\u00a0: La production d\u2019insuline lanc\u00e9e le 15 janvier\"}]},{\"@type\":\"WebSite\",\"@id\":\"https:\\\/\\\/lasentinelle.dz\\\/#website\",\"url\":\"https:\\\/\\\/lasentinelle.dz\\\/\",\"name\":\"La Sentinelle\",\"description\":\"Quotidien national d&#039;information\",\"publisher\":{\"@id\":\"https:\\\/\\\/lasentinelle.dz\\\/#organization\"},\"potentialAction\":[{\"@type\":\"SearchAction\",\"target\":{\"@type\":\"EntryPoint\",\"urlTemplate\":\"https:\\\/\\\/lasentinelle.dz\\\/?s={search_term_string}\"},\"query-input\":{\"@type\":\"PropertyValueSpecification\",\"valueRequired\":true,\"valueName\":\"search_term_string\"}}],\"inLanguage\":\"fr-FR\"},{\"@type\":\"Organization\",\"@id\":\"https:\\\/\\\/lasentinelle.dz\\\/#organization\",\"name\":\"Quotidien La Sentinelle\",\"url\":\"https:\\\/\\\/lasentinelle.dz\\\/\",\"logo\":{\"@type\":\"ImageObject\",\"inLanguage\":\"fr-FR\",\"@id\":\"https:\\\/\\\/lasentinelle.dz\\\/#\\\/schema\\\/logo\\\/image\\\/\",\"url\":\"https:\\\/\\\/lasentinelle.dz\\\/wp-content\\\/uploads\\\/2021\\\/09\\\/logo-sentinelleSLOGAN-1.png\",\"contentUrl\":\"https:\\\/\\\/lasentinelle.dz\\\/wp-content\\\/uploads\\\/2021\\\/09\\\/logo-sentinelleSLOGAN-1.png\",\"width\":615,\"height\":142,\"caption\":\"Quotidien La Sentinelle\"},\"image\":{\"@id\":\"https:\\\/\\\/lasentinelle.dz\\\/#\\\/schema\\\/logo\\\/image\\\/\"},\"sameAs\":[\"https:\\\/\\\/www.facebook.com\\\/La-Sentinelle-104059864394773\"]},{\"@type\":\"Person\",\"@id\":\"https:\\\/\\\/lasentinelle.dz\\\/#\\\/schema\\\/person\\\/d865044e22e70a75174ce8bcad3acfb3\",\"name\":\"La Sentinelle\",\"image\":{\"@type\":\"ImageObject\",\"inLanguage\":\"fr-FR\",\"@id\":\"https:\\\/\\\/secure.gravatar.com\\\/avatar\\\/57de8e5d4b15d43fb361a71fbb36338450fe67865b528a43dd10ef7c51a20392?s=96&d=mm&r=g\",\"url\":\"https:\\\/\\\/secure.gravatar.com\\\/avatar\\\/57de8e5d4b15d43fb361a71fbb36338450fe67865b528a43dd10ef7c51a20392?s=96&d=mm&r=g\",\"contentUrl\":\"https:\\\/\\\/secure.gravatar.com\\\/avatar\\\/57de8e5d4b15d43fb361a71fbb36338450fe67865b528a43dd10ef7c51a20392?s=96&d=mm&r=g\",\"caption\":\"La Sentinelle\"},\"sameAs\":[\"http:\\\/\\\/www.lasentinelle.dz\"],\"url\":\"https:\\\/\\\/lasentinelle.dz\\\/author\\\/redaction\\\/\"}]}<\/script>\n<!-- \/ Yoast SEO plugin. -->","yoast_head_json":{"title":"Industrie pharmaceutique\u00a0: La production d\u2019insuline lanc\u00e9e le 15 janvier - La Sentinelle","robots":{"index":"index","follow":"follow","max-snippet":"max-snippet:-1","max-image-preview":"max-image-preview:large","max-video-preview":"max-video-preview:-1"},"canonical":"https:\/\/lasentinelle.dz\/index.php\/2023\/01\/03\/industrie-pharmaceutique-la-production-dinsuline-lancee-le-15-janvier\/","og_locale":"fr_FR","og_type":"article","og_title":"Industrie pharmaceutique\u00a0: La production d\u2019insuline lanc\u00e9e le 15 janvier - La Sentinelle","og_description":"Les premi\u00e8res quantit\u00e9s d\u2019insuline \u00ab&nbsp;Made in Algeria&nbsp;\u00bb seront disponibles en ce mois de janvier. Le ministre de l\u2019Industrie pharmaceutique, Ali","og_url":"https:\/\/lasentinelle.dz\/index.php\/2023\/01\/03\/industrie-pharmaceutique-la-production-dinsuline-lancee-le-15-janvier\/","og_site_name":"La Sentinelle","article_publisher":"https:\/\/www.facebook.com\/La-Sentinelle-104059864394773","article_published_time":"2023-01-03T21:10:00+00:00","og_image":[{"width":1714,"height":900,"url":"https:\/\/lasentinelle.dz\/wp-content\/uploads\/2023\/01\/insuline.png","type":"image\/png"}],"author":"La Sentinelle","twitter_card":"summary_large_image","twitter_misc":{"\u00c9crit par":"La Sentinelle","Dur\u00e9e de lecture estim\u00e9e":"3 minutes"},"schema":{"@context":"https:\/\/schema.org","@graph":[{"@type":"Article","@id":"https:\/\/lasentinelle.dz\/index.php\/2023\/01\/03\/industrie-pharmaceutique-la-production-dinsuline-lancee-le-15-janvier\/#article","isPartOf":{"@id":"https:\/\/lasentinelle.dz\/index.php\/2023\/01\/03\/industrie-pharmaceutique-la-production-dinsuline-lancee-le-15-janvier\/"},"author":{"name":"La Sentinelle","@id":"https:\/\/lasentinelle.dz\/#\/schema\/person\/d865044e22e70a75174ce8bcad3acfb3"},"headline":"Industrie pharmaceutique\u00a0: La production d\u2019insuline lanc\u00e9e le 15 janvier","datePublished":"2023-01-03T21:10:00+00:00","mainEntityOfPage":{"@id":"https:\/\/lasentinelle.dz\/index.php\/2023\/01\/03\/industrie-pharmaceutique-la-production-dinsuline-lancee-le-15-janvier\/"},"wordCount":672,"commentCount":0,"publisher":{"@id":"https:\/\/lasentinelle.dz\/#organization"},"image":{"@id":"https:\/\/lasentinelle.dz\/index.php\/2023\/01\/03\/industrie-pharmaceutique-la-production-dinsuline-lancee-le-15-janvier\/#primaryimage"},"thumbnailUrl":"https:\/\/lasentinelle.dz\/wp-content\/uploads\/2023\/01\/insuline.png","articleSection":["\u00c0 la Une","Actualit\u00e9"],"inLanguage":"fr-FR","potentialAction":[{"@type":"CommentAction","name":"Comment","target":["https:\/\/lasentinelle.dz\/index.php\/2023\/01\/03\/industrie-pharmaceutique-la-production-dinsuline-lancee-le-15-janvier\/#respond"]}]},{"@type":"WebPage","@id":"https:\/\/lasentinelle.dz\/index.php\/2023\/01\/03\/industrie-pharmaceutique-la-production-dinsuline-lancee-le-15-janvier\/","url":"https:\/\/lasentinelle.dz\/index.php\/2023\/01\/03\/industrie-pharmaceutique-la-production-dinsuline-lancee-le-15-janvier\/","name":"Industrie pharmaceutique\u00a0: La production d\u2019insuline lanc\u00e9e le 15 janvier - La Sentinelle","isPartOf":{"@id":"https:\/\/lasentinelle.dz\/#website"},"primaryImageOfPage":{"@id":"https:\/\/lasentinelle.dz\/index.php\/2023\/01\/03\/industrie-pharmaceutique-la-production-dinsuline-lancee-le-15-janvier\/#primaryimage"},"image":{"@id":"https:\/\/lasentinelle.dz\/index.php\/2023\/01\/03\/industrie-pharmaceutique-la-production-dinsuline-lancee-le-15-janvier\/#primaryimage"},"thumbnailUrl":"https:\/\/lasentinelle.dz\/wp-content\/uploads\/2023\/01\/insuline.png","datePublished":"2023-01-03T21:10:00+00:00","breadcrumb":{"@id":"https:\/\/lasentinelle.dz\/index.php\/2023\/01\/03\/industrie-pharmaceutique-la-production-dinsuline-lancee-le-15-janvier\/#breadcrumb"},"inLanguage":"fr-FR","potentialAction":[{"@type":"ReadAction","target":["https:\/\/lasentinelle.dz\/index.php\/2023\/01\/03\/industrie-pharmaceutique-la-production-dinsuline-lancee-le-15-janvier\/"]}]},{"@type":"ImageObject","inLanguage":"fr-FR","@id":"https:\/\/lasentinelle.dz\/index.php\/2023\/01\/03\/industrie-pharmaceutique-la-production-dinsuline-lancee-le-15-janvier\/#primaryimage","url":"https:\/\/lasentinelle.dz\/wp-content\/uploads\/2023\/01\/insuline.png","contentUrl":"https:\/\/lasentinelle.dz\/wp-content\/uploads\/2023\/01\/insuline.png","width":1714,"height":900},{"@type":"BreadcrumbList","@id":"https:\/\/lasentinelle.dz\/index.php\/2023\/01\/03\/industrie-pharmaceutique-la-production-dinsuline-lancee-le-15-janvier\/#breadcrumb","itemListElement":[{"@type":"ListItem","position":1,"name":"Accueil","item":"https:\/\/lasentinelle.dz\/"},{"@type":"ListItem","position":2,"name":"Industrie pharmaceutique\u00a0: La production d\u2019insuline lanc\u00e9e le 15 janvier"}]},{"@type":"WebSite","@id":"https:\/\/lasentinelle.dz\/#website","url":"https:\/\/lasentinelle.dz\/","name":"La Sentinelle","description":"Quotidien national d&#039;information","publisher":{"@id":"https:\/\/lasentinelle.dz\/#organization"},"potentialAction":[{"@type":"SearchAction","target":{"@type":"EntryPoint","urlTemplate":"https:\/\/lasentinelle.dz\/?s={search_term_string}"},"query-input":{"@type":"PropertyValueSpecification","valueRequired":true,"valueName":"search_term_string"}}],"inLanguage":"fr-FR"},{"@type":"Organization","@id":"https:\/\/lasentinelle.dz\/#organization","name":"Quotidien La Sentinelle","url":"https:\/\/lasentinelle.dz\/","logo":{"@type":"ImageObject","inLanguage":"fr-FR","@id":"https:\/\/lasentinelle.dz\/#\/schema\/logo\/image\/","url":"https:\/\/lasentinelle.dz\/wp-content\/uploads\/2021\/09\/logo-sentinelleSLOGAN-1.png","contentUrl":"https:\/\/lasentinelle.dz\/wp-content\/uploads\/2021\/09\/logo-sentinelleSLOGAN-1.png","width":615,"height":142,"caption":"Quotidien La Sentinelle"},"image":{"@id":"https:\/\/lasentinelle.dz\/#\/schema\/logo\/image\/"},"sameAs":["https:\/\/www.facebook.com\/La-Sentinelle-104059864394773"]},{"@type":"Person","@id":"https:\/\/lasentinelle.dz\/#\/schema\/person\/d865044e22e70a75174ce8bcad3acfb3","name":"La Sentinelle","image":{"@type":"ImageObject","inLanguage":"fr-FR","@id":"https:\/\/secure.gravatar.com\/avatar\/57de8e5d4b15d43fb361a71fbb36338450fe67865b528a43dd10ef7c51a20392?s=96&d=mm&r=g","url":"https:\/\/secure.gravatar.com\/avatar\/57de8e5d4b15d43fb361a71fbb36338450fe67865b528a43dd10ef7c51a20392?s=96&d=mm&r=g","contentUrl":"https:\/\/secure.gravatar.com\/avatar\/57de8e5d4b15d43fb361a71fbb36338450fe67865b528a43dd10ef7c51a20392?s=96&d=mm&r=g","caption":"La Sentinelle"},"sameAs":["http:\/\/www.lasentinelle.dz"],"url":"https:\/\/lasentinelle.dz\/author\/redaction\/"}]}},"_links":{"self":[{"href":"https:\/\/lasentinelle.dz\/index.php\/wp-json\/wp\/v2\/posts\/33683","targetHints":{"allow":["GET"]}}],"collection":[{"href":"https:\/\/lasentinelle.dz\/index.php\/wp-json\/wp\/v2\/posts"}],"about":[{"href":"https:\/\/lasentinelle.dz\/index.php\/wp-json\/wp\/v2\/types\/post"}],"author":[{"embeddable":true,"href":"https:\/\/lasentinelle.dz\/index.php\/wp-json\/wp\/v2\/users\/3"}],"replies":[{"embeddable":true,"href":"https:\/\/lasentinelle.dz\/index.php\/wp-json\/wp\/v2\/comments?post=33683"}],"version-history":[{"count":1,"href":"https:\/\/lasentinelle.dz\/index.php\/wp-json\/wp\/v2\/posts\/33683\/revisions"}],"predecessor-version":[{"id":33690,"href":"https:\/\/lasentinelle.dz\/index.php\/wp-json\/wp\/v2\/posts\/33683\/revisions\/33690"}],"wp:featuredmedia":[{"embeddable":true,"href":"https:\/\/lasentinelle.dz\/index.php\/wp-json\/wp\/v2\/media\/33689"}],"wp:attachment":[{"href":"https:\/\/lasentinelle.dz\/index.php\/wp-json\/wp\/v2\/media?parent=33683"}],"wp:term":[{"taxonomy":"category","embeddable":true,"href":"https:\/\/lasentinelle.dz\/index.php\/wp-json\/wp\/v2\/categories?post=33683"},{"taxonomy":"post_tag","embeddable":true,"href":"https:\/\/lasentinelle.dz\/index.php\/wp-json\/wp\/v2\/tags?post=33683"}],"curies":[{"name":"wp","href":"https:\/\/api.w.org\/{rel}","templated":true}]}}