{"id":33685,"date":"2023-01-03T22:05:00","date_gmt":"2023-01-03T21:05:00","guid":{"rendered":"https:\/\/lasentinelle.dz\/?p=33685"},"modified":"2023-01-03T21:04:04","modified_gmt":"2023-01-03T20:04:04","slug":"enseignement-superieur-310-projets-dinvention-deposes-en-2022","status":"publish","type":"post","link":"https:\/\/lasentinelle.dz\/index.php\/2023\/01\/03\/enseignement-superieur-310-projets-dinvention-deposes-en-2022\/","title":{"rendered":"Enseignement sup\u00e9rieur\u00a0: 310 projets d\u2019invention d\u00e9pos\u00e9s en 2022"},"content":{"rendered":"\n<p>Le ministre de l\u2019Enseignement sup\u00e9rieur et de la Recherche scientifique, Kamel Baddari, a soulign\u00e9 hier les avanc\u00e9es r\u00e9alis\u00e9es par son secteur en mati\u00e8re d\u2019innovation. Lors d\u2019une intervention au Forum de la Cha\u00eene 3 de la Radio Alg\u00e9rienne, Kamel Baddari a indiqu\u00e9<\/p>\n\n\n\n<p>que la num\u00e9risation de l\u2019enseignement sup\u00e9rieur est le passeport de la croissance. \u00ab Ceci permet de former les \u00e9tudiants vers les m\u00e9tiers d\u2019avenir, notamment la cr\u00e9ation de leurs entreprises \u00bb, pr\u00e9cise-t-il. Le ministre a ainsi insist\u00e9 sur l\u2019importance du nouveau m\u00e9canisme \u00ab un dipl\u00f4me\u2026 une start-up. \u00bb \u00ab Cette nouvelle politique peut permettre la cr\u00e9ation d\u2019un gisement d\u2019emploi. A noter que depuis le mois d\u2019octobre pass\u00e9, nous avons comptabilis\u00e9 autour de 10.000 projets innovants \u00bb, r\u00e9v\u00e8le-t-il.Comparativement \u00e0 l\u2019ann\u00e9e 2021, le nombre de brevets d\u2019invention a consid\u00e9rablement augment\u00e9. \u00ab 310 brevets d\u2019invention d\u00e9pos\u00e9s en 2022 par nos universitaires. En 2021, le chiffre \u00e9tait de 97 \u00bb, rel\u00e8ve le ministre l\u2019Enseignement sup\u00e9rieur, avant de poursuivre : \u00ab la nouvelle politique \u00ab\u00a0un dipl\u00f4me\u2026 une start-up\u00a0\u00bb a attir\u00e9 les \u00e9tudiants \u00e0 d\u00e9poser leurs projets afin d\u2019assurer le transfert technologique et cr\u00e9er leurs start-up. \u00bb<\/p>\n\n\n\n<p>Il a \u00e9galement annonc\u00e9 que&nbsp; \u00ab 2023 sera l\u2019ann\u00e9e de l\u2019intelligence artificielle au sein de nos universit\u00e9s&nbsp;\u00bb. \u00ab&nbsp;Nous allons lancer des offres de formation en relation \u00e0 l\u2019introduction de l\u2019intelligence artificielle \u00bb, a-t-il pr\u00e9cis\u00e9. Toujours en mati\u00e8re de formation le ministre est revenu sur le lancement, lundi, d\u2019une plateforme d\u00e9di\u00e9e \u00e0 l\u2019apprentissage de l\u2019Anglais et destin\u00e9e aux enseignants universitaires. \u00ab 80% des enseignants universitaires b\u00e9n\u00e9ficieront de l&rsquo;accompagnement en mati\u00e8re d&rsquo;apprentissage de langue anglaise, notamment via la nouvelle plate-forme num\u00e9rique MERS_EDX. Il s\u2019agit d\u2019une formation cadr\u00e9e et qui permet d\u2019atteindre le niveau B2&nbsp; OU C1 \u00bb, rappelle le responsable.<\/p>\n\n\n\n<p>Il a \u00e9galement expliqu\u00e9 que les enseignants et formateursb\u00e9n\u00e9ficient d\u2019une myriade de mesures incitatives pour cr\u00e9er leurs bureaux d\u2019\u00e9tudes au sein de leurs \u00e9tablissements. \u00ab C\u2019est de cette fa\u00e7on qu\u2019ils peuvent constituer une source de financement et de comp\u00e9tences pour leurs \u00e9tablissements \u00bb, explique M. Baddari.Entre autres mesures incitatives, \u00ab une prime de 100.000 DA pour chaque projet. Une somme appel\u00e9e \u00e0 augmenter au fil du temps \u00bb, r\u00e9v\u00e8le le ministre.<\/p>\n\n\n\n<p>Le ministre annonce \u00e9galement l\u2019\u00e9laboration d\u2019un texte en relation avec le statut de l\u2019enseignant universitaire. \u00ab Nous avons pratiquement fini l\u2019\u00e9laboration de ce texte. Il sera soumis aux instances comp\u00e9tentes dans les deux semaines \u00e0 venir \u00bb, dit-il, pr\u00e9cisant qu\u2019il s\u2019agit d\u2019une nouveaut\u00e9 ayant pour but d\u2019am\u00e9liorer la situation de l\u2019enseignant universitaire.&nbsp;&nbsp;<\/p>\n\n\n\n<p>Il est utile de noter dans ce contexte le ministre de l&rsquo;Enseignement sup\u00e9rieur et de la Recherche scientifiquepr\u00e9sidera, aujourd\u2019hui une r\u00e9union d&rsquo;installation des membres des commissions intersectorielles en charge de la programmation, de la coordination, de la promotion et de l&rsquo;\u00e9valuation des activit\u00e9s de la recherche scientifique et du d\u00e9veloppement technologique. Selon un communiqu\u00e9 du d\u00e9partement de Kamel Baddari, ce sera l\u2019occasion de souligner \u00ab\u00a0l&rsquo;int\u00e9r\u00eat accord\u00e9 \u00e0 la recherche, au d\u00e9veloppement et \u00e0 l&rsquo;innovation \u00e0 travers les activit\u00e9s des dix commissions, \u00e0 travers l&rsquo;\u00e9laboration de th\u00e8mes de recherche et de d\u00e9veloppement par les \u00e9tablissements relevant des partenaires socio\u00e9conomiques publics et priv\u00e9s\u00a0\u00bb.La nouvelle approche consistant \u00e0 programmer des th\u00e8mes de recherche, vise \u00e0 \u00ab\u00a0pallier certaines lacunes dans la s\u00e9lection des projets de recherche\u00a0\u00bb, note le minist\u00e8re, expliquant que \u00ab\u00a0les diff\u00e9rents \u00e9tablissements seront charg\u00e9s d&rsquo;\u00e9laborer les th\u00e8mes \u00e0 soumettre aux commissions intersectorielles pour les finaliser et les annoncer \u00e0 la communaut\u00e9 scientifique pour les concevoir sous forme de projets \u00e0 choisir selon les priorit\u00e9s nationales\u00a0\u00bb.<\/p>\n\n\n\n<p>R.N.<\/p>\n","protected":false},"excerpt":{"rendered":"<p>Le ministre de l\u2019Enseignement sup\u00e9rieur et de la Recherche scientifique, Kamel Baddari, a soulign\u00e9 hier les avanc\u00e9es r\u00e9alis\u00e9es par son<\/p>\n","protected":false},"author":3,"featured_media":33693,"comment_status":"open","ping_status":"closed","sticky":false,"template":"","format":"standard","meta":{"colormag_page_container_layout":"default_layout","colormag_page_sidebar_layout":"default_layout","om_disable_all_campaigns":false,"_monsterinsights_skip_tracking":false,"_monsterinsights_sitenote_active":false,"_monsterinsights_sitenote_note":"","_monsterinsights_sitenote_category":0,"footnotes":"","_wpscppro_dont_share_socialmedia":false,"_wpscppro_custom_social_share_image":0,"_facebook_share_type":"","_twitter_share_type":"","_linkedin_share_type":"","_pinterest_share_type":"","_linkedin_share_type_page":"","_instagram_share_type":"","_medium_share_type":"","_threads_share_type":"","_google_business_share_type":"","_selected_social_profile":[],"_wpsp_enable_custom_social_template":false,"_wpsp_social_scheduling":{"enabled":false,"datetime":null,"platforms":[],"status":"template_only","dateOption":"today","timeOption":"now","customDays":"","customHours":"","customDate":"","customTime":"","schedulingType":"absolute"},"_wpsp_active_default_template":true},"categories":[27],"tags":[],"class_list":["post-33685","post","type-post","status-publish","format-standard","has-post-thumbnail","hentry","category-actualite"],"aioseo_notices":[],"yoast_head":"<!-- This site is optimized with the Yoast SEO plugin v27.4 - https:\/\/yoast.com\/product\/yoast-seo-wordpress\/ -->\n<title>Enseignement sup\u00e9rieur\u00a0: 310 projets d\u2019invention d\u00e9pos\u00e9s en 2022 - La Sentinelle<\/title>\n<meta name=\"robots\" content=\"index, follow, max-snippet:-1, max-image-preview:large, max-video-preview:-1\" \/>\n<link rel=\"canonical\" href=\"https:\/\/lasentinelle.dz\/index.php\/2023\/01\/03\/enseignement-superieur-310-projets-dinvention-deposes-en-2022\/\" \/>\n<meta property=\"og:locale\" content=\"fr_FR\" \/>\n<meta property=\"og:type\" content=\"article\" \/>\n<meta property=\"og:title\" content=\"Enseignement sup\u00e9rieur\u00a0: 310 projets d\u2019invention d\u00e9pos\u00e9s en 2022 - La Sentinelle\" \/>\n<meta property=\"og:description\" content=\"Le ministre de l\u2019Enseignement sup\u00e9rieur et de la Recherche scientifique, Kamel Baddari, a soulign\u00e9 hier les avanc\u00e9es r\u00e9alis\u00e9es par son\" \/>\n<meta property=\"og:url\" content=\"https:\/\/lasentinelle.dz\/index.php\/2023\/01\/03\/enseignement-superieur-310-projets-dinvention-deposes-en-2022\/\" \/>\n<meta property=\"og:site_name\" content=\"La Sentinelle\" \/>\n<meta property=\"article:publisher\" content=\"https:\/\/www.facebook.com\/La-Sentinelle-104059864394773\" \/>\n<meta property=\"article:published_time\" content=\"2023-01-03T21:05:00+00:00\" \/>\n<meta property=\"og:image\" content=\"https:\/\/lasentinelle.dz\/wp-content\/uploads\/2023\/01\/image_2023-01-03_210356421.png\" \/>\n\t<meta property=\"og:image:width\" content=\"512\" \/>\n\t<meta property=\"og:image:height\" content=\"314\" \/>\n\t<meta property=\"og:image:type\" content=\"image\/png\" \/>\n<meta name=\"author\" content=\"La Sentinelle\" \/>\n<meta name=\"twitter:card\" content=\"summary_large_image\" \/>\n<meta name=\"twitter:label1\" content=\"\u00c9crit par\" \/>\n\t<meta name=\"twitter:data1\" content=\"La Sentinelle\" \/>\n\t<meta name=\"twitter:label2\" content=\"Dur\u00e9e de lecture estim\u00e9e\" \/>\n\t<meta name=\"twitter:data2\" content=\"3 minutes\" \/>\n<script type=\"application\/ld+json\" class=\"yoast-schema-graph\">{\"@context\":\"https:\\\/\\\/schema.org\",\"@graph\":[{\"@type\":\"Article\",\"@id\":\"https:\\\/\\\/lasentinelle.dz\\\/index.php\\\/2023\\\/01\\\/03\\\/enseignement-superieur-310-projets-dinvention-deposes-en-2022\\\/#article\",\"isPartOf\":{\"@id\":\"https:\\\/\\\/lasentinelle.dz\\\/index.php\\\/2023\\\/01\\\/03\\\/enseignement-superieur-310-projets-dinvention-deposes-en-2022\\\/\"},\"author\":{\"name\":\"La Sentinelle\",\"@id\":\"https:\\\/\\\/lasentinelle.dz\\\/#\\\/schema\\\/person\\\/d865044e22e70a75174ce8bcad3acfb3\"},\"headline\":\"Enseignement sup\u00e9rieur\u00a0: 310 projets d\u2019invention d\u00e9pos\u00e9s en 2022\",\"datePublished\":\"2023-01-03T21:05:00+00:00\",\"mainEntityOfPage\":{\"@id\":\"https:\\\/\\\/lasentinelle.dz\\\/index.php\\\/2023\\\/01\\\/03\\\/enseignement-superieur-310-projets-dinvention-deposes-en-2022\\\/\"},\"wordCount\":659,\"commentCount\":0,\"publisher\":{\"@id\":\"https:\\\/\\\/lasentinelle.dz\\\/#organization\"},\"image\":{\"@id\":\"https:\\\/\\\/lasentinelle.dz\\\/index.php\\\/2023\\\/01\\\/03\\\/enseignement-superieur-310-projets-dinvention-deposes-en-2022\\\/#primaryimage\"},\"thumbnailUrl\":\"https:\\\/\\\/lasentinelle.dz\\\/wp-content\\\/uploads\\\/2023\\\/01\\\/image_2023-01-03_210356421.png\",\"articleSection\":[\"Actualit\u00e9\"],\"inLanguage\":\"fr-FR\",\"potentialAction\":[{\"@type\":\"CommentAction\",\"name\":\"Comment\",\"target\":[\"https:\\\/\\\/lasentinelle.dz\\\/index.php\\\/2023\\\/01\\\/03\\\/enseignement-superieur-310-projets-dinvention-deposes-en-2022\\\/#respond\"]}]},{\"@type\":\"WebPage\",\"@id\":\"https:\\\/\\\/lasentinelle.dz\\\/index.php\\\/2023\\\/01\\\/03\\\/enseignement-superieur-310-projets-dinvention-deposes-en-2022\\\/\",\"url\":\"https:\\\/\\\/lasentinelle.dz\\\/index.php\\\/2023\\\/01\\\/03\\\/enseignement-superieur-310-projets-dinvention-deposes-en-2022\\\/\",\"name\":\"Enseignement sup\u00e9rieur\u00a0: 310 projets d\u2019invention d\u00e9pos\u00e9s en 2022 - La Sentinelle\",\"isPartOf\":{\"@id\":\"https:\\\/\\\/lasentinelle.dz\\\/#website\"},\"primaryImageOfPage\":{\"@id\":\"https:\\\/\\\/lasentinelle.dz\\\/index.php\\\/2023\\\/01\\\/03\\\/enseignement-superieur-310-projets-dinvention-deposes-en-2022\\\/#primaryimage\"},\"image\":{\"@id\":\"https:\\\/\\\/lasentinelle.dz\\\/index.php\\\/2023\\\/01\\\/03\\\/enseignement-superieur-310-projets-dinvention-deposes-en-2022\\\/#primaryimage\"},\"thumbnailUrl\":\"https:\\\/\\\/lasentinelle.dz\\\/wp-content\\\/uploads\\\/2023\\\/01\\\/image_2023-01-03_210356421.png\",\"datePublished\":\"2023-01-03T21:05:00+00:00\",\"breadcrumb\":{\"@id\":\"https:\\\/\\\/lasentinelle.dz\\\/index.php\\\/2023\\\/01\\\/03\\\/enseignement-superieur-310-projets-dinvention-deposes-en-2022\\\/#breadcrumb\"},\"inLanguage\":\"fr-FR\",\"potentialAction\":[{\"@type\":\"ReadAction\",\"target\":[\"https:\\\/\\\/lasentinelle.dz\\\/index.php\\\/2023\\\/01\\\/03\\\/enseignement-superieur-310-projets-dinvention-deposes-en-2022\\\/\"]}]},{\"@type\":\"ImageObject\",\"inLanguage\":\"fr-FR\",\"@id\":\"https:\\\/\\\/lasentinelle.dz\\\/index.php\\\/2023\\\/01\\\/03\\\/enseignement-superieur-310-projets-dinvention-deposes-en-2022\\\/#primaryimage\",\"url\":\"https:\\\/\\\/lasentinelle.dz\\\/wp-content\\\/uploads\\\/2023\\\/01\\\/image_2023-01-03_210356421.png\",\"contentUrl\":\"https:\\\/\\\/lasentinelle.dz\\\/wp-content\\\/uploads\\\/2023\\\/01\\\/image_2023-01-03_210356421.png\",\"width\":512,\"height\":314},{\"@type\":\"BreadcrumbList\",\"@id\":\"https:\\\/\\\/lasentinelle.dz\\\/index.php\\\/2023\\\/01\\\/03\\\/enseignement-superieur-310-projets-dinvention-deposes-en-2022\\\/#breadcrumb\",\"itemListElement\":[{\"@type\":\"ListItem\",\"position\":1,\"name\":\"Accueil\",\"item\":\"https:\\\/\\\/lasentinelle.dz\\\/\"},{\"@type\":\"ListItem\",\"position\":2,\"name\":\"Enseignement sup\u00e9rieur\u00a0: 310 projets d\u2019invention d\u00e9pos\u00e9s en 2022\"}]},{\"@type\":\"WebSite\",\"@id\":\"https:\\\/\\\/lasentinelle.dz\\\/#website\",\"url\":\"https:\\\/\\\/lasentinelle.dz\\\/\",\"name\":\"La Sentinelle\",\"description\":\"Quotidien national d&#039;information\",\"publisher\":{\"@id\":\"https:\\\/\\\/lasentinelle.dz\\\/#organization\"},\"potentialAction\":[{\"@type\":\"SearchAction\",\"target\":{\"@type\":\"EntryPoint\",\"urlTemplate\":\"https:\\\/\\\/lasentinelle.dz\\\/?s={search_term_string}\"},\"query-input\":{\"@type\":\"PropertyValueSpecification\",\"valueRequired\":true,\"valueName\":\"search_term_string\"}}],\"inLanguage\":\"fr-FR\"},{\"@type\":\"Organization\",\"@id\":\"https:\\\/\\\/lasentinelle.dz\\\/#organization\",\"name\":\"Quotidien La Sentinelle\",\"url\":\"https:\\\/\\\/lasentinelle.dz\\\/\",\"logo\":{\"@type\":\"ImageObject\",\"inLanguage\":\"fr-FR\",\"@id\":\"https:\\\/\\\/lasentinelle.dz\\\/#\\\/schema\\\/logo\\\/image\\\/\",\"url\":\"https:\\\/\\\/lasentinelle.dz\\\/wp-content\\\/uploads\\\/2021\\\/09\\\/logo-sentinelleSLOGAN-1.png\",\"contentUrl\":\"https:\\\/\\\/lasentinelle.dz\\\/wp-content\\\/uploads\\\/2021\\\/09\\\/logo-sentinelleSLOGAN-1.png\",\"width\":615,\"height\":142,\"caption\":\"Quotidien La Sentinelle\"},\"image\":{\"@id\":\"https:\\\/\\\/lasentinelle.dz\\\/#\\\/schema\\\/logo\\\/image\\\/\"},\"sameAs\":[\"https:\\\/\\\/www.facebook.com\\\/La-Sentinelle-104059864394773\"]},{\"@type\":\"Person\",\"@id\":\"https:\\\/\\\/lasentinelle.dz\\\/#\\\/schema\\\/person\\\/d865044e22e70a75174ce8bcad3acfb3\",\"name\":\"La Sentinelle\",\"image\":{\"@type\":\"ImageObject\",\"inLanguage\":\"fr-FR\",\"@id\":\"https:\\\/\\\/secure.gravatar.com\\\/avatar\\\/57de8e5d4b15d43fb361a71fbb36338450fe67865b528a43dd10ef7c51a20392?s=96&d=mm&r=g\",\"url\":\"https:\\\/\\\/secure.gravatar.com\\\/avatar\\\/57de8e5d4b15d43fb361a71fbb36338450fe67865b528a43dd10ef7c51a20392?s=96&d=mm&r=g\",\"contentUrl\":\"https:\\\/\\\/secure.gravatar.com\\\/avatar\\\/57de8e5d4b15d43fb361a71fbb36338450fe67865b528a43dd10ef7c51a20392?s=96&d=mm&r=g\",\"caption\":\"La Sentinelle\"},\"sameAs\":[\"http:\\\/\\\/www.lasentinelle.dz\"],\"url\":\"https:\\\/\\\/lasentinelle.dz\\\/author\\\/redaction\\\/\"}]}<\/script>\n<!-- \/ Yoast SEO plugin. -->","yoast_head_json":{"title":"Enseignement sup\u00e9rieur\u00a0: 310 projets d\u2019invention d\u00e9pos\u00e9s en 2022 - La Sentinelle","robots":{"index":"index","follow":"follow","max-snippet":"max-snippet:-1","max-image-preview":"max-image-preview:large","max-video-preview":"max-video-preview:-1"},"canonical":"https:\/\/lasentinelle.dz\/index.php\/2023\/01\/03\/enseignement-superieur-310-projets-dinvention-deposes-en-2022\/","og_locale":"fr_FR","og_type":"article","og_title":"Enseignement sup\u00e9rieur\u00a0: 310 projets d\u2019invention d\u00e9pos\u00e9s en 2022 - La Sentinelle","og_description":"Le ministre de l\u2019Enseignement sup\u00e9rieur et de la Recherche scientifique, Kamel Baddari, a soulign\u00e9 hier les avanc\u00e9es r\u00e9alis\u00e9es par son","og_url":"https:\/\/lasentinelle.dz\/index.php\/2023\/01\/03\/enseignement-superieur-310-projets-dinvention-deposes-en-2022\/","og_site_name":"La Sentinelle","article_publisher":"https:\/\/www.facebook.com\/La-Sentinelle-104059864394773","article_published_time":"2023-01-03T21:05:00+00:00","og_image":[{"width":512,"height":314,"url":"https:\/\/lasentinelle.dz\/wp-content\/uploads\/2023\/01\/image_2023-01-03_210356421.png","type":"image\/png"}],"author":"La Sentinelle","twitter_card":"summary_large_image","twitter_misc":{"\u00c9crit par":"La Sentinelle","Dur\u00e9e de lecture estim\u00e9e":"3 minutes"},"schema":{"@context":"https:\/\/schema.org","@graph":[{"@type":"Article","@id":"https:\/\/lasentinelle.dz\/index.php\/2023\/01\/03\/enseignement-superieur-310-projets-dinvention-deposes-en-2022\/#article","isPartOf":{"@id":"https:\/\/lasentinelle.dz\/index.php\/2023\/01\/03\/enseignement-superieur-310-projets-dinvention-deposes-en-2022\/"},"author":{"name":"La Sentinelle","@id":"https:\/\/lasentinelle.dz\/#\/schema\/person\/d865044e22e70a75174ce8bcad3acfb3"},"headline":"Enseignement sup\u00e9rieur\u00a0: 310 projets d\u2019invention d\u00e9pos\u00e9s en 2022","datePublished":"2023-01-03T21:05:00+00:00","mainEntityOfPage":{"@id":"https:\/\/lasentinelle.dz\/index.php\/2023\/01\/03\/enseignement-superieur-310-projets-dinvention-deposes-en-2022\/"},"wordCount":659,"commentCount":0,"publisher":{"@id":"https:\/\/lasentinelle.dz\/#organization"},"image":{"@id":"https:\/\/lasentinelle.dz\/index.php\/2023\/01\/03\/enseignement-superieur-310-projets-dinvention-deposes-en-2022\/#primaryimage"},"thumbnailUrl":"https:\/\/lasentinelle.dz\/wp-content\/uploads\/2023\/01\/image_2023-01-03_210356421.png","articleSection":["Actualit\u00e9"],"inLanguage":"fr-FR","potentialAction":[{"@type":"CommentAction","name":"Comment","target":["https:\/\/lasentinelle.dz\/index.php\/2023\/01\/03\/enseignement-superieur-310-projets-dinvention-deposes-en-2022\/#respond"]}]},{"@type":"WebPage","@id":"https:\/\/lasentinelle.dz\/index.php\/2023\/01\/03\/enseignement-superieur-310-projets-dinvention-deposes-en-2022\/","url":"https:\/\/lasentinelle.dz\/index.php\/2023\/01\/03\/enseignement-superieur-310-projets-dinvention-deposes-en-2022\/","name":"Enseignement sup\u00e9rieur\u00a0: 310 projets d\u2019invention d\u00e9pos\u00e9s en 2022 - La Sentinelle","isPartOf":{"@id":"https:\/\/lasentinelle.dz\/#website"},"primaryImageOfPage":{"@id":"https:\/\/lasentinelle.dz\/index.php\/2023\/01\/03\/enseignement-superieur-310-projets-dinvention-deposes-en-2022\/#primaryimage"},"image":{"@id":"https:\/\/lasentinelle.dz\/index.php\/2023\/01\/03\/enseignement-superieur-310-projets-dinvention-deposes-en-2022\/#primaryimage"},"thumbnailUrl":"https:\/\/lasentinelle.dz\/wp-content\/uploads\/2023\/01\/image_2023-01-03_210356421.png","datePublished":"2023-01-03T21:05:00+00:00","breadcrumb":{"@id":"https:\/\/lasentinelle.dz\/index.php\/2023\/01\/03\/enseignement-superieur-310-projets-dinvention-deposes-en-2022\/#breadcrumb"},"inLanguage":"fr-FR","potentialAction":[{"@type":"ReadAction","target":["https:\/\/lasentinelle.dz\/index.php\/2023\/01\/03\/enseignement-superieur-310-projets-dinvention-deposes-en-2022\/"]}]},{"@type":"ImageObject","inLanguage":"fr-FR","@id":"https:\/\/lasentinelle.dz\/index.php\/2023\/01\/03\/enseignement-superieur-310-projets-dinvention-deposes-en-2022\/#primaryimage","url":"https:\/\/lasentinelle.dz\/wp-content\/uploads\/2023\/01\/image_2023-01-03_210356421.png","contentUrl":"https:\/\/lasentinelle.dz\/wp-content\/uploads\/2023\/01\/image_2023-01-03_210356421.png","width":512,"height":314},{"@type":"BreadcrumbList","@id":"https:\/\/lasentinelle.dz\/index.php\/2023\/01\/03\/enseignement-superieur-310-projets-dinvention-deposes-en-2022\/#breadcrumb","itemListElement":[{"@type":"ListItem","position":1,"name":"Accueil","item":"https:\/\/lasentinelle.dz\/"},{"@type":"ListItem","position":2,"name":"Enseignement sup\u00e9rieur\u00a0: 310 projets d\u2019invention d\u00e9pos\u00e9s en 2022"}]},{"@type":"WebSite","@id":"https:\/\/lasentinelle.dz\/#website","url":"https:\/\/lasentinelle.dz\/","name":"La Sentinelle","description":"Quotidien national d&#039;information","publisher":{"@id":"https:\/\/lasentinelle.dz\/#organization"},"potentialAction":[{"@type":"SearchAction","target":{"@type":"EntryPoint","urlTemplate":"https:\/\/lasentinelle.dz\/?s={search_term_string}"},"query-input":{"@type":"PropertyValueSpecification","valueRequired":true,"valueName":"search_term_string"}}],"inLanguage":"fr-FR"},{"@type":"Organization","@id":"https:\/\/lasentinelle.dz\/#organization","name":"Quotidien La Sentinelle","url":"https:\/\/lasentinelle.dz\/","logo":{"@type":"ImageObject","inLanguage":"fr-FR","@id":"https:\/\/lasentinelle.dz\/#\/schema\/logo\/image\/","url":"https:\/\/lasentinelle.dz\/wp-content\/uploads\/2021\/09\/logo-sentinelleSLOGAN-1.png","contentUrl":"https:\/\/lasentinelle.dz\/wp-content\/uploads\/2021\/09\/logo-sentinelleSLOGAN-1.png","width":615,"height":142,"caption":"Quotidien La Sentinelle"},"image":{"@id":"https:\/\/lasentinelle.dz\/#\/schema\/logo\/image\/"},"sameAs":["https:\/\/www.facebook.com\/La-Sentinelle-104059864394773"]},{"@type":"Person","@id":"https:\/\/lasentinelle.dz\/#\/schema\/person\/d865044e22e70a75174ce8bcad3acfb3","name":"La Sentinelle","image":{"@type":"ImageObject","inLanguage":"fr-FR","@id":"https:\/\/secure.gravatar.com\/avatar\/57de8e5d4b15d43fb361a71fbb36338450fe67865b528a43dd10ef7c51a20392?s=96&d=mm&r=g","url":"https:\/\/secure.gravatar.com\/avatar\/57de8e5d4b15d43fb361a71fbb36338450fe67865b528a43dd10ef7c51a20392?s=96&d=mm&r=g","contentUrl":"https:\/\/secure.gravatar.com\/avatar\/57de8e5d4b15d43fb361a71fbb36338450fe67865b528a43dd10ef7c51a20392?s=96&d=mm&r=g","caption":"La Sentinelle"},"sameAs":["http:\/\/www.lasentinelle.dz"],"url":"https:\/\/lasentinelle.dz\/author\/redaction\/"}]}},"_links":{"self":[{"href":"https:\/\/lasentinelle.dz\/index.php\/wp-json\/wp\/v2\/posts\/33685","targetHints":{"allow":["GET"]}}],"collection":[{"href":"https:\/\/lasentinelle.dz\/index.php\/wp-json\/wp\/v2\/posts"}],"about":[{"href":"https:\/\/lasentinelle.dz\/index.php\/wp-json\/wp\/v2\/types\/post"}],"author":[{"embeddable":true,"href":"https:\/\/lasentinelle.dz\/index.php\/wp-json\/wp\/v2\/users\/3"}],"replies":[{"embeddable":true,"href":"https:\/\/lasentinelle.dz\/index.php\/wp-json\/wp\/v2\/comments?post=33685"}],"version-history":[{"count":1,"href":"https:\/\/lasentinelle.dz\/index.php\/wp-json\/wp\/v2\/posts\/33685\/revisions"}],"predecessor-version":[{"id":33694,"href":"https:\/\/lasentinelle.dz\/index.php\/wp-json\/wp\/v2\/posts\/33685\/revisions\/33694"}],"wp:featuredmedia":[{"embeddable":true,"href":"https:\/\/lasentinelle.dz\/index.php\/wp-json\/wp\/v2\/media\/33693"}],"wp:attachment":[{"href":"https:\/\/lasentinelle.dz\/index.php\/wp-json\/wp\/v2\/media?parent=33685"}],"wp:term":[{"taxonomy":"category","embeddable":true,"href":"https:\/\/lasentinelle.dz\/index.php\/wp-json\/wp\/v2\/categories?post=33685"},{"taxonomy":"post_tag","embeddable":true,"href":"https:\/\/lasentinelle.dz\/index.php\/wp-json\/wp\/v2\/tags?post=33685"}],"curies":[{"name":"wp","href":"https:\/\/api.w.org\/{rel}","templated":true}]}}