{"id":33761,"date":"2023-01-07T22:08:00","date_gmt":"2023-01-07T21:08:00","guid":{"rendered":"https:\/\/lasentinelle.dz\/?p=33761"},"modified":"2023-01-07T20:50:23","modified_gmt":"2023-01-07T19:50:23","slug":"palestine-occupee-lodieux-racket-de-benjamin-netanyahou","status":"publish","type":"post","link":"https:\/\/lasentinelle.dz\/index.php\/2023\/01\/07\/palestine-occupee-lodieux-racket-de-benjamin-netanyahou\/","title":{"rendered":"Palestine occup\u00e9e\u00a0: L\u2019odieux racket de Benjamin Netanyahou"},"content":{"rendered":"\n<p>Le sous-secr\u00e9taire g\u00e9n\u00e9ral des Nations Unies pour le Moyen-Orient, l&rsquo;Asie et le Pacifique au D\u00e9partement des affaires politiques, Khaled Khiari, a fait part, durant le week-end, devant le Conseil de s\u00e9curit\u00e9, de son inqui\u00e9tude concernant la visite du ministre extr\u00e9miste sioniste, Itamar Ben Gvir, le 3 janvier sur l\u2019esplanade d\u2019Al-Aqsa.<\/p>\n\n\n\n<p>\u00ab Comme nous l&rsquo;avons vu \u00e0 de nombreuses reprises dans le pass\u00e9, la situation sur les Lieux saints est profond\u00e9ment fragile, et tout incident ou tension peut d\u00e9border et provoquer des violences dans (&#8230;) toute la r\u00e9gion \u00bb, a encore dit le haut responsable onusien.<\/p>\n\n\n\n<p>Le responsable onusien a r\u00e9it\u00e9r\u00e9 l&rsquo;appel du secr\u00e9taire g\u00e9n\u00e9ral de l\u2019ONU \u00e0 \u00ab s&rsquo;abstenir de prendre des mesures susceptibles d&rsquo;aggraver les tensions \u00e0 l&rsquo;int\u00e9rieur et autour des Lieux saints, et \u00e0 maintenir le statu quo, conform\u00e9ment au r\u00f4le particulier du Royaume hach\u00e9mite de Jordanie \u00bb. L&rsquo;intrusion du responsable sioniste, \u00ab est consid\u00e9r\u00e9e comme particuli\u00e8rement incendiaire \u00e9tant donn\u00e9 le plaidoyer pass\u00e9 de Ben Gvir pour des changements au statu quo \u00bb, a-t-il observ\u00e9. \u00ab En ce moment sensible, tous les efforts visant \u00e0 faire baisser les tensions doivent \u00eatre encourag\u00e9s, tandis que les provocations, les mesures incendiaires, les actions unilat\u00e9rales et les menaces de violence doivent \u00eatre cat\u00e9goriquement rejet\u00e9es \u00bb, a-t-il conclu.<\/p>\n\n\n\n<p>Le gouvernement de Benyamin Netanyahou reste cependant sourd aux appels \u00e0 la d\u00e9sescalade de la communaut\u00e9 internationale. Au contraire, il cherche \u00e0 mettre le feu aux poudres et \u00e0 aller \u00e0 la confrontation avec les Palestiniens. Tel-Aviv veut dans un premier temps faire payer aux Palestiniens l&rsquo;adoption, le 31 d\u00e9cembre, sur demande de l&rsquo;Autorit\u00e9 palestinienne, d&rsquo;une r\u00e9solution de l&rsquo;Assembl\u00e9e g\u00e9n\u00e9rale des Nations unies demandant \u00e0 la Cour internationale de justice (CIJ) de se pencher sur la question de l&rsquo;occupation isra\u00e9lienne des Territoires palestiniens.&nbsp;&nbsp;&nbsp;&nbsp;&nbsp;<\/p>\n\n\n\n<p>Adopt\u00e9e deux jours apr\u00e8s l&rsquo;investiture du nouveau gouvernement isra\u00e9lien, la r\u00e9solution, non contraignante, appelle aussi l\u2019entit\u00e9 sioniste \u00e0 mettre fin \u00e0 la colonisation juive en Cisjordanie et exhorte la CIJ \u00e0 d\u00e9terminer \u00ables cons\u00e9quences juridiques de la violation persistante par Isra\u00ebl du droit du peuple palestinien \u00e0 l&rsquo;autod\u00e9termination\u00bb. D\u00e9non\u00e7ant une \u00abguerre politique et l\u00e9gale contre l&rsquo;Etat d&rsquo;Isra\u00ebl\u00bb lanc\u00e9e par l&rsquo;Autorit\u00e9 palestinienne, le gouvernement de Benyamin Netanyahou affirme qu&rsquo;il \u00abne restera pas les bras crois\u00e9s\u00bb et \u00abr\u00e9pondra comme il se doit\u00bb.<\/p>\n\n\n\n<p>L\u2019entit\u00e9 sioniste a ainsi annonc\u00e9 vendredi l&rsquo;adoption de sanctions contre l&rsquo;Autorit\u00e9 palestinienne. La d\u00e9cision, prise jeudi lors de la premi\u00e8re r\u00e9union du cabinet de s\u00e9curit\u00e9 du nouveau gouvernement dirig\u00e9 par Benyamin Netanyahou, consiste \u00e0 octroyer \u00e0 \u00ab&nbsp;des familles de victimes d&rsquo;attaques palestiniennes&nbsp;\u00bb environ 139 millions de shekels (37,3 millions d&rsquo;euros) pr\u00e9lev\u00e9s sur ce que l\u2019entit\u00e9 sioniste per\u00e7oit en taxes douani\u00e8res pour le compte de l&rsquo;Autorit\u00e9 palestinienne.<\/p>\n\n\n\n<p>Tel-Aviv retiendra \u00e9galement d&rsquo;autres fonds per\u00e7us pour l&rsquo;Autorit\u00e9 palestinienne, \u00e0 hauteur de ce que celle-ci a vers\u00e9 en 2022 aux Palestiniens et \u00e0 leurs familles. L&rsquo;Autorit\u00e9 palestinienne verse chaque mois des allocations aux familles des Palestiniens emprisonn\u00e9s dans les ge\u00f4les sionistes et des \u00abmartyrs\u00bb, qu&rsquo;il s&rsquo;agisse de Palestiniens morts en menant des attentats antisionistes ou lors de heurts avec l&rsquo;arm\u00e9e d\u2019occupation en Cisjordanie. Le cabinet de s\u00e9curit\u00e9 a \u00e9galement d\u00e9cid\u00e9 de geler des projets de construction palestiniens dans certains secteurs des territoires palestiniens occup\u00e9s. En somme, il s\u2019agit d\u2019un racket pur et simple qui est destin\u00e9 \u00e0 \u00e9touffer financi\u00e8rement l\u2019Autorit\u00e9 palestinienne. Un chantage qui intervient \u00e0 un moment o\u00f9 les territoires palestiniens subissent une crise \u00e9conomique aigu\u00eb.&nbsp;&nbsp;&nbsp; Le porte-parole de la pr\u00e9sidence palestinienne, Nabil Abu Rudeineh, le secr\u00e9taire du Comit\u00e9 ex\u00e9cutif de l&rsquo;Organisation de lib\u00e9ration de Palestine (OLP), Hussein Al-Sheikh, et le minist\u00e8re des Affaires \u00e9trang\u00e8res ont d\u00e9nonc\u00e9 ces sanctions contraires \u00e0 la l\u00e9galit\u00e9 internationale.M. Abu Rudeineh a d\u00e9clar\u00e9 dans un communiqu\u00e9 que \u00ables mesures annonc\u00e9es par le gouvernement d&rsquo;occupation en r\u00e9ponse \u00e0 la d\u00e9marche palestinienne aupr\u00e8s des institutions des Nations unies sont condamn\u00e9es et rejet\u00e9es, qu&rsquo;il s&rsquo;agisse de ponction des fonds ou de toute autre mesure\u00bb.Il a appel\u00e9 \u00abla communaut\u00e9 internationale, notamment l&rsquo;administration am\u00e9ricaine, \u00e0 prendre des mesures imm\u00e9diates pour faire cesser ces menaces, qui sont contraires \u00e0 toutes les r\u00e9solutions de la l\u00e9galit\u00e9 internationale\u00bb, ajoutant que le gouvernement sioniste \u00abignore de mani\u00e8re flagrante le droit international ce qui n\u00e9cessite une position internationale ferme envers cette anarchie\u00bb.Et de poursuivre: \u00abLes droits des Palestiniens ne sont pas n\u00e9gociables, et notre peuple palestinien et ses dirigeants sont capables de prot\u00e9ger les droits des Palestiniens approuv\u00e9s par les r\u00e9solutions de la l\u00e9galit\u00e9 internationale, quel qu&rsquo;en soit le prix\u00bb.Pour sa part, le secr\u00e9taire du comit\u00e9 ex\u00e9cutif de l&rsquo;OLP, Hussein Al-Sheikh, a d\u00e9clar\u00e9 dans un tweet que les mesures sionistes \u00abne d\u00e9courageront pas les Palestiniens de poursuivre l&rsquo;entit\u00e9 sioniste au niveau international\u00bb.Il a ajout\u00e9 : \u00ables mesures annonc\u00e9es par l&rsquo;entit\u00e9 sioniste, dont la principale est la confiscation continue de notre argent, ne nous d\u00e9tourneront pas de notre objectif de la poursuivre devant les institutions et forums internationaux et d&rsquo;exposer ses politiques contre le peuple palestinien\u00bb.Dans un communiqu\u00e9, le minist\u00e8re palestinien des Affaires \u00e9trang\u00e8res a consid\u00e9r\u00e9 ces mesures comme \u00abune violation flagrante des obligations de l&rsquo;entit\u00e9 sioniste en tant que puissance occupante et une persistance dans la r\u00e9bellion contre le droit international et les accords sign\u00e9s\u00bb.<\/p>\n\n\n\n<p>Khider Larbi<\/p>\n","protected":false},"excerpt":{"rendered":"<p>Le sous-secr\u00e9taire g\u00e9n\u00e9ral des Nations Unies pour le Moyen-Orient, l&rsquo;Asie et le Pacifique au D\u00e9partement des affaires politiques, Khaled Khiari,<\/p>\n","protected":false},"author":3,"featured_media":33762,"comment_status":"open","ping_status":"closed","sticky":false,"template":"","format":"standard","meta":{"colormag_page_container_layout":"default_layout","colormag_page_sidebar_layout":"default_layout","om_disable_all_campaigns":false,"_monsterinsights_skip_tracking":false,"_monsterinsights_sitenote_active":false,"_monsterinsights_sitenote_note":"","_monsterinsights_sitenote_category":0,"footnotes":"","_wpscppro_dont_share_socialmedia":false,"_wpscppro_custom_social_share_image":0,"_facebook_share_type":"","_twitter_share_type":"","_linkedin_share_type":"","_pinterest_share_type":"","_linkedin_share_type_page":"","_instagram_share_type":"","_medium_share_type":"","_threads_share_type":"","_google_business_share_type":"","_selected_social_profile":[],"_wpsp_enable_custom_social_template":false,"_wpsp_social_scheduling":{"enabled":false,"datetime":null,"platforms":[],"status":"template_only","dateOption":"today","timeOption":"now","customDays":"","customHours":"","customDate":"","customTime":"","schedulingType":"absolute"},"_wpsp_active_default_template":true},"categories":[52,37],"tags":[],"class_list":["post-33761","post","type-post","status-publish","format-standard","has-post-thumbnail","hentry","category-a-la-une","category-monde"],"aioseo_notices":[],"yoast_head":"<!-- This site is optimized with the Yoast SEO plugin v27.5 - https:\/\/yoast.com\/product\/yoast-seo-wordpress\/ -->\n<title>Palestine occup\u00e9e\u00a0: L\u2019odieux racket de Benjamin Netanyahou - La Sentinelle<\/title>\n<meta name=\"robots\" content=\"index, follow, max-snippet:-1, max-image-preview:large, max-video-preview:-1\" \/>\n<link rel=\"canonical\" href=\"https:\/\/lasentinelle.dz\/index.php\/2023\/01\/07\/palestine-occupee-lodieux-racket-de-benjamin-netanyahou\/\" \/>\n<meta property=\"og:locale\" content=\"fr_FR\" \/>\n<meta property=\"og:type\" content=\"article\" \/>\n<meta property=\"og:title\" content=\"Palestine occup\u00e9e\u00a0: L\u2019odieux racket de Benjamin Netanyahou - La Sentinelle\" \/>\n<meta property=\"og:description\" content=\"Le sous-secr\u00e9taire g\u00e9n\u00e9ral des Nations Unies pour le Moyen-Orient, l&rsquo;Asie et le Pacifique au D\u00e9partement des affaires politiques, Khaled Khiari,\" \/>\n<meta property=\"og:url\" content=\"https:\/\/lasentinelle.dz\/index.php\/2023\/01\/07\/palestine-occupee-lodieux-racket-de-benjamin-netanyahou\/\" \/>\n<meta property=\"og:site_name\" content=\"La Sentinelle\" \/>\n<meta property=\"article:publisher\" content=\"https:\/\/www.facebook.com\/La-Sentinelle-104059864394773\" \/>\n<meta property=\"article:published_time\" content=\"2023-01-07T21:08:00+00:00\" \/>\n<meta property=\"og:image\" content=\"https:\/\/lasentinelle.dz\/wp-content\/uploads\/2023\/01\/nabil-abu-rudeineh.png\" \/>\n\t<meta property=\"og:image:width\" content=\"1200\" \/>\n\t<meta property=\"og:image:height\" content=\"900\" \/>\n\t<meta property=\"og:image:type\" content=\"image\/png\" \/>\n<meta name=\"author\" content=\"La Sentinelle\" \/>\n<meta name=\"twitter:card\" content=\"summary_large_image\" \/>\n<meta name=\"twitter:label1\" content=\"\u00c9crit par\" \/>\n\t<meta name=\"twitter:data1\" content=\"La Sentinelle\" \/>\n\t<meta name=\"twitter:label2\" content=\"Dur\u00e9e de lecture estim\u00e9e\" \/>\n\t<meta name=\"twitter:data2\" content=\"5 minutes\" \/>\n<script type=\"application\/ld+json\" class=\"yoast-schema-graph\">{\"@context\":\"https:\\\/\\\/schema.org\",\"@graph\":[{\"@type\":\"Article\",\"@id\":\"https:\\\/\\\/lasentinelle.dz\\\/index.php\\\/2023\\\/01\\\/07\\\/palestine-occupee-lodieux-racket-de-benjamin-netanyahou\\\/#article\",\"isPartOf\":{\"@id\":\"https:\\\/\\\/lasentinelle.dz\\\/index.php\\\/2023\\\/01\\\/07\\\/palestine-occupee-lodieux-racket-de-benjamin-netanyahou\\\/\"},\"author\":{\"name\":\"La Sentinelle\",\"@id\":\"https:\\\/\\\/lasentinelle.dz\\\/#\\\/schema\\\/person\\\/d865044e22e70a75174ce8bcad3acfb3\"},\"headline\":\"Palestine occup\u00e9e\u00a0: L\u2019odieux racket de Benjamin Netanyahou\",\"datePublished\":\"2023-01-07T21:08:00+00:00\",\"mainEntityOfPage\":{\"@id\":\"https:\\\/\\\/lasentinelle.dz\\\/index.php\\\/2023\\\/01\\\/07\\\/palestine-occupee-lodieux-racket-de-benjamin-netanyahou\\\/\"},\"wordCount\":975,\"commentCount\":0,\"publisher\":{\"@id\":\"https:\\\/\\\/lasentinelle.dz\\\/#organization\"},\"image\":{\"@id\":\"https:\\\/\\\/lasentinelle.dz\\\/index.php\\\/2023\\\/01\\\/07\\\/palestine-occupee-lodieux-racket-de-benjamin-netanyahou\\\/#primaryimage\"},\"thumbnailUrl\":\"https:\\\/\\\/lasentinelle.dz\\\/wp-content\\\/uploads\\\/2023\\\/01\\\/nabil-abu-rudeineh.png\",\"articleSection\":[\"\u00c0 la Une\",\"Monde\"],\"inLanguage\":\"fr-FR\",\"potentialAction\":[{\"@type\":\"CommentAction\",\"name\":\"Comment\",\"target\":[\"https:\\\/\\\/lasentinelle.dz\\\/index.php\\\/2023\\\/01\\\/07\\\/palestine-occupee-lodieux-racket-de-benjamin-netanyahou\\\/#respond\"]}]},{\"@type\":\"WebPage\",\"@id\":\"https:\\\/\\\/lasentinelle.dz\\\/index.php\\\/2023\\\/01\\\/07\\\/palestine-occupee-lodieux-racket-de-benjamin-netanyahou\\\/\",\"url\":\"https:\\\/\\\/lasentinelle.dz\\\/index.php\\\/2023\\\/01\\\/07\\\/palestine-occupee-lodieux-racket-de-benjamin-netanyahou\\\/\",\"name\":\"Palestine occup\u00e9e\u00a0: L\u2019odieux racket de Benjamin Netanyahou - La Sentinelle\",\"isPartOf\":{\"@id\":\"https:\\\/\\\/lasentinelle.dz\\\/#website\"},\"primaryImageOfPage\":{\"@id\":\"https:\\\/\\\/lasentinelle.dz\\\/index.php\\\/2023\\\/01\\\/07\\\/palestine-occupee-lodieux-racket-de-benjamin-netanyahou\\\/#primaryimage\"},\"image\":{\"@id\":\"https:\\\/\\\/lasentinelle.dz\\\/index.php\\\/2023\\\/01\\\/07\\\/palestine-occupee-lodieux-racket-de-benjamin-netanyahou\\\/#primaryimage\"},\"thumbnailUrl\":\"https:\\\/\\\/lasentinelle.dz\\\/wp-content\\\/uploads\\\/2023\\\/01\\\/nabil-abu-rudeineh.png\",\"datePublished\":\"2023-01-07T21:08:00+00:00\",\"breadcrumb\":{\"@id\":\"https:\\\/\\\/lasentinelle.dz\\\/index.php\\\/2023\\\/01\\\/07\\\/palestine-occupee-lodieux-racket-de-benjamin-netanyahou\\\/#breadcrumb\"},\"inLanguage\":\"fr-FR\",\"potentialAction\":[{\"@type\":\"ReadAction\",\"target\":[\"https:\\\/\\\/lasentinelle.dz\\\/index.php\\\/2023\\\/01\\\/07\\\/palestine-occupee-lodieux-racket-de-benjamin-netanyahou\\\/\"]}]},{\"@type\":\"ImageObject\",\"inLanguage\":\"fr-FR\",\"@id\":\"https:\\\/\\\/lasentinelle.dz\\\/index.php\\\/2023\\\/01\\\/07\\\/palestine-occupee-lodieux-racket-de-benjamin-netanyahou\\\/#primaryimage\",\"url\":\"https:\\\/\\\/lasentinelle.dz\\\/wp-content\\\/uploads\\\/2023\\\/01\\\/nabil-abu-rudeineh.png\",\"contentUrl\":\"https:\\\/\\\/lasentinelle.dz\\\/wp-content\\\/uploads\\\/2023\\\/01\\\/nabil-abu-rudeineh.png\",\"width\":1200,\"height\":900},{\"@type\":\"BreadcrumbList\",\"@id\":\"https:\\\/\\\/lasentinelle.dz\\\/index.php\\\/2023\\\/01\\\/07\\\/palestine-occupee-lodieux-racket-de-benjamin-netanyahou\\\/#breadcrumb\",\"itemListElement\":[{\"@type\":\"ListItem\",\"position\":1,\"name\":\"Accueil\",\"item\":\"https:\\\/\\\/lasentinelle.dz\\\/\"},{\"@type\":\"ListItem\",\"position\":2,\"name\":\"Palestine occup\u00e9e\u00a0: L\u2019odieux racket de Benjamin Netanyahou\"}]},{\"@type\":\"WebSite\",\"@id\":\"https:\\\/\\\/lasentinelle.dz\\\/#website\",\"url\":\"https:\\\/\\\/lasentinelle.dz\\\/\",\"name\":\"La Sentinelle\",\"description\":\"Quotidien national d&#039;information\",\"publisher\":{\"@id\":\"https:\\\/\\\/lasentinelle.dz\\\/#organization\"},\"potentialAction\":[{\"@type\":\"SearchAction\",\"target\":{\"@type\":\"EntryPoint\",\"urlTemplate\":\"https:\\\/\\\/lasentinelle.dz\\\/?s={search_term_string}\"},\"query-input\":{\"@type\":\"PropertyValueSpecification\",\"valueRequired\":true,\"valueName\":\"search_term_string\"}}],\"inLanguage\":\"fr-FR\"},{\"@type\":\"Organization\",\"@id\":\"https:\\\/\\\/lasentinelle.dz\\\/#organization\",\"name\":\"Quotidien La Sentinelle\",\"url\":\"https:\\\/\\\/lasentinelle.dz\\\/\",\"logo\":{\"@type\":\"ImageObject\",\"inLanguage\":\"fr-FR\",\"@id\":\"https:\\\/\\\/lasentinelle.dz\\\/#\\\/schema\\\/logo\\\/image\\\/\",\"url\":\"https:\\\/\\\/lasentinelle.dz\\\/wp-content\\\/uploads\\\/2021\\\/09\\\/logo-sentinelleSLOGAN-1.png\",\"contentUrl\":\"https:\\\/\\\/lasentinelle.dz\\\/wp-content\\\/uploads\\\/2021\\\/09\\\/logo-sentinelleSLOGAN-1.png\",\"width\":615,\"height\":142,\"caption\":\"Quotidien La Sentinelle\"},\"image\":{\"@id\":\"https:\\\/\\\/lasentinelle.dz\\\/#\\\/schema\\\/logo\\\/image\\\/\"},\"sameAs\":[\"https:\\\/\\\/www.facebook.com\\\/La-Sentinelle-104059864394773\"]},{\"@type\":\"Person\",\"@id\":\"https:\\\/\\\/lasentinelle.dz\\\/#\\\/schema\\\/person\\\/d865044e22e70a75174ce8bcad3acfb3\",\"name\":\"La Sentinelle\",\"image\":{\"@type\":\"ImageObject\",\"inLanguage\":\"fr-FR\",\"@id\":\"https:\\\/\\\/secure.gravatar.com\\\/avatar\\\/57de8e5d4b15d43fb361a71fbb36338450fe67865b528a43dd10ef7c51a20392?s=96&d=mm&r=g\",\"url\":\"https:\\\/\\\/secure.gravatar.com\\\/avatar\\\/57de8e5d4b15d43fb361a71fbb36338450fe67865b528a43dd10ef7c51a20392?s=96&d=mm&r=g\",\"contentUrl\":\"https:\\\/\\\/secure.gravatar.com\\\/avatar\\\/57de8e5d4b15d43fb361a71fbb36338450fe67865b528a43dd10ef7c51a20392?s=96&d=mm&r=g\",\"caption\":\"La Sentinelle\"},\"sameAs\":[\"http:\\\/\\\/www.lasentinelle.dz\"],\"url\":\"https:\\\/\\\/lasentinelle.dz\\\/author\\\/redaction\\\/\"}]}<\/script>\n<!-- \/ Yoast SEO plugin. -->","yoast_head_json":{"title":"Palestine occup\u00e9e\u00a0: L\u2019odieux racket de Benjamin Netanyahou - La Sentinelle","robots":{"index":"index","follow":"follow","max-snippet":"max-snippet:-1","max-image-preview":"max-image-preview:large","max-video-preview":"max-video-preview:-1"},"canonical":"https:\/\/lasentinelle.dz\/index.php\/2023\/01\/07\/palestine-occupee-lodieux-racket-de-benjamin-netanyahou\/","og_locale":"fr_FR","og_type":"article","og_title":"Palestine occup\u00e9e\u00a0: L\u2019odieux racket de Benjamin Netanyahou - La Sentinelle","og_description":"Le sous-secr\u00e9taire g\u00e9n\u00e9ral des Nations Unies pour le Moyen-Orient, l&rsquo;Asie et le Pacifique au D\u00e9partement des affaires politiques, Khaled Khiari,","og_url":"https:\/\/lasentinelle.dz\/index.php\/2023\/01\/07\/palestine-occupee-lodieux-racket-de-benjamin-netanyahou\/","og_site_name":"La Sentinelle","article_publisher":"https:\/\/www.facebook.com\/La-Sentinelle-104059864394773","article_published_time":"2023-01-07T21:08:00+00:00","og_image":[{"width":1200,"height":900,"url":"https:\/\/lasentinelle.dz\/wp-content\/uploads\/2023\/01\/nabil-abu-rudeineh.png","type":"image\/png"}],"author":"La Sentinelle","twitter_card":"summary_large_image","twitter_misc":{"\u00c9crit par":"La Sentinelle","Dur\u00e9e de lecture estim\u00e9e":"5 minutes"},"schema":{"@context":"https:\/\/schema.org","@graph":[{"@type":"Article","@id":"https:\/\/lasentinelle.dz\/index.php\/2023\/01\/07\/palestine-occupee-lodieux-racket-de-benjamin-netanyahou\/#article","isPartOf":{"@id":"https:\/\/lasentinelle.dz\/index.php\/2023\/01\/07\/palestine-occupee-lodieux-racket-de-benjamin-netanyahou\/"},"author":{"name":"La Sentinelle","@id":"https:\/\/lasentinelle.dz\/#\/schema\/person\/d865044e22e70a75174ce8bcad3acfb3"},"headline":"Palestine occup\u00e9e\u00a0: L\u2019odieux racket de Benjamin Netanyahou","datePublished":"2023-01-07T21:08:00+00:00","mainEntityOfPage":{"@id":"https:\/\/lasentinelle.dz\/index.php\/2023\/01\/07\/palestine-occupee-lodieux-racket-de-benjamin-netanyahou\/"},"wordCount":975,"commentCount":0,"publisher":{"@id":"https:\/\/lasentinelle.dz\/#organization"},"image":{"@id":"https:\/\/lasentinelle.dz\/index.php\/2023\/01\/07\/palestine-occupee-lodieux-racket-de-benjamin-netanyahou\/#primaryimage"},"thumbnailUrl":"https:\/\/lasentinelle.dz\/wp-content\/uploads\/2023\/01\/nabil-abu-rudeineh.png","articleSection":["\u00c0 la Une","Monde"],"inLanguage":"fr-FR","potentialAction":[{"@type":"CommentAction","name":"Comment","target":["https:\/\/lasentinelle.dz\/index.php\/2023\/01\/07\/palestine-occupee-lodieux-racket-de-benjamin-netanyahou\/#respond"]}]},{"@type":"WebPage","@id":"https:\/\/lasentinelle.dz\/index.php\/2023\/01\/07\/palestine-occupee-lodieux-racket-de-benjamin-netanyahou\/","url":"https:\/\/lasentinelle.dz\/index.php\/2023\/01\/07\/palestine-occupee-lodieux-racket-de-benjamin-netanyahou\/","name":"Palestine occup\u00e9e\u00a0: L\u2019odieux racket de Benjamin Netanyahou - La Sentinelle","isPartOf":{"@id":"https:\/\/lasentinelle.dz\/#website"},"primaryImageOfPage":{"@id":"https:\/\/lasentinelle.dz\/index.php\/2023\/01\/07\/palestine-occupee-lodieux-racket-de-benjamin-netanyahou\/#primaryimage"},"image":{"@id":"https:\/\/lasentinelle.dz\/index.php\/2023\/01\/07\/palestine-occupee-lodieux-racket-de-benjamin-netanyahou\/#primaryimage"},"thumbnailUrl":"https:\/\/lasentinelle.dz\/wp-content\/uploads\/2023\/01\/nabil-abu-rudeineh.png","datePublished":"2023-01-07T21:08:00+00:00","breadcrumb":{"@id":"https:\/\/lasentinelle.dz\/index.php\/2023\/01\/07\/palestine-occupee-lodieux-racket-de-benjamin-netanyahou\/#breadcrumb"},"inLanguage":"fr-FR","potentialAction":[{"@type":"ReadAction","target":["https:\/\/lasentinelle.dz\/index.php\/2023\/01\/07\/palestine-occupee-lodieux-racket-de-benjamin-netanyahou\/"]}]},{"@type":"ImageObject","inLanguage":"fr-FR","@id":"https:\/\/lasentinelle.dz\/index.php\/2023\/01\/07\/palestine-occupee-lodieux-racket-de-benjamin-netanyahou\/#primaryimage","url":"https:\/\/lasentinelle.dz\/wp-content\/uploads\/2023\/01\/nabil-abu-rudeineh.png","contentUrl":"https:\/\/lasentinelle.dz\/wp-content\/uploads\/2023\/01\/nabil-abu-rudeineh.png","width":1200,"height":900},{"@type":"BreadcrumbList","@id":"https:\/\/lasentinelle.dz\/index.php\/2023\/01\/07\/palestine-occupee-lodieux-racket-de-benjamin-netanyahou\/#breadcrumb","itemListElement":[{"@type":"ListItem","position":1,"name":"Accueil","item":"https:\/\/lasentinelle.dz\/"},{"@type":"ListItem","position":2,"name":"Palestine occup\u00e9e\u00a0: L\u2019odieux racket de Benjamin Netanyahou"}]},{"@type":"WebSite","@id":"https:\/\/lasentinelle.dz\/#website","url":"https:\/\/lasentinelle.dz\/","name":"La Sentinelle","description":"Quotidien national d&#039;information","publisher":{"@id":"https:\/\/lasentinelle.dz\/#organization"},"potentialAction":[{"@type":"SearchAction","target":{"@type":"EntryPoint","urlTemplate":"https:\/\/lasentinelle.dz\/?s={search_term_string}"},"query-input":{"@type":"PropertyValueSpecification","valueRequired":true,"valueName":"search_term_string"}}],"inLanguage":"fr-FR"},{"@type":"Organization","@id":"https:\/\/lasentinelle.dz\/#organization","name":"Quotidien La Sentinelle","url":"https:\/\/lasentinelle.dz\/","logo":{"@type":"ImageObject","inLanguage":"fr-FR","@id":"https:\/\/lasentinelle.dz\/#\/schema\/logo\/image\/","url":"https:\/\/lasentinelle.dz\/wp-content\/uploads\/2021\/09\/logo-sentinelleSLOGAN-1.png","contentUrl":"https:\/\/lasentinelle.dz\/wp-content\/uploads\/2021\/09\/logo-sentinelleSLOGAN-1.png","width":615,"height":142,"caption":"Quotidien La Sentinelle"},"image":{"@id":"https:\/\/lasentinelle.dz\/#\/schema\/logo\/image\/"},"sameAs":["https:\/\/www.facebook.com\/La-Sentinelle-104059864394773"]},{"@type":"Person","@id":"https:\/\/lasentinelle.dz\/#\/schema\/person\/d865044e22e70a75174ce8bcad3acfb3","name":"La Sentinelle","image":{"@type":"ImageObject","inLanguage":"fr-FR","@id":"https:\/\/secure.gravatar.com\/avatar\/57de8e5d4b15d43fb361a71fbb36338450fe67865b528a43dd10ef7c51a20392?s=96&d=mm&r=g","url":"https:\/\/secure.gravatar.com\/avatar\/57de8e5d4b15d43fb361a71fbb36338450fe67865b528a43dd10ef7c51a20392?s=96&d=mm&r=g","contentUrl":"https:\/\/secure.gravatar.com\/avatar\/57de8e5d4b15d43fb361a71fbb36338450fe67865b528a43dd10ef7c51a20392?s=96&d=mm&r=g","caption":"La Sentinelle"},"sameAs":["http:\/\/www.lasentinelle.dz"],"url":"https:\/\/lasentinelle.dz\/author\/redaction\/"}]}},"_links":{"self":[{"href":"https:\/\/lasentinelle.dz\/index.php\/wp-json\/wp\/v2\/posts\/33761","targetHints":{"allow":["GET"]}}],"collection":[{"href":"https:\/\/lasentinelle.dz\/index.php\/wp-json\/wp\/v2\/posts"}],"about":[{"href":"https:\/\/lasentinelle.dz\/index.php\/wp-json\/wp\/v2\/types\/post"}],"author":[{"embeddable":true,"href":"https:\/\/lasentinelle.dz\/index.php\/wp-json\/wp\/v2\/users\/3"}],"replies":[{"embeddable":true,"href":"https:\/\/lasentinelle.dz\/index.php\/wp-json\/wp\/v2\/comments?post=33761"}],"version-history":[{"count":2,"href":"https:\/\/lasentinelle.dz\/index.php\/wp-json\/wp\/v2\/posts\/33761\/revisions"}],"predecessor-version":[{"id":33818,"href":"https:\/\/lasentinelle.dz\/index.php\/wp-json\/wp\/v2\/posts\/33761\/revisions\/33818"}],"wp:featuredmedia":[{"embeddable":true,"href":"https:\/\/lasentinelle.dz\/index.php\/wp-json\/wp\/v2\/media\/33762"}],"wp:attachment":[{"href":"https:\/\/lasentinelle.dz\/index.php\/wp-json\/wp\/v2\/media?parent=33761"}],"wp:term":[{"taxonomy":"category","embeddable":true,"href":"https:\/\/lasentinelle.dz\/index.php\/wp-json\/wp\/v2\/categories?post=33761"},{"taxonomy":"post_tag","embeddable":true,"href":"https:\/\/lasentinelle.dz\/index.php\/wp-json\/wp\/v2\/tags?post=33761"}],"curies":[{"name":"wp","href":"https:\/\/api.w.org\/{rel}","templated":true}]}}