{"id":33769,"date":"2023-01-07T22:05:00","date_gmt":"2023-01-07T21:05:00","guid":{"rendered":"https:\/\/lasentinelle.dz\/?p=33769"},"modified":"2023-01-07T19:45:32","modified_gmt":"2023-01-07T18:45:32","slug":"education-nationale-les-examens-professionnels-de-promotion-prevus-le-21-janvier","status":"publish","type":"post","link":"https:\/\/lasentinelle.dz\/index.php\/2023\/01\/07\/education-nationale-les-examens-professionnels-de-promotion-prevus-le-21-janvier\/","title":{"rendered":"\u00c9ducation nationale\u00a0: Les examens professionnels de promotion pr\u00e9vus le 21 janvier"},"content":{"rendered":"\n<p>&nbsp;Le ministre de l&rsquo;Education nationale, Abdelhakim Belaabed, jeudi pass\u00e9, une conf\u00e9rence nationale par visio-conf\u00e9rence, en pr\u00e9sence de cadres de l&rsquo;administration centrale, du directeur de l&rsquo;Office national des examens et concours (ONEC) et des directeurs de l&rsquo;Education. L\u2019occasion pour le ministre d\u2019\u00e9voquer l&rsquo;op\u00e9ration d&rsquo;int\u00e9gration&nbsp; de 62.000 enseignants contractuels. Le ministre a ainsi ordonn\u00e9 l&rsquo;entame de l&rsquo;op\u00e9ration de validation des dipl\u00f4mes des enseignants int\u00e9gr\u00e9s, ajoutant que cette op\u00e9ration \u00ab\u00a0a \u00e9t\u00e9 accomplie dans des d\u00e9lais records\u00a0\u00bb.Tout en valorisant les efforts consentis en vue de concr\u00e9tiser la d\u00e9cision du pr\u00e9sident de la R\u00e9publique, M. Abdelmadjid Tebboune, le ministre a appel\u00e9 \u00e0 \u00ab\u00a0se soucier de la validation des listes nominatives au titre de 2022 et \u00e0 pr\u00e9parer la reprise du travail des commissions itin\u00e9rantes relevant de l&rsquo;Inspection g\u00e9n\u00e9rale du minist\u00e8re, dans l&rsquo;objectif d&rsquo;accompagner, former et contribuer au traitement des situations en suspens, le cas \u00e9ch\u00e9ant\u00a0\u00bb.<\/p>\n\n\n\n<p>Le ministre a \u00e9galement donn\u00e9 des instructions \u00e0 l&rsquo;effet d'\u00a0\u00bborganiser les examens professionnels de promotion, le 21 janvier et de veiller \u00e0 leur d\u00e9roulement dans de meilleures conditions\u00a0\u00bb.En pr\u00e9paration de la journ\u00e9e nationale de la M\u00e9moire, le ministre a mis l&rsquo;accent sur l&rsquo;importance d&rsquo;organiser \u00ab\u00a0un concours d&rsquo;\u00e9criture de nouvelle sur la M\u00e9moire nationale, en pr\u00e9paration de la journ\u00e9e nationale de la M\u00e9moire, c\u00e9l\u00e9br\u00e9e le 8 mai de chaque ann\u00e9e\u00a0\u00bb.M. Belaabed a exhort\u00e9 \u00ab\u00a0tout un chacun \u00e0 bien pr\u00e9parer l&rsquo;op\u00e9ration de formation et d&rsquo;accompagnement qui sera entam\u00e9e prochainement au niveau r\u00e9gional et de wilaya, dans le cadre des pr\u00e9paratifs de l&rsquo;examen d&rsquo;\u00e9valuation des acquis de fin du cycle primaire\u00a0\u00bb.<\/p>\n\n\n\n<p>R.N.<\/p>\n","protected":false},"excerpt":{"rendered":"<p>&nbsp;Le ministre de l&rsquo;Education nationale, Abdelhakim Belaabed, jeudi pass\u00e9, une conf\u00e9rence nationale par visio-conf\u00e9rence, en pr\u00e9sence de cadres de l&rsquo;administration<\/p>\n","protected":false},"author":3,"featured_media":33801,"comment_status":"open","ping_status":"closed","sticky":false,"template":"","format":"standard","meta":{"colormag_page_container_layout":"default_layout","colormag_page_sidebar_layout":"default_layout","om_disable_all_campaigns":false,"_monsterinsights_skip_tracking":false,"_monsterinsights_sitenote_active":false,"_monsterinsights_sitenote_note":"","_monsterinsights_sitenote_category":0,"footnotes":"","_wpscppro_dont_share_socialmedia":false,"_wpscppro_custom_social_share_image":0,"_facebook_share_type":"","_twitter_share_type":"","_linkedin_share_type":"","_pinterest_share_type":"","_linkedin_share_type_page":"","_instagram_share_type":"","_medium_share_type":"","_threads_share_type":"","_google_business_share_type":"","_selected_social_profile":[],"_wpsp_enable_custom_social_template":false,"_wpsp_social_scheduling":{"enabled":false,"datetime":null,"platforms":[],"status":"template_only","dateOption":"today","timeOption":"now","customDays":"","customHours":"","customDate":"","customTime":"","schedulingType":"absolute"},"_wpsp_active_default_template":true},"categories":[27],"tags":[],"class_list":["post-33769","post","type-post","status-publish","format-standard","has-post-thumbnail","hentry","category-actualite"],"aioseo_notices":[],"yoast_head":"<!-- This site is optimized with the Yoast SEO plugin v27.5 - https:\/\/yoast.com\/product\/yoast-seo-wordpress\/ -->\n<title>\u00c9ducation nationale\u00a0: Les examens professionnels de promotion pr\u00e9vus le 21 janvier - La Sentinelle<\/title>\n<meta name=\"robots\" content=\"index, follow, max-snippet:-1, max-image-preview:large, max-video-preview:-1\" \/>\n<link rel=\"canonical\" href=\"https:\/\/lasentinelle.dz\/index.php\/2023\/01\/07\/education-nationale-les-examens-professionnels-de-promotion-prevus-le-21-janvier\/\" \/>\n<meta property=\"og:locale\" content=\"fr_FR\" \/>\n<meta property=\"og:type\" content=\"article\" \/>\n<meta property=\"og:title\" content=\"\u00c9ducation nationale\u00a0: Les examens professionnels de promotion pr\u00e9vus le 21 janvier - La Sentinelle\" \/>\n<meta property=\"og:description\" content=\"&nbsp;Le ministre de l&rsquo;Education nationale, Abdelhakim Belaabed, jeudi pass\u00e9, une conf\u00e9rence nationale par visio-conf\u00e9rence, en pr\u00e9sence de cadres de l&rsquo;administration\" \/>\n<meta property=\"og:url\" content=\"https:\/\/lasentinelle.dz\/index.php\/2023\/01\/07\/education-nationale-les-examens-professionnels-de-promotion-prevus-le-21-janvier\/\" \/>\n<meta property=\"og:site_name\" content=\"La Sentinelle\" \/>\n<meta property=\"article:publisher\" content=\"https:\/\/www.facebook.com\/La-Sentinelle-104059864394773\" \/>\n<meta property=\"article:published_time\" content=\"2023-01-07T21:05:00+00:00\" \/>\n<meta property=\"og:image\" content=\"https:\/\/lasentinelle.dz\/wp-content\/uploads\/2023\/01\/image_2023-01-07_194515702.png\" \/>\n\t<meta property=\"og:image:width\" content=\"592\" \/>\n\t<meta property=\"og:image:height\" content=\"395\" \/>\n\t<meta property=\"og:image:type\" content=\"image\/png\" \/>\n<meta name=\"author\" content=\"La Sentinelle\" \/>\n<meta name=\"twitter:card\" content=\"summary_large_image\" \/>\n<meta name=\"twitter:label1\" content=\"\u00c9crit par\" \/>\n\t<meta name=\"twitter:data1\" content=\"La Sentinelle\" \/>\n\t<meta name=\"twitter:label2\" content=\"Dur\u00e9e de lecture estim\u00e9e\" \/>\n\t<meta name=\"twitter:data2\" content=\"2 minutes\" \/>\n<script type=\"application\/ld+json\" class=\"yoast-schema-graph\">{\"@context\":\"https:\\\/\\\/schema.org\",\"@graph\":[{\"@type\":\"Article\",\"@id\":\"https:\\\/\\\/lasentinelle.dz\\\/index.php\\\/2023\\\/01\\\/07\\\/education-nationale-les-examens-professionnels-de-promotion-prevus-le-21-janvier\\\/#article\",\"isPartOf\":{\"@id\":\"https:\\\/\\\/lasentinelle.dz\\\/index.php\\\/2023\\\/01\\\/07\\\/education-nationale-les-examens-professionnels-de-promotion-prevus-le-21-janvier\\\/\"},\"author\":{\"name\":\"La Sentinelle\",\"@id\":\"https:\\\/\\\/lasentinelle.dz\\\/#\\\/schema\\\/person\\\/d865044e22e70a75174ce8bcad3acfb3\"},\"headline\":\"\u00c9ducation nationale\u00a0: Les examens professionnels de promotion pr\u00e9vus le 21 janvier\",\"datePublished\":\"2023-01-07T21:05:00+00:00\",\"mainEntityOfPage\":{\"@id\":\"https:\\\/\\\/lasentinelle.dz\\\/index.php\\\/2023\\\/01\\\/07\\\/education-nationale-les-examens-professionnels-de-promotion-prevus-le-21-janvier\\\/\"},\"wordCount\":318,\"commentCount\":0,\"publisher\":{\"@id\":\"https:\\\/\\\/lasentinelle.dz\\\/#organization\"},\"image\":{\"@id\":\"https:\\\/\\\/lasentinelle.dz\\\/index.php\\\/2023\\\/01\\\/07\\\/education-nationale-les-examens-professionnels-de-promotion-prevus-le-21-janvier\\\/#primaryimage\"},\"thumbnailUrl\":\"https:\\\/\\\/lasentinelle.dz\\\/wp-content\\\/uploads\\\/2023\\\/01\\\/image_2023-01-07_194515702.png\",\"articleSection\":[\"Actualit\u00e9\"],\"inLanguage\":\"fr-FR\",\"potentialAction\":[{\"@type\":\"CommentAction\",\"name\":\"Comment\",\"target\":[\"https:\\\/\\\/lasentinelle.dz\\\/index.php\\\/2023\\\/01\\\/07\\\/education-nationale-les-examens-professionnels-de-promotion-prevus-le-21-janvier\\\/#respond\"]}]},{\"@type\":\"WebPage\",\"@id\":\"https:\\\/\\\/lasentinelle.dz\\\/index.php\\\/2023\\\/01\\\/07\\\/education-nationale-les-examens-professionnels-de-promotion-prevus-le-21-janvier\\\/\",\"url\":\"https:\\\/\\\/lasentinelle.dz\\\/index.php\\\/2023\\\/01\\\/07\\\/education-nationale-les-examens-professionnels-de-promotion-prevus-le-21-janvier\\\/\",\"name\":\"\u00c9ducation nationale\u00a0: Les examens professionnels de promotion pr\u00e9vus le 21 janvier - La Sentinelle\",\"isPartOf\":{\"@id\":\"https:\\\/\\\/lasentinelle.dz\\\/#website\"},\"primaryImageOfPage\":{\"@id\":\"https:\\\/\\\/lasentinelle.dz\\\/index.php\\\/2023\\\/01\\\/07\\\/education-nationale-les-examens-professionnels-de-promotion-prevus-le-21-janvier\\\/#primaryimage\"},\"image\":{\"@id\":\"https:\\\/\\\/lasentinelle.dz\\\/index.php\\\/2023\\\/01\\\/07\\\/education-nationale-les-examens-professionnels-de-promotion-prevus-le-21-janvier\\\/#primaryimage\"},\"thumbnailUrl\":\"https:\\\/\\\/lasentinelle.dz\\\/wp-content\\\/uploads\\\/2023\\\/01\\\/image_2023-01-07_194515702.png\",\"datePublished\":\"2023-01-07T21:05:00+00:00\",\"breadcrumb\":{\"@id\":\"https:\\\/\\\/lasentinelle.dz\\\/index.php\\\/2023\\\/01\\\/07\\\/education-nationale-les-examens-professionnels-de-promotion-prevus-le-21-janvier\\\/#breadcrumb\"},\"inLanguage\":\"fr-FR\",\"potentialAction\":[{\"@type\":\"ReadAction\",\"target\":[\"https:\\\/\\\/lasentinelle.dz\\\/index.php\\\/2023\\\/01\\\/07\\\/education-nationale-les-examens-professionnels-de-promotion-prevus-le-21-janvier\\\/\"]}]},{\"@type\":\"ImageObject\",\"inLanguage\":\"fr-FR\",\"@id\":\"https:\\\/\\\/lasentinelle.dz\\\/index.php\\\/2023\\\/01\\\/07\\\/education-nationale-les-examens-professionnels-de-promotion-prevus-le-21-janvier\\\/#primaryimage\",\"url\":\"https:\\\/\\\/lasentinelle.dz\\\/wp-content\\\/uploads\\\/2023\\\/01\\\/image_2023-01-07_194515702.png\",\"contentUrl\":\"https:\\\/\\\/lasentinelle.dz\\\/wp-content\\\/uploads\\\/2023\\\/01\\\/image_2023-01-07_194515702.png\",\"width\":592,\"height\":395},{\"@type\":\"BreadcrumbList\",\"@id\":\"https:\\\/\\\/lasentinelle.dz\\\/index.php\\\/2023\\\/01\\\/07\\\/education-nationale-les-examens-professionnels-de-promotion-prevus-le-21-janvier\\\/#breadcrumb\",\"itemListElement\":[{\"@type\":\"ListItem\",\"position\":1,\"name\":\"Accueil\",\"item\":\"https:\\\/\\\/lasentinelle.dz\\\/\"},{\"@type\":\"ListItem\",\"position\":2,\"name\":\"\u00c9ducation nationale\u00a0: Les examens professionnels de promotion pr\u00e9vus le 21 janvier\"}]},{\"@type\":\"WebSite\",\"@id\":\"https:\\\/\\\/lasentinelle.dz\\\/#website\",\"url\":\"https:\\\/\\\/lasentinelle.dz\\\/\",\"name\":\"La Sentinelle\",\"description\":\"Quotidien national d&#039;information\",\"publisher\":{\"@id\":\"https:\\\/\\\/lasentinelle.dz\\\/#organization\"},\"potentialAction\":[{\"@type\":\"SearchAction\",\"target\":{\"@type\":\"EntryPoint\",\"urlTemplate\":\"https:\\\/\\\/lasentinelle.dz\\\/?s={search_term_string}\"},\"query-input\":{\"@type\":\"PropertyValueSpecification\",\"valueRequired\":true,\"valueName\":\"search_term_string\"}}],\"inLanguage\":\"fr-FR\"},{\"@type\":\"Organization\",\"@id\":\"https:\\\/\\\/lasentinelle.dz\\\/#organization\",\"name\":\"Quotidien La Sentinelle\",\"url\":\"https:\\\/\\\/lasentinelle.dz\\\/\",\"logo\":{\"@type\":\"ImageObject\",\"inLanguage\":\"fr-FR\",\"@id\":\"https:\\\/\\\/lasentinelle.dz\\\/#\\\/schema\\\/logo\\\/image\\\/\",\"url\":\"https:\\\/\\\/lasentinelle.dz\\\/wp-content\\\/uploads\\\/2021\\\/09\\\/logo-sentinelleSLOGAN-1.png\",\"contentUrl\":\"https:\\\/\\\/lasentinelle.dz\\\/wp-content\\\/uploads\\\/2021\\\/09\\\/logo-sentinelleSLOGAN-1.png\",\"width\":615,\"height\":142,\"caption\":\"Quotidien La Sentinelle\"},\"image\":{\"@id\":\"https:\\\/\\\/lasentinelle.dz\\\/#\\\/schema\\\/logo\\\/image\\\/\"},\"sameAs\":[\"https:\\\/\\\/www.facebook.com\\\/La-Sentinelle-104059864394773\"]},{\"@type\":\"Person\",\"@id\":\"https:\\\/\\\/lasentinelle.dz\\\/#\\\/schema\\\/person\\\/d865044e22e70a75174ce8bcad3acfb3\",\"name\":\"La Sentinelle\",\"image\":{\"@type\":\"ImageObject\",\"inLanguage\":\"fr-FR\",\"@id\":\"https:\\\/\\\/secure.gravatar.com\\\/avatar\\\/57de8e5d4b15d43fb361a71fbb36338450fe67865b528a43dd10ef7c51a20392?s=96&d=mm&r=g\",\"url\":\"https:\\\/\\\/secure.gravatar.com\\\/avatar\\\/57de8e5d4b15d43fb361a71fbb36338450fe67865b528a43dd10ef7c51a20392?s=96&d=mm&r=g\",\"contentUrl\":\"https:\\\/\\\/secure.gravatar.com\\\/avatar\\\/57de8e5d4b15d43fb361a71fbb36338450fe67865b528a43dd10ef7c51a20392?s=96&d=mm&r=g\",\"caption\":\"La Sentinelle\"},\"sameAs\":[\"http:\\\/\\\/www.lasentinelle.dz\"],\"url\":\"https:\\\/\\\/lasentinelle.dz\\\/author\\\/redaction\\\/\"}]}<\/script>\n<!-- \/ Yoast SEO plugin. -->","yoast_head_json":{"title":"\u00c9ducation nationale\u00a0: Les examens professionnels de promotion pr\u00e9vus le 21 janvier - La Sentinelle","robots":{"index":"index","follow":"follow","max-snippet":"max-snippet:-1","max-image-preview":"max-image-preview:large","max-video-preview":"max-video-preview:-1"},"canonical":"https:\/\/lasentinelle.dz\/index.php\/2023\/01\/07\/education-nationale-les-examens-professionnels-de-promotion-prevus-le-21-janvier\/","og_locale":"fr_FR","og_type":"article","og_title":"\u00c9ducation nationale\u00a0: Les examens professionnels de promotion pr\u00e9vus le 21 janvier - La Sentinelle","og_description":"&nbsp;Le ministre de l&rsquo;Education nationale, Abdelhakim Belaabed, jeudi pass\u00e9, une conf\u00e9rence nationale par visio-conf\u00e9rence, en pr\u00e9sence de cadres de l&rsquo;administration","og_url":"https:\/\/lasentinelle.dz\/index.php\/2023\/01\/07\/education-nationale-les-examens-professionnels-de-promotion-prevus-le-21-janvier\/","og_site_name":"La Sentinelle","article_publisher":"https:\/\/www.facebook.com\/La-Sentinelle-104059864394773","article_published_time":"2023-01-07T21:05:00+00:00","og_image":[{"width":592,"height":395,"url":"https:\/\/lasentinelle.dz\/wp-content\/uploads\/2023\/01\/image_2023-01-07_194515702.png","type":"image\/png"}],"author":"La Sentinelle","twitter_card":"summary_large_image","twitter_misc":{"\u00c9crit par":"La Sentinelle","Dur\u00e9e de lecture estim\u00e9e":"2 minutes"},"schema":{"@context":"https:\/\/schema.org","@graph":[{"@type":"Article","@id":"https:\/\/lasentinelle.dz\/index.php\/2023\/01\/07\/education-nationale-les-examens-professionnels-de-promotion-prevus-le-21-janvier\/#article","isPartOf":{"@id":"https:\/\/lasentinelle.dz\/index.php\/2023\/01\/07\/education-nationale-les-examens-professionnels-de-promotion-prevus-le-21-janvier\/"},"author":{"name":"La Sentinelle","@id":"https:\/\/lasentinelle.dz\/#\/schema\/person\/d865044e22e70a75174ce8bcad3acfb3"},"headline":"\u00c9ducation nationale\u00a0: Les examens professionnels de promotion pr\u00e9vus le 21 janvier","datePublished":"2023-01-07T21:05:00+00:00","mainEntityOfPage":{"@id":"https:\/\/lasentinelle.dz\/index.php\/2023\/01\/07\/education-nationale-les-examens-professionnels-de-promotion-prevus-le-21-janvier\/"},"wordCount":318,"commentCount":0,"publisher":{"@id":"https:\/\/lasentinelle.dz\/#organization"},"image":{"@id":"https:\/\/lasentinelle.dz\/index.php\/2023\/01\/07\/education-nationale-les-examens-professionnels-de-promotion-prevus-le-21-janvier\/#primaryimage"},"thumbnailUrl":"https:\/\/lasentinelle.dz\/wp-content\/uploads\/2023\/01\/image_2023-01-07_194515702.png","articleSection":["Actualit\u00e9"],"inLanguage":"fr-FR","potentialAction":[{"@type":"CommentAction","name":"Comment","target":["https:\/\/lasentinelle.dz\/index.php\/2023\/01\/07\/education-nationale-les-examens-professionnels-de-promotion-prevus-le-21-janvier\/#respond"]}]},{"@type":"WebPage","@id":"https:\/\/lasentinelle.dz\/index.php\/2023\/01\/07\/education-nationale-les-examens-professionnels-de-promotion-prevus-le-21-janvier\/","url":"https:\/\/lasentinelle.dz\/index.php\/2023\/01\/07\/education-nationale-les-examens-professionnels-de-promotion-prevus-le-21-janvier\/","name":"\u00c9ducation nationale\u00a0: Les examens professionnels de promotion pr\u00e9vus le 21 janvier - La Sentinelle","isPartOf":{"@id":"https:\/\/lasentinelle.dz\/#website"},"primaryImageOfPage":{"@id":"https:\/\/lasentinelle.dz\/index.php\/2023\/01\/07\/education-nationale-les-examens-professionnels-de-promotion-prevus-le-21-janvier\/#primaryimage"},"image":{"@id":"https:\/\/lasentinelle.dz\/index.php\/2023\/01\/07\/education-nationale-les-examens-professionnels-de-promotion-prevus-le-21-janvier\/#primaryimage"},"thumbnailUrl":"https:\/\/lasentinelle.dz\/wp-content\/uploads\/2023\/01\/image_2023-01-07_194515702.png","datePublished":"2023-01-07T21:05:00+00:00","breadcrumb":{"@id":"https:\/\/lasentinelle.dz\/index.php\/2023\/01\/07\/education-nationale-les-examens-professionnels-de-promotion-prevus-le-21-janvier\/#breadcrumb"},"inLanguage":"fr-FR","potentialAction":[{"@type":"ReadAction","target":["https:\/\/lasentinelle.dz\/index.php\/2023\/01\/07\/education-nationale-les-examens-professionnels-de-promotion-prevus-le-21-janvier\/"]}]},{"@type":"ImageObject","inLanguage":"fr-FR","@id":"https:\/\/lasentinelle.dz\/index.php\/2023\/01\/07\/education-nationale-les-examens-professionnels-de-promotion-prevus-le-21-janvier\/#primaryimage","url":"https:\/\/lasentinelle.dz\/wp-content\/uploads\/2023\/01\/image_2023-01-07_194515702.png","contentUrl":"https:\/\/lasentinelle.dz\/wp-content\/uploads\/2023\/01\/image_2023-01-07_194515702.png","width":592,"height":395},{"@type":"BreadcrumbList","@id":"https:\/\/lasentinelle.dz\/index.php\/2023\/01\/07\/education-nationale-les-examens-professionnels-de-promotion-prevus-le-21-janvier\/#breadcrumb","itemListElement":[{"@type":"ListItem","position":1,"name":"Accueil","item":"https:\/\/lasentinelle.dz\/"},{"@type":"ListItem","position":2,"name":"\u00c9ducation nationale\u00a0: Les examens professionnels de promotion pr\u00e9vus le 21 janvier"}]},{"@type":"WebSite","@id":"https:\/\/lasentinelle.dz\/#website","url":"https:\/\/lasentinelle.dz\/","name":"La Sentinelle","description":"Quotidien national d&#039;information","publisher":{"@id":"https:\/\/lasentinelle.dz\/#organization"},"potentialAction":[{"@type":"SearchAction","target":{"@type":"EntryPoint","urlTemplate":"https:\/\/lasentinelle.dz\/?s={search_term_string}"},"query-input":{"@type":"PropertyValueSpecification","valueRequired":true,"valueName":"search_term_string"}}],"inLanguage":"fr-FR"},{"@type":"Organization","@id":"https:\/\/lasentinelle.dz\/#organization","name":"Quotidien La Sentinelle","url":"https:\/\/lasentinelle.dz\/","logo":{"@type":"ImageObject","inLanguage":"fr-FR","@id":"https:\/\/lasentinelle.dz\/#\/schema\/logo\/image\/","url":"https:\/\/lasentinelle.dz\/wp-content\/uploads\/2021\/09\/logo-sentinelleSLOGAN-1.png","contentUrl":"https:\/\/lasentinelle.dz\/wp-content\/uploads\/2021\/09\/logo-sentinelleSLOGAN-1.png","width":615,"height":142,"caption":"Quotidien La Sentinelle"},"image":{"@id":"https:\/\/lasentinelle.dz\/#\/schema\/logo\/image\/"},"sameAs":["https:\/\/www.facebook.com\/La-Sentinelle-104059864394773"]},{"@type":"Person","@id":"https:\/\/lasentinelle.dz\/#\/schema\/person\/d865044e22e70a75174ce8bcad3acfb3","name":"La Sentinelle","image":{"@type":"ImageObject","inLanguage":"fr-FR","@id":"https:\/\/secure.gravatar.com\/avatar\/57de8e5d4b15d43fb361a71fbb36338450fe67865b528a43dd10ef7c51a20392?s=96&d=mm&r=g","url":"https:\/\/secure.gravatar.com\/avatar\/57de8e5d4b15d43fb361a71fbb36338450fe67865b528a43dd10ef7c51a20392?s=96&d=mm&r=g","contentUrl":"https:\/\/secure.gravatar.com\/avatar\/57de8e5d4b15d43fb361a71fbb36338450fe67865b528a43dd10ef7c51a20392?s=96&d=mm&r=g","caption":"La Sentinelle"},"sameAs":["http:\/\/www.lasentinelle.dz"],"url":"https:\/\/lasentinelle.dz\/author\/redaction\/"}]}},"_links":{"self":[{"href":"https:\/\/lasentinelle.dz\/index.php\/wp-json\/wp\/v2\/posts\/33769","targetHints":{"allow":["GET"]}}],"collection":[{"href":"https:\/\/lasentinelle.dz\/index.php\/wp-json\/wp\/v2\/posts"}],"about":[{"href":"https:\/\/lasentinelle.dz\/index.php\/wp-json\/wp\/v2\/types\/post"}],"author":[{"embeddable":true,"href":"https:\/\/lasentinelle.dz\/index.php\/wp-json\/wp\/v2\/users\/3"}],"replies":[{"embeddable":true,"href":"https:\/\/lasentinelle.dz\/index.php\/wp-json\/wp\/v2\/comments?post=33769"}],"version-history":[{"count":1,"href":"https:\/\/lasentinelle.dz\/index.php\/wp-json\/wp\/v2\/posts\/33769\/revisions"}],"predecessor-version":[{"id":33802,"href":"https:\/\/lasentinelle.dz\/index.php\/wp-json\/wp\/v2\/posts\/33769\/revisions\/33802"}],"wp:featuredmedia":[{"embeddable":true,"href":"https:\/\/lasentinelle.dz\/index.php\/wp-json\/wp\/v2\/media\/33801"}],"wp:attachment":[{"href":"https:\/\/lasentinelle.dz\/index.php\/wp-json\/wp\/v2\/media?parent=33769"}],"wp:term":[{"taxonomy":"category","embeddable":true,"href":"https:\/\/lasentinelle.dz\/index.php\/wp-json\/wp\/v2\/categories?post=33769"},{"taxonomy":"post_tag","embeddable":true,"href":"https:\/\/lasentinelle.dz\/index.php\/wp-json\/wp\/v2\/tags?post=33769"}],"curies":[{"name":"wp","href":"https:\/\/api.w.org\/{rel}","templated":true}]}}