{"id":33779,"date":"2023-01-07T22:05:00","date_gmt":"2023-01-07T21:05:00","guid":{"rendered":"https:\/\/lasentinelle.dz\/?p=33779"},"modified":"2023-01-07T19:35:00","modified_gmt":"2023-01-07T18:35:00","slug":"nouvelle-manoeuvre-marocaine-a-lonu-une-vaine-tentative-dinstrumentaliser-la-cause-palestinienne","status":"publish","type":"post","link":"https:\/\/lasentinelle.dz\/index.php\/2023\/01\/07\/nouvelle-manoeuvre-marocaine-a-lonu-une-vaine-tentative-dinstrumentaliser-la-cause-palestinienne\/","title":{"rendered":"Nouvelle man\u0153uvre marocaine \u00e0 l\u2019ONU\u00a0: Une vaine tentative d\u2019instrumentaliser la cause palestinienne"},"content":{"rendered":"\n<p>Le pr\u00e9sident du comit\u00e9 El-Qods s\u2019est encore fois illustr\u00e9 par une tentative d\u2019instrumentaliser les malheurs des Palestiniens et les menaces qui planent sur les Lieux saints pour s\u2019attribuer des m\u00e9rites qu\u2019il n\u2019a pas. Apr\u00e8s avoir pondu le communiqu\u00e9 le plus timor\u00e9 qui soit apr\u00e8s la prise d\u2019assaut de l\u2019esplanade Al-Aqsa par le ministre d\u2019extr\u00eame droite juive du gouvernement Netanyahou, le Makhzen a tent\u00e9 d\u2019user de la tribune de l\u2019Onu pour tenter de vendre les efforts inexistants de Mohamed VI \u00ab&nbsp;pour prot\u00e9ger el-Qods&nbsp;\u00bb. Celui qui fait preuve de z\u00e8le dans l\u2019exc\u00e8s dans sa normalisation avec l\u2019entit\u00e9 sioniste au point de permettre au sommet des \u00ab&nbsp;Accords d\u2019Abraham&nbsp;\u00bb de se tenir au Maroc au mois de mars prochain, malgr\u00e9 le contexte actuel \u00e0 El-Qods a cherch\u00e9 \u00e0 se racheter une virginit\u00e9 en agitant la pr\u00e9sidence du Comit\u00e9 El Qods. Un comit\u00e9 que le souverain marocain a paralys\u00e9 et vid\u00e9 de son essence par son inaction.<\/p>\n\n\n\n<p>Ainsi et cherchant \u00e0 saisir occasion pour polir l&rsquo;image ternie de son pays, surtout apr\u00e8s sa normalisation avec l&rsquo;entit\u00e9 sioniste, le repr\u00e9sentant du Maroc \u00e0 New York a cherch\u00e9 \u00e0 exploiter la situation qui pr\u00e9vaut au sein de la mosqu\u00e9e El Aqsa, pour l&rsquo;inclusion d&rsquo;un paragraphe louant les efforts imaginaires du Roi du Maroc, en sa qualit\u00e9 de chef du Comit\u00e9 d\u2019El-Qods, dans la d\u00e9fense de la ville et des Lieux saints.<\/p>\n\n\n\n<p>Ce r\u00f4le qui n\u2019existe que dans l\u2019imaginaire du Makhzen, \u00e9tant donn\u00e9 que les projets de d\u00e9clarations pr\u00e9liminaires pr\u00e9par\u00e9s par la pr\u00e9sidence palestinienne pour le groupe arabe et par la pr\u00e9sidence pakistanaise pour le groupe de l\u2019Organisation de la coop\u00e9ration islamique, en coop\u00e9ration avec la partie palestinienne, ne comportent aucune r\u00e9f\u00e9rence \u00e0 ce comit\u00e9, encore moins aux efforts de son pr\u00e9sident.<\/p>\n\n\n\n<p>M\u00eame le Comit\u00e9 minist\u00e9riel de la Ligue arabe charg\u00e9 des actions \u00e0 entreprendre pour la d\u00e9fense de la ville Sainte El-Qods, dont le Maroc est membre, a rendu public le 5 janvier une d\u00e9claration qui ne fait aucune r\u00e9f\u00e9rence au Comit\u00e9 fictif pr\u00e9sid\u00e9 par le Maroc.<\/p>\n\n\n\n<p>C\u2019est dire l\u2019ampleur de la d\u00e9route essuy\u00e9e par le repr\u00e9sentant marocain \u00e0 New York, qui continue de mani\u00e8re \u00e9hont\u00e9e et insolente \u00e0 solliciter un soutien pour des efforts imaginaires de son pays qui continue de prendre en otage le Comit\u00e9 El-Qods au profit de ses calculs \u00e9triqu\u00e9s et d\u00e9monter une fois de plus, sa manipulation de la cause palestinienne. Un Comit\u00e9 devenu fictif qui ne s\u2019est pas r\u00e9uni depuis vingt ans par la volont\u00e9 de son pr\u00e9sident, particuli\u00e8rement dans un contexte marqu\u00e9 par l\u2019exacerbation d\u2019une tension explosive.<\/p>\n\n\n\n<p>Comme \u00e0 l\u2019accoutum\u00e9, le repr\u00e9sentant du Maroc, a tent\u00e9 d&rsquo;imposer l\u2019inclusion dans le projet de d\u00e9claration de l&rsquo;OCI d\u2019un paragraphe faisant l\u2019\u00e9loge des efforts chim\u00e9riques de son Roi, en sa qualit\u00e9 de Pr\u00e9sident du Comit\u00e9 El-Qods, dans la d\u00e9fense de la ville et des lieux saints.Face \u00e0 ces basses man\u0153uvres, la Mission permanente d&rsquo;Alg\u00e9rie aupr\u00e8s de l&rsquo;ONU \u00e0 New York, sous la conduite de l\u2019ambassadeur Nadir Larbaoui a, une fois de plus, exprim\u00e9 ses r\u00e9serves quant aux indues louanges que le Maroc voulait attribuer au pr\u00e9sident du Comit\u00e9 El-Qods.La d\u00e9l\u00e9gation alg\u00e9rienne, forte de son argumentaire irr\u00e9fragable, a prouv\u00e9 devant tous les membres de l&rsquo;OCI que la proposition marocaine ne correspondait en rien \u00e0 la r\u00e9alit\u00e9, \u00e9tant donn\u00e9 que le Comit\u00e9 El-Qods, cr\u00e9\u00e9 par l&rsquo;Organisation de la coop\u00e9ration islamique en 1975, ne s&rsquo;est r\u00e9uni que deux fois au cours des deux derni\u00e8res d\u00e9cennies, dont la derni\u00e8re remonte \u00e0 2014.L&rsquo;argumentaire de l\u2019Alg\u00e9rie a recueilli l\u2019adh\u00e9sion et le soutien de tous, y compris la d\u00e9l\u00e9gation palestinienne, \u00e0 l&rsquo;exception du Maroc qui a pr\u00e9f\u00e9r\u00e9 \u00eatre \u00e0 l&rsquo;origine du blocage de toute d\u00e9claration de solidarit\u00e9 avec la Palestine sur l&rsquo;autel de son hypocrisie et de l&rsquo;\u00e9go\u00efsme et les caprices de son roitelet, servant au passage les int\u00e9r\u00eats de l&rsquo;entit\u00e9 sioniste.Le d\u00e9l\u00e9gu\u00e9 Palestinien quant \u00e0 lui, pr\u00e9sident en exercice du groupe arabe, a fait sa d\u00e9claration au nom du groupe arabe, sans aucune r\u00e9f\u00e9rence, \u00e0 un quelconque r\u00f4le imaginaire du pr\u00e9sident du Comit\u00e9 El-Qods, d\u00e9claration ayant recueilli le consensus arabe, y compris du repr\u00e9sentant marocain<\/p>\n\n\n\n<p><strong>R.N.<\/strong><\/p>\n","protected":false},"excerpt":{"rendered":"<p>Le pr\u00e9sident du comit\u00e9 El-Qods s\u2019est encore fois illustr\u00e9 par une tentative d\u2019instrumentaliser les malheurs des Palestiniens et les menaces<\/p>\n","protected":false},"author":3,"featured_media":33789,"comment_status":"open","ping_status":"closed","sticky":false,"template":"","format":"standard","meta":{"colormag_page_container_layout":"default_layout","colormag_page_sidebar_layout":"default_layout","om_disable_all_campaigns":false,"_monsterinsights_skip_tracking":false,"_monsterinsights_sitenote_active":false,"_monsterinsights_sitenote_note":"","_monsterinsights_sitenote_category":0,"footnotes":"","_wpscppro_dont_share_socialmedia":false,"_wpscppro_custom_social_share_image":0,"_facebook_share_type":"","_twitter_share_type":"","_linkedin_share_type":"","_pinterest_share_type":"","_linkedin_share_type_page":"","_instagram_share_type":"","_medium_share_type":"","_threads_share_type":"","_google_business_share_type":"","_selected_social_profile":[],"_wpsp_enable_custom_social_template":false,"_wpsp_social_scheduling":{"enabled":false,"datetime":null,"platforms":[],"status":"template_only","dateOption":"today","timeOption":"now","customDays":"","customHours":"","customDate":"","customTime":"","schedulingType":"absolute"},"_wpsp_active_default_template":true},"categories":[27],"tags":[],"class_list":["post-33779","post","type-post","status-publish","format-standard","has-post-thumbnail","hentry","category-actualite"],"aioseo_notices":[],"yoast_head":"<!-- This site is optimized with the Yoast SEO plugin v27.5 - https:\/\/yoast.com\/product\/yoast-seo-wordpress\/ -->\n<title>Nouvelle man\u0153uvre marocaine \u00e0 l\u2019ONU\u00a0: Une vaine tentative d\u2019instrumentaliser la cause palestinienne - La Sentinelle<\/title>\n<meta name=\"robots\" content=\"index, follow, max-snippet:-1, max-image-preview:large, max-video-preview:-1\" \/>\n<link rel=\"canonical\" href=\"https:\/\/lasentinelle.dz\/index.php\/2023\/01\/07\/nouvelle-manoeuvre-marocaine-a-lonu-une-vaine-tentative-dinstrumentaliser-la-cause-palestinienne\/\" \/>\n<meta property=\"og:locale\" content=\"fr_FR\" \/>\n<meta property=\"og:type\" content=\"article\" \/>\n<meta property=\"og:title\" content=\"Nouvelle man\u0153uvre marocaine \u00e0 l\u2019ONU\u00a0: Une vaine tentative d\u2019instrumentaliser la cause palestinienne - La Sentinelle\" \/>\n<meta property=\"og:description\" content=\"Le pr\u00e9sident du comit\u00e9 El-Qods s\u2019est encore fois illustr\u00e9 par une tentative d\u2019instrumentaliser les malheurs des Palestiniens et les menaces\" \/>\n<meta property=\"og:url\" content=\"https:\/\/lasentinelle.dz\/index.php\/2023\/01\/07\/nouvelle-manoeuvre-marocaine-a-lonu-une-vaine-tentative-dinstrumentaliser-la-cause-palestinienne\/\" \/>\n<meta property=\"og:site_name\" content=\"La Sentinelle\" \/>\n<meta property=\"article:publisher\" content=\"https:\/\/www.facebook.com\/La-Sentinelle-104059864394773\" \/>\n<meta property=\"article:published_time\" content=\"2023-01-07T21:05:00+00:00\" \/>\n<meta property=\"og:image\" content=\"https:\/\/lasentinelle.dz\/wp-content\/uploads\/2023\/01\/Sans-titre-5-1.png\" \/>\n\t<meta property=\"og:image:width\" content=\"1599\" \/>\n\t<meta property=\"og:image:height\" content=\"900\" \/>\n\t<meta property=\"og:image:type\" content=\"image\/png\" \/>\n<meta name=\"author\" content=\"La Sentinelle\" \/>\n<meta name=\"twitter:card\" content=\"summary_large_image\" \/>\n<meta name=\"twitter:label1\" content=\"\u00c9crit par\" \/>\n\t<meta name=\"twitter:data1\" content=\"La Sentinelle\" \/>\n\t<meta name=\"twitter:label2\" content=\"Dur\u00e9e de lecture estim\u00e9e\" \/>\n\t<meta name=\"twitter:data2\" content=\"4 minutes\" \/>\n<script type=\"application\/ld+json\" class=\"yoast-schema-graph\">{\"@context\":\"https:\\\/\\\/schema.org\",\"@graph\":[{\"@type\":\"Article\",\"@id\":\"https:\\\/\\\/lasentinelle.dz\\\/index.php\\\/2023\\\/01\\\/07\\\/nouvelle-manoeuvre-marocaine-a-lonu-une-vaine-tentative-dinstrumentaliser-la-cause-palestinienne\\\/#article\",\"isPartOf\":{\"@id\":\"https:\\\/\\\/lasentinelle.dz\\\/index.php\\\/2023\\\/01\\\/07\\\/nouvelle-manoeuvre-marocaine-a-lonu-une-vaine-tentative-dinstrumentaliser-la-cause-palestinienne\\\/\"},\"author\":{\"name\":\"La Sentinelle\",\"@id\":\"https:\\\/\\\/lasentinelle.dz\\\/#\\\/schema\\\/person\\\/d865044e22e70a75174ce8bcad3acfb3\"},\"headline\":\"Nouvelle man\u0153uvre marocaine \u00e0 l\u2019ONU\u00a0: Une vaine tentative d\u2019instrumentaliser la cause palestinienne\",\"datePublished\":\"2023-01-07T21:05:00+00:00\",\"mainEntityOfPage\":{\"@id\":\"https:\\\/\\\/lasentinelle.dz\\\/index.php\\\/2023\\\/01\\\/07\\\/nouvelle-manoeuvre-marocaine-a-lonu-une-vaine-tentative-dinstrumentaliser-la-cause-palestinienne\\\/\"},\"wordCount\":798,\"commentCount\":0,\"publisher\":{\"@id\":\"https:\\\/\\\/lasentinelle.dz\\\/#organization\"},\"image\":{\"@id\":\"https:\\\/\\\/lasentinelle.dz\\\/index.php\\\/2023\\\/01\\\/07\\\/nouvelle-manoeuvre-marocaine-a-lonu-une-vaine-tentative-dinstrumentaliser-la-cause-palestinienne\\\/#primaryimage\"},\"thumbnailUrl\":\"https:\\\/\\\/lasentinelle.dz\\\/wp-content\\\/uploads\\\/2023\\\/01\\\/Sans-titre-5-1.png\",\"articleSection\":[\"Actualit\u00e9\"],\"inLanguage\":\"fr-FR\",\"potentialAction\":[{\"@type\":\"CommentAction\",\"name\":\"Comment\",\"target\":[\"https:\\\/\\\/lasentinelle.dz\\\/index.php\\\/2023\\\/01\\\/07\\\/nouvelle-manoeuvre-marocaine-a-lonu-une-vaine-tentative-dinstrumentaliser-la-cause-palestinienne\\\/#respond\"]}]},{\"@type\":\"WebPage\",\"@id\":\"https:\\\/\\\/lasentinelle.dz\\\/index.php\\\/2023\\\/01\\\/07\\\/nouvelle-manoeuvre-marocaine-a-lonu-une-vaine-tentative-dinstrumentaliser-la-cause-palestinienne\\\/\",\"url\":\"https:\\\/\\\/lasentinelle.dz\\\/index.php\\\/2023\\\/01\\\/07\\\/nouvelle-manoeuvre-marocaine-a-lonu-une-vaine-tentative-dinstrumentaliser-la-cause-palestinienne\\\/\",\"name\":\"Nouvelle man\u0153uvre marocaine \u00e0 l\u2019ONU\u00a0: Une vaine tentative d\u2019instrumentaliser la cause palestinienne - La Sentinelle\",\"isPartOf\":{\"@id\":\"https:\\\/\\\/lasentinelle.dz\\\/#website\"},\"primaryImageOfPage\":{\"@id\":\"https:\\\/\\\/lasentinelle.dz\\\/index.php\\\/2023\\\/01\\\/07\\\/nouvelle-manoeuvre-marocaine-a-lonu-une-vaine-tentative-dinstrumentaliser-la-cause-palestinienne\\\/#primaryimage\"},\"image\":{\"@id\":\"https:\\\/\\\/lasentinelle.dz\\\/index.php\\\/2023\\\/01\\\/07\\\/nouvelle-manoeuvre-marocaine-a-lonu-une-vaine-tentative-dinstrumentaliser-la-cause-palestinienne\\\/#primaryimage\"},\"thumbnailUrl\":\"https:\\\/\\\/lasentinelle.dz\\\/wp-content\\\/uploads\\\/2023\\\/01\\\/Sans-titre-5-1.png\",\"datePublished\":\"2023-01-07T21:05:00+00:00\",\"breadcrumb\":{\"@id\":\"https:\\\/\\\/lasentinelle.dz\\\/index.php\\\/2023\\\/01\\\/07\\\/nouvelle-manoeuvre-marocaine-a-lonu-une-vaine-tentative-dinstrumentaliser-la-cause-palestinienne\\\/#breadcrumb\"},\"inLanguage\":\"fr-FR\",\"potentialAction\":[{\"@type\":\"ReadAction\",\"target\":[\"https:\\\/\\\/lasentinelle.dz\\\/index.php\\\/2023\\\/01\\\/07\\\/nouvelle-manoeuvre-marocaine-a-lonu-une-vaine-tentative-dinstrumentaliser-la-cause-palestinienne\\\/\"]}]},{\"@type\":\"ImageObject\",\"inLanguage\":\"fr-FR\",\"@id\":\"https:\\\/\\\/lasentinelle.dz\\\/index.php\\\/2023\\\/01\\\/07\\\/nouvelle-manoeuvre-marocaine-a-lonu-une-vaine-tentative-dinstrumentaliser-la-cause-palestinienne\\\/#primaryimage\",\"url\":\"https:\\\/\\\/lasentinelle.dz\\\/wp-content\\\/uploads\\\/2023\\\/01\\\/Sans-titre-5-1.png\",\"contentUrl\":\"https:\\\/\\\/lasentinelle.dz\\\/wp-content\\\/uploads\\\/2023\\\/01\\\/Sans-titre-5-1.png\",\"width\":1599,\"height\":900},{\"@type\":\"BreadcrumbList\",\"@id\":\"https:\\\/\\\/lasentinelle.dz\\\/index.php\\\/2023\\\/01\\\/07\\\/nouvelle-manoeuvre-marocaine-a-lonu-une-vaine-tentative-dinstrumentaliser-la-cause-palestinienne\\\/#breadcrumb\",\"itemListElement\":[{\"@type\":\"ListItem\",\"position\":1,\"name\":\"Accueil\",\"item\":\"https:\\\/\\\/lasentinelle.dz\\\/\"},{\"@type\":\"ListItem\",\"position\":2,\"name\":\"Nouvelle man\u0153uvre marocaine \u00e0 l\u2019ONU\u00a0: Une vaine tentative d\u2019instrumentaliser la cause palestinienne\"}]},{\"@type\":\"WebSite\",\"@id\":\"https:\\\/\\\/lasentinelle.dz\\\/#website\",\"url\":\"https:\\\/\\\/lasentinelle.dz\\\/\",\"name\":\"La Sentinelle\",\"description\":\"Quotidien national d&#039;information\",\"publisher\":{\"@id\":\"https:\\\/\\\/lasentinelle.dz\\\/#organization\"},\"potentialAction\":[{\"@type\":\"SearchAction\",\"target\":{\"@type\":\"EntryPoint\",\"urlTemplate\":\"https:\\\/\\\/lasentinelle.dz\\\/?s={search_term_string}\"},\"query-input\":{\"@type\":\"PropertyValueSpecification\",\"valueRequired\":true,\"valueName\":\"search_term_string\"}}],\"inLanguage\":\"fr-FR\"},{\"@type\":\"Organization\",\"@id\":\"https:\\\/\\\/lasentinelle.dz\\\/#organization\",\"name\":\"Quotidien La Sentinelle\",\"url\":\"https:\\\/\\\/lasentinelle.dz\\\/\",\"logo\":{\"@type\":\"ImageObject\",\"inLanguage\":\"fr-FR\",\"@id\":\"https:\\\/\\\/lasentinelle.dz\\\/#\\\/schema\\\/logo\\\/image\\\/\",\"url\":\"https:\\\/\\\/lasentinelle.dz\\\/wp-content\\\/uploads\\\/2021\\\/09\\\/logo-sentinelleSLOGAN-1.png\",\"contentUrl\":\"https:\\\/\\\/lasentinelle.dz\\\/wp-content\\\/uploads\\\/2021\\\/09\\\/logo-sentinelleSLOGAN-1.png\",\"width\":615,\"height\":142,\"caption\":\"Quotidien La Sentinelle\"},\"image\":{\"@id\":\"https:\\\/\\\/lasentinelle.dz\\\/#\\\/schema\\\/logo\\\/image\\\/\"},\"sameAs\":[\"https:\\\/\\\/www.facebook.com\\\/La-Sentinelle-104059864394773\"]},{\"@type\":\"Person\",\"@id\":\"https:\\\/\\\/lasentinelle.dz\\\/#\\\/schema\\\/person\\\/d865044e22e70a75174ce8bcad3acfb3\",\"name\":\"La Sentinelle\",\"image\":{\"@type\":\"ImageObject\",\"inLanguage\":\"fr-FR\",\"@id\":\"https:\\\/\\\/secure.gravatar.com\\\/avatar\\\/57de8e5d4b15d43fb361a71fbb36338450fe67865b528a43dd10ef7c51a20392?s=96&d=mm&r=g\",\"url\":\"https:\\\/\\\/secure.gravatar.com\\\/avatar\\\/57de8e5d4b15d43fb361a71fbb36338450fe67865b528a43dd10ef7c51a20392?s=96&d=mm&r=g\",\"contentUrl\":\"https:\\\/\\\/secure.gravatar.com\\\/avatar\\\/57de8e5d4b15d43fb361a71fbb36338450fe67865b528a43dd10ef7c51a20392?s=96&d=mm&r=g\",\"caption\":\"La Sentinelle\"},\"sameAs\":[\"http:\\\/\\\/www.lasentinelle.dz\"],\"url\":\"https:\\\/\\\/lasentinelle.dz\\\/author\\\/redaction\\\/\"}]}<\/script>\n<!-- \/ Yoast SEO plugin. -->","yoast_head_json":{"title":"Nouvelle man\u0153uvre marocaine \u00e0 l\u2019ONU\u00a0: Une vaine tentative d\u2019instrumentaliser la cause palestinienne - La Sentinelle","robots":{"index":"index","follow":"follow","max-snippet":"max-snippet:-1","max-image-preview":"max-image-preview:large","max-video-preview":"max-video-preview:-1"},"canonical":"https:\/\/lasentinelle.dz\/index.php\/2023\/01\/07\/nouvelle-manoeuvre-marocaine-a-lonu-une-vaine-tentative-dinstrumentaliser-la-cause-palestinienne\/","og_locale":"fr_FR","og_type":"article","og_title":"Nouvelle man\u0153uvre marocaine \u00e0 l\u2019ONU\u00a0: Une vaine tentative d\u2019instrumentaliser la cause palestinienne - La Sentinelle","og_description":"Le pr\u00e9sident du comit\u00e9 El-Qods s\u2019est encore fois illustr\u00e9 par une tentative d\u2019instrumentaliser les malheurs des Palestiniens et les menaces","og_url":"https:\/\/lasentinelle.dz\/index.php\/2023\/01\/07\/nouvelle-manoeuvre-marocaine-a-lonu-une-vaine-tentative-dinstrumentaliser-la-cause-palestinienne\/","og_site_name":"La Sentinelle","article_publisher":"https:\/\/www.facebook.com\/La-Sentinelle-104059864394773","article_published_time":"2023-01-07T21:05:00+00:00","og_image":[{"width":1599,"height":900,"url":"https:\/\/lasentinelle.dz\/wp-content\/uploads\/2023\/01\/Sans-titre-5-1.png","type":"image\/png"}],"author":"La Sentinelle","twitter_card":"summary_large_image","twitter_misc":{"\u00c9crit par":"La Sentinelle","Dur\u00e9e de lecture estim\u00e9e":"4 minutes"},"schema":{"@context":"https:\/\/schema.org","@graph":[{"@type":"Article","@id":"https:\/\/lasentinelle.dz\/index.php\/2023\/01\/07\/nouvelle-manoeuvre-marocaine-a-lonu-une-vaine-tentative-dinstrumentaliser-la-cause-palestinienne\/#article","isPartOf":{"@id":"https:\/\/lasentinelle.dz\/index.php\/2023\/01\/07\/nouvelle-manoeuvre-marocaine-a-lonu-une-vaine-tentative-dinstrumentaliser-la-cause-palestinienne\/"},"author":{"name":"La Sentinelle","@id":"https:\/\/lasentinelle.dz\/#\/schema\/person\/d865044e22e70a75174ce8bcad3acfb3"},"headline":"Nouvelle man\u0153uvre marocaine \u00e0 l\u2019ONU\u00a0: Une vaine tentative d\u2019instrumentaliser la cause palestinienne","datePublished":"2023-01-07T21:05:00+00:00","mainEntityOfPage":{"@id":"https:\/\/lasentinelle.dz\/index.php\/2023\/01\/07\/nouvelle-manoeuvre-marocaine-a-lonu-une-vaine-tentative-dinstrumentaliser-la-cause-palestinienne\/"},"wordCount":798,"commentCount":0,"publisher":{"@id":"https:\/\/lasentinelle.dz\/#organization"},"image":{"@id":"https:\/\/lasentinelle.dz\/index.php\/2023\/01\/07\/nouvelle-manoeuvre-marocaine-a-lonu-une-vaine-tentative-dinstrumentaliser-la-cause-palestinienne\/#primaryimage"},"thumbnailUrl":"https:\/\/lasentinelle.dz\/wp-content\/uploads\/2023\/01\/Sans-titre-5-1.png","articleSection":["Actualit\u00e9"],"inLanguage":"fr-FR","potentialAction":[{"@type":"CommentAction","name":"Comment","target":["https:\/\/lasentinelle.dz\/index.php\/2023\/01\/07\/nouvelle-manoeuvre-marocaine-a-lonu-une-vaine-tentative-dinstrumentaliser-la-cause-palestinienne\/#respond"]}]},{"@type":"WebPage","@id":"https:\/\/lasentinelle.dz\/index.php\/2023\/01\/07\/nouvelle-manoeuvre-marocaine-a-lonu-une-vaine-tentative-dinstrumentaliser-la-cause-palestinienne\/","url":"https:\/\/lasentinelle.dz\/index.php\/2023\/01\/07\/nouvelle-manoeuvre-marocaine-a-lonu-une-vaine-tentative-dinstrumentaliser-la-cause-palestinienne\/","name":"Nouvelle man\u0153uvre marocaine \u00e0 l\u2019ONU\u00a0: Une vaine tentative d\u2019instrumentaliser la cause palestinienne - La Sentinelle","isPartOf":{"@id":"https:\/\/lasentinelle.dz\/#website"},"primaryImageOfPage":{"@id":"https:\/\/lasentinelle.dz\/index.php\/2023\/01\/07\/nouvelle-manoeuvre-marocaine-a-lonu-une-vaine-tentative-dinstrumentaliser-la-cause-palestinienne\/#primaryimage"},"image":{"@id":"https:\/\/lasentinelle.dz\/index.php\/2023\/01\/07\/nouvelle-manoeuvre-marocaine-a-lonu-une-vaine-tentative-dinstrumentaliser-la-cause-palestinienne\/#primaryimage"},"thumbnailUrl":"https:\/\/lasentinelle.dz\/wp-content\/uploads\/2023\/01\/Sans-titre-5-1.png","datePublished":"2023-01-07T21:05:00+00:00","breadcrumb":{"@id":"https:\/\/lasentinelle.dz\/index.php\/2023\/01\/07\/nouvelle-manoeuvre-marocaine-a-lonu-une-vaine-tentative-dinstrumentaliser-la-cause-palestinienne\/#breadcrumb"},"inLanguage":"fr-FR","potentialAction":[{"@type":"ReadAction","target":["https:\/\/lasentinelle.dz\/index.php\/2023\/01\/07\/nouvelle-manoeuvre-marocaine-a-lonu-une-vaine-tentative-dinstrumentaliser-la-cause-palestinienne\/"]}]},{"@type":"ImageObject","inLanguage":"fr-FR","@id":"https:\/\/lasentinelle.dz\/index.php\/2023\/01\/07\/nouvelle-manoeuvre-marocaine-a-lonu-une-vaine-tentative-dinstrumentaliser-la-cause-palestinienne\/#primaryimage","url":"https:\/\/lasentinelle.dz\/wp-content\/uploads\/2023\/01\/Sans-titre-5-1.png","contentUrl":"https:\/\/lasentinelle.dz\/wp-content\/uploads\/2023\/01\/Sans-titre-5-1.png","width":1599,"height":900},{"@type":"BreadcrumbList","@id":"https:\/\/lasentinelle.dz\/index.php\/2023\/01\/07\/nouvelle-manoeuvre-marocaine-a-lonu-une-vaine-tentative-dinstrumentaliser-la-cause-palestinienne\/#breadcrumb","itemListElement":[{"@type":"ListItem","position":1,"name":"Accueil","item":"https:\/\/lasentinelle.dz\/"},{"@type":"ListItem","position":2,"name":"Nouvelle man\u0153uvre marocaine \u00e0 l\u2019ONU\u00a0: Une vaine tentative d\u2019instrumentaliser la cause palestinienne"}]},{"@type":"WebSite","@id":"https:\/\/lasentinelle.dz\/#website","url":"https:\/\/lasentinelle.dz\/","name":"La Sentinelle","description":"Quotidien national d&#039;information","publisher":{"@id":"https:\/\/lasentinelle.dz\/#organization"},"potentialAction":[{"@type":"SearchAction","target":{"@type":"EntryPoint","urlTemplate":"https:\/\/lasentinelle.dz\/?s={search_term_string}"},"query-input":{"@type":"PropertyValueSpecification","valueRequired":true,"valueName":"search_term_string"}}],"inLanguage":"fr-FR"},{"@type":"Organization","@id":"https:\/\/lasentinelle.dz\/#organization","name":"Quotidien La Sentinelle","url":"https:\/\/lasentinelle.dz\/","logo":{"@type":"ImageObject","inLanguage":"fr-FR","@id":"https:\/\/lasentinelle.dz\/#\/schema\/logo\/image\/","url":"https:\/\/lasentinelle.dz\/wp-content\/uploads\/2021\/09\/logo-sentinelleSLOGAN-1.png","contentUrl":"https:\/\/lasentinelle.dz\/wp-content\/uploads\/2021\/09\/logo-sentinelleSLOGAN-1.png","width":615,"height":142,"caption":"Quotidien La Sentinelle"},"image":{"@id":"https:\/\/lasentinelle.dz\/#\/schema\/logo\/image\/"},"sameAs":["https:\/\/www.facebook.com\/La-Sentinelle-104059864394773"]},{"@type":"Person","@id":"https:\/\/lasentinelle.dz\/#\/schema\/person\/d865044e22e70a75174ce8bcad3acfb3","name":"La Sentinelle","image":{"@type":"ImageObject","inLanguage":"fr-FR","@id":"https:\/\/secure.gravatar.com\/avatar\/57de8e5d4b15d43fb361a71fbb36338450fe67865b528a43dd10ef7c51a20392?s=96&d=mm&r=g","url":"https:\/\/secure.gravatar.com\/avatar\/57de8e5d4b15d43fb361a71fbb36338450fe67865b528a43dd10ef7c51a20392?s=96&d=mm&r=g","contentUrl":"https:\/\/secure.gravatar.com\/avatar\/57de8e5d4b15d43fb361a71fbb36338450fe67865b528a43dd10ef7c51a20392?s=96&d=mm&r=g","caption":"La Sentinelle"},"sameAs":["http:\/\/www.lasentinelle.dz"],"url":"https:\/\/lasentinelle.dz\/author\/redaction\/"}]}},"_links":{"self":[{"href":"https:\/\/lasentinelle.dz\/index.php\/wp-json\/wp\/v2\/posts\/33779","targetHints":{"allow":["GET"]}}],"collection":[{"href":"https:\/\/lasentinelle.dz\/index.php\/wp-json\/wp\/v2\/posts"}],"about":[{"href":"https:\/\/lasentinelle.dz\/index.php\/wp-json\/wp\/v2\/types\/post"}],"author":[{"embeddable":true,"href":"https:\/\/lasentinelle.dz\/index.php\/wp-json\/wp\/v2\/users\/3"}],"replies":[{"embeddable":true,"href":"https:\/\/lasentinelle.dz\/index.php\/wp-json\/wp\/v2\/comments?post=33779"}],"version-history":[{"count":1,"href":"https:\/\/lasentinelle.dz\/index.php\/wp-json\/wp\/v2\/posts\/33779\/revisions"}],"predecessor-version":[{"id":33791,"href":"https:\/\/lasentinelle.dz\/index.php\/wp-json\/wp\/v2\/posts\/33779\/revisions\/33791"}],"wp:featuredmedia":[{"embeddable":true,"href":"https:\/\/lasentinelle.dz\/index.php\/wp-json\/wp\/v2\/media\/33789"}],"wp:attachment":[{"href":"https:\/\/lasentinelle.dz\/index.php\/wp-json\/wp\/v2\/media?parent=33779"}],"wp:term":[{"taxonomy":"category","embeddable":true,"href":"https:\/\/lasentinelle.dz\/index.php\/wp-json\/wp\/v2\/categories?post=33779"},{"taxonomy":"post_tag","embeddable":true,"href":"https:\/\/lasentinelle.dz\/index.php\/wp-json\/wp\/v2\/tags?post=33779"}],"curies":[{"name":"wp","href":"https:\/\/api.w.org\/{rel}","templated":true}]}}