{"id":33841,"date":"2023-01-08T22:00:00","date_gmt":"2023-01-08T21:00:00","guid":{"rendered":"https:\/\/lasentinelle.dz\/?p=33841"},"modified":"2023-01-08T19:15:54","modified_gmt":"2023-01-08T18:15:54","slug":"perou-la-rue-reclame-la-demission-de-la-nouvelle-presidente","status":"publish","type":"post","link":"https:\/\/lasentinelle.dz\/index.php\/2023\/01\/08\/perou-la-rue-reclame-la-demission-de-la-nouvelle-presidente\/","title":{"rendered":"P\u00e9rou\u00a0: La rue r\u00e9clame la d\u00e9mission de la nouvelle pr\u00e9sidente"},"content":{"rendered":"\n<p>Des milliers de manifestants au P\u00e9rou sont descendus dans la rue samedi exigeant la d\u00e9mission de la nouvelle Pr\u00e9sidente, Dina Boluarte. Boluarte a pris ses fonctions \u00e0 la t\u00eate de l&rsquo;Etat le mois dernier, apr\u00e8s le limogeage et l&rsquo;arrestation de l&rsquo;ancien pr\u00e9sident Pedro Castillo le 7 d\u00e9cembre. Les forces de s\u00e9curit\u00e9 ont arr\u00eat\u00e9 Castillo, suite \u00e0 sa d\u00e9cision de dissoudre le Conseil l\u00e9gislatif (parlement) et de d\u00e9clarer l&rsquo;\u00e9tat d&rsquo;urgence avant que le parlement ne tienne une troisi\u00e8me session pour voter sa destitution. Le parlement p\u00e9ruvien, domin\u00e9 par l&rsquo;opposition de droite, a approuv\u00e9 la destitution du pr\u00e9sident de gauche Pedro Castillo, qui purge actuellement une peine de 18 mois de prison pr\u00e9ventive. Les manifestants, qui ont bloqu\u00e9 la circulation dans plusieurs villes, ont appel\u00e9 \u00e0 la lib\u00e9ration de Castillo, \u00e0 la fermeture du Congr\u00e8s et \u00e0 la tenue d&rsquo;\u00e9lections anticip\u00e9es. Dina Boluarte a exprim\u00e9 sa volont\u00e9 de dialoguer avec les manifestants, en les exhortant \u00e0 lever les barrages routiers. Elle a d\u00e9clar\u00e9 que le gouvernement \u00e9tait pr\u00eat \u00e0 discuter des raisons des manifestations tout en appelant \u00e0 mettre fin aux campagnes anti-gouvernementales. Plus t\u00f4t cette semaine, Boluarte a annonc\u00e9 qu&rsquo;elle \u00e9tait en pourparlers avec l&rsquo;organisme national de surveillance de l&rsquo;immigration pour interdire \u00e0 l&rsquo;ancien Pr\u00e9sident bolivien Evo Morales d&rsquo;entrer au P\u00e9rou en raison de son ing\u00e9rence dans les affaires int\u00e9rieures du pays. Morales avait critiqu\u00e9, dans un tweet, la nouvelle Pr\u00e9sidente et le gouvernement p\u00e9ruvien et appel\u00e9 \u00e0 mettre fin aux arrestations \u00abill\u00e9gales\u00bb. Le bilan des manifestations au P\u00e9rou a atteint 12 morts et 600 bless\u00e9s.<\/p>\n\n\n\n<p>Agences<\/p>\n","protected":false},"excerpt":{"rendered":"<p>Des milliers de manifestants au P\u00e9rou sont descendus dans la rue samedi exigeant la d\u00e9mission de la nouvelle Pr\u00e9sidente, Dina<\/p>\n","protected":false},"author":3,"featured_media":33867,"comment_status":"open","ping_status":"closed","sticky":false,"template":"","format":"standard","meta":{"colormag_page_container_layout":"default_layout","colormag_page_sidebar_layout":"default_layout","om_disable_all_campaigns":false,"_monsterinsights_skip_tracking":false,"_monsterinsights_sitenote_active":false,"_monsterinsights_sitenote_note":"","_monsterinsights_sitenote_category":0,"footnotes":"","_wpscppro_dont_share_socialmedia":false,"_wpscppro_custom_social_share_image":0,"_facebook_share_type":"","_twitter_share_type":"","_linkedin_share_type":"","_pinterest_share_type":"","_linkedin_share_type_page":"","_instagram_share_type":"","_medium_share_type":"","_threads_share_type":"","_google_business_share_type":"","_selected_social_profile":[],"_wpsp_enable_custom_social_template":false,"_wpsp_social_scheduling":{"enabled":false,"datetime":null,"platforms":[],"status":"template_only","dateOption":"today","timeOption":"now","customDays":"","customHours":"","customDate":"","customTime":"","schedulingType":"absolute"},"_wpsp_active_default_template":true},"categories":[37],"tags":[],"class_list":["post-33841","post","type-post","status-publish","format-standard","has-post-thumbnail","hentry","category-monde"],"aioseo_notices":[],"yoast_head":"<!-- This site is optimized with the Yoast SEO plugin v27.5 - https:\/\/yoast.com\/product\/yoast-seo-wordpress\/ -->\n<title>P\u00e9rou\u00a0: La rue r\u00e9clame la d\u00e9mission de la nouvelle pr\u00e9sidente - La Sentinelle<\/title>\n<meta name=\"robots\" content=\"index, follow, max-snippet:-1, max-image-preview:large, max-video-preview:-1\" \/>\n<link rel=\"canonical\" href=\"https:\/\/lasentinelle.dz\/index.php\/2023\/01\/08\/perou-la-rue-reclame-la-demission-de-la-nouvelle-presidente\/\" \/>\n<meta property=\"og:locale\" content=\"fr_FR\" \/>\n<meta property=\"og:type\" content=\"article\" \/>\n<meta property=\"og:title\" content=\"P\u00e9rou\u00a0: La rue r\u00e9clame la d\u00e9mission de la nouvelle pr\u00e9sidente - La Sentinelle\" \/>\n<meta property=\"og:description\" content=\"Des milliers de manifestants au P\u00e9rou sont descendus dans la rue samedi exigeant la d\u00e9mission de la nouvelle Pr\u00e9sidente, Dina\" \/>\n<meta property=\"og:url\" content=\"https:\/\/lasentinelle.dz\/index.php\/2023\/01\/08\/perou-la-rue-reclame-la-demission-de-la-nouvelle-presidente\/\" \/>\n<meta property=\"og:site_name\" content=\"La Sentinelle\" \/>\n<meta property=\"article:publisher\" content=\"https:\/\/www.facebook.com\/La-Sentinelle-104059864394773\" \/>\n<meta property=\"article:published_time\" content=\"2023-01-08T21:00:00+00:00\" \/>\n<meta property=\"og:image\" content=\"https:\/\/lasentinelle.dz\/wp-content\/uploads\/2023\/01\/image_2023-01-08_191432796.png\" \/>\n\t<meta property=\"og:image:width\" content=\"768\" \/>\n\t<meta property=\"og:image:height\" content=\"521\" \/>\n\t<meta property=\"og:image:type\" content=\"image\/png\" \/>\n<meta name=\"author\" content=\"La Sentinelle\" \/>\n<meta name=\"twitter:card\" content=\"summary_large_image\" \/>\n<meta name=\"twitter:label1\" content=\"\u00c9crit par\" \/>\n\t<meta name=\"twitter:data1\" content=\"La Sentinelle\" \/>\n\t<meta name=\"twitter:label2\" content=\"Dur\u00e9e de lecture estim\u00e9e\" \/>\n\t<meta name=\"twitter:data2\" content=\"2 minutes\" \/>\n<script type=\"application\/ld+json\" class=\"yoast-schema-graph\">{\"@context\":\"https:\\\/\\\/schema.org\",\"@graph\":[{\"@type\":\"Article\",\"@id\":\"https:\\\/\\\/lasentinelle.dz\\\/index.php\\\/2023\\\/01\\\/08\\\/perou-la-rue-reclame-la-demission-de-la-nouvelle-presidente\\\/#article\",\"isPartOf\":{\"@id\":\"https:\\\/\\\/lasentinelle.dz\\\/index.php\\\/2023\\\/01\\\/08\\\/perou-la-rue-reclame-la-demission-de-la-nouvelle-presidente\\\/\"},\"author\":{\"name\":\"La Sentinelle\",\"@id\":\"https:\\\/\\\/lasentinelle.dz\\\/#\\\/schema\\\/person\\\/d865044e22e70a75174ce8bcad3acfb3\"},\"headline\":\"P\u00e9rou\u00a0: La rue r\u00e9clame la d\u00e9mission de la nouvelle pr\u00e9sidente\",\"datePublished\":\"2023-01-08T21:00:00+00:00\",\"mainEntityOfPage\":{\"@id\":\"https:\\\/\\\/lasentinelle.dz\\\/index.php\\\/2023\\\/01\\\/08\\\/perou-la-rue-reclame-la-demission-de-la-nouvelle-presidente\\\/\"},\"wordCount\":299,\"commentCount\":0,\"publisher\":{\"@id\":\"https:\\\/\\\/lasentinelle.dz\\\/#organization\"},\"image\":{\"@id\":\"https:\\\/\\\/lasentinelle.dz\\\/index.php\\\/2023\\\/01\\\/08\\\/perou-la-rue-reclame-la-demission-de-la-nouvelle-presidente\\\/#primaryimage\"},\"thumbnailUrl\":\"https:\\\/\\\/lasentinelle.dz\\\/wp-content\\\/uploads\\\/2023\\\/01\\\/image_2023-01-08_191432796.png\",\"articleSection\":[\"Monde\"],\"inLanguage\":\"fr-FR\",\"potentialAction\":[{\"@type\":\"CommentAction\",\"name\":\"Comment\",\"target\":[\"https:\\\/\\\/lasentinelle.dz\\\/index.php\\\/2023\\\/01\\\/08\\\/perou-la-rue-reclame-la-demission-de-la-nouvelle-presidente\\\/#respond\"]}]},{\"@type\":\"WebPage\",\"@id\":\"https:\\\/\\\/lasentinelle.dz\\\/index.php\\\/2023\\\/01\\\/08\\\/perou-la-rue-reclame-la-demission-de-la-nouvelle-presidente\\\/\",\"url\":\"https:\\\/\\\/lasentinelle.dz\\\/index.php\\\/2023\\\/01\\\/08\\\/perou-la-rue-reclame-la-demission-de-la-nouvelle-presidente\\\/\",\"name\":\"P\u00e9rou\u00a0: La rue r\u00e9clame la d\u00e9mission de la nouvelle pr\u00e9sidente - La Sentinelle\",\"isPartOf\":{\"@id\":\"https:\\\/\\\/lasentinelle.dz\\\/#website\"},\"primaryImageOfPage\":{\"@id\":\"https:\\\/\\\/lasentinelle.dz\\\/index.php\\\/2023\\\/01\\\/08\\\/perou-la-rue-reclame-la-demission-de-la-nouvelle-presidente\\\/#primaryimage\"},\"image\":{\"@id\":\"https:\\\/\\\/lasentinelle.dz\\\/index.php\\\/2023\\\/01\\\/08\\\/perou-la-rue-reclame-la-demission-de-la-nouvelle-presidente\\\/#primaryimage\"},\"thumbnailUrl\":\"https:\\\/\\\/lasentinelle.dz\\\/wp-content\\\/uploads\\\/2023\\\/01\\\/image_2023-01-08_191432796.png\",\"datePublished\":\"2023-01-08T21:00:00+00:00\",\"breadcrumb\":{\"@id\":\"https:\\\/\\\/lasentinelle.dz\\\/index.php\\\/2023\\\/01\\\/08\\\/perou-la-rue-reclame-la-demission-de-la-nouvelle-presidente\\\/#breadcrumb\"},\"inLanguage\":\"fr-FR\",\"potentialAction\":[{\"@type\":\"ReadAction\",\"target\":[\"https:\\\/\\\/lasentinelle.dz\\\/index.php\\\/2023\\\/01\\\/08\\\/perou-la-rue-reclame-la-demission-de-la-nouvelle-presidente\\\/\"]}]},{\"@type\":\"ImageObject\",\"inLanguage\":\"fr-FR\",\"@id\":\"https:\\\/\\\/lasentinelle.dz\\\/index.php\\\/2023\\\/01\\\/08\\\/perou-la-rue-reclame-la-demission-de-la-nouvelle-presidente\\\/#primaryimage\",\"url\":\"https:\\\/\\\/lasentinelle.dz\\\/wp-content\\\/uploads\\\/2023\\\/01\\\/image_2023-01-08_191432796.png\",\"contentUrl\":\"https:\\\/\\\/lasentinelle.dz\\\/wp-content\\\/uploads\\\/2023\\\/01\\\/image_2023-01-08_191432796.png\",\"width\":768,\"height\":521},{\"@type\":\"BreadcrumbList\",\"@id\":\"https:\\\/\\\/lasentinelle.dz\\\/index.php\\\/2023\\\/01\\\/08\\\/perou-la-rue-reclame-la-demission-de-la-nouvelle-presidente\\\/#breadcrumb\",\"itemListElement\":[{\"@type\":\"ListItem\",\"position\":1,\"name\":\"Accueil\",\"item\":\"https:\\\/\\\/lasentinelle.dz\\\/\"},{\"@type\":\"ListItem\",\"position\":2,\"name\":\"P\u00e9rou\u00a0: La rue r\u00e9clame la d\u00e9mission de la nouvelle pr\u00e9sidente\"}]},{\"@type\":\"WebSite\",\"@id\":\"https:\\\/\\\/lasentinelle.dz\\\/#website\",\"url\":\"https:\\\/\\\/lasentinelle.dz\\\/\",\"name\":\"La Sentinelle\",\"description\":\"Quotidien national d&#039;information\",\"publisher\":{\"@id\":\"https:\\\/\\\/lasentinelle.dz\\\/#organization\"},\"potentialAction\":[{\"@type\":\"SearchAction\",\"target\":{\"@type\":\"EntryPoint\",\"urlTemplate\":\"https:\\\/\\\/lasentinelle.dz\\\/?s={search_term_string}\"},\"query-input\":{\"@type\":\"PropertyValueSpecification\",\"valueRequired\":true,\"valueName\":\"search_term_string\"}}],\"inLanguage\":\"fr-FR\"},{\"@type\":\"Organization\",\"@id\":\"https:\\\/\\\/lasentinelle.dz\\\/#organization\",\"name\":\"Quotidien La Sentinelle\",\"url\":\"https:\\\/\\\/lasentinelle.dz\\\/\",\"logo\":{\"@type\":\"ImageObject\",\"inLanguage\":\"fr-FR\",\"@id\":\"https:\\\/\\\/lasentinelle.dz\\\/#\\\/schema\\\/logo\\\/image\\\/\",\"url\":\"https:\\\/\\\/lasentinelle.dz\\\/wp-content\\\/uploads\\\/2021\\\/09\\\/logo-sentinelleSLOGAN-1.png\",\"contentUrl\":\"https:\\\/\\\/lasentinelle.dz\\\/wp-content\\\/uploads\\\/2021\\\/09\\\/logo-sentinelleSLOGAN-1.png\",\"width\":615,\"height\":142,\"caption\":\"Quotidien La Sentinelle\"},\"image\":{\"@id\":\"https:\\\/\\\/lasentinelle.dz\\\/#\\\/schema\\\/logo\\\/image\\\/\"},\"sameAs\":[\"https:\\\/\\\/www.facebook.com\\\/La-Sentinelle-104059864394773\"]},{\"@type\":\"Person\",\"@id\":\"https:\\\/\\\/lasentinelle.dz\\\/#\\\/schema\\\/person\\\/d865044e22e70a75174ce8bcad3acfb3\",\"name\":\"La Sentinelle\",\"image\":{\"@type\":\"ImageObject\",\"inLanguage\":\"fr-FR\",\"@id\":\"https:\\\/\\\/secure.gravatar.com\\\/avatar\\\/57de8e5d4b15d43fb361a71fbb36338450fe67865b528a43dd10ef7c51a20392?s=96&d=mm&r=g\",\"url\":\"https:\\\/\\\/secure.gravatar.com\\\/avatar\\\/57de8e5d4b15d43fb361a71fbb36338450fe67865b528a43dd10ef7c51a20392?s=96&d=mm&r=g\",\"contentUrl\":\"https:\\\/\\\/secure.gravatar.com\\\/avatar\\\/57de8e5d4b15d43fb361a71fbb36338450fe67865b528a43dd10ef7c51a20392?s=96&d=mm&r=g\",\"caption\":\"La Sentinelle\"},\"sameAs\":[\"http:\\\/\\\/www.lasentinelle.dz\"],\"url\":\"https:\\\/\\\/lasentinelle.dz\\\/author\\\/redaction\\\/\"}]}<\/script>\n<!-- \/ Yoast SEO plugin. -->","yoast_head_json":{"title":"P\u00e9rou\u00a0: La rue r\u00e9clame la d\u00e9mission de la nouvelle pr\u00e9sidente - La Sentinelle","robots":{"index":"index","follow":"follow","max-snippet":"max-snippet:-1","max-image-preview":"max-image-preview:large","max-video-preview":"max-video-preview:-1"},"canonical":"https:\/\/lasentinelle.dz\/index.php\/2023\/01\/08\/perou-la-rue-reclame-la-demission-de-la-nouvelle-presidente\/","og_locale":"fr_FR","og_type":"article","og_title":"P\u00e9rou\u00a0: La rue r\u00e9clame la d\u00e9mission de la nouvelle pr\u00e9sidente - La Sentinelle","og_description":"Des milliers de manifestants au P\u00e9rou sont descendus dans la rue samedi exigeant la d\u00e9mission de la nouvelle Pr\u00e9sidente, Dina","og_url":"https:\/\/lasentinelle.dz\/index.php\/2023\/01\/08\/perou-la-rue-reclame-la-demission-de-la-nouvelle-presidente\/","og_site_name":"La Sentinelle","article_publisher":"https:\/\/www.facebook.com\/La-Sentinelle-104059864394773","article_published_time":"2023-01-08T21:00:00+00:00","og_image":[{"width":768,"height":521,"url":"https:\/\/lasentinelle.dz\/wp-content\/uploads\/2023\/01\/image_2023-01-08_191432796.png","type":"image\/png"}],"author":"La Sentinelle","twitter_card":"summary_large_image","twitter_misc":{"\u00c9crit par":"La Sentinelle","Dur\u00e9e de lecture estim\u00e9e":"2 minutes"},"schema":{"@context":"https:\/\/schema.org","@graph":[{"@type":"Article","@id":"https:\/\/lasentinelle.dz\/index.php\/2023\/01\/08\/perou-la-rue-reclame-la-demission-de-la-nouvelle-presidente\/#article","isPartOf":{"@id":"https:\/\/lasentinelle.dz\/index.php\/2023\/01\/08\/perou-la-rue-reclame-la-demission-de-la-nouvelle-presidente\/"},"author":{"name":"La Sentinelle","@id":"https:\/\/lasentinelle.dz\/#\/schema\/person\/d865044e22e70a75174ce8bcad3acfb3"},"headline":"P\u00e9rou\u00a0: La rue r\u00e9clame la d\u00e9mission de la nouvelle pr\u00e9sidente","datePublished":"2023-01-08T21:00:00+00:00","mainEntityOfPage":{"@id":"https:\/\/lasentinelle.dz\/index.php\/2023\/01\/08\/perou-la-rue-reclame-la-demission-de-la-nouvelle-presidente\/"},"wordCount":299,"commentCount":0,"publisher":{"@id":"https:\/\/lasentinelle.dz\/#organization"},"image":{"@id":"https:\/\/lasentinelle.dz\/index.php\/2023\/01\/08\/perou-la-rue-reclame-la-demission-de-la-nouvelle-presidente\/#primaryimage"},"thumbnailUrl":"https:\/\/lasentinelle.dz\/wp-content\/uploads\/2023\/01\/image_2023-01-08_191432796.png","articleSection":["Monde"],"inLanguage":"fr-FR","potentialAction":[{"@type":"CommentAction","name":"Comment","target":["https:\/\/lasentinelle.dz\/index.php\/2023\/01\/08\/perou-la-rue-reclame-la-demission-de-la-nouvelle-presidente\/#respond"]}]},{"@type":"WebPage","@id":"https:\/\/lasentinelle.dz\/index.php\/2023\/01\/08\/perou-la-rue-reclame-la-demission-de-la-nouvelle-presidente\/","url":"https:\/\/lasentinelle.dz\/index.php\/2023\/01\/08\/perou-la-rue-reclame-la-demission-de-la-nouvelle-presidente\/","name":"P\u00e9rou\u00a0: La rue r\u00e9clame la d\u00e9mission de la nouvelle pr\u00e9sidente - La Sentinelle","isPartOf":{"@id":"https:\/\/lasentinelle.dz\/#website"},"primaryImageOfPage":{"@id":"https:\/\/lasentinelle.dz\/index.php\/2023\/01\/08\/perou-la-rue-reclame-la-demission-de-la-nouvelle-presidente\/#primaryimage"},"image":{"@id":"https:\/\/lasentinelle.dz\/index.php\/2023\/01\/08\/perou-la-rue-reclame-la-demission-de-la-nouvelle-presidente\/#primaryimage"},"thumbnailUrl":"https:\/\/lasentinelle.dz\/wp-content\/uploads\/2023\/01\/image_2023-01-08_191432796.png","datePublished":"2023-01-08T21:00:00+00:00","breadcrumb":{"@id":"https:\/\/lasentinelle.dz\/index.php\/2023\/01\/08\/perou-la-rue-reclame-la-demission-de-la-nouvelle-presidente\/#breadcrumb"},"inLanguage":"fr-FR","potentialAction":[{"@type":"ReadAction","target":["https:\/\/lasentinelle.dz\/index.php\/2023\/01\/08\/perou-la-rue-reclame-la-demission-de-la-nouvelle-presidente\/"]}]},{"@type":"ImageObject","inLanguage":"fr-FR","@id":"https:\/\/lasentinelle.dz\/index.php\/2023\/01\/08\/perou-la-rue-reclame-la-demission-de-la-nouvelle-presidente\/#primaryimage","url":"https:\/\/lasentinelle.dz\/wp-content\/uploads\/2023\/01\/image_2023-01-08_191432796.png","contentUrl":"https:\/\/lasentinelle.dz\/wp-content\/uploads\/2023\/01\/image_2023-01-08_191432796.png","width":768,"height":521},{"@type":"BreadcrumbList","@id":"https:\/\/lasentinelle.dz\/index.php\/2023\/01\/08\/perou-la-rue-reclame-la-demission-de-la-nouvelle-presidente\/#breadcrumb","itemListElement":[{"@type":"ListItem","position":1,"name":"Accueil","item":"https:\/\/lasentinelle.dz\/"},{"@type":"ListItem","position":2,"name":"P\u00e9rou\u00a0: La rue r\u00e9clame la d\u00e9mission de la nouvelle pr\u00e9sidente"}]},{"@type":"WebSite","@id":"https:\/\/lasentinelle.dz\/#website","url":"https:\/\/lasentinelle.dz\/","name":"La Sentinelle","description":"Quotidien national d&#039;information","publisher":{"@id":"https:\/\/lasentinelle.dz\/#organization"},"potentialAction":[{"@type":"SearchAction","target":{"@type":"EntryPoint","urlTemplate":"https:\/\/lasentinelle.dz\/?s={search_term_string}"},"query-input":{"@type":"PropertyValueSpecification","valueRequired":true,"valueName":"search_term_string"}}],"inLanguage":"fr-FR"},{"@type":"Organization","@id":"https:\/\/lasentinelle.dz\/#organization","name":"Quotidien La Sentinelle","url":"https:\/\/lasentinelle.dz\/","logo":{"@type":"ImageObject","inLanguage":"fr-FR","@id":"https:\/\/lasentinelle.dz\/#\/schema\/logo\/image\/","url":"https:\/\/lasentinelle.dz\/wp-content\/uploads\/2021\/09\/logo-sentinelleSLOGAN-1.png","contentUrl":"https:\/\/lasentinelle.dz\/wp-content\/uploads\/2021\/09\/logo-sentinelleSLOGAN-1.png","width":615,"height":142,"caption":"Quotidien La Sentinelle"},"image":{"@id":"https:\/\/lasentinelle.dz\/#\/schema\/logo\/image\/"},"sameAs":["https:\/\/www.facebook.com\/La-Sentinelle-104059864394773"]},{"@type":"Person","@id":"https:\/\/lasentinelle.dz\/#\/schema\/person\/d865044e22e70a75174ce8bcad3acfb3","name":"La Sentinelle","image":{"@type":"ImageObject","inLanguage":"fr-FR","@id":"https:\/\/secure.gravatar.com\/avatar\/57de8e5d4b15d43fb361a71fbb36338450fe67865b528a43dd10ef7c51a20392?s=96&d=mm&r=g","url":"https:\/\/secure.gravatar.com\/avatar\/57de8e5d4b15d43fb361a71fbb36338450fe67865b528a43dd10ef7c51a20392?s=96&d=mm&r=g","contentUrl":"https:\/\/secure.gravatar.com\/avatar\/57de8e5d4b15d43fb361a71fbb36338450fe67865b528a43dd10ef7c51a20392?s=96&d=mm&r=g","caption":"La Sentinelle"},"sameAs":["http:\/\/www.lasentinelle.dz"],"url":"https:\/\/lasentinelle.dz\/author\/redaction\/"}]}},"_links":{"self":[{"href":"https:\/\/lasentinelle.dz\/index.php\/wp-json\/wp\/v2\/posts\/33841","targetHints":{"allow":["GET"]}}],"collection":[{"href":"https:\/\/lasentinelle.dz\/index.php\/wp-json\/wp\/v2\/posts"}],"about":[{"href":"https:\/\/lasentinelle.dz\/index.php\/wp-json\/wp\/v2\/types\/post"}],"author":[{"embeddable":true,"href":"https:\/\/lasentinelle.dz\/index.php\/wp-json\/wp\/v2\/users\/3"}],"replies":[{"embeddable":true,"href":"https:\/\/lasentinelle.dz\/index.php\/wp-json\/wp\/v2\/comments?post=33841"}],"version-history":[{"count":1,"href":"https:\/\/lasentinelle.dz\/index.php\/wp-json\/wp\/v2\/posts\/33841\/revisions"}],"predecessor-version":[{"id":33870,"href":"https:\/\/lasentinelle.dz\/index.php\/wp-json\/wp\/v2\/posts\/33841\/revisions\/33870"}],"wp:featuredmedia":[{"embeddable":true,"href":"https:\/\/lasentinelle.dz\/index.php\/wp-json\/wp\/v2\/media\/33867"}],"wp:attachment":[{"href":"https:\/\/lasentinelle.dz\/index.php\/wp-json\/wp\/v2\/media?parent=33841"}],"wp:term":[{"taxonomy":"category","embeddable":true,"href":"https:\/\/lasentinelle.dz\/index.php\/wp-json\/wp\/v2\/categories?post=33841"},{"taxonomy":"post_tag","embeddable":true,"href":"https:\/\/lasentinelle.dz\/index.php\/wp-json\/wp\/v2\/tags?post=33841"}],"curies":[{"name":"wp","href":"https:\/\/api.w.org\/{rel}","templated":true}]}}