{"id":33887,"date":"2023-01-08T22:05:00","date_gmt":"2023-01-08T21:05:00","guid":{"rendered":"https:\/\/lasentinelle.dz\/?p=33887"},"modified":"2023-01-08T20:38:53","modified_gmt":"2023-01-08T19:38:53","slug":"projet-de-loi-relatif-a-la-prevention-et-lutte-contre-le-blanchiment-dargent-et-financement-du-terrorisme-le-conseil-de-la-nation-ouvre-le-debat","status":"publish","type":"post","link":"https:\/\/lasentinelle.dz\/index.php\/2023\/01\/08\/projet-de-loi-relatif-a-la-prevention-et-lutte-contre-le-blanchiment-dargent-et-financement-du-terrorisme-le-conseil-de-la-nation-ouvre-le-debat\/","title":{"rendered":"Projet de loi relatif \u00e0 la pr\u00e9vention et lutte contre le blanchiment d&rsquo;argent et financement du terrorisme\u00a0: Le Conseil de la Nation ouvre le d\u00e9bat"},"content":{"rendered":"\n<p>Le Conseil de la nation tiendra, lundi, une s\u00e9ance pl\u00e9ni\u00e8re consacr\u00e9e \u00e0 la pr\u00e9sentation et au d\u00e9bat du projet de loi relatif \u00e0 la pr\u00e9vention et \u00e0 la lutte contre le blanchiment d&rsquo;argent et le financement du terrorisme, en sus de l\u2019examen d\u2019un&nbsp; rapport pr\u00e9liminaire de la Commission des affaires juridiques et administratives, des droits de l&rsquo;homme, de l&rsquo;organisation locale, de l&rsquo;am\u00e9nagement du territoire et du d\u00e9coupage territorial de validation de la qualit\u00e9 de membre d&rsquo;un nouveau s\u00e9nateur du tiers pr\u00e9sidentiel.<\/p>\n\n\n\n<p>La s\u00e9ance d\u2019aujourd\u2019hui sera cependant domin\u00e9 par les d\u00e9bats sur ce projet de loi qui doit r\u00e9adapter les textes pour asseoir plus de contr\u00f4le sur le financement des associations et int\u00e9grer les concepts li\u00e9s au r\u00e9seaux et actifs virtuels.<\/p>\n\n\n\n<p>Pour rappel, dans son expos\u00e9 pr\u00e9sent\u00e9 la semaine derni\u00e8re devant la commission sp\u00e9cialis\u00e9e du Conseil de la nation, le ministre de la Justice et Garde des Sceaux, Abderrachid Tabi a indiqu\u00e9 que ce projet de loi modifiant et compl\u00e9tant la loi 05-01 du 6 f\u00e9vrier 2005 relative \u00e0 la pr\u00e9vention et \u00e0 la lutte contre le blanchiment d&rsquo;argent et le financement du terrorisme \u00ab\u00a0s&rsquo;inscrit dans le cadre de l&rsquo;adaptation de la l\u00e9gislation nationale \u00e0 la nouvelle donne internationale et de l&rsquo;adaptation du syst\u00e8me juridique aux trait\u00e9s et conventions ratifi\u00e9s par l&rsquo;Alg\u00e9rie\u00a0\u00bb.Il s&rsquo;agit d&rsquo;un m\u00e9canisme de protection de l&rsquo;\u00e9conomie nationale et du syst\u00e8me financier et bancaire contre cette dangereuse criminalit\u00e9, a-t-il ajout\u00e9.Ce projet vient \u00ab\u00a0compl\u00e9ter les dispositions pr\u00e9vues dans le projet de loi modifiant et compl\u00e9tant le code p\u00e9nal, soumis pour examen au Secr\u00e9tariat g\u00e9n\u00e9ral du gouvernement, et qui qualifie d&rsquo;acte terroriste le financement de la prolif\u00e9ration des armes de destruction massive et en fixe les peines encourues\u00a0\u00bb, a soulign\u00e9 M. Tabi.<\/p>\n\n\n\n<p>Ce projet de loi se d\u00e9cline en 5 principaux axes dont certains portent sur la r\u00e9vision de certains termes pour \u00ab\u00a0plus de pr\u00e9cision\u00a0\u00bb, la d\u00e9finition des obligations des intervenants dans l&rsquo;op\u00e9ration de pr\u00e9vention et de la lutte contre le blanchiment d&rsquo;argent, le financement du terrorisme et la prolif\u00e9ration des armes de destruction massive, a-t-il soulign\u00e9.Le projet pr\u00e9voit \u00e9galement \u00ab\u00a0des sanctions administratives inflig\u00e9es aux entreprises financi\u00e8res, aux institutions et aux professions non financi\u00e8res, telles que les avocats, les notaires, les commissaires-priseurs, les g\u00e9rants ou leurs assistants en cas de manquement aux obligations qui leur sont assign\u00e9es, et les oblige \u00e0 signaler \u00e0 l&rsquo;organe sp\u00e9cialis\u00e9 toute op\u00e9ration suspecte\u00a0\u00bb.Il a soulign\u00e9 la n\u00e9cessit\u00e9 pour les associations et les organisations non lucratives de respecter les r\u00e8gles de conduite prudente, notamment en ce qui concerne l&rsquo;acceptation des dons et des aides financi\u00e8res de source inconnue et issus d&rsquo;activit\u00e9s suspectes, de personnes et d&rsquo;organisations ou structures dont l&rsquo;implication s&rsquo;est av\u00e9r\u00e9e confirm\u00e9e \u00e0 l&rsquo;int\u00e9rieur ou \u00e0 l&rsquo;ext\u00e9rieur du territoire de la R\u00e9publique dans des activit\u00e9s li\u00e9es aux crimes terroristes, ainsi que le refus d&rsquo;accepter des montants en esp\u00e8ces sans autorisation du minist\u00e8re de tutelle.Le texte stipule \u00e9galement que dans le cas o\u00f9 l&rsquo;infraction principale n&rsquo;est pas prouv\u00e9e, la poursuite judiciaire sera intent\u00e9e sur la base de l&rsquo;infraction de blanchiment d&rsquo;argent comme infraction principale. Le d\u00e9bat sera ouvert cette apr\u00e8s-midi avec les interventions des membres du Conseil de la nation sur le texte, avant de laisser place \u00e0 la r\u00e9ponse du ministre de la Justice aux interrogations des s\u00e9nateurs.<\/p>\n\n\n\n<p>R.N.<\/p>\n","protected":false},"excerpt":{"rendered":"<p>Le Conseil de la nation tiendra, lundi, une s\u00e9ance pl\u00e9ni\u00e8re consacr\u00e9e \u00e0 la pr\u00e9sentation et au d\u00e9bat du projet de<\/p>\n","protected":false},"author":3,"featured_media":17110,"comment_status":"open","ping_status":"closed","sticky":false,"template":"","format":"standard","meta":{"colormag_page_container_layout":"default_layout","colormag_page_sidebar_layout":"default_layout","om_disable_all_campaigns":false,"_monsterinsights_skip_tracking":false,"_monsterinsights_sitenote_active":false,"_monsterinsights_sitenote_note":"","_monsterinsights_sitenote_category":0,"footnotes":"","_wpscppro_dont_share_socialmedia":false,"_wpscppro_custom_social_share_image":0,"_facebook_share_type":"","_twitter_share_type":"","_linkedin_share_type":"","_pinterest_share_type":"","_linkedin_share_type_page":"","_instagram_share_type":"","_medium_share_type":"","_threads_share_type":"","_google_business_share_type":"","_selected_social_profile":[],"_wpsp_enable_custom_social_template":false,"_wpsp_social_scheduling":{"enabled":false,"datetime":null,"platforms":[],"status":"template_only","dateOption":"today","timeOption":"now","customDays":"","customHours":"","customDate":"","customTime":"","schedulingType":"absolute"},"_wpsp_active_default_template":true},"categories":[27],"tags":[],"class_list":["post-33887","post","type-post","status-publish","format-standard","has-post-thumbnail","hentry","category-actualite"],"aioseo_notices":[],"yoast_head":"<!-- This site is optimized with the Yoast SEO plugin v27.5 - https:\/\/yoast.com\/product\/yoast-seo-wordpress\/ -->\n<title>Projet de loi relatif \u00e0 la pr\u00e9vention et lutte contre le blanchiment d&rsquo;argent et financement du terrorisme\u00a0: Le Conseil de la Nation ouvre le d\u00e9bat - La Sentinelle<\/title>\n<meta name=\"robots\" content=\"index, follow, max-snippet:-1, max-image-preview:large, max-video-preview:-1\" \/>\n<link rel=\"canonical\" href=\"https:\/\/lasentinelle.dz\/index.php\/2023\/01\/08\/projet-de-loi-relatif-a-la-prevention-et-lutte-contre-le-blanchiment-dargent-et-financement-du-terrorisme-le-conseil-de-la-nation-ouvre-le-debat\/\" \/>\n<meta property=\"og:locale\" content=\"fr_FR\" \/>\n<meta property=\"og:type\" content=\"article\" \/>\n<meta property=\"og:title\" content=\"Projet de loi relatif \u00e0 la pr\u00e9vention et lutte contre le blanchiment d&rsquo;argent et financement du terrorisme\u00a0: Le Conseil de la Nation ouvre le d\u00e9bat - La Sentinelle\" \/>\n<meta property=\"og:description\" content=\"Le Conseil de la nation tiendra, lundi, une s\u00e9ance pl\u00e9ni\u00e8re consacr\u00e9e \u00e0 la pr\u00e9sentation et au d\u00e9bat du projet de\" \/>\n<meta property=\"og:url\" content=\"https:\/\/lasentinelle.dz\/index.php\/2023\/01\/08\/projet-de-loi-relatif-a-la-prevention-et-lutte-contre-le-blanchiment-dargent-et-financement-du-terrorisme-le-conseil-de-la-nation-ouvre-le-debat\/\" \/>\n<meta property=\"og:site_name\" content=\"La Sentinelle\" \/>\n<meta property=\"article:publisher\" content=\"https:\/\/www.facebook.com\/La-Sentinelle-104059864394773\" \/>\n<meta property=\"article:published_time\" content=\"2023-01-08T21:05:00+00:00\" \/>\n<meta property=\"og:image\" content=\"https:\/\/lasentinelle.dz\/wp-content\/uploads\/2022\/02\/consiel-.png\" \/>\n\t<meta property=\"og:image:width\" content=\"1491\" \/>\n\t<meta property=\"og:image:height\" content=\"900\" \/>\n\t<meta property=\"og:image:type\" content=\"image\/png\" \/>\n<meta name=\"author\" content=\"La Sentinelle\" \/>\n<meta name=\"twitter:card\" content=\"summary_large_image\" \/>\n<meta name=\"twitter:label1\" content=\"\u00c9crit par\" \/>\n\t<meta name=\"twitter:data1\" content=\"La Sentinelle\" \/>\n\t<meta name=\"twitter:label2\" content=\"Dur\u00e9e de lecture estim\u00e9e\" \/>\n\t<meta name=\"twitter:data2\" content=\"3 minutes\" \/>\n<script type=\"application\/ld+json\" class=\"yoast-schema-graph\">{\"@context\":\"https:\\\/\\\/schema.org\",\"@graph\":[{\"@type\":\"Article\",\"@id\":\"https:\\\/\\\/lasentinelle.dz\\\/index.php\\\/2023\\\/01\\\/08\\\/projet-de-loi-relatif-a-la-prevention-et-lutte-contre-le-blanchiment-dargent-et-financement-du-terrorisme-le-conseil-de-la-nation-ouvre-le-debat\\\/#article\",\"isPartOf\":{\"@id\":\"https:\\\/\\\/lasentinelle.dz\\\/index.php\\\/2023\\\/01\\\/08\\\/projet-de-loi-relatif-a-la-prevention-et-lutte-contre-le-blanchiment-dargent-et-financement-du-terrorisme-le-conseil-de-la-nation-ouvre-le-debat\\\/\"},\"author\":{\"name\":\"La Sentinelle\",\"@id\":\"https:\\\/\\\/lasentinelle.dz\\\/#\\\/schema\\\/person\\\/d865044e22e70a75174ce8bcad3acfb3\"},\"headline\":\"Projet de loi relatif \u00e0 la pr\u00e9vention et lutte contre le blanchiment d&rsquo;argent et financement du terrorisme\u00a0: Le Conseil de la Nation ouvre le d\u00e9bat\",\"datePublished\":\"2023-01-08T21:05:00+00:00\",\"mainEntityOfPage\":{\"@id\":\"https:\\\/\\\/lasentinelle.dz\\\/index.php\\\/2023\\\/01\\\/08\\\/projet-de-loi-relatif-a-la-prevention-et-lutte-contre-le-blanchiment-dargent-et-financement-du-terrorisme-le-conseil-de-la-nation-ouvre-le-debat\\\/\"},\"wordCount\":663,\"commentCount\":0,\"publisher\":{\"@id\":\"https:\\\/\\\/lasentinelle.dz\\\/#organization\"},\"image\":{\"@id\":\"https:\\\/\\\/lasentinelle.dz\\\/index.php\\\/2023\\\/01\\\/08\\\/projet-de-loi-relatif-a-la-prevention-et-lutte-contre-le-blanchiment-dargent-et-financement-du-terrorisme-le-conseil-de-la-nation-ouvre-le-debat\\\/#primaryimage\"},\"thumbnailUrl\":\"https:\\\/\\\/lasentinelle.dz\\\/wp-content\\\/uploads\\\/2022\\\/02\\\/consiel-.png\",\"articleSection\":[\"Actualit\u00e9\"],\"inLanguage\":\"fr-FR\",\"potentialAction\":[{\"@type\":\"CommentAction\",\"name\":\"Comment\",\"target\":[\"https:\\\/\\\/lasentinelle.dz\\\/index.php\\\/2023\\\/01\\\/08\\\/projet-de-loi-relatif-a-la-prevention-et-lutte-contre-le-blanchiment-dargent-et-financement-du-terrorisme-le-conseil-de-la-nation-ouvre-le-debat\\\/#respond\"]}]},{\"@type\":\"WebPage\",\"@id\":\"https:\\\/\\\/lasentinelle.dz\\\/index.php\\\/2023\\\/01\\\/08\\\/projet-de-loi-relatif-a-la-prevention-et-lutte-contre-le-blanchiment-dargent-et-financement-du-terrorisme-le-conseil-de-la-nation-ouvre-le-debat\\\/\",\"url\":\"https:\\\/\\\/lasentinelle.dz\\\/index.php\\\/2023\\\/01\\\/08\\\/projet-de-loi-relatif-a-la-prevention-et-lutte-contre-le-blanchiment-dargent-et-financement-du-terrorisme-le-conseil-de-la-nation-ouvre-le-debat\\\/\",\"name\":\"Projet de loi relatif \u00e0 la pr\u00e9vention et lutte contre le blanchiment d&rsquo;argent et financement du terrorisme\u00a0: Le Conseil de la Nation ouvre le d\u00e9bat - La Sentinelle\",\"isPartOf\":{\"@id\":\"https:\\\/\\\/lasentinelle.dz\\\/#website\"},\"primaryImageOfPage\":{\"@id\":\"https:\\\/\\\/lasentinelle.dz\\\/index.php\\\/2023\\\/01\\\/08\\\/projet-de-loi-relatif-a-la-prevention-et-lutte-contre-le-blanchiment-dargent-et-financement-du-terrorisme-le-conseil-de-la-nation-ouvre-le-debat\\\/#primaryimage\"},\"image\":{\"@id\":\"https:\\\/\\\/lasentinelle.dz\\\/index.php\\\/2023\\\/01\\\/08\\\/projet-de-loi-relatif-a-la-prevention-et-lutte-contre-le-blanchiment-dargent-et-financement-du-terrorisme-le-conseil-de-la-nation-ouvre-le-debat\\\/#primaryimage\"},\"thumbnailUrl\":\"https:\\\/\\\/lasentinelle.dz\\\/wp-content\\\/uploads\\\/2022\\\/02\\\/consiel-.png\",\"datePublished\":\"2023-01-08T21:05:00+00:00\",\"breadcrumb\":{\"@id\":\"https:\\\/\\\/lasentinelle.dz\\\/index.php\\\/2023\\\/01\\\/08\\\/projet-de-loi-relatif-a-la-prevention-et-lutte-contre-le-blanchiment-dargent-et-financement-du-terrorisme-le-conseil-de-la-nation-ouvre-le-debat\\\/#breadcrumb\"},\"inLanguage\":\"fr-FR\",\"potentialAction\":[{\"@type\":\"ReadAction\",\"target\":[\"https:\\\/\\\/lasentinelle.dz\\\/index.php\\\/2023\\\/01\\\/08\\\/projet-de-loi-relatif-a-la-prevention-et-lutte-contre-le-blanchiment-dargent-et-financement-du-terrorisme-le-conseil-de-la-nation-ouvre-le-debat\\\/\"]}]},{\"@type\":\"ImageObject\",\"inLanguage\":\"fr-FR\",\"@id\":\"https:\\\/\\\/lasentinelle.dz\\\/index.php\\\/2023\\\/01\\\/08\\\/projet-de-loi-relatif-a-la-prevention-et-lutte-contre-le-blanchiment-dargent-et-financement-du-terrorisme-le-conseil-de-la-nation-ouvre-le-debat\\\/#primaryimage\",\"url\":\"https:\\\/\\\/lasentinelle.dz\\\/wp-content\\\/uploads\\\/2022\\\/02\\\/consiel-.png\",\"contentUrl\":\"https:\\\/\\\/lasentinelle.dz\\\/wp-content\\\/uploads\\\/2022\\\/02\\\/consiel-.png\",\"width\":1491,\"height\":900},{\"@type\":\"BreadcrumbList\",\"@id\":\"https:\\\/\\\/lasentinelle.dz\\\/index.php\\\/2023\\\/01\\\/08\\\/projet-de-loi-relatif-a-la-prevention-et-lutte-contre-le-blanchiment-dargent-et-financement-du-terrorisme-le-conseil-de-la-nation-ouvre-le-debat\\\/#breadcrumb\",\"itemListElement\":[{\"@type\":\"ListItem\",\"position\":1,\"name\":\"Accueil\",\"item\":\"https:\\\/\\\/lasentinelle.dz\\\/\"},{\"@type\":\"ListItem\",\"position\":2,\"name\":\"Projet de loi relatif \u00e0 la pr\u00e9vention et lutte contre le blanchiment d&rsquo;argent et financement du terrorisme\u00a0: Le Conseil de la Nation ouvre le d\u00e9bat\"}]},{\"@type\":\"WebSite\",\"@id\":\"https:\\\/\\\/lasentinelle.dz\\\/#website\",\"url\":\"https:\\\/\\\/lasentinelle.dz\\\/\",\"name\":\"La Sentinelle\",\"description\":\"Quotidien national d&#039;information\",\"publisher\":{\"@id\":\"https:\\\/\\\/lasentinelle.dz\\\/#organization\"},\"potentialAction\":[{\"@type\":\"SearchAction\",\"target\":{\"@type\":\"EntryPoint\",\"urlTemplate\":\"https:\\\/\\\/lasentinelle.dz\\\/?s={search_term_string}\"},\"query-input\":{\"@type\":\"PropertyValueSpecification\",\"valueRequired\":true,\"valueName\":\"search_term_string\"}}],\"inLanguage\":\"fr-FR\"},{\"@type\":\"Organization\",\"@id\":\"https:\\\/\\\/lasentinelle.dz\\\/#organization\",\"name\":\"Quotidien La Sentinelle\",\"url\":\"https:\\\/\\\/lasentinelle.dz\\\/\",\"logo\":{\"@type\":\"ImageObject\",\"inLanguage\":\"fr-FR\",\"@id\":\"https:\\\/\\\/lasentinelle.dz\\\/#\\\/schema\\\/logo\\\/image\\\/\",\"url\":\"https:\\\/\\\/lasentinelle.dz\\\/wp-content\\\/uploads\\\/2021\\\/09\\\/logo-sentinelleSLOGAN-1.png\",\"contentUrl\":\"https:\\\/\\\/lasentinelle.dz\\\/wp-content\\\/uploads\\\/2021\\\/09\\\/logo-sentinelleSLOGAN-1.png\",\"width\":615,\"height\":142,\"caption\":\"Quotidien La Sentinelle\"},\"image\":{\"@id\":\"https:\\\/\\\/lasentinelle.dz\\\/#\\\/schema\\\/logo\\\/image\\\/\"},\"sameAs\":[\"https:\\\/\\\/www.facebook.com\\\/La-Sentinelle-104059864394773\"]},{\"@type\":\"Person\",\"@id\":\"https:\\\/\\\/lasentinelle.dz\\\/#\\\/schema\\\/person\\\/d865044e22e70a75174ce8bcad3acfb3\",\"name\":\"La Sentinelle\",\"image\":{\"@type\":\"ImageObject\",\"inLanguage\":\"fr-FR\",\"@id\":\"https:\\\/\\\/secure.gravatar.com\\\/avatar\\\/57de8e5d4b15d43fb361a71fbb36338450fe67865b528a43dd10ef7c51a20392?s=96&d=mm&r=g\",\"url\":\"https:\\\/\\\/secure.gravatar.com\\\/avatar\\\/57de8e5d4b15d43fb361a71fbb36338450fe67865b528a43dd10ef7c51a20392?s=96&d=mm&r=g\",\"contentUrl\":\"https:\\\/\\\/secure.gravatar.com\\\/avatar\\\/57de8e5d4b15d43fb361a71fbb36338450fe67865b528a43dd10ef7c51a20392?s=96&d=mm&r=g\",\"caption\":\"La Sentinelle\"},\"sameAs\":[\"http:\\\/\\\/www.lasentinelle.dz\"],\"url\":\"https:\\\/\\\/lasentinelle.dz\\\/author\\\/redaction\\\/\"}]}<\/script>\n<!-- \/ Yoast SEO plugin. -->","yoast_head_json":{"title":"Projet de loi relatif \u00e0 la pr\u00e9vention et lutte contre le blanchiment d&rsquo;argent et financement du terrorisme\u00a0: Le Conseil de la Nation ouvre le d\u00e9bat - La Sentinelle","robots":{"index":"index","follow":"follow","max-snippet":"max-snippet:-1","max-image-preview":"max-image-preview:large","max-video-preview":"max-video-preview:-1"},"canonical":"https:\/\/lasentinelle.dz\/index.php\/2023\/01\/08\/projet-de-loi-relatif-a-la-prevention-et-lutte-contre-le-blanchiment-dargent-et-financement-du-terrorisme-le-conseil-de-la-nation-ouvre-le-debat\/","og_locale":"fr_FR","og_type":"article","og_title":"Projet de loi relatif \u00e0 la pr\u00e9vention et lutte contre le blanchiment d&rsquo;argent et financement du terrorisme\u00a0: Le Conseil de la Nation ouvre le d\u00e9bat - La Sentinelle","og_description":"Le Conseil de la nation tiendra, lundi, une s\u00e9ance pl\u00e9ni\u00e8re consacr\u00e9e \u00e0 la pr\u00e9sentation et au d\u00e9bat du projet de","og_url":"https:\/\/lasentinelle.dz\/index.php\/2023\/01\/08\/projet-de-loi-relatif-a-la-prevention-et-lutte-contre-le-blanchiment-dargent-et-financement-du-terrorisme-le-conseil-de-la-nation-ouvre-le-debat\/","og_site_name":"La Sentinelle","article_publisher":"https:\/\/www.facebook.com\/La-Sentinelle-104059864394773","article_published_time":"2023-01-08T21:05:00+00:00","og_image":[{"width":1491,"height":900,"url":"https:\/\/lasentinelle.dz\/wp-content\/uploads\/2022\/02\/consiel-.png","type":"image\/png"}],"author":"La Sentinelle","twitter_card":"summary_large_image","twitter_misc":{"\u00c9crit par":"La Sentinelle","Dur\u00e9e de lecture estim\u00e9e":"3 minutes"},"schema":{"@context":"https:\/\/schema.org","@graph":[{"@type":"Article","@id":"https:\/\/lasentinelle.dz\/index.php\/2023\/01\/08\/projet-de-loi-relatif-a-la-prevention-et-lutte-contre-le-blanchiment-dargent-et-financement-du-terrorisme-le-conseil-de-la-nation-ouvre-le-debat\/#article","isPartOf":{"@id":"https:\/\/lasentinelle.dz\/index.php\/2023\/01\/08\/projet-de-loi-relatif-a-la-prevention-et-lutte-contre-le-blanchiment-dargent-et-financement-du-terrorisme-le-conseil-de-la-nation-ouvre-le-debat\/"},"author":{"name":"La Sentinelle","@id":"https:\/\/lasentinelle.dz\/#\/schema\/person\/d865044e22e70a75174ce8bcad3acfb3"},"headline":"Projet de loi relatif \u00e0 la pr\u00e9vention et lutte contre le blanchiment d&rsquo;argent et financement du terrorisme\u00a0: Le Conseil de la Nation ouvre le d\u00e9bat","datePublished":"2023-01-08T21:05:00+00:00","mainEntityOfPage":{"@id":"https:\/\/lasentinelle.dz\/index.php\/2023\/01\/08\/projet-de-loi-relatif-a-la-prevention-et-lutte-contre-le-blanchiment-dargent-et-financement-du-terrorisme-le-conseil-de-la-nation-ouvre-le-debat\/"},"wordCount":663,"commentCount":0,"publisher":{"@id":"https:\/\/lasentinelle.dz\/#organization"},"image":{"@id":"https:\/\/lasentinelle.dz\/index.php\/2023\/01\/08\/projet-de-loi-relatif-a-la-prevention-et-lutte-contre-le-blanchiment-dargent-et-financement-du-terrorisme-le-conseil-de-la-nation-ouvre-le-debat\/#primaryimage"},"thumbnailUrl":"https:\/\/lasentinelle.dz\/wp-content\/uploads\/2022\/02\/consiel-.png","articleSection":["Actualit\u00e9"],"inLanguage":"fr-FR","potentialAction":[{"@type":"CommentAction","name":"Comment","target":["https:\/\/lasentinelle.dz\/index.php\/2023\/01\/08\/projet-de-loi-relatif-a-la-prevention-et-lutte-contre-le-blanchiment-dargent-et-financement-du-terrorisme-le-conseil-de-la-nation-ouvre-le-debat\/#respond"]}]},{"@type":"WebPage","@id":"https:\/\/lasentinelle.dz\/index.php\/2023\/01\/08\/projet-de-loi-relatif-a-la-prevention-et-lutte-contre-le-blanchiment-dargent-et-financement-du-terrorisme-le-conseil-de-la-nation-ouvre-le-debat\/","url":"https:\/\/lasentinelle.dz\/index.php\/2023\/01\/08\/projet-de-loi-relatif-a-la-prevention-et-lutte-contre-le-blanchiment-dargent-et-financement-du-terrorisme-le-conseil-de-la-nation-ouvre-le-debat\/","name":"Projet de loi relatif \u00e0 la pr\u00e9vention et lutte contre le blanchiment d&rsquo;argent et financement du terrorisme\u00a0: Le Conseil de la Nation ouvre le d\u00e9bat - La Sentinelle","isPartOf":{"@id":"https:\/\/lasentinelle.dz\/#website"},"primaryImageOfPage":{"@id":"https:\/\/lasentinelle.dz\/index.php\/2023\/01\/08\/projet-de-loi-relatif-a-la-prevention-et-lutte-contre-le-blanchiment-dargent-et-financement-du-terrorisme-le-conseil-de-la-nation-ouvre-le-debat\/#primaryimage"},"image":{"@id":"https:\/\/lasentinelle.dz\/index.php\/2023\/01\/08\/projet-de-loi-relatif-a-la-prevention-et-lutte-contre-le-blanchiment-dargent-et-financement-du-terrorisme-le-conseil-de-la-nation-ouvre-le-debat\/#primaryimage"},"thumbnailUrl":"https:\/\/lasentinelle.dz\/wp-content\/uploads\/2022\/02\/consiel-.png","datePublished":"2023-01-08T21:05:00+00:00","breadcrumb":{"@id":"https:\/\/lasentinelle.dz\/index.php\/2023\/01\/08\/projet-de-loi-relatif-a-la-prevention-et-lutte-contre-le-blanchiment-dargent-et-financement-du-terrorisme-le-conseil-de-la-nation-ouvre-le-debat\/#breadcrumb"},"inLanguage":"fr-FR","potentialAction":[{"@type":"ReadAction","target":["https:\/\/lasentinelle.dz\/index.php\/2023\/01\/08\/projet-de-loi-relatif-a-la-prevention-et-lutte-contre-le-blanchiment-dargent-et-financement-du-terrorisme-le-conseil-de-la-nation-ouvre-le-debat\/"]}]},{"@type":"ImageObject","inLanguage":"fr-FR","@id":"https:\/\/lasentinelle.dz\/index.php\/2023\/01\/08\/projet-de-loi-relatif-a-la-prevention-et-lutte-contre-le-blanchiment-dargent-et-financement-du-terrorisme-le-conseil-de-la-nation-ouvre-le-debat\/#primaryimage","url":"https:\/\/lasentinelle.dz\/wp-content\/uploads\/2022\/02\/consiel-.png","contentUrl":"https:\/\/lasentinelle.dz\/wp-content\/uploads\/2022\/02\/consiel-.png","width":1491,"height":900},{"@type":"BreadcrumbList","@id":"https:\/\/lasentinelle.dz\/index.php\/2023\/01\/08\/projet-de-loi-relatif-a-la-prevention-et-lutte-contre-le-blanchiment-dargent-et-financement-du-terrorisme-le-conseil-de-la-nation-ouvre-le-debat\/#breadcrumb","itemListElement":[{"@type":"ListItem","position":1,"name":"Accueil","item":"https:\/\/lasentinelle.dz\/"},{"@type":"ListItem","position":2,"name":"Projet de loi relatif \u00e0 la pr\u00e9vention et lutte contre le blanchiment d&rsquo;argent et financement du terrorisme\u00a0: Le Conseil de la Nation ouvre le d\u00e9bat"}]},{"@type":"WebSite","@id":"https:\/\/lasentinelle.dz\/#website","url":"https:\/\/lasentinelle.dz\/","name":"La Sentinelle","description":"Quotidien national d&#039;information","publisher":{"@id":"https:\/\/lasentinelle.dz\/#organization"},"potentialAction":[{"@type":"SearchAction","target":{"@type":"EntryPoint","urlTemplate":"https:\/\/lasentinelle.dz\/?s={search_term_string}"},"query-input":{"@type":"PropertyValueSpecification","valueRequired":true,"valueName":"search_term_string"}}],"inLanguage":"fr-FR"},{"@type":"Organization","@id":"https:\/\/lasentinelle.dz\/#organization","name":"Quotidien La Sentinelle","url":"https:\/\/lasentinelle.dz\/","logo":{"@type":"ImageObject","inLanguage":"fr-FR","@id":"https:\/\/lasentinelle.dz\/#\/schema\/logo\/image\/","url":"https:\/\/lasentinelle.dz\/wp-content\/uploads\/2021\/09\/logo-sentinelleSLOGAN-1.png","contentUrl":"https:\/\/lasentinelle.dz\/wp-content\/uploads\/2021\/09\/logo-sentinelleSLOGAN-1.png","width":615,"height":142,"caption":"Quotidien La Sentinelle"},"image":{"@id":"https:\/\/lasentinelle.dz\/#\/schema\/logo\/image\/"},"sameAs":["https:\/\/www.facebook.com\/La-Sentinelle-104059864394773"]},{"@type":"Person","@id":"https:\/\/lasentinelle.dz\/#\/schema\/person\/d865044e22e70a75174ce8bcad3acfb3","name":"La Sentinelle","image":{"@type":"ImageObject","inLanguage":"fr-FR","@id":"https:\/\/secure.gravatar.com\/avatar\/57de8e5d4b15d43fb361a71fbb36338450fe67865b528a43dd10ef7c51a20392?s=96&d=mm&r=g","url":"https:\/\/secure.gravatar.com\/avatar\/57de8e5d4b15d43fb361a71fbb36338450fe67865b528a43dd10ef7c51a20392?s=96&d=mm&r=g","contentUrl":"https:\/\/secure.gravatar.com\/avatar\/57de8e5d4b15d43fb361a71fbb36338450fe67865b528a43dd10ef7c51a20392?s=96&d=mm&r=g","caption":"La Sentinelle"},"sameAs":["http:\/\/www.lasentinelle.dz"],"url":"https:\/\/lasentinelle.dz\/author\/redaction\/"}]}},"_links":{"self":[{"href":"https:\/\/lasentinelle.dz\/index.php\/wp-json\/wp\/v2\/posts\/33887","targetHints":{"allow":["GET"]}}],"collection":[{"href":"https:\/\/lasentinelle.dz\/index.php\/wp-json\/wp\/v2\/posts"}],"about":[{"href":"https:\/\/lasentinelle.dz\/index.php\/wp-json\/wp\/v2\/types\/post"}],"author":[{"embeddable":true,"href":"https:\/\/lasentinelle.dz\/index.php\/wp-json\/wp\/v2\/users\/3"}],"replies":[{"embeddable":true,"href":"https:\/\/lasentinelle.dz\/index.php\/wp-json\/wp\/v2\/comments?post=33887"}],"version-history":[{"count":1,"href":"https:\/\/lasentinelle.dz\/index.php\/wp-json\/wp\/v2\/posts\/33887\/revisions"}],"predecessor-version":[{"id":33892,"href":"https:\/\/lasentinelle.dz\/index.php\/wp-json\/wp\/v2\/posts\/33887\/revisions\/33892"}],"wp:featuredmedia":[{"embeddable":true,"href":"https:\/\/lasentinelle.dz\/index.php\/wp-json\/wp\/v2\/media\/17110"}],"wp:attachment":[{"href":"https:\/\/lasentinelle.dz\/index.php\/wp-json\/wp\/v2\/media?parent=33887"}],"wp:term":[{"taxonomy":"category","embeddable":true,"href":"https:\/\/lasentinelle.dz\/index.php\/wp-json\/wp\/v2\/categories?post=33887"},{"taxonomy":"post_tag","embeddable":true,"href":"https:\/\/lasentinelle.dz\/index.php\/wp-json\/wp\/v2\/tags?post=33887"}],"curies":[{"name":"wp","href":"https:\/\/api.w.org\/{rel}","templated":true}]}}