{"id":3395,"date":"2021-08-04T00:01:00","date_gmt":"2021-08-03T23:01:00","guid":{"rendered":"https:\/\/lasentinelle.dz\/?p=3395"},"modified":"2021-08-03T17:49:58","modified_gmt":"2021-08-03T16:49:58","slug":"leconomie-circulaire-grandit","status":"publish","type":"post","link":"https:\/\/lasentinelle.dz\/index.php\/2021\/08\/04\/leconomie-circulaire-grandit\/","title":{"rendered":"L&rsquo;\u00e9conomie circulaire grandit"},"content":{"rendered":"\n<p>Par Andrew Sheng et Xiao Geng<\/p>\n\n\n\n<p>Si nous n&rsquo;abandonnons pas bient\u00f4t le mod\u00e8le dominant de production et de consommation mondiales \u00ab prendre-produire-jeter \u00bb, nous aurons besoin de l&rsquo;\u00e9quivalent de pr\u00e8s de trois Terres pour fournir suffisamment de ressources naturelles pour soutenir les modes de vie actuels, et la production annuelle de d\u00e9chets augmentera de 70 %.<\/p>\n\n\n\n<p>Chaque ann\u00e9e, 400 millions de tonnes de m\u00e9taux lourds, de boues toxiques et de d\u00e9chets industriels sont d\u00e9vers\u00e9s dans nos cours d&rsquo;eau. Au moins huit millions de tonnes de plastique finissent dans nos oc\u00e9ans. Quelque 1,3 milliard de tonnes de nourriture \u2013 environ un tiers de toute la production \u2013 est perdue ou gaspill\u00e9e, tandis que des centaines de millions de personnes souffrent de la faim. Nos oc\u00e9ans sont surexploit\u00e9s, nos terres se d\u00e9gradent et la biodiversit\u00e9 s&rsquo;\u00e9rode rapidement. Pendant ce temps, les catastrophes naturelles d\u00e9vastatrices \u2013 crues \u00e9clair en Europe et en Chine, incendies de for\u00eat aux \u00c9tats-Unis et infestations acridiennes en Afrique et au Moyen-Orient \u2013 \u200b\u200bsont de plus en plus fr\u00e9quentes.<\/p>\n\n\n\n<p>La non-durabilit\u00e9 de notre mod\u00e8le lin\u00e9aire \u00ab prendre-produire-jeter \u00bb de la production et de la consommation mondiales n&rsquo;a jamais \u00e9t\u00e9 aussi \u00e9vidente. En fait, si nous ne l&rsquo;abandonnons pas d&rsquo;ici 2050, nous aurons besoin de l&rsquo;\u00e9quivalent de pr\u00e8s de trois Terres pour fournir suffisamment de ressources naturelles pour soutenir les modes de vie actuels, et la production annuelle de d\u00e9chets augmentera de 70 %. Mais il existe un meilleur moyen : nous pouvons adopter l&rsquo;\u00e9conomie circulaire.<\/p>\n\n\n\n<p>L&rsquo;\u00e9conomie circulaire d\u00e9couplerait la croissance de la consommation de ressources limit\u00e9es, maintiendrait l&rsquo;utilisation des produits et des mat\u00e9riaux et r\u00e9g\u00e9n\u00e9rerait les syst\u00e8mes naturels. L&rsquo;Union europ\u00e9enne adopte d\u00e9j\u00e0 cette approche. Son plan d&rsquo;action pour l&rsquo;\u00e9conomie circulaire &#8211; un pilier du pacte vert europ\u00e9en &#8211; introduit des mesures l\u00e9gislatives et non l\u00e9gislatives qui affecteraient l&rsquo;ensemble du cycle de vie des produits, dans le but non seulement d&rsquo;\u00e9conomiser sur les mat\u00e9riaux, mais aussi de cr\u00e9er des emplois, d&rsquo;am\u00e9liorer le bien-\u00eatre humain, et prot\u00e9ger la nature.<\/p>\n\n\n\n<p>Le secteur manufacturier en est un exemple. Comme le note le plan, jusqu&rsquo;\u00e0 80 % de l&rsquo;impact environnemental d&rsquo;un produit est d\u00e9termin\u00e9 lors de la phase de conception, mais les fabricants ne sont pas suffisamment incit\u00e9s \u00e0 concevoir des produits durables (ou circulaires). L&rsquo;UE pr\u00e9voit de renforcer ces incitations par le biais de la l\u00e9gislation.<\/p>\n\n\n\n<p>En fin de compte, cela aidera les fabricants. \u00c9tant donn\u00e9 que les mati\u00e8res premi\u00e8res repr\u00e9sentent actuellement environ 40 % des co\u00fbts des fabricants, les mod\u00e8les en boucle ferm\u00e9e peuvent en moyenne augmenter consid\u00e9rablement leur rentabilit\u00e9 et les prot\u00e9ger des fluctuations du prix des ressources. Ce dernier point met en \u00e9vidence la dimension g\u00e9opolitique de l&rsquo;\u00e9conomie circulaire : comme le note le plan n\u00e9erlandais pour le d\u00e9veloppement d&rsquo;une \u00e9conomie circulaire \u00e0 l&rsquo;horizon 2050, \u00ab sur les 54 mat\u00e9riaux critiques pour l&rsquo;Europe, 90 % doivent \u00eatre import\u00e9s, principalement de Chine \u00bb.<\/p>\n\n\n\n<p>L&rsquo;UE estime que l&rsquo;application globale des principes de l&rsquo;\u00e9conomie circulaire pourrait augmenter son PIB total de 0,5 % suppl\u00e9mentaire d&rsquo;ici 2030 et cr\u00e9er environ 700 000 nouveaux emplois. Surtout, des mesures visant \u00e0 mettre en \u0153uvre l&rsquo;\u00e9conomie circulaire dans l&rsquo;UE seraient introduites de mani\u00e8re g\u00e9n\u00e9rale, y compris des initiatives des communaut\u00e9s et des gouvernements locaux et r\u00e9gionaux.<\/p>\n\n\n\n<p>\u00c9tant donn\u00e9 que l&rsquo;UE est une puissance manufacturi\u00e8re, elle peut aider \u00e0 \u00e9tablir des normes mondiales pour la durabilit\u00e9 des produits et influencer la conception des produits et la gestion de la cha\u00eene de valeur dans le monde entier. Mais l&rsquo;Europe adopte \u00e9galement une approche plus directe pour faire avancer les progr\u00e8s mondiaux vers une \u00e9conomie circulaire. En f\u00e9vrier dernier, elle a lanc\u00e9 l&rsquo;Alliance mondiale sur l&rsquo;\u00e9conomie circulaire et l&rsquo;efficacit\u00e9 des ressources. Elle fait \u00e9galement avancer les principes de l&rsquo;\u00e9conomie circulaire \u00e0 travers les n\u00e9gociations commerciales mondiales et dans ses partenariats avec les pays africains.<\/p>\n\n\n\n<p>Mais, pour que cet effort r\u00e9ussisse, il faut d&rsquo;abord comprendre pourquoi il a fallu si longtemps pour que le concept d&rsquo;\u00e9conomie circulaire s&rsquo;enracine. Une partie de la r\u00e9ponse r\u00e9side dans la mani\u00e8re dont l&rsquo;id\u00e9ologie \u00e9conomique dominante consid\u00e8re la nature.<\/p>\n\n\n\n<p>Comme le dit John Ramsay McCulloch dans son introduction \u00e0 l&rsquo;\u00e9dition de 1828 de The Wealth of Nations d&rsquo;Adam Smith, \u00ab l&rsquo;eau, les feuilles, la peau et les autres productions spontan\u00e9es de la nature n&rsquo;ont de valeur que ce qu&rsquo;elles doivent au travail qu&rsquo;elles ont requis pour leur cr\u00e9dit. \u00bb Plus largement, les mod\u00e8les \u00e9conomiques dominants depuis Smith sont lin\u00e9aires et m\u00e9caniques \u2013 une approche en d\u00e9calage avec les syst\u00e8mes naturels cycliques.<\/p>\n\n\n\n<p>Dans un rapport r\u00e9cent, Partha Dasgupta a fait preuve de diplomatie en excusant l&rsquo;\u00e9conomie dominante pour avoir ignor\u00e9 la nature (d\u00e9finie de mani\u00e8re interchangeable comme le capital naturel, l&rsquo;environnement naturel, la biosph\u00e8re et le monde naturel). Dans la p\u00e9riode qui a imm\u00e9diatement suivi la Seconde Guerre mondiale, a-t-il not\u00e9, la pauvret\u00e9 absolue \u00e9tait end\u00e9mique dans une grande partie de l&rsquo;Afrique, de l&rsquo;Asie et de l&rsquo;Am\u00e9rique latine, et une grande partie de l&rsquo;Europe \u00e9tait en ruines. Il \u00e9tait donc \u00ab naturel \u00bb de se concentrer sur l&rsquo;accumulation de capital physique (infrastructures et biens) et de capital humain (sant\u00e9 et \u00e9ducation). \u00ab Introduire la Nature, ou le capital naturel, dans les mod\u00e8les \u00e9conomiques aurait \u00e9t\u00e9 ajouter un fardeau inutile \u00e0 l&rsquo;exercice&nbsp;\u00bb.<\/p>\n\n\n\n<p>La r\u00e9ticence \u00e0 porter le \u00ab fardeau \u00bb de la nature a fait que la comptabilit\u00e9 \u00e9conomique s&rsquo;est concentr\u00e9e presque exclusivement sur la croissance du PIB &#8211; le plus, le mieux &#8211; pendant plus de 70 ans, sans aucun \u00e9gard pour l&rsquo;impact de l&rsquo;activit\u00e9 \u00e9conomique sur l&rsquo;environnement naturel. Il n&rsquo;est donc pas surprenant que la situation soit devenue si d\u00e9sesp\u00e9r\u00e9e.<\/p>\n\n\n\n<p>Mais il y a des d\u00e9veloppements prometteurs. En mars, la Commission de statistique des Nations Unies a adopt\u00e9 le Syst\u00e8me de comptabilit\u00e9 environnementale et \u00e9conomique Comptabilit\u00e9 des \u00e9cosyst\u00e8mes, un cadre pour organiser les donn\u00e9es sur les habitats et les paysages, mesurer les services \u00e9cosyst\u00e9miques, suivre les changements dans les actifs \u00e9cosyst\u00e9miques et relier ces informations aux activit\u00e9s \u00e9conomiques et autres activit\u00e9s humaines. Et tant la pr\u00e9sidence japonaise du G20 en 2019 que l&rsquo;actuelle pr\u00e9sidence italienne ont fait pression pour une action mondiale sur l&rsquo;\u00e9conomie circulaire.<\/p>\n\n\n\n<p>La Chine a \u00e9galement pris des mesures importantes dans cette direction. En ao\u00fbt 2008, elle est devenu l&rsquo;un des premiers pays \u00e0 adopter une loi visant \u00e0 promouvoir l&rsquo;\u00e9conomie circulaire. Comme Dasgupta l&rsquo;a not\u00e9 dans son rapport, la Chine a \u00e9galement inscrit le concept de \u00ab civilisation \u00e9cologique \u00bb dans sa constitution en 2018. Et la strat\u00e9gie de double circulation de la Chine &#8211; une caract\u00e9ristique de son 14e plan quinquennal (couvrant la p\u00e9riode 2021-25) visant \u00e0 amortir le coup du d\u00e9couplage \u00e9conomique \u2013 a \u00e9volu\u00e9 \u00e0 partir du mod\u00e8le d&rsquo;\u00e9conomie circulaire.<\/p>\n\n\n\n<p>Bien que l&rsquo;UE et la Chine puissent \u00eatre en d\u00e9saccord sur les utilisations techniques, \u00e9conomiques et politiques de l&rsquo;\u00e9conomie circulaire, leur engagement commun \u00e0 \u00e9voluer vers un tel syst\u00e8me est une bonne nouvelle. Davantage d&rsquo;\u00e9conomies devraient embo\u00eeter le pas, avec une aide multilat\u00e9rale cibl\u00e9e et une assistance technique fournie aux \u00e9conomies \u00e9mergentes.<\/p>\n\n\n\n<p>L&rsquo;\u00e9conomie circulaire est notre seul espoir d&rsquo;atteindre les 17 objectifs de d\u00e9veloppement durable des Nations Unies et d&rsquo;assurer la survie \u00e0 long terme de l&rsquo;humanit\u00e9. Si les grandes puissances doivent rivaliser, c&rsquo;est ici qu&rsquo;elles devraient le faire.<\/p>\n\n\n\n<p><strong>Copyright : Project Syndicate, 2021.<\/strong><\/p>\n\n\n\n<p><strong>www.project-syndicate.org<\/strong><\/p>\n\n\n\n<figure class=\"wp-block-image size-large\"><img loading=\"lazy\" decoding=\"async\" width=\"888\" height=\"1024\" src=\"https:\/\/lasentinelle.dz\/wp-content\/uploads\/2021\/08\/Andrew-Sheng-nb-1-888x1024.png\" alt=\"\" class=\"wp-image-3396\" srcset=\"https:\/\/lasentinelle.dz\/wp-content\/uploads\/2021\/08\/Andrew-Sheng-nb-1-888x1024.png 888w, https:\/\/lasentinelle.dz\/wp-content\/uploads\/2021\/08\/Andrew-Sheng-nb-1-260x300.png 260w, https:\/\/lasentinelle.dz\/wp-content\/uploads\/2021\/08\/Andrew-Sheng-nb-1-768x885.png 768w, https:\/\/lasentinelle.dz\/wp-content\/uploads\/2021\/08\/Andrew-Sheng-nb-1-1332x1536.png 1332w, https:\/\/lasentinelle.dz\/wp-content\/uploads\/2021\/08\/Andrew-Sheng-nb-1.png 1728w\" sizes=\"auto, (max-width: 888px) 100vw, 888px\" \/><\/figure>\n\n\n\n<p>Andrew Sheng, Distinguished Fellow de l&rsquo;Asia Global Institute de l&rsquo;Universit\u00e9 de Hong Kong et membre du Conseil consultatif du PNUE sur la finance durable, est un ancien pr\u00e9sident de la Hong Kong Securities and Futures Commission. Son dernier livre est From Asian to Global Financial Crisis.<\/p>\n\n\n\n<p>Xiao Geng, pr\u00e9sident de la Hong Kong Institution for International Finance, est professeur et directeur de l&rsquo;Institute of Policy and Practice du Shenzhen Finance Institute de l&rsquo;Universit\u00e9 chinoise de Hong Kong, Shenzhen.<\/p>\n","protected":false},"excerpt":{"rendered":"<p>Par Andrew Sheng et Xiao Geng Si nous n&rsquo;abandonnons pas bient\u00f4t le mod\u00e8le dominant de production et de consommation mondiales<\/p>\n","protected":false},"author":3,"featured_media":3397,"comment_status":"open","ping_status":"closed","sticky":false,"template":"","format":"standard","meta":{"colormag_page_container_layout":"default_layout","colormag_page_sidebar_layout":"default_layout","om_disable_all_campaigns":false,"_monsterinsights_skip_tracking":false,"_monsterinsights_sitenote_active":false,"_monsterinsights_sitenote_note":"","_monsterinsights_sitenote_category":0,"footnotes":"","_wpscppro_dont_share_socialmedia":false,"_wpscppro_custom_social_share_image":0,"_facebook_share_type":"","_twitter_share_type":"","_linkedin_share_type":"","_pinterest_share_type":"","_linkedin_share_type_page":"","_instagram_share_type":"","_medium_share_type":"","_threads_share_type":"","_google_business_share_type":"","_selected_social_profile":[],"_wpsp_enable_custom_social_template":false,"_wpsp_social_scheduling":{"enabled":false,"datetime":null,"platforms":[],"status":"template_only","dateOption":"today","timeOption":"now","customDays":"","customHours":"","customDate":"","customTime":"","schedulingType":"absolute"},"_wpsp_active_default_template":true},"categories":[38],"tags":[],"class_list":["post-3395","post","type-post","status-publish","format-standard","has-post-thumbnail","hentry","category-debats"],"aioseo_notices":[],"yoast_head":"<!-- This site is optimized with the Yoast SEO plugin v27.5 - https:\/\/yoast.com\/product\/yoast-seo-wordpress\/ -->\n<title>L&#039;\u00e9conomie circulaire grandit - La Sentinelle<\/title>\n<meta name=\"robots\" content=\"index, follow, max-snippet:-1, max-image-preview:large, max-video-preview:-1\" \/>\n<link rel=\"canonical\" href=\"https:\/\/lasentinelle.dz\/index.php\/2021\/08\/04\/leconomie-circulaire-grandit\/\" \/>\n<meta property=\"og:locale\" content=\"fr_FR\" \/>\n<meta property=\"og:type\" content=\"article\" \/>\n<meta property=\"og:title\" content=\"L&#039;\u00e9conomie circulaire grandit - La Sentinelle\" \/>\n<meta property=\"og:description\" content=\"Par Andrew Sheng et Xiao Geng Si nous n&rsquo;abandonnons pas bient\u00f4t le mod\u00e8le dominant de production et de consommation mondiales\" \/>\n<meta property=\"og:url\" content=\"https:\/\/lasentinelle.dz\/index.php\/2021\/08\/04\/leconomie-circulaire-grandit\/\" \/>\n<meta property=\"og:site_name\" content=\"La Sentinelle\" \/>\n<meta property=\"article:publisher\" content=\"https:\/\/www.facebook.com\/La-Sentinelle-104059864394773\" \/>\n<meta property=\"article:published_time\" content=\"2021-08-03T23:01:00+00:00\" \/>\n<meta property=\"og:image\" content=\"https:\/\/lasentinelle.dz\/wp-content\/uploads\/2021\/08\/economie-circulaire.png\" \/>\n\t<meta property=\"og:image:width\" content=\"1110\" \/>\n\t<meta property=\"og:image:height\" content=\"555\" \/>\n\t<meta property=\"og:image:type\" content=\"image\/png\" \/>\n<meta name=\"author\" content=\"La Sentinelle\" \/>\n<meta name=\"twitter:card\" content=\"summary_large_image\" \/>\n<meta name=\"twitter:label1\" content=\"\u00c9crit par\" \/>\n\t<meta name=\"twitter:data1\" content=\"La Sentinelle\" \/>\n\t<meta name=\"twitter:label2\" content=\"Dur\u00e9e de lecture estim\u00e9e\" \/>\n\t<meta name=\"twitter:data2\" content=\"6 minutes\" \/>\n<script type=\"application\/ld+json\" class=\"yoast-schema-graph\">{\"@context\":\"https:\\\/\\\/schema.org\",\"@graph\":[{\"@type\":\"Article\",\"@id\":\"https:\\\/\\\/lasentinelle.dz\\\/index.php\\\/2021\\\/08\\\/04\\\/leconomie-circulaire-grandit\\\/#article\",\"isPartOf\":{\"@id\":\"https:\\\/\\\/lasentinelle.dz\\\/index.php\\\/2021\\\/08\\\/04\\\/leconomie-circulaire-grandit\\\/\"},\"author\":{\"name\":\"La Sentinelle\",\"@id\":\"https:\\\/\\\/lasentinelle.dz\\\/#\\\/schema\\\/person\\\/d865044e22e70a75174ce8bcad3acfb3\"},\"headline\":\"L&rsquo;\u00e9conomie circulaire grandit\",\"datePublished\":\"2021-08-03T23:01:00+00:00\",\"mainEntityOfPage\":{\"@id\":\"https:\\\/\\\/lasentinelle.dz\\\/index.php\\\/2021\\\/08\\\/04\\\/leconomie-circulaire-grandit\\\/\"},\"wordCount\":1402,\"commentCount\":0,\"publisher\":{\"@id\":\"https:\\\/\\\/lasentinelle.dz\\\/#organization\"},\"image\":{\"@id\":\"https:\\\/\\\/lasentinelle.dz\\\/index.php\\\/2021\\\/08\\\/04\\\/leconomie-circulaire-grandit\\\/#primaryimage\"},\"thumbnailUrl\":\"https:\\\/\\\/lasentinelle.dz\\\/wp-content\\\/uploads\\\/2021\\\/08\\\/economie-circulaire.png\",\"articleSection\":[\"D\u00e9bats\"],\"inLanguage\":\"fr-FR\",\"potentialAction\":[{\"@type\":\"CommentAction\",\"name\":\"Comment\",\"target\":[\"https:\\\/\\\/lasentinelle.dz\\\/index.php\\\/2021\\\/08\\\/04\\\/leconomie-circulaire-grandit\\\/#respond\"]}]},{\"@type\":\"WebPage\",\"@id\":\"https:\\\/\\\/lasentinelle.dz\\\/index.php\\\/2021\\\/08\\\/04\\\/leconomie-circulaire-grandit\\\/\",\"url\":\"https:\\\/\\\/lasentinelle.dz\\\/index.php\\\/2021\\\/08\\\/04\\\/leconomie-circulaire-grandit\\\/\",\"name\":\"L'\u00e9conomie circulaire grandit - La Sentinelle\",\"isPartOf\":{\"@id\":\"https:\\\/\\\/lasentinelle.dz\\\/#website\"},\"primaryImageOfPage\":{\"@id\":\"https:\\\/\\\/lasentinelle.dz\\\/index.php\\\/2021\\\/08\\\/04\\\/leconomie-circulaire-grandit\\\/#primaryimage\"},\"image\":{\"@id\":\"https:\\\/\\\/lasentinelle.dz\\\/index.php\\\/2021\\\/08\\\/04\\\/leconomie-circulaire-grandit\\\/#primaryimage\"},\"thumbnailUrl\":\"https:\\\/\\\/lasentinelle.dz\\\/wp-content\\\/uploads\\\/2021\\\/08\\\/economie-circulaire.png\",\"datePublished\":\"2021-08-03T23:01:00+00:00\",\"breadcrumb\":{\"@id\":\"https:\\\/\\\/lasentinelle.dz\\\/index.php\\\/2021\\\/08\\\/04\\\/leconomie-circulaire-grandit\\\/#breadcrumb\"},\"inLanguage\":\"fr-FR\",\"potentialAction\":[{\"@type\":\"ReadAction\",\"target\":[\"https:\\\/\\\/lasentinelle.dz\\\/index.php\\\/2021\\\/08\\\/04\\\/leconomie-circulaire-grandit\\\/\"]}]},{\"@type\":\"ImageObject\",\"inLanguage\":\"fr-FR\",\"@id\":\"https:\\\/\\\/lasentinelle.dz\\\/index.php\\\/2021\\\/08\\\/04\\\/leconomie-circulaire-grandit\\\/#primaryimage\",\"url\":\"https:\\\/\\\/lasentinelle.dz\\\/wp-content\\\/uploads\\\/2021\\\/08\\\/economie-circulaire.png\",\"contentUrl\":\"https:\\\/\\\/lasentinelle.dz\\\/wp-content\\\/uploads\\\/2021\\\/08\\\/economie-circulaire.png\",\"width\":1110,\"height\":555},{\"@type\":\"BreadcrumbList\",\"@id\":\"https:\\\/\\\/lasentinelle.dz\\\/index.php\\\/2021\\\/08\\\/04\\\/leconomie-circulaire-grandit\\\/#breadcrumb\",\"itemListElement\":[{\"@type\":\"ListItem\",\"position\":1,\"name\":\"Accueil\",\"item\":\"https:\\\/\\\/lasentinelle.dz\\\/\"},{\"@type\":\"ListItem\",\"position\":2,\"name\":\"L&rsquo;\u00e9conomie circulaire grandit\"}]},{\"@type\":\"WebSite\",\"@id\":\"https:\\\/\\\/lasentinelle.dz\\\/#website\",\"url\":\"https:\\\/\\\/lasentinelle.dz\\\/\",\"name\":\"La Sentinelle\",\"description\":\"Quotidien national d&#039;information\",\"publisher\":{\"@id\":\"https:\\\/\\\/lasentinelle.dz\\\/#organization\"},\"potentialAction\":[{\"@type\":\"SearchAction\",\"target\":{\"@type\":\"EntryPoint\",\"urlTemplate\":\"https:\\\/\\\/lasentinelle.dz\\\/?s={search_term_string}\"},\"query-input\":{\"@type\":\"PropertyValueSpecification\",\"valueRequired\":true,\"valueName\":\"search_term_string\"}}],\"inLanguage\":\"fr-FR\"},{\"@type\":\"Organization\",\"@id\":\"https:\\\/\\\/lasentinelle.dz\\\/#organization\",\"name\":\"Quotidien La Sentinelle\",\"url\":\"https:\\\/\\\/lasentinelle.dz\\\/\",\"logo\":{\"@type\":\"ImageObject\",\"inLanguage\":\"fr-FR\",\"@id\":\"https:\\\/\\\/lasentinelle.dz\\\/#\\\/schema\\\/logo\\\/image\\\/\",\"url\":\"https:\\\/\\\/lasentinelle.dz\\\/wp-content\\\/uploads\\\/2021\\\/09\\\/logo-sentinelleSLOGAN-1.png\",\"contentUrl\":\"https:\\\/\\\/lasentinelle.dz\\\/wp-content\\\/uploads\\\/2021\\\/09\\\/logo-sentinelleSLOGAN-1.png\",\"width\":615,\"height\":142,\"caption\":\"Quotidien La Sentinelle\"},\"image\":{\"@id\":\"https:\\\/\\\/lasentinelle.dz\\\/#\\\/schema\\\/logo\\\/image\\\/\"},\"sameAs\":[\"https:\\\/\\\/www.facebook.com\\\/La-Sentinelle-104059864394773\"]},{\"@type\":\"Person\",\"@id\":\"https:\\\/\\\/lasentinelle.dz\\\/#\\\/schema\\\/person\\\/d865044e22e70a75174ce8bcad3acfb3\",\"name\":\"La Sentinelle\",\"image\":{\"@type\":\"ImageObject\",\"inLanguage\":\"fr-FR\",\"@id\":\"https:\\\/\\\/secure.gravatar.com\\\/avatar\\\/57de8e5d4b15d43fb361a71fbb36338450fe67865b528a43dd10ef7c51a20392?s=96&d=mm&r=g\",\"url\":\"https:\\\/\\\/secure.gravatar.com\\\/avatar\\\/57de8e5d4b15d43fb361a71fbb36338450fe67865b528a43dd10ef7c51a20392?s=96&d=mm&r=g\",\"contentUrl\":\"https:\\\/\\\/secure.gravatar.com\\\/avatar\\\/57de8e5d4b15d43fb361a71fbb36338450fe67865b528a43dd10ef7c51a20392?s=96&d=mm&r=g\",\"caption\":\"La Sentinelle\"},\"sameAs\":[\"http:\\\/\\\/www.lasentinelle.dz\"],\"url\":\"https:\\\/\\\/lasentinelle.dz\\\/author\\\/redaction\\\/\"}]}<\/script>\n<!-- \/ Yoast SEO plugin. -->","yoast_head_json":{"title":"L'\u00e9conomie circulaire grandit - La Sentinelle","robots":{"index":"index","follow":"follow","max-snippet":"max-snippet:-1","max-image-preview":"max-image-preview:large","max-video-preview":"max-video-preview:-1"},"canonical":"https:\/\/lasentinelle.dz\/index.php\/2021\/08\/04\/leconomie-circulaire-grandit\/","og_locale":"fr_FR","og_type":"article","og_title":"L'\u00e9conomie circulaire grandit - La Sentinelle","og_description":"Par Andrew Sheng et Xiao Geng Si nous n&rsquo;abandonnons pas bient\u00f4t le mod\u00e8le dominant de production et de consommation mondiales","og_url":"https:\/\/lasentinelle.dz\/index.php\/2021\/08\/04\/leconomie-circulaire-grandit\/","og_site_name":"La Sentinelle","article_publisher":"https:\/\/www.facebook.com\/La-Sentinelle-104059864394773","article_published_time":"2021-08-03T23:01:00+00:00","og_image":[{"width":1110,"height":555,"url":"https:\/\/lasentinelle.dz\/wp-content\/uploads\/2021\/08\/economie-circulaire.png","type":"image\/png"}],"author":"La Sentinelle","twitter_card":"summary_large_image","twitter_misc":{"\u00c9crit par":"La Sentinelle","Dur\u00e9e de lecture estim\u00e9e":"6 minutes"},"schema":{"@context":"https:\/\/schema.org","@graph":[{"@type":"Article","@id":"https:\/\/lasentinelle.dz\/index.php\/2021\/08\/04\/leconomie-circulaire-grandit\/#article","isPartOf":{"@id":"https:\/\/lasentinelle.dz\/index.php\/2021\/08\/04\/leconomie-circulaire-grandit\/"},"author":{"name":"La Sentinelle","@id":"https:\/\/lasentinelle.dz\/#\/schema\/person\/d865044e22e70a75174ce8bcad3acfb3"},"headline":"L&rsquo;\u00e9conomie circulaire grandit","datePublished":"2021-08-03T23:01:00+00:00","mainEntityOfPage":{"@id":"https:\/\/lasentinelle.dz\/index.php\/2021\/08\/04\/leconomie-circulaire-grandit\/"},"wordCount":1402,"commentCount":0,"publisher":{"@id":"https:\/\/lasentinelle.dz\/#organization"},"image":{"@id":"https:\/\/lasentinelle.dz\/index.php\/2021\/08\/04\/leconomie-circulaire-grandit\/#primaryimage"},"thumbnailUrl":"https:\/\/lasentinelle.dz\/wp-content\/uploads\/2021\/08\/economie-circulaire.png","articleSection":["D\u00e9bats"],"inLanguage":"fr-FR","potentialAction":[{"@type":"CommentAction","name":"Comment","target":["https:\/\/lasentinelle.dz\/index.php\/2021\/08\/04\/leconomie-circulaire-grandit\/#respond"]}]},{"@type":"WebPage","@id":"https:\/\/lasentinelle.dz\/index.php\/2021\/08\/04\/leconomie-circulaire-grandit\/","url":"https:\/\/lasentinelle.dz\/index.php\/2021\/08\/04\/leconomie-circulaire-grandit\/","name":"L'\u00e9conomie circulaire grandit - La Sentinelle","isPartOf":{"@id":"https:\/\/lasentinelle.dz\/#website"},"primaryImageOfPage":{"@id":"https:\/\/lasentinelle.dz\/index.php\/2021\/08\/04\/leconomie-circulaire-grandit\/#primaryimage"},"image":{"@id":"https:\/\/lasentinelle.dz\/index.php\/2021\/08\/04\/leconomie-circulaire-grandit\/#primaryimage"},"thumbnailUrl":"https:\/\/lasentinelle.dz\/wp-content\/uploads\/2021\/08\/economie-circulaire.png","datePublished":"2021-08-03T23:01:00+00:00","breadcrumb":{"@id":"https:\/\/lasentinelle.dz\/index.php\/2021\/08\/04\/leconomie-circulaire-grandit\/#breadcrumb"},"inLanguage":"fr-FR","potentialAction":[{"@type":"ReadAction","target":["https:\/\/lasentinelle.dz\/index.php\/2021\/08\/04\/leconomie-circulaire-grandit\/"]}]},{"@type":"ImageObject","inLanguage":"fr-FR","@id":"https:\/\/lasentinelle.dz\/index.php\/2021\/08\/04\/leconomie-circulaire-grandit\/#primaryimage","url":"https:\/\/lasentinelle.dz\/wp-content\/uploads\/2021\/08\/economie-circulaire.png","contentUrl":"https:\/\/lasentinelle.dz\/wp-content\/uploads\/2021\/08\/economie-circulaire.png","width":1110,"height":555},{"@type":"BreadcrumbList","@id":"https:\/\/lasentinelle.dz\/index.php\/2021\/08\/04\/leconomie-circulaire-grandit\/#breadcrumb","itemListElement":[{"@type":"ListItem","position":1,"name":"Accueil","item":"https:\/\/lasentinelle.dz\/"},{"@type":"ListItem","position":2,"name":"L&rsquo;\u00e9conomie circulaire grandit"}]},{"@type":"WebSite","@id":"https:\/\/lasentinelle.dz\/#website","url":"https:\/\/lasentinelle.dz\/","name":"La Sentinelle","description":"Quotidien national d&#039;information","publisher":{"@id":"https:\/\/lasentinelle.dz\/#organization"},"potentialAction":[{"@type":"SearchAction","target":{"@type":"EntryPoint","urlTemplate":"https:\/\/lasentinelle.dz\/?s={search_term_string}"},"query-input":{"@type":"PropertyValueSpecification","valueRequired":true,"valueName":"search_term_string"}}],"inLanguage":"fr-FR"},{"@type":"Organization","@id":"https:\/\/lasentinelle.dz\/#organization","name":"Quotidien La Sentinelle","url":"https:\/\/lasentinelle.dz\/","logo":{"@type":"ImageObject","inLanguage":"fr-FR","@id":"https:\/\/lasentinelle.dz\/#\/schema\/logo\/image\/","url":"https:\/\/lasentinelle.dz\/wp-content\/uploads\/2021\/09\/logo-sentinelleSLOGAN-1.png","contentUrl":"https:\/\/lasentinelle.dz\/wp-content\/uploads\/2021\/09\/logo-sentinelleSLOGAN-1.png","width":615,"height":142,"caption":"Quotidien La Sentinelle"},"image":{"@id":"https:\/\/lasentinelle.dz\/#\/schema\/logo\/image\/"},"sameAs":["https:\/\/www.facebook.com\/La-Sentinelle-104059864394773"]},{"@type":"Person","@id":"https:\/\/lasentinelle.dz\/#\/schema\/person\/d865044e22e70a75174ce8bcad3acfb3","name":"La Sentinelle","image":{"@type":"ImageObject","inLanguage":"fr-FR","@id":"https:\/\/secure.gravatar.com\/avatar\/57de8e5d4b15d43fb361a71fbb36338450fe67865b528a43dd10ef7c51a20392?s=96&d=mm&r=g","url":"https:\/\/secure.gravatar.com\/avatar\/57de8e5d4b15d43fb361a71fbb36338450fe67865b528a43dd10ef7c51a20392?s=96&d=mm&r=g","contentUrl":"https:\/\/secure.gravatar.com\/avatar\/57de8e5d4b15d43fb361a71fbb36338450fe67865b528a43dd10ef7c51a20392?s=96&d=mm&r=g","caption":"La Sentinelle"},"sameAs":["http:\/\/www.lasentinelle.dz"],"url":"https:\/\/lasentinelle.dz\/author\/redaction\/"}]}},"_links":{"self":[{"href":"https:\/\/lasentinelle.dz\/index.php\/wp-json\/wp\/v2\/posts\/3395","targetHints":{"allow":["GET"]}}],"collection":[{"href":"https:\/\/lasentinelle.dz\/index.php\/wp-json\/wp\/v2\/posts"}],"about":[{"href":"https:\/\/lasentinelle.dz\/index.php\/wp-json\/wp\/v2\/types\/post"}],"author":[{"embeddable":true,"href":"https:\/\/lasentinelle.dz\/index.php\/wp-json\/wp\/v2\/users\/3"}],"replies":[{"embeddable":true,"href":"https:\/\/lasentinelle.dz\/index.php\/wp-json\/wp\/v2\/comments?post=3395"}],"version-history":[{"count":1,"href":"https:\/\/lasentinelle.dz\/index.php\/wp-json\/wp\/v2\/posts\/3395\/revisions"}],"predecessor-version":[{"id":3398,"href":"https:\/\/lasentinelle.dz\/index.php\/wp-json\/wp\/v2\/posts\/3395\/revisions\/3398"}],"wp:featuredmedia":[{"embeddable":true,"href":"https:\/\/lasentinelle.dz\/index.php\/wp-json\/wp\/v2\/media\/3397"}],"wp:attachment":[{"href":"https:\/\/lasentinelle.dz\/index.php\/wp-json\/wp\/v2\/media?parent=3395"}],"wp:term":[{"taxonomy":"category","embeddable":true,"href":"https:\/\/lasentinelle.dz\/index.php\/wp-json\/wp\/v2\/categories?post=3395"},{"taxonomy":"post_tag","embeddable":true,"href":"https:\/\/lasentinelle.dz\/index.php\/wp-json\/wp\/v2\/tags?post=3395"}],"curies":[{"name":"wp","href":"https:\/\/api.w.org\/{rel}","templated":true}]}}