{"id":33950,"date":"2023-01-09T22:15:00","date_gmt":"2023-01-09T21:15:00","guid":{"rendered":"https:\/\/lasentinelle.dz\/?p=33950"},"modified":"2023-01-09T19:56:58","modified_gmt":"2023-01-09T18:56:58","slug":"accord-cerealier-russie-ukraine-quand-loccident-affame-le-monde","status":"publish","type":"post","link":"https:\/\/lasentinelle.dz\/index.php\/2023\/01\/09\/accord-cerealier-russie-ukraine-quand-loccident-affame-le-monde\/","title":{"rendered":"Accord c\u00e9r\u00e9alier Russie-Ukraine\u00a0: Quand l\u2019Occident affame le monde"},"content":{"rendered":"\n<p>Ledevenir du Tiers Monde est en r\u00e9alit\u00e9 le cadet des soucis occidentaux. Ces derniers se soucient si peu de l\u2019Afrique qu\u2019ils ne se sont pas g\u00ean\u00e9s de siphonner les gros de la production c\u00e9r\u00e9ali\u00e8re mise sur le march\u00e9 par l\u2019Ukraine.<\/p>\n\n\n\n<p>Les Occidentaux, en particulier les Europ\u00e9ens, n\u2019ont pas favoris\u00e9 la conclusion de l\u2019accord c\u00e9r\u00e9alier entre la Russie et l\u2019Ukraine pour sauver l\u2019Afrique ou les pays pauvres des autres continents de la crise alimentaire qui pesait sur le monde apr\u00e8s le d\u00e9clenchement de la guerre en Ukraine. Ce n\u2019est pas du tout cela. Les grands b\u00e9n\u00e9ficiaires de cet accord sign\u00e9, il faut le dire, gr\u00e2ce \u00e0 la pers\u00e9v\u00e9rance et aux bons offices de la Turquie sont en premier lieu des Etats de l\u2019Union europ\u00e9enne. Le devenir du Tiers Monde est en r\u00e9alit\u00e9 le cadet des soucis occidentaux. Ces derniers se soucient si peu de l\u2019Afrique qu\u2019ils ne se sont pas g\u00ean\u00e9s de siphonner les gros de la production c\u00e9r\u00e9ali\u00e8re mise sur le march\u00e9 par l\u2019Ukraine. Et les statistiques sont l\u00e0 pour le prouver. Le ministre turc de l&rsquo;Agriculture et des For\u00eats, Vahit Kirisci, a fait savoir hier que la part des c\u00e9r\u00e9ales fournies aux pays n\u00e9cessiteux n&rsquo;a atteint que 5,4%, a fait savoir hier. \u00ab Au 8 janvier, 16,9 millions de tonnes de c\u00e9r\u00e9ales et de produits alimentaires ont \u00e9t\u00e9 transport\u00e9s \u00e0 bord de 633 navires par le couloir c\u00e9r\u00e9alier. La part du bl\u00e9 allant vers les pays les moins d\u00e9velopp\u00e9s n&rsquo;a \u00e9t\u00e9 que de 5,4% \u00bb, a-t-il indiqu\u00e9 \u00e0 la cha\u00eene de t\u00e9l\u00e9vision A Haber. Mais il n\u2019y a pas que cela. Les Occidentaux ont \u00e9galement tout fait pour bloquer les engrais russes destin\u00e9s \u00e0 l\u2019Afrique, cela \u00e0 croire qu\u2019ils veulent affamer le continent et casser en m\u00eame temps sa production agricole.<\/p>\n\n\n\n<p>L&rsquo;accord c\u00e9r\u00e9alier, sign\u00e9 le 22 juillet 2022 par la Russie, l&rsquo;Ukraine, la Turquie et l&rsquo;ONU, pr\u00e9voit l&rsquo;exportation de bl\u00e9, de produits alimentaires et d&rsquo;engrais ukrainiens via la mer Noire depuis trois ports, dont Odessa. Il pr\u00e9voyait aussi le d\u00e9blocage des exportations alimentaires et d&rsquo;engrais russes, mais, d&rsquo;apr\u00e8s Moscou, cette partie des ententes n&rsquo;a jamais \u00e9t\u00e9 respect\u00e9e, malgr\u00e9 les assurances de l&rsquo;ONU. Vladimir Poutine avait d\u00e9j\u00e0 not\u00e9 il y a quelques mois que l&rsquo;Occident acheminait la majorit\u00e9 des c\u00e9r\u00e9ales ukrainiennes dans ses ports et non pas vers l&rsquo;Afrique. Mais \u00e0 l\u2019\u00e9poque personne n\u2019avait voulu le croire. Dans ce contexte, Moscou s&rsquo;\u00e9tait dit pr\u00eat \u00e0 offrir l&rsquo;ensemble des c\u00e9r\u00e9ales russes concern\u00e9es par l&rsquo;accord \u00e0 l&rsquo;Afrique. Hier \u00e0 Antalya, le pr\u00e9sident Tayip Erdogan a r\u00e9it\u00e9r\u00e9 leur volont\u00e9 commune d&rsquo;approvisionner en bl\u00e9 les pays africains. \u00ab 44-46% des produits alimentaires vont o\u00f9? En Europe [\u2026] Nous sommes r\u00e9solus \u00e0 les envoyer vers les pays pauvres africains via le couloir c\u00e9r\u00e9alier \u00bb, a-t-il d\u00e9clar\u00e9.<\/p>\n\n\n\n<p><strong>Jeu trouble<\/strong><\/p>\n\n\n\n<p>Le jeu trouble des Occidentaux sur la question des exportations russes de c\u00e9r\u00e9ales et d\u2019engrais avait, rappelle-t-on, amen\u00e9 Vladimir Poutine \u00e0 s\u2019interroger sur l\u2019utilit\u00e9 d\u2019un tel accord. Il avait alors d\u00e9cid\u00e9 de suspendre sa participation, surtout que l\u2019Ukraine ne semblait pas aussi avoir respect\u00e9 sa part du contrat. Il reviendra toutefois sur sa d\u00e9cision apr\u00e8s les sollicitations de l\u2019ONU et d\u2019un certain nombre de pr\u00e9sidents africains, contribuant ainsi \u00e0 stabiliser le march\u00e9 des c\u00e9r\u00e9ales.<\/p>\n\n\n\n<p>\u00c0 chaque secousse g\u00e9opolitique, c&rsquo;est sur le bl\u00e9 que s&rsquo;expriment toutes les inqui\u00e9tudes, m\u00eame si le ma\u00efs repr\u00e9sente pr\u00e8s de la moiti\u00e9 des grains export\u00e9s par bateaux. Selon certains sp\u00e9cialistes, son prix monte plus haut, car il sert \u00e0 l&rsquo;alimentation humaine et non pas animale. \u00c0 ces inqui\u00e9tudes s&rsquo;ajoutent d&rsquo;autres probl\u00e8mes li\u00e9s notamment au climat, comme la d\u00e9gradation de la r\u00e9colte de bl\u00e9 en Argentine, qui p\u00e2tit \u00e0 la fois de la s\u00e9cheresse et de fortes gel\u00e9es. La Bourse de Rosario a d\u2019ailleurs r\u00e9vis\u00e9 \u00e0 la baisse son estimation de production annuelle de bl\u00e9 \u00e0 13,5 millions de tonnes contre 22 millions l&rsquo;an dernier, ce qui marquerait un plus bas depuis sept ans. Cette pi\u00e8tre quantit\u00e9 a pouss\u00e9 le gouvernement argentin \u00e0 vouloir \u00ab s\u00e9curiser son march\u00e9 int\u00e9rieur et \u00e0 r\u00e9fl\u00e9chir \u00e0 des mesures \u00bb pour \u00e9viter que tout le bl\u00e9 ne parte \u00e0 l&rsquo;export. De plus, les premi\u00e8res estimations sur la qualit\u00e9 du bl\u00e9 d&rsquo;hiver am\u00e9ricain qui sera r\u00e9colt\u00e9 en 2023 sont les plus mauvaises jamais enregistr\u00e9es \u00e0 cette date.<\/p>\n\n\n\n<p>Ce contexte de tension qui caract\u00e9rise le march\u00e9 des c\u00e9r\u00e9ales de mani\u00e8re g\u00e9n\u00e9rale a d\u00e9j\u00e0 eu des cons\u00e9quences d\u00e9sastreuses sur l\u2019Afrique. Peu de pays ont les moyens de se ravitailler en bl\u00e9 vu son prix prohibitif. Cette ann\u00e9e 2023, les pr\u00e9visions de l\u2019ONU montrent que si rien n\u2019est fait, jusqu\u2019\u00e0 48 millions de personnes pourraient souffrir de la faim en Afrique centrale et de l\u2019Ouest. C\u2019est ce qu\u2019a indiqu\u00e9 l\u2019Organisation des Nations unies (ONU) dans un communiqu\u00e9 publi\u00e9 le 8 d\u00e9cembre dernier. Selon l\u2019Organisation, plus de 35 millions de personnes dans la r\u00e9gion &#8211; soit environ 8% de la population \u00e9valu\u00e9e &#8211; sont actuellement incapables de satisfaire leurs besoins alimentaires et nutritionnels de base. Parmi elles, 6,7 millions d&rsquo;enfants avec une situation particuli\u00e8rement alarmante dans les zones de conflit du bassin du lac Tchad et la r\u00e9gion du Liptako-Gourma (Burkina Faso, Mali et Niger). Et si des solutions urgentes et durables ne sont pas mises en place, ce nombre pourrait consid\u00e9rablement \u00e9voluer l\u2019ann\u00e9e prochaine pour atteindre 9 millions d\u2019enfants. Mais tous ces chiffres alarmants ne semblent pas \u00e9mouvoir les Occidentaux.&nbsp;<\/p>\n\n\n\n<p><strong>Khider Larbi<\/strong><\/p>\n","protected":false},"excerpt":{"rendered":"<p>Ledevenir du Tiers Monde est en r\u00e9alit\u00e9 le cadet des soucis occidentaux. Ces derniers se soucient si peu de l\u2019Afrique<\/p>\n","protected":false},"author":3,"featured_media":33958,"comment_status":"open","ping_status":"closed","sticky":false,"template":"","format":"standard","meta":{"colormag_page_container_layout":"default_layout","colormag_page_sidebar_layout":"default_layout","om_disable_all_campaigns":false,"_monsterinsights_skip_tracking":false,"_monsterinsights_sitenote_active":false,"_monsterinsights_sitenote_note":"","_monsterinsights_sitenote_category":0,"footnotes":"","_wpscppro_dont_share_socialmedia":false,"_wpscppro_custom_social_share_image":0,"_facebook_share_type":"","_twitter_share_type":"","_linkedin_share_type":"","_pinterest_share_type":"","_linkedin_share_type_page":"","_instagram_share_type":"","_medium_share_type":"","_threads_share_type":"","_google_business_share_type":"","_selected_social_profile":[],"_wpsp_enable_custom_social_template":false,"_wpsp_social_scheduling":{"enabled":false,"datetime":null,"platforms":[],"status":"template_only","dateOption":"today","timeOption":"now","customDays":"","customHours":"","customDate":"","customTime":"","schedulingType":"absolute"},"_wpsp_active_default_template":true},"categories":[52,27],"tags":[],"class_list":["post-33950","post","type-post","status-publish","format-standard","has-post-thumbnail","hentry","category-a-la-une","category-actualite"],"aioseo_notices":[],"yoast_head":"<!-- This site is optimized with the Yoast SEO plugin v27.5 - https:\/\/yoast.com\/product\/yoast-seo-wordpress\/ -->\n<title>Accord c\u00e9r\u00e9alier Russie-Ukraine\u00a0: Quand l\u2019Occident affame le monde - La Sentinelle<\/title>\n<meta name=\"robots\" content=\"index, follow, max-snippet:-1, max-image-preview:large, max-video-preview:-1\" \/>\n<link rel=\"canonical\" href=\"https:\/\/lasentinelle.dz\/index.php\/2023\/01\/09\/accord-cerealier-russie-ukraine-quand-loccident-affame-le-monde\/\" \/>\n<meta property=\"og:locale\" content=\"fr_FR\" \/>\n<meta property=\"og:type\" content=\"article\" \/>\n<meta property=\"og:title\" content=\"Accord c\u00e9r\u00e9alier Russie-Ukraine\u00a0: Quand l\u2019Occident affame le monde - La Sentinelle\" \/>\n<meta property=\"og:description\" content=\"Ledevenir du Tiers Monde est en r\u00e9alit\u00e9 le cadet des soucis occidentaux. Ces derniers se soucient si peu de l\u2019Afrique\" \/>\n<meta property=\"og:url\" content=\"https:\/\/lasentinelle.dz\/index.php\/2023\/01\/09\/accord-cerealier-russie-ukraine-quand-loccident-affame-le-monde\/\" \/>\n<meta property=\"og:site_name\" content=\"La Sentinelle\" \/>\n<meta property=\"article:publisher\" content=\"https:\/\/www.facebook.com\/La-Sentinelle-104059864394773\" \/>\n<meta property=\"article:published_time\" content=\"2023-01-09T21:15:00+00:00\" \/>\n<meta property=\"og:image\" content=\"https:\/\/lasentinelle.dz\/wp-content\/uploads\/2023\/01\/cereales.png\" \/>\n\t<meta property=\"og:image:width\" content=\"1435\" \/>\n\t<meta property=\"og:image:height\" content=\"900\" \/>\n\t<meta property=\"og:image:type\" content=\"image\/png\" \/>\n<meta name=\"author\" content=\"La Sentinelle\" \/>\n<meta name=\"twitter:card\" content=\"summary_large_image\" \/>\n<meta name=\"twitter:label1\" content=\"\u00c9crit par\" \/>\n\t<meta name=\"twitter:data1\" content=\"La Sentinelle\" \/>\n\t<meta name=\"twitter:label2\" content=\"Dur\u00e9e de lecture estim\u00e9e\" \/>\n\t<meta name=\"twitter:data2\" content=\"5 minutes\" \/>\n<script type=\"application\/ld+json\" class=\"yoast-schema-graph\">{\"@context\":\"https:\\\/\\\/schema.org\",\"@graph\":[{\"@type\":\"Article\",\"@id\":\"https:\\\/\\\/lasentinelle.dz\\\/index.php\\\/2023\\\/01\\\/09\\\/accord-cerealier-russie-ukraine-quand-loccident-affame-le-monde\\\/#article\",\"isPartOf\":{\"@id\":\"https:\\\/\\\/lasentinelle.dz\\\/index.php\\\/2023\\\/01\\\/09\\\/accord-cerealier-russie-ukraine-quand-loccident-affame-le-monde\\\/\"},\"author\":{\"name\":\"La Sentinelle\",\"@id\":\"https:\\\/\\\/lasentinelle.dz\\\/#\\\/schema\\\/person\\\/d865044e22e70a75174ce8bcad3acfb3\"},\"headline\":\"Accord c\u00e9r\u00e9alier Russie-Ukraine\u00a0: Quand l\u2019Occident affame le monde\",\"datePublished\":\"2023-01-09T21:15:00+00:00\",\"mainEntityOfPage\":{\"@id\":\"https:\\\/\\\/lasentinelle.dz\\\/index.php\\\/2023\\\/01\\\/09\\\/accord-cerealier-russie-ukraine-quand-loccident-affame-le-monde\\\/\"},\"wordCount\":1020,\"commentCount\":0,\"publisher\":{\"@id\":\"https:\\\/\\\/lasentinelle.dz\\\/#organization\"},\"image\":{\"@id\":\"https:\\\/\\\/lasentinelle.dz\\\/index.php\\\/2023\\\/01\\\/09\\\/accord-cerealier-russie-ukraine-quand-loccident-affame-le-monde\\\/#primaryimage\"},\"thumbnailUrl\":\"https:\\\/\\\/lasentinelle.dz\\\/wp-content\\\/uploads\\\/2023\\\/01\\\/cereales.png\",\"articleSection\":[\"\u00c0 la Une\",\"Actualit\u00e9\"],\"inLanguage\":\"fr-FR\",\"potentialAction\":[{\"@type\":\"CommentAction\",\"name\":\"Comment\",\"target\":[\"https:\\\/\\\/lasentinelle.dz\\\/index.php\\\/2023\\\/01\\\/09\\\/accord-cerealier-russie-ukraine-quand-loccident-affame-le-monde\\\/#respond\"]}]},{\"@type\":\"WebPage\",\"@id\":\"https:\\\/\\\/lasentinelle.dz\\\/index.php\\\/2023\\\/01\\\/09\\\/accord-cerealier-russie-ukraine-quand-loccident-affame-le-monde\\\/\",\"url\":\"https:\\\/\\\/lasentinelle.dz\\\/index.php\\\/2023\\\/01\\\/09\\\/accord-cerealier-russie-ukraine-quand-loccident-affame-le-monde\\\/\",\"name\":\"Accord c\u00e9r\u00e9alier Russie-Ukraine\u00a0: Quand l\u2019Occident affame le monde - La Sentinelle\",\"isPartOf\":{\"@id\":\"https:\\\/\\\/lasentinelle.dz\\\/#website\"},\"primaryImageOfPage\":{\"@id\":\"https:\\\/\\\/lasentinelle.dz\\\/index.php\\\/2023\\\/01\\\/09\\\/accord-cerealier-russie-ukraine-quand-loccident-affame-le-monde\\\/#primaryimage\"},\"image\":{\"@id\":\"https:\\\/\\\/lasentinelle.dz\\\/index.php\\\/2023\\\/01\\\/09\\\/accord-cerealier-russie-ukraine-quand-loccident-affame-le-monde\\\/#primaryimage\"},\"thumbnailUrl\":\"https:\\\/\\\/lasentinelle.dz\\\/wp-content\\\/uploads\\\/2023\\\/01\\\/cereales.png\",\"datePublished\":\"2023-01-09T21:15:00+00:00\",\"breadcrumb\":{\"@id\":\"https:\\\/\\\/lasentinelle.dz\\\/index.php\\\/2023\\\/01\\\/09\\\/accord-cerealier-russie-ukraine-quand-loccident-affame-le-monde\\\/#breadcrumb\"},\"inLanguage\":\"fr-FR\",\"potentialAction\":[{\"@type\":\"ReadAction\",\"target\":[\"https:\\\/\\\/lasentinelle.dz\\\/index.php\\\/2023\\\/01\\\/09\\\/accord-cerealier-russie-ukraine-quand-loccident-affame-le-monde\\\/\"]}]},{\"@type\":\"ImageObject\",\"inLanguage\":\"fr-FR\",\"@id\":\"https:\\\/\\\/lasentinelle.dz\\\/index.php\\\/2023\\\/01\\\/09\\\/accord-cerealier-russie-ukraine-quand-loccident-affame-le-monde\\\/#primaryimage\",\"url\":\"https:\\\/\\\/lasentinelle.dz\\\/wp-content\\\/uploads\\\/2023\\\/01\\\/cereales.png\",\"contentUrl\":\"https:\\\/\\\/lasentinelle.dz\\\/wp-content\\\/uploads\\\/2023\\\/01\\\/cereales.png\",\"width\":1435,\"height\":900},{\"@type\":\"BreadcrumbList\",\"@id\":\"https:\\\/\\\/lasentinelle.dz\\\/index.php\\\/2023\\\/01\\\/09\\\/accord-cerealier-russie-ukraine-quand-loccident-affame-le-monde\\\/#breadcrumb\",\"itemListElement\":[{\"@type\":\"ListItem\",\"position\":1,\"name\":\"Accueil\",\"item\":\"https:\\\/\\\/lasentinelle.dz\\\/\"},{\"@type\":\"ListItem\",\"position\":2,\"name\":\"Accord c\u00e9r\u00e9alier Russie-Ukraine\u00a0: Quand l\u2019Occident affame le monde\"}]},{\"@type\":\"WebSite\",\"@id\":\"https:\\\/\\\/lasentinelle.dz\\\/#website\",\"url\":\"https:\\\/\\\/lasentinelle.dz\\\/\",\"name\":\"La Sentinelle\",\"description\":\"Quotidien national d&#039;information\",\"publisher\":{\"@id\":\"https:\\\/\\\/lasentinelle.dz\\\/#organization\"},\"potentialAction\":[{\"@type\":\"SearchAction\",\"target\":{\"@type\":\"EntryPoint\",\"urlTemplate\":\"https:\\\/\\\/lasentinelle.dz\\\/?s={search_term_string}\"},\"query-input\":{\"@type\":\"PropertyValueSpecification\",\"valueRequired\":true,\"valueName\":\"search_term_string\"}}],\"inLanguage\":\"fr-FR\"},{\"@type\":\"Organization\",\"@id\":\"https:\\\/\\\/lasentinelle.dz\\\/#organization\",\"name\":\"Quotidien La Sentinelle\",\"url\":\"https:\\\/\\\/lasentinelle.dz\\\/\",\"logo\":{\"@type\":\"ImageObject\",\"inLanguage\":\"fr-FR\",\"@id\":\"https:\\\/\\\/lasentinelle.dz\\\/#\\\/schema\\\/logo\\\/image\\\/\",\"url\":\"https:\\\/\\\/lasentinelle.dz\\\/wp-content\\\/uploads\\\/2021\\\/09\\\/logo-sentinelleSLOGAN-1.png\",\"contentUrl\":\"https:\\\/\\\/lasentinelle.dz\\\/wp-content\\\/uploads\\\/2021\\\/09\\\/logo-sentinelleSLOGAN-1.png\",\"width\":615,\"height\":142,\"caption\":\"Quotidien La Sentinelle\"},\"image\":{\"@id\":\"https:\\\/\\\/lasentinelle.dz\\\/#\\\/schema\\\/logo\\\/image\\\/\"},\"sameAs\":[\"https:\\\/\\\/www.facebook.com\\\/La-Sentinelle-104059864394773\"]},{\"@type\":\"Person\",\"@id\":\"https:\\\/\\\/lasentinelle.dz\\\/#\\\/schema\\\/person\\\/d865044e22e70a75174ce8bcad3acfb3\",\"name\":\"La Sentinelle\",\"image\":{\"@type\":\"ImageObject\",\"inLanguage\":\"fr-FR\",\"@id\":\"https:\\\/\\\/secure.gravatar.com\\\/avatar\\\/57de8e5d4b15d43fb361a71fbb36338450fe67865b528a43dd10ef7c51a20392?s=96&d=mm&r=g\",\"url\":\"https:\\\/\\\/secure.gravatar.com\\\/avatar\\\/57de8e5d4b15d43fb361a71fbb36338450fe67865b528a43dd10ef7c51a20392?s=96&d=mm&r=g\",\"contentUrl\":\"https:\\\/\\\/secure.gravatar.com\\\/avatar\\\/57de8e5d4b15d43fb361a71fbb36338450fe67865b528a43dd10ef7c51a20392?s=96&d=mm&r=g\",\"caption\":\"La Sentinelle\"},\"sameAs\":[\"http:\\\/\\\/www.lasentinelle.dz\"],\"url\":\"https:\\\/\\\/lasentinelle.dz\\\/author\\\/redaction\\\/\"}]}<\/script>\n<!-- \/ Yoast SEO plugin. -->","yoast_head_json":{"title":"Accord c\u00e9r\u00e9alier Russie-Ukraine\u00a0: Quand l\u2019Occident affame le monde - La Sentinelle","robots":{"index":"index","follow":"follow","max-snippet":"max-snippet:-1","max-image-preview":"max-image-preview:large","max-video-preview":"max-video-preview:-1"},"canonical":"https:\/\/lasentinelle.dz\/index.php\/2023\/01\/09\/accord-cerealier-russie-ukraine-quand-loccident-affame-le-monde\/","og_locale":"fr_FR","og_type":"article","og_title":"Accord c\u00e9r\u00e9alier Russie-Ukraine\u00a0: Quand l\u2019Occident affame le monde - La Sentinelle","og_description":"Ledevenir du Tiers Monde est en r\u00e9alit\u00e9 le cadet des soucis occidentaux. Ces derniers se soucient si peu de l\u2019Afrique","og_url":"https:\/\/lasentinelle.dz\/index.php\/2023\/01\/09\/accord-cerealier-russie-ukraine-quand-loccident-affame-le-monde\/","og_site_name":"La Sentinelle","article_publisher":"https:\/\/www.facebook.com\/La-Sentinelle-104059864394773","article_published_time":"2023-01-09T21:15:00+00:00","og_image":[{"width":1435,"height":900,"url":"https:\/\/lasentinelle.dz\/wp-content\/uploads\/2023\/01\/cereales.png","type":"image\/png"}],"author":"La Sentinelle","twitter_card":"summary_large_image","twitter_misc":{"\u00c9crit par":"La Sentinelle","Dur\u00e9e de lecture estim\u00e9e":"5 minutes"},"schema":{"@context":"https:\/\/schema.org","@graph":[{"@type":"Article","@id":"https:\/\/lasentinelle.dz\/index.php\/2023\/01\/09\/accord-cerealier-russie-ukraine-quand-loccident-affame-le-monde\/#article","isPartOf":{"@id":"https:\/\/lasentinelle.dz\/index.php\/2023\/01\/09\/accord-cerealier-russie-ukraine-quand-loccident-affame-le-monde\/"},"author":{"name":"La Sentinelle","@id":"https:\/\/lasentinelle.dz\/#\/schema\/person\/d865044e22e70a75174ce8bcad3acfb3"},"headline":"Accord c\u00e9r\u00e9alier Russie-Ukraine\u00a0: Quand l\u2019Occident affame le monde","datePublished":"2023-01-09T21:15:00+00:00","mainEntityOfPage":{"@id":"https:\/\/lasentinelle.dz\/index.php\/2023\/01\/09\/accord-cerealier-russie-ukraine-quand-loccident-affame-le-monde\/"},"wordCount":1020,"commentCount":0,"publisher":{"@id":"https:\/\/lasentinelle.dz\/#organization"},"image":{"@id":"https:\/\/lasentinelle.dz\/index.php\/2023\/01\/09\/accord-cerealier-russie-ukraine-quand-loccident-affame-le-monde\/#primaryimage"},"thumbnailUrl":"https:\/\/lasentinelle.dz\/wp-content\/uploads\/2023\/01\/cereales.png","articleSection":["\u00c0 la Une","Actualit\u00e9"],"inLanguage":"fr-FR","potentialAction":[{"@type":"CommentAction","name":"Comment","target":["https:\/\/lasentinelle.dz\/index.php\/2023\/01\/09\/accord-cerealier-russie-ukraine-quand-loccident-affame-le-monde\/#respond"]}]},{"@type":"WebPage","@id":"https:\/\/lasentinelle.dz\/index.php\/2023\/01\/09\/accord-cerealier-russie-ukraine-quand-loccident-affame-le-monde\/","url":"https:\/\/lasentinelle.dz\/index.php\/2023\/01\/09\/accord-cerealier-russie-ukraine-quand-loccident-affame-le-monde\/","name":"Accord c\u00e9r\u00e9alier Russie-Ukraine\u00a0: Quand l\u2019Occident affame le monde - La Sentinelle","isPartOf":{"@id":"https:\/\/lasentinelle.dz\/#website"},"primaryImageOfPage":{"@id":"https:\/\/lasentinelle.dz\/index.php\/2023\/01\/09\/accord-cerealier-russie-ukraine-quand-loccident-affame-le-monde\/#primaryimage"},"image":{"@id":"https:\/\/lasentinelle.dz\/index.php\/2023\/01\/09\/accord-cerealier-russie-ukraine-quand-loccident-affame-le-monde\/#primaryimage"},"thumbnailUrl":"https:\/\/lasentinelle.dz\/wp-content\/uploads\/2023\/01\/cereales.png","datePublished":"2023-01-09T21:15:00+00:00","breadcrumb":{"@id":"https:\/\/lasentinelle.dz\/index.php\/2023\/01\/09\/accord-cerealier-russie-ukraine-quand-loccident-affame-le-monde\/#breadcrumb"},"inLanguage":"fr-FR","potentialAction":[{"@type":"ReadAction","target":["https:\/\/lasentinelle.dz\/index.php\/2023\/01\/09\/accord-cerealier-russie-ukraine-quand-loccident-affame-le-monde\/"]}]},{"@type":"ImageObject","inLanguage":"fr-FR","@id":"https:\/\/lasentinelle.dz\/index.php\/2023\/01\/09\/accord-cerealier-russie-ukraine-quand-loccident-affame-le-monde\/#primaryimage","url":"https:\/\/lasentinelle.dz\/wp-content\/uploads\/2023\/01\/cereales.png","contentUrl":"https:\/\/lasentinelle.dz\/wp-content\/uploads\/2023\/01\/cereales.png","width":1435,"height":900},{"@type":"BreadcrumbList","@id":"https:\/\/lasentinelle.dz\/index.php\/2023\/01\/09\/accord-cerealier-russie-ukraine-quand-loccident-affame-le-monde\/#breadcrumb","itemListElement":[{"@type":"ListItem","position":1,"name":"Accueil","item":"https:\/\/lasentinelle.dz\/"},{"@type":"ListItem","position":2,"name":"Accord c\u00e9r\u00e9alier Russie-Ukraine\u00a0: Quand l\u2019Occident affame le monde"}]},{"@type":"WebSite","@id":"https:\/\/lasentinelle.dz\/#website","url":"https:\/\/lasentinelle.dz\/","name":"La Sentinelle","description":"Quotidien national d&#039;information","publisher":{"@id":"https:\/\/lasentinelle.dz\/#organization"},"potentialAction":[{"@type":"SearchAction","target":{"@type":"EntryPoint","urlTemplate":"https:\/\/lasentinelle.dz\/?s={search_term_string}"},"query-input":{"@type":"PropertyValueSpecification","valueRequired":true,"valueName":"search_term_string"}}],"inLanguage":"fr-FR"},{"@type":"Organization","@id":"https:\/\/lasentinelle.dz\/#organization","name":"Quotidien La Sentinelle","url":"https:\/\/lasentinelle.dz\/","logo":{"@type":"ImageObject","inLanguage":"fr-FR","@id":"https:\/\/lasentinelle.dz\/#\/schema\/logo\/image\/","url":"https:\/\/lasentinelle.dz\/wp-content\/uploads\/2021\/09\/logo-sentinelleSLOGAN-1.png","contentUrl":"https:\/\/lasentinelle.dz\/wp-content\/uploads\/2021\/09\/logo-sentinelleSLOGAN-1.png","width":615,"height":142,"caption":"Quotidien La Sentinelle"},"image":{"@id":"https:\/\/lasentinelle.dz\/#\/schema\/logo\/image\/"},"sameAs":["https:\/\/www.facebook.com\/La-Sentinelle-104059864394773"]},{"@type":"Person","@id":"https:\/\/lasentinelle.dz\/#\/schema\/person\/d865044e22e70a75174ce8bcad3acfb3","name":"La Sentinelle","image":{"@type":"ImageObject","inLanguage":"fr-FR","@id":"https:\/\/secure.gravatar.com\/avatar\/57de8e5d4b15d43fb361a71fbb36338450fe67865b528a43dd10ef7c51a20392?s=96&d=mm&r=g","url":"https:\/\/secure.gravatar.com\/avatar\/57de8e5d4b15d43fb361a71fbb36338450fe67865b528a43dd10ef7c51a20392?s=96&d=mm&r=g","contentUrl":"https:\/\/secure.gravatar.com\/avatar\/57de8e5d4b15d43fb361a71fbb36338450fe67865b528a43dd10ef7c51a20392?s=96&d=mm&r=g","caption":"La Sentinelle"},"sameAs":["http:\/\/www.lasentinelle.dz"],"url":"https:\/\/lasentinelle.dz\/author\/redaction\/"}]}},"_links":{"self":[{"href":"https:\/\/lasentinelle.dz\/index.php\/wp-json\/wp\/v2\/posts\/33950","targetHints":{"allow":["GET"]}}],"collection":[{"href":"https:\/\/lasentinelle.dz\/index.php\/wp-json\/wp\/v2\/posts"}],"about":[{"href":"https:\/\/lasentinelle.dz\/index.php\/wp-json\/wp\/v2\/types\/post"}],"author":[{"embeddable":true,"href":"https:\/\/lasentinelle.dz\/index.php\/wp-json\/wp\/v2\/users\/3"}],"replies":[{"embeddable":true,"href":"https:\/\/lasentinelle.dz\/index.php\/wp-json\/wp\/v2\/comments?post=33950"}],"version-history":[{"count":1,"href":"https:\/\/lasentinelle.dz\/index.php\/wp-json\/wp\/v2\/posts\/33950\/revisions"}],"predecessor-version":[{"id":33960,"href":"https:\/\/lasentinelle.dz\/index.php\/wp-json\/wp\/v2\/posts\/33950\/revisions\/33960"}],"wp:featuredmedia":[{"embeddable":true,"href":"https:\/\/lasentinelle.dz\/index.php\/wp-json\/wp\/v2\/media\/33958"}],"wp:attachment":[{"href":"https:\/\/lasentinelle.dz\/index.php\/wp-json\/wp\/v2\/media?parent=33950"}],"wp:term":[{"taxonomy":"category","embeddable":true,"href":"https:\/\/lasentinelle.dz\/index.php\/wp-json\/wp\/v2\/categories?post=33950"},{"taxonomy":"post_tag","embeddable":true,"href":"https:\/\/lasentinelle.dz\/index.php\/wp-json\/wp\/v2\/tags?post=33950"}],"curies":[{"name":"wp","href":"https:\/\/api.w.org\/{rel}","templated":true}]}}