{"id":33954,"date":"2023-01-09T22:17:00","date_gmt":"2023-01-09T21:17:00","guid":{"rendered":"https:\/\/lasentinelle.dz\/?p=33954"},"modified":"2023-01-09T20:14:20","modified_gmt":"2023-01-09T19:14:20","slug":"les-hausses-seront-versees-des-le-mois-de-mars-salaires-ce-quil-faut-savoir","status":"publish","type":"post","link":"https:\/\/lasentinelle.dz\/index.php\/2023\/01\/09\/les-hausses-seront-versees-des-le-mois-de-mars-salaires-ce-quil-faut-savoir\/","title":{"rendered":"Les hausses seront vers\u00e9es d\u00e8s le mois de mars \/ Salaires\u00a0: ce qu\u2019il faut savoir"},"content":{"rendered":"\n<p>Les augmentations de salaires des fonctionnaires et des retraites seront effectives \u00e0 partir du mois de mars, avec un effet r\u00e9troactif depuis janvier, a indiqu\u00e9, hier, le ministre du Travail, de l\u2019Emploi et de la S\u00e9curit\u00e9 sociale, Youcef Chorfa. Ce dernier a signal\u00e9 que l&rsquo;incidence financi\u00e8re de ces augmentations sur le budget de l&rsquo;Etat est de 681 milliards de dinars sur les deux ann\u00e9es, 2023 et 2024.<\/p>\n\n\n\n<p>L&rsquo;incidence financi\u00e8re de l&rsquo;augmentation des salaires d\u00e9cid\u00e9e r\u00e9cemment sera de 681 milliards de dinars sur les deux ann\u00e9es 2023 et 2024. Rien que pour l&rsquo;ann\u00e9e 2023 elle sera de 340 milliards de dinars, a indiqu\u00e9, hier, le ministre du Travail, de l&rsquo;Emploi et de la S\u00e9curit\u00e9 sociale, Youcef Chorfa, lors de son passage \u00e0 l&rsquo;\u00e9mission \u00ab\u00a0l&rsquo;invit\u00e9 de la r\u00e9daction\u00a0\u00bb de la cha\u00eene 3 de la Radio alg\u00e9rienne, qui a ajout\u00e9 qu&rsquo;avec les hausses de 2022, ce sont \u00ab\u00a0900 milliards de dinars qui ont \u00e9t\u00e9 mis par le budget de l&rsquo;Etat pour l&rsquo;augmentation des salaires\u00a0\u00bb. Les qualifiant d&rsquo;\u00ab&nbsp;historiques&nbsp;\u00bb, celui-ci a tenu \u00e0 signaler, qu&rsquo;avec celles relatives \u00e0 la retraite et l&rsquo;allocation ch\u00f4mage, ce sont 7 780 000 alg\u00e9riens qui vont b\u00e9n\u00e9ficier d\u2019une hausse des revenus. Mettant l&rsquo;accent sur les augmentations des salaires, le ministre a pr\u00e9cis\u00e9 que 2,8 millions de fonctionnaires seront concern\u00e9s. Chorfa a tenu \u00e0 rappeler, \u00e0 cet effet, qu&rsquo;au total ce sont \u00ab\u00a0quatre augmentations de salaires qui ont \u00e9t\u00e9 d\u00e9cid\u00e9es par le pr\u00e9sident de la R\u00e9publique depuis 2020\u00a0\u00bb. En plus de ces hausses de 2023 et 2024, repr\u00e9sentant 150 points indiciaires sur les deux ann\u00e9es, il y a eu, a-t-il pr\u00e9cis\u00e9, le passage du Salaire national minimum garanti (SNMG) de 18 000 \u00e0 20 000 dinars en juin 2020, l&rsquo;exon\u00e9ration de l&rsquo;IRG des salaires de moins de 30 000 dinars en janvier 2021 puis la r\u00e9vision du bar\u00e8me de l&rsquo;IRG pour l&rsquo;ensemble des salaires et l&rsquo;augmentation de 50 points indiciaires en mars 2022. Ainsi, cette hausse de 150 points indiciaires sera \u00e9tal\u00e9e sur deux ann\u00e9es, avec 50% pour chaque ann\u00e9e. Elle sera effective \u00e0 partir du mois de mars, a-t-il indiqu\u00e9, avec un effet r\u00e9troactif depuis janvier. Le ministre du Travail a donn\u00e9, lors de son intervention, un exemple qui concerne un ouvrier professionnel de cat\u00e9gorie 1. Celui-ci b\u00e9n\u00e9ficiera donc d&rsquo;une augmentation pour les deux ann\u00e9es de 9550 dinars. Pour 2023 il aura 4470 dinars, a-t-il pr\u00e9cis\u00e9, en ajoutant qu&rsquo;un \u00ab\u00a0travailleur qui touche actuellement 30 000 dinars, son salaire va \u00eatre port\u00e9 en 2024 \u00e0 39 000 dinars, soit une hausse de 33%, a affirm\u00e9 le ministre. Un taux global qui serait de 47% environ, avec les pr\u00e9c\u00e9dentes augmentations, a-t-il ajout\u00e9. Il a \u00e9galement cit\u00e9 l&rsquo;exemple d&rsquo;un enseignant de l&rsquo;\u00e9ducation, qui b\u00e9n\u00e9ficiera sur les deux ann\u00e9es d&rsquo;une augmentation de 13450 dinars (6730 dinars par an). Pour ce qui est de la hausse des pension de retraite, le ministre a indiqu\u00e9 \u00e9galement que celles-ci seront effectives \u00e0 partir du mois de mars avec effet r\u00e9troactif depuis janvier. Rappelant qu&rsquo;il y a 3 732 000 retrait\u00e9s pensionnaires, Chorfa a indiqu\u00e9 que ce sont pas moins de 2 985 000 d&rsquo;entre eux qui vont en b\u00e9n\u00e9ficier. Il a rappel\u00e9, dans ce sens, qu&rsquo;il n&rsquo;y aura plus de pension de retraite au-dessous du SNMG et d&rsquo;allocation de retraite de moins de 15 000 dinars. M\u00eame ceux qui touchent une retraite variant entre 20 000 et 50 000 dinars vont b\u00e9n\u00e9ficier d&rsquo;une augmentation comprise entre 2000 et 4000 dinars, a-t-il indiqu\u00e9. \u00ab\u00a0En dehors des petites retraites, les hausses vont de 5 \u00e0 33%\u00a0\u00bb, a-t-il d\u00e9clar\u00e9. Par ailleurs, le ministre a tenu \u00e0 pr\u00e9ciser, que contrairement \u00e0 l&rsquo;augmentation des salaires et des retraites, celle de l&rsquo;allocation ch\u00f4mage, qui va passer de 13 000 \u00e0 15 000 dinars, sera effective d\u00e8s ce mois de janvier. Sur un autre plan, ces augmentations de salaires ne concernent pas le secteur \u00e9conomique, public ou priv\u00e9, qui est, l&rsquo;a-t-il rappel\u00e9, \u00ab\u00a0soumis \u00e0 des conventions collectives n\u00e9goci\u00e9es entre l&#8217;employeur et le partenaire social\u00a0\u00bb, ceci, en ajoutant que \u00ab\u00a0les salaires dans le secteur \u00e9conomique sont plus importants que ceux de la fonction publique\u00a0\u00bb. En dernier lieu, et concernant la situation de la Caisse nationale de retraite (CNR), Youcef Chorfa, a mis en exergue le fait que le d\u00e9ficit a diminu\u00e9 en 2022 par rapport \u00e0 2021, passant de 540 \u00e0 376 milliards de dinars. Une situation qui va potentiellement s&rsquo;am\u00e9liorer encore plus avec la relance de l&rsquo;\u00e9conomie et donc de l&#8217;emploi, a-t-il signal\u00e9, avant de noter que la plate-forme d\u00e9di\u00e9e \u00e0 l&rsquo;adh\u00e9sion des membres de la communaut\u00e9 nationale \u00e0 l&rsquo;\u00e9tranger au syst\u00e8me national de retraite sera op\u00e9rationnelle au mois de mars.<\/p>\n\n\n\n<p><strong>Elyas Nour<\/strong><\/p>\n","protected":false},"excerpt":{"rendered":"<p>Les augmentations de salaires des fonctionnaires et des retraites seront effectives \u00e0 partir du mois de mars, avec un effet<\/p>\n","protected":false},"author":3,"featured_media":33967,"comment_status":"open","ping_status":"closed","sticky":false,"template":"","format":"standard","meta":{"colormag_page_container_layout":"default_layout","colormag_page_sidebar_layout":"default_layout","om_disable_all_campaigns":false,"_monsterinsights_skip_tracking":false,"_monsterinsights_sitenote_active":false,"_monsterinsights_sitenote_note":"","_monsterinsights_sitenote_category":0,"footnotes":"","_wpscppro_dont_share_socialmedia":false,"_wpscppro_custom_social_share_image":0,"_facebook_share_type":"","_twitter_share_type":"","_linkedin_share_type":"","_pinterest_share_type":"","_linkedin_share_type_page":"","_instagram_share_type":"","_medium_share_type":"","_threads_share_type":"","_google_business_share_type":"","_selected_social_profile":[],"_wpsp_enable_custom_social_template":false,"_wpsp_social_scheduling":{"enabled":false,"datetime":null,"platforms":[],"status":"template_only","dateOption":"today","timeOption":"now","customDays":"","customHours":"","customDate":"","customTime":"","schedulingType":"absolute"},"_wpsp_active_default_template":true},"categories":[52,27],"tags":[],"class_list":["post-33954","post","type-post","status-publish","format-standard","has-post-thumbnail","hentry","category-a-la-une","category-actualite"],"aioseo_notices":[],"yoast_head":"<!-- This site is optimized with the Yoast SEO plugin v27.5 - https:\/\/yoast.com\/product\/yoast-seo-wordpress\/ -->\n<title>Les hausses seront vers\u00e9es d\u00e8s le mois de mars \/ Salaires\u00a0: ce qu\u2019il faut savoir - La Sentinelle<\/title>\n<meta name=\"robots\" content=\"index, follow, max-snippet:-1, max-image-preview:large, max-video-preview:-1\" \/>\n<link rel=\"canonical\" href=\"https:\/\/lasentinelle.dz\/index.php\/2023\/01\/09\/les-hausses-seront-versees-des-le-mois-de-mars-salaires-ce-quil-faut-savoir\/\" \/>\n<meta property=\"og:locale\" content=\"fr_FR\" \/>\n<meta property=\"og:type\" content=\"article\" \/>\n<meta property=\"og:title\" content=\"Les hausses seront vers\u00e9es d\u00e8s le mois de mars \/ Salaires\u00a0: ce qu\u2019il faut savoir - La Sentinelle\" \/>\n<meta property=\"og:description\" content=\"Les augmentations de salaires des fonctionnaires et des retraites seront effectives \u00e0 partir du mois de mars, avec un effet\" \/>\n<meta property=\"og:url\" content=\"https:\/\/lasentinelle.dz\/index.php\/2023\/01\/09\/les-hausses-seront-versees-des-le-mois-de-mars-salaires-ce-quil-faut-savoir\/\" \/>\n<meta property=\"og:site_name\" content=\"La Sentinelle\" \/>\n<meta property=\"article:publisher\" content=\"https:\/\/www.facebook.com\/La-Sentinelle-104059864394773\" \/>\n<meta property=\"article:published_time\" content=\"2023-01-09T21:17:00+00:00\" \/>\n<meta property=\"og:image\" content=\"https:\/\/lasentinelle.dz\/wp-content\/uploads\/2023\/01\/salaires.png\" \/>\n\t<meta property=\"og:image:width\" content=\"1427\" \/>\n\t<meta property=\"og:image:height\" content=\"900\" \/>\n\t<meta property=\"og:image:type\" content=\"image\/png\" \/>\n<meta name=\"author\" content=\"La Sentinelle\" \/>\n<meta name=\"twitter:card\" content=\"summary_large_image\" \/>\n<meta name=\"twitter:label1\" content=\"\u00c9crit par\" \/>\n\t<meta name=\"twitter:data1\" content=\"La Sentinelle\" \/>\n\t<meta name=\"twitter:label2\" content=\"Dur\u00e9e de lecture estim\u00e9e\" \/>\n\t<meta name=\"twitter:data2\" content=\"4 minutes\" \/>\n<script type=\"application\/ld+json\" class=\"yoast-schema-graph\">{\"@context\":\"https:\\\/\\\/schema.org\",\"@graph\":[{\"@type\":\"Article\",\"@id\":\"https:\\\/\\\/lasentinelle.dz\\\/index.php\\\/2023\\\/01\\\/09\\\/les-hausses-seront-versees-des-le-mois-de-mars-salaires-ce-quil-faut-savoir\\\/#article\",\"isPartOf\":{\"@id\":\"https:\\\/\\\/lasentinelle.dz\\\/index.php\\\/2023\\\/01\\\/09\\\/les-hausses-seront-versees-des-le-mois-de-mars-salaires-ce-quil-faut-savoir\\\/\"},\"author\":{\"name\":\"La Sentinelle\",\"@id\":\"https:\\\/\\\/lasentinelle.dz\\\/#\\\/schema\\\/person\\\/d865044e22e70a75174ce8bcad3acfb3\"},\"headline\":\"Les hausses seront vers\u00e9es d\u00e8s le mois de mars \\\/ Salaires\u00a0: ce qu\u2019il faut savoir\",\"datePublished\":\"2023-01-09T21:17:00+00:00\",\"mainEntityOfPage\":{\"@id\":\"https:\\\/\\\/lasentinelle.dz\\\/index.php\\\/2023\\\/01\\\/09\\\/les-hausses-seront-versees-des-le-mois-de-mars-salaires-ce-quil-faut-savoir\\\/\"},\"wordCount\":799,\"commentCount\":0,\"publisher\":{\"@id\":\"https:\\\/\\\/lasentinelle.dz\\\/#organization\"},\"image\":{\"@id\":\"https:\\\/\\\/lasentinelle.dz\\\/index.php\\\/2023\\\/01\\\/09\\\/les-hausses-seront-versees-des-le-mois-de-mars-salaires-ce-quil-faut-savoir\\\/#primaryimage\"},\"thumbnailUrl\":\"https:\\\/\\\/lasentinelle.dz\\\/wp-content\\\/uploads\\\/2023\\\/01\\\/salaires.png\",\"articleSection\":[\"\u00c0 la Une\",\"Actualit\u00e9\"],\"inLanguage\":\"fr-FR\",\"potentialAction\":[{\"@type\":\"CommentAction\",\"name\":\"Comment\",\"target\":[\"https:\\\/\\\/lasentinelle.dz\\\/index.php\\\/2023\\\/01\\\/09\\\/les-hausses-seront-versees-des-le-mois-de-mars-salaires-ce-quil-faut-savoir\\\/#respond\"]}]},{\"@type\":\"WebPage\",\"@id\":\"https:\\\/\\\/lasentinelle.dz\\\/index.php\\\/2023\\\/01\\\/09\\\/les-hausses-seront-versees-des-le-mois-de-mars-salaires-ce-quil-faut-savoir\\\/\",\"url\":\"https:\\\/\\\/lasentinelle.dz\\\/index.php\\\/2023\\\/01\\\/09\\\/les-hausses-seront-versees-des-le-mois-de-mars-salaires-ce-quil-faut-savoir\\\/\",\"name\":\"Les hausses seront vers\u00e9es d\u00e8s le mois de mars \\\/ Salaires\u00a0: ce qu\u2019il faut savoir - La Sentinelle\",\"isPartOf\":{\"@id\":\"https:\\\/\\\/lasentinelle.dz\\\/#website\"},\"primaryImageOfPage\":{\"@id\":\"https:\\\/\\\/lasentinelle.dz\\\/index.php\\\/2023\\\/01\\\/09\\\/les-hausses-seront-versees-des-le-mois-de-mars-salaires-ce-quil-faut-savoir\\\/#primaryimage\"},\"image\":{\"@id\":\"https:\\\/\\\/lasentinelle.dz\\\/index.php\\\/2023\\\/01\\\/09\\\/les-hausses-seront-versees-des-le-mois-de-mars-salaires-ce-quil-faut-savoir\\\/#primaryimage\"},\"thumbnailUrl\":\"https:\\\/\\\/lasentinelle.dz\\\/wp-content\\\/uploads\\\/2023\\\/01\\\/salaires.png\",\"datePublished\":\"2023-01-09T21:17:00+00:00\",\"breadcrumb\":{\"@id\":\"https:\\\/\\\/lasentinelle.dz\\\/index.php\\\/2023\\\/01\\\/09\\\/les-hausses-seront-versees-des-le-mois-de-mars-salaires-ce-quil-faut-savoir\\\/#breadcrumb\"},\"inLanguage\":\"fr-FR\",\"potentialAction\":[{\"@type\":\"ReadAction\",\"target\":[\"https:\\\/\\\/lasentinelle.dz\\\/index.php\\\/2023\\\/01\\\/09\\\/les-hausses-seront-versees-des-le-mois-de-mars-salaires-ce-quil-faut-savoir\\\/\"]}]},{\"@type\":\"ImageObject\",\"inLanguage\":\"fr-FR\",\"@id\":\"https:\\\/\\\/lasentinelle.dz\\\/index.php\\\/2023\\\/01\\\/09\\\/les-hausses-seront-versees-des-le-mois-de-mars-salaires-ce-quil-faut-savoir\\\/#primaryimage\",\"url\":\"https:\\\/\\\/lasentinelle.dz\\\/wp-content\\\/uploads\\\/2023\\\/01\\\/salaires.png\",\"contentUrl\":\"https:\\\/\\\/lasentinelle.dz\\\/wp-content\\\/uploads\\\/2023\\\/01\\\/salaires.png\",\"width\":1427,\"height\":900},{\"@type\":\"BreadcrumbList\",\"@id\":\"https:\\\/\\\/lasentinelle.dz\\\/index.php\\\/2023\\\/01\\\/09\\\/les-hausses-seront-versees-des-le-mois-de-mars-salaires-ce-quil-faut-savoir\\\/#breadcrumb\",\"itemListElement\":[{\"@type\":\"ListItem\",\"position\":1,\"name\":\"Accueil\",\"item\":\"https:\\\/\\\/lasentinelle.dz\\\/\"},{\"@type\":\"ListItem\",\"position\":2,\"name\":\"Les hausses seront vers\u00e9es d\u00e8s le mois de mars \\\/ Salaires\u00a0: ce qu\u2019il faut savoir\"}]},{\"@type\":\"WebSite\",\"@id\":\"https:\\\/\\\/lasentinelle.dz\\\/#website\",\"url\":\"https:\\\/\\\/lasentinelle.dz\\\/\",\"name\":\"La Sentinelle\",\"description\":\"Quotidien national d&#039;information\",\"publisher\":{\"@id\":\"https:\\\/\\\/lasentinelle.dz\\\/#organization\"},\"potentialAction\":[{\"@type\":\"SearchAction\",\"target\":{\"@type\":\"EntryPoint\",\"urlTemplate\":\"https:\\\/\\\/lasentinelle.dz\\\/?s={search_term_string}\"},\"query-input\":{\"@type\":\"PropertyValueSpecification\",\"valueRequired\":true,\"valueName\":\"search_term_string\"}}],\"inLanguage\":\"fr-FR\"},{\"@type\":\"Organization\",\"@id\":\"https:\\\/\\\/lasentinelle.dz\\\/#organization\",\"name\":\"Quotidien La Sentinelle\",\"url\":\"https:\\\/\\\/lasentinelle.dz\\\/\",\"logo\":{\"@type\":\"ImageObject\",\"inLanguage\":\"fr-FR\",\"@id\":\"https:\\\/\\\/lasentinelle.dz\\\/#\\\/schema\\\/logo\\\/image\\\/\",\"url\":\"https:\\\/\\\/lasentinelle.dz\\\/wp-content\\\/uploads\\\/2021\\\/09\\\/logo-sentinelleSLOGAN-1.png\",\"contentUrl\":\"https:\\\/\\\/lasentinelle.dz\\\/wp-content\\\/uploads\\\/2021\\\/09\\\/logo-sentinelleSLOGAN-1.png\",\"width\":615,\"height\":142,\"caption\":\"Quotidien La Sentinelle\"},\"image\":{\"@id\":\"https:\\\/\\\/lasentinelle.dz\\\/#\\\/schema\\\/logo\\\/image\\\/\"},\"sameAs\":[\"https:\\\/\\\/www.facebook.com\\\/La-Sentinelle-104059864394773\"]},{\"@type\":\"Person\",\"@id\":\"https:\\\/\\\/lasentinelle.dz\\\/#\\\/schema\\\/person\\\/d865044e22e70a75174ce8bcad3acfb3\",\"name\":\"La Sentinelle\",\"image\":{\"@type\":\"ImageObject\",\"inLanguage\":\"fr-FR\",\"@id\":\"https:\\\/\\\/secure.gravatar.com\\\/avatar\\\/57de8e5d4b15d43fb361a71fbb36338450fe67865b528a43dd10ef7c51a20392?s=96&d=mm&r=g\",\"url\":\"https:\\\/\\\/secure.gravatar.com\\\/avatar\\\/57de8e5d4b15d43fb361a71fbb36338450fe67865b528a43dd10ef7c51a20392?s=96&d=mm&r=g\",\"contentUrl\":\"https:\\\/\\\/secure.gravatar.com\\\/avatar\\\/57de8e5d4b15d43fb361a71fbb36338450fe67865b528a43dd10ef7c51a20392?s=96&d=mm&r=g\",\"caption\":\"La Sentinelle\"},\"sameAs\":[\"http:\\\/\\\/www.lasentinelle.dz\"],\"url\":\"https:\\\/\\\/lasentinelle.dz\\\/author\\\/redaction\\\/\"}]}<\/script>\n<!-- \/ Yoast SEO plugin. -->","yoast_head_json":{"title":"Les hausses seront vers\u00e9es d\u00e8s le mois de mars \/ Salaires\u00a0: ce qu\u2019il faut savoir - La Sentinelle","robots":{"index":"index","follow":"follow","max-snippet":"max-snippet:-1","max-image-preview":"max-image-preview:large","max-video-preview":"max-video-preview:-1"},"canonical":"https:\/\/lasentinelle.dz\/index.php\/2023\/01\/09\/les-hausses-seront-versees-des-le-mois-de-mars-salaires-ce-quil-faut-savoir\/","og_locale":"fr_FR","og_type":"article","og_title":"Les hausses seront vers\u00e9es d\u00e8s le mois de mars \/ Salaires\u00a0: ce qu\u2019il faut savoir - La Sentinelle","og_description":"Les augmentations de salaires des fonctionnaires et des retraites seront effectives \u00e0 partir du mois de mars, avec un effet","og_url":"https:\/\/lasentinelle.dz\/index.php\/2023\/01\/09\/les-hausses-seront-versees-des-le-mois-de-mars-salaires-ce-quil-faut-savoir\/","og_site_name":"La Sentinelle","article_publisher":"https:\/\/www.facebook.com\/La-Sentinelle-104059864394773","article_published_time":"2023-01-09T21:17:00+00:00","og_image":[{"width":1427,"height":900,"url":"https:\/\/lasentinelle.dz\/wp-content\/uploads\/2023\/01\/salaires.png","type":"image\/png"}],"author":"La Sentinelle","twitter_card":"summary_large_image","twitter_misc":{"\u00c9crit par":"La Sentinelle","Dur\u00e9e de lecture estim\u00e9e":"4 minutes"},"schema":{"@context":"https:\/\/schema.org","@graph":[{"@type":"Article","@id":"https:\/\/lasentinelle.dz\/index.php\/2023\/01\/09\/les-hausses-seront-versees-des-le-mois-de-mars-salaires-ce-quil-faut-savoir\/#article","isPartOf":{"@id":"https:\/\/lasentinelle.dz\/index.php\/2023\/01\/09\/les-hausses-seront-versees-des-le-mois-de-mars-salaires-ce-quil-faut-savoir\/"},"author":{"name":"La Sentinelle","@id":"https:\/\/lasentinelle.dz\/#\/schema\/person\/d865044e22e70a75174ce8bcad3acfb3"},"headline":"Les hausses seront vers\u00e9es d\u00e8s le mois de mars \/ Salaires\u00a0: ce qu\u2019il faut savoir","datePublished":"2023-01-09T21:17:00+00:00","mainEntityOfPage":{"@id":"https:\/\/lasentinelle.dz\/index.php\/2023\/01\/09\/les-hausses-seront-versees-des-le-mois-de-mars-salaires-ce-quil-faut-savoir\/"},"wordCount":799,"commentCount":0,"publisher":{"@id":"https:\/\/lasentinelle.dz\/#organization"},"image":{"@id":"https:\/\/lasentinelle.dz\/index.php\/2023\/01\/09\/les-hausses-seront-versees-des-le-mois-de-mars-salaires-ce-quil-faut-savoir\/#primaryimage"},"thumbnailUrl":"https:\/\/lasentinelle.dz\/wp-content\/uploads\/2023\/01\/salaires.png","articleSection":["\u00c0 la Une","Actualit\u00e9"],"inLanguage":"fr-FR","potentialAction":[{"@type":"CommentAction","name":"Comment","target":["https:\/\/lasentinelle.dz\/index.php\/2023\/01\/09\/les-hausses-seront-versees-des-le-mois-de-mars-salaires-ce-quil-faut-savoir\/#respond"]}]},{"@type":"WebPage","@id":"https:\/\/lasentinelle.dz\/index.php\/2023\/01\/09\/les-hausses-seront-versees-des-le-mois-de-mars-salaires-ce-quil-faut-savoir\/","url":"https:\/\/lasentinelle.dz\/index.php\/2023\/01\/09\/les-hausses-seront-versees-des-le-mois-de-mars-salaires-ce-quil-faut-savoir\/","name":"Les hausses seront vers\u00e9es d\u00e8s le mois de mars \/ Salaires\u00a0: ce qu\u2019il faut savoir - La Sentinelle","isPartOf":{"@id":"https:\/\/lasentinelle.dz\/#website"},"primaryImageOfPage":{"@id":"https:\/\/lasentinelle.dz\/index.php\/2023\/01\/09\/les-hausses-seront-versees-des-le-mois-de-mars-salaires-ce-quil-faut-savoir\/#primaryimage"},"image":{"@id":"https:\/\/lasentinelle.dz\/index.php\/2023\/01\/09\/les-hausses-seront-versees-des-le-mois-de-mars-salaires-ce-quil-faut-savoir\/#primaryimage"},"thumbnailUrl":"https:\/\/lasentinelle.dz\/wp-content\/uploads\/2023\/01\/salaires.png","datePublished":"2023-01-09T21:17:00+00:00","breadcrumb":{"@id":"https:\/\/lasentinelle.dz\/index.php\/2023\/01\/09\/les-hausses-seront-versees-des-le-mois-de-mars-salaires-ce-quil-faut-savoir\/#breadcrumb"},"inLanguage":"fr-FR","potentialAction":[{"@type":"ReadAction","target":["https:\/\/lasentinelle.dz\/index.php\/2023\/01\/09\/les-hausses-seront-versees-des-le-mois-de-mars-salaires-ce-quil-faut-savoir\/"]}]},{"@type":"ImageObject","inLanguage":"fr-FR","@id":"https:\/\/lasentinelle.dz\/index.php\/2023\/01\/09\/les-hausses-seront-versees-des-le-mois-de-mars-salaires-ce-quil-faut-savoir\/#primaryimage","url":"https:\/\/lasentinelle.dz\/wp-content\/uploads\/2023\/01\/salaires.png","contentUrl":"https:\/\/lasentinelle.dz\/wp-content\/uploads\/2023\/01\/salaires.png","width":1427,"height":900},{"@type":"BreadcrumbList","@id":"https:\/\/lasentinelle.dz\/index.php\/2023\/01\/09\/les-hausses-seront-versees-des-le-mois-de-mars-salaires-ce-quil-faut-savoir\/#breadcrumb","itemListElement":[{"@type":"ListItem","position":1,"name":"Accueil","item":"https:\/\/lasentinelle.dz\/"},{"@type":"ListItem","position":2,"name":"Les hausses seront vers\u00e9es d\u00e8s le mois de mars \/ Salaires\u00a0: ce qu\u2019il faut savoir"}]},{"@type":"WebSite","@id":"https:\/\/lasentinelle.dz\/#website","url":"https:\/\/lasentinelle.dz\/","name":"La Sentinelle","description":"Quotidien national d&#039;information","publisher":{"@id":"https:\/\/lasentinelle.dz\/#organization"},"potentialAction":[{"@type":"SearchAction","target":{"@type":"EntryPoint","urlTemplate":"https:\/\/lasentinelle.dz\/?s={search_term_string}"},"query-input":{"@type":"PropertyValueSpecification","valueRequired":true,"valueName":"search_term_string"}}],"inLanguage":"fr-FR"},{"@type":"Organization","@id":"https:\/\/lasentinelle.dz\/#organization","name":"Quotidien La Sentinelle","url":"https:\/\/lasentinelle.dz\/","logo":{"@type":"ImageObject","inLanguage":"fr-FR","@id":"https:\/\/lasentinelle.dz\/#\/schema\/logo\/image\/","url":"https:\/\/lasentinelle.dz\/wp-content\/uploads\/2021\/09\/logo-sentinelleSLOGAN-1.png","contentUrl":"https:\/\/lasentinelle.dz\/wp-content\/uploads\/2021\/09\/logo-sentinelleSLOGAN-1.png","width":615,"height":142,"caption":"Quotidien La Sentinelle"},"image":{"@id":"https:\/\/lasentinelle.dz\/#\/schema\/logo\/image\/"},"sameAs":["https:\/\/www.facebook.com\/La-Sentinelle-104059864394773"]},{"@type":"Person","@id":"https:\/\/lasentinelle.dz\/#\/schema\/person\/d865044e22e70a75174ce8bcad3acfb3","name":"La Sentinelle","image":{"@type":"ImageObject","inLanguage":"fr-FR","@id":"https:\/\/secure.gravatar.com\/avatar\/57de8e5d4b15d43fb361a71fbb36338450fe67865b528a43dd10ef7c51a20392?s=96&d=mm&r=g","url":"https:\/\/secure.gravatar.com\/avatar\/57de8e5d4b15d43fb361a71fbb36338450fe67865b528a43dd10ef7c51a20392?s=96&d=mm&r=g","contentUrl":"https:\/\/secure.gravatar.com\/avatar\/57de8e5d4b15d43fb361a71fbb36338450fe67865b528a43dd10ef7c51a20392?s=96&d=mm&r=g","caption":"La Sentinelle"},"sameAs":["http:\/\/www.lasentinelle.dz"],"url":"https:\/\/lasentinelle.dz\/author\/redaction\/"}]}},"_links":{"self":[{"href":"https:\/\/lasentinelle.dz\/index.php\/wp-json\/wp\/v2\/posts\/33954","targetHints":{"allow":["GET"]}}],"collection":[{"href":"https:\/\/lasentinelle.dz\/index.php\/wp-json\/wp\/v2\/posts"}],"about":[{"href":"https:\/\/lasentinelle.dz\/index.php\/wp-json\/wp\/v2\/types\/post"}],"author":[{"embeddable":true,"href":"https:\/\/lasentinelle.dz\/index.php\/wp-json\/wp\/v2\/users\/3"}],"replies":[{"embeddable":true,"href":"https:\/\/lasentinelle.dz\/index.php\/wp-json\/wp\/v2\/comments?post=33954"}],"version-history":[{"count":1,"href":"https:\/\/lasentinelle.dz\/index.php\/wp-json\/wp\/v2\/posts\/33954\/revisions"}],"predecessor-version":[{"id":33972,"href":"https:\/\/lasentinelle.dz\/index.php\/wp-json\/wp\/v2\/posts\/33954\/revisions\/33972"}],"wp:featuredmedia":[{"embeddable":true,"href":"https:\/\/lasentinelle.dz\/index.php\/wp-json\/wp\/v2\/media\/33967"}],"wp:attachment":[{"href":"https:\/\/lasentinelle.dz\/index.php\/wp-json\/wp\/v2\/media?parent=33954"}],"wp:term":[{"taxonomy":"category","embeddable":true,"href":"https:\/\/lasentinelle.dz\/index.php\/wp-json\/wp\/v2\/categories?post=33954"},{"taxonomy":"post_tag","embeddable":true,"href":"https:\/\/lasentinelle.dz\/index.php\/wp-json\/wp\/v2\/tags?post=33954"}],"curies":[{"name":"wp","href":"https:\/\/api.w.org\/{rel}","templated":true}]}}