{"id":33970,"date":"2023-01-09T22:05:00","date_gmt":"2023-01-09T21:05:00","guid":{"rendered":"https:\/\/lasentinelle.dz\/?p=33970"},"modified":"2023-01-09T20:54:44","modified_gmt":"2023-01-09T19:54:44","slug":"le-projet-de-loi-portant-reglement-budgetaire-2020-atterri-a-lapn-de-la-resilience-dans-un-contexte-de-pandemie","status":"publish","type":"post","link":"https:\/\/lasentinelle.dz\/index.php\/2023\/01\/09\/le-projet-de-loi-portant-reglement-budgetaire-2020-atterri-a-lapn-de-la-resilience-dans-un-contexte-de-pandemie\/","title":{"rendered":"Le projet de loi portant r\u00e8glement budg\u00e9taire 2020 atterri \u00e0 l\u2019APN\u00a0: De la r\u00e9silience dans un contexte de pand\u00e9mie"},"content":{"rendered":"\n<p>Le projet de loi de r\u00e8glement budg\u00e9taire 2020, texte qui refl\u00e8te l\u2019ex\u00e9cution du budget dans l\u2019\u00c9tat dans un contexte marqu\u00e9 par les d\u00e9fis impos\u00e9s par la crise \u00e9conomique et sanitaire induite par la pand\u00e9mie de covid-19 a \u00e9t\u00e9 pr\u00e9sent\u00e9 hier devant la Commission des finances et du budget de l&rsquo;Assembl\u00e9e populaire nationale (APN).Des d\u00e9fis qui ont \u00e9t\u00e9 soulign\u00e9 par le ministre des Finances, Brahim Djamel Kassali, dans son expos\u00e9 devant la commission parlementaire. Le ministre a expliqu\u00e9 que la mise en \u0153uvre du budget 2020 \u00ab\u00a0s&rsquo;est d\u00e9roul\u00e9e dans un contexte particulier marqu\u00e9 par la baisse de la demande mondiale notamment sur le p\u00e9trole brut et le gaz naturel, en plus de la propagation de la pand\u00e9mie Covid-19 ayant secou\u00e9 l&rsquo;\u00e9conomie mondiale, d&rsquo;o\u00f9 la prise de mesures urgentes sur les plans socio-\u00e9conomique et sanitaire en vue de sauvegarder la vie et la sant\u00e9 des citoyens, renforcer les entreprises et les familles, et prot\u00e9ger les cat\u00e9gories vuln\u00e9rables\u00a0\u00bb.Le premier argentier du pays que&nbsp; l&rsquo;examen des indicateurs relatifs \u00e0 l&rsquo;impact des d\u00e9penses sur le service public pour 2020 avait d\u00e9montr\u00e9 \u00ab&nbsp;une r\u00e9silience de l&rsquo;\u00e9conomie nationale dans la lutte contre les retomb\u00e9es de la pand\u00e9mie du covid-19 et la forte chute des cours du p\u00e9trole, et ce, gr\u00e2ce aux mesures urgentes prises par les pouvoirs publics, notamment en ce qui concerne la pr\u00e9servation de l&rsquo;activit\u00e9 \u00e9conomique, la protection des cat\u00e9gories d\u00e9munies, la rationalisation des d\u00e9penses g\u00e9n\u00e9rales et l&rsquo;encadrement du commerce ext\u00e9rieur&nbsp;\u00bb.<\/p>\n\n\n\n<p>Concernant les agr\u00e9gats macro\u00e9conomiques et financiers de l&rsquo;\u00e9conomie nationale en 2020, M. Kassali a fait \u00e9tat du recul du taux de croissance \u00e9conomique de -5,1%, contre 1% en 2020, au moment o\u00f9 la LFC 2020 tablait sur un taux de -2,6%, soulignant que cette diff\u00e9rence \u00e9tait principalement due au recul du niveau d&rsquo;activit\u00e9 dans le secteur des hydrocarbures et des activit\u00e9s tertiaires.Kassali a rappel\u00e9, par ailleurs, la r\u00e9vision \u00e0 la baisse du prix fiscal du baril de brut, qui est pass\u00e9 de 50 dollars au titre de la loi de finances 2020, \u00e0 30 dollars au titre de la LFC 2020.<\/p>\n\n\n\n<p>La moyenne du taux de change a baiss\u00e9 de 7,4 DA\/dollar, passant de 119,4 DA\/dollar en 2019 \u00e0 126,8 DA\/dollar en 2020, alors que la LFC pr\u00e9voyait 137 DA\/un (1) dollar, soit un \u00e9cart de 10,2 DA\/ pour un (1)USD, a-t-il ajout\u00e9.Le taux d&rsquo;inflation enregistr\u00e9 en 2020 a atteint 2,4%, soit un niveau inf\u00e9rieur \u00e0 celui pr\u00e9vu par la LFC&nbsp; (3,1%), a pr\u00e9cis\u00e9 M. Kassali.Par ailleurs, une baisse de 12 mds de dollars a \u00e9t\u00e9 enregistr\u00e9e dans le montant total des exportations en 2020, atteignant 23,8 mds de dollars, contre 35,8 mds de dollars en 2019.Tandis que, les importations de biens finis en 2020 ont baiss\u00e9 de 7,5 mds de dollars pour atteindre 34,4 mds de dollars, contre 41,9 mds de dollars en 2019.Ainsi, le solde de la balance commerciale a enregistr\u00e9 un d\u00e9ficit de 10,6 mds de dollars en 2020, contre un d\u00e9ficit de 6,1 mds de dollars en 2019, soit une hausse de 4,5 mds de dollars, selon les chiffres pr\u00e9sent\u00e9s par le ministre.La valeur des r\u00e9serves de changes inscrites a atteint 48,2 mds de dollars, contre 62,8 mds de dollars en 2019, alors que la LFC 2020 pr\u00e9voyait un montant de 43,9 mds de dollars.<\/p>\n\n\n\n<p>M.Kassali a pr\u00e9cis\u00e9 dans sa pr\u00e9sentation que la mise en \u0153uvre du budget de 2020 avait enregistr\u00e9 un solde n\u00e9gatif de 1.739 mds DA contre -1.952 mds DA en 2019, soit une hausse de -213 mds DA.Commentant ces chiffres, M. Kassali a fait savoir que les recettes budg\u00e9taires avaient atteint \u00e0 fin d\u00e9cembre 2020, 5.183 mds DA, soit un taux d&rsquo;ex\u00e9cution de 96% par rapport aux pr\u00e9visions de la loi de finances compl\u00e9mentaire (LFC) de 2020 (5.395 mds da).Les recettes enregistr\u00e9es effectivement en fin d&rsquo;ann\u00e9e sont r\u00e9parties sur des recettes ordinaires (3.788 mds da) et des recettes de fiscalit\u00e9 p\u00e9troli\u00e8re (1.394 mds da).En parall\u00e8le, les d\u00e9penses budg\u00e9taires ont atteint 7.340,15 mds da au titre de l&rsquo;exercice 2020, soit un taux d&rsquo;ex\u00e9cution de 99,56% comparativement aux pr\u00e9visions de la LFC 2020 (7.372,72 mds da).Ces d\u00e9penses, poursuit le ministre, sont r\u00e9parties sur les d\u00e9penses de fonctionnement avec 4.727,4 mds da et les d\u00e9penses d&rsquo;\u00e9quipement (2.612,7 mds da), ajoutant que l&rsquo;\u00e9laboration du budget s&rsquo;\u00e9tait bas\u00e9e sur le control des d\u00e9penses publiques dans le cadre de la durabilit\u00e9 budg\u00e9taire \u00e0 moyen terme.\u00a0\u00bbS&rsquo;agissant de la cons\u00e9cration des ressources, le principe de pr\u00e9servation de la dynamique du d\u00e9veloppement social et \u00e9conomique a \u00e9t\u00e9 respect\u00e9 \u00e0 travers la finalisation des infrastructures et des programmes lanc\u00e9s, eu \u00e9gard \u00e0 leur impact sur la croissance \u00e9conomique, l&#8217;emploi et la justice sociale\u00a0\u00bb, a-t-il dit.<\/p>\n\n\n\n<p><strong>Chokri Hafed<\/strong><\/p>\n","protected":false},"excerpt":{"rendered":"<p>Le projet de loi de r\u00e8glement budg\u00e9taire 2020, texte qui refl\u00e8te l\u2019ex\u00e9cution du budget dans l\u2019\u00c9tat dans un contexte marqu\u00e9<\/p>\n","protected":false},"author":3,"featured_media":33978,"comment_status":"open","ping_status":"closed","sticky":false,"template":"","format":"standard","meta":{"colormag_page_container_layout":"default_layout","colormag_page_sidebar_layout":"default_layout","om_disable_all_campaigns":false,"_monsterinsights_skip_tracking":false,"_monsterinsights_sitenote_active":false,"_monsterinsights_sitenote_note":"","_monsterinsights_sitenote_category":0,"footnotes":"","_wpscppro_dont_share_socialmedia":false,"_wpscppro_custom_social_share_image":0,"_facebook_share_type":"","_twitter_share_type":"","_linkedin_share_type":"","_pinterest_share_type":"","_linkedin_share_type_page":"","_instagram_share_type":"","_medium_share_type":"","_threads_share_type":"","_google_business_share_type":"","_selected_social_profile":[],"_wpsp_enable_custom_social_template":false,"_wpsp_social_scheduling":{"enabled":false,"datetime":null,"platforms":[],"status":"template_only","dateOption":"today","timeOption":"now","customDays":"","customHours":"","customDate":"","customTime":"","schedulingType":"absolute"},"_wpsp_active_default_template":true},"categories":[27],"tags":[],"class_list":["post-33970","post","type-post","status-publish","format-standard","has-post-thumbnail","hentry","category-actualite"],"aioseo_notices":[],"yoast_head":"<!-- This site is optimized with the Yoast SEO plugin v27.5 - https:\/\/yoast.com\/product\/yoast-seo-wordpress\/ -->\n<title>Le projet de loi portant r\u00e8glement budg\u00e9taire 2020 atterri \u00e0 l\u2019APN\u00a0: De la r\u00e9silience dans un contexte de pand\u00e9mie - La Sentinelle<\/title>\n<meta name=\"robots\" content=\"index, follow, max-snippet:-1, max-image-preview:large, max-video-preview:-1\" \/>\n<link rel=\"canonical\" href=\"https:\/\/lasentinelle.dz\/index.php\/2023\/01\/09\/le-projet-de-loi-portant-reglement-budgetaire-2020-atterri-a-lapn-de-la-resilience-dans-un-contexte-de-pandemie\/\" \/>\n<meta property=\"og:locale\" content=\"fr_FR\" \/>\n<meta property=\"og:type\" content=\"article\" \/>\n<meta property=\"og:title\" content=\"Le projet de loi portant r\u00e8glement budg\u00e9taire 2020 atterri \u00e0 l\u2019APN\u00a0: De la r\u00e9silience dans un contexte de pand\u00e9mie - La Sentinelle\" \/>\n<meta property=\"og:description\" content=\"Le projet de loi de r\u00e8glement budg\u00e9taire 2020, texte qui refl\u00e8te l\u2019ex\u00e9cution du budget dans l\u2019\u00c9tat dans un contexte marqu\u00e9\" \/>\n<meta property=\"og:url\" content=\"https:\/\/lasentinelle.dz\/index.php\/2023\/01\/09\/le-projet-de-loi-portant-reglement-budgetaire-2020-atterri-a-lapn-de-la-resilience-dans-un-contexte-de-pandemie\/\" \/>\n<meta property=\"og:site_name\" content=\"La Sentinelle\" \/>\n<meta property=\"article:publisher\" content=\"https:\/\/www.facebook.com\/La-Sentinelle-104059864394773\" \/>\n<meta property=\"article:published_time\" content=\"2023-01-09T21:05:00+00:00\" \/>\n<meta property=\"og:image\" content=\"https:\/\/lasentinelle.dz\/wp-content\/uploads\/2023\/01\/image_2023-01-09_205408965.png\" \/>\n\t<meta property=\"og:image:width\" content=\"850\" \/>\n\t<meta property=\"og:image:height\" content=\"480\" \/>\n\t<meta property=\"og:image:type\" content=\"image\/png\" \/>\n<meta name=\"author\" content=\"La Sentinelle\" \/>\n<meta name=\"twitter:card\" content=\"summary_large_image\" \/>\n<meta name=\"twitter:label1\" content=\"\u00c9crit par\" \/>\n\t<meta name=\"twitter:data1\" content=\"La Sentinelle\" \/>\n\t<meta name=\"twitter:label2\" content=\"Dur\u00e9e de lecture estim\u00e9e\" \/>\n\t<meta name=\"twitter:data2\" content=\"4 minutes\" \/>\n<script type=\"application\/ld+json\" class=\"yoast-schema-graph\">{\"@context\":\"https:\\\/\\\/schema.org\",\"@graph\":[{\"@type\":\"Article\",\"@id\":\"https:\\\/\\\/lasentinelle.dz\\\/index.php\\\/2023\\\/01\\\/09\\\/le-projet-de-loi-portant-reglement-budgetaire-2020-atterri-a-lapn-de-la-resilience-dans-un-contexte-de-pandemie\\\/#article\",\"isPartOf\":{\"@id\":\"https:\\\/\\\/lasentinelle.dz\\\/index.php\\\/2023\\\/01\\\/09\\\/le-projet-de-loi-portant-reglement-budgetaire-2020-atterri-a-lapn-de-la-resilience-dans-un-contexte-de-pandemie\\\/\"},\"author\":{\"name\":\"La Sentinelle\",\"@id\":\"https:\\\/\\\/lasentinelle.dz\\\/#\\\/schema\\\/person\\\/d865044e22e70a75174ce8bcad3acfb3\"},\"headline\":\"Le projet de loi portant r\u00e8glement budg\u00e9taire 2020 atterri \u00e0 l\u2019APN\u00a0: De la r\u00e9silience dans un contexte de pand\u00e9mie\",\"datePublished\":\"2023-01-09T21:05:00+00:00\",\"mainEntityOfPage\":{\"@id\":\"https:\\\/\\\/lasentinelle.dz\\\/index.php\\\/2023\\\/01\\\/09\\\/le-projet-de-loi-portant-reglement-budgetaire-2020-atterri-a-lapn-de-la-resilience-dans-un-contexte-de-pandemie\\\/\"},\"wordCount\":837,\"commentCount\":0,\"publisher\":{\"@id\":\"https:\\\/\\\/lasentinelle.dz\\\/#organization\"},\"image\":{\"@id\":\"https:\\\/\\\/lasentinelle.dz\\\/index.php\\\/2023\\\/01\\\/09\\\/le-projet-de-loi-portant-reglement-budgetaire-2020-atterri-a-lapn-de-la-resilience-dans-un-contexte-de-pandemie\\\/#primaryimage\"},\"thumbnailUrl\":\"https:\\\/\\\/lasentinelle.dz\\\/wp-content\\\/uploads\\\/2023\\\/01\\\/image_2023-01-09_205408965.png\",\"articleSection\":[\"Actualit\u00e9\"],\"inLanguage\":\"fr-FR\",\"potentialAction\":[{\"@type\":\"CommentAction\",\"name\":\"Comment\",\"target\":[\"https:\\\/\\\/lasentinelle.dz\\\/index.php\\\/2023\\\/01\\\/09\\\/le-projet-de-loi-portant-reglement-budgetaire-2020-atterri-a-lapn-de-la-resilience-dans-un-contexte-de-pandemie\\\/#respond\"]}]},{\"@type\":\"WebPage\",\"@id\":\"https:\\\/\\\/lasentinelle.dz\\\/index.php\\\/2023\\\/01\\\/09\\\/le-projet-de-loi-portant-reglement-budgetaire-2020-atterri-a-lapn-de-la-resilience-dans-un-contexte-de-pandemie\\\/\",\"url\":\"https:\\\/\\\/lasentinelle.dz\\\/index.php\\\/2023\\\/01\\\/09\\\/le-projet-de-loi-portant-reglement-budgetaire-2020-atterri-a-lapn-de-la-resilience-dans-un-contexte-de-pandemie\\\/\",\"name\":\"Le projet de loi portant r\u00e8glement budg\u00e9taire 2020 atterri \u00e0 l\u2019APN\u00a0: De la r\u00e9silience dans un contexte de pand\u00e9mie - La Sentinelle\",\"isPartOf\":{\"@id\":\"https:\\\/\\\/lasentinelle.dz\\\/#website\"},\"primaryImageOfPage\":{\"@id\":\"https:\\\/\\\/lasentinelle.dz\\\/index.php\\\/2023\\\/01\\\/09\\\/le-projet-de-loi-portant-reglement-budgetaire-2020-atterri-a-lapn-de-la-resilience-dans-un-contexte-de-pandemie\\\/#primaryimage\"},\"image\":{\"@id\":\"https:\\\/\\\/lasentinelle.dz\\\/index.php\\\/2023\\\/01\\\/09\\\/le-projet-de-loi-portant-reglement-budgetaire-2020-atterri-a-lapn-de-la-resilience-dans-un-contexte-de-pandemie\\\/#primaryimage\"},\"thumbnailUrl\":\"https:\\\/\\\/lasentinelle.dz\\\/wp-content\\\/uploads\\\/2023\\\/01\\\/image_2023-01-09_205408965.png\",\"datePublished\":\"2023-01-09T21:05:00+00:00\",\"breadcrumb\":{\"@id\":\"https:\\\/\\\/lasentinelle.dz\\\/index.php\\\/2023\\\/01\\\/09\\\/le-projet-de-loi-portant-reglement-budgetaire-2020-atterri-a-lapn-de-la-resilience-dans-un-contexte-de-pandemie\\\/#breadcrumb\"},\"inLanguage\":\"fr-FR\",\"potentialAction\":[{\"@type\":\"ReadAction\",\"target\":[\"https:\\\/\\\/lasentinelle.dz\\\/index.php\\\/2023\\\/01\\\/09\\\/le-projet-de-loi-portant-reglement-budgetaire-2020-atterri-a-lapn-de-la-resilience-dans-un-contexte-de-pandemie\\\/\"]}]},{\"@type\":\"ImageObject\",\"inLanguage\":\"fr-FR\",\"@id\":\"https:\\\/\\\/lasentinelle.dz\\\/index.php\\\/2023\\\/01\\\/09\\\/le-projet-de-loi-portant-reglement-budgetaire-2020-atterri-a-lapn-de-la-resilience-dans-un-contexte-de-pandemie\\\/#primaryimage\",\"url\":\"https:\\\/\\\/lasentinelle.dz\\\/wp-content\\\/uploads\\\/2023\\\/01\\\/image_2023-01-09_205408965.png\",\"contentUrl\":\"https:\\\/\\\/lasentinelle.dz\\\/wp-content\\\/uploads\\\/2023\\\/01\\\/image_2023-01-09_205408965.png\",\"width\":850,\"height\":480},{\"@type\":\"BreadcrumbList\",\"@id\":\"https:\\\/\\\/lasentinelle.dz\\\/index.php\\\/2023\\\/01\\\/09\\\/le-projet-de-loi-portant-reglement-budgetaire-2020-atterri-a-lapn-de-la-resilience-dans-un-contexte-de-pandemie\\\/#breadcrumb\",\"itemListElement\":[{\"@type\":\"ListItem\",\"position\":1,\"name\":\"Accueil\",\"item\":\"https:\\\/\\\/lasentinelle.dz\\\/\"},{\"@type\":\"ListItem\",\"position\":2,\"name\":\"Le projet de loi portant r\u00e8glement budg\u00e9taire 2020 atterri \u00e0 l\u2019APN\u00a0: De la r\u00e9silience dans un contexte de pand\u00e9mie\"}]},{\"@type\":\"WebSite\",\"@id\":\"https:\\\/\\\/lasentinelle.dz\\\/#website\",\"url\":\"https:\\\/\\\/lasentinelle.dz\\\/\",\"name\":\"La Sentinelle\",\"description\":\"Quotidien national d&#039;information\",\"publisher\":{\"@id\":\"https:\\\/\\\/lasentinelle.dz\\\/#organization\"},\"potentialAction\":[{\"@type\":\"SearchAction\",\"target\":{\"@type\":\"EntryPoint\",\"urlTemplate\":\"https:\\\/\\\/lasentinelle.dz\\\/?s={search_term_string}\"},\"query-input\":{\"@type\":\"PropertyValueSpecification\",\"valueRequired\":true,\"valueName\":\"search_term_string\"}}],\"inLanguage\":\"fr-FR\"},{\"@type\":\"Organization\",\"@id\":\"https:\\\/\\\/lasentinelle.dz\\\/#organization\",\"name\":\"Quotidien La Sentinelle\",\"url\":\"https:\\\/\\\/lasentinelle.dz\\\/\",\"logo\":{\"@type\":\"ImageObject\",\"inLanguage\":\"fr-FR\",\"@id\":\"https:\\\/\\\/lasentinelle.dz\\\/#\\\/schema\\\/logo\\\/image\\\/\",\"url\":\"https:\\\/\\\/lasentinelle.dz\\\/wp-content\\\/uploads\\\/2021\\\/09\\\/logo-sentinelleSLOGAN-1.png\",\"contentUrl\":\"https:\\\/\\\/lasentinelle.dz\\\/wp-content\\\/uploads\\\/2021\\\/09\\\/logo-sentinelleSLOGAN-1.png\",\"width\":615,\"height\":142,\"caption\":\"Quotidien La Sentinelle\"},\"image\":{\"@id\":\"https:\\\/\\\/lasentinelle.dz\\\/#\\\/schema\\\/logo\\\/image\\\/\"},\"sameAs\":[\"https:\\\/\\\/www.facebook.com\\\/La-Sentinelle-104059864394773\"]},{\"@type\":\"Person\",\"@id\":\"https:\\\/\\\/lasentinelle.dz\\\/#\\\/schema\\\/person\\\/d865044e22e70a75174ce8bcad3acfb3\",\"name\":\"La Sentinelle\",\"image\":{\"@type\":\"ImageObject\",\"inLanguage\":\"fr-FR\",\"@id\":\"https:\\\/\\\/secure.gravatar.com\\\/avatar\\\/57de8e5d4b15d43fb361a71fbb36338450fe67865b528a43dd10ef7c51a20392?s=96&d=mm&r=g\",\"url\":\"https:\\\/\\\/secure.gravatar.com\\\/avatar\\\/57de8e5d4b15d43fb361a71fbb36338450fe67865b528a43dd10ef7c51a20392?s=96&d=mm&r=g\",\"contentUrl\":\"https:\\\/\\\/secure.gravatar.com\\\/avatar\\\/57de8e5d4b15d43fb361a71fbb36338450fe67865b528a43dd10ef7c51a20392?s=96&d=mm&r=g\",\"caption\":\"La Sentinelle\"},\"sameAs\":[\"http:\\\/\\\/www.lasentinelle.dz\"],\"url\":\"https:\\\/\\\/lasentinelle.dz\\\/author\\\/redaction\\\/\"}]}<\/script>\n<!-- \/ Yoast SEO plugin. -->","yoast_head_json":{"title":"Le projet de loi portant r\u00e8glement budg\u00e9taire 2020 atterri \u00e0 l\u2019APN\u00a0: De la r\u00e9silience dans un contexte de pand\u00e9mie - La Sentinelle","robots":{"index":"index","follow":"follow","max-snippet":"max-snippet:-1","max-image-preview":"max-image-preview:large","max-video-preview":"max-video-preview:-1"},"canonical":"https:\/\/lasentinelle.dz\/index.php\/2023\/01\/09\/le-projet-de-loi-portant-reglement-budgetaire-2020-atterri-a-lapn-de-la-resilience-dans-un-contexte-de-pandemie\/","og_locale":"fr_FR","og_type":"article","og_title":"Le projet de loi portant r\u00e8glement budg\u00e9taire 2020 atterri \u00e0 l\u2019APN\u00a0: De la r\u00e9silience dans un contexte de pand\u00e9mie - La Sentinelle","og_description":"Le projet de loi de r\u00e8glement budg\u00e9taire 2020, texte qui refl\u00e8te l\u2019ex\u00e9cution du budget dans l\u2019\u00c9tat dans un contexte marqu\u00e9","og_url":"https:\/\/lasentinelle.dz\/index.php\/2023\/01\/09\/le-projet-de-loi-portant-reglement-budgetaire-2020-atterri-a-lapn-de-la-resilience-dans-un-contexte-de-pandemie\/","og_site_name":"La Sentinelle","article_publisher":"https:\/\/www.facebook.com\/La-Sentinelle-104059864394773","article_published_time":"2023-01-09T21:05:00+00:00","og_image":[{"width":850,"height":480,"url":"https:\/\/lasentinelle.dz\/wp-content\/uploads\/2023\/01\/image_2023-01-09_205408965.png","type":"image\/png"}],"author":"La Sentinelle","twitter_card":"summary_large_image","twitter_misc":{"\u00c9crit par":"La Sentinelle","Dur\u00e9e de lecture estim\u00e9e":"4 minutes"},"schema":{"@context":"https:\/\/schema.org","@graph":[{"@type":"Article","@id":"https:\/\/lasentinelle.dz\/index.php\/2023\/01\/09\/le-projet-de-loi-portant-reglement-budgetaire-2020-atterri-a-lapn-de-la-resilience-dans-un-contexte-de-pandemie\/#article","isPartOf":{"@id":"https:\/\/lasentinelle.dz\/index.php\/2023\/01\/09\/le-projet-de-loi-portant-reglement-budgetaire-2020-atterri-a-lapn-de-la-resilience-dans-un-contexte-de-pandemie\/"},"author":{"name":"La Sentinelle","@id":"https:\/\/lasentinelle.dz\/#\/schema\/person\/d865044e22e70a75174ce8bcad3acfb3"},"headline":"Le projet de loi portant r\u00e8glement budg\u00e9taire 2020 atterri \u00e0 l\u2019APN\u00a0: De la r\u00e9silience dans un contexte de pand\u00e9mie","datePublished":"2023-01-09T21:05:00+00:00","mainEntityOfPage":{"@id":"https:\/\/lasentinelle.dz\/index.php\/2023\/01\/09\/le-projet-de-loi-portant-reglement-budgetaire-2020-atterri-a-lapn-de-la-resilience-dans-un-contexte-de-pandemie\/"},"wordCount":837,"commentCount":0,"publisher":{"@id":"https:\/\/lasentinelle.dz\/#organization"},"image":{"@id":"https:\/\/lasentinelle.dz\/index.php\/2023\/01\/09\/le-projet-de-loi-portant-reglement-budgetaire-2020-atterri-a-lapn-de-la-resilience-dans-un-contexte-de-pandemie\/#primaryimage"},"thumbnailUrl":"https:\/\/lasentinelle.dz\/wp-content\/uploads\/2023\/01\/image_2023-01-09_205408965.png","articleSection":["Actualit\u00e9"],"inLanguage":"fr-FR","potentialAction":[{"@type":"CommentAction","name":"Comment","target":["https:\/\/lasentinelle.dz\/index.php\/2023\/01\/09\/le-projet-de-loi-portant-reglement-budgetaire-2020-atterri-a-lapn-de-la-resilience-dans-un-contexte-de-pandemie\/#respond"]}]},{"@type":"WebPage","@id":"https:\/\/lasentinelle.dz\/index.php\/2023\/01\/09\/le-projet-de-loi-portant-reglement-budgetaire-2020-atterri-a-lapn-de-la-resilience-dans-un-contexte-de-pandemie\/","url":"https:\/\/lasentinelle.dz\/index.php\/2023\/01\/09\/le-projet-de-loi-portant-reglement-budgetaire-2020-atterri-a-lapn-de-la-resilience-dans-un-contexte-de-pandemie\/","name":"Le projet de loi portant r\u00e8glement budg\u00e9taire 2020 atterri \u00e0 l\u2019APN\u00a0: De la r\u00e9silience dans un contexte de pand\u00e9mie - La Sentinelle","isPartOf":{"@id":"https:\/\/lasentinelle.dz\/#website"},"primaryImageOfPage":{"@id":"https:\/\/lasentinelle.dz\/index.php\/2023\/01\/09\/le-projet-de-loi-portant-reglement-budgetaire-2020-atterri-a-lapn-de-la-resilience-dans-un-contexte-de-pandemie\/#primaryimage"},"image":{"@id":"https:\/\/lasentinelle.dz\/index.php\/2023\/01\/09\/le-projet-de-loi-portant-reglement-budgetaire-2020-atterri-a-lapn-de-la-resilience-dans-un-contexte-de-pandemie\/#primaryimage"},"thumbnailUrl":"https:\/\/lasentinelle.dz\/wp-content\/uploads\/2023\/01\/image_2023-01-09_205408965.png","datePublished":"2023-01-09T21:05:00+00:00","breadcrumb":{"@id":"https:\/\/lasentinelle.dz\/index.php\/2023\/01\/09\/le-projet-de-loi-portant-reglement-budgetaire-2020-atterri-a-lapn-de-la-resilience-dans-un-contexte-de-pandemie\/#breadcrumb"},"inLanguage":"fr-FR","potentialAction":[{"@type":"ReadAction","target":["https:\/\/lasentinelle.dz\/index.php\/2023\/01\/09\/le-projet-de-loi-portant-reglement-budgetaire-2020-atterri-a-lapn-de-la-resilience-dans-un-contexte-de-pandemie\/"]}]},{"@type":"ImageObject","inLanguage":"fr-FR","@id":"https:\/\/lasentinelle.dz\/index.php\/2023\/01\/09\/le-projet-de-loi-portant-reglement-budgetaire-2020-atterri-a-lapn-de-la-resilience-dans-un-contexte-de-pandemie\/#primaryimage","url":"https:\/\/lasentinelle.dz\/wp-content\/uploads\/2023\/01\/image_2023-01-09_205408965.png","contentUrl":"https:\/\/lasentinelle.dz\/wp-content\/uploads\/2023\/01\/image_2023-01-09_205408965.png","width":850,"height":480},{"@type":"BreadcrumbList","@id":"https:\/\/lasentinelle.dz\/index.php\/2023\/01\/09\/le-projet-de-loi-portant-reglement-budgetaire-2020-atterri-a-lapn-de-la-resilience-dans-un-contexte-de-pandemie\/#breadcrumb","itemListElement":[{"@type":"ListItem","position":1,"name":"Accueil","item":"https:\/\/lasentinelle.dz\/"},{"@type":"ListItem","position":2,"name":"Le projet de loi portant r\u00e8glement budg\u00e9taire 2020 atterri \u00e0 l\u2019APN\u00a0: De la r\u00e9silience dans un contexte de pand\u00e9mie"}]},{"@type":"WebSite","@id":"https:\/\/lasentinelle.dz\/#website","url":"https:\/\/lasentinelle.dz\/","name":"La Sentinelle","description":"Quotidien national d&#039;information","publisher":{"@id":"https:\/\/lasentinelle.dz\/#organization"},"potentialAction":[{"@type":"SearchAction","target":{"@type":"EntryPoint","urlTemplate":"https:\/\/lasentinelle.dz\/?s={search_term_string}"},"query-input":{"@type":"PropertyValueSpecification","valueRequired":true,"valueName":"search_term_string"}}],"inLanguage":"fr-FR"},{"@type":"Organization","@id":"https:\/\/lasentinelle.dz\/#organization","name":"Quotidien La Sentinelle","url":"https:\/\/lasentinelle.dz\/","logo":{"@type":"ImageObject","inLanguage":"fr-FR","@id":"https:\/\/lasentinelle.dz\/#\/schema\/logo\/image\/","url":"https:\/\/lasentinelle.dz\/wp-content\/uploads\/2021\/09\/logo-sentinelleSLOGAN-1.png","contentUrl":"https:\/\/lasentinelle.dz\/wp-content\/uploads\/2021\/09\/logo-sentinelleSLOGAN-1.png","width":615,"height":142,"caption":"Quotidien La Sentinelle"},"image":{"@id":"https:\/\/lasentinelle.dz\/#\/schema\/logo\/image\/"},"sameAs":["https:\/\/www.facebook.com\/La-Sentinelle-104059864394773"]},{"@type":"Person","@id":"https:\/\/lasentinelle.dz\/#\/schema\/person\/d865044e22e70a75174ce8bcad3acfb3","name":"La Sentinelle","image":{"@type":"ImageObject","inLanguage":"fr-FR","@id":"https:\/\/secure.gravatar.com\/avatar\/57de8e5d4b15d43fb361a71fbb36338450fe67865b528a43dd10ef7c51a20392?s=96&d=mm&r=g","url":"https:\/\/secure.gravatar.com\/avatar\/57de8e5d4b15d43fb361a71fbb36338450fe67865b528a43dd10ef7c51a20392?s=96&d=mm&r=g","contentUrl":"https:\/\/secure.gravatar.com\/avatar\/57de8e5d4b15d43fb361a71fbb36338450fe67865b528a43dd10ef7c51a20392?s=96&d=mm&r=g","caption":"La Sentinelle"},"sameAs":["http:\/\/www.lasentinelle.dz"],"url":"https:\/\/lasentinelle.dz\/author\/redaction\/"}]}},"_links":{"self":[{"href":"https:\/\/lasentinelle.dz\/index.php\/wp-json\/wp\/v2\/posts\/33970","targetHints":{"allow":["GET"]}}],"collection":[{"href":"https:\/\/lasentinelle.dz\/index.php\/wp-json\/wp\/v2\/posts"}],"about":[{"href":"https:\/\/lasentinelle.dz\/index.php\/wp-json\/wp\/v2\/types\/post"}],"author":[{"embeddable":true,"href":"https:\/\/lasentinelle.dz\/index.php\/wp-json\/wp\/v2\/users\/3"}],"replies":[{"embeddable":true,"href":"https:\/\/lasentinelle.dz\/index.php\/wp-json\/wp\/v2\/comments?post=33970"}],"version-history":[{"count":1,"href":"https:\/\/lasentinelle.dz\/index.php\/wp-json\/wp\/v2\/posts\/33970\/revisions"}],"predecessor-version":[{"id":33979,"href":"https:\/\/lasentinelle.dz\/index.php\/wp-json\/wp\/v2\/posts\/33970\/revisions\/33979"}],"wp:featuredmedia":[{"embeddable":true,"href":"https:\/\/lasentinelle.dz\/index.php\/wp-json\/wp\/v2\/media\/33978"}],"wp:attachment":[{"href":"https:\/\/lasentinelle.dz\/index.php\/wp-json\/wp\/v2\/media?parent=33970"}],"wp:term":[{"taxonomy":"category","embeddable":true,"href":"https:\/\/lasentinelle.dz\/index.php\/wp-json\/wp\/v2\/categories?post=33970"},{"taxonomy":"post_tag","embeddable":true,"href":"https:\/\/lasentinelle.dz\/index.php\/wp-json\/wp\/v2\/tags?post=33970"}],"curies":[{"name":"wp","href":"https:\/\/api.w.org\/{rel}","templated":true}]}}