{"id":33974,"date":"2023-01-09T22:05:00","date_gmt":"2023-01-09T21:05:00","guid":{"rendered":"https:\/\/lasentinelle.dz\/?p=33974"},"modified":"2023-01-09T20:53:23","modified_gmt":"2023-01-09T19:53:23","slug":"projet-de-loi-relatif-a-la-prevention-et-a-la-lutte-contre-le-blanchiment-dargent-et-le-financement-du-terrorisme-tabi-lobjectif-nest-pas-dexercer-des","status":"publish","type":"post","link":"https:\/\/lasentinelle.dz\/index.php\/2023\/01\/09\/projet-de-loi-relatif-a-la-prevention-et-a-la-lutte-contre-le-blanchiment-dargent-et-le-financement-du-terrorisme-tabi-lobjectif-nest-pas-dexercer-des\/","title":{"rendered":"Projet de loi relatif \u00e0 la pr\u00e9vention et \u00e0 la lutte contre le blanchiment d&rsquo;argent et le financement du terrorisme \/ Tabi\u00a0: \u00ab\u00a0L\u2019objectif n\u2019est pas d\u2019exercer des pressions sur les associations\u00a0\u00bb"},"content":{"rendered":"\n<p>Les contr\u00f4les instaur\u00e9s, dans le cadre Projet de loi relatif \u00e0 la pr\u00e9vention et \u00e0 la lutte contre le blanchiment d&rsquo;argent et le financement du terrorisme, sur le financement des associations suscite le d\u00e9bat. C\u2019est dans ce contexte le ministre de la Justice et Garde des Sceaux, Abderrachid Tabi a tenu \u00e0 faire une mise au point \u00e0 ce propos. Le ministre qui a pr\u00e9sent\u00e9 le texte hier au Conseil de la Nation apr\u00e8s son adoption \u00e0 l\u2019Assembl\u00e9e populaire nationale, a indiqu\u00e9 que les nouvelles r\u00e8gles ont pour objectif de renforcer la protection de l\u2019\u00e9conomie nationale. Il a mis en avant le caract\u00e8re pr\u00e9ventif du projet de loi notamment en ce qui concerne l&rsquo;activit\u00e9 des associations caritatives, soulignant que l&rsquo;objectif n&rsquo;\u00e9tait pas d&rsquo;exercer une pression sur ces derni\u00e8res.\u00a0\u00bbL&rsquo;Alg\u00e9rie doit adh\u00e9rer \u00e0 cette d\u00e9marche mondiale de lutte contre les crimes de blanchiment d&rsquo;argent et de financement du terrorisme en s&rsquo;engageant \u00e0 recourir aux m\u00e9canismes et mesures pr\u00e9vus par ce projet de loi\u00a0\u00bb notamment les 40 recommandations onusiennes dont nos institutions sont tenues de respecter, a-t-il insist\u00e9.Le projet de loi relatif \u00e0 la pr\u00e9vention et \u00e0 la lutte contre le blanchiment d&rsquo;argent et le financement du terrorisme \u00ab\u00a0s&rsquo;inscrit dans le cadre de l&rsquo;adaptation de la l\u00e9gislation nationale aux \u00e9volutions internationales et la mise en conformit\u00e9 du syst\u00e8me juridique avec les trait\u00e9s et conventions ratifi\u00e9s par l&rsquo;Alg\u00e9rie\u00a0\u00bb, a pr\u00e9cis\u00e9 M. Tabi.Ce projet vient \u00ab\u00a0compl\u00e9ter les dispositions pr\u00e9vues dans le projet de loi modifiant et compl\u00e9tant le code p\u00e9nal, soumis pour examen au Secr\u00e9tariat g\u00e9n\u00e9ral du gouvernement, lequel qualifie le financement de la prolif\u00e9ration des armes de destruction massive d&rsquo;acte terroriste et en fixe les peines encourues\u00a0\u00bb, a soulign\u00e9 M. Tabi. Ce projet de loi se d\u00e9cline en 5 principaux axes dont certains portent sur la r\u00e9vision de certains termes pour \u00ab\u00a0plus de pr\u00e9cision\u00a0\u00bb et la d\u00e9finition des obligations des intervenants dans l&rsquo;op\u00e9ration de pr\u00e9vention et de lutte contre le blanchiment d&rsquo;argent, le financement du terrorisme et la prolif\u00e9ration des armes de destruction massive, a-t-il soulign\u00e9.Le projet pr\u00e9voit \u00e9galement \u00ab\u00a0des sanctions administratives inflig\u00e9es aux entreprises financi\u00e8res, aux institutions et aux professions non financi\u00e8res, telles que les avocats, les notaires, les commissaires-priseurs, les g\u00e9rants ou leurs assistants en cas de manquement aux obligations qui leur sont assign\u00e9es, et les oblige \u00e0 signaler \u00e0 l&rsquo;organe sp\u00e9cialis\u00e9 toute op\u00e9ration suspecte\u00a0\u00bb.<\/p>\n\n\n\n<p><strong>R.N.<\/strong><\/p>\n","protected":false},"excerpt":{"rendered":"<p>Les contr\u00f4les instaur\u00e9s, dans le cadre Projet de loi relatif \u00e0 la pr\u00e9vention et \u00e0 la lutte contre le blanchiment<\/p>\n","protected":false},"author":3,"featured_media":17983,"comment_status":"open","ping_status":"closed","sticky":false,"template":"","format":"standard","meta":{"colormag_page_container_layout":"default_layout","colormag_page_sidebar_layout":"default_layout","om_disable_all_campaigns":false,"_monsterinsights_skip_tracking":false,"_monsterinsights_sitenote_active":false,"_monsterinsights_sitenote_note":"","_monsterinsights_sitenote_category":0,"footnotes":"","_wpscppro_dont_share_socialmedia":false,"_wpscppro_custom_social_share_image":0,"_facebook_share_type":"","_twitter_share_type":"","_linkedin_share_type":"","_pinterest_share_type":"","_linkedin_share_type_page":"","_instagram_share_type":"","_medium_share_type":"","_threads_share_type":"","_google_business_share_type":"","_selected_social_profile":[],"_wpsp_enable_custom_social_template":false,"_wpsp_social_scheduling":{"enabled":false,"datetime":null,"platforms":[],"status":"template_only","dateOption":"today","timeOption":"now","customDays":"","customHours":"","customDate":"","customTime":"","schedulingType":"absolute"},"_wpsp_active_default_template":true},"categories":[27],"tags":[],"class_list":["post-33974","post","type-post","status-publish","format-standard","has-post-thumbnail","hentry","category-actualite"],"aioseo_notices":[],"yoast_head":"<!-- This site is optimized with the Yoast SEO plugin v27.5 - https:\/\/yoast.com\/product\/yoast-seo-wordpress\/ -->\n<title>Projet de loi relatif \u00e0 la pr\u00e9vention et \u00e0 la lutte contre le blanchiment d&rsquo;argent et le financement du terrorisme \/ Tabi\u00a0: \u00ab\u00a0L\u2019objectif n\u2019est pas d\u2019exercer des pressions sur les associations\u00a0\u00bb - La Sentinelle<\/title>\n<meta name=\"robots\" content=\"index, follow, max-snippet:-1, max-image-preview:large, max-video-preview:-1\" \/>\n<link rel=\"canonical\" href=\"https:\/\/lasentinelle.dz\/index.php\/2023\/01\/09\/projet-de-loi-relatif-a-la-prevention-et-a-la-lutte-contre-le-blanchiment-dargent-et-le-financement-du-terrorisme-tabi-lobjectif-nest-pas-dexercer-des\/\" \/>\n<meta property=\"og:locale\" content=\"fr_FR\" \/>\n<meta property=\"og:type\" content=\"article\" \/>\n<meta property=\"og:title\" content=\"Projet de loi relatif \u00e0 la pr\u00e9vention et \u00e0 la lutte contre le blanchiment d&rsquo;argent et le financement du terrorisme \/ Tabi\u00a0: \u00ab\u00a0L\u2019objectif n\u2019est pas d\u2019exercer des pressions sur les associations\u00a0\u00bb - La Sentinelle\" \/>\n<meta property=\"og:description\" content=\"Les contr\u00f4les instaur\u00e9s, dans le cadre Projet de loi relatif \u00e0 la pr\u00e9vention et \u00e0 la lutte contre le blanchiment\" \/>\n<meta property=\"og:url\" content=\"https:\/\/lasentinelle.dz\/index.php\/2023\/01\/09\/projet-de-loi-relatif-a-la-prevention-et-a-la-lutte-contre-le-blanchiment-dargent-et-le-financement-du-terrorisme-tabi-lobjectif-nest-pas-dexercer-des\/\" \/>\n<meta property=\"og:site_name\" content=\"La Sentinelle\" \/>\n<meta property=\"article:publisher\" content=\"https:\/\/www.facebook.com\/La-Sentinelle-104059864394773\" \/>\n<meta property=\"article:published_time\" content=\"2023-01-09T21:05:00+00:00\" \/>\n<meta property=\"og:image\" content=\"https:\/\/lasentinelle.dz\/wp-content\/uploads\/2022\/03\/Tabi.png\" \/>\n\t<meta property=\"og:image:width\" content=\"1494\" \/>\n\t<meta property=\"og:image:height\" content=\"900\" \/>\n\t<meta property=\"og:image:type\" content=\"image\/png\" \/>\n<meta name=\"author\" content=\"La Sentinelle\" \/>\n<meta name=\"twitter:card\" content=\"summary_large_image\" \/>\n<meta name=\"twitter:label1\" content=\"\u00c9crit par\" \/>\n\t<meta name=\"twitter:data1\" content=\"La Sentinelle\" \/>\n\t<meta name=\"twitter:label2\" content=\"Dur\u00e9e de lecture estim\u00e9e\" \/>\n\t<meta name=\"twitter:data2\" content=\"2 minutes\" \/>\n<script type=\"application\/ld+json\" class=\"yoast-schema-graph\">{\"@context\":\"https:\\\/\\\/schema.org\",\"@graph\":[{\"@type\":\"Article\",\"@id\":\"https:\\\/\\\/lasentinelle.dz\\\/index.php\\\/2023\\\/01\\\/09\\\/projet-de-loi-relatif-a-la-prevention-et-a-la-lutte-contre-le-blanchiment-dargent-et-le-financement-du-terrorisme-tabi-lobjectif-nest-pas-dexercer-des\\\/#article\",\"isPartOf\":{\"@id\":\"https:\\\/\\\/lasentinelle.dz\\\/index.php\\\/2023\\\/01\\\/09\\\/projet-de-loi-relatif-a-la-prevention-et-a-la-lutte-contre-le-blanchiment-dargent-et-le-financement-du-terrorisme-tabi-lobjectif-nest-pas-dexercer-des\\\/\"},\"author\":{\"name\":\"La Sentinelle\",\"@id\":\"https:\\\/\\\/lasentinelle.dz\\\/#\\\/schema\\\/person\\\/d865044e22e70a75174ce8bcad3acfb3\"},\"headline\":\"Projet de loi relatif \u00e0 la pr\u00e9vention et \u00e0 la lutte contre le blanchiment d&rsquo;argent et le financement du terrorisme \\\/ Tabi\u00a0: \u00ab\u00a0L\u2019objectif n\u2019est pas d\u2019exercer des pressions sur les associations\u00a0\u00bb\",\"datePublished\":\"2023-01-09T21:05:00+00:00\",\"mainEntityOfPage\":{\"@id\":\"https:\\\/\\\/lasentinelle.dz\\\/index.php\\\/2023\\\/01\\\/09\\\/projet-de-loi-relatif-a-la-prevention-et-a-la-lutte-contre-le-blanchiment-dargent-et-le-financement-du-terrorisme-tabi-lobjectif-nest-pas-dexercer-des\\\/\"},\"wordCount\":475,\"commentCount\":0,\"publisher\":{\"@id\":\"https:\\\/\\\/lasentinelle.dz\\\/#organization\"},\"image\":{\"@id\":\"https:\\\/\\\/lasentinelle.dz\\\/index.php\\\/2023\\\/01\\\/09\\\/projet-de-loi-relatif-a-la-prevention-et-a-la-lutte-contre-le-blanchiment-dargent-et-le-financement-du-terrorisme-tabi-lobjectif-nest-pas-dexercer-des\\\/#primaryimage\"},\"thumbnailUrl\":\"https:\\\/\\\/lasentinelle.dz\\\/wp-content\\\/uploads\\\/2022\\\/03\\\/Tabi.png\",\"articleSection\":[\"Actualit\u00e9\"],\"inLanguage\":\"fr-FR\",\"potentialAction\":[{\"@type\":\"CommentAction\",\"name\":\"Comment\",\"target\":[\"https:\\\/\\\/lasentinelle.dz\\\/index.php\\\/2023\\\/01\\\/09\\\/projet-de-loi-relatif-a-la-prevention-et-a-la-lutte-contre-le-blanchiment-dargent-et-le-financement-du-terrorisme-tabi-lobjectif-nest-pas-dexercer-des\\\/#respond\"]}]},{\"@type\":\"WebPage\",\"@id\":\"https:\\\/\\\/lasentinelle.dz\\\/index.php\\\/2023\\\/01\\\/09\\\/projet-de-loi-relatif-a-la-prevention-et-a-la-lutte-contre-le-blanchiment-dargent-et-le-financement-du-terrorisme-tabi-lobjectif-nest-pas-dexercer-des\\\/\",\"url\":\"https:\\\/\\\/lasentinelle.dz\\\/index.php\\\/2023\\\/01\\\/09\\\/projet-de-loi-relatif-a-la-prevention-et-a-la-lutte-contre-le-blanchiment-dargent-et-le-financement-du-terrorisme-tabi-lobjectif-nest-pas-dexercer-des\\\/\",\"name\":\"Projet de loi relatif \u00e0 la pr\u00e9vention et \u00e0 la lutte contre le blanchiment d&rsquo;argent et le financement du terrorisme \\\/ Tabi\u00a0: \u00ab\u00a0L\u2019objectif n\u2019est pas d\u2019exercer des pressions sur les associations\u00a0\u00bb - La Sentinelle\",\"isPartOf\":{\"@id\":\"https:\\\/\\\/lasentinelle.dz\\\/#website\"},\"primaryImageOfPage\":{\"@id\":\"https:\\\/\\\/lasentinelle.dz\\\/index.php\\\/2023\\\/01\\\/09\\\/projet-de-loi-relatif-a-la-prevention-et-a-la-lutte-contre-le-blanchiment-dargent-et-le-financement-du-terrorisme-tabi-lobjectif-nest-pas-dexercer-des\\\/#primaryimage\"},\"image\":{\"@id\":\"https:\\\/\\\/lasentinelle.dz\\\/index.php\\\/2023\\\/01\\\/09\\\/projet-de-loi-relatif-a-la-prevention-et-a-la-lutte-contre-le-blanchiment-dargent-et-le-financement-du-terrorisme-tabi-lobjectif-nest-pas-dexercer-des\\\/#primaryimage\"},\"thumbnailUrl\":\"https:\\\/\\\/lasentinelle.dz\\\/wp-content\\\/uploads\\\/2022\\\/03\\\/Tabi.png\",\"datePublished\":\"2023-01-09T21:05:00+00:00\",\"breadcrumb\":{\"@id\":\"https:\\\/\\\/lasentinelle.dz\\\/index.php\\\/2023\\\/01\\\/09\\\/projet-de-loi-relatif-a-la-prevention-et-a-la-lutte-contre-le-blanchiment-dargent-et-le-financement-du-terrorisme-tabi-lobjectif-nest-pas-dexercer-des\\\/#breadcrumb\"},\"inLanguage\":\"fr-FR\",\"potentialAction\":[{\"@type\":\"ReadAction\",\"target\":[\"https:\\\/\\\/lasentinelle.dz\\\/index.php\\\/2023\\\/01\\\/09\\\/projet-de-loi-relatif-a-la-prevention-et-a-la-lutte-contre-le-blanchiment-dargent-et-le-financement-du-terrorisme-tabi-lobjectif-nest-pas-dexercer-des\\\/\"]}]},{\"@type\":\"ImageObject\",\"inLanguage\":\"fr-FR\",\"@id\":\"https:\\\/\\\/lasentinelle.dz\\\/index.php\\\/2023\\\/01\\\/09\\\/projet-de-loi-relatif-a-la-prevention-et-a-la-lutte-contre-le-blanchiment-dargent-et-le-financement-du-terrorisme-tabi-lobjectif-nest-pas-dexercer-des\\\/#primaryimage\",\"url\":\"https:\\\/\\\/lasentinelle.dz\\\/wp-content\\\/uploads\\\/2022\\\/03\\\/Tabi.png\",\"contentUrl\":\"https:\\\/\\\/lasentinelle.dz\\\/wp-content\\\/uploads\\\/2022\\\/03\\\/Tabi.png\",\"width\":1494,\"height\":900},{\"@type\":\"BreadcrumbList\",\"@id\":\"https:\\\/\\\/lasentinelle.dz\\\/index.php\\\/2023\\\/01\\\/09\\\/projet-de-loi-relatif-a-la-prevention-et-a-la-lutte-contre-le-blanchiment-dargent-et-le-financement-du-terrorisme-tabi-lobjectif-nest-pas-dexercer-des\\\/#breadcrumb\",\"itemListElement\":[{\"@type\":\"ListItem\",\"position\":1,\"name\":\"Accueil\",\"item\":\"https:\\\/\\\/lasentinelle.dz\\\/\"},{\"@type\":\"ListItem\",\"position\":2,\"name\":\"Projet de loi relatif \u00e0 la pr\u00e9vention et \u00e0 la lutte contre le blanchiment d&rsquo;argent et le financement du terrorisme \\\/ Tabi\u00a0: \u00ab\u00a0L\u2019objectif n\u2019est pas d\u2019exercer des pressions sur les associations\u00a0\u00bb\"}]},{\"@type\":\"WebSite\",\"@id\":\"https:\\\/\\\/lasentinelle.dz\\\/#website\",\"url\":\"https:\\\/\\\/lasentinelle.dz\\\/\",\"name\":\"La Sentinelle\",\"description\":\"Quotidien national d&#039;information\",\"publisher\":{\"@id\":\"https:\\\/\\\/lasentinelle.dz\\\/#organization\"},\"potentialAction\":[{\"@type\":\"SearchAction\",\"target\":{\"@type\":\"EntryPoint\",\"urlTemplate\":\"https:\\\/\\\/lasentinelle.dz\\\/?s={search_term_string}\"},\"query-input\":{\"@type\":\"PropertyValueSpecification\",\"valueRequired\":true,\"valueName\":\"search_term_string\"}}],\"inLanguage\":\"fr-FR\"},{\"@type\":\"Organization\",\"@id\":\"https:\\\/\\\/lasentinelle.dz\\\/#organization\",\"name\":\"Quotidien La Sentinelle\",\"url\":\"https:\\\/\\\/lasentinelle.dz\\\/\",\"logo\":{\"@type\":\"ImageObject\",\"inLanguage\":\"fr-FR\",\"@id\":\"https:\\\/\\\/lasentinelle.dz\\\/#\\\/schema\\\/logo\\\/image\\\/\",\"url\":\"https:\\\/\\\/lasentinelle.dz\\\/wp-content\\\/uploads\\\/2021\\\/09\\\/logo-sentinelleSLOGAN-1.png\",\"contentUrl\":\"https:\\\/\\\/lasentinelle.dz\\\/wp-content\\\/uploads\\\/2021\\\/09\\\/logo-sentinelleSLOGAN-1.png\",\"width\":615,\"height\":142,\"caption\":\"Quotidien La Sentinelle\"},\"image\":{\"@id\":\"https:\\\/\\\/lasentinelle.dz\\\/#\\\/schema\\\/logo\\\/image\\\/\"},\"sameAs\":[\"https:\\\/\\\/www.facebook.com\\\/La-Sentinelle-104059864394773\"]},{\"@type\":\"Person\",\"@id\":\"https:\\\/\\\/lasentinelle.dz\\\/#\\\/schema\\\/person\\\/d865044e22e70a75174ce8bcad3acfb3\",\"name\":\"La Sentinelle\",\"image\":{\"@type\":\"ImageObject\",\"inLanguage\":\"fr-FR\",\"@id\":\"https:\\\/\\\/secure.gravatar.com\\\/avatar\\\/57de8e5d4b15d43fb361a71fbb36338450fe67865b528a43dd10ef7c51a20392?s=96&d=mm&r=g\",\"url\":\"https:\\\/\\\/secure.gravatar.com\\\/avatar\\\/57de8e5d4b15d43fb361a71fbb36338450fe67865b528a43dd10ef7c51a20392?s=96&d=mm&r=g\",\"contentUrl\":\"https:\\\/\\\/secure.gravatar.com\\\/avatar\\\/57de8e5d4b15d43fb361a71fbb36338450fe67865b528a43dd10ef7c51a20392?s=96&d=mm&r=g\",\"caption\":\"La Sentinelle\"},\"sameAs\":[\"http:\\\/\\\/www.lasentinelle.dz\"],\"url\":\"https:\\\/\\\/lasentinelle.dz\\\/author\\\/redaction\\\/\"}]}<\/script>\n<!-- \/ Yoast SEO plugin. -->","yoast_head_json":{"title":"Projet de loi relatif \u00e0 la pr\u00e9vention et \u00e0 la lutte contre le blanchiment d&rsquo;argent et le financement du terrorisme \/ Tabi\u00a0: \u00ab\u00a0L\u2019objectif n\u2019est pas d\u2019exercer des pressions sur les associations\u00a0\u00bb - La Sentinelle","robots":{"index":"index","follow":"follow","max-snippet":"max-snippet:-1","max-image-preview":"max-image-preview:large","max-video-preview":"max-video-preview:-1"},"canonical":"https:\/\/lasentinelle.dz\/index.php\/2023\/01\/09\/projet-de-loi-relatif-a-la-prevention-et-a-la-lutte-contre-le-blanchiment-dargent-et-le-financement-du-terrorisme-tabi-lobjectif-nest-pas-dexercer-des\/","og_locale":"fr_FR","og_type":"article","og_title":"Projet de loi relatif \u00e0 la pr\u00e9vention et \u00e0 la lutte contre le blanchiment d&rsquo;argent et le financement du terrorisme \/ Tabi\u00a0: \u00ab\u00a0L\u2019objectif n\u2019est pas d\u2019exercer des pressions sur les associations\u00a0\u00bb - La Sentinelle","og_description":"Les contr\u00f4les instaur\u00e9s, dans le cadre Projet de loi relatif \u00e0 la pr\u00e9vention et \u00e0 la lutte contre le blanchiment","og_url":"https:\/\/lasentinelle.dz\/index.php\/2023\/01\/09\/projet-de-loi-relatif-a-la-prevention-et-a-la-lutte-contre-le-blanchiment-dargent-et-le-financement-du-terrorisme-tabi-lobjectif-nest-pas-dexercer-des\/","og_site_name":"La Sentinelle","article_publisher":"https:\/\/www.facebook.com\/La-Sentinelle-104059864394773","article_published_time":"2023-01-09T21:05:00+00:00","og_image":[{"width":1494,"height":900,"url":"https:\/\/lasentinelle.dz\/wp-content\/uploads\/2022\/03\/Tabi.png","type":"image\/png"}],"author":"La Sentinelle","twitter_card":"summary_large_image","twitter_misc":{"\u00c9crit par":"La Sentinelle","Dur\u00e9e de lecture estim\u00e9e":"2 minutes"},"schema":{"@context":"https:\/\/schema.org","@graph":[{"@type":"Article","@id":"https:\/\/lasentinelle.dz\/index.php\/2023\/01\/09\/projet-de-loi-relatif-a-la-prevention-et-a-la-lutte-contre-le-blanchiment-dargent-et-le-financement-du-terrorisme-tabi-lobjectif-nest-pas-dexercer-des\/#article","isPartOf":{"@id":"https:\/\/lasentinelle.dz\/index.php\/2023\/01\/09\/projet-de-loi-relatif-a-la-prevention-et-a-la-lutte-contre-le-blanchiment-dargent-et-le-financement-du-terrorisme-tabi-lobjectif-nest-pas-dexercer-des\/"},"author":{"name":"La Sentinelle","@id":"https:\/\/lasentinelle.dz\/#\/schema\/person\/d865044e22e70a75174ce8bcad3acfb3"},"headline":"Projet de loi relatif \u00e0 la pr\u00e9vention et \u00e0 la lutte contre le blanchiment d&rsquo;argent et le financement du terrorisme \/ Tabi\u00a0: \u00ab\u00a0L\u2019objectif n\u2019est pas d\u2019exercer des pressions sur les associations\u00a0\u00bb","datePublished":"2023-01-09T21:05:00+00:00","mainEntityOfPage":{"@id":"https:\/\/lasentinelle.dz\/index.php\/2023\/01\/09\/projet-de-loi-relatif-a-la-prevention-et-a-la-lutte-contre-le-blanchiment-dargent-et-le-financement-du-terrorisme-tabi-lobjectif-nest-pas-dexercer-des\/"},"wordCount":475,"commentCount":0,"publisher":{"@id":"https:\/\/lasentinelle.dz\/#organization"},"image":{"@id":"https:\/\/lasentinelle.dz\/index.php\/2023\/01\/09\/projet-de-loi-relatif-a-la-prevention-et-a-la-lutte-contre-le-blanchiment-dargent-et-le-financement-du-terrorisme-tabi-lobjectif-nest-pas-dexercer-des\/#primaryimage"},"thumbnailUrl":"https:\/\/lasentinelle.dz\/wp-content\/uploads\/2022\/03\/Tabi.png","articleSection":["Actualit\u00e9"],"inLanguage":"fr-FR","potentialAction":[{"@type":"CommentAction","name":"Comment","target":["https:\/\/lasentinelle.dz\/index.php\/2023\/01\/09\/projet-de-loi-relatif-a-la-prevention-et-a-la-lutte-contre-le-blanchiment-dargent-et-le-financement-du-terrorisme-tabi-lobjectif-nest-pas-dexercer-des\/#respond"]}]},{"@type":"WebPage","@id":"https:\/\/lasentinelle.dz\/index.php\/2023\/01\/09\/projet-de-loi-relatif-a-la-prevention-et-a-la-lutte-contre-le-blanchiment-dargent-et-le-financement-du-terrorisme-tabi-lobjectif-nest-pas-dexercer-des\/","url":"https:\/\/lasentinelle.dz\/index.php\/2023\/01\/09\/projet-de-loi-relatif-a-la-prevention-et-a-la-lutte-contre-le-blanchiment-dargent-et-le-financement-du-terrorisme-tabi-lobjectif-nest-pas-dexercer-des\/","name":"Projet de loi relatif \u00e0 la pr\u00e9vention et \u00e0 la lutte contre le blanchiment d&rsquo;argent et le financement du terrorisme \/ Tabi\u00a0: \u00ab\u00a0L\u2019objectif n\u2019est pas d\u2019exercer des pressions sur les associations\u00a0\u00bb - La Sentinelle","isPartOf":{"@id":"https:\/\/lasentinelle.dz\/#website"},"primaryImageOfPage":{"@id":"https:\/\/lasentinelle.dz\/index.php\/2023\/01\/09\/projet-de-loi-relatif-a-la-prevention-et-a-la-lutte-contre-le-blanchiment-dargent-et-le-financement-du-terrorisme-tabi-lobjectif-nest-pas-dexercer-des\/#primaryimage"},"image":{"@id":"https:\/\/lasentinelle.dz\/index.php\/2023\/01\/09\/projet-de-loi-relatif-a-la-prevention-et-a-la-lutte-contre-le-blanchiment-dargent-et-le-financement-du-terrorisme-tabi-lobjectif-nest-pas-dexercer-des\/#primaryimage"},"thumbnailUrl":"https:\/\/lasentinelle.dz\/wp-content\/uploads\/2022\/03\/Tabi.png","datePublished":"2023-01-09T21:05:00+00:00","breadcrumb":{"@id":"https:\/\/lasentinelle.dz\/index.php\/2023\/01\/09\/projet-de-loi-relatif-a-la-prevention-et-a-la-lutte-contre-le-blanchiment-dargent-et-le-financement-du-terrorisme-tabi-lobjectif-nest-pas-dexercer-des\/#breadcrumb"},"inLanguage":"fr-FR","potentialAction":[{"@type":"ReadAction","target":["https:\/\/lasentinelle.dz\/index.php\/2023\/01\/09\/projet-de-loi-relatif-a-la-prevention-et-a-la-lutte-contre-le-blanchiment-dargent-et-le-financement-du-terrorisme-tabi-lobjectif-nest-pas-dexercer-des\/"]}]},{"@type":"ImageObject","inLanguage":"fr-FR","@id":"https:\/\/lasentinelle.dz\/index.php\/2023\/01\/09\/projet-de-loi-relatif-a-la-prevention-et-a-la-lutte-contre-le-blanchiment-dargent-et-le-financement-du-terrorisme-tabi-lobjectif-nest-pas-dexercer-des\/#primaryimage","url":"https:\/\/lasentinelle.dz\/wp-content\/uploads\/2022\/03\/Tabi.png","contentUrl":"https:\/\/lasentinelle.dz\/wp-content\/uploads\/2022\/03\/Tabi.png","width":1494,"height":900},{"@type":"BreadcrumbList","@id":"https:\/\/lasentinelle.dz\/index.php\/2023\/01\/09\/projet-de-loi-relatif-a-la-prevention-et-a-la-lutte-contre-le-blanchiment-dargent-et-le-financement-du-terrorisme-tabi-lobjectif-nest-pas-dexercer-des\/#breadcrumb","itemListElement":[{"@type":"ListItem","position":1,"name":"Accueil","item":"https:\/\/lasentinelle.dz\/"},{"@type":"ListItem","position":2,"name":"Projet de loi relatif \u00e0 la pr\u00e9vention et \u00e0 la lutte contre le blanchiment d&rsquo;argent et le financement du terrorisme \/ Tabi\u00a0: \u00ab\u00a0L\u2019objectif n\u2019est pas d\u2019exercer des pressions sur les associations\u00a0\u00bb"}]},{"@type":"WebSite","@id":"https:\/\/lasentinelle.dz\/#website","url":"https:\/\/lasentinelle.dz\/","name":"La Sentinelle","description":"Quotidien national d&#039;information","publisher":{"@id":"https:\/\/lasentinelle.dz\/#organization"},"potentialAction":[{"@type":"SearchAction","target":{"@type":"EntryPoint","urlTemplate":"https:\/\/lasentinelle.dz\/?s={search_term_string}"},"query-input":{"@type":"PropertyValueSpecification","valueRequired":true,"valueName":"search_term_string"}}],"inLanguage":"fr-FR"},{"@type":"Organization","@id":"https:\/\/lasentinelle.dz\/#organization","name":"Quotidien La Sentinelle","url":"https:\/\/lasentinelle.dz\/","logo":{"@type":"ImageObject","inLanguage":"fr-FR","@id":"https:\/\/lasentinelle.dz\/#\/schema\/logo\/image\/","url":"https:\/\/lasentinelle.dz\/wp-content\/uploads\/2021\/09\/logo-sentinelleSLOGAN-1.png","contentUrl":"https:\/\/lasentinelle.dz\/wp-content\/uploads\/2021\/09\/logo-sentinelleSLOGAN-1.png","width":615,"height":142,"caption":"Quotidien La Sentinelle"},"image":{"@id":"https:\/\/lasentinelle.dz\/#\/schema\/logo\/image\/"},"sameAs":["https:\/\/www.facebook.com\/La-Sentinelle-104059864394773"]},{"@type":"Person","@id":"https:\/\/lasentinelle.dz\/#\/schema\/person\/d865044e22e70a75174ce8bcad3acfb3","name":"La Sentinelle","image":{"@type":"ImageObject","inLanguage":"fr-FR","@id":"https:\/\/secure.gravatar.com\/avatar\/57de8e5d4b15d43fb361a71fbb36338450fe67865b528a43dd10ef7c51a20392?s=96&d=mm&r=g","url":"https:\/\/secure.gravatar.com\/avatar\/57de8e5d4b15d43fb361a71fbb36338450fe67865b528a43dd10ef7c51a20392?s=96&d=mm&r=g","contentUrl":"https:\/\/secure.gravatar.com\/avatar\/57de8e5d4b15d43fb361a71fbb36338450fe67865b528a43dd10ef7c51a20392?s=96&d=mm&r=g","caption":"La Sentinelle"},"sameAs":["http:\/\/www.lasentinelle.dz"],"url":"https:\/\/lasentinelle.dz\/author\/redaction\/"}]}},"_links":{"self":[{"href":"https:\/\/lasentinelle.dz\/index.php\/wp-json\/wp\/v2\/posts\/33974","targetHints":{"allow":["GET"]}}],"collection":[{"href":"https:\/\/lasentinelle.dz\/index.php\/wp-json\/wp\/v2\/posts"}],"about":[{"href":"https:\/\/lasentinelle.dz\/index.php\/wp-json\/wp\/v2\/types\/post"}],"author":[{"embeddable":true,"href":"https:\/\/lasentinelle.dz\/index.php\/wp-json\/wp\/v2\/users\/3"}],"replies":[{"embeddable":true,"href":"https:\/\/lasentinelle.dz\/index.php\/wp-json\/wp\/v2\/comments?post=33974"}],"version-history":[{"count":1,"href":"https:\/\/lasentinelle.dz\/index.php\/wp-json\/wp\/v2\/posts\/33974\/revisions"}],"predecessor-version":[{"id":33977,"href":"https:\/\/lasentinelle.dz\/index.php\/wp-json\/wp\/v2\/posts\/33974\/revisions\/33977"}],"wp:featuredmedia":[{"embeddable":true,"href":"https:\/\/lasentinelle.dz\/index.php\/wp-json\/wp\/v2\/media\/17983"}],"wp:attachment":[{"href":"https:\/\/lasentinelle.dz\/index.php\/wp-json\/wp\/v2\/media?parent=33974"}],"wp:term":[{"taxonomy":"category","embeddable":true,"href":"https:\/\/lasentinelle.dz\/index.php\/wp-json\/wp\/v2\/categories?post=33974"},{"taxonomy":"post_tag","embeddable":true,"href":"https:\/\/lasentinelle.dz\/index.php\/wp-json\/wp\/v2\/tags?post=33974"}],"curies":[{"name":"wp","href":"https:\/\/api.w.org\/{rel}","templated":true}]}}