{"id":34008,"date":"2023-01-10T22:08:00","date_gmt":"2023-01-10T21:08:00","guid":{"rendered":"https:\/\/lasentinelle.dz\/?p=34008"},"modified":"2023-01-10T20:30:49","modified_gmt":"2023-01-10T19:30:49","slug":"le-trafic-et-la-consommation-de-drogue-prennent-de-lampleur-la-cote-dalerte","status":"publish","type":"post","link":"https:\/\/lasentinelle.dz\/index.php\/2023\/01\/10\/le-trafic-et-la-consommation-de-drogue-prennent-de-lampleur-la-cote-dalerte\/","title":{"rendered":"Le trafic et la consommation de drogue prennent de l\u2019ampleur\u00a0: La cote d\u2019alerte\u00a0!"},"content":{"rendered":"\n<p>Des milliers de jeunes et moins jeunes peinent \u00e0 se lib\u00e9rer des effets du cannabis et d\u2019autres drogues dites \u00ab douces \u00bb, mais aux effets mortels.<\/p>\n\n\n\n<p>Le constat est accablant : le trafic de drogue, de psychotropes et de coca\u00efne d\u00e9truit des milliers de jeunes, de familles et des centaines d\u2019\u00e9l\u00e8ves \u00e0 l\u2019int\u00e9rieur des \u00e9tablissements scolaires. Les experts en la mati\u00e8re n\u2019ont jamais cess\u00e9 de tirer la sonnette d\u2019alarme pour tenter de sensibiliser les acteurs majeurs cens\u00e9s endiguer ce fl\u00e9au qui gangr\u00e8ne la soci\u00e9t\u00e9 alg\u00e9rienne. L\u2019heure est grave au vu des d\u00e9g\u00e2ts caus\u00e9s par ces produits aussi toxiques que mortels. Si l\u2019oisivet\u00e9 et la qu\u00eate de l\u2019argent facile poussent davantage certains jeunes \u00e0 se disputer les territoires pour commercialiser et consommer ces poisons qui viennent de l\u2019autre c\u00f4t\u00e9 de nos fronti\u00e8res, il est \u00e9vident que la responsabilit\u00e9 est grandement partag\u00e9e. Les chiffres de l\u2019ann\u00e9e 2022 sont effarants et interpellent les pouvoirs publics, les familles, les \u00e9coles et les mosqu\u00e9es. C\u2019est connu, au moins trois d\u00e9linquants sur dix se droguent. Pis encore, au moins un drogu\u00e9 sur deux est pr\u00eat \u00e0 commettre l\u2019irr\u00e9parable devant l\u2019impasse qu\u2019il vit au quotidien dans les situations de d\u00e9sesp\u00e9rance, de ch\u00f4mage et\/ou de d\u00e9crochage scolaire. Ceci ne justifie pas cela, la d\u00e9mission collective, entre parents, soci\u00e9t\u00e9 civile et \u00e9coles, a provoqu\u00e9 des cons\u00e9quence f\u00e2cheuses sur les sujets, notamment en bas \u00e2ge. Alors que la Direction g\u00e9n\u00e9rale de la S\u00fbret\u00e9 nationale (DGSN) et le Commandement de la Gendarmerie nationale s\u2019att\u00e8lent \u00e0 rendre public leurs bilans annuels respectifs, celui \u00e9tabli par l\u2019Arm\u00e9e nationale populaire renseigne, on ne peut mieux, de l\u2019ampleur que prend ce trafic juteux, pour certains, et d\u00e9vastateur pour les autres.<\/p>\n\n\n\n<p>Avec des quantit\u00e9s de kif trait\u00e9 s\u2019\u00e9levant \u00e0 48,54 tonnes et de 35,87 kilogramme de coca\u00efne, ainsi que de 10 910 403 comprim\u00e9s psychotropes, saisies par les unit\u00e9s de l\u2019ANP, le pays aura connu l\u2019une des pires menaces tant sur la sant\u00e9 que sur la s\u00e9curit\u00e9 publiques. Les derni\u00e8res r\u00e9v\u00e9lations de l\u2019Office national de lutte contre la drogue et la toxicomanie donnent le tournis, notamment les saisies de cannabis entr\u00e9 \u00e0 partir du Maroc. Si le taux de consommation de la coca\u00efne a augment\u00e9 de 200 % au cours des dix premiers mois de l\u2019ann\u00e9e 2022, les autres substances illicites ont connu une augmentation de la consommation de l\u2019ordre de 100 % dans les \u00e9coles primaires. Il faut noter que les drogues saisies en provenance du Maroc, plaque tournante mondiale et plus gros producteur de cannabis dans le monde, sont en nette hausse. Le r\u00e9gime marocain encourage cette activit\u00e9 criminelle et a toujours voulu garder la main sur les fonds issus de ce trafic en mettant sur pied l\u2019Agence nationale de r\u00e8glementation des activit\u00e9s relatives au cannabis. En 2022, cette agence a accord\u00e9 de nouvelles licences pour exercer des activit\u00e9s l\u00e9gales li\u00e9es \u00e0 cette plante, avec plus de 50 nouvelles licences octroy\u00e9es pour permettre \u00e0 des agriculteurs qui travaillent dans ce secteur en tant que trafiquant de cultiver le cannabis en toute l\u00e9galit\u00e9, et ce apr\u00e8s que les membres du Conseil du gouvernement marocain ont adopt\u00e9 le projet de loi sur la l\u00e9galisation de l\u2019usage du cannabis au Maroc \u00e0 des fins th\u00e9rapeutiques et scientifiques. Une loi qui a suscit\u00e9 une grande pol\u00e9mique dans le Royaume. D\u2019apr\u00e8s une \u00e9tude publi\u00e9e en 2020 par le r\u00e9seau ind\u00e9pendant \u00ab Initiative mondiale contre la criminalit\u00e9 transnationale organis\u00e9e \u00bb, la culture du cannabis, estim\u00e9e \u00e0 plus de 700 tonnes annuelles, rapporterait au Maroc pas moins de 23 milliards de dollars par an. C\u2019est dire les d\u00e9g\u00e2ts que causent le voisin de l\u2019Ouest aux Alg\u00e9riens, mais aussi aux pays de la rive Nord de la M\u00e9diterran\u00e9e. Si la pr\u00e9vention et la lutte contre ce fl\u00e9au se poursuit sur le terrain, dans les quartiers et cit\u00e9s, comme dans les foyers et les h\u00f4pitaux, des milliers de jeunes et moins jeunes peinent \u00e0 se lib\u00e9rer des effets du cannabis et d\u2019autres drogues dites \u00ab douces \u00bb, mais aux effets mortels.<\/p>\n\n\n\n<p><strong>Riad Lamara<\/strong><\/p>\n","protected":false},"excerpt":{"rendered":"<p>Des milliers de jeunes et moins jeunes peinent \u00e0 se lib\u00e9rer des effets du cannabis et d\u2019autres drogues dites \u00ab<\/p>\n","protected":false},"author":3,"featured_media":21868,"comment_status":"open","ping_status":"closed","sticky":false,"template":"","format":"standard","meta":{"colormag_page_container_layout":"default_layout","colormag_page_sidebar_layout":"default_layout","om_disable_all_campaigns":false,"_monsterinsights_skip_tracking":false,"_monsterinsights_sitenote_active":false,"_monsterinsights_sitenote_note":"","_monsterinsights_sitenote_category":0,"footnotes":"","_wpscppro_dont_share_socialmedia":false,"_wpscppro_custom_social_share_image":0,"_facebook_share_type":"","_twitter_share_type":"","_linkedin_share_type":"","_pinterest_share_type":"","_linkedin_share_type_page":"","_instagram_share_type":"","_medium_share_type":"","_threads_share_type":"","_google_business_share_type":"","_selected_social_profile":[],"_wpsp_enable_custom_social_template":false,"_wpsp_social_scheduling":{"enabled":false,"datetime":null,"platforms":[],"status":"template_only","dateOption":"today","timeOption":"now","customDays":"","customHours":"","customDate":"","customTime":"","schedulingType":"absolute"},"_wpsp_active_default_template":true},"categories":[52,27],"tags":[],"class_list":["post-34008","post","type-post","status-publish","format-standard","has-post-thumbnail","hentry","category-a-la-une","category-actualite"],"aioseo_notices":[],"yoast_head":"<!-- This site is optimized with the Yoast SEO plugin v27.5 - https:\/\/yoast.com\/product\/yoast-seo-wordpress\/ -->\n<title>Le trafic et la consommation de drogue prennent de l\u2019ampleur\u00a0: La cote d\u2019alerte\u00a0! - La Sentinelle<\/title>\n<meta name=\"robots\" content=\"index, follow, max-snippet:-1, max-image-preview:large, max-video-preview:-1\" \/>\n<link rel=\"canonical\" href=\"https:\/\/lasentinelle.dz\/index.php\/2023\/01\/10\/le-trafic-et-la-consommation-de-drogue-prennent-de-lampleur-la-cote-dalerte\/\" \/>\n<meta property=\"og:locale\" content=\"fr_FR\" \/>\n<meta property=\"og:type\" content=\"article\" \/>\n<meta property=\"og:title\" content=\"Le trafic et la consommation de drogue prennent de l\u2019ampleur\u00a0: La cote d\u2019alerte\u00a0! - La Sentinelle\" \/>\n<meta property=\"og:description\" content=\"Des milliers de jeunes et moins jeunes peinent \u00e0 se lib\u00e9rer des effets du cannabis et d\u2019autres drogues dites \u00ab\" \/>\n<meta property=\"og:url\" content=\"https:\/\/lasentinelle.dz\/index.php\/2023\/01\/10\/le-trafic-et-la-consommation-de-drogue-prennent-de-lampleur-la-cote-dalerte\/\" \/>\n<meta property=\"og:site_name\" content=\"La Sentinelle\" \/>\n<meta property=\"article:publisher\" content=\"https:\/\/www.facebook.com\/La-Sentinelle-104059864394773\" \/>\n<meta property=\"article:published_time\" content=\"2023-01-10T21:08:00+00:00\" \/>\n<meta property=\"og:image\" content=\"https:\/\/lasentinelle.dz\/wp-content\/uploads\/2022\/05\/kif35.png\" \/>\n\t<meta property=\"og:image:width\" content=\"1594\" \/>\n\t<meta property=\"og:image:height\" content=\"900\" \/>\n\t<meta property=\"og:image:type\" content=\"image\/png\" \/>\n<meta name=\"author\" content=\"La Sentinelle\" \/>\n<meta name=\"twitter:card\" content=\"summary_large_image\" \/>\n<meta name=\"twitter:label1\" content=\"\u00c9crit par\" \/>\n\t<meta name=\"twitter:data1\" content=\"La Sentinelle\" \/>\n\t<meta name=\"twitter:label2\" content=\"Dur\u00e9e de lecture estim\u00e9e\" \/>\n\t<meta name=\"twitter:data2\" content=\"4 minutes\" \/>\n<script type=\"application\/ld+json\" class=\"yoast-schema-graph\">{\"@context\":\"https:\\\/\\\/schema.org\",\"@graph\":[{\"@type\":\"Article\",\"@id\":\"https:\\\/\\\/lasentinelle.dz\\\/index.php\\\/2023\\\/01\\\/10\\\/le-trafic-et-la-consommation-de-drogue-prennent-de-lampleur-la-cote-dalerte\\\/#article\",\"isPartOf\":{\"@id\":\"https:\\\/\\\/lasentinelle.dz\\\/index.php\\\/2023\\\/01\\\/10\\\/le-trafic-et-la-consommation-de-drogue-prennent-de-lampleur-la-cote-dalerte\\\/\"},\"author\":{\"name\":\"La Sentinelle\",\"@id\":\"https:\\\/\\\/lasentinelle.dz\\\/#\\\/schema\\\/person\\\/d865044e22e70a75174ce8bcad3acfb3\"},\"headline\":\"Le trafic et la consommation de drogue prennent de l\u2019ampleur\u00a0: La cote d\u2019alerte\u00a0!\",\"datePublished\":\"2023-01-10T21:08:00+00:00\",\"mainEntityOfPage\":{\"@id\":\"https:\\\/\\\/lasentinelle.dz\\\/index.php\\\/2023\\\/01\\\/10\\\/le-trafic-et-la-consommation-de-drogue-prennent-de-lampleur-la-cote-dalerte\\\/\"},\"wordCount\":745,\"commentCount\":0,\"publisher\":{\"@id\":\"https:\\\/\\\/lasentinelle.dz\\\/#organization\"},\"image\":{\"@id\":\"https:\\\/\\\/lasentinelle.dz\\\/index.php\\\/2023\\\/01\\\/10\\\/le-trafic-et-la-consommation-de-drogue-prennent-de-lampleur-la-cote-dalerte\\\/#primaryimage\"},\"thumbnailUrl\":\"https:\\\/\\\/lasentinelle.dz\\\/wp-content\\\/uploads\\\/2022\\\/05\\\/kif35.png\",\"articleSection\":[\"\u00c0 la Une\",\"Actualit\u00e9\"],\"inLanguage\":\"fr-FR\",\"potentialAction\":[{\"@type\":\"CommentAction\",\"name\":\"Comment\",\"target\":[\"https:\\\/\\\/lasentinelle.dz\\\/index.php\\\/2023\\\/01\\\/10\\\/le-trafic-et-la-consommation-de-drogue-prennent-de-lampleur-la-cote-dalerte\\\/#respond\"]}]},{\"@type\":\"WebPage\",\"@id\":\"https:\\\/\\\/lasentinelle.dz\\\/index.php\\\/2023\\\/01\\\/10\\\/le-trafic-et-la-consommation-de-drogue-prennent-de-lampleur-la-cote-dalerte\\\/\",\"url\":\"https:\\\/\\\/lasentinelle.dz\\\/index.php\\\/2023\\\/01\\\/10\\\/le-trafic-et-la-consommation-de-drogue-prennent-de-lampleur-la-cote-dalerte\\\/\",\"name\":\"Le trafic et la consommation de drogue prennent de l\u2019ampleur\u00a0: La cote d\u2019alerte\u00a0! - La Sentinelle\",\"isPartOf\":{\"@id\":\"https:\\\/\\\/lasentinelle.dz\\\/#website\"},\"primaryImageOfPage\":{\"@id\":\"https:\\\/\\\/lasentinelle.dz\\\/index.php\\\/2023\\\/01\\\/10\\\/le-trafic-et-la-consommation-de-drogue-prennent-de-lampleur-la-cote-dalerte\\\/#primaryimage\"},\"image\":{\"@id\":\"https:\\\/\\\/lasentinelle.dz\\\/index.php\\\/2023\\\/01\\\/10\\\/le-trafic-et-la-consommation-de-drogue-prennent-de-lampleur-la-cote-dalerte\\\/#primaryimage\"},\"thumbnailUrl\":\"https:\\\/\\\/lasentinelle.dz\\\/wp-content\\\/uploads\\\/2022\\\/05\\\/kif35.png\",\"datePublished\":\"2023-01-10T21:08:00+00:00\",\"breadcrumb\":{\"@id\":\"https:\\\/\\\/lasentinelle.dz\\\/index.php\\\/2023\\\/01\\\/10\\\/le-trafic-et-la-consommation-de-drogue-prennent-de-lampleur-la-cote-dalerte\\\/#breadcrumb\"},\"inLanguage\":\"fr-FR\",\"potentialAction\":[{\"@type\":\"ReadAction\",\"target\":[\"https:\\\/\\\/lasentinelle.dz\\\/index.php\\\/2023\\\/01\\\/10\\\/le-trafic-et-la-consommation-de-drogue-prennent-de-lampleur-la-cote-dalerte\\\/\"]}]},{\"@type\":\"ImageObject\",\"inLanguage\":\"fr-FR\",\"@id\":\"https:\\\/\\\/lasentinelle.dz\\\/index.php\\\/2023\\\/01\\\/10\\\/le-trafic-et-la-consommation-de-drogue-prennent-de-lampleur-la-cote-dalerte\\\/#primaryimage\",\"url\":\"https:\\\/\\\/lasentinelle.dz\\\/wp-content\\\/uploads\\\/2022\\\/05\\\/kif35.png\",\"contentUrl\":\"https:\\\/\\\/lasentinelle.dz\\\/wp-content\\\/uploads\\\/2022\\\/05\\\/kif35.png\",\"width\":1594,\"height\":900},{\"@type\":\"BreadcrumbList\",\"@id\":\"https:\\\/\\\/lasentinelle.dz\\\/index.php\\\/2023\\\/01\\\/10\\\/le-trafic-et-la-consommation-de-drogue-prennent-de-lampleur-la-cote-dalerte\\\/#breadcrumb\",\"itemListElement\":[{\"@type\":\"ListItem\",\"position\":1,\"name\":\"Accueil\",\"item\":\"https:\\\/\\\/lasentinelle.dz\\\/\"},{\"@type\":\"ListItem\",\"position\":2,\"name\":\"Le trafic et la consommation de drogue prennent de l\u2019ampleur\u00a0: La cote d\u2019alerte\u00a0!\"}]},{\"@type\":\"WebSite\",\"@id\":\"https:\\\/\\\/lasentinelle.dz\\\/#website\",\"url\":\"https:\\\/\\\/lasentinelle.dz\\\/\",\"name\":\"La Sentinelle\",\"description\":\"Quotidien national d&#039;information\",\"publisher\":{\"@id\":\"https:\\\/\\\/lasentinelle.dz\\\/#organization\"},\"potentialAction\":[{\"@type\":\"SearchAction\",\"target\":{\"@type\":\"EntryPoint\",\"urlTemplate\":\"https:\\\/\\\/lasentinelle.dz\\\/?s={search_term_string}\"},\"query-input\":{\"@type\":\"PropertyValueSpecification\",\"valueRequired\":true,\"valueName\":\"search_term_string\"}}],\"inLanguage\":\"fr-FR\"},{\"@type\":\"Organization\",\"@id\":\"https:\\\/\\\/lasentinelle.dz\\\/#organization\",\"name\":\"Quotidien La Sentinelle\",\"url\":\"https:\\\/\\\/lasentinelle.dz\\\/\",\"logo\":{\"@type\":\"ImageObject\",\"inLanguage\":\"fr-FR\",\"@id\":\"https:\\\/\\\/lasentinelle.dz\\\/#\\\/schema\\\/logo\\\/image\\\/\",\"url\":\"https:\\\/\\\/lasentinelle.dz\\\/wp-content\\\/uploads\\\/2021\\\/09\\\/logo-sentinelleSLOGAN-1.png\",\"contentUrl\":\"https:\\\/\\\/lasentinelle.dz\\\/wp-content\\\/uploads\\\/2021\\\/09\\\/logo-sentinelleSLOGAN-1.png\",\"width\":615,\"height\":142,\"caption\":\"Quotidien La Sentinelle\"},\"image\":{\"@id\":\"https:\\\/\\\/lasentinelle.dz\\\/#\\\/schema\\\/logo\\\/image\\\/\"},\"sameAs\":[\"https:\\\/\\\/www.facebook.com\\\/La-Sentinelle-104059864394773\"]},{\"@type\":\"Person\",\"@id\":\"https:\\\/\\\/lasentinelle.dz\\\/#\\\/schema\\\/person\\\/d865044e22e70a75174ce8bcad3acfb3\",\"name\":\"La Sentinelle\",\"image\":{\"@type\":\"ImageObject\",\"inLanguage\":\"fr-FR\",\"@id\":\"https:\\\/\\\/secure.gravatar.com\\\/avatar\\\/57de8e5d4b15d43fb361a71fbb36338450fe67865b528a43dd10ef7c51a20392?s=96&d=mm&r=g\",\"url\":\"https:\\\/\\\/secure.gravatar.com\\\/avatar\\\/57de8e5d4b15d43fb361a71fbb36338450fe67865b528a43dd10ef7c51a20392?s=96&d=mm&r=g\",\"contentUrl\":\"https:\\\/\\\/secure.gravatar.com\\\/avatar\\\/57de8e5d4b15d43fb361a71fbb36338450fe67865b528a43dd10ef7c51a20392?s=96&d=mm&r=g\",\"caption\":\"La Sentinelle\"},\"sameAs\":[\"http:\\\/\\\/www.lasentinelle.dz\"],\"url\":\"https:\\\/\\\/lasentinelle.dz\\\/author\\\/redaction\\\/\"}]}<\/script>\n<!-- \/ Yoast SEO plugin. -->","yoast_head_json":{"title":"Le trafic et la consommation de drogue prennent de l\u2019ampleur\u00a0: La cote d\u2019alerte\u00a0! - La Sentinelle","robots":{"index":"index","follow":"follow","max-snippet":"max-snippet:-1","max-image-preview":"max-image-preview:large","max-video-preview":"max-video-preview:-1"},"canonical":"https:\/\/lasentinelle.dz\/index.php\/2023\/01\/10\/le-trafic-et-la-consommation-de-drogue-prennent-de-lampleur-la-cote-dalerte\/","og_locale":"fr_FR","og_type":"article","og_title":"Le trafic et la consommation de drogue prennent de l\u2019ampleur\u00a0: La cote d\u2019alerte\u00a0! - La Sentinelle","og_description":"Des milliers de jeunes et moins jeunes peinent \u00e0 se lib\u00e9rer des effets du cannabis et d\u2019autres drogues dites \u00ab","og_url":"https:\/\/lasentinelle.dz\/index.php\/2023\/01\/10\/le-trafic-et-la-consommation-de-drogue-prennent-de-lampleur-la-cote-dalerte\/","og_site_name":"La Sentinelle","article_publisher":"https:\/\/www.facebook.com\/La-Sentinelle-104059864394773","article_published_time":"2023-01-10T21:08:00+00:00","og_image":[{"width":1594,"height":900,"url":"https:\/\/lasentinelle.dz\/wp-content\/uploads\/2022\/05\/kif35.png","type":"image\/png"}],"author":"La Sentinelle","twitter_card":"summary_large_image","twitter_misc":{"\u00c9crit par":"La Sentinelle","Dur\u00e9e de lecture estim\u00e9e":"4 minutes"},"schema":{"@context":"https:\/\/schema.org","@graph":[{"@type":"Article","@id":"https:\/\/lasentinelle.dz\/index.php\/2023\/01\/10\/le-trafic-et-la-consommation-de-drogue-prennent-de-lampleur-la-cote-dalerte\/#article","isPartOf":{"@id":"https:\/\/lasentinelle.dz\/index.php\/2023\/01\/10\/le-trafic-et-la-consommation-de-drogue-prennent-de-lampleur-la-cote-dalerte\/"},"author":{"name":"La Sentinelle","@id":"https:\/\/lasentinelle.dz\/#\/schema\/person\/d865044e22e70a75174ce8bcad3acfb3"},"headline":"Le trafic et la consommation de drogue prennent de l\u2019ampleur\u00a0: La cote d\u2019alerte\u00a0!","datePublished":"2023-01-10T21:08:00+00:00","mainEntityOfPage":{"@id":"https:\/\/lasentinelle.dz\/index.php\/2023\/01\/10\/le-trafic-et-la-consommation-de-drogue-prennent-de-lampleur-la-cote-dalerte\/"},"wordCount":745,"commentCount":0,"publisher":{"@id":"https:\/\/lasentinelle.dz\/#organization"},"image":{"@id":"https:\/\/lasentinelle.dz\/index.php\/2023\/01\/10\/le-trafic-et-la-consommation-de-drogue-prennent-de-lampleur-la-cote-dalerte\/#primaryimage"},"thumbnailUrl":"https:\/\/lasentinelle.dz\/wp-content\/uploads\/2022\/05\/kif35.png","articleSection":["\u00c0 la Une","Actualit\u00e9"],"inLanguage":"fr-FR","potentialAction":[{"@type":"CommentAction","name":"Comment","target":["https:\/\/lasentinelle.dz\/index.php\/2023\/01\/10\/le-trafic-et-la-consommation-de-drogue-prennent-de-lampleur-la-cote-dalerte\/#respond"]}]},{"@type":"WebPage","@id":"https:\/\/lasentinelle.dz\/index.php\/2023\/01\/10\/le-trafic-et-la-consommation-de-drogue-prennent-de-lampleur-la-cote-dalerte\/","url":"https:\/\/lasentinelle.dz\/index.php\/2023\/01\/10\/le-trafic-et-la-consommation-de-drogue-prennent-de-lampleur-la-cote-dalerte\/","name":"Le trafic et la consommation de drogue prennent de l\u2019ampleur\u00a0: La cote d\u2019alerte\u00a0! - La Sentinelle","isPartOf":{"@id":"https:\/\/lasentinelle.dz\/#website"},"primaryImageOfPage":{"@id":"https:\/\/lasentinelle.dz\/index.php\/2023\/01\/10\/le-trafic-et-la-consommation-de-drogue-prennent-de-lampleur-la-cote-dalerte\/#primaryimage"},"image":{"@id":"https:\/\/lasentinelle.dz\/index.php\/2023\/01\/10\/le-trafic-et-la-consommation-de-drogue-prennent-de-lampleur-la-cote-dalerte\/#primaryimage"},"thumbnailUrl":"https:\/\/lasentinelle.dz\/wp-content\/uploads\/2022\/05\/kif35.png","datePublished":"2023-01-10T21:08:00+00:00","breadcrumb":{"@id":"https:\/\/lasentinelle.dz\/index.php\/2023\/01\/10\/le-trafic-et-la-consommation-de-drogue-prennent-de-lampleur-la-cote-dalerte\/#breadcrumb"},"inLanguage":"fr-FR","potentialAction":[{"@type":"ReadAction","target":["https:\/\/lasentinelle.dz\/index.php\/2023\/01\/10\/le-trafic-et-la-consommation-de-drogue-prennent-de-lampleur-la-cote-dalerte\/"]}]},{"@type":"ImageObject","inLanguage":"fr-FR","@id":"https:\/\/lasentinelle.dz\/index.php\/2023\/01\/10\/le-trafic-et-la-consommation-de-drogue-prennent-de-lampleur-la-cote-dalerte\/#primaryimage","url":"https:\/\/lasentinelle.dz\/wp-content\/uploads\/2022\/05\/kif35.png","contentUrl":"https:\/\/lasentinelle.dz\/wp-content\/uploads\/2022\/05\/kif35.png","width":1594,"height":900},{"@type":"BreadcrumbList","@id":"https:\/\/lasentinelle.dz\/index.php\/2023\/01\/10\/le-trafic-et-la-consommation-de-drogue-prennent-de-lampleur-la-cote-dalerte\/#breadcrumb","itemListElement":[{"@type":"ListItem","position":1,"name":"Accueil","item":"https:\/\/lasentinelle.dz\/"},{"@type":"ListItem","position":2,"name":"Le trafic et la consommation de drogue prennent de l\u2019ampleur\u00a0: La cote d\u2019alerte\u00a0!"}]},{"@type":"WebSite","@id":"https:\/\/lasentinelle.dz\/#website","url":"https:\/\/lasentinelle.dz\/","name":"La Sentinelle","description":"Quotidien national d&#039;information","publisher":{"@id":"https:\/\/lasentinelle.dz\/#organization"},"potentialAction":[{"@type":"SearchAction","target":{"@type":"EntryPoint","urlTemplate":"https:\/\/lasentinelle.dz\/?s={search_term_string}"},"query-input":{"@type":"PropertyValueSpecification","valueRequired":true,"valueName":"search_term_string"}}],"inLanguage":"fr-FR"},{"@type":"Organization","@id":"https:\/\/lasentinelle.dz\/#organization","name":"Quotidien La Sentinelle","url":"https:\/\/lasentinelle.dz\/","logo":{"@type":"ImageObject","inLanguage":"fr-FR","@id":"https:\/\/lasentinelle.dz\/#\/schema\/logo\/image\/","url":"https:\/\/lasentinelle.dz\/wp-content\/uploads\/2021\/09\/logo-sentinelleSLOGAN-1.png","contentUrl":"https:\/\/lasentinelle.dz\/wp-content\/uploads\/2021\/09\/logo-sentinelleSLOGAN-1.png","width":615,"height":142,"caption":"Quotidien La Sentinelle"},"image":{"@id":"https:\/\/lasentinelle.dz\/#\/schema\/logo\/image\/"},"sameAs":["https:\/\/www.facebook.com\/La-Sentinelle-104059864394773"]},{"@type":"Person","@id":"https:\/\/lasentinelle.dz\/#\/schema\/person\/d865044e22e70a75174ce8bcad3acfb3","name":"La Sentinelle","image":{"@type":"ImageObject","inLanguage":"fr-FR","@id":"https:\/\/secure.gravatar.com\/avatar\/57de8e5d4b15d43fb361a71fbb36338450fe67865b528a43dd10ef7c51a20392?s=96&d=mm&r=g","url":"https:\/\/secure.gravatar.com\/avatar\/57de8e5d4b15d43fb361a71fbb36338450fe67865b528a43dd10ef7c51a20392?s=96&d=mm&r=g","contentUrl":"https:\/\/secure.gravatar.com\/avatar\/57de8e5d4b15d43fb361a71fbb36338450fe67865b528a43dd10ef7c51a20392?s=96&d=mm&r=g","caption":"La Sentinelle"},"sameAs":["http:\/\/www.lasentinelle.dz"],"url":"https:\/\/lasentinelle.dz\/author\/redaction\/"}]}},"_links":{"self":[{"href":"https:\/\/lasentinelle.dz\/index.php\/wp-json\/wp\/v2\/posts\/34008","targetHints":{"allow":["GET"]}}],"collection":[{"href":"https:\/\/lasentinelle.dz\/index.php\/wp-json\/wp\/v2\/posts"}],"about":[{"href":"https:\/\/lasentinelle.dz\/index.php\/wp-json\/wp\/v2\/types\/post"}],"author":[{"embeddable":true,"href":"https:\/\/lasentinelle.dz\/index.php\/wp-json\/wp\/v2\/users\/3"}],"replies":[{"embeddable":true,"href":"https:\/\/lasentinelle.dz\/index.php\/wp-json\/wp\/v2\/comments?post=34008"}],"version-history":[{"count":2,"href":"https:\/\/lasentinelle.dz\/index.php\/wp-json\/wp\/v2\/posts\/34008\/revisions"}],"predecessor-version":[{"id":34039,"href":"https:\/\/lasentinelle.dz\/index.php\/wp-json\/wp\/v2\/posts\/34008\/revisions\/34039"}],"wp:featuredmedia":[{"embeddable":true,"href":"https:\/\/lasentinelle.dz\/index.php\/wp-json\/wp\/v2\/media\/21868"}],"wp:attachment":[{"href":"https:\/\/lasentinelle.dz\/index.php\/wp-json\/wp\/v2\/media?parent=34008"}],"wp:term":[{"taxonomy":"category","embeddable":true,"href":"https:\/\/lasentinelle.dz\/index.php\/wp-json\/wp\/v2\/categories?post=34008"},{"taxonomy":"post_tag","embeddable":true,"href":"https:\/\/lasentinelle.dz\/index.php\/wp-json\/wp\/v2\/tags?post=34008"}],"curies":[{"name":"wp","href":"https:\/\/api.w.org\/{rel}","templated":true}]}}