{"id":3401,"date":"2021-08-04T00:01:00","date_gmt":"2021-08-03T23:01:00","guid":{"rendered":"https:\/\/lasentinelle.dz\/?p=3401"},"modified":"2021-08-03T18:04:50","modified_gmt":"2021-08-03T17:04:50","slug":"guelma-autorisations-exceptionnelles-pour-les-operateurs-de-la-filiere-de-la-tomate-industrielle","status":"publish","type":"post","link":"https:\/\/lasentinelle.dz\/index.php\/2021\/08\/04\/guelma-autorisations-exceptionnelles-pour-les-operateurs-de-la-filiere-de-la-tomate-industrielle\/","title":{"rendered":"Guelma : Autorisations exceptionnelles pour les op\u00e9rateurs de la fili\u00e8re de la tomate industrielle"},"content":{"rendered":"\n<p>Les op\u00e9rateurs de la fili\u00e8re de la tomate industrielle de la wilaya de Guelma ont b\u00e9n\u00e9fici\u00e9 d\u2019autorisations exceptionnelles pour se d\u00e9placer durant la p\u00e9riode de confinement \u00e0 domicile et poursuivre leurs activit\u00e9s pendant la campagne de r\u00e9colte, a-t-on appris dimanche aupr\u00e8s de la direction des services agricoles (DSA).Ces autorisations s\u2019inscrivent dans le cadre d&rsquo;une s\u00e9rie de mesures d\u00e9cid\u00e9es par les autorit\u00e9s locales \u00e0 leur t\u00eate le wali, Kamel Eddine Kerbouche, en concertation avec les divers secteurs, dont celui de l\u2019agriculture, pour \u00e9viter que les mesures de confinement n\u2019affectent la campagne de r\u00e9colte de la tomate industrielle, a indiqu\u00e9 \u00e0 l\u2019APS le directeur du secteur, Guenoun Djoudi.Ces mesures autorisent les d\u00e9tenteurs de cartes d\u2019agriculteur \u00e0 se rendre vers leurs champs en pr\u00e9sentant leurs cartes, soulignant que les propri\u00e9taires de camions et tracteurs consacr\u00e9s au transport de la tomate vers les usines sont \u00e9galement autoris\u00e9s \u00e0 se d\u00e9placer et de prendre place dans les files d\u2019attente durant la p\u00e9riode de confinement, a-t-il dit.<\/p>\n\n\n\n<p>Les travailleurs saisonniers et les v\u00e9hicules les transportant sont aussi autoris\u00e9s \u00e0 se rendre aux champs, a d\u00e9clar\u00e9 le m\u00eame responsable, assurant qu&rsquo;il a \u00e9t\u00e9 demand\u00e9 aux agriculteurs de pr\u00e9senter des listes d\u00e9taill\u00e9es de leurs employ\u00e9s et les horaires de leurs d\u00e9placements.Pr\u00e8s de 600 producteurs de tomate sont recens\u00e9s dans la wilaya de Guelma, a relev\u00e9 la m\u00eame source, faisant savoir que chacun d\u2019eux fourni temporairement 50 postes d\u2019emploi durant la p\u00e9riode de r\u00e9colte de la tomate auxquels s\u2019ajoutent les transporteurs et les propri\u00e9taires de camions et autres v\u00e9hicules.<\/p>\n\n\n\n<p>La wilaya de Guelma compte \u00e9galement cinq unit\u00e9s de transformation de la tomate industrielle implant\u00e9es dans les communes d\u2019El Fedjoudj, Bouati Mahmoud, Belkheir et Boumahra Ahmed, employant chacune pr\u00e8s de 300 travailleurs, a-t-on ajout\u00e9, mettant l\u2019accent sur l\u2019importance de pr\u00e9voir des mesures sp\u00e9ciales pour ne pas affecter le processus de production et de r\u00e9colte de la tomate.La wilaya de Guelma fait partie, depuis le 26 juillet pass\u00e9, des 35 wilayas concern\u00e9es par les mesures de confinement partiel \u00e0 domicile de 20h00 \u00e0 6h00 pour une dur\u00e9e de 10 jours, afin de pr\u00e9venir la propagation de l\u2019\u00e9pid\u00e9mie de Covid-19.<\/p>\n\n\n\n<p>APS<\/p>\n","protected":false},"excerpt":{"rendered":"<p>Les op\u00e9rateurs de la fili\u00e8re de la tomate industrielle de la wilaya de Guelma ont b\u00e9n\u00e9fici\u00e9 d\u2019autorisations exceptionnelles pour se<\/p>\n","protected":false},"author":3,"featured_media":3415,"comment_status":"open","ping_status":"closed","sticky":false,"template":"","format":"standard","meta":{"colormag_page_container_layout":"default_layout","colormag_page_sidebar_layout":"default_layout","om_disable_all_campaigns":false,"_monsterinsights_skip_tracking":false,"_monsterinsights_sitenote_active":false,"_monsterinsights_sitenote_note":"","_monsterinsights_sitenote_category":0,"footnotes":"","_wpscppro_dont_share_socialmedia":false,"_wpscppro_custom_social_share_image":0,"_facebook_share_type":"","_twitter_share_type":"","_linkedin_share_type":"","_pinterest_share_type":"","_linkedin_share_type_page":"","_instagram_share_type":"","_medium_share_type":"","_threads_share_type":"","_google_business_share_type":"","_selected_social_profile":[],"_wpsp_enable_custom_social_template":false,"_wpsp_social_scheduling":{"enabled":false,"datetime":null,"platforms":[],"status":"template_only","dateOption":"today","timeOption":"now","customDays":"","customHours":"","customDate":"","customTime":"","schedulingType":"absolute"},"_wpsp_active_default_template":true},"categories":[31],"tags":[],"class_list":["post-3401","post","type-post","status-publish","format-standard","has-post-thumbnail","hentry","category-regions"],"aioseo_notices":[],"yoast_head":"<!-- This site is optimized with the Yoast SEO plugin v27.5 - https:\/\/yoast.com\/product\/yoast-seo-wordpress\/ -->\n<title>Guelma : Autorisations exceptionnelles pour les op\u00e9rateurs de la fili\u00e8re de la tomate industrielle - La Sentinelle<\/title>\n<meta name=\"robots\" content=\"index, follow, max-snippet:-1, max-image-preview:large, max-video-preview:-1\" \/>\n<link rel=\"canonical\" href=\"https:\/\/lasentinelle.dz\/index.php\/2021\/08\/04\/guelma-autorisations-exceptionnelles-pour-les-operateurs-de-la-filiere-de-la-tomate-industrielle\/\" \/>\n<meta property=\"og:locale\" content=\"fr_FR\" \/>\n<meta property=\"og:type\" content=\"article\" \/>\n<meta property=\"og:title\" content=\"Guelma : Autorisations exceptionnelles pour les op\u00e9rateurs de la fili\u00e8re de la tomate industrielle - La Sentinelle\" \/>\n<meta property=\"og:description\" content=\"Les op\u00e9rateurs de la fili\u00e8re de la tomate industrielle de la wilaya de Guelma ont b\u00e9n\u00e9fici\u00e9 d\u2019autorisations exceptionnelles pour se\" \/>\n<meta property=\"og:url\" content=\"https:\/\/lasentinelle.dz\/index.php\/2021\/08\/04\/guelma-autorisations-exceptionnelles-pour-les-operateurs-de-la-filiere-de-la-tomate-industrielle\/\" \/>\n<meta property=\"og:site_name\" content=\"La Sentinelle\" \/>\n<meta property=\"article:publisher\" content=\"https:\/\/www.facebook.com\/La-Sentinelle-104059864394773\" \/>\n<meta property=\"article:published_time\" content=\"2021-08-03T23:01:00+00:00\" \/>\n<meta property=\"og:image\" content=\"https:\/\/lasentinelle.dz\/wp-content\/uploads\/2021\/08\/tomate-1024x655.png\" \/>\n\t<meta property=\"og:image:width\" content=\"1024\" \/>\n\t<meta property=\"og:image:height\" content=\"655\" \/>\n\t<meta property=\"og:image:type\" content=\"image\/png\" \/>\n<meta name=\"author\" content=\"La Sentinelle\" \/>\n<meta name=\"twitter:card\" content=\"summary_large_image\" \/>\n<meta name=\"twitter:label1\" content=\"\u00c9crit par\" \/>\n\t<meta name=\"twitter:data1\" content=\"La Sentinelle\" \/>\n\t<meta name=\"twitter:label2\" content=\"Dur\u00e9e de lecture estim\u00e9e\" \/>\n\t<meta name=\"twitter:data2\" content=\"2 minutes\" \/>\n<script type=\"application\/ld+json\" class=\"yoast-schema-graph\">{\"@context\":\"https:\\\/\\\/schema.org\",\"@graph\":[{\"@type\":\"Article\",\"@id\":\"https:\\\/\\\/lasentinelle.dz\\\/index.php\\\/2021\\\/08\\\/04\\\/guelma-autorisations-exceptionnelles-pour-les-operateurs-de-la-filiere-de-la-tomate-industrielle\\\/#article\",\"isPartOf\":{\"@id\":\"https:\\\/\\\/lasentinelle.dz\\\/index.php\\\/2021\\\/08\\\/04\\\/guelma-autorisations-exceptionnelles-pour-les-operateurs-de-la-filiere-de-la-tomate-industrielle\\\/\"},\"author\":{\"name\":\"La Sentinelle\",\"@id\":\"https:\\\/\\\/lasentinelle.dz\\\/#\\\/schema\\\/person\\\/d865044e22e70a75174ce8bcad3acfb3\"},\"headline\":\"Guelma : Autorisations exceptionnelles pour les op\u00e9rateurs de la fili\u00e8re de la tomate industrielle\",\"datePublished\":\"2021-08-03T23:01:00+00:00\",\"mainEntityOfPage\":{\"@id\":\"https:\\\/\\\/lasentinelle.dz\\\/index.php\\\/2021\\\/08\\\/04\\\/guelma-autorisations-exceptionnelles-pour-les-operateurs-de-la-filiere-de-la-tomate-industrielle\\\/\"},\"wordCount\":418,\"commentCount\":0,\"publisher\":{\"@id\":\"https:\\\/\\\/lasentinelle.dz\\\/#organization\"},\"image\":{\"@id\":\"https:\\\/\\\/lasentinelle.dz\\\/index.php\\\/2021\\\/08\\\/04\\\/guelma-autorisations-exceptionnelles-pour-les-operateurs-de-la-filiere-de-la-tomate-industrielle\\\/#primaryimage\"},\"thumbnailUrl\":\"https:\\\/\\\/lasentinelle.dz\\\/wp-content\\\/uploads\\\/2021\\\/08\\\/tomate.png\",\"articleSection\":[\"R\u00e9gions\"],\"inLanguage\":\"fr-FR\",\"potentialAction\":[{\"@type\":\"CommentAction\",\"name\":\"Comment\",\"target\":[\"https:\\\/\\\/lasentinelle.dz\\\/index.php\\\/2021\\\/08\\\/04\\\/guelma-autorisations-exceptionnelles-pour-les-operateurs-de-la-filiere-de-la-tomate-industrielle\\\/#respond\"]}]},{\"@type\":\"WebPage\",\"@id\":\"https:\\\/\\\/lasentinelle.dz\\\/index.php\\\/2021\\\/08\\\/04\\\/guelma-autorisations-exceptionnelles-pour-les-operateurs-de-la-filiere-de-la-tomate-industrielle\\\/\",\"url\":\"https:\\\/\\\/lasentinelle.dz\\\/index.php\\\/2021\\\/08\\\/04\\\/guelma-autorisations-exceptionnelles-pour-les-operateurs-de-la-filiere-de-la-tomate-industrielle\\\/\",\"name\":\"Guelma : Autorisations exceptionnelles pour les op\u00e9rateurs de la fili\u00e8re de la tomate industrielle - La Sentinelle\",\"isPartOf\":{\"@id\":\"https:\\\/\\\/lasentinelle.dz\\\/#website\"},\"primaryImageOfPage\":{\"@id\":\"https:\\\/\\\/lasentinelle.dz\\\/index.php\\\/2021\\\/08\\\/04\\\/guelma-autorisations-exceptionnelles-pour-les-operateurs-de-la-filiere-de-la-tomate-industrielle\\\/#primaryimage\"},\"image\":{\"@id\":\"https:\\\/\\\/lasentinelle.dz\\\/index.php\\\/2021\\\/08\\\/04\\\/guelma-autorisations-exceptionnelles-pour-les-operateurs-de-la-filiere-de-la-tomate-industrielle\\\/#primaryimage\"},\"thumbnailUrl\":\"https:\\\/\\\/lasentinelle.dz\\\/wp-content\\\/uploads\\\/2021\\\/08\\\/tomate.png\",\"datePublished\":\"2021-08-03T23:01:00+00:00\",\"breadcrumb\":{\"@id\":\"https:\\\/\\\/lasentinelle.dz\\\/index.php\\\/2021\\\/08\\\/04\\\/guelma-autorisations-exceptionnelles-pour-les-operateurs-de-la-filiere-de-la-tomate-industrielle\\\/#breadcrumb\"},\"inLanguage\":\"fr-FR\",\"potentialAction\":[{\"@type\":\"ReadAction\",\"target\":[\"https:\\\/\\\/lasentinelle.dz\\\/index.php\\\/2021\\\/08\\\/04\\\/guelma-autorisations-exceptionnelles-pour-les-operateurs-de-la-filiere-de-la-tomate-industrielle\\\/\"]}]},{\"@type\":\"ImageObject\",\"inLanguage\":\"fr-FR\",\"@id\":\"https:\\\/\\\/lasentinelle.dz\\\/index.php\\\/2021\\\/08\\\/04\\\/guelma-autorisations-exceptionnelles-pour-les-operateurs-de-la-filiere-de-la-tomate-industrielle\\\/#primaryimage\",\"url\":\"https:\\\/\\\/lasentinelle.dz\\\/wp-content\\\/uploads\\\/2021\\\/08\\\/tomate.png\",\"contentUrl\":\"https:\\\/\\\/lasentinelle.dz\\\/wp-content\\\/uploads\\\/2021\\\/08\\\/tomate.png\",\"width\":1406,\"height\":900},{\"@type\":\"BreadcrumbList\",\"@id\":\"https:\\\/\\\/lasentinelle.dz\\\/index.php\\\/2021\\\/08\\\/04\\\/guelma-autorisations-exceptionnelles-pour-les-operateurs-de-la-filiere-de-la-tomate-industrielle\\\/#breadcrumb\",\"itemListElement\":[{\"@type\":\"ListItem\",\"position\":1,\"name\":\"Accueil\",\"item\":\"https:\\\/\\\/lasentinelle.dz\\\/\"},{\"@type\":\"ListItem\",\"position\":2,\"name\":\"Guelma : Autorisations exceptionnelles pour les op\u00e9rateurs de la fili\u00e8re de la tomate industrielle\"}]},{\"@type\":\"WebSite\",\"@id\":\"https:\\\/\\\/lasentinelle.dz\\\/#website\",\"url\":\"https:\\\/\\\/lasentinelle.dz\\\/\",\"name\":\"La Sentinelle\",\"description\":\"Quotidien national d&#039;information\",\"publisher\":{\"@id\":\"https:\\\/\\\/lasentinelle.dz\\\/#organization\"},\"potentialAction\":[{\"@type\":\"SearchAction\",\"target\":{\"@type\":\"EntryPoint\",\"urlTemplate\":\"https:\\\/\\\/lasentinelle.dz\\\/?s={search_term_string}\"},\"query-input\":{\"@type\":\"PropertyValueSpecification\",\"valueRequired\":true,\"valueName\":\"search_term_string\"}}],\"inLanguage\":\"fr-FR\"},{\"@type\":\"Organization\",\"@id\":\"https:\\\/\\\/lasentinelle.dz\\\/#organization\",\"name\":\"Quotidien La Sentinelle\",\"url\":\"https:\\\/\\\/lasentinelle.dz\\\/\",\"logo\":{\"@type\":\"ImageObject\",\"inLanguage\":\"fr-FR\",\"@id\":\"https:\\\/\\\/lasentinelle.dz\\\/#\\\/schema\\\/logo\\\/image\\\/\",\"url\":\"https:\\\/\\\/lasentinelle.dz\\\/wp-content\\\/uploads\\\/2021\\\/09\\\/logo-sentinelleSLOGAN-1.png\",\"contentUrl\":\"https:\\\/\\\/lasentinelle.dz\\\/wp-content\\\/uploads\\\/2021\\\/09\\\/logo-sentinelleSLOGAN-1.png\",\"width\":615,\"height\":142,\"caption\":\"Quotidien La Sentinelle\"},\"image\":{\"@id\":\"https:\\\/\\\/lasentinelle.dz\\\/#\\\/schema\\\/logo\\\/image\\\/\"},\"sameAs\":[\"https:\\\/\\\/www.facebook.com\\\/La-Sentinelle-104059864394773\"]},{\"@type\":\"Person\",\"@id\":\"https:\\\/\\\/lasentinelle.dz\\\/#\\\/schema\\\/person\\\/d865044e22e70a75174ce8bcad3acfb3\",\"name\":\"La Sentinelle\",\"image\":{\"@type\":\"ImageObject\",\"inLanguage\":\"fr-FR\",\"@id\":\"https:\\\/\\\/secure.gravatar.com\\\/avatar\\\/57de8e5d4b15d43fb361a71fbb36338450fe67865b528a43dd10ef7c51a20392?s=96&d=mm&r=g\",\"url\":\"https:\\\/\\\/secure.gravatar.com\\\/avatar\\\/57de8e5d4b15d43fb361a71fbb36338450fe67865b528a43dd10ef7c51a20392?s=96&d=mm&r=g\",\"contentUrl\":\"https:\\\/\\\/secure.gravatar.com\\\/avatar\\\/57de8e5d4b15d43fb361a71fbb36338450fe67865b528a43dd10ef7c51a20392?s=96&d=mm&r=g\",\"caption\":\"La Sentinelle\"},\"sameAs\":[\"http:\\\/\\\/www.lasentinelle.dz\"],\"url\":\"https:\\\/\\\/lasentinelle.dz\\\/author\\\/redaction\\\/\"}]}<\/script>\n<!-- \/ Yoast SEO plugin. -->","yoast_head_json":{"title":"Guelma : Autorisations exceptionnelles pour les op\u00e9rateurs de la fili\u00e8re de la tomate industrielle - La Sentinelle","robots":{"index":"index","follow":"follow","max-snippet":"max-snippet:-1","max-image-preview":"max-image-preview:large","max-video-preview":"max-video-preview:-1"},"canonical":"https:\/\/lasentinelle.dz\/index.php\/2021\/08\/04\/guelma-autorisations-exceptionnelles-pour-les-operateurs-de-la-filiere-de-la-tomate-industrielle\/","og_locale":"fr_FR","og_type":"article","og_title":"Guelma : Autorisations exceptionnelles pour les op\u00e9rateurs de la fili\u00e8re de la tomate industrielle - La Sentinelle","og_description":"Les op\u00e9rateurs de la fili\u00e8re de la tomate industrielle de la wilaya de Guelma ont b\u00e9n\u00e9fici\u00e9 d\u2019autorisations exceptionnelles pour se","og_url":"https:\/\/lasentinelle.dz\/index.php\/2021\/08\/04\/guelma-autorisations-exceptionnelles-pour-les-operateurs-de-la-filiere-de-la-tomate-industrielle\/","og_site_name":"La Sentinelle","article_publisher":"https:\/\/www.facebook.com\/La-Sentinelle-104059864394773","article_published_time":"2021-08-03T23:01:00+00:00","og_image":[{"width":1024,"height":655,"url":"https:\/\/lasentinelle.dz\/wp-content\/uploads\/2021\/08\/tomate-1024x655.png","type":"image\/png"}],"author":"La Sentinelle","twitter_card":"summary_large_image","twitter_misc":{"\u00c9crit par":"La Sentinelle","Dur\u00e9e de lecture estim\u00e9e":"2 minutes"},"schema":{"@context":"https:\/\/schema.org","@graph":[{"@type":"Article","@id":"https:\/\/lasentinelle.dz\/index.php\/2021\/08\/04\/guelma-autorisations-exceptionnelles-pour-les-operateurs-de-la-filiere-de-la-tomate-industrielle\/#article","isPartOf":{"@id":"https:\/\/lasentinelle.dz\/index.php\/2021\/08\/04\/guelma-autorisations-exceptionnelles-pour-les-operateurs-de-la-filiere-de-la-tomate-industrielle\/"},"author":{"name":"La Sentinelle","@id":"https:\/\/lasentinelle.dz\/#\/schema\/person\/d865044e22e70a75174ce8bcad3acfb3"},"headline":"Guelma : Autorisations exceptionnelles pour les op\u00e9rateurs de la fili\u00e8re de la tomate industrielle","datePublished":"2021-08-03T23:01:00+00:00","mainEntityOfPage":{"@id":"https:\/\/lasentinelle.dz\/index.php\/2021\/08\/04\/guelma-autorisations-exceptionnelles-pour-les-operateurs-de-la-filiere-de-la-tomate-industrielle\/"},"wordCount":418,"commentCount":0,"publisher":{"@id":"https:\/\/lasentinelle.dz\/#organization"},"image":{"@id":"https:\/\/lasentinelle.dz\/index.php\/2021\/08\/04\/guelma-autorisations-exceptionnelles-pour-les-operateurs-de-la-filiere-de-la-tomate-industrielle\/#primaryimage"},"thumbnailUrl":"https:\/\/lasentinelle.dz\/wp-content\/uploads\/2021\/08\/tomate.png","articleSection":["R\u00e9gions"],"inLanguage":"fr-FR","potentialAction":[{"@type":"CommentAction","name":"Comment","target":["https:\/\/lasentinelle.dz\/index.php\/2021\/08\/04\/guelma-autorisations-exceptionnelles-pour-les-operateurs-de-la-filiere-de-la-tomate-industrielle\/#respond"]}]},{"@type":"WebPage","@id":"https:\/\/lasentinelle.dz\/index.php\/2021\/08\/04\/guelma-autorisations-exceptionnelles-pour-les-operateurs-de-la-filiere-de-la-tomate-industrielle\/","url":"https:\/\/lasentinelle.dz\/index.php\/2021\/08\/04\/guelma-autorisations-exceptionnelles-pour-les-operateurs-de-la-filiere-de-la-tomate-industrielle\/","name":"Guelma : Autorisations exceptionnelles pour les op\u00e9rateurs de la fili\u00e8re de la tomate industrielle - La Sentinelle","isPartOf":{"@id":"https:\/\/lasentinelle.dz\/#website"},"primaryImageOfPage":{"@id":"https:\/\/lasentinelle.dz\/index.php\/2021\/08\/04\/guelma-autorisations-exceptionnelles-pour-les-operateurs-de-la-filiere-de-la-tomate-industrielle\/#primaryimage"},"image":{"@id":"https:\/\/lasentinelle.dz\/index.php\/2021\/08\/04\/guelma-autorisations-exceptionnelles-pour-les-operateurs-de-la-filiere-de-la-tomate-industrielle\/#primaryimage"},"thumbnailUrl":"https:\/\/lasentinelle.dz\/wp-content\/uploads\/2021\/08\/tomate.png","datePublished":"2021-08-03T23:01:00+00:00","breadcrumb":{"@id":"https:\/\/lasentinelle.dz\/index.php\/2021\/08\/04\/guelma-autorisations-exceptionnelles-pour-les-operateurs-de-la-filiere-de-la-tomate-industrielle\/#breadcrumb"},"inLanguage":"fr-FR","potentialAction":[{"@type":"ReadAction","target":["https:\/\/lasentinelle.dz\/index.php\/2021\/08\/04\/guelma-autorisations-exceptionnelles-pour-les-operateurs-de-la-filiere-de-la-tomate-industrielle\/"]}]},{"@type":"ImageObject","inLanguage":"fr-FR","@id":"https:\/\/lasentinelle.dz\/index.php\/2021\/08\/04\/guelma-autorisations-exceptionnelles-pour-les-operateurs-de-la-filiere-de-la-tomate-industrielle\/#primaryimage","url":"https:\/\/lasentinelle.dz\/wp-content\/uploads\/2021\/08\/tomate.png","contentUrl":"https:\/\/lasentinelle.dz\/wp-content\/uploads\/2021\/08\/tomate.png","width":1406,"height":900},{"@type":"BreadcrumbList","@id":"https:\/\/lasentinelle.dz\/index.php\/2021\/08\/04\/guelma-autorisations-exceptionnelles-pour-les-operateurs-de-la-filiere-de-la-tomate-industrielle\/#breadcrumb","itemListElement":[{"@type":"ListItem","position":1,"name":"Accueil","item":"https:\/\/lasentinelle.dz\/"},{"@type":"ListItem","position":2,"name":"Guelma : Autorisations exceptionnelles pour les op\u00e9rateurs de la fili\u00e8re de la tomate industrielle"}]},{"@type":"WebSite","@id":"https:\/\/lasentinelle.dz\/#website","url":"https:\/\/lasentinelle.dz\/","name":"La Sentinelle","description":"Quotidien national d&#039;information","publisher":{"@id":"https:\/\/lasentinelle.dz\/#organization"},"potentialAction":[{"@type":"SearchAction","target":{"@type":"EntryPoint","urlTemplate":"https:\/\/lasentinelle.dz\/?s={search_term_string}"},"query-input":{"@type":"PropertyValueSpecification","valueRequired":true,"valueName":"search_term_string"}}],"inLanguage":"fr-FR"},{"@type":"Organization","@id":"https:\/\/lasentinelle.dz\/#organization","name":"Quotidien La Sentinelle","url":"https:\/\/lasentinelle.dz\/","logo":{"@type":"ImageObject","inLanguage":"fr-FR","@id":"https:\/\/lasentinelle.dz\/#\/schema\/logo\/image\/","url":"https:\/\/lasentinelle.dz\/wp-content\/uploads\/2021\/09\/logo-sentinelleSLOGAN-1.png","contentUrl":"https:\/\/lasentinelle.dz\/wp-content\/uploads\/2021\/09\/logo-sentinelleSLOGAN-1.png","width":615,"height":142,"caption":"Quotidien La Sentinelle"},"image":{"@id":"https:\/\/lasentinelle.dz\/#\/schema\/logo\/image\/"},"sameAs":["https:\/\/www.facebook.com\/La-Sentinelle-104059864394773"]},{"@type":"Person","@id":"https:\/\/lasentinelle.dz\/#\/schema\/person\/d865044e22e70a75174ce8bcad3acfb3","name":"La Sentinelle","image":{"@type":"ImageObject","inLanguage":"fr-FR","@id":"https:\/\/secure.gravatar.com\/avatar\/57de8e5d4b15d43fb361a71fbb36338450fe67865b528a43dd10ef7c51a20392?s=96&d=mm&r=g","url":"https:\/\/secure.gravatar.com\/avatar\/57de8e5d4b15d43fb361a71fbb36338450fe67865b528a43dd10ef7c51a20392?s=96&d=mm&r=g","contentUrl":"https:\/\/secure.gravatar.com\/avatar\/57de8e5d4b15d43fb361a71fbb36338450fe67865b528a43dd10ef7c51a20392?s=96&d=mm&r=g","caption":"La Sentinelle"},"sameAs":["http:\/\/www.lasentinelle.dz"],"url":"https:\/\/lasentinelle.dz\/author\/redaction\/"}]}},"_links":{"self":[{"href":"https:\/\/lasentinelle.dz\/index.php\/wp-json\/wp\/v2\/posts\/3401","targetHints":{"allow":["GET"]}}],"collection":[{"href":"https:\/\/lasentinelle.dz\/index.php\/wp-json\/wp\/v2\/posts"}],"about":[{"href":"https:\/\/lasentinelle.dz\/index.php\/wp-json\/wp\/v2\/types\/post"}],"author":[{"embeddable":true,"href":"https:\/\/lasentinelle.dz\/index.php\/wp-json\/wp\/v2\/users\/3"}],"replies":[{"embeddable":true,"href":"https:\/\/lasentinelle.dz\/index.php\/wp-json\/wp\/v2\/comments?post=3401"}],"version-history":[{"count":1,"href":"https:\/\/lasentinelle.dz\/index.php\/wp-json\/wp\/v2\/posts\/3401\/revisions"}],"predecessor-version":[{"id":3419,"href":"https:\/\/lasentinelle.dz\/index.php\/wp-json\/wp\/v2\/posts\/3401\/revisions\/3419"}],"wp:featuredmedia":[{"embeddable":true,"href":"https:\/\/lasentinelle.dz\/index.php\/wp-json\/wp\/v2\/media\/3415"}],"wp:attachment":[{"href":"https:\/\/lasentinelle.dz\/index.php\/wp-json\/wp\/v2\/media?parent=3401"}],"wp:term":[{"taxonomy":"category","embeddable":true,"href":"https:\/\/lasentinelle.dz\/index.php\/wp-json\/wp\/v2\/categories?post=3401"},{"taxonomy":"post_tag","embeddable":true,"href":"https:\/\/lasentinelle.dz\/index.php\/wp-json\/wp\/v2\/tags?post=3401"}],"curies":[{"name":"wp","href":"https:\/\/api.w.org\/{rel}","templated":true}]}}