{"id":34014,"date":"2023-01-10T22:10:00","date_gmt":"2023-01-10T21:10:00","guid":{"rendered":"https:\/\/lasentinelle.dz\/?p=34014"},"modified":"2023-01-10T20:29:56","modified_gmt":"2023-01-10T19:29:56","slug":"salah-goudjil-recadre-xavier-driencourt-les-motifs-neocoloniaux-dune-attaque-injustifiee","status":"publish","type":"post","link":"https:\/\/lasentinelle.dz\/index.php\/2023\/01\/10\/salah-goudjil-recadre-xavier-driencourt-les-motifs-neocoloniaux-dune-attaque-injustifiee\/","title":{"rendered":"Salah Goudjil recadre Xavier Driencourt\u00a0: Les motifs n\u00e9ocoloniaux d\u2019une attaque injustifi\u00e9e"},"content":{"rendered":"\n<p>Le pr\u00e9sident du Conseil de la Nation, Salah Goudjil, a r\u00e9agi \u00e0 la violente tribune \u00e0 l\u2019\u00e9gard de l\u2019Alg\u00e9rie, publi\u00e9e dimanche 8 janvier 2023, par l&rsquo;ancien ambassadeur de France en Alg\u00e9rie, Xavier Driencourt, dans les colonnes du quotidien fran\u00e7ais le Figaro.<\/p>\n\n\n\n<p>Dans son article intitul\u00e9 \u00abL\u2019Alg\u00e9rie s\u2019effondre, entra\u00eenera-t-elle la France dans sa chute?\u00bb, l\u2019ancien diplomate fran\u00e7ais a bross\u00e9 un tableau extr\u00eamement alarmiste de la situation politico-\u00e9conomique de l\u2019Alg\u00e9rie et critiqu\u00e9 la politique de rapprochement pr\u00f4n\u00e9e par le pr\u00e9sident Macron vis-\u00e0-vis de notre pays.Xavier Driencourt qui a effectu\u00e9 deux passages \u00e0 Alger en tant qu\u2019ambassadeur a pr\u00e9sent\u00e9 l\u2019Alg\u00e9rie comme un pays au bord de la dislocation, ce qui est bien \u00e9videmment tr\u00e8s loin de correspondre \u00e0 la r\u00e9alit\u00e9.&nbsp; Il a vers\u00e9 dans un catastrophisme que rien ne justifie. Objectivement, l\u2019Alg\u00e9rie se porte bien mieux qu\u2019il y a 3 ou 4 ans. M\u00eame durant la d\u00e9cennie 90 aucun gouvernement fran\u00e7ais ne s\u2019\u00e9tait hasard\u00e9 \u00e0 pr\u00e9senter l\u2019Alg\u00e9rie comme un pays au bord de l\u2019effondrement.<\/p>\n\n\n\n<p>Qu\u2019est-ce qui fait courir donc Xavier Driencourt ? Veut-il r\u00e9gler ses comptes avec les autorit\u00e9s alg\u00e9riennes qui l\u2019ont pratiquement pouss\u00e9 vers la porte de sortie en 2020 en raison de ses ing\u00e9rences r\u00e9p\u00e9t\u00e9es dans la politique interne de l\u2019Alg\u00e9rie ? Parle-t-il au nom d\u2019un lobby en France (les nostalgiques de l\u2019Alg\u00e9rie fran\u00e7aise) qui ne veut pas entendre parler d\u2019un rapprochement entre l\u2019Alg\u00e9rie et la France ? Roule-t-il pour une puissance r\u00e9gionale concurrente de l\u2019Alg\u00e9rie ? Pour beaucoup d\u2019observateurs de la sc\u00e8ne politique fran\u00e7aise, il y a un peu tout. C\u2019est ce que pense aussi Salah Goudjil, deuxi\u00e8me personnage de l\u2019Etat.&nbsp;&nbsp;<\/p>\n\n\n\n<p>Dans un discours prononc\u00e9 hier devant les membres de la Chambre haute du Parlement, M. Goudjil soutient d\u2019abord que Xavier Driencourt, sans le citer nomm\u00e9ment, \u00ab ne supporte pas que l\u2019Alg\u00e9rie ait r\u00e9ussi \u00e0 pr\u00e9server l&rsquo;ind\u00e9pendance de sa d\u00e9cision politique et restaur\u00e9 sa place dans les instances internationales \u00bb. \u00ab Forc\u00e9ment, cela inqui\u00e8te les ennemis et leurs r\u00e9seaux \u00bb, a-t-il indiqu\u00e9. Le pr\u00e9sident du Conseil de la nation estime que \u00abquand on entend des d\u00e9clarations, notamment de ceux qui exer\u00e7aient des responsabilit\u00e9s li\u00e9es \u00e0 leur pays, proche de l&rsquo;Alg\u00e9rie, et du pessimisme qu\u2019ils manifestent concernant l&rsquo;avenir de l&rsquo;Alg\u00e9rie, cela veut dire que les vestiges du colonialisme sont toujours pr\u00e9sents et que les id\u00e9es du colonialisme sont toujours pr\u00e9sentes\u00bb. Le Pr\u00e9sident du Conseil de la Nation a soutenu, \u00e0 ce propos, que les d\u00e9clarations du diplomate fran\u00e7ais aujourd\u2019hui \u00e0 la retraite \u00ab incitent \u00e0 la prudence pour se mobiliser face au nouveau colonialisme \u00bb.<\/p>\n\n\n\n<p>Dans son interpr\u00e9tation de la sortie m\u00e9diatique de l&rsquo;ancien ambassadeur de France en Alg\u00e9rie, le pr\u00e9sident du Conseil de la Nation l&rsquo;explique \u00e9galement par le fait que l&rsquo;Alg\u00e9rie a contribu\u00e9 \u00e0 la lib\u00e9ration des autres peuples colonis\u00e9s et reste aujourd\u2019hui sur le m\u00eame principe en soutenant les peuples palestinien et sahraoui. \u00abCette \u00e9tape doit \u00eatre comprise que nous l&rsquo;avons franchie, et l&rsquo;Alg\u00e9rie d&rsquo;aujourd&rsquo;hui n&rsquo;est pas l&rsquo;Alg\u00e9rie d&rsquo;hier\u00bb, a conclu Salah Goudjil dans sa r\u00e9ponse \u00e0 Xavier Driencourt. Une r\u00e9ponse dont le dosage para\u00eet avoir \u00e9t\u00e9 \u00e9tudi\u00e9.<\/p>\n\n\n\n<p>Le pr\u00e9sident du Conseil de la Nation a sans aucun doute raison de faire le parall\u00e8le entre la tribune de Xavier Driencourt et le lobby pro Alg\u00e9rie-fran\u00e7aise (ou lobby anti-alg\u00e9rien). Dans ses attaques contre l\u2019Alg\u00e9rie, l\u2019ancien diplomate fran\u00e7ais a certainement voulu faire d\u2019une pierre plusieurs coups. Il tente d\u2019abord de s\u2019attaquer au bilan du pr\u00e9sident Abdelmadjid Tebboune qui avait accord\u00e9 le 29 d\u00e9cembre dernier un entretien au Figaro, le m\u00eame quotidien dans lequel il a publi\u00e9 son texte. Il s\u2019agit donc d\u2019une sorte de r\u00e9ponse au chef de l\u2019Etat alg\u00e9rien. Son id\u00e9e consiste certainement \u00e0 essayer d\u2019accr\u00e9diter l\u2019id\u00e9e que l\u2019Alg\u00e9rie est devenue un pays infr\u00e9quentable. Il s\u2019est employ\u00e9 par ailleurs a dress\u00e9 l\u2019opinion fran\u00e7aise contre le pr\u00e9sident Emmanuel Macron afin de l\u2019amener \u00e0 faire volte face et \u00e0 revoir son approche \u00e0 l\u2019\u00e9gard de l\u2019Alg\u00e9rie. Son but inavou\u00e9 est de faire plonger \u00e0 nouveau les relations alg\u00e9ro-fran\u00e7aises dans un cycle de tensions. D\u2019ailleurs Driencourt invite clairement Emmanuel Macron \u00e0 engager un rapport de force avec l\u2019Alg\u00e9rie, son but final \u00e9tant d\u2019emp\u00eacher toute perspective de coop\u00e9ration avec l\u2019Alg\u00e9rie.<\/p>\n\n\n\n<p>La D\u00e9claration d\u2019Alger pour un Partenariat renouvel\u00e9 entre la France et l\u2019Alg\u00e9rie sign\u00e9e le 27 ao\u00fbt dernier par Abdelmadjid Tebboune et Emmanuel Macron (apr\u00e8s plusieurs mois de brouille diplomatique) permet un champ de coop\u00e9ration tr\u00e8s large entre l\u2019Alg\u00e9rie et la France. Un champ qui englobe \u00e9galement la coop\u00e9ration militaire, ce qui est une premi\u00e8re entre les deux pays. A en juger par la sortie de Xavier Driencourt, il semble bien que des forces en France sont pr\u00eates \u00e0 tout pour que cela ne se produise pas. La question maintenant est de savoir comment le pr\u00e9sident fran\u00e7ais se comportera vis-\u00e0-vis de ces tentatives de parasitage de sa politique \u00e9trang\u00e8re.<\/p>\n\n\n\n<p><strong>Khider Larbi<\/strong><\/p>\n","protected":false},"excerpt":{"rendered":"<p>Le pr\u00e9sident du Conseil de la Nation, Salah Goudjil, a r\u00e9agi \u00e0 la violente tribune \u00e0 l\u2019\u00e9gard de l\u2019Alg\u00e9rie, publi\u00e9e<\/p>\n","protected":false},"author":3,"featured_media":14061,"comment_status":"open","ping_status":"closed","sticky":false,"template":"","format":"standard","meta":{"colormag_page_container_layout":"default_layout","colormag_page_sidebar_layout":"default_layout","om_disable_all_campaigns":false,"_monsterinsights_skip_tracking":false,"_monsterinsights_sitenote_active":false,"_monsterinsights_sitenote_note":"","_monsterinsights_sitenote_category":0,"footnotes":"","_wpscppro_dont_share_socialmedia":false,"_wpscppro_custom_social_share_image":0,"_facebook_share_type":"","_twitter_share_type":"","_linkedin_share_type":"","_pinterest_share_type":"","_linkedin_share_type_page":"","_instagram_share_type":"","_medium_share_type":"","_threads_share_type":"","_google_business_share_type":"","_selected_social_profile":[],"_wpsp_enable_custom_social_template":false,"_wpsp_social_scheduling":{"enabled":false,"datetime":null,"platforms":[],"status":"template_only","dateOption":"today","timeOption":"now","customDays":"","customHours":"","customDate":"","customTime":"","schedulingType":"absolute"},"_wpsp_active_default_template":true},"categories":[52,27],"tags":[],"class_list":["post-34014","post","type-post","status-publish","format-standard","has-post-thumbnail","hentry","category-a-la-une","category-actualite"],"aioseo_notices":[],"yoast_head":"<!-- This site is optimized with the Yoast SEO plugin v27.5 - https:\/\/yoast.com\/product\/yoast-seo-wordpress\/ -->\n<title>Salah Goudjil recadre Xavier Driencourt\u00a0: Les motifs n\u00e9ocoloniaux d\u2019une attaque injustifi\u00e9e - La Sentinelle<\/title>\n<meta name=\"robots\" content=\"index, follow, max-snippet:-1, max-image-preview:large, max-video-preview:-1\" \/>\n<link rel=\"canonical\" href=\"https:\/\/lasentinelle.dz\/index.php\/2023\/01\/10\/salah-goudjil-recadre-xavier-driencourt-les-motifs-neocoloniaux-dune-attaque-injustifiee\/\" \/>\n<meta property=\"og:locale\" content=\"fr_FR\" \/>\n<meta property=\"og:type\" content=\"article\" \/>\n<meta property=\"og:title\" content=\"Salah Goudjil recadre Xavier Driencourt\u00a0: Les motifs n\u00e9ocoloniaux d\u2019une attaque injustifi\u00e9e - La Sentinelle\" \/>\n<meta property=\"og:description\" content=\"Le pr\u00e9sident du Conseil de la Nation, Salah Goudjil, a r\u00e9agi \u00e0 la violente tribune \u00e0 l\u2019\u00e9gard de l\u2019Alg\u00e9rie, publi\u00e9e\" \/>\n<meta property=\"og:url\" content=\"https:\/\/lasentinelle.dz\/index.php\/2023\/01\/10\/salah-goudjil-recadre-xavier-driencourt-les-motifs-neocoloniaux-dune-attaque-injustifiee\/\" \/>\n<meta property=\"og:site_name\" content=\"La Sentinelle\" \/>\n<meta property=\"article:publisher\" content=\"https:\/\/www.facebook.com\/La-Sentinelle-104059864394773\" \/>\n<meta property=\"article:published_time\" content=\"2023-01-10T21:10:00+00:00\" \/>\n<meta property=\"og:image\" content=\"https:\/\/lasentinelle.dz\/wp-content\/uploads\/2021\/11\/Salah-Goudjil.png\" \/>\n\t<meta property=\"og:image:width\" content=\"1617\" \/>\n\t<meta property=\"og:image:height\" content=\"900\" \/>\n\t<meta property=\"og:image:type\" content=\"image\/png\" \/>\n<meta name=\"author\" content=\"La Sentinelle\" \/>\n<meta name=\"twitter:card\" content=\"summary_large_image\" \/>\n<meta name=\"twitter:label1\" content=\"\u00c9crit par\" \/>\n\t<meta name=\"twitter:data1\" content=\"La Sentinelle\" \/>\n\t<meta name=\"twitter:label2\" content=\"Dur\u00e9e de lecture estim\u00e9e\" \/>\n\t<meta name=\"twitter:data2\" content=\"4 minutes\" \/>\n<script type=\"application\/ld+json\" class=\"yoast-schema-graph\">{\"@context\":\"https:\\\/\\\/schema.org\",\"@graph\":[{\"@type\":\"Article\",\"@id\":\"https:\\\/\\\/lasentinelle.dz\\\/index.php\\\/2023\\\/01\\\/10\\\/salah-goudjil-recadre-xavier-driencourt-les-motifs-neocoloniaux-dune-attaque-injustifiee\\\/#article\",\"isPartOf\":{\"@id\":\"https:\\\/\\\/lasentinelle.dz\\\/index.php\\\/2023\\\/01\\\/10\\\/salah-goudjil-recadre-xavier-driencourt-les-motifs-neocoloniaux-dune-attaque-injustifiee\\\/\"},\"author\":{\"name\":\"La Sentinelle\",\"@id\":\"https:\\\/\\\/lasentinelle.dz\\\/#\\\/schema\\\/person\\\/d865044e22e70a75174ce8bcad3acfb3\"},\"headline\":\"Salah Goudjil recadre Xavier Driencourt\u00a0: Les motifs n\u00e9ocoloniaux d\u2019une attaque injustifi\u00e9e\",\"datePublished\":\"2023-01-10T21:10:00+00:00\",\"mainEntityOfPage\":{\"@id\":\"https:\\\/\\\/lasentinelle.dz\\\/index.php\\\/2023\\\/01\\\/10\\\/salah-goudjil-recadre-xavier-driencourt-les-motifs-neocoloniaux-dune-attaque-injustifiee\\\/\"},\"wordCount\":953,\"commentCount\":1,\"publisher\":{\"@id\":\"https:\\\/\\\/lasentinelle.dz\\\/#organization\"},\"image\":{\"@id\":\"https:\\\/\\\/lasentinelle.dz\\\/index.php\\\/2023\\\/01\\\/10\\\/salah-goudjil-recadre-xavier-driencourt-les-motifs-neocoloniaux-dune-attaque-injustifiee\\\/#primaryimage\"},\"thumbnailUrl\":\"https:\\\/\\\/lasentinelle.dz\\\/wp-content\\\/uploads\\\/2021\\\/11\\\/Salah-Goudjil.png\",\"articleSection\":[\"\u00c0 la Une\",\"Actualit\u00e9\"],\"inLanguage\":\"fr-FR\",\"potentialAction\":[{\"@type\":\"CommentAction\",\"name\":\"Comment\",\"target\":[\"https:\\\/\\\/lasentinelle.dz\\\/index.php\\\/2023\\\/01\\\/10\\\/salah-goudjil-recadre-xavier-driencourt-les-motifs-neocoloniaux-dune-attaque-injustifiee\\\/#respond\"]}]},{\"@type\":\"WebPage\",\"@id\":\"https:\\\/\\\/lasentinelle.dz\\\/index.php\\\/2023\\\/01\\\/10\\\/salah-goudjil-recadre-xavier-driencourt-les-motifs-neocoloniaux-dune-attaque-injustifiee\\\/\",\"url\":\"https:\\\/\\\/lasentinelle.dz\\\/index.php\\\/2023\\\/01\\\/10\\\/salah-goudjil-recadre-xavier-driencourt-les-motifs-neocoloniaux-dune-attaque-injustifiee\\\/\",\"name\":\"Salah Goudjil recadre Xavier Driencourt\u00a0: Les motifs n\u00e9ocoloniaux d\u2019une attaque injustifi\u00e9e - La Sentinelle\",\"isPartOf\":{\"@id\":\"https:\\\/\\\/lasentinelle.dz\\\/#website\"},\"primaryImageOfPage\":{\"@id\":\"https:\\\/\\\/lasentinelle.dz\\\/index.php\\\/2023\\\/01\\\/10\\\/salah-goudjil-recadre-xavier-driencourt-les-motifs-neocoloniaux-dune-attaque-injustifiee\\\/#primaryimage\"},\"image\":{\"@id\":\"https:\\\/\\\/lasentinelle.dz\\\/index.php\\\/2023\\\/01\\\/10\\\/salah-goudjil-recadre-xavier-driencourt-les-motifs-neocoloniaux-dune-attaque-injustifiee\\\/#primaryimage\"},\"thumbnailUrl\":\"https:\\\/\\\/lasentinelle.dz\\\/wp-content\\\/uploads\\\/2021\\\/11\\\/Salah-Goudjil.png\",\"datePublished\":\"2023-01-10T21:10:00+00:00\",\"breadcrumb\":{\"@id\":\"https:\\\/\\\/lasentinelle.dz\\\/index.php\\\/2023\\\/01\\\/10\\\/salah-goudjil-recadre-xavier-driencourt-les-motifs-neocoloniaux-dune-attaque-injustifiee\\\/#breadcrumb\"},\"inLanguage\":\"fr-FR\",\"potentialAction\":[{\"@type\":\"ReadAction\",\"target\":[\"https:\\\/\\\/lasentinelle.dz\\\/index.php\\\/2023\\\/01\\\/10\\\/salah-goudjil-recadre-xavier-driencourt-les-motifs-neocoloniaux-dune-attaque-injustifiee\\\/\"]}]},{\"@type\":\"ImageObject\",\"inLanguage\":\"fr-FR\",\"@id\":\"https:\\\/\\\/lasentinelle.dz\\\/index.php\\\/2023\\\/01\\\/10\\\/salah-goudjil-recadre-xavier-driencourt-les-motifs-neocoloniaux-dune-attaque-injustifiee\\\/#primaryimage\",\"url\":\"https:\\\/\\\/lasentinelle.dz\\\/wp-content\\\/uploads\\\/2021\\\/11\\\/Salah-Goudjil.png\",\"contentUrl\":\"https:\\\/\\\/lasentinelle.dz\\\/wp-content\\\/uploads\\\/2021\\\/11\\\/Salah-Goudjil.png\",\"width\":1617,\"height\":900},{\"@type\":\"BreadcrumbList\",\"@id\":\"https:\\\/\\\/lasentinelle.dz\\\/index.php\\\/2023\\\/01\\\/10\\\/salah-goudjil-recadre-xavier-driencourt-les-motifs-neocoloniaux-dune-attaque-injustifiee\\\/#breadcrumb\",\"itemListElement\":[{\"@type\":\"ListItem\",\"position\":1,\"name\":\"Accueil\",\"item\":\"https:\\\/\\\/lasentinelle.dz\\\/\"},{\"@type\":\"ListItem\",\"position\":2,\"name\":\"Salah Goudjil recadre Xavier Driencourt\u00a0: Les motifs n\u00e9ocoloniaux d\u2019une attaque injustifi\u00e9e\"}]},{\"@type\":\"WebSite\",\"@id\":\"https:\\\/\\\/lasentinelle.dz\\\/#website\",\"url\":\"https:\\\/\\\/lasentinelle.dz\\\/\",\"name\":\"La Sentinelle\",\"description\":\"Quotidien national d&#039;information\",\"publisher\":{\"@id\":\"https:\\\/\\\/lasentinelle.dz\\\/#organization\"},\"potentialAction\":[{\"@type\":\"SearchAction\",\"target\":{\"@type\":\"EntryPoint\",\"urlTemplate\":\"https:\\\/\\\/lasentinelle.dz\\\/?s={search_term_string}\"},\"query-input\":{\"@type\":\"PropertyValueSpecification\",\"valueRequired\":true,\"valueName\":\"search_term_string\"}}],\"inLanguage\":\"fr-FR\"},{\"@type\":\"Organization\",\"@id\":\"https:\\\/\\\/lasentinelle.dz\\\/#organization\",\"name\":\"Quotidien La Sentinelle\",\"url\":\"https:\\\/\\\/lasentinelle.dz\\\/\",\"logo\":{\"@type\":\"ImageObject\",\"inLanguage\":\"fr-FR\",\"@id\":\"https:\\\/\\\/lasentinelle.dz\\\/#\\\/schema\\\/logo\\\/image\\\/\",\"url\":\"https:\\\/\\\/lasentinelle.dz\\\/wp-content\\\/uploads\\\/2021\\\/09\\\/logo-sentinelleSLOGAN-1.png\",\"contentUrl\":\"https:\\\/\\\/lasentinelle.dz\\\/wp-content\\\/uploads\\\/2021\\\/09\\\/logo-sentinelleSLOGAN-1.png\",\"width\":615,\"height\":142,\"caption\":\"Quotidien La Sentinelle\"},\"image\":{\"@id\":\"https:\\\/\\\/lasentinelle.dz\\\/#\\\/schema\\\/logo\\\/image\\\/\"},\"sameAs\":[\"https:\\\/\\\/www.facebook.com\\\/La-Sentinelle-104059864394773\"]},{\"@type\":\"Person\",\"@id\":\"https:\\\/\\\/lasentinelle.dz\\\/#\\\/schema\\\/person\\\/d865044e22e70a75174ce8bcad3acfb3\",\"name\":\"La Sentinelle\",\"image\":{\"@type\":\"ImageObject\",\"inLanguage\":\"fr-FR\",\"@id\":\"https:\\\/\\\/secure.gravatar.com\\\/avatar\\\/57de8e5d4b15d43fb361a71fbb36338450fe67865b528a43dd10ef7c51a20392?s=96&d=mm&r=g\",\"url\":\"https:\\\/\\\/secure.gravatar.com\\\/avatar\\\/57de8e5d4b15d43fb361a71fbb36338450fe67865b528a43dd10ef7c51a20392?s=96&d=mm&r=g\",\"contentUrl\":\"https:\\\/\\\/secure.gravatar.com\\\/avatar\\\/57de8e5d4b15d43fb361a71fbb36338450fe67865b528a43dd10ef7c51a20392?s=96&d=mm&r=g\",\"caption\":\"La Sentinelle\"},\"sameAs\":[\"http:\\\/\\\/www.lasentinelle.dz\"],\"url\":\"https:\\\/\\\/lasentinelle.dz\\\/author\\\/redaction\\\/\"}]}<\/script>\n<!-- \/ Yoast SEO plugin. -->","yoast_head_json":{"title":"Salah Goudjil recadre Xavier Driencourt\u00a0: Les motifs n\u00e9ocoloniaux d\u2019une attaque injustifi\u00e9e - La Sentinelle","robots":{"index":"index","follow":"follow","max-snippet":"max-snippet:-1","max-image-preview":"max-image-preview:large","max-video-preview":"max-video-preview:-1"},"canonical":"https:\/\/lasentinelle.dz\/index.php\/2023\/01\/10\/salah-goudjil-recadre-xavier-driencourt-les-motifs-neocoloniaux-dune-attaque-injustifiee\/","og_locale":"fr_FR","og_type":"article","og_title":"Salah Goudjil recadre Xavier Driencourt\u00a0: Les motifs n\u00e9ocoloniaux d\u2019une attaque injustifi\u00e9e - La Sentinelle","og_description":"Le pr\u00e9sident du Conseil de la Nation, Salah Goudjil, a r\u00e9agi \u00e0 la violente tribune \u00e0 l\u2019\u00e9gard de l\u2019Alg\u00e9rie, publi\u00e9e","og_url":"https:\/\/lasentinelle.dz\/index.php\/2023\/01\/10\/salah-goudjil-recadre-xavier-driencourt-les-motifs-neocoloniaux-dune-attaque-injustifiee\/","og_site_name":"La Sentinelle","article_publisher":"https:\/\/www.facebook.com\/La-Sentinelle-104059864394773","article_published_time":"2023-01-10T21:10:00+00:00","og_image":[{"width":1617,"height":900,"url":"https:\/\/lasentinelle.dz\/wp-content\/uploads\/2021\/11\/Salah-Goudjil.png","type":"image\/png"}],"author":"La Sentinelle","twitter_card":"summary_large_image","twitter_misc":{"\u00c9crit par":"La Sentinelle","Dur\u00e9e de lecture estim\u00e9e":"4 minutes"},"schema":{"@context":"https:\/\/schema.org","@graph":[{"@type":"Article","@id":"https:\/\/lasentinelle.dz\/index.php\/2023\/01\/10\/salah-goudjil-recadre-xavier-driencourt-les-motifs-neocoloniaux-dune-attaque-injustifiee\/#article","isPartOf":{"@id":"https:\/\/lasentinelle.dz\/index.php\/2023\/01\/10\/salah-goudjil-recadre-xavier-driencourt-les-motifs-neocoloniaux-dune-attaque-injustifiee\/"},"author":{"name":"La Sentinelle","@id":"https:\/\/lasentinelle.dz\/#\/schema\/person\/d865044e22e70a75174ce8bcad3acfb3"},"headline":"Salah Goudjil recadre Xavier Driencourt\u00a0: Les motifs n\u00e9ocoloniaux d\u2019une attaque injustifi\u00e9e","datePublished":"2023-01-10T21:10:00+00:00","mainEntityOfPage":{"@id":"https:\/\/lasentinelle.dz\/index.php\/2023\/01\/10\/salah-goudjil-recadre-xavier-driencourt-les-motifs-neocoloniaux-dune-attaque-injustifiee\/"},"wordCount":953,"commentCount":1,"publisher":{"@id":"https:\/\/lasentinelle.dz\/#organization"},"image":{"@id":"https:\/\/lasentinelle.dz\/index.php\/2023\/01\/10\/salah-goudjil-recadre-xavier-driencourt-les-motifs-neocoloniaux-dune-attaque-injustifiee\/#primaryimage"},"thumbnailUrl":"https:\/\/lasentinelle.dz\/wp-content\/uploads\/2021\/11\/Salah-Goudjil.png","articleSection":["\u00c0 la Une","Actualit\u00e9"],"inLanguage":"fr-FR","potentialAction":[{"@type":"CommentAction","name":"Comment","target":["https:\/\/lasentinelle.dz\/index.php\/2023\/01\/10\/salah-goudjil-recadre-xavier-driencourt-les-motifs-neocoloniaux-dune-attaque-injustifiee\/#respond"]}]},{"@type":"WebPage","@id":"https:\/\/lasentinelle.dz\/index.php\/2023\/01\/10\/salah-goudjil-recadre-xavier-driencourt-les-motifs-neocoloniaux-dune-attaque-injustifiee\/","url":"https:\/\/lasentinelle.dz\/index.php\/2023\/01\/10\/salah-goudjil-recadre-xavier-driencourt-les-motifs-neocoloniaux-dune-attaque-injustifiee\/","name":"Salah Goudjil recadre Xavier Driencourt\u00a0: Les motifs n\u00e9ocoloniaux d\u2019une attaque injustifi\u00e9e - La Sentinelle","isPartOf":{"@id":"https:\/\/lasentinelle.dz\/#website"},"primaryImageOfPage":{"@id":"https:\/\/lasentinelle.dz\/index.php\/2023\/01\/10\/salah-goudjil-recadre-xavier-driencourt-les-motifs-neocoloniaux-dune-attaque-injustifiee\/#primaryimage"},"image":{"@id":"https:\/\/lasentinelle.dz\/index.php\/2023\/01\/10\/salah-goudjil-recadre-xavier-driencourt-les-motifs-neocoloniaux-dune-attaque-injustifiee\/#primaryimage"},"thumbnailUrl":"https:\/\/lasentinelle.dz\/wp-content\/uploads\/2021\/11\/Salah-Goudjil.png","datePublished":"2023-01-10T21:10:00+00:00","breadcrumb":{"@id":"https:\/\/lasentinelle.dz\/index.php\/2023\/01\/10\/salah-goudjil-recadre-xavier-driencourt-les-motifs-neocoloniaux-dune-attaque-injustifiee\/#breadcrumb"},"inLanguage":"fr-FR","potentialAction":[{"@type":"ReadAction","target":["https:\/\/lasentinelle.dz\/index.php\/2023\/01\/10\/salah-goudjil-recadre-xavier-driencourt-les-motifs-neocoloniaux-dune-attaque-injustifiee\/"]}]},{"@type":"ImageObject","inLanguage":"fr-FR","@id":"https:\/\/lasentinelle.dz\/index.php\/2023\/01\/10\/salah-goudjil-recadre-xavier-driencourt-les-motifs-neocoloniaux-dune-attaque-injustifiee\/#primaryimage","url":"https:\/\/lasentinelle.dz\/wp-content\/uploads\/2021\/11\/Salah-Goudjil.png","contentUrl":"https:\/\/lasentinelle.dz\/wp-content\/uploads\/2021\/11\/Salah-Goudjil.png","width":1617,"height":900},{"@type":"BreadcrumbList","@id":"https:\/\/lasentinelle.dz\/index.php\/2023\/01\/10\/salah-goudjil-recadre-xavier-driencourt-les-motifs-neocoloniaux-dune-attaque-injustifiee\/#breadcrumb","itemListElement":[{"@type":"ListItem","position":1,"name":"Accueil","item":"https:\/\/lasentinelle.dz\/"},{"@type":"ListItem","position":2,"name":"Salah Goudjil recadre Xavier Driencourt\u00a0: Les motifs n\u00e9ocoloniaux d\u2019une attaque injustifi\u00e9e"}]},{"@type":"WebSite","@id":"https:\/\/lasentinelle.dz\/#website","url":"https:\/\/lasentinelle.dz\/","name":"La Sentinelle","description":"Quotidien national d&#039;information","publisher":{"@id":"https:\/\/lasentinelle.dz\/#organization"},"potentialAction":[{"@type":"SearchAction","target":{"@type":"EntryPoint","urlTemplate":"https:\/\/lasentinelle.dz\/?s={search_term_string}"},"query-input":{"@type":"PropertyValueSpecification","valueRequired":true,"valueName":"search_term_string"}}],"inLanguage":"fr-FR"},{"@type":"Organization","@id":"https:\/\/lasentinelle.dz\/#organization","name":"Quotidien La Sentinelle","url":"https:\/\/lasentinelle.dz\/","logo":{"@type":"ImageObject","inLanguage":"fr-FR","@id":"https:\/\/lasentinelle.dz\/#\/schema\/logo\/image\/","url":"https:\/\/lasentinelle.dz\/wp-content\/uploads\/2021\/09\/logo-sentinelleSLOGAN-1.png","contentUrl":"https:\/\/lasentinelle.dz\/wp-content\/uploads\/2021\/09\/logo-sentinelleSLOGAN-1.png","width":615,"height":142,"caption":"Quotidien La Sentinelle"},"image":{"@id":"https:\/\/lasentinelle.dz\/#\/schema\/logo\/image\/"},"sameAs":["https:\/\/www.facebook.com\/La-Sentinelle-104059864394773"]},{"@type":"Person","@id":"https:\/\/lasentinelle.dz\/#\/schema\/person\/d865044e22e70a75174ce8bcad3acfb3","name":"La Sentinelle","image":{"@type":"ImageObject","inLanguage":"fr-FR","@id":"https:\/\/secure.gravatar.com\/avatar\/57de8e5d4b15d43fb361a71fbb36338450fe67865b528a43dd10ef7c51a20392?s=96&d=mm&r=g","url":"https:\/\/secure.gravatar.com\/avatar\/57de8e5d4b15d43fb361a71fbb36338450fe67865b528a43dd10ef7c51a20392?s=96&d=mm&r=g","contentUrl":"https:\/\/secure.gravatar.com\/avatar\/57de8e5d4b15d43fb361a71fbb36338450fe67865b528a43dd10ef7c51a20392?s=96&d=mm&r=g","caption":"La Sentinelle"},"sameAs":["http:\/\/www.lasentinelle.dz"],"url":"https:\/\/lasentinelle.dz\/author\/redaction\/"}]}},"_links":{"self":[{"href":"https:\/\/lasentinelle.dz\/index.php\/wp-json\/wp\/v2\/posts\/34014","targetHints":{"allow":["GET"]}}],"collection":[{"href":"https:\/\/lasentinelle.dz\/index.php\/wp-json\/wp\/v2\/posts"}],"about":[{"href":"https:\/\/lasentinelle.dz\/index.php\/wp-json\/wp\/v2\/types\/post"}],"author":[{"embeddable":true,"href":"https:\/\/lasentinelle.dz\/index.php\/wp-json\/wp\/v2\/users\/3"}],"replies":[{"embeddable":true,"href":"https:\/\/lasentinelle.dz\/index.php\/wp-json\/wp\/v2\/comments?post=34014"}],"version-history":[{"count":2,"href":"https:\/\/lasentinelle.dz\/index.php\/wp-json\/wp\/v2\/posts\/34014\/revisions"}],"predecessor-version":[{"id":34036,"href":"https:\/\/lasentinelle.dz\/index.php\/wp-json\/wp\/v2\/posts\/34014\/revisions\/34036"}],"wp:featuredmedia":[{"embeddable":true,"href":"https:\/\/lasentinelle.dz\/index.php\/wp-json\/wp\/v2\/media\/14061"}],"wp:attachment":[{"href":"https:\/\/lasentinelle.dz\/index.php\/wp-json\/wp\/v2\/media?parent=34014"}],"wp:term":[{"taxonomy":"category","embeddable":true,"href":"https:\/\/lasentinelle.dz\/index.php\/wp-json\/wp\/v2\/categories?post=34014"},{"taxonomy":"post_tag","embeddable":true,"href":"https:\/\/lasentinelle.dz\/index.php\/wp-json\/wp\/v2\/tags?post=34014"}],"curies":[{"name":"wp","href":"https:\/\/api.w.org\/{rel}","templated":true}]}}