{"id":34025,"date":"2023-01-10T22:00:00","date_gmt":"2023-01-10T21:00:00","guid":{"rendered":"https:\/\/lasentinelle.dz\/?p=34025"},"modified":"2023-01-10T19:38:05","modified_gmt":"2023-01-10T18:38:05","slug":"chan-2022-annaba-aux-couleurs-africaines","status":"publish","type":"post","link":"https:\/\/lasentinelle.dz\/index.php\/2023\/01\/10\/chan-2022-annaba-aux-couleurs-africaines\/","title":{"rendered":"CHAN 2022 : Annaba aux couleurs africaines"},"content":{"rendered":"\n<p>A j-2 de l\u2019ouverture du CHAN 2022, B\u00f4ne la coquette vibre au rythme de l\u2019Afrique.<\/p>\n\n\n\n<p>Depuis quelques mois, la ville des jujubes vit au rythme de l&rsquo;\u00e9v\u00e8nement sportif que l\u2019Alg\u00e9rie s\u2019appr\u00eate \u00e0 accueillir. Le championnat d\u2019Afrique des nations de football (CHAN 2022 report\u00e9 \u00e0 2023) se tient du 13 janvier au 4 f\u00e9vrier dans quatre grandes villes alg\u00e9riennes soit&nbsp;: Alger, Oran, Annaba et Constantine. Dans ce sens, les directions de la culture et du tourisme s\u2019invitent \u00e0 l\u2019\u00e9v\u00e8nement sportif, via des expositions et des manifestations pr\u00e9vues en marge de ce championnat.&nbsp; Annaba est r\u00e9put\u00e9e pour sa culture, mais surtout pour ses sites touristiques. La richesse touristique dont dispose la perle de l\u2019Est alg\u00e9riendevrait \u00eatre valoris\u00e9e, en marge de cet \u00e9v\u00e9nement sportif. La vieille-ville, les mausol\u00e9es et les mosqu\u00e9es sont&nbsp; une parfaite illustration de la richesse culturelle de cette ville mill\u00e9naire. De l\u2019\u00e9poque Romaine jusqu\u2019\u00e0 l\u2019av\u00e8nement de l\u2019Islam, en passant par la p\u00e9riode ottomane et hafside, l\u2019histoire d\u2019Annaba ne peut, en aucun cas, passer inaper\u00e7ue. Annaba continue d\u2019inspirerles artistes et les po\u00e8tes du monde entier. Pour rappel, des instructions fermes ont \u00e9t\u00e9 donn\u00e9es par le wali d\u2019Annaba, Djamel Eddine Berrimi, aux chefs d\u2019\u00e9tablissements h\u00f4teliers afin que des espaces soient d\u00e9di\u00e9s \u00e0 l\u2019exposition des articles et des produits culturels de la ville des 99 Quobba (vo\u00fbtes). Il faut dire que les autorit\u00e9s locales de la wilaya d\u2019Annaba, n\u2019ont rien laiss\u00e9 au hasard. Le CHAN est une opportunit\u00e9 qui s\u2019offre \u00e0 la wilaya d\u2019Annabapour qu&rsquo;elle puisse mettre en valeur son vrai potentiel&nbsp; touristique et artistique. \u00c0 cet effet, un riche programme touristique est mis en place afin de permettre aux h\u00f4tes d\u2019Annaba de d\u00e9couvrir la face cach\u00e9e de la perle de la M\u00e9diterran\u00e9e. Des visites touristiques guid\u00e9es sont programm\u00e9es pour l\u2019occasion et des expositions artisanales&nbsp; sont programm\u00e9es pour \u00eatre organis\u00e9es dans les \u00e9tablissements h\u00f4teliers devant recevoir les d\u00e9l\u00e9gations sportives africaines. Une opportunit\u00e9 pour les artistes et artisans d\u2019Annabapour d\u00e9voiler les joyaux&nbsp; et la diversit\u00e9 culturelle et touristique de la ville. De la poterie \u00e0 la couture, \u00e0 la broderie, aux arts plastiques, \u00e0 la d\u00e9coration sur verre, \u00e0 la sculpture sur pl\u00e2tre et sur bois, entre autres, plusieurs sp\u00e9cialit\u00e9s et m\u00e9tiers seront mis en relief lors d\u2019une manifestation plac\u00e9e sous le signe de la revalorisation de l\u2019artisanat et du patrimoine culturel et touristique de l\u2019antique Lalla&nbsp; Boua. En somme, sport, culture et le tourisme de feront qu\u2019un, &nbsp;lors de cet \u00e9v\u00e9nement. En effet, l\u2019ambiance est indescriptible, les Annabis sont ravis d\u2019accueillir lala comp\u00e9tition. Ainsi, la ville de Sidi Brahim et de Saint Augustin, renoue avec les comp\u00e9titions africaines alors que la derni\u00e8re confrontation des Verts remonte \u00e0 l\u2019ann\u00e9e 2011 lors du match Alg\u00e9rie-Maroc. Ils ont d\u2019ailleurs eu avant-go\u00fbt de la comp\u00e9tition lors des matchs amicaux qui ont oppos\u00e9 les prot\u00e9g\u00e9s de Madjid Bougherra \u00e0 leurs homologues mauritaniens et s\u00e9n\u00e9galais au&nbsp; stade du 19 mai 1956. En effet, le second plus grand stade d\u2019Alg\u00e9rie avec 56.000 places a b\u00e9n\u00e9fici\u00e9 d\u2019une vaste op\u00e9ration de r\u00e9habilitation et de modernisation. Un relooking qui n\u2019a pas profit\u00e9 au seul stade. Pour&nbsp; accueillir l\u2019\u00e9v\u00e8nement, les autorit\u00e9s locales ont d\u00e9ploy\u00e9s tous les moyens humains et mat\u00e9riels pour relooker Annaba. Les responsables locaux n\u2019ont pas l\u00e9sin\u00e9 sur les efforts encore moins sur les moyens financiers. Les op\u00e9rations d\u2019assainissements ont touch\u00e9 toute la ville, ses avenues, ses boulevards et ses grandes art\u00e8res. Le Cour de la r\u00e9volutionbrille de mille feux et s\u2019est mis aux couleurs africaines. Aussi, un plan de s\u00e9curit\u00e9 bien ficel\u00e9 a \u00e9t\u00e9 mis en place, afin de s\u00e9curiser l&rsquo;\u00e9v\u00e9nement et les h\u00f4tes d\u2019Annaba.&nbsp; Annaba peut se targuer de poss\u00e9der des infrastructures sportives qui honorent l\u2019Alg\u00e9rie. Sur le plan organisationnel, les autorit\u00e9s locales comptent donner aux visiteurs la meilleure image de la ville d\u2019Abou Marouane Cherif. Une ville qui mise sur la r\u00e9ussite du CHAN 2023, \u00e0 travers les valeurs sociales et culturelles de ses habitants. De part l\u2019hospitalit\u00e9, la culture identitaire et surtout la s\u00e9curit\u00e9 des lieux, les Annabis sont plus que jamais d\u00e9termin\u00e9s \u00e0 livrer la plus belle image de l\u2019Alg\u00e9rie, lors de ce CHAN, dont l\u2019ouverture est pr\u00e9vue vendredi.<\/p>\n\n\n\n<p><strong>Sofia Chahine<\/strong><\/p>\n","protected":false},"excerpt":{"rendered":"<p>A j-2 de l\u2019ouverture du CHAN 2022, B\u00f4ne la coquette vibre au rythme de l\u2019Afrique. Depuis quelques mois, la ville<\/p>\n","protected":false},"author":3,"featured_media":31921,"comment_status":"open","ping_status":"closed","sticky":false,"template":"","format":"standard","meta":{"colormag_page_container_layout":"default_layout","colormag_page_sidebar_layout":"default_layout","om_disable_all_campaigns":false,"_monsterinsights_skip_tracking":false,"_monsterinsights_sitenote_active":false,"_monsterinsights_sitenote_note":"","_monsterinsights_sitenote_category":0,"footnotes":"","_wpscppro_dont_share_socialmedia":false,"_wpscppro_custom_social_share_image":0,"_facebook_share_type":"","_twitter_share_type":"","_linkedin_share_type":"","_pinterest_share_type":"","_linkedin_share_type_page":"","_instagram_share_type":"","_medium_share_type":"","_threads_share_type":"","_google_business_share_type":"","_selected_social_profile":[],"_wpsp_enable_custom_social_template":false,"_wpsp_social_scheduling":{"enabled":false,"datetime":null,"platforms":[],"status":"template_only","dateOption":"today","timeOption":"now","customDays":"","customHours":"","customDate":"","customTime":"","schedulingType":"absolute"},"_wpsp_active_default_template":true},"categories":[33],"tags":[],"class_list":["post-34025","post","type-post","status-publish","format-standard","has-post-thumbnail","hentry","category-sports"],"aioseo_notices":[],"yoast_head":"<!-- This site is optimized with the Yoast SEO plugin v27.4 - https:\/\/yoast.com\/product\/yoast-seo-wordpress\/ -->\n<title>CHAN 2022 : Annaba aux couleurs africaines - La Sentinelle<\/title>\n<meta name=\"robots\" content=\"index, follow, max-snippet:-1, max-image-preview:large, max-video-preview:-1\" \/>\n<link rel=\"canonical\" href=\"https:\/\/lasentinelle.dz\/index.php\/2023\/01\/10\/chan-2022-annaba-aux-couleurs-africaines\/\" \/>\n<meta property=\"og:locale\" content=\"fr_FR\" \/>\n<meta property=\"og:type\" content=\"article\" \/>\n<meta property=\"og:title\" content=\"CHAN 2022 : Annaba aux couleurs africaines - La Sentinelle\" \/>\n<meta property=\"og:description\" content=\"A j-2 de l\u2019ouverture du CHAN 2022, B\u00f4ne la coquette vibre au rythme de l\u2019Afrique. Depuis quelques mois, la ville\" \/>\n<meta property=\"og:url\" content=\"https:\/\/lasentinelle.dz\/index.php\/2023\/01\/10\/chan-2022-annaba-aux-couleurs-africaines\/\" \/>\n<meta property=\"og:site_name\" content=\"La Sentinelle\" \/>\n<meta property=\"article:publisher\" content=\"https:\/\/www.facebook.com\/La-Sentinelle-104059864394773\" \/>\n<meta property=\"article:published_time\" content=\"2023-01-10T21:00:00+00:00\" \/>\n<meta property=\"og:image\" content=\"https:\/\/lasentinelle.dz\/wp-content\/uploads\/2022\/12\/Annaba.png\" \/>\n\t<meta property=\"og:image:width\" content=\"900\" \/>\n\t<meta property=\"og:image:height\" content=\"900\" \/>\n\t<meta property=\"og:image:type\" content=\"image\/png\" \/>\n<meta name=\"author\" content=\"La Sentinelle\" \/>\n<meta name=\"twitter:card\" content=\"summary_large_image\" \/>\n<meta name=\"twitter:label1\" content=\"\u00c9crit par\" \/>\n\t<meta name=\"twitter:data1\" content=\"La Sentinelle\" \/>\n\t<meta name=\"twitter:label2\" content=\"Dur\u00e9e de lecture estim\u00e9e\" \/>\n\t<meta name=\"twitter:data2\" content=\"4 minutes\" \/>\n<script type=\"application\/ld+json\" class=\"yoast-schema-graph\">{\"@context\":\"https:\\\/\\\/schema.org\",\"@graph\":[{\"@type\":\"Article\",\"@id\":\"https:\\\/\\\/lasentinelle.dz\\\/index.php\\\/2023\\\/01\\\/10\\\/chan-2022-annaba-aux-couleurs-africaines\\\/#article\",\"isPartOf\":{\"@id\":\"https:\\\/\\\/lasentinelle.dz\\\/index.php\\\/2023\\\/01\\\/10\\\/chan-2022-annaba-aux-couleurs-africaines\\\/\"},\"author\":{\"name\":\"La Sentinelle\",\"@id\":\"https:\\\/\\\/lasentinelle.dz\\\/#\\\/schema\\\/person\\\/d865044e22e70a75174ce8bcad3acfb3\"},\"headline\":\"CHAN 2022 : Annaba aux couleurs africaines\",\"datePublished\":\"2023-01-10T21:00:00+00:00\",\"mainEntityOfPage\":{\"@id\":\"https:\\\/\\\/lasentinelle.dz\\\/index.php\\\/2023\\\/01\\\/10\\\/chan-2022-annaba-aux-couleurs-africaines\\\/\"},\"wordCount\":797,\"commentCount\":0,\"publisher\":{\"@id\":\"https:\\\/\\\/lasentinelle.dz\\\/#organization\"},\"image\":{\"@id\":\"https:\\\/\\\/lasentinelle.dz\\\/index.php\\\/2023\\\/01\\\/10\\\/chan-2022-annaba-aux-couleurs-africaines\\\/#primaryimage\"},\"thumbnailUrl\":\"https:\\\/\\\/lasentinelle.dz\\\/wp-content\\\/uploads\\\/2022\\\/12\\\/Annaba.png\",\"articleSection\":[\"Sports\"],\"inLanguage\":\"fr-FR\",\"potentialAction\":[{\"@type\":\"CommentAction\",\"name\":\"Comment\",\"target\":[\"https:\\\/\\\/lasentinelle.dz\\\/index.php\\\/2023\\\/01\\\/10\\\/chan-2022-annaba-aux-couleurs-africaines\\\/#respond\"]}]},{\"@type\":\"WebPage\",\"@id\":\"https:\\\/\\\/lasentinelle.dz\\\/index.php\\\/2023\\\/01\\\/10\\\/chan-2022-annaba-aux-couleurs-africaines\\\/\",\"url\":\"https:\\\/\\\/lasentinelle.dz\\\/index.php\\\/2023\\\/01\\\/10\\\/chan-2022-annaba-aux-couleurs-africaines\\\/\",\"name\":\"CHAN 2022 : Annaba aux couleurs africaines - La Sentinelle\",\"isPartOf\":{\"@id\":\"https:\\\/\\\/lasentinelle.dz\\\/#website\"},\"primaryImageOfPage\":{\"@id\":\"https:\\\/\\\/lasentinelle.dz\\\/index.php\\\/2023\\\/01\\\/10\\\/chan-2022-annaba-aux-couleurs-africaines\\\/#primaryimage\"},\"image\":{\"@id\":\"https:\\\/\\\/lasentinelle.dz\\\/index.php\\\/2023\\\/01\\\/10\\\/chan-2022-annaba-aux-couleurs-africaines\\\/#primaryimage\"},\"thumbnailUrl\":\"https:\\\/\\\/lasentinelle.dz\\\/wp-content\\\/uploads\\\/2022\\\/12\\\/Annaba.png\",\"datePublished\":\"2023-01-10T21:00:00+00:00\",\"breadcrumb\":{\"@id\":\"https:\\\/\\\/lasentinelle.dz\\\/index.php\\\/2023\\\/01\\\/10\\\/chan-2022-annaba-aux-couleurs-africaines\\\/#breadcrumb\"},\"inLanguage\":\"fr-FR\",\"potentialAction\":[{\"@type\":\"ReadAction\",\"target\":[\"https:\\\/\\\/lasentinelle.dz\\\/index.php\\\/2023\\\/01\\\/10\\\/chan-2022-annaba-aux-couleurs-africaines\\\/\"]}]},{\"@type\":\"ImageObject\",\"inLanguage\":\"fr-FR\",\"@id\":\"https:\\\/\\\/lasentinelle.dz\\\/index.php\\\/2023\\\/01\\\/10\\\/chan-2022-annaba-aux-couleurs-africaines\\\/#primaryimage\",\"url\":\"https:\\\/\\\/lasentinelle.dz\\\/wp-content\\\/uploads\\\/2022\\\/12\\\/Annaba.png\",\"contentUrl\":\"https:\\\/\\\/lasentinelle.dz\\\/wp-content\\\/uploads\\\/2022\\\/12\\\/Annaba.png\",\"width\":900,\"height\":900},{\"@type\":\"BreadcrumbList\",\"@id\":\"https:\\\/\\\/lasentinelle.dz\\\/index.php\\\/2023\\\/01\\\/10\\\/chan-2022-annaba-aux-couleurs-africaines\\\/#breadcrumb\",\"itemListElement\":[{\"@type\":\"ListItem\",\"position\":1,\"name\":\"Accueil\",\"item\":\"https:\\\/\\\/lasentinelle.dz\\\/\"},{\"@type\":\"ListItem\",\"position\":2,\"name\":\"CHAN 2022 : Annaba aux couleurs africaines\"}]},{\"@type\":\"WebSite\",\"@id\":\"https:\\\/\\\/lasentinelle.dz\\\/#website\",\"url\":\"https:\\\/\\\/lasentinelle.dz\\\/\",\"name\":\"La Sentinelle\",\"description\":\"Quotidien national d&#039;information\",\"publisher\":{\"@id\":\"https:\\\/\\\/lasentinelle.dz\\\/#organization\"},\"potentialAction\":[{\"@type\":\"SearchAction\",\"target\":{\"@type\":\"EntryPoint\",\"urlTemplate\":\"https:\\\/\\\/lasentinelle.dz\\\/?s={search_term_string}\"},\"query-input\":{\"@type\":\"PropertyValueSpecification\",\"valueRequired\":true,\"valueName\":\"search_term_string\"}}],\"inLanguage\":\"fr-FR\"},{\"@type\":\"Organization\",\"@id\":\"https:\\\/\\\/lasentinelle.dz\\\/#organization\",\"name\":\"Quotidien La Sentinelle\",\"url\":\"https:\\\/\\\/lasentinelle.dz\\\/\",\"logo\":{\"@type\":\"ImageObject\",\"inLanguage\":\"fr-FR\",\"@id\":\"https:\\\/\\\/lasentinelle.dz\\\/#\\\/schema\\\/logo\\\/image\\\/\",\"url\":\"https:\\\/\\\/lasentinelle.dz\\\/wp-content\\\/uploads\\\/2021\\\/09\\\/logo-sentinelleSLOGAN-1.png\",\"contentUrl\":\"https:\\\/\\\/lasentinelle.dz\\\/wp-content\\\/uploads\\\/2021\\\/09\\\/logo-sentinelleSLOGAN-1.png\",\"width\":615,\"height\":142,\"caption\":\"Quotidien La Sentinelle\"},\"image\":{\"@id\":\"https:\\\/\\\/lasentinelle.dz\\\/#\\\/schema\\\/logo\\\/image\\\/\"},\"sameAs\":[\"https:\\\/\\\/www.facebook.com\\\/La-Sentinelle-104059864394773\"]},{\"@type\":\"Person\",\"@id\":\"https:\\\/\\\/lasentinelle.dz\\\/#\\\/schema\\\/person\\\/d865044e22e70a75174ce8bcad3acfb3\",\"name\":\"La Sentinelle\",\"image\":{\"@type\":\"ImageObject\",\"inLanguage\":\"fr-FR\",\"@id\":\"https:\\\/\\\/secure.gravatar.com\\\/avatar\\\/57de8e5d4b15d43fb361a71fbb36338450fe67865b528a43dd10ef7c51a20392?s=96&d=mm&r=g\",\"url\":\"https:\\\/\\\/secure.gravatar.com\\\/avatar\\\/57de8e5d4b15d43fb361a71fbb36338450fe67865b528a43dd10ef7c51a20392?s=96&d=mm&r=g\",\"contentUrl\":\"https:\\\/\\\/secure.gravatar.com\\\/avatar\\\/57de8e5d4b15d43fb361a71fbb36338450fe67865b528a43dd10ef7c51a20392?s=96&d=mm&r=g\",\"caption\":\"La Sentinelle\"},\"sameAs\":[\"http:\\\/\\\/www.lasentinelle.dz\"],\"url\":\"https:\\\/\\\/lasentinelle.dz\\\/author\\\/redaction\\\/\"}]}<\/script>\n<!-- \/ Yoast SEO plugin. -->","yoast_head_json":{"title":"CHAN 2022 : Annaba aux couleurs africaines - La Sentinelle","robots":{"index":"index","follow":"follow","max-snippet":"max-snippet:-1","max-image-preview":"max-image-preview:large","max-video-preview":"max-video-preview:-1"},"canonical":"https:\/\/lasentinelle.dz\/index.php\/2023\/01\/10\/chan-2022-annaba-aux-couleurs-africaines\/","og_locale":"fr_FR","og_type":"article","og_title":"CHAN 2022 : Annaba aux couleurs africaines - La Sentinelle","og_description":"A j-2 de l\u2019ouverture du CHAN 2022, B\u00f4ne la coquette vibre au rythme de l\u2019Afrique. Depuis quelques mois, la ville","og_url":"https:\/\/lasentinelle.dz\/index.php\/2023\/01\/10\/chan-2022-annaba-aux-couleurs-africaines\/","og_site_name":"La Sentinelle","article_publisher":"https:\/\/www.facebook.com\/La-Sentinelle-104059864394773","article_published_time":"2023-01-10T21:00:00+00:00","og_image":[{"width":900,"height":900,"url":"https:\/\/lasentinelle.dz\/wp-content\/uploads\/2022\/12\/Annaba.png","type":"image\/png"}],"author":"La Sentinelle","twitter_card":"summary_large_image","twitter_misc":{"\u00c9crit par":"La Sentinelle","Dur\u00e9e de lecture estim\u00e9e":"4 minutes"},"schema":{"@context":"https:\/\/schema.org","@graph":[{"@type":"Article","@id":"https:\/\/lasentinelle.dz\/index.php\/2023\/01\/10\/chan-2022-annaba-aux-couleurs-africaines\/#article","isPartOf":{"@id":"https:\/\/lasentinelle.dz\/index.php\/2023\/01\/10\/chan-2022-annaba-aux-couleurs-africaines\/"},"author":{"name":"La Sentinelle","@id":"https:\/\/lasentinelle.dz\/#\/schema\/person\/d865044e22e70a75174ce8bcad3acfb3"},"headline":"CHAN 2022 : Annaba aux couleurs africaines","datePublished":"2023-01-10T21:00:00+00:00","mainEntityOfPage":{"@id":"https:\/\/lasentinelle.dz\/index.php\/2023\/01\/10\/chan-2022-annaba-aux-couleurs-africaines\/"},"wordCount":797,"commentCount":0,"publisher":{"@id":"https:\/\/lasentinelle.dz\/#organization"},"image":{"@id":"https:\/\/lasentinelle.dz\/index.php\/2023\/01\/10\/chan-2022-annaba-aux-couleurs-africaines\/#primaryimage"},"thumbnailUrl":"https:\/\/lasentinelle.dz\/wp-content\/uploads\/2022\/12\/Annaba.png","articleSection":["Sports"],"inLanguage":"fr-FR","potentialAction":[{"@type":"CommentAction","name":"Comment","target":["https:\/\/lasentinelle.dz\/index.php\/2023\/01\/10\/chan-2022-annaba-aux-couleurs-africaines\/#respond"]}]},{"@type":"WebPage","@id":"https:\/\/lasentinelle.dz\/index.php\/2023\/01\/10\/chan-2022-annaba-aux-couleurs-africaines\/","url":"https:\/\/lasentinelle.dz\/index.php\/2023\/01\/10\/chan-2022-annaba-aux-couleurs-africaines\/","name":"CHAN 2022 : Annaba aux couleurs africaines - La Sentinelle","isPartOf":{"@id":"https:\/\/lasentinelle.dz\/#website"},"primaryImageOfPage":{"@id":"https:\/\/lasentinelle.dz\/index.php\/2023\/01\/10\/chan-2022-annaba-aux-couleurs-africaines\/#primaryimage"},"image":{"@id":"https:\/\/lasentinelle.dz\/index.php\/2023\/01\/10\/chan-2022-annaba-aux-couleurs-africaines\/#primaryimage"},"thumbnailUrl":"https:\/\/lasentinelle.dz\/wp-content\/uploads\/2022\/12\/Annaba.png","datePublished":"2023-01-10T21:00:00+00:00","breadcrumb":{"@id":"https:\/\/lasentinelle.dz\/index.php\/2023\/01\/10\/chan-2022-annaba-aux-couleurs-africaines\/#breadcrumb"},"inLanguage":"fr-FR","potentialAction":[{"@type":"ReadAction","target":["https:\/\/lasentinelle.dz\/index.php\/2023\/01\/10\/chan-2022-annaba-aux-couleurs-africaines\/"]}]},{"@type":"ImageObject","inLanguage":"fr-FR","@id":"https:\/\/lasentinelle.dz\/index.php\/2023\/01\/10\/chan-2022-annaba-aux-couleurs-africaines\/#primaryimage","url":"https:\/\/lasentinelle.dz\/wp-content\/uploads\/2022\/12\/Annaba.png","contentUrl":"https:\/\/lasentinelle.dz\/wp-content\/uploads\/2022\/12\/Annaba.png","width":900,"height":900},{"@type":"BreadcrumbList","@id":"https:\/\/lasentinelle.dz\/index.php\/2023\/01\/10\/chan-2022-annaba-aux-couleurs-africaines\/#breadcrumb","itemListElement":[{"@type":"ListItem","position":1,"name":"Accueil","item":"https:\/\/lasentinelle.dz\/"},{"@type":"ListItem","position":2,"name":"CHAN 2022 : Annaba aux couleurs africaines"}]},{"@type":"WebSite","@id":"https:\/\/lasentinelle.dz\/#website","url":"https:\/\/lasentinelle.dz\/","name":"La Sentinelle","description":"Quotidien national d&#039;information","publisher":{"@id":"https:\/\/lasentinelle.dz\/#organization"},"potentialAction":[{"@type":"SearchAction","target":{"@type":"EntryPoint","urlTemplate":"https:\/\/lasentinelle.dz\/?s={search_term_string}"},"query-input":{"@type":"PropertyValueSpecification","valueRequired":true,"valueName":"search_term_string"}}],"inLanguage":"fr-FR"},{"@type":"Organization","@id":"https:\/\/lasentinelle.dz\/#organization","name":"Quotidien La Sentinelle","url":"https:\/\/lasentinelle.dz\/","logo":{"@type":"ImageObject","inLanguage":"fr-FR","@id":"https:\/\/lasentinelle.dz\/#\/schema\/logo\/image\/","url":"https:\/\/lasentinelle.dz\/wp-content\/uploads\/2021\/09\/logo-sentinelleSLOGAN-1.png","contentUrl":"https:\/\/lasentinelle.dz\/wp-content\/uploads\/2021\/09\/logo-sentinelleSLOGAN-1.png","width":615,"height":142,"caption":"Quotidien La Sentinelle"},"image":{"@id":"https:\/\/lasentinelle.dz\/#\/schema\/logo\/image\/"},"sameAs":["https:\/\/www.facebook.com\/La-Sentinelle-104059864394773"]},{"@type":"Person","@id":"https:\/\/lasentinelle.dz\/#\/schema\/person\/d865044e22e70a75174ce8bcad3acfb3","name":"La Sentinelle","image":{"@type":"ImageObject","inLanguage":"fr-FR","@id":"https:\/\/secure.gravatar.com\/avatar\/57de8e5d4b15d43fb361a71fbb36338450fe67865b528a43dd10ef7c51a20392?s=96&d=mm&r=g","url":"https:\/\/secure.gravatar.com\/avatar\/57de8e5d4b15d43fb361a71fbb36338450fe67865b528a43dd10ef7c51a20392?s=96&d=mm&r=g","contentUrl":"https:\/\/secure.gravatar.com\/avatar\/57de8e5d4b15d43fb361a71fbb36338450fe67865b528a43dd10ef7c51a20392?s=96&d=mm&r=g","caption":"La Sentinelle"},"sameAs":["http:\/\/www.lasentinelle.dz"],"url":"https:\/\/lasentinelle.dz\/author\/redaction\/"}]}},"_links":{"self":[{"href":"https:\/\/lasentinelle.dz\/index.php\/wp-json\/wp\/v2\/posts\/34025","targetHints":{"allow":["GET"]}}],"collection":[{"href":"https:\/\/lasentinelle.dz\/index.php\/wp-json\/wp\/v2\/posts"}],"about":[{"href":"https:\/\/lasentinelle.dz\/index.php\/wp-json\/wp\/v2\/types\/post"}],"author":[{"embeddable":true,"href":"https:\/\/lasentinelle.dz\/index.php\/wp-json\/wp\/v2\/users\/3"}],"replies":[{"embeddable":true,"href":"https:\/\/lasentinelle.dz\/index.php\/wp-json\/wp\/v2\/comments?post=34025"}],"version-history":[{"count":1,"href":"https:\/\/lasentinelle.dz\/index.php\/wp-json\/wp\/v2\/posts\/34025\/revisions"}],"predecessor-version":[{"id":34028,"href":"https:\/\/lasentinelle.dz\/index.php\/wp-json\/wp\/v2\/posts\/34025\/revisions\/34028"}],"wp:featuredmedia":[{"embeddable":true,"href":"https:\/\/lasentinelle.dz\/index.php\/wp-json\/wp\/v2\/media\/31921"}],"wp:attachment":[{"href":"https:\/\/lasentinelle.dz\/index.php\/wp-json\/wp\/v2\/media?parent=34025"}],"wp:term":[{"taxonomy":"category","embeddable":true,"href":"https:\/\/lasentinelle.dz\/index.php\/wp-json\/wp\/v2\/categories?post=34025"},{"taxonomy":"post_tag","embeddable":true,"href":"https:\/\/lasentinelle.dz\/index.php\/wp-json\/wp\/v2\/tags?post=34025"}],"curies":[{"name":"wp","href":"https:\/\/api.w.org\/{rel}","templated":true}]}}