{"id":34032,"date":"2023-01-10T22:08:00","date_gmt":"2023-01-10T21:08:00","guid":{"rendered":"https:\/\/lasentinelle.dz\/?p=34032"},"modified":"2023-01-10T20:59:57","modified_gmt":"2023-01-10T19:59:57","slug":"intoxications-au-monoxyde-de-carbone-17-deces-en-24-heures","status":"publish","type":"post","link":"https:\/\/lasentinelle.dz\/index.php\/2023\/01\/10\/intoxications-au-monoxyde-de-carbone-17-deces-en-24-heures\/","title":{"rendered":"Intoxications au monoxyde de carbone\u00a0: 17 d\u00e9c\u00e8s en 24 heures\u00a0!"},"content":{"rendered":"\n<p><strong>Pas moins de <\/strong>17 personnes sont d\u00e9c\u00e9d\u00e9es ces derni\u00e8res 24 heures apr\u00e8s avoir \u00e9t\u00e9 intoxiqu\u00e9es par le monoxyde de carbone \u00e9manant d&rsquo;appareils de chauffage \u00e0 travers plusieurs wilayas du pays. Selon un communiqu\u00e9 de la Protection civile publi\u00e9 hier les victimes ont \u00e9t\u00e9 recens\u00e9es dans les wilayas de M&rsquo;Sila (9 morts), S\u00e9tif (6 morts) et Mostaganem (2 morts. La Protection civile d\u00e9plore un bilan \u00ab\u00a0tr\u00e8s lourd\u00a0\u00bb, ajoutant que 25 autres personnes incommod\u00e9es par le m\u00eame gaz toxique ont \u00e9t\u00e9 secourus par les unit\u00e9s de la Protection civile.<\/p>\n\n\n\n<p>Le monoxyde de carbone est un gaz toxique \u00ab\u00a0redoutable, invisible, inodore&nbsp; et non irritant\u00a0\u00bb \u00e0 l&rsquo;origine de plusieurs d\u00e9c\u00e8s, a mis en garde la Protection civile, relevant que les trag\u00e9dies enregistr\u00e9es sont souvent caus\u00e9es, notamment, par \u00ab\u00a0des erreurs de pr\u00e9vention en mati\u00e8re de s\u00e9curit\u00e9, l&rsquo;absence de ventilation, le mauvais montage, un d\u00e9faut d&rsquo;entretien, o\u00f9 l&rsquo;utilisation de certains appareils qui ne sont pas destin\u00e9s au chauffage\u00a0\u00bb.Pour se prot\u00e9ger contre le risque d&rsquo;intoxication au monoxyde de carbone,&nbsp; la Protection civile souligne l'\u00a0\u00bbimp\u00e9ratif\u00a0\u00bb d&rsquo;adopter les bons gestes pr\u00e9ventifs, \u00e0 savoir \u00ab\u00a0ne pas boucher les prises d&rsquo;air dans les pi\u00e8ces\u00a0\u00bb et veiller \u00e0 \u00ab\u00a0toujours ventiler le logement lors de l&rsquo;utilisation des appareils de chauffage (a\u00e9rer au moins 10 minutes par jour)\u00a0\u00bb.Il est, \u00e9galement, recommand\u00e9 de \u00ab\u00a0ne jamais obstruer les entr\u00e9es et les sorties d&rsquo;air du logement\u00a0\u00bb, de faire \u00ab\u00a0entretenir r\u00e9guli\u00e8rement les appareils (de chauffage) par un professionnel\u00a0\u00bb et de \u00ab\u00a0ne pas utiliser comme moyen de chauffage Tabouna et autres appareils de cuisson\u00a0\u00bb.<\/p>\n\n\n\n<p>La Protection civile pr\u00e9conise, en outre, d'\u00a0\u00bbutiliser un d\u00e9tecteur de monoxyde de carbone comme moyen d&rsquo;alerte\u00a0\u00bb et de \u00ab\u00a0ne pas laisser un moteur de voiture en marche dans un garage ferm\u00e9\u00a0\u00bb.La Protection civile a rappel\u00e9, \u00e0 cette occasion, son num\u00e9ro d&rsquo;urgence le \u00ab\u00a014\u00a0\u00bb et son num\u00e9ro vert le \u00ab\u00a01021\u00a0\u00bb, recommandant aux citoyens de pr\u00e9ciser lors de leurs appels l&rsquo;adresse exacte et la nature de l&rsquo;accident pour une prise en charge rapide et efficace.<\/p>\n\n\n\n<p>R.N.<\/p>\n","protected":false},"excerpt":{"rendered":"<p>Pas moins de 17 personnes sont d\u00e9c\u00e9d\u00e9es ces derni\u00e8res 24 heures apr\u00e8s avoir \u00e9t\u00e9 intoxiqu\u00e9es par le monoxyde de carbone<\/p>\n","protected":false},"author":3,"featured_media":34037,"comment_status":"open","ping_status":"closed","sticky":false,"template":"","format":"standard","meta":{"colormag_page_container_layout":"default_layout","colormag_page_sidebar_layout":"default_layout","om_disable_all_campaigns":false,"_monsterinsights_skip_tracking":false,"_monsterinsights_sitenote_active":false,"_monsterinsights_sitenote_note":"","_monsterinsights_sitenote_category":0,"footnotes":"","_wpscppro_dont_share_socialmedia":false,"_wpscppro_custom_social_share_image":0,"_facebook_share_type":"","_twitter_share_type":"","_linkedin_share_type":"","_pinterest_share_type":"","_linkedin_share_type_page":"","_instagram_share_type":"","_medium_share_type":"","_threads_share_type":"","_google_business_share_type":"","_selected_social_profile":[],"_wpsp_enable_custom_social_template":false,"_wpsp_social_scheduling":{"enabled":false,"datetime":null,"platforms":[],"status":"template_only","dateOption":"today","timeOption":"now","customDays":"","customHours":"","customDate":"","customTime":"","schedulingType":"absolute"},"_wpsp_active_default_template":true},"categories":[52,27],"tags":[],"class_list":["post-34032","post","type-post","status-publish","format-standard","has-post-thumbnail","hentry","category-a-la-une","category-actualite"],"aioseo_notices":[],"yoast_head":"<!-- This site is optimized with the Yoast SEO plugin v27.5 - https:\/\/yoast.com\/product\/yoast-seo-wordpress\/ -->\n<title>Intoxications au monoxyde de carbone\u00a0: 17 d\u00e9c\u00e8s en 24 heures\u00a0! - La Sentinelle<\/title>\n<meta name=\"robots\" content=\"index, follow, max-snippet:-1, max-image-preview:large, max-video-preview:-1\" \/>\n<link rel=\"canonical\" href=\"https:\/\/lasentinelle.dz\/index.php\/2023\/01\/10\/intoxications-au-monoxyde-de-carbone-17-deces-en-24-heures\/\" \/>\n<meta property=\"og:locale\" content=\"fr_FR\" \/>\n<meta property=\"og:type\" content=\"article\" \/>\n<meta property=\"og:title\" content=\"Intoxications au monoxyde de carbone\u00a0: 17 d\u00e9c\u00e8s en 24 heures\u00a0! - La Sentinelle\" \/>\n<meta property=\"og:description\" content=\"Pas moins de 17 personnes sont d\u00e9c\u00e9d\u00e9es ces derni\u00e8res 24 heures apr\u00e8s avoir \u00e9t\u00e9 intoxiqu\u00e9es par le monoxyde de carbone\" \/>\n<meta property=\"og:url\" content=\"https:\/\/lasentinelle.dz\/index.php\/2023\/01\/10\/intoxications-au-monoxyde-de-carbone-17-deces-en-24-heures\/\" \/>\n<meta property=\"og:site_name\" content=\"La Sentinelle\" \/>\n<meta property=\"article:publisher\" content=\"https:\/\/www.facebook.com\/La-Sentinelle-104059864394773\" \/>\n<meta property=\"article:published_time\" content=\"2023-01-10T21:08:00+00:00\" \/>\n<meta property=\"og:image\" content=\"https:\/\/lasentinelle.dz\/wp-content\/uploads\/2023\/01\/Sans-titre-3-5.png\" \/>\n\t<meta property=\"og:image:width\" content=\"1491\" \/>\n\t<meta property=\"og:image:height\" content=\"900\" \/>\n\t<meta property=\"og:image:type\" content=\"image\/png\" \/>\n<meta name=\"author\" content=\"La Sentinelle\" \/>\n<meta name=\"twitter:card\" content=\"summary_large_image\" \/>\n<meta name=\"twitter:label1\" content=\"\u00c9crit par\" \/>\n\t<meta name=\"twitter:data1\" content=\"La Sentinelle\" \/>\n\t<meta name=\"twitter:label2\" content=\"Dur\u00e9e de lecture estim\u00e9e\" \/>\n\t<meta name=\"twitter:data2\" content=\"2 minutes\" \/>\n<script type=\"application\/ld+json\" class=\"yoast-schema-graph\">{\"@context\":\"https:\\\/\\\/schema.org\",\"@graph\":[{\"@type\":\"Article\",\"@id\":\"https:\\\/\\\/lasentinelle.dz\\\/index.php\\\/2023\\\/01\\\/10\\\/intoxications-au-monoxyde-de-carbone-17-deces-en-24-heures\\\/#article\",\"isPartOf\":{\"@id\":\"https:\\\/\\\/lasentinelle.dz\\\/index.php\\\/2023\\\/01\\\/10\\\/intoxications-au-monoxyde-de-carbone-17-deces-en-24-heures\\\/\"},\"author\":{\"name\":\"La Sentinelle\",\"@id\":\"https:\\\/\\\/lasentinelle.dz\\\/#\\\/schema\\\/person\\\/d865044e22e70a75174ce8bcad3acfb3\"},\"headline\":\"Intoxications au monoxyde de carbone\u00a0: 17 d\u00e9c\u00e8s en 24 heures\u00a0!\",\"datePublished\":\"2023-01-10T21:08:00+00:00\",\"mainEntityOfPage\":{\"@id\":\"https:\\\/\\\/lasentinelle.dz\\\/index.php\\\/2023\\\/01\\\/10\\\/intoxications-au-monoxyde-de-carbone-17-deces-en-24-heures\\\/\"},\"wordCount\":374,\"commentCount\":0,\"publisher\":{\"@id\":\"https:\\\/\\\/lasentinelle.dz\\\/#organization\"},\"image\":{\"@id\":\"https:\\\/\\\/lasentinelle.dz\\\/index.php\\\/2023\\\/01\\\/10\\\/intoxications-au-monoxyde-de-carbone-17-deces-en-24-heures\\\/#primaryimage\"},\"thumbnailUrl\":\"https:\\\/\\\/lasentinelle.dz\\\/wp-content\\\/uploads\\\/2023\\\/01\\\/Sans-titre-3-5.png\",\"articleSection\":[\"\u00c0 la Une\",\"Actualit\u00e9\"],\"inLanguage\":\"fr-FR\",\"potentialAction\":[{\"@type\":\"CommentAction\",\"name\":\"Comment\",\"target\":[\"https:\\\/\\\/lasentinelle.dz\\\/index.php\\\/2023\\\/01\\\/10\\\/intoxications-au-monoxyde-de-carbone-17-deces-en-24-heures\\\/#respond\"]}]},{\"@type\":\"WebPage\",\"@id\":\"https:\\\/\\\/lasentinelle.dz\\\/index.php\\\/2023\\\/01\\\/10\\\/intoxications-au-monoxyde-de-carbone-17-deces-en-24-heures\\\/\",\"url\":\"https:\\\/\\\/lasentinelle.dz\\\/index.php\\\/2023\\\/01\\\/10\\\/intoxications-au-monoxyde-de-carbone-17-deces-en-24-heures\\\/\",\"name\":\"Intoxications au monoxyde de carbone\u00a0: 17 d\u00e9c\u00e8s en 24 heures\u00a0! - La Sentinelle\",\"isPartOf\":{\"@id\":\"https:\\\/\\\/lasentinelle.dz\\\/#website\"},\"primaryImageOfPage\":{\"@id\":\"https:\\\/\\\/lasentinelle.dz\\\/index.php\\\/2023\\\/01\\\/10\\\/intoxications-au-monoxyde-de-carbone-17-deces-en-24-heures\\\/#primaryimage\"},\"image\":{\"@id\":\"https:\\\/\\\/lasentinelle.dz\\\/index.php\\\/2023\\\/01\\\/10\\\/intoxications-au-monoxyde-de-carbone-17-deces-en-24-heures\\\/#primaryimage\"},\"thumbnailUrl\":\"https:\\\/\\\/lasentinelle.dz\\\/wp-content\\\/uploads\\\/2023\\\/01\\\/Sans-titre-3-5.png\",\"datePublished\":\"2023-01-10T21:08:00+00:00\",\"breadcrumb\":{\"@id\":\"https:\\\/\\\/lasentinelle.dz\\\/index.php\\\/2023\\\/01\\\/10\\\/intoxications-au-monoxyde-de-carbone-17-deces-en-24-heures\\\/#breadcrumb\"},\"inLanguage\":\"fr-FR\",\"potentialAction\":[{\"@type\":\"ReadAction\",\"target\":[\"https:\\\/\\\/lasentinelle.dz\\\/index.php\\\/2023\\\/01\\\/10\\\/intoxications-au-monoxyde-de-carbone-17-deces-en-24-heures\\\/\"]}]},{\"@type\":\"ImageObject\",\"inLanguage\":\"fr-FR\",\"@id\":\"https:\\\/\\\/lasentinelle.dz\\\/index.php\\\/2023\\\/01\\\/10\\\/intoxications-au-monoxyde-de-carbone-17-deces-en-24-heures\\\/#primaryimage\",\"url\":\"https:\\\/\\\/lasentinelle.dz\\\/wp-content\\\/uploads\\\/2023\\\/01\\\/Sans-titre-3-5.png\",\"contentUrl\":\"https:\\\/\\\/lasentinelle.dz\\\/wp-content\\\/uploads\\\/2023\\\/01\\\/Sans-titre-3-5.png\",\"width\":1491,\"height\":900},{\"@type\":\"BreadcrumbList\",\"@id\":\"https:\\\/\\\/lasentinelle.dz\\\/index.php\\\/2023\\\/01\\\/10\\\/intoxications-au-monoxyde-de-carbone-17-deces-en-24-heures\\\/#breadcrumb\",\"itemListElement\":[{\"@type\":\"ListItem\",\"position\":1,\"name\":\"Accueil\",\"item\":\"https:\\\/\\\/lasentinelle.dz\\\/\"},{\"@type\":\"ListItem\",\"position\":2,\"name\":\"Intoxications au monoxyde de carbone\u00a0: 17 d\u00e9c\u00e8s en 24 heures\u00a0!\"}]},{\"@type\":\"WebSite\",\"@id\":\"https:\\\/\\\/lasentinelle.dz\\\/#website\",\"url\":\"https:\\\/\\\/lasentinelle.dz\\\/\",\"name\":\"La Sentinelle\",\"description\":\"Quotidien national d&#039;information\",\"publisher\":{\"@id\":\"https:\\\/\\\/lasentinelle.dz\\\/#organization\"},\"potentialAction\":[{\"@type\":\"SearchAction\",\"target\":{\"@type\":\"EntryPoint\",\"urlTemplate\":\"https:\\\/\\\/lasentinelle.dz\\\/?s={search_term_string}\"},\"query-input\":{\"@type\":\"PropertyValueSpecification\",\"valueRequired\":true,\"valueName\":\"search_term_string\"}}],\"inLanguage\":\"fr-FR\"},{\"@type\":\"Organization\",\"@id\":\"https:\\\/\\\/lasentinelle.dz\\\/#organization\",\"name\":\"Quotidien La Sentinelle\",\"url\":\"https:\\\/\\\/lasentinelle.dz\\\/\",\"logo\":{\"@type\":\"ImageObject\",\"inLanguage\":\"fr-FR\",\"@id\":\"https:\\\/\\\/lasentinelle.dz\\\/#\\\/schema\\\/logo\\\/image\\\/\",\"url\":\"https:\\\/\\\/lasentinelle.dz\\\/wp-content\\\/uploads\\\/2021\\\/09\\\/logo-sentinelleSLOGAN-1.png\",\"contentUrl\":\"https:\\\/\\\/lasentinelle.dz\\\/wp-content\\\/uploads\\\/2021\\\/09\\\/logo-sentinelleSLOGAN-1.png\",\"width\":615,\"height\":142,\"caption\":\"Quotidien La Sentinelle\"},\"image\":{\"@id\":\"https:\\\/\\\/lasentinelle.dz\\\/#\\\/schema\\\/logo\\\/image\\\/\"},\"sameAs\":[\"https:\\\/\\\/www.facebook.com\\\/La-Sentinelle-104059864394773\"]},{\"@type\":\"Person\",\"@id\":\"https:\\\/\\\/lasentinelle.dz\\\/#\\\/schema\\\/person\\\/d865044e22e70a75174ce8bcad3acfb3\",\"name\":\"La Sentinelle\",\"image\":{\"@type\":\"ImageObject\",\"inLanguage\":\"fr-FR\",\"@id\":\"https:\\\/\\\/secure.gravatar.com\\\/avatar\\\/57de8e5d4b15d43fb361a71fbb36338450fe67865b528a43dd10ef7c51a20392?s=96&d=mm&r=g\",\"url\":\"https:\\\/\\\/secure.gravatar.com\\\/avatar\\\/57de8e5d4b15d43fb361a71fbb36338450fe67865b528a43dd10ef7c51a20392?s=96&d=mm&r=g\",\"contentUrl\":\"https:\\\/\\\/secure.gravatar.com\\\/avatar\\\/57de8e5d4b15d43fb361a71fbb36338450fe67865b528a43dd10ef7c51a20392?s=96&d=mm&r=g\",\"caption\":\"La Sentinelle\"},\"sameAs\":[\"http:\\\/\\\/www.lasentinelle.dz\"],\"url\":\"https:\\\/\\\/lasentinelle.dz\\\/author\\\/redaction\\\/\"}]}<\/script>\n<!-- \/ Yoast SEO plugin. -->","yoast_head_json":{"title":"Intoxications au monoxyde de carbone\u00a0: 17 d\u00e9c\u00e8s en 24 heures\u00a0! - La Sentinelle","robots":{"index":"index","follow":"follow","max-snippet":"max-snippet:-1","max-image-preview":"max-image-preview:large","max-video-preview":"max-video-preview:-1"},"canonical":"https:\/\/lasentinelle.dz\/index.php\/2023\/01\/10\/intoxications-au-monoxyde-de-carbone-17-deces-en-24-heures\/","og_locale":"fr_FR","og_type":"article","og_title":"Intoxications au monoxyde de carbone\u00a0: 17 d\u00e9c\u00e8s en 24 heures\u00a0! - La Sentinelle","og_description":"Pas moins de 17 personnes sont d\u00e9c\u00e9d\u00e9es ces derni\u00e8res 24 heures apr\u00e8s avoir \u00e9t\u00e9 intoxiqu\u00e9es par le monoxyde de carbone","og_url":"https:\/\/lasentinelle.dz\/index.php\/2023\/01\/10\/intoxications-au-monoxyde-de-carbone-17-deces-en-24-heures\/","og_site_name":"La Sentinelle","article_publisher":"https:\/\/www.facebook.com\/La-Sentinelle-104059864394773","article_published_time":"2023-01-10T21:08:00+00:00","og_image":[{"width":1491,"height":900,"url":"https:\/\/lasentinelle.dz\/wp-content\/uploads\/2023\/01\/Sans-titre-3-5.png","type":"image\/png"}],"author":"La Sentinelle","twitter_card":"summary_large_image","twitter_misc":{"\u00c9crit par":"La Sentinelle","Dur\u00e9e de lecture estim\u00e9e":"2 minutes"},"schema":{"@context":"https:\/\/schema.org","@graph":[{"@type":"Article","@id":"https:\/\/lasentinelle.dz\/index.php\/2023\/01\/10\/intoxications-au-monoxyde-de-carbone-17-deces-en-24-heures\/#article","isPartOf":{"@id":"https:\/\/lasentinelle.dz\/index.php\/2023\/01\/10\/intoxications-au-monoxyde-de-carbone-17-deces-en-24-heures\/"},"author":{"name":"La Sentinelle","@id":"https:\/\/lasentinelle.dz\/#\/schema\/person\/d865044e22e70a75174ce8bcad3acfb3"},"headline":"Intoxications au monoxyde de carbone\u00a0: 17 d\u00e9c\u00e8s en 24 heures\u00a0!","datePublished":"2023-01-10T21:08:00+00:00","mainEntityOfPage":{"@id":"https:\/\/lasentinelle.dz\/index.php\/2023\/01\/10\/intoxications-au-monoxyde-de-carbone-17-deces-en-24-heures\/"},"wordCount":374,"commentCount":0,"publisher":{"@id":"https:\/\/lasentinelle.dz\/#organization"},"image":{"@id":"https:\/\/lasentinelle.dz\/index.php\/2023\/01\/10\/intoxications-au-monoxyde-de-carbone-17-deces-en-24-heures\/#primaryimage"},"thumbnailUrl":"https:\/\/lasentinelle.dz\/wp-content\/uploads\/2023\/01\/Sans-titre-3-5.png","articleSection":["\u00c0 la Une","Actualit\u00e9"],"inLanguage":"fr-FR","potentialAction":[{"@type":"CommentAction","name":"Comment","target":["https:\/\/lasentinelle.dz\/index.php\/2023\/01\/10\/intoxications-au-monoxyde-de-carbone-17-deces-en-24-heures\/#respond"]}]},{"@type":"WebPage","@id":"https:\/\/lasentinelle.dz\/index.php\/2023\/01\/10\/intoxications-au-monoxyde-de-carbone-17-deces-en-24-heures\/","url":"https:\/\/lasentinelle.dz\/index.php\/2023\/01\/10\/intoxications-au-monoxyde-de-carbone-17-deces-en-24-heures\/","name":"Intoxications au monoxyde de carbone\u00a0: 17 d\u00e9c\u00e8s en 24 heures\u00a0! - La Sentinelle","isPartOf":{"@id":"https:\/\/lasentinelle.dz\/#website"},"primaryImageOfPage":{"@id":"https:\/\/lasentinelle.dz\/index.php\/2023\/01\/10\/intoxications-au-monoxyde-de-carbone-17-deces-en-24-heures\/#primaryimage"},"image":{"@id":"https:\/\/lasentinelle.dz\/index.php\/2023\/01\/10\/intoxications-au-monoxyde-de-carbone-17-deces-en-24-heures\/#primaryimage"},"thumbnailUrl":"https:\/\/lasentinelle.dz\/wp-content\/uploads\/2023\/01\/Sans-titre-3-5.png","datePublished":"2023-01-10T21:08:00+00:00","breadcrumb":{"@id":"https:\/\/lasentinelle.dz\/index.php\/2023\/01\/10\/intoxications-au-monoxyde-de-carbone-17-deces-en-24-heures\/#breadcrumb"},"inLanguage":"fr-FR","potentialAction":[{"@type":"ReadAction","target":["https:\/\/lasentinelle.dz\/index.php\/2023\/01\/10\/intoxications-au-monoxyde-de-carbone-17-deces-en-24-heures\/"]}]},{"@type":"ImageObject","inLanguage":"fr-FR","@id":"https:\/\/lasentinelle.dz\/index.php\/2023\/01\/10\/intoxications-au-monoxyde-de-carbone-17-deces-en-24-heures\/#primaryimage","url":"https:\/\/lasentinelle.dz\/wp-content\/uploads\/2023\/01\/Sans-titre-3-5.png","contentUrl":"https:\/\/lasentinelle.dz\/wp-content\/uploads\/2023\/01\/Sans-titre-3-5.png","width":1491,"height":900},{"@type":"BreadcrumbList","@id":"https:\/\/lasentinelle.dz\/index.php\/2023\/01\/10\/intoxications-au-monoxyde-de-carbone-17-deces-en-24-heures\/#breadcrumb","itemListElement":[{"@type":"ListItem","position":1,"name":"Accueil","item":"https:\/\/lasentinelle.dz\/"},{"@type":"ListItem","position":2,"name":"Intoxications au monoxyde de carbone\u00a0: 17 d\u00e9c\u00e8s en 24 heures\u00a0!"}]},{"@type":"WebSite","@id":"https:\/\/lasentinelle.dz\/#website","url":"https:\/\/lasentinelle.dz\/","name":"La Sentinelle","description":"Quotidien national d&#039;information","publisher":{"@id":"https:\/\/lasentinelle.dz\/#organization"},"potentialAction":[{"@type":"SearchAction","target":{"@type":"EntryPoint","urlTemplate":"https:\/\/lasentinelle.dz\/?s={search_term_string}"},"query-input":{"@type":"PropertyValueSpecification","valueRequired":true,"valueName":"search_term_string"}}],"inLanguage":"fr-FR"},{"@type":"Organization","@id":"https:\/\/lasentinelle.dz\/#organization","name":"Quotidien La Sentinelle","url":"https:\/\/lasentinelle.dz\/","logo":{"@type":"ImageObject","inLanguage":"fr-FR","@id":"https:\/\/lasentinelle.dz\/#\/schema\/logo\/image\/","url":"https:\/\/lasentinelle.dz\/wp-content\/uploads\/2021\/09\/logo-sentinelleSLOGAN-1.png","contentUrl":"https:\/\/lasentinelle.dz\/wp-content\/uploads\/2021\/09\/logo-sentinelleSLOGAN-1.png","width":615,"height":142,"caption":"Quotidien La Sentinelle"},"image":{"@id":"https:\/\/lasentinelle.dz\/#\/schema\/logo\/image\/"},"sameAs":["https:\/\/www.facebook.com\/La-Sentinelle-104059864394773"]},{"@type":"Person","@id":"https:\/\/lasentinelle.dz\/#\/schema\/person\/d865044e22e70a75174ce8bcad3acfb3","name":"La Sentinelle","image":{"@type":"ImageObject","inLanguage":"fr-FR","@id":"https:\/\/secure.gravatar.com\/avatar\/57de8e5d4b15d43fb361a71fbb36338450fe67865b528a43dd10ef7c51a20392?s=96&d=mm&r=g","url":"https:\/\/secure.gravatar.com\/avatar\/57de8e5d4b15d43fb361a71fbb36338450fe67865b528a43dd10ef7c51a20392?s=96&d=mm&r=g","contentUrl":"https:\/\/secure.gravatar.com\/avatar\/57de8e5d4b15d43fb361a71fbb36338450fe67865b528a43dd10ef7c51a20392?s=96&d=mm&r=g","caption":"La Sentinelle"},"sameAs":["http:\/\/www.lasentinelle.dz"],"url":"https:\/\/lasentinelle.dz\/author\/redaction\/"}]}},"_links":{"self":[{"href":"https:\/\/lasentinelle.dz\/index.php\/wp-json\/wp\/v2\/posts\/34032","targetHints":{"allow":["GET"]}}],"collection":[{"href":"https:\/\/lasentinelle.dz\/index.php\/wp-json\/wp\/v2\/posts"}],"about":[{"href":"https:\/\/lasentinelle.dz\/index.php\/wp-json\/wp\/v2\/types\/post"}],"author":[{"embeddable":true,"href":"https:\/\/lasentinelle.dz\/index.php\/wp-json\/wp\/v2\/users\/3"}],"replies":[{"embeddable":true,"href":"https:\/\/lasentinelle.dz\/index.php\/wp-json\/wp\/v2\/comments?post=34032"}],"version-history":[{"count":2,"href":"https:\/\/lasentinelle.dz\/index.php\/wp-json\/wp\/v2\/posts\/34032\/revisions"}],"predecessor-version":[{"id":34055,"href":"https:\/\/lasentinelle.dz\/index.php\/wp-json\/wp\/v2\/posts\/34032\/revisions\/34055"}],"wp:featuredmedia":[{"embeddable":true,"href":"https:\/\/lasentinelle.dz\/index.php\/wp-json\/wp\/v2\/media\/34037"}],"wp:attachment":[{"href":"https:\/\/lasentinelle.dz\/index.php\/wp-json\/wp\/v2\/media?parent=34032"}],"wp:term":[{"taxonomy":"category","embeddable":true,"href":"https:\/\/lasentinelle.dz\/index.php\/wp-json\/wp\/v2\/categories?post=34032"},{"taxonomy":"post_tag","embeddable":true,"href":"https:\/\/lasentinelle.dz\/index.php\/wp-json\/wp\/v2\/tags?post=34032"}],"curies":[{"name":"wp","href":"https:\/\/api.w.org\/{rel}","templated":true}]}}