{"id":34096,"date":"2023-01-14T22:05:00","date_gmt":"2023-01-14T21:05:00","guid":{"rendered":"https:\/\/lasentinelle.dz\/?p=34096"},"modified":"2023-01-14T18:08:59","modified_gmt":"2023-01-14T17:08:59","slug":"enseignante-poignardee-par-un-eleve-a-batna-lagresseur-en-detention-preventive","status":"publish","type":"post","link":"https:\/\/lasentinelle.dz\/index.php\/2023\/01\/14\/enseignante-poignardee-par-un-eleve-a-batna-lagresseur-en-detention-preventive\/","title":{"rendered":"Enseignante poignard\u00e9e par un \u00e9l\u00e8ve \u00e0 Batna\u00a0: L\u2019agresseur en d\u00e9tention pr\u00e9ventive"},"content":{"rendered":"\n<p>Le juge d\u2019instruction pr\u00e8s le tribunal de N\u2019gaous dans la wilaya de Batna a ordonn\u00e9 hier de placer le jeune mineur r\u00e9pondant aux initiales A. H., auteur d\u2019une agression \u00e0 l\u2019arme blanche contre son enseignante de langue arabe, sous mandat de d\u00e9p\u00f4t.<\/p>\n\n\n\n<p>L\u2019adolescenta \u00e9t\u00e9 plac\u00e9 en d\u00e9tention pr\u00e9ventive dans l\u2019aile r\u00e9serv\u00e9e aux mineurs de la prison de Batna.Pour rappel, une enseignante de langue arabe a \u00e9t\u00e9 poignard\u00e9 par l\u2019un de ses \u00e9l\u00e8ves au niveau du CEM Amari Said dans la commune de Taxlent, dans la m\u00eame wilaya.<\/p>\n\n\n\n<p>Dans un communiqu\u00e9 rendu public, mercredi dernier, le procureur de la R\u00e9publique pr\u00e8s le tribunal de N\u2019gaous, rattach\u00e9 \u00e0 la cour de justice de Batna, a fait savoir que \u00ab les services de la brigade territoriale de la Gendarmerie Nationale de Taxlent avaient re\u00e7u un avis au sujet de l\u2019agression d\u2019une enseignante de langue arabe, r\u00e9pondant aux initiales B. C. R \u00bb.<\/p>\n\n\n\n<p>D\u2019apr\u00e8s la m\u00eame source, \u00ab cette derni\u00e8re avait re\u00e7u un coup de couteau au dos par un mineur nomm\u00e9 A. H, qui se trouve \u00eatre un \u00e9l\u00e8ve en quatri\u00e8me ann\u00e9e moyenne dans le m\u00eame \u00e9tablissement dans lequel elle exerce \u00bb.Par ailleurs, le communiqu\u00e9 du procureur de la R\u00e9publique pr\u00e8s le tribunal de N\u2019gaous a indiqu\u00e9 que \u00ab l\u2019enseignante victime de l\u2019agression avait convoqu\u00e9 le p\u00e8re de l\u2019\u00e9l\u00e8ve, aux alentours de 10 heures, pour \u00e9voquer le comportement de ce dernier \u00bb.Peu de temps apr\u00e8s, vers les coups de midi, soit durant la pause, \u00ab alors que l\u2019enseignante se tenait devant son bureau, l\u2019\u00e9l\u00e8ve lui a donn\u00e9 un coup de couteau dans le dos, avant de prendre la fuite \u00bb, a pr\u00e9cis\u00e9 le m\u00eame communiqu\u00e9.<\/p>\n\n\n\n<p>Le ministre de l\u2019\u00c9ducation nationale, Abdelhakim Belabed, et de la ministre de la Solidarit\u00e9 nationale, de la Famille et de la Condition de la femme, Kaouter Krikou ont \u00e9t\u00e9 d\u00e9p\u00each\u00e9s \u00e0 Batna jeudi matin pour s\u2019enqu\u00e9rir de l\u2019\u00e9tat de sant\u00e9 de l\u2019enseignante.<\/p>\n\n\n\n<p>En marge de sa visite, le ministre Abdelhakim Belabed a tenu \u00e0 souligner le fait que \u00ab cette agression \u00e9tait un cas \u00e0 part et isol\u00e9 qui ne refl\u00e9tait pas la situation des \u00e9tablissements de l\u2019\u00e9ducation \u00bb. De plus, il a rassur\u00e9 quant \u00e0 l\u2019\u00e9tat de sant\u00e9 de l\u2019enseignante, notant qu\u2019 \u00ab elle allait se r\u00e9tablir \u00bb. Le ministre n\u2019a pas manqu\u00e9 d\u2019assurer que \u00ab les mesures n\u00e9cessaires seront prises \u00e0 l\u2019encontre de toutes les personnes responsables de cet incident \u00bb.<\/p>\n\n\n\n<p><strong>Chokri Hafed<\/strong><\/p>\n","protected":false},"excerpt":{"rendered":"<p>Le juge d\u2019instruction pr\u00e8s le tribunal de N\u2019gaous dans la wilaya de Batna a ordonn\u00e9 hier de placer le jeune<\/p>\n","protected":false},"author":3,"featured_media":34108,"comment_status":"open","ping_status":"closed","sticky":false,"template":"","format":"standard","meta":{"colormag_page_container_layout":"default_layout","colormag_page_sidebar_layout":"default_layout","om_disable_all_campaigns":false,"_monsterinsights_skip_tracking":false,"_monsterinsights_sitenote_active":false,"_monsterinsights_sitenote_note":"","_monsterinsights_sitenote_category":0,"footnotes":"","_wpscppro_dont_share_socialmedia":false,"_wpscppro_custom_social_share_image":0,"_facebook_share_type":"","_twitter_share_type":"","_linkedin_share_type":"","_pinterest_share_type":"","_linkedin_share_type_page":"","_instagram_share_type":"","_medium_share_type":"","_threads_share_type":"","_google_business_share_type":"","_selected_social_profile":[],"_wpsp_enable_custom_social_template":false,"_wpsp_social_scheduling":{"enabled":false,"datetime":null,"platforms":[],"status":"template_only","dateOption":"today","timeOption":"now","customDays":"","customHours":"","customDate":"","customTime":"","schedulingType":"absolute"},"_wpsp_active_default_template":true},"categories":[27],"tags":[],"class_list":["post-34096","post","type-post","status-publish","format-standard","has-post-thumbnail","hentry","category-actualite"],"aioseo_notices":[],"yoast_head":"<!-- This site is optimized with the Yoast SEO plugin v27.5 - https:\/\/yoast.com\/product\/yoast-seo-wordpress\/ -->\n<title>Enseignante poignard\u00e9e par un \u00e9l\u00e8ve \u00e0 Batna\u00a0: L\u2019agresseur en d\u00e9tention pr\u00e9ventive - La Sentinelle<\/title>\n<meta name=\"robots\" content=\"index, follow, max-snippet:-1, max-image-preview:large, max-video-preview:-1\" \/>\n<link rel=\"canonical\" href=\"https:\/\/lasentinelle.dz\/index.php\/2023\/01\/14\/enseignante-poignardee-par-un-eleve-a-batna-lagresseur-en-detention-preventive\/\" \/>\n<meta property=\"og:locale\" content=\"fr_FR\" \/>\n<meta property=\"og:type\" content=\"article\" \/>\n<meta property=\"og:title\" content=\"Enseignante poignard\u00e9e par un \u00e9l\u00e8ve \u00e0 Batna\u00a0: L\u2019agresseur en d\u00e9tention pr\u00e9ventive - La Sentinelle\" \/>\n<meta property=\"og:description\" content=\"Le juge d\u2019instruction pr\u00e8s le tribunal de N\u2019gaous dans la wilaya de Batna a ordonn\u00e9 hier de placer le jeune\" \/>\n<meta property=\"og:url\" content=\"https:\/\/lasentinelle.dz\/index.php\/2023\/01\/14\/enseignante-poignardee-par-un-eleve-a-batna-lagresseur-en-detention-preventive\/\" \/>\n<meta property=\"og:site_name\" content=\"La Sentinelle\" \/>\n<meta property=\"article:publisher\" content=\"https:\/\/www.facebook.com\/La-Sentinelle-104059864394773\" \/>\n<meta property=\"article:published_time\" content=\"2023-01-14T21:05:00+00:00\" \/>\n<meta property=\"og:image\" content=\"https:\/\/lasentinelle.dz\/wp-content\/uploads\/2023\/01\/Sans-titre-3-6.png\" \/>\n\t<meta property=\"og:image:width\" content=\"1800\" \/>\n\t<meta property=\"og:image:height\" content=\"900\" \/>\n\t<meta property=\"og:image:type\" content=\"image\/png\" \/>\n<meta name=\"author\" content=\"La Sentinelle\" \/>\n<meta name=\"twitter:card\" content=\"summary_large_image\" \/>\n<meta name=\"twitter:label1\" content=\"\u00c9crit par\" \/>\n\t<meta name=\"twitter:data1\" content=\"La Sentinelle\" \/>\n\t<meta name=\"twitter:label2\" content=\"Dur\u00e9e de lecture estim\u00e9e\" \/>\n\t<meta name=\"twitter:data2\" content=\"2 minutes\" \/>\n<script type=\"application\/ld+json\" class=\"yoast-schema-graph\">{\"@context\":\"https:\\\/\\\/schema.org\",\"@graph\":[{\"@type\":\"Article\",\"@id\":\"https:\\\/\\\/lasentinelle.dz\\\/index.php\\\/2023\\\/01\\\/14\\\/enseignante-poignardee-par-un-eleve-a-batna-lagresseur-en-detention-preventive\\\/#article\",\"isPartOf\":{\"@id\":\"https:\\\/\\\/lasentinelle.dz\\\/index.php\\\/2023\\\/01\\\/14\\\/enseignante-poignardee-par-un-eleve-a-batna-lagresseur-en-detention-preventive\\\/\"},\"author\":{\"name\":\"La Sentinelle\",\"@id\":\"https:\\\/\\\/lasentinelle.dz\\\/#\\\/schema\\\/person\\\/d865044e22e70a75174ce8bcad3acfb3\"},\"headline\":\"Enseignante poignard\u00e9e par un \u00e9l\u00e8ve \u00e0 Batna\u00a0: L\u2019agresseur en d\u00e9tention pr\u00e9ventive\",\"datePublished\":\"2023-01-14T21:05:00+00:00\",\"mainEntityOfPage\":{\"@id\":\"https:\\\/\\\/lasentinelle.dz\\\/index.php\\\/2023\\\/01\\\/14\\\/enseignante-poignardee-par-un-eleve-a-batna-lagresseur-en-detention-preventive\\\/\"},\"wordCount\":457,\"commentCount\":0,\"publisher\":{\"@id\":\"https:\\\/\\\/lasentinelle.dz\\\/#organization\"},\"image\":{\"@id\":\"https:\\\/\\\/lasentinelle.dz\\\/index.php\\\/2023\\\/01\\\/14\\\/enseignante-poignardee-par-un-eleve-a-batna-lagresseur-en-detention-preventive\\\/#primaryimage\"},\"thumbnailUrl\":\"https:\\\/\\\/lasentinelle.dz\\\/wp-content\\\/uploads\\\/2023\\\/01\\\/Sans-titre-3-6.png\",\"articleSection\":[\"Actualit\u00e9\"],\"inLanguage\":\"fr-FR\",\"potentialAction\":[{\"@type\":\"CommentAction\",\"name\":\"Comment\",\"target\":[\"https:\\\/\\\/lasentinelle.dz\\\/index.php\\\/2023\\\/01\\\/14\\\/enseignante-poignardee-par-un-eleve-a-batna-lagresseur-en-detention-preventive\\\/#respond\"]}]},{\"@type\":\"WebPage\",\"@id\":\"https:\\\/\\\/lasentinelle.dz\\\/index.php\\\/2023\\\/01\\\/14\\\/enseignante-poignardee-par-un-eleve-a-batna-lagresseur-en-detention-preventive\\\/\",\"url\":\"https:\\\/\\\/lasentinelle.dz\\\/index.php\\\/2023\\\/01\\\/14\\\/enseignante-poignardee-par-un-eleve-a-batna-lagresseur-en-detention-preventive\\\/\",\"name\":\"Enseignante poignard\u00e9e par un \u00e9l\u00e8ve \u00e0 Batna\u00a0: L\u2019agresseur en d\u00e9tention pr\u00e9ventive - La Sentinelle\",\"isPartOf\":{\"@id\":\"https:\\\/\\\/lasentinelle.dz\\\/#website\"},\"primaryImageOfPage\":{\"@id\":\"https:\\\/\\\/lasentinelle.dz\\\/index.php\\\/2023\\\/01\\\/14\\\/enseignante-poignardee-par-un-eleve-a-batna-lagresseur-en-detention-preventive\\\/#primaryimage\"},\"image\":{\"@id\":\"https:\\\/\\\/lasentinelle.dz\\\/index.php\\\/2023\\\/01\\\/14\\\/enseignante-poignardee-par-un-eleve-a-batna-lagresseur-en-detention-preventive\\\/#primaryimage\"},\"thumbnailUrl\":\"https:\\\/\\\/lasentinelle.dz\\\/wp-content\\\/uploads\\\/2023\\\/01\\\/Sans-titre-3-6.png\",\"datePublished\":\"2023-01-14T21:05:00+00:00\",\"breadcrumb\":{\"@id\":\"https:\\\/\\\/lasentinelle.dz\\\/index.php\\\/2023\\\/01\\\/14\\\/enseignante-poignardee-par-un-eleve-a-batna-lagresseur-en-detention-preventive\\\/#breadcrumb\"},\"inLanguage\":\"fr-FR\",\"potentialAction\":[{\"@type\":\"ReadAction\",\"target\":[\"https:\\\/\\\/lasentinelle.dz\\\/index.php\\\/2023\\\/01\\\/14\\\/enseignante-poignardee-par-un-eleve-a-batna-lagresseur-en-detention-preventive\\\/\"]}]},{\"@type\":\"ImageObject\",\"inLanguage\":\"fr-FR\",\"@id\":\"https:\\\/\\\/lasentinelle.dz\\\/index.php\\\/2023\\\/01\\\/14\\\/enseignante-poignardee-par-un-eleve-a-batna-lagresseur-en-detention-preventive\\\/#primaryimage\",\"url\":\"https:\\\/\\\/lasentinelle.dz\\\/wp-content\\\/uploads\\\/2023\\\/01\\\/Sans-titre-3-6.png\",\"contentUrl\":\"https:\\\/\\\/lasentinelle.dz\\\/wp-content\\\/uploads\\\/2023\\\/01\\\/Sans-titre-3-6.png\",\"width\":1800,\"height\":900},{\"@type\":\"BreadcrumbList\",\"@id\":\"https:\\\/\\\/lasentinelle.dz\\\/index.php\\\/2023\\\/01\\\/14\\\/enseignante-poignardee-par-un-eleve-a-batna-lagresseur-en-detention-preventive\\\/#breadcrumb\",\"itemListElement\":[{\"@type\":\"ListItem\",\"position\":1,\"name\":\"Accueil\",\"item\":\"https:\\\/\\\/lasentinelle.dz\\\/\"},{\"@type\":\"ListItem\",\"position\":2,\"name\":\"Enseignante poignard\u00e9e par un \u00e9l\u00e8ve \u00e0 Batna\u00a0: L\u2019agresseur en d\u00e9tention pr\u00e9ventive\"}]},{\"@type\":\"WebSite\",\"@id\":\"https:\\\/\\\/lasentinelle.dz\\\/#website\",\"url\":\"https:\\\/\\\/lasentinelle.dz\\\/\",\"name\":\"La Sentinelle\",\"description\":\"Quotidien national d&#039;information\",\"publisher\":{\"@id\":\"https:\\\/\\\/lasentinelle.dz\\\/#organization\"},\"potentialAction\":[{\"@type\":\"SearchAction\",\"target\":{\"@type\":\"EntryPoint\",\"urlTemplate\":\"https:\\\/\\\/lasentinelle.dz\\\/?s={search_term_string}\"},\"query-input\":{\"@type\":\"PropertyValueSpecification\",\"valueRequired\":true,\"valueName\":\"search_term_string\"}}],\"inLanguage\":\"fr-FR\"},{\"@type\":\"Organization\",\"@id\":\"https:\\\/\\\/lasentinelle.dz\\\/#organization\",\"name\":\"Quotidien La Sentinelle\",\"url\":\"https:\\\/\\\/lasentinelle.dz\\\/\",\"logo\":{\"@type\":\"ImageObject\",\"inLanguage\":\"fr-FR\",\"@id\":\"https:\\\/\\\/lasentinelle.dz\\\/#\\\/schema\\\/logo\\\/image\\\/\",\"url\":\"https:\\\/\\\/lasentinelle.dz\\\/wp-content\\\/uploads\\\/2021\\\/09\\\/logo-sentinelleSLOGAN-1.png\",\"contentUrl\":\"https:\\\/\\\/lasentinelle.dz\\\/wp-content\\\/uploads\\\/2021\\\/09\\\/logo-sentinelleSLOGAN-1.png\",\"width\":615,\"height\":142,\"caption\":\"Quotidien La Sentinelle\"},\"image\":{\"@id\":\"https:\\\/\\\/lasentinelle.dz\\\/#\\\/schema\\\/logo\\\/image\\\/\"},\"sameAs\":[\"https:\\\/\\\/www.facebook.com\\\/La-Sentinelle-104059864394773\"]},{\"@type\":\"Person\",\"@id\":\"https:\\\/\\\/lasentinelle.dz\\\/#\\\/schema\\\/person\\\/d865044e22e70a75174ce8bcad3acfb3\",\"name\":\"La Sentinelle\",\"image\":{\"@type\":\"ImageObject\",\"inLanguage\":\"fr-FR\",\"@id\":\"https:\\\/\\\/secure.gravatar.com\\\/avatar\\\/57de8e5d4b15d43fb361a71fbb36338450fe67865b528a43dd10ef7c51a20392?s=96&d=mm&r=g\",\"url\":\"https:\\\/\\\/secure.gravatar.com\\\/avatar\\\/57de8e5d4b15d43fb361a71fbb36338450fe67865b528a43dd10ef7c51a20392?s=96&d=mm&r=g\",\"contentUrl\":\"https:\\\/\\\/secure.gravatar.com\\\/avatar\\\/57de8e5d4b15d43fb361a71fbb36338450fe67865b528a43dd10ef7c51a20392?s=96&d=mm&r=g\",\"caption\":\"La Sentinelle\"},\"sameAs\":[\"http:\\\/\\\/www.lasentinelle.dz\"],\"url\":\"https:\\\/\\\/lasentinelle.dz\\\/author\\\/redaction\\\/\"}]}<\/script>\n<!-- \/ Yoast SEO plugin. -->","yoast_head_json":{"title":"Enseignante poignard\u00e9e par un \u00e9l\u00e8ve \u00e0 Batna\u00a0: L\u2019agresseur en d\u00e9tention pr\u00e9ventive - La Sentinelle","robots":{"index":"index","follow":"follow","max-snippet":"max-snippet:-1","max-image-preview":"max-image-preview:large","max-video-preview":"max-video-preview:-1"},"canonical":"https:\/\/lasentinelle.dz\/index.php\/2023\/01\/14\/enseignante-poignardee-par-un-eleve-a-batna-lagresseur-en-detention-preventive\/","og_locale":"fr_FR","og_type":"article","og_title":"Enseignante poignard\u00e9e par un \u00e9l\u00e8ve \u00e0 Batna\u00a0: L\u2019agresseur en d\u00e9tention pr\u00e9ventive - La Sentinelle","og_description":"Le juge d\u2019instruction pr\u00e8s le tribunal de N\u2019gaous dans la wilaya de Batna a ordonn\u00e9 hier de placer le jeune","og_url":"https:\/\/lasentinelle.dz\/index.php\/2023\/01\/14\/enseignante-poignardee-par-un-eleve-a-batna-lagresseur-en-detention-preventive\/","og_site_name":"La Sentinelle","article_publisher":"https:\/\/www.facebook.com\/La-Sentinelle-104059864394773","article_published_time":"2023-01-14T21:05:00+00:00","og_image":[{"width":1800,"height":900,"url":"https:\/\/lasentinelle.dz\/wp-content\/uploads\/2023\/01\/Sans-titre-3-6.png","type":"image\/png"}],"author":"La Sentinelle","twitter_card":"summary_large_image","twitter_misc":{"\u00c9crit par":"La Sentinelle","Dur\u00e9e de lecture estim\u00e9e":"2 minutes"},"schema":{"@context":"https:\/\/schema.org","@graph":[{"@type":"Article","@id":"https:\/\/lasentinelle.dz\/index.php\/2023\/01\/14\/enseignante-poignardee-par-un-eleve-a-batna-lagresseur-en-detention-preventive\/#article","isPartOf":{"@id":"https:\/\/lasentinelle.dz\/index.php\/2023\/01\/14\/enseignante-poignardee-par-un-eleve-a-batna-lagresseur-en-detention-preventive\/"},"author":{"name":"La Sentinelle","@id":"https:\/\/lasentinelle.dz\/#\/schema\/person\/d865044e22e70a75174ce8bcad3acfb3"},"headline":"Enseignante poignard\u00e9e par un \u00e9l\u00e8ve \u00e0 Batna\u00a0: L\u2019agresseur en d\u00e9tention pr\u00e9ventive","datePublished":"2023-01-14T21:05:00+00:00","mainEntityOfPage":{"@id":"https:\/\/lasentinelle.dz\/index.php\/2023\/01\/14\/enseignante-poignardee-par-un-eleve-a-batna-lagresseur-en-detention-preventive\/"},"wordCount":457,"commentCount":0,"publisher":{"@id":"https:\/\/lasentinelle.dz\/#organization"},"image":{"@id":"https:\/\/lasentinelle.dz\/index.php\/2023\/01\/14\/enseignante-poignardee-par-un-eleve-a-batna-lagresseur-en-detention-preventive\/#primaryimage"},"thumbnailUrl":"https:\/\/lasentinelle.dz\/wp-content\/uploads\/2023\/01\/Sans-titre-3-6.png","articleSection":["Actualit\u00e9"],"inLanguage":"fr-FR","potentialAction":[{"@type":"CommentAction","name":"Comment","target":["https:\/\/lasentinelle.dz\/index.php\/2023\/01\/14\/enseignante-poignardee-par-un-eleve-a-batna-lagresseur-en-detention-preventive\/#respond"]}]},{"@type":"WebPage","@id":"https:\/\/lasentinelle.dz\/index.php\/2023\/01\/14\/enseignante-poignardee-par-un-eleve-a-batna-lagresseur-en-detention-preventive\/","url":"https:\/\/lasentinelle.dz\/index.php\/2023\/01\/14\/enseignante-poignardee-par-un-eleve-a-batna-lagresseur-en-detention-preventive\/","name":"Enseignante poignard\u00e9e par un \u00e9l\u00e8ve \u00e0 Batna\u00a0: L\u2019agresseur en d\u00e9tention pr\u00e9ventive - La Sentinelle","isPartOf":{"@id":"https:\/\/lasentinelle.dz\/#website"},"primaryImageOfPage":{"@id":"https:\/\/lasentinelle.dz\/index.php\/2023\/01\/14\/enseignante-poignardee-par-un-eleve-a-batna-lagresseur-en-detention-preventive\/#primaryimage"},"image":{"@id":"https:\/\/lasentinelle.dz\/index.php\/2023\/01\/14\/enseignante-poignardee-par-un-eleve-a-batna-lagresseur-en-detention-preventive\/#primaryimage"},"thumbnailUrl":"https:\/\/lasentinelle.dz\/wp-content\/uploads\/2023\/01\/Sans-titre-3-6.png","datePublished":"2023-01-14T21:05:00+00:00","breadcrumb":{"@id":"https:\/\/lasentinelle.dz\/index.php\/2023\/01\/14\/enseignante-poignardee-par-un-eleve-a-batna-lagresseur-en-detention-preventive\/#breadcrumb"},"inLanguage":"fr-FR","potentialAction":[{"@type":"ReadAction","target":["https:\/\/lasentinelle.dz\/index.php\/2023\/01\/14\/enseignante-poignardee-par-un-eleve-a-batna-lagresseur-en-detention-preventive\/"]}]},{"@type":"ImageObject","inLanguage":"fr-FR","@id":"https:\/\/lasentinelle.dz\/index.php\/2023\/01\/14\/enseignante-poignardee-par-un-eleve-a-batna-lagresseur-en-detention-preventive\/#primaryimage","url":"https:\/\/lasentinelle.dz\/wp-content\/uploads\/2023\/01\/Sans-titre-3-6.png","contentUrl":"https:\/\/lasentinelle.dz\/wp-content\/uploads\/2023\/01\/Sans-titre-3-6.png","width":1800,"height":900},{"@type":"BreadcrumbList","@id":"https:\/\/lasentinelle.dz\/index.php\/2023\/01\/14\/enseignante-poignardee-par-un-eleve-a-batna-lagresseur-en-detention-preventive\/#breadcrumb","itemListElement":[{"@type":"ListItem","position":1,"name":"Accueil","item":"https:\/\/lasentinelle.dz\/"},{"@type":"ListItem","position":2,"name":"Enseignante poignard\u00e9e par un \u00e9l\u00e8ve \u00e0 Batna\u00a0: L\u2019agresseur en d\u00e9tention pr\u00e9ventive"}]},{"@type":"WebSite","@id":"https:\/\/lasentinelle.dz\/#website","url":"https:\/\/lasentinelle.dz\/","name":"La Sentinelle","description":"Quotidien national d&#039;information","publisher":{"@id":"https:\/\/lasentinelle.dz\/#organization"},"potentialAction":[{"@type":"SearchAction","target":{"@type":"EntryPoint","urlTemplate":"https:\/\/lasentinelle.dz\/?s={search_term_string}"},"query-input":{"@type":"PropertyValueSpecification","valueRequired":true,"valueName":"search_term_string"}}],"inLanguage":"fr-FR"},{"@type":"Organization","@id":"https:\/\/lasentinelle.dz\/#organization","name":"Quotidien La Sentinelle","url":"https:\/\/lasentinelle.dz\/","logo":{"@type":"ImageObject","inLanguage":"fr-FR","@id":"https:\/\/lasentinelle.dz\/#\/schema\/logo\/image\/","url":"https:\/\/lasentinelle.dz\/wp-content\/uploads\/2021\/09\/logo-sentinelleSLOGAN-1.png","contentUrl":"https:\/\/lasentinelle.dz\/wp-content\/uploads\/2021\/09\/logo-sentinelleSLOGAN-1.png","width":615,"height":142,"caption":"Quotidien La Sentinelle"},"image":{"@id":"https:\/\/lasentinelle.dz\/#\/schema\/logo\/image\/"},"sameAs":["https:\/\/www.facebook.com\/La-Sentinelle-104059864394773"]},{"@type":"Person","@id":"https:\/\/lasentinelle.dz\/#\/schema\/person\/d865044e22e70a75174ce8bcad3acfb3","name":"La Sentinelle","image":{"@type":"ImageObject","inLanguage":"fr-FR","@id":"https:\/\/secure.gravatar.com\/avatar\/57de8e5d4b15d43fb361a71fbb36338450fe67865b528a43dd10ef7c51a20392?s=96&d=mm&r=g","url":"https:\/\/secure.gravatar.com\/avatar\/57de8e5d4b15d43fb361a71fbb36338450fe67865b528a43dd10ef7c51a20392?s=96&d=mm&r=g","contentUrl":"https:\/\/secure.gravatar.com\/avatar\/57de8e5d4b15d43fb361a71fbb36338450fe67865b528a43dd10ef7c51a20392?s=96&d=mm&r=g","caption":"La Sentinelle"},"sameAs":["http:\/\/www.lasentinelle.dz"],"url":"https:\/\/lasentinelle.dz\/author\/redaction\/"}]}},"_links":{"self":[{"href":"https:\/\/lasentinelle.dz\/index.php\/wp-json\/wp\/v2\/posts\/34096","targetHints":{"allow":["GET"]}}],"collection":[{"href":"https:\/\/lasentinelle.dz\/index.php\/wp-json\/wp\/v2\/posts"}],"about":[{"href":"https:\/\/lasentinelle.dz\/index.php\/wp-json\/wp\/v2\/types\/post"}],"author":[{"embeddable":true,"href":"https:\/\/lasentinelle.dz\/index.php\/wp-json\/wp\/v2\/users\/3"}],"replies":[{"embeddable":true,"href":"https:\/\/lasentinelle.dz\/index.php\/wp-json\/wp\/v2\/comments?post=34096"}],"version-history":[{"count":1,"href":"https:\/\/lasentinelle.dz\/index.php\/wp-json\/wp\/v2\/posts\/34096\/revisions"}],"predecessor-version":[{"id":34109,"href":"https:\/\/lasentinelle.dz\/index.php\/wp-json\/wp\/v2\/posts\/34096\/revisions\/34109"}],"wp:featuredmedia":[{"embeddable":true,"href":"https:\/\/lasentinelle.dz\/index.php\/wp-json\/wp\/v2\/media\/34108"}],"wp:attachment":[{"href":"https:\/\/lasentinelle.dz\/index.php\/wp-json\/wp\/v2\/media?parent=34096"}],"wp:term":[{"taxonomy":"category","embeddable":true,"href":"https:\/\/lasentinelle.dz\/index.php\/wp-json\/wp\/v2\/categories?post=34096"},{"taxonomy":"post_tag","embeddable":true,"href":"https:\/\/lasentinelle.dz\/index.php\/wp-json\/wp\/v2\/tags?post=34096"}],"curies":[{"name":"wp","href":"https:\/\/api.w.org\/{rel}","templated":true}]}}