{"id":34097,"date":"2023-01-14T22:05:00","date_gmt":"2023-01-14T21:05:00","guid":{"rendered":"https:\/\/lasentinelle.dz\/?p=34097"},"modified":"2023-01-14T20:15:31","modified_gmt":"2023-01-14T19:15:31","slug":"port-du-masque-traitements-et-soins-cliniques-contre-le-covid-19-loms-met-a-jour-ses-recommandations","status":"publish","type":"post","link":"https:\/\/lasentinelle.dz\/index.php\/2023\/01\/14\/port-du-masque-traitements-et-soins-cliniques-contre-le-covid-19-loms-met-a-jour-ses-recommandations\/","title":{"rendered":"Port du masque, traitements et soins cliniques contre le Covid-19\u00a0: L\u2019OMS met \u00e0 jour ses recommandations"},"content":{"rendered":"\n<p>L\u2019Organisation mondiale de la sant\u00e9 (OMS) vient de mettre \u00e0 jour les lignes directrices Covid-19 sur les masques, les traitements et les soins cliniques aux patients. Dans une note publi\u00e9e vendredi soir, l\u2019organisation onusienne a indiqu\u00e9 que la n\u00e9cessit\u00e9 d\u2019aller vers le port du masque g\u00e9n\u00e9ralis\u00e9e est dict\u00e9e par \u00ab un processus continu d\u2019examen \u00bb des documents m\u00e9dicaux, en collaboration avec des groupes d\u2019\u00e9laboration de lignes directrices compos\u00e9s d\u2019experts internationaux ind\u00e9pendants qui tiennent compte des derni\u00e8res donn\u00e9es probantes disponibles et de l\u2019\u00e9volution de l\u2019\u00e9pid\u00e9miologie. C\u2019est ainsi que l\u2019OMS revient \u00e0 la charge et recommande l\u2019utilisation de masques par le public dans des situations sp\u00e9cifiques, et cette mise \u00e0 jour recommande leur utilisation ind\u00e9pendamment de la situation \u00e9pid\u00e9miologique locale, compte tenu de la propagation actuelle du Covid-19 dans le monde. \u00ab Les masques sont recommand\u00e9s \u00e0 la suite d\u2019une exposition r\u00e9cente du Covid-19, lorsqu\u2019une personne a ou soup\u00e7onne qu\u2019elle a le Covid-19, lorsqu\u2019une personne pr\u00e9sente un risque \u00e9lev\u00e9 de Covid-19 grave et pour toute personne se trouvant dans un espace bond\u00e9, clos ou mal ventil\u00e9 \u00bb. Si, auparavant, les recommandations \u00e9taient fond\u00e9es sur la situation \u00e9pid\u00e9miologique dans le monde et \u00e0 l\u2019instar des recommandations pr\u00e9c\u00e9dentes, l\u2019OMS indique qu\u2019\u00ab il existe d\u2019autres cas o\u00f9 un masque peut \u00eatre sugg\u00e9r\u00e9, sur la base d\u2019une \u00e9valuation des risques. Les facteurs \u00e0 prendre en compte comprennent les tendances \u00e9pid\u00e9miologiques locales ou l\u2019augmentation des niveaux d\u2019hospitalisation, les niveaux de couverture vaccinale et d\u2019immunit\u00e9 dans la communaut\u00e9, ainsi que le milieu dans lequel les gens se trouvent \u00bb. Du coup, m\u00eame si des pays comme l\u2019Alg\u00e9rie, continuent \u00e0 enregistrer des taux insignifiants de cas confirm\u00e9s, l\u2019OMS souligne l\u2019imp\u00e9ratif de maintenir un niveau de vigilance appropri\u00e9 localement de telle fa\u00e7on \u00e0 r\u00e9duire la propagation des nouveaux variants. En revanche, et contrairement aux recommandations pr\u00e9c\u00e9dentes, l\u2019OMS conseille qu\u2019un patient atteint de Covid-19 puisse sortir pr\u00e9matur\u00e9ment de l\u2019isolement s\u2019il obtient un r\u00e9sultat n\u00e9gatif \u00e0 un test rapide \u00e0 base d\u2019antig\u00e8ne. \u00ab Sans test, pour les patients pr\u00e9sentant des sympt\u00f4mes, les nouvelles lignes directrices sugg\u00e8rent 10 jours d\u2019isolement \u00e0 compter de la date d\u2019apparition des sympt\u00f4mes \u00bb, alors qu\u2019auparavant, l\u2019OMS conseillait que \u00ab les patients sortent de l\u2019h\u00f4pital 10 jours apr\u00e8s l\u2019apparition des sympt\u00f4mes, plus au moins trois jours suppl\u00e9mentaires depuis la disparition de leurs sympt\u00f4mes \u00bb. Selon la m\u00eame organisation, pour les sujets dont le test de d\u00e9pistage de Covid-19 est positif, mais qui ne pr\u00e9sentent aucun signe ou sympt\u00f4me, il est recommand\u00e9, d\u00e9sormais, cinq jours d\u2019isolement en l\u2019absence de test, contre 10 jours auparavant. \u00ab L\u2019isolement des personnes atteintes de Covid-19 est une \u00e9tape importante pour emp\u00eacher que d\u2019autres personnes ne soient infect\u00e9es. Cela peut \u00eatre fait \u00e0 la maison ou dans un \u00e9tablissement d\u00e9di\u00e9, tel qu\u2019un h\u00f4pital ou une clinique \u00bb, a d\u00e9velopp\u00e9 l\u2019OMS, soulignant que \u00ab les preuves examin\u00e9es par le groupe d\u2019\u00e9laboration des lignes directrices ont montr\u00e9 que les personnes sans sympt\u00f4mes sont beaucoup moins susceptibles de transmettre le virus que celles pr\u00e9sentant des sympt\u00f4mes \u00bb. Bien que d\u2019un niveau de confiance tr\u00e8s faible, ajoute l\u2019OMS, \u00ab les donn\u00e9es probantes ont \u00e9galement montr\u00e9 que les personnes pr\u00e9sentant des sympt\u00f4mes sont sorties de l\u2019h\u00f4pital au jour 5 suivant l\u2019apparition des sympt\u00f4mes risquaient d\u2019infecter trois fois plus de personnes que celles qui sont sorties au jour 10 \u00bb. Concernant les traitements \u00e9prouv\u00e9es pour les patients atteints de Covid-19, l\u2019OMS d\u00e9plore que l\u2019acc\u00e8s \u00e0 d\u2019autres m\u00e9dicaments reste insatisfaisant \u00e0 l\u2019\u00e9chelle mondiale, \u00e0 l\u2019exception des corticost\u00e9ro\u00efdes. Il faut dire que, pour le moment, l\u2019Alg\u00e9rie s\u2019en sort indemne de cette pand\u00e9mie qui continue de ravager le monde. Malgr\u00e9 les quelques cas enregistr\u00e9s quotidiennement, l\u2019Alg\u00e9rie n\u2019a d\u00e9plor\u00e9 aucun d\u00e9c\u00e8s ces derni\u00e8res semaines. En revanche, le minist\u00e8re de la Sant\u00e9 n\u2019a jamais cess\u00e9 de rappeler \u00ab la n\u00e9cessit\u00e9 de maintenir la vigilance, en respectant les r\u00e8gles d\u2019hygi\u00e8ne, la distanciation physique et le port du masque \u00bb. Signalons, enfin, qu\u2019\u00e0 la veille de la publication de ces recommandations, l&rsquo;OMS avait annonc\u00e9 que le variant XBB.1.5 du coronavirus \u00e9tait \u00ab le plus contagieux d\u00e9tect\u00e9 \u00e0 ce jour \u00bb et \u00e9tait \u00e0 l\u2019origine de contaminations dans 25 pays et pr\u00e9sent dans et domine la tendance en Am\u00e9rique du Nord et dans le nord-est des Etats-Unis.<\/p>\n\n\n\n<p><strong>Riad Lamara<\/strong><\/p>\n","protected":false},"excerpt":{"rendered":"<p>L\u2019Organisation mondiale de la sant\u00e9 (OMS) vient de mettre \u00e0 jour les lignes directrices Covid-19 sur les masques, les traitements<\/p>\n","protected":false},"author":3,"featured_media":3745,"comment_status":"open","ping_status":"closed","sticky":false,"template":"","format":"standard","meta":{"colormag_page_container_layout":"default_layout","colormag_page_sidebar_layout":"default_layout","om_disable_all_campaigns":false,"_monsterinsights_skip_tracking":false,"_monsterinsights_sitenote_active":false,"_monsterinsights_sitenote_note":"","_monsterinsights_sitenote_category":0,"footnotes":"","_wpscppro_dont_share_socialmedia":false,"_wpscppro_custom_social_share_image":0,"_facebook_share_type":"","_twitter_share_type":"","_linkedin_share_type":"","_pinterest_share_type":"","_linkedin_share_type_page":"","_instagram_share_type":"","_medium_share_type":"","_threads_share_type":"","_google_business_share_type":"","_selected_social_profile":[],"_wpsp_enable_custom_social_template":false,"_wpsp_social_scheduling":{"enabled":false,"datetime":null,"platforms":[],"status":"template_only","dateOption":"today","timeOption":"now","customDays":"","customHours":"","customDate":"","customTime":"","schedulingType":"absolute"},"_wpsp_active_default_template":true},"categories":[52,27],"tags":[],"class_list":["post-34097","post","type-post","status-publish","format-standard","has-post-thumbnail","hentry","category-a-la-une","category-actualite"],"aioseo_notices":[],"yoast_head":"<!-- This site is optimized with the Yoast SEO plugin v27.5 - https:\/\/yoast.com\/product\/yoast-seo-wordpress\/ -->\n<title>Port du masque, traitements et soins cliniques contre le Covid-19\u00a0: L\u2019OMS met \u00e0 jour ses recommandations - La Sentinelle<\/title>\n<meta name=\"robots\" content=\"index, follow, max-snippet:-1, max-image-preview:large, max-video-preview:-1\" \/>\n<link rel=\"canonical\" href=\"https:\/\/lasentinelle.dz\/index.php\/2023\/01\/14\/port-du-masque-traitements-et-soins-cliniques-contre-le-covid-19-loms-met-a-jour-ses-recommandations\/\" \/>\n<meta property=\"og:locale\" content=\"fr_FR\" \/>\n<meta property=\"og:type\" content=\"article\" \/>\n<meta property=\"og:title\" content=\"Port du masque, traitements et soins cliniques contre le Covid-19\u00a0: L\u2019OMS met \u00e0 jour ses recommandations - La Sentinelle\" \/>\n<meta property=\"og:description\" content=\"L\u2019Organisation mondiale de la sant\u00e9 (OMS) vient de mettre \u00e0 jour les lignes directrices Covid-19 sur les masques, les traitements\" \/>\n<meta property=\"og:url\" content=\"https:\/\/lasentinelle.dz\/index.php\/2023\/01\/14\/port-du-masque-traitements-et-soins-cliniques-contre-le-covid-19-loms-met-a-jour-ses-recommandations\/\" \/>\n<meta property=\"og:site_name\" content=\"La Sentinelle\" \/>\n<meta property=\"article:publisher\" content=\"https:\/\/www.facebook.com\/La-Sentinelle-104059864394773\" \/>\n<meta property=\"article:published_time\" content=\"2023-01-14T21:05:00+00:00\" \/>\n<meta property=\"og:image\" content=\"https:\/\/lasentinelle.dz\/wp-content\/uploads\/2021\/08\/covid.png\" \/>\n\t<meta property=\"og:image:width\" content=\"1349\" \/>\n\t<meta property=\"og:image:height\" content=\"900\" \/>\n\t<meta property=\"og:image:type\" content=\"image\/png\" \/>\n<meta name=\"author\" content=\"La Sentinelle\" \/>\n<meta name=\"twitter:card\" content=\"summary_large_image\" \/>\n<meta name=\"twitter:label1\" content=\"\u00c9crit par\" \/>\n\t<meta name=\"twitter:data1\" content=\"La Sentinelle\" \/>\n\t<meta name=\"twitter:label2\" content=\"Dur\u00e9e de lecture estim\u00e9e\" \/>\n\t<meta name=\"twitter:data2\" content=\"4 minutes\" \/>\n<script type=\"application\/ld+json\" class=\"yoast-schema-graph\">{\"@context\":\"https:\\\/\\\/schema.org\",\"@graph\":[{\"@type\":\"Article\",\"@id\":\"https:\\\/\\\/lasentinelle.dz\\\/index.php\\\/2023\\\/01\\\/14\\\/port-du-masque-traitements-et-soins-cliniques-contre-le-covid-19-loms-met-a-jour-ses-recommandations\\\/#article\",\"isPartOf\":{\"@id\":\"https:\\\/\\\/lasentinelle.dz\\\/index.php\\\/2023\\\/01\\\/14\\\/port-du-masque-traitements-et-soins-cliniques-contre-le-covid-19-loms-met-a-jour-ses-recommandations\\\/\"},\"author\":{\"name\":\"La Sentinelle\",\"@id\":\"https:\\\/\\\/lasentinelle.dz\\\/#\\\/schema\\\/person\\\/d865044e22e70a75174ce8bcad3acfb3\"},\"headline\":\"Port du masque, traitements et soins cliniques contre le Covid-19\u00a0: L\u2019OMS met \u00e0 jour ses recommandations\",\"datePublished\":\"2023-01-14T21:05:00+00:00\",\"mainEntityOfPage\":{\"@id\":\"https:\\\/\\\/lasentinelle.dz\\\/index.php\\\/2023\\\/01\\\/14\\\/port-du-masque-traitements-et-soins-cliniques-contre-le-covid-19-loms-met-a-jour-ses-recommandations\\\/\"},\"wordCount\":814,\"commentCount\":0,\"publisher\":{\"@id\":\"https:\\\/\\\/lasentinelle.dz\\\/#organization\"},\"image\":{\"@id\":\"https:\\\/\\\/lasentinelle.dz\\\/index.php\\\/2023\\\/01\\\/14\\\/port-du-masque-traitements-et-soins-cliniques-contre-le-covid-19-loms-met-a-jour-ses-recommandations\\\/#primaryimage\"},\"thumbnailUrl\":\"https:\\\/\\\/lasentinelle.dz\\\/wp-content\\\/uploads\\\/2021\\\/08\\\/covid.png\",\"articleSection\":[\"\u00c0 la Une\",\"Actualit\u00e9\"],\"inLanguage\":\"fr-FR\",\"potentialAction\":[{\"@type\":\"CommentAction\",\"name\":\"Comment\",\"target\":[\"https:\\\/\\\/lasentinelle.dz\\\/index.php\\\/2023\\\/01\\\/14\\\/port-du-masque-traitements-et-soins-cliniques-contre-le-covid-19-loms-met-a-jour-ses-recommandations\\\/#respond\"]}]},{\"@type\":\"WebPage\",\"@id\":\"https:\\\/\\\/lasentinelle.dz\\\/index.php\\\/2023\\\/01\\\/14\\\/port-du-masque-traitements-et-soins-cliniques-contre-le-covid-19-loms-met-a-jour-ses-recommandations\\\/\",\"url\":\"https:\\\/\\\/lasentinelle.dz\\\/index.php\\\/2023\\\/01\\\/14\\\/port-du-masque-traitements-et-soins-cliniques-contre-le-covid-19-loms-met-a-jour-ses-recommandations\\\/\",\"name\":\"Port du masque, traitements et soins cliniques contre le Covid-19\u00a0: L\u2019OMS met \u00e0 jour ses recommandations - La Sentinelle\",\"isPartOf\":{\"@id\":\"https:\\\/\\\/lasentinelle.dz\\\/#website\"},\"primaryImageOfPage\":{\"@id\":\"https:\\\/\\\/lasentinelle.dz\\\/index.php\\\/2023\\\/01\\\/14\\\/port-du-masque-traitements-et-soins-cliniques-contre-le-covid-19-loms-met-a-jour-ses-recommandations\\\/#primaryimage\"},\"image\":{\"@id\":\"https:\\\/\\\/lasentinelle.dz\\\/index.php\\\/2023\\\/01\\\/14\\\/port-du-masque-traitements-et-soins-cliniques-contre-le-covid-19-loms-met-a-jour-ses-recommandations\\\/#primaryimage\"},\"thumbnailUrl\":\"https:\\\/\\\/lasentinelle.dz\\\/wp-content\\\/uploads\\\/2021\\\/08\\\/covid.png\",\"datePublished\":\"2023-01-14T21:05:00+00:00\",\"breadcrumb\":{\"@id\":\"https:\\\/\\\/lasentinelle.dz\\\/index.php\\\/2023\\\/01\\\/14\\\/port-du-masque-traitements-et-soins-cliniques-contre-le-covid-19-loms-met-a-jour-ses-recommandations\\\/#breadcrumb\"},\"inLanguage\":\"fr-FR\",\"potentialAction\":[{\"@type\":\"ReadAction\",\"target\":[\"https:\\\/\\\/lasentinelle.dz\\\/index.php\\\/2023\\\/01\\\/14\\\/port-du-masque-traitements-et-soins-cliniques-contre-le-covid-19-loms-met-a-jour-ses-recommandations\\\/\"]}]},{\"@type\":\"ImageObject\",\"inLanguage\":\"fr-FR\",\"@id\":\"https:\\\/\\\/lasentinelle.dz\\\/index.php\\\/2023\\\/01\\\/14\\\/port-du-masque-traitements-et-soins-cliniques-contre-le-covid-19-loms-met-a-jour-ses-recommandations\\\/#primaryimage\",\"url\":\"https:\\\/\\\/lasentinelle.dz\\\/wp-content\\\/uploads\\\/2021\\\/08\\\/covid.png\",\"contentUrl\":\"https:\\\/\\\/lasentinelle.dz\\\/wp-content\\\/uploads\\\/2021\\\/08\\\/covid.png\",\"width\":1349,\"height\":900},{\"@type\":\"BreadcrumbList\",\"@id\":\"https:\\\/\\\/lasentinelle.dz\\\/index.php\\\/2023\\\/01\\\/14\\\/port-du-masque-traitements-et-soins-cliniques-contre-le-covid-19-loms-met-a-jour-ses-recommandations\\\/#breadcrumb\",\"itemListElement\":[{\"@type\":\"ListItem\",\"position\":1,\"name\":\"Accueil\",\"item\":\"https:\\\/\\\/lasentinelle.dz\\\/\"},{\"@type\":\"ListItem\",\"position\":2,\"name\":\"Port du masque, traitements et soins cliniques contre le Covid-19\u00a0: L\u2019OMS met \u00e0 jour ses recommandations\"}]},{\"@type\":\"WebSite\",\"@id\":\"https:\\\/\\\/lasentinelle.dz\\\/#website\",\"url\":\"https:\\\/\\\/lasentinelle.dz\\\/\",\"name\":\"La Sentinelle\",\"description\":\"Quotidien national d&#039;information\",\"publisher\":{\"@id\":\"https:\\\/\\\/lasentinelle.dz\\\/#organization\"},\"potentialAction\":[{\"@type\":\"SearchAction\",\"target\":{\"@type\":\"EntryPoint\",\"urlTemplate\":\"https:\\\/\\\/lasentinelle.dz\\\/?s={search_term_string}\"},\"query-input\":{\"@type\":\"PropertyValueSpecification\",\"valueRequired\":true,\"valueName\":\"search_term_string\"}}],\"inLanguage\":\"fr-FR\"},{\"@type\":\"Organization\",\"@id\":\"https:\\\/\\\/lasentinelle.dz\\\/#organization\",\"name\":\"Quotidien La Sentinelle\",\"url\":\"https:\\\/\\\/lasentinelle.dz\\\/\",\"logo\":{\"@type\":\"ImageObject\",\"inLanguage\":\"fr-FR\",\"@id\":\"https:\\\/\\\/lasentinelle.dz\\\/#\\\/schema\\\/logo\\\/image\\\/\",\"url\":\"https:\\\/\\\/lasentinelle.dz\\\/wp-content\\\/uploads\\\/2021\\\/09\\\/logo-sentinelleSLOGAN-1.png\",\"contentUrl\":\"https:\\\/\\\/lasentinelle.dz\\\/wp-content\\\/uploads\\\/2021\\\/09\\\/logo-sentinelleSLOGAN-1.png\",\"width\":615,\"height\":142,\"caption\":\"Quotidien La Sentinelle\"},\"image\":{\"@id\":\"https:\\\/\\\/lasentinelle.dz\\\/#\\\/schema\\\/logo\\\/image\\\/\"},\"sameAs\":[\"https:\\\/\\\/www.facebook.com\\\/La-Sentinelle-104059864394773\"]},{\"@type\":\"Person\",\"@id\":\"https:\\\/\\\/lasentinelle.dz\\\/#\\\/schema\\\/person\\\/d865044e22e70a75174ce8bcad3acfb3\",\"name\":\"La Sentinelle\",\"image\":{\"@type\":\"ImageObject\",\"inLanguage\":\"fr-FR\",\"@id\":\"https:\\\/\\\/secure.gravatar.com\\\/avatar\\\/57de8e5d4b15d43fb361a71fbb36338450fe67865b528a43dd10ef7c51a20392?s=96&d=mm&r=g\",\"url\":\"https:\\\/\\\/secure.gravatar.com\\\/avatar\\\/57de8e5d4b15d43fb361a71fbb36338450fe67865b528a43dd10ef7c51a20392?s=96&d=mm&r=g\",\"contentUrl\":\"https:\\\/\\\/secure.gravatar.com\\\/avatar\\\/57de8e5d4b15d43fb361a71fbb36338450fe67865b528a43dd10ef7c51a20392?s=96&d=mm&r=g\",\"caption\":\"La Sentinelle\"},\"sameAs\":[\"http:\\\/\\\/www.lasentinelle.dz\"],\"url\":\"https:\\\/\\\/lasentinelle.dz\\\/author\\\/redaction\\\/\"}]}<\/script>\n<!-- \/ Yoast SEO plugin. -->","yoast_head_json":{"title":"Port du masque, traitements et soins cliniques contre le Covid-19\u00a0: L\u2019OMS met \u00e0 jour ses recommandations - La Sentinelle","robots":{"index":"index","follow":"follow","max-snippet":"max-snippet:-1","max-image-preview":"max-image-preview:large","max-video-preview":"max-video-preview:-1"},"canonical":"https:\/\/lasentinelle.dz\/index.php\/2023\/01\/14\/port-du-masque-traitements-et-soins-cliniques-contre-le-covid-19-loms-met-a-jour-ses-recommandations\/","og_locale":"fr_FR","og_type":"article","og_title":"Port du masque, traitements et soins cliniques contre le Covid-19\u00a0: L\u2019OMS met \u00e0 jour ses recommandations - La Sentinelle","og_description":"L\u2019Organisation mondiale de la sant\u00e9 (OMS) vient de mettre \u00e0 jour les lignes directrices Covid-19 sur les masques, les traitements","og_url":"https:\/\/lasentinelle.dz\/index.php\/2023\/01\/14\/port-du-masque-traitements-et-soins-cliniques-contre-le-covid-19-loms-met-a-jour-ses-recommandations\/","og_site_name":"La Sentinelle","article_publisher":"https:\/\/www.facebook.com\/La-Sentinelle-104059864394773","article_published_time":"2023-01-14T21:05:00+00:00","og_image":[{"width":1349,"height":900,"url":"https:\/\/lasentinelle.dz\/wp-content\/uploads\/2021\/08\/covid.png","type":"image\/png"}],"author":"La Sentinelle","twitter_card":"summary_large_image","twitter_misc":{"\u00c9crit par":"La Sentinelle","Dur\u00e9e de lecture estim\u00e9e":"4 minutes"},"schema":{"@context":"https:\/\/schema.org","@graph":[{"@type":"Article","@id":"https:\/\/lasentinelle.dz\/index.php\/2023\/01\/14\/port-du-masque-traitements-et-soins-cliniques-contre-le-covid-19-loms-met-a-jour-ses-recommandations\/#article","isPartOf":{"@id":"https:\/\/lasentinelle.dz\/index.php\/2023\/01\/14\/port-du-masque-traitements-et-soins-cliniques-contre-le-covid-19-loms-met-a-jour-ses-recommandations\/"},"author":{"name":"La Sentinelle","@id":"https:\/\/lasentinelle.dz\/#\/schema\/person\/d865044e22e70a75174ce8bcad3acfb3"},"headline":"Port du masque, traitements et soins cliniques contre le Covid-19\u00a0: L\u2019OMS met \u00e0 jour ses recommandations","datePublished":"2023-01-14T21:05:00+00:00","mainEntityOfPage":{"@id":"https:\/\/lasentinelle.dz\/index.php\/2023\/01\/14\/port-du-masque-traitements-et-soins-cliniques-contre-le-covid-19-loms-met-a-jour-ses-recommandations\/"},"wordCount":814,"commentCount":0,"publisher":{"@id":"https:\/\/lasentinelle.dz\/#organization"},"image":{"@id":"https:\/\/lasentinelle.dz\/index.php\/2023\/01\/14\/port-du-masque-traitements-et-soins-cliniques-contre-le-covid-19-loms-met-a-jour-ses-recommandations\/#primaryimage"},"thumbnailUrl":"https:\/\/lasentinelle.dz\/wp-content\/uploads\/2021\/08\/covid.png","articleSection":["\u00c0 la Une","Actualit\u00e9"],"inLanguage":"fr-FR","potentialAction":[{"@type":"CommentAction","name":"Comment","target":["https:\/\/lasentinelle.dz\/index.php\/2023\/01\/14\/port-du-masque-traitements-et-soins-cliniques-contre-le-covid-19-loms-met-a-jour-ses-recommandations\/#respond"]}]},{"@type":"WebPage","@id":"https:\/\/lasentinelle.dz\/index.php\/2023\/01\/14\/port-du-masque-traitements-et-soins-cliniques-contre-le-covid-19-loms-met-a-jour-ses-recommandations\/","url":"https:\/\/lasentinelle.dz\/index.php\/2023\/01\/14\/port-du-masque-traitements-et-soins-cliniques-contre-le-covid-19-loms-met-a-jour-ses-recommandations\/","name":"Port du masque, traitements et soins cliniques contre le Covid-19\u00a0: L\u2019OMS met \u00e0 jour ses recommandations - La Sentinelle","isPartOf":{"@id":"https:\/\/lasentinelle.dz\/#website"},"primaryImageOfPage":{"@id":"https:\/\/lasentinelle.dz\/index.php\/2023\/01\/14\/port-du-masque-traitements-et-soins-cliniques-contre-le-covid-19-loms-met-a-jour-ses-recommandations\/#primaryimage"},"image":{"@id":"https:\/\/lasentinelle.dz\/index.php\/2023\/01\/14\/port-du-masque-traitements-et-soins-cliniques-contre-le-covid-19-loms-met-a-jour-ses-recommandations\/#primaryimage"},"thumbnailUrl":"https:\/\/lasentinelle.dz\/wp-content\/uploads\/2021\/08\/covid.png","datePublished":"2023-01-14T21:05:00+00:00","breadcrumb":{"@id":"https:\/\/lasentinelle.dz\/index.php\/2023\/01\/14\/port-du-masque-traitements-et-soins-cliniques-contre-le-covid-19-loms-met-a-jour-ses-recommandations\/#breadcrumb"},"inLanguage":"fr-FR","potentialAction":[{"@type":"ReadAction","target":["https:\/\/lasentinelle.dz\/index.php\/2023\/01\/14\/port-du-masque-traitements-et-soins-cliniques-contre-le-covid-19-loms-met-a-jour-ses-recommandations\/"]}]},{"@type":"ImageObject","inLanguage":"fr-FR","@id":"https:\/\/lasentinelle.dz\/index.php\/2023\/01\/14\/port-du-masque-traitements-et-soins-cliniques-contre-le-covid-19-loms-met-a-jour-ses-recommandations\/#primaryimage","url":"https:\/\/lasentinelle.dz\/wp-content\/uploads\/2021\/08\/covid.png","contentUrl":"https:\/\/lasentinelle.dz\/wp-content\/uploads\/2021\/08\/covid.png","width":1349,"height":900},{"@type":"BreadcrumbList","@id":"https:\/\/lasentinelle.dz\/index.php\/2023\/01\/14\/port-du-masque-traitements-et-soins-cliniques-contre-le-covid-19-loms-met-a-jour-ses-recommandations\/#breadcrumb","itemListElement":[{"@type":"ListItem","position":1,"name":"Accueil","item":"https:\/\/lasentinelle.dz\/"},{"@type":"ListItem","position":2,"name":"Port du masque, traitements et soins cliniques contre le Covid-19\u00a0: L\u2019OMS met \u00e0 jour ses recommandations"}]},{"@type":"WebSite","@id":"https:\/\/lasentinelle.dz\/#website","url":"https:\/\/lasentinelle.dz\/","name":"La Sentinelle","description":"Quotidien national d&#039;information","publisher":{"@id":"https:\/\/lasentinelle.dz\/#organization"},"potentialAction":[{"@type":"SearchAction","target":{"@type":"EntryPoint","urlTemplate":"https:\/\/lasentinelle.dz\/?s={search_term_string}"},"query-input":{"@type":"PropertyValueSpecification","valueRequired":true,"valueName":"search_term_string"}}],"inLanguage":"fr-FR"},{"@type":"Organization","@id":"https:\/\/lasentinelle.dz\/#organization","name":"Quotidien La Sentinelle","url":"https:\/\/lasentinelle.dz\/","logo":{"@type":"ImageObject","inLanguage":"fr-FR","@id":"https:\/\/lasentinelle.dz\/#\/schema\/logo\/image\/","url":"https:\/\/lasentinelle.dz\/wp-content\/uploads\/2021\/09\/logo-sentinelleSLOGAN-1.png","contentUrl":"https:\/\/lasentinelle.dz\/wp-content\/uploads\/2021\/09\/logo-sentinelleSLOGAN-1.png","width":615,"height":142,"caption":"Quotidien La Sentinelle"},"image":{"@id":"https:\/\/lasentinelle.dz\/#\/schema\/logo\/image\/"},"sameAs":["https:\/\/www.facebook.com\/La-Sentinelle-104059864394773"]},{"@type":"Person","@id":"https:\/\/lasentinelle.dz\/#\/schema\/person\/d865044e22e70a75174ce8bcad3acfb3","name":"La Sentinelle","image":{"@type":"ImageObject","inLanguage":"fr-FR","@id":"https:\/\/secure.gravatar.com\/avatar\/57de8e5d4b15d43fb361a71fbb36338450fe67865b528a43dd10ef7c51a20392?s=96&d=mm&r=g","url":"https:\/\/secure.gravatar.com\/avatar\/57de8e5d4b15d43fb361a71fbb36338450fe67865b528a43dd10ef7c51a20392?s=96&d=mm&r=g","contentUrl":"https:\/\/secure.gravatar.com\/avatar\/57de8e5d4b15d43fb361a71fbb36338450fe67865b528a43dd10ef7c51a20392?s=96&d=mm&r=g","caption":"La Sentinelle"},"sameAs":["http:\/\/www.lasentinelle.dz"],"url":"https:\/\/lasentinelle.dz\/author\/redaction\/"}]}},"_links":{"self":[{"href":"https:\/\/lasentinelle.dz\/index.php\/wp-json\/wp\/v2\/posts\/34097","targetHints":{"allow":["GET"]}}],"collection":[{"href":"https:\/\/lasentinelle.dz\/index.php\/wp-json\/wp\/v2\/posts"}],"about":[{"href":"https:\/\/lasentinelle.dz\/index.php\/wp-json\/wp\/v2\/types\/post"}],"author":[{"embeddable":true,"href":"https:\/\/lasentinelle.dz\/index.php\/wp-json\/wp\/v2\/users\/3"}],"replies":[{"embeddable":true,"href":"https:\/\/lasentinelle.dz\/index.php\/wp-json\/wp\/v2\/comments?post=34097"}],"version-history":[{"count":2,"href":"https:\/\/lasentinelle.dz\/index.php\/wp-json\/wp\/v2\/posts\/34097\/revisions"}],"predecessor-version":[{"id":34133,"href":"https:\/\/lasentinelle.dz\/index.php\/wp-json\/wp\/v2\/posts\/34097\/revisions\/34133"}],"wp:featuredmedia":[{"embeddable":true,"href":"https:\/\/lasentinelle.dz\/index.php\/wp-json\/wp\/v2\/media\/3745"}],"wp:attachment":[{"href":"https:\/\/lasentinelle.dz\/index.php\/wp-json\/wp\/v2\/media?parent=34097"}],"wp:term":[{"taxonomy":"category","embeddable":true,"href":"https:\/\/lasentinelle.dz\/index.php\/wp-json\/wp\/v2\/categories?post=34097"},{"taxonomy":"post_tag","embeddable":true,"href":"https:\/\/lasentinelle.dz\/index.php\/wp-json\/wp\/v2\/tags?post=34097"}],"curies":[{"name":"wp","href":"https:\/\/api.w.org\/{rel}","templated":true}]}}