{"id":34102,"date":"2023-01-14T22:05:00","date_gmt":"2023-01-14T21:05:00","guid":{"rendered":"https:\/\/lasentinelle.dz\/?p=34102"},"modified":"2023-01-14T21:16:16","modified_gmt":"2023-01-14T20:16:16","slug":"dossier-de-la-memoire-rebiga-repond-a-macron","status":"publish","type":"post","link":"https:\/\/lasentinelle.dz\/index.php\/2023\/01\/14\/dossier-de-la-memoire-rebiga-repond-a-macron\/","title":{"rendered":"Dossier de la m\u00e9moire\u00a0: Rebiga r\u00e9pond \u00e0 Macron"},"content":{"rendered":"\n<p>Les derni\u00e8res d\u00e9clarations du pr\u00e9sident fran\u00e7ais, Emmanuel Macron, sur la m\u00e9moire ont une nouvelle fois refl\u00e9t\u00e9 l\u2019ambigu\u00eft\u00e9 et le double langage entretenu par la France officielle sur ce dossier. Interpell\u00e9 hier sur cette question, le ministre des Moudjahidine et des Ayants-droit, Laid Rebiga a soulign\u00e9 la n\u00e9cessit\u00e9 de poursuivre le travail sur la m\u00e9moire. C\u2019est en marge d\u2019une c\u00e9r\u00e9monie en m\u00e9moire du chahid et chef de l\u2019OS Mohamed Belouizdad que Laid Rebiga a \u00e9t\u00e9 invit\u00e9 \u00e0 r\u00e9agir aux r\u00e9centes attaques de l\u2019ancien ambassadeur de France en Alg\u00e9rie Xavier Driencourt et aux d\u00e9clarations du pr\u00e9sident fran\u00e7ais Emmanuel Macron. Le ministre a d\u00e9clar\u00e9 qu'\u00a0\u00bbaucune d\u00e9claration, quelle que soit sa source, ne portera atteinte \u00e0 l&rsquo;Alg\u00e9rie\u00a0\u00bb.Actuellement, il est essentiel de poursuivre le travail sur la M\u00e9moire nationale, a-t-il dit, saluant les d\u00e9cisions prises par le Pr\u00e9sident de la R\u00e9publique, M. Abdelmadjid Tebboune \u00e0 cet effet.<\/p>\n\n\n\n<p>Pour rappel, Emmanuel Macron a indiqu\u00e9 dans un entretien publi\u00e9 mercredi par le magazine \u00ab&nbsp;Le Point&nbsp;\u00bb estime qu&rsquo;il n&rsquo;a \u00ab\u00a0pas \u00e0 demander pardon\u00a0\u00bb \u00e0 l&rsquo;Alg\u00e9rie pour la colonisation, mais souhaite poursuivre le travail de m\u00e9moire et de r\u00e9conciliation entre les deux pays.<\/p>\n\n\n\n<p>Sur un autre volet, notons que le &nbsp;LaidRebiga a salu\u00e9 hier dans l&rsquo;allocution d&rsquo;ouverture de la &nbsp;conf\u00e9rence comm\u00e9morant le 71e anniversaire de la disparition du militant Mohamed Belouizdad plac\u00e9e sous le slogan \u00ab\u00a0Mohamed Belouizdad, un des architectes de la R\u00e9volution du 1er Novembre, le riche parcours militant du d\u00e9funt chef de l\u2019OS et l\u2019un des artisans de la R\u00e9volution de Novembre.<\/p>\n\n\n\n<p>\u00ab\u00a0Le d\u00e9funt est un symbole et un mod\u00e8le pour les jeunes alg\u00e9riens qui a vou\u00e9 sa vie \u00e0 la lutte contre l&rsquo;occupation fran\u00e7aise\u00a0\u00bb, a d\u00e9clar\u00e9 le ministre des Moudjahidine \u00ab\u00a0.\u00a0\u00bbLe d\u00e9funt a balis\u00e9 le terrain pour le d\u00e9clenchement de la Glorieuse R\u00e9volution, en \u00e9tant \u00e0 la t\u00eate de l&rsquo;organe militaire de l&rsquo;Organisation sp\u00e9ciale (OS) et en pr\u00e9parant l&rsquo;action arm\u00e9e\u00a0\u00bb, d&rsquo;autant que cette organisation \u00ab\u00a0fut la base ayant permis aux dirigeants de la R\u00e9volution la collecte et l&rsquo;acquisition des armes \u00e0 partir de la Tunisie et de la Libye\u00a0\u00bb, a ajout\u00e9 M. Rebiga.\u00a0\u00bbLes pratiques colonialistes n&rsquo;avaient pas entam\u00e9 la d\u00e9termination du Moudjahid Belouizdad de poursuivre son parcours de militant nationaliste pour lib\u00e9rer l&rsquo;Alg\u00e9rie du joug de l&rsquo;occupation\u00a0\u00bb, a-t-il mis en avant, appelant les jeunes \u00e0 \u00ab\u00a0marcher sur les pas de ce jeune moudjahid qui a vou\u00e9 sa vie enti\u00e8re \u00e0 sa patrie\u00a0\u00bb.Mort jeune en martyr, Mohamed Belouizdad a grav\u00e9 son nom en lettres d&rsquo;or sur la liste des figures de proue de la lutte arm\u00e9e, a affirm\u00e9 le ministre.<\/p>\n\n\n\n<p><strong>Chokri Hafed<\/strong><\/p>\n","protected":false},"excerpt":{"rendered":"<p>Les derni\u00e8res d\u00e9clarations du pr\u00e9sident fran\u00e7ais, Emmanuel Macron, sur la m\u00e9moire ont une nouvelle fois refl\u00e9t\u00e9 l\u2019ambigu\u00eft\u00e9 et le double<\/p>\n","protected":false},"author":3,"featured_media":34143,"comment_status":"open","ping_status":"closed","sticky":false,"template":"","format":"standard","meta":{"colormag_page_container_layout":"default_layout","colormag_page_sidebar_layout":"default_layout","om_disable_all_campaigns":false,"_monsterinsights_skip_tracking":false,"_monsterinsights_sitenote_active":false,"_monsterinsights_sitenote_note":"","_monsterinsights_sitenote_category":0,"footnotes":"","_wpscppro_dont_share_socialmedia":false,"_wpscppro_custom_social_share_image":0,"_facebook_share_type":"","_twitter_share_type":"","_linkedin_share_type":"","_pinterest_share_type":"","_linkedin_share_type_page":"","_instagram_share_type":"","_medium_share_type":"","_threads_share_type":"","_google_business_share_type":"","_selected_social_profile":[],"_wpsp_enable_custom_social_template":false,"_wpsp_social_scheduling":{"enabled":false,"datetime":null,"platforms":[],"status":"template_only","dateOption":"today","timeOption":"now","customDays":"","customHours":"","customDate":"","customTime":"","schedulingType":"absolute"},"_wpsp_active_default_template":true},"categories":[27],"tags":[],"class_list":["post-34102","post","type-post","status-publish","format-standard","has-post-thumbnail","hentry","category-actualite"],"aioseo_notices":[],"yoast_head":"<!-- This site is optimized with the Yoast SEO plugin v27.5 - https:\/\/yoast.com\/product\/yoast-seo-wordpress\/ -->\n<title>Dossier de la m\u00e9moire\u00a0: Rebiga r\u00e9pond \u00e0 Macron - La Sentinelle<\/title>\n<meta name=\"robots\" content=\"index, follow, max-snippet:-1, max-image-preview:large, max-video-preview:-1\" \/>\n<link rel=\"canonical\" href=\"https:\/\/lasentinelle.dz\/index.php\/2023\/01\/14\/dossier-de-la-memoire-rebiga-repond-a-macron\/\" \/>\n<meta property=\"og:locale\" content=\"fr_FR\" \/>\n<meta property=\"og:type\" content=\"article\" \/>\n<meta property=\"og:title\" content=\"Dossier de la m\u00e9moire\u00a0: Rebiga r\u00e9pond \u00e0 Macron - La Sentinelle\" \/>\n<meta property=\"og:description\" content=\"Les derni\u00e8res d\u00e9clarations du pr\u00e9sident fran\u00e7ais, Emmanuel Macron, sur la m\u00e9moire ont une nouvelle fois refl\u00e9t\u00e9 l\u2019ambigu\u00eft\u00e9 et le double\" \/>\n<meta property=\"og:url\" content=\"https:\/\/lasentinelle.dz\/index.php\/2023\/01\/14\/dossier-de-la-memoire-rebiga-repond-a-macron\/\" \/>\n<meta property=\"og:site_name\" content=\"La Sentinelle\" \/>\n<meta property=\"article:publisher\" content=\"https:\/\/www.facebook.com\/La-Sentinelle-104059864394773\" \/>\n<meta property=\"article:published_time\" content=\"2023-01-14T21:05:00+00:00\" \/>\n<meta property=\"og:image\" content=\"https:\/\/lasentinelle.dz\/wp-content\/uploads\/2023\/01\/image_2023-01-14_211437603.png\" \/>\n\t<meta property=\"og:image:width\" content=\"1400\" \/>\n\t<meta property=\"og:image:height\" content=\"933\" \/>\n\t<meta property=\"og:image:type\" content=\"image\/png\" \/>\n<meta name=\"author\" content=\"La Sentinelle\" \/>\n<meta name=\"twitter:card\" content=\"summary_large_image\" \/>\n<meta name=\"twitter:label1\" content=\"\u00c9crit par\" \/>\n\t<meta name=\"twitter:data1\" content=\"La Sentinelle\" \/>\n\t<meta name=\"twitter:label2\" content=\"Dur\u00e9e de lecture estim\u00e9e\" \/>\n\t<meta name=\"twitter:data2\" content=\"3 minutes\" \/>\n<script type=\"application\/ld+json\" class=\"yoast-schema-graph\">{\"@context\":\"https:\\\/\\\/schema.org\",\"@graph\":[{\"@type\":\"Article\",\"@id\":\"https:\\\/\\\/lasentinelle.dz\\\/index.php\\\/2023\\\/01\\\/14\\\/dossier-de-la-memoire-rebiga-repond-a-macron\\\/#article\",\"isPartOf\":{\"@id\":\"https:\\\/\\\/lasentinelle.dz\\\/index.php\\\/2023\\\/01\\\/14\\\/dossier-de-la-memoire-rebiga-repond-a-macron\\\/\"},\"author\":{\"name\":\"La Sentinelle\",\"@id\":\"https:\\\/\\\/lasentinelle.dz\\\/#\\\/schema\\\/person\\\/d865044e22e70a75174ce8bcad3acfb3\"},\"headline\":\"Dossier de la m\u00e9moire\u00a0: Rebiga r\u00e9pond \u00e0 Macron\",\"datePublished\":\"2023-01-14T21:05:00+00:00\",\"mainEntityOfPage\":{\"@id\":\"https:\\\/\\\/lasentinelle.dz\\\/index.php\\\/2023\\\/01\\\/14\\\/dossier-de-la-memoire-rebiga-repond-a-macron\\\/\"},\"wordCount\":497,\"commentCount\":0,\"publisher\":{\"@id\":\"https:\\\/\\\/lasentinelle.dz\\\/#organization\"},\"image\":{\"@id\":\"https:\\\/\\\/lasentinelle.dz\\\/index.php\\\/2023\\\/01\\\/14\\\/dossier-de-la-memoire-rebiga-repond-a-macron\\\/#primaryimage\"},\"thumbnailUrl\":\"https:\\\/\\\/lasentinelle.dz\\\/wp-content\\\/uploads\\\/2023\\\/01\\\/image_2023-01-14_211437603.png\",\"articleSection\":[\"Actualit\u00e9\"],\"inLanguage\":\"fr-FR\",\"potentialAction\":[{\"@type\":\"CommentAction\",\"name\":\"Comment\",\"target\":[\"https:\\\/\\\/lasentinelle.dz\\\/index.php\\\/2023\\\/01\\\/14\\\/dossier-de-la-memoire-rebiga-repond-a-macron\\\/#respond\"]}]},{\"@type\":\"WebPage\",\"@id\":\"https:\\\/\\\/lasentinelle.dz\\\/index.php\\\/2023\\\/01\\\/14\\\/dossier-de-la-memoire-rebiga-repond-a-macron\\\/\",\"url\":\"https:\\\/\\\/lasentinelle.dz\\\/index.php\\\/2023\\\/01\\\/14\\\/dossier-de-la-memoire-rebiga-repond-a-macron\\\/\",\"name\":\"Dossier de la m\u00e9moire\u00a0: Rebiga r\u00e9pond \u00e0 Macron - La Sentinelle\",\"isPartOf\":{\"@id\":\"https:\\\/\\\/lasentinelle.dz\\\/#website\"},\"primaryImageOfPage\":{\"@id\":\"https:\\\/\\\/lasentinelle.dz\\\/index.php\\\/2023\\\/01\\\/14\\\/dossier-de-la-memoire-rebiga-repond-a-macron\\\/#primaryimage\"},\"image\":{\"@id\":\"https:\\\/\\\/lasentinelle.dz\\\/index.php\\\/2023\\\/01\\\/14\\\/dossier-de-la-memoire-rebiga-repond-a-macron\\\/#primaryimage\"},\"thumbnailUrl\":\"https:\\\/\\\/lasentinelle.dz\\\/wp-content\\\/uploads\\\/2023\\\/01\\\/image_2023-01-14_211437603.png\",\"datePublished\":\"2023-01-14T21:05:00+00:00\",\"breadcrumb\":{\"@id\":\"https:\\\/\\\/lasentinelle.dz\\\/index.php\\\/2023\\\/01\\\/14\\\/dossier-de-la-memoire-rebiga-repond-a-macron\\\/#breadcrumb\"},\"inLanguage\":\"fr-FR\",\"potentialAction\":[{\"@type\":\"ReadAction\",\"target\":[\"https:\\\/\\\/lasentinelle.dz\\\/index.php\\\/2023\\\/01\\\/14\\\/dossier-de-la-memoire-rebiga-repond-a-macron\\\/\"]}]},{\"@type\":\"ImageObject\",\"inLanguage\":\"fr-FR\",\"@id\":\"https:\\\/\\\/lasentinelle.dz\\\/index.php\\\/2023\\\/01\\\/14\\\/dossier-de-la-memoire-rebiga-repond-a-macron\\\/#primaryimage\",\"url\":\"https:\\\/\\\/lasentinelle.dz\\\/wp-content\\\/uploads\\\/2023\\\/01\\\/image_2023-01-14_211437603.png\",\"contentUrl\":\"https:\\\/\\\/lasentinelle.dz\\\/wp-content\\\/uploads\\\/2023\\\/01\\\/image_2023-01-14_211437603.png\",\"width\":1400,\"height\":933},{\"@type\":\"BreadcrumbList\",\"@id\":\"https:\\\/\\\/lasentinelle.dz\\\/index.php\\\/2023\\\/01\\\/14\\\/dossier-de-la-memoire-rebiga-repond-a-macron\\\/#breadcrumb\",\"itemListElement\":[{\"@type\":\"ListItem\",\"position\":1,\"name\":\"Accueil\",\"item\":\"https:\\\/\\\/lasentinelle.dz\\\/\"},{\"@type\":\"ListItem\",\"position\":2,\"name\":\"Dossier de la m\u00e9moire\u00a0: Rebiga r\u00e9pond \u00e0 Macron\"}]},{\"@type\":\"WebSite\",\"@id\":\"https:\\\/\\\/lasentinelle.dz\\\/#website\",\"url\":\"https:\\\/\\\/lasentinelle.dz\\\/\",\"name\":\"La Sentinelle\",\"description\":\"Quotidien national d&#039;information\",\"publisher\":{\"@id\":\"https:\\\/\\\/lasentinelle.dz\\\/#organization\"},\"potentialAction\":[{\"@type\":\"SearchAction\",\"target\":{\"@type\":\"EntryPoint\",\"urlTemplate\":\"https:\\\/\\\/lasentinelle.dz\\\/?s={search_term_string}\"},\"query-input\":{\"@type\":\"PropertyValueSpecification\",\"valueRequired\":true,\"valueName\":\"search_term_string\"}}],\"inLanguage\":\"fr-FR\"},{\"@type\":\"Organization\",\"@id\":\"https:\\\/\\\/lasentinelle.dz\\\/#organization\",\"name\":\"Quotidien La Sentinelle\",\"url\":\"https:\\\/\\\/lasentinelle.dz\\\/\",\"logo\":{\"@type\":\"ImageObject\",\"inLanguage\":\"fr-FR\",\"@id\":\"https:\\\/\\\/lasentinelle.dz\\\/#\\\/schema\\\/logo\\\/image\\\/\",\"url\":\"https:\\\/\\\/lasentinelle.dz\\\/wp-content\\\/uploads\\\/2021\\\/09\\\/logo-sentinelleSLOGAN-1.png\",\"contentUrl\":\"https:\\\/\\\/lasentinelle.dz\\\/wp-content\\\/uploads\\\/2021\\\/09\\\/logo-sentinelleSLOGAN-1.png\",\"width\":615,\"height\":142,\"caption\":\"Quotidien La Sentinelle\"},\"image\":{\"@id\":\"https:\\\/\\\/lasentinelle.dz\\\/#\\\/schema\\\/logo\\\/image\\\/\"},\"sameAs\":[\"https:\\\/\\\/www.facebook.com\\\/La-Sentinelle-104059864394773\"]},{\"@type\":\"Person\",\"@id\":\"https:\\\/\\\/lasentinelle.dz\\\/#\\\/schema\\\/person\\\/d865044e22e70a75174ce8bcad3acfb3\",\"name\":\"La Sentinelle\",\"image\":{\"@type\":\"ImageObject\",\"inLanguage\":\"fr-FR\",\"@id\":\"https:\\\/\\\/secure.gravatar.com\\\/avatar\\\/57de8e5d4b15d43fb361a71fbb36338450fe67865b528a43dd10ef7c51a20392?s=96&d=mm&r=g\",\"url\":\"https:\\\/\\\/secure.gravatar.com\\\/avatar\\\/57de8e5d4b15d43fb361a71fbb36338450fe67865b528a43dd10ef7c51a20392?s=96&d=mm&r=g\",\"contentUrl\":\"https:\\\/\\\/secure.gravatar.com\\\/avatar\\\/57de8e5d4b15d43fb361a71fbb36338450fe67865b528a43dd10ef7c51a20392?s=96&d=mm&r=g\",\"caption\":\"La Sentinelle\"},\"sameAs\":[\"http:\\\/\\\/www.lasentinelle.dz\"],\"url\":\"https:\\\/\\\/lasentinelle.dz\\\/author\\\/redaction\\\/\"}]}<\/script>\n<!-- \/ Yoast SEO plugin. -->","yoast_head_json":{"title":"Dossier de la m\u00e9moire\u00a0: Rebiga r\u00e9pond \u00e0 Macron - La Sentinelle","robots":{"index":"index","follow":"follow","max-snippet":"max-snippet:-1","max-image-preview":"max-image-preview:large","max-video-preview":"max-video-preview:-1"},"canonical":"https:\/\/lasentinelle.dz\/index.php\/2023\/01\/14\/dossier-de-la-memoire-rebiga-repond-a-macron\/","og_locale":"fr_FR","og_type":"article","og_title":"Dossier de la m\u00e9moire\u00a0: Rebiga r\u00e9pond \u00e0 Macron - La Sentinelle","og_description":"Les derni\u00e8res d\u00e9clarations du pr\u00e9sident fran\u00e7ais, Emmanuel Macron, sur la m\u00e9moire ont une nouvelle fois refl\u00e9t\u00e9 l\u2019ambigu\u00eft\u00e9 et le double","og_url":"https:\/\/lasentinelle.dz\/index.php\/2023\/01\/14\/dossier-de-la-memoire-rebiga-repond-a-macron\/","og_site_name":"La Sentinelle","article_publisher":"https:\/\/www.facebook.com\/La-Sentinelle-104059864394773","article_published_time":"2023-01-14T21:05:00+00:00","og_image":[{"width":1400,"height":933,"url":"https:\/\/lasentinelle.dz\/wp-content\/uploads\/2023\/01\/image_2023-01-14_211437603.png","type":"image\/png"}],"author":"La Sentinelle","twitter_card":"summary_large_image","twitter_misc":{"\u00c9crit par":"La Sentinelle","Dur\u00e9e de lecture estim\u00e9e":"3 minutes"},"schema":{"@context":"https:\/\/schema.org","@graph":[{"@type":"Article","@id":"https:\/\/lasentinelle.dz\/index.php\/2023\/01\/14\/dossier-de-la-memoire-rebiga-repond-a-macron\/#article","isPartOf":{"@id":"https:\/\/lasentinelle.dz\/index.php\/2023\/01\/14\/dossier-de-la-memoire-rebiga-repond-a-macron\/"},"author":{"name":"La Sentinelle","@id":"https:\/\/lasentinelle.dz\/#\/schema\/person\/d865044e22e70a75174ce8bcad3acfb3"},"headline":"Dossier de la m\u00e9moire\u00a0: Rebiga r\u00e9pond \u00e0 Macron","datePublished":"2023-01-14T21:05:00+00:00","mainEntityOfPage":{"@id":"https:\/\/lasentinelle.dz\/index.php\/2023\/01\/14\/dossier-de-la-memoire-rebiga-repond-a-macron\/"},"wordCount":497,"commentCount":0,"publisher":{"@id":"https:\/\/lasentinelle.dz\/#organization"},"image":{"@id":"https:\/\/lasentinelle.dz\/index.php\/2023\/01\/14\/dossier-de-la-memoire-rebiga-repond-a-macron\/#primaryimage"},"thumbnailUrl":"https:\/\/lasentinelle.dz\/wp-content\/uploads\/2023\/01\/image_2023-01-14_211437603.png","articleSection":["Actualit\u00e9"],"inLanguage":"fr-FR","potentialAction":[{"@type":"CommentAction","name":"Comment","target":["https:\/\/lasentinelle.dz\/index.php\/2023\/01\/14\/dossier-de-la-memoire-rebiga-repond-a-macron\/#respond"]}]},{"@type":"WebPage","@id":"https:\/\/lasentinelle.dz\/index.php\/2023\/01\/14\/dossier-de-la-memoire-rebiga-repond-a-macron\/","url":"https:\/\/lasentinelle.dz\/index.php\/2023\/01\/14\/dossier-de-la-memoire-rebiga-repond-a-macron\/","name":"Dossier de la m\u00e9moire\u00a0: Rebiga r\u00e9pond \u00e0 Macron - La Sentinelle","isPartOf":{"@id":"https:\/\/lasentinelle.dz\/#website"},"primaryImageOfPage":{"@id":"https:\/\/lasentinelle.dz\/index.php\/2023\/01\/14\/dossier-de-la-memoire-rebiga-repond-a-macron\/#primaryimage"},"image":{"@id":"https:\/\/lasentinelle.dz\/index.php\/2023\/01\/14\/dossier-de-la-memoire-rebiga-repond-a-macron\/#primaryimage"},"thumbnailUrl":"https:\/\/lasentinelle.dz\/wp-content\/uploads\/2023\/01\/image_2023-01-14_211437603.png","datePublished":"2023-01-14T21:05:00+00:00","breadcrumb":{"@id":"https:\/\/lasentinelle.dz\/index.php\/2023\/01\/14\/dossier-de-la-memoire-rebiga-repond-a-macron\/#breadcrumb"},"inLanguage":"fr-FR","potentialAction":[{"@type":"ReadAction","target":["https:\/\/lasentinelle.dz\/index.php\/2023\/01\/14\/dossier-de-la-memoire-rebiga-repond-a-macron\/"]}]},{"@type":"ImageObject","inLanguage":"fr-FR","@id":"https:\/\/lasentinelle.dz\/index.php\/2023\/01\/14\/dossier-de-la-memoire-rebiga-repond-a-macron\/#primaryimage","url":"https:\/\/lasentinelle.dz\/wp-content\/uploads\/2023\/01\/image_2023-01-14_211437603.png","contentUrl":"https:\/\/lasentinelle.dz\/wp-content\/uploads\/2023\/01\/image_2023-01-14_211437603.png","width":1400,"height":933},{"@type":"BreadcrumbList","@id":"https:\/\/lasentinelle.dz\/index.php\/2023\/01\/14\/dossier-de-la-memoire-rebiga-repond-a-macron\/#breadcrumb","itemListElement":[{"@type":"ListItem","position":1,"name":"Accueil","item":"https:\/\/lasentinelle.dz\/"},{"@type":"ListItem","position":2,"name":"Dossier de la m\u00e9moire\u00a0: Rebiga r\u00e9pond \u00e0 Macron"}]},{"@type":"WebSite","@id":"https:\/\/lasentinelle.dz\/#website","url":"https:\/\/lasentinelle.dz\/","name":"La Sentinelle","description":"Quotidien national d&#039;information","publisher":{"@id":"https:\/\/lasentinelle.dz\/#organization"},"potentialAction":[{"@type":"SearchAction","target":{"@type":"EntryPoint","urlTemplate":"https:\/\/lasentinelle.dz\/?s={search_term_string}"},"query-input":{"@type":"PropertyValueSpecification","valueRequired":true,"valueName":"search_term_string"}}],"inLanguage":"fr-FR"},{"@type":"Organization","@id":"https:\/\/lasentinelle.dz\/#organization","name":"Quotidien La Sentinelle","url":"https:\/\/lasentinelle.dz\/","logo":{"@type":"ImageObject","inLanguage":"fr-FR","@id":"https:\/\/lasentinelle.dz\/#\/schema\/logo\/image\/","url":"https:\/\/lasentinelle.dz\/wp-content\/uploads\/2021\/09\/logo-sentinelleSLOGAN-1.png","contentUrl":"https:\/\/lasentinelle.dz\/wp-content\/uploads\/2021\/09\/logo-sentinelleSLOGAN-1.png","width":615,"height":142,"caption":"Quotidien La Sentinelle"},"image":{"@id":"https:\/\/lasentinelle.dz\/#\/schema\/logo\/image\/"},"sameAs":["https:\/\/www.facebook.com\/La-Sentinelle-104059864394773"]},{"@type":"Person","@id":"https:\/\/lasentinelle.dz\/#\/schema\/person\/d865044e22e70a75174ce8bcad3acfb3","name":"La Sentinelle","image":{"@type":"ImageObject","inLanguage":"fr-FR","@id":"https:\/\/secure.gravatar.com\/avatar\/57de8e5d4b15d43fb361a71fbb36338450fe67865b528a43dd10ef7c51a20392?s=96&d=mm&r=g","url":"https:\/\/secure.gravatar.com\/avatar\/57de8e5d4b15d43fb361a71fbb36338450fe67865b528a43dd10ef7c51a20392?s=96&d=mm&r=g","contentUrl":"https:\/\/secure.gravatar.com\/avatar\/57de8e5d4b15d43fb361a71fbb36338450fe67865b528a43dd10ef7c51a20392?s=96&d=mm&r=g","caption":"La Sentinelle"},"sameAs":["http:\/\/www.lasentinelle.dz"],"url":"https:\/\/lasentinelle.dz\/author\/redaction\/"}]}},"_links":{"self":[{"href":"https:\/\/lasentinelle.dz\/index.php\/wp-json\/wp\/v2\/posts\/34102","targetHints":{"allow":["GET"]}}],"collection":[{"href":"https:\/\/lasentinelle.dz\/index.php\/wp-json\/wp\/v2\/posts"}],"about":[{"href":"https:\/\/lasentinelle.dz\/index.php\/wp-json\/wp\/v2\/types\/post"}],"author":[{"embeddable":true,"href":"https:\/\/lasentinelle.dz\/index.php\/wp-json\/wp\/v2\/users\/3"}],"replies":[{"embeddable":true,"href":"https:\/\/lasentinelle.dz\/index.php\/wp-json\/wp\/v2\/comments?post=34102"}],"version-history":[{"count":1,"href":"https:\/\/lasentinelle.dz\/index.php\/wp-json\/wp\/v2\/posts\/34102\/revisions"}],"predecessor-version":[{"id":34144,"href":"https:\/\/lasentinelle.dz\/index.php\/wp-json\/wp\/v2\/posts\/34102\/revisions\/34144"}],"wp:featuredmedia":[{"embeddable":true,"href":"https:\/\/lasentinelle.dz\/index.php\/wp-json\/wp\/v2\/media\/34143"}],"wp:attachment":[{"href":"https:\/\/lasentinelle.dz\/index.php\/wp-json\/wp\/v2\/media?parent=34102"}],"wp:term":[{"taxonomy":"category","embeddable":true,"href":"https:\/\/lasentinelle.dz\/index.php\/wp-json\/wp\/v2\/categories?post=34102"},{"taxonomy":"post_tag","embeddable":true,"href":"https:\/\/lasentinelle.dz\/index.php\/wp-json\/wp\/v2\/tags?post=34102"}],"curies":[{"name":"wp","href":"https:\/\/api.w.org\/{rel}","templated":true}]}}