{"id":34103,"date":"2023-01-14T22:05:00","date_gmt":"2023-01-14T21:05:00","guid":{"rendered":"https:\/\/lasentinelle.dz\/?p=34103"},"modified":"2023-01-14T21:17:15","modified_gmt":"2023-01-14T20:17:15","slug":"corruption-au-parlement-europeen-les-revelations-sur-le-maroc-ne-sont-que-la-partie-emergee-de-liceberg","status":"publish","type":"post","link":"https:\/\/lasentinelle.dz\/index.php\/2023\/01\/14\/corruption-au-parlement-europeen-les-revelations-sur-le-maroc-ne-sont-que-la-partie-emergee-de-liceberg\/","title":{"rendered":"Corruption au Parlement europ\u00e9en\u00a0: Les r\u00e9v\u00e9lations sur le Maroc ne sont que la partie \u00e9merg\u00e9e de l\u2019iceberg"},"content":{"rendered":"\n<p>Les r\u00e9v\u00e9lations concernant le \u00ab\u00a0Marocgate\u00a0\u00bb, retentissant scandale de corruption au sein du Parlement europ\u00e9en (UE), ne sont que \u00ab\u00a0la partie \u00e9merg\u00e9e de l\u2019iceberg\u00a0\u00bb, a indiqu\u00e9 le repr\u00e9sentant du Front Polisario en France, Mohamed Sidati, soulignant que d\u2019autres eurod\u00e9put\u00e9s et institutions europ\u00e9ennes sont impliqu\u00e9s dans ce vaste r\u00e9seau de corruption dirig\u00e9 par Rabat.\u00a0\u00bbCe n\u2019est que la partie \u00e9merg\u00e9e de l\u2019iceberg parce qu\u2019il y a plusieurs eurod\u00e9put\u00e9s et je dirai m\u00eame d\u2019autres institutions europ\u00e9ennes qui sont impliqu\u00e9s dans ces r\u00e9seaux (de corruption)\u00a0\u00bb, a affirm\u00e9 M. Sidati dans une d\u00e9claration \u00e0 l\u2019APS en marge des travaux du 16e congr\u00e8s du Front Polisario qui se tient du 13 au 17 janvier dans la wilaya de Dakhla, dans les Camps de r\u00e9fugi\u00e9s sahraouis .Il a relev\u00e9 que cette situation a cr\u00e9\u00e9 \u00ab\u00a0une sorte de statu quo concernant la question du Sahara occidental au sein du Parlement europ\u00e9en\u00a0\u00bb.\u00a0\u00bbNous avons eu affaire \u00e0 des agissements du Maroc qui ont finalement abouti gr\u00e2ce \u00e0 cette complicit\u00e9 et \u00e0 cet activisme de d\u00e9put\u00e9s europ\u00e9ens impliqu\u00e9s dans des r\u00e9seaux de corruption manipul\u00e9s\u00a0\u00bb par le r\u00e9gime du Makhzen, a-t-il d\u00e9nonc\u00e9.<\/p>\n\n\n\n<p>Selon le responsable sahraoui, ces eurod\u00e9put\u00e9s corrompus que le Maroc a soudoy\u00e9s en contrepartie d\u2019un alignement sur ses th\u00e8ses au Sahara occidental \u00ab\u00a0s\u2019assignaient pour objectifs deux choses\u00a0\u00bb.\u00a0\u00bbIl s\u2019agit de ne pas passer outre la situation des droits de l\u2019Homme au Maroc (&#8230;) et \u00e9viter qu\u2019il y ait une quelconque mention concernant le Sahara occidental, d\u2019autant plus que le Parlement europ\u00e9en a toujours eu une tradition de soutien au droit \u00e0 l\u2019autod\u00e9termination et aux droits fondamentaux du peuple sahraoui\u00a0\u00bb, a-t-il fait observer.Le repr\u00e9sentant du Front Polisario en France a, en outre, regrett\u00e9 le fait \u00ab\u00a0qu\u2019au lieu de continuer sur la base des valeurs de d\u00e9mocratie, de libert\u00e9 et du droit des peuples \u00e0 disposer d\u2019eux-m\u00eames, la position des eurod\u00e9put\u00e9s et de certaines institutions europ\u00e9ennes a \u00e9t\u00e9 d\u00e9vi\u00e9e\u00a0\u00bb.A ce titre, M. Sidati a fait remarquer qu\u2019outre plusieurs eurod\u00e9put\u00e9s, des comit\u00e9s et des commissions du Parlement europ\u00e9en sont \u00e9galement impliqu\u00e9s dans ces affaires de corruption, citant \u00e0 titre d\u2019exemple, les Commissions des affaires \u00e9trang\u00e8res, des droits de l\u2019Homme, de la p\u00eache et de l\u2019agriculture.\u00a0\u00bbC\u2019est tout le m\u00e9canisme du Parlement europ\u00e9en qui est impliqu\u00e9, d\u2019o\u00f9 la n\u00e9cessit\u00e9 pour cette institution europ\u00e9enne de faire son mea culpa et reprendre sa position de soutien au droit \u00e0 l\u2019autod\u00e9termination du peuple sahraoui\u00a0\u00bb, a-t-il indiqu\u00e9.<\/p>\n\n\n\n<p>APS<\/p>\n","protected":false},"excerpt":{"rendered":"<p>Les r\u00e9v\u00e9lations concernant le \u00ab\u00a0Marocgate\u00a0\u00bb, retentissant scandale de corruption au sein du Parlement europ\u00e9en (UE), ne sont que \u00ab\u00a0la partie<\/p>\n","protected":false},"author":3,"featured_media":34145,"comment_status":"open","ping_status":"closed","sticky":false,"template":"","format":"standard","meta":{"colormag_page_container_layout":"default_layout","colormag_page_sidebar_layout":"default_layout","om_disable_all_campaigns":false,"_monsterinsights_skip_tracking":false,"_monsterinsights_sitenote_active":false,"_monsterinsights_sitenote_note":"","_monsterinsights_sitenote_category":0,"footnotes":"","_wpscppro_dont_share_socialmedia":false,"_wpscppro_custom_social_share_image":0,"_facebook_share_type":"","_twitter_share_type":"","_linkedin_share_type":"","_pinterest_share_type":"","_linkedin_share_type_page":"","_instagram_share_type":"","_medium_share_type":"","_threads_share_type":"","_google_business_share_type":"","_selected_social_profile":[],"_wpsp_enable_custom_social_template":false,"_wpsp_social_scheduling":{"enabled":false,"datetime":null,"platforms":[],"status":"template_only","dateOption":"today","timeOption":"now","customDays":"","customHours":"","customDate":"","customTime":"","schedulingType":"absolute"},"_wpsp_active_default_template":true},"categories":[27],"tags":[],"class_list":["post-34103","post","type-post","status-publish","format-standard","has-post-thumbnail","hentry","category-actualite"],"aioseo_notices":[],"yoast_head":"<!-- This site is optimized with the Yoast SEO plugin v27.5 - https:\/\/yoast.com\/product\/yoast-seo-wordpress\/ -->\n<title>Corruption au Parlement europ\u00e9en\u00a0: Les r\u00e9v\u00e9lations sur le Maroc ne sont que la partie \u00e9merg\u00e9e de l\u2019iceberg - La Sentinelle<\/title>\n<meta name=\"robots\" content=\"index, follow, max-snippet:-1, max-image-preview:large, max-video-preview:-1\" \/>\n<link rel=\"canonical\" href=\"https:\/\/lasentinelle.dz\/index.php\/2023\/01\/14\/corruption-au-parlement-europeen-les-revelations-sur-le-maroc-ne-sont-que-la-partie-emergee-de-liceberg\/\" \/>\n<meta property=\"og:locale\" content=\"fr_FR\" \/>\n<meta property=\"og:type\" content=\"article\" \/>\n<meta property=\"og:title\" content=\"Corruption au Parlement europ\u00e9en\u00a0: Les r\u00e9v\u00e9lations sur le Maroc ne sont que la partie \u00e9merg\u00e9e de l\u2019iceberg - La Sentinelle\" \/>\n<meta property=\"og:description\" content=\"Les r\u00e9v\u00e9lations concernant le \u00ab\u00a0Marocgate\u00a0\u00bb, retentissant scandale de corruption au sein du Parlement europ\u00e9en (UE), ne sont que \u00ab\u00a0la partie\" \/>\n<meta property=\"og:url\" content=\"https:\/\/lasentinelle.dz\/index.php\/2023\/01\/14\/corruption-au-parlement-europeen-les-revelations-sur-le-maroc-ne-sont-que-la-partie-emergee-de-liceberg\/\" \/>\n<meta property=\"og:site_name\" content=\"La Sentinelle\" \/>\n<meta property=\"article:publisher\" content=\"https:\/\/www.facebook.com\/La-Sentinelle-104059864394773\" \/>\n<meta property=\"article:published_time\" content=\"2023-01-14T21:05:00+00:00\" \/>\n<meta property=\"og:image\" content=\"https:\/\/lasentinelle.dz\/wp-content\/uploads\/2023\/01\/image_2023-01-14_211659115.png\" \/>\n\t<meta property=\"og:image:width\" content=\"580\" \/>\n\t<meta property=\"og:image:height\" content=\"352\" \/>\n\t<meta property=\"og:image:type\" content=\"image\/png\" \/>\n<meta name=\"author\" content=\"La Sentinelle\" \/>\n<meta name=\"twitter:card\" content=\"summary_large_image\" \/>\n<meta name=\"twitter:label1\" content=\"\u00c9crit par\" \/>\n\t<meta name=\"twitter:data1\" content=\"La Sentinelle\" \/>\n\t<meta name=\"twitter:label2\" content=\"Dur\u00e9e de lecture estim\u00e9e\" \/>\n\t<meta name=\"twitter:data2\" content=\"2 minutes\" \/>\n<script type=\"application\/ld+json\" class=\"yoast-schema-graph\">{\"@context\":\"https:\\\/\\\/schema.org\",\"@graph\":[{\"@type\":\"Article\",\"@id\":\"https:\\\/\\\/lasentinelle.dz\\\/index.php\\\/2023\\\/01\\\/14\\\/corruption-au-parlement-europeen-les-revelations-sur-le-maroc-ne-sont-que-la-partie-emergee-de-liceberg\\\/#article\",\"isPartOf\":{\"@id\":\"https:\\\/\\\/lasentinelle.dz\\\/index.php\\\/2023\\\/01\\\/14\\\/corruption-au-parlement-europeen-les-revelations-sur-le-maroc-ne-sont-que-la-partie-emergee-de-liceberg\\\/\"},\"author\":{\"name\":\"La Sentinelle\",\"@id\":\"https:\\\/\\\/lasentinelle.dz\\\/#\\\/schema\\\/person\\\/d865044e22e70a75174ce8bcad3acfb3\"},\"headline\":\"Corruption au Parlement europ\u00e9en\u00a0: Les r\u00e9v\u00e9lations sur le Maroc ne sont que la partie \u00e9merg\u00e9e de l\u2019iceberg\",\"datePublished\":\"2023-01-14T21:05:00+00:00\",\"mainEntityOfPage\":{\"@id\":\"https:\\\/\\\/lasentinelle.dz\\\/index.php\\\/2023\\\/01\\\/14\\\/corruption-au-parlement-europeen-les-revelations-sur-le-maroc-ne-sont-que-la-partie-emergee-de-liceberg\\\/\"},\"wordCount\":484,\"commentCount\":0,\"publisher\":{\"@id\":\"https:\\\/\\\/lasentinelle.dz\\\/#organization\"},\"image\":{\"@id\":\"https:\\\/\\\/lasentinelle.dz\\\/index.php\\\/2023\\\/01\\\/14\\\/corruption-au-parlement-europeen-les-revelations-sur-le-maroc-ne-sont-que-la-partie-emergee-de-liceberg\\\/#primaryimage\"},\"thumbnailUrl\":\"https:\\\/\\\/lasentinelle.dz\\\/wp-content\\\/uploads\\\/2023\\\/01\\\/image_2023-01-14_211659115.png\",\"articleSection\":[\"Actualit\u00e9\"],\"inLanguage\":\"fr-FR\",\"potentialAction\":[{\"@type\":\"CommentAction\",\"name\":\"Comment\",\"target\":[\"https:\\\/\\\/lasentinelle.dz\\\/index.php\\\/2023\\\/01\\\/14\\\/corruption-au-parlement-europeen-les-revelations-sur-le-maroc-ne-sont-que-la-partie-emergee-de-liceberg\\\/#respond\"]}]},{\"@type\":\"WebPage\",\"@id\":\"https:\\\/\\\/lasentinelle.dz\\\/index.php\\\/2023\\\/01\\\/14\\\/corruption-au-parlement-europeen-les-revelations-sur-le-maroc-ne-sont-que-la-partie-emergee-de-liceberg\\\/\",\"url\":\"https:\\\/\\\/lasentinelle.dz\\\/index.php\\\/2023\\\/01\\\/14\\\/corruption-au-parlement-europeen-les-revelations-sur-le-maroc-ne-sont-que-la-partie-emergee-de-liceberg\\\/\",\"name\":\"Corruption au Parlement europ\u00e9en\u00a0: Les r\u00e9v\u00e9lations sur le Maroc ne sont que la partie \u00e9merg\u00e9e de l\u2019iceberg - La Sentinelle\",\"isPartOf\":{\"@id\":\"https:\\\/\\\/lasentinelle.dz\\\/#website\"},\"primaryImageOfPage\":{\"@id\":\"https:\\\/\\\/lasentinelle.dz\\\/index.php\\\/2023\\\/01\\\/14\\\/corruption-au-parlement-europeen-les-revelations-sur-le-maroc-ne-sont-que-la-partie-emergee-de-liceberg\\\/#primaryimage\"},\"image\":{\"@id\":\"https:\\\/\\\/lasentinelle.dz\\\/index.php\\\/2023\\\/01\\\/14\\\/corruption-au-parlement-europeen-les-revelations-sur-le-maroc-ne-sont-que-la-partie-emergee-de-liceberg\\\/#primaryimage\"},\"thumbnailUrl\":\"https:\\\/\\\/lasentinelle.dz\\\/wp-content\\\/uploads\\\/2023\\\/01\\\/image_2023-01-14_211659115.png\",\"datePublished\":\"2023-01-14T21:05:00+00:00\",\"breadcrumb\":{\"@id\":\"https:\\\/\\\/lasentinelle.dz\\\/index.php\\\/2023\\\/01\\\/14\\\/corruption-au-parlement-europeen-les-revelations-sur-le-maroc-ne-sont-que-la-partie-emergee-de-liceberg\\\/#breadcrumb\"},\"inLanguage\":\"fr-FR\",\"potentialAction\":[{\"@type\":\"ReadAction\",\"target\":[\"https:\\\/\\\/lasentinelle.dz\\\/index.php\\\/2023\\\/01\\\/14\\\/corruption-au-parlement-europeen-les-revelations-sur-le-maroc-ne-sont-que-la-partie-emergee-de-liceberg\\\/\"]}]},{\"@type\":\"ImageObject\",\"inLanguage\":\"fr-FR\",\"@id\":\"https:\\\/\\\/lasentinelle.dz\\\/index.php\\\/2023\\\/01\\\/14\\\/corruption-au-parlement-europeen-les-revelations-sur-le-maroc-ne-sont-que-la-partie-emergee-de-liceberg\\\/#primaryimage\",\"url\":\"https:\\\/\\\/lasentinelle.dz\\\/wp-content\\\/uploads\\\/2023\\\/01\\\/image_2023-01-14_211659115.png\",\"contentUrl\":\"https:\\\/\\\/lasentinelle.dz\\\/wp-content\\\/uploads\\\/2023\\\/01\\\/image_2023-01-14_211659115.png\",\"width\":580,\"height\":352},{\"@type\":\"BreadcrumbList\",\"@id\":\"https:\\\/\\\/lasentinelle.dz\\\/index.php\\\/2023\\\/01\\\/14\\\/corruption-au-parlement-europeen-les-revelations-sur-le-maroc-ne-sont-que-la-partie-emergee-de-liceberg\\\/#breadcrumb\",\"itemListElement\":[{\"@type\":\"ListItem\",\"position\":1,\"name\":\"Accueil\",\"item\":\"https:\\\/\\\/lasentinelle.dz\\\/\"},{\"@type\":\"ListItem\",\"position\":2,\"name\":\"Corruption au Parlement europ\u00e9en\u00a0: Les r\u00e9v\u00e9lations sur le Maroc ne sont que la partie \u00e9merg\u00e9e de l\u2019iceberg\"}]},{\"@type\":\"WebSite\",\"@id\":\"https:\\\/\\\/lasentinelle.dz\\\/#website\",\"url\":\"https:\\\/\\\/lasentinelle.dz\\\/\",\"name\":\"La Sentinelle\",\"description\":\"Quotidien national d&#039;information\",\"publisher\":{\"@id\":\"https:\\\/\\\/lasentinelle.dz\\\/#organization\"},\"potentialAction\":[{\"@type\":\"SearchAction\",\"target\":{\"@type\":\"EntryPoint\",\"urlTemplate\":\"https:\\\/\\\/lasentinelle.dz\\\/?s={search_term_string}\"},\"query-input\":{\"@type\":\"PropertyValueSpecification\",\"valueRequired\":true,\"valueName\":\"search_term_string\"}}],\"inLanguage\":\"fr-FR\"},{\"@type\":\"Organization\",\"@id\":\"https:\\\/\\\/lasentinelle.dz\\\/#organization\",\"name\":\"Quotidien La Sentinelle\",\"url\":\"https:\\\/\\\/lasentinelle.dz\\\/\",\"logo\":{\"@type\":\"ImageObject\",\"inLanguage\":\"fr-FR\",\"@id\":\"https:\\\/\\\/lasentinelle.dz\\\/#\\\/schema\\\/logo\\\/image\\\/\",\"url\":\"https:\\\/\\\/lasentinelle.dz\\\/wp-content\\\/uploads\\\/2021\\\/09\\\/logo-sentinelleSLOGAN-1.png\",\"contentUrl\":\"https:\\\/\\\/lasentinelle.dz\\\/wp-content\\\/uploads\\\/2021\\\/09\\\/logo-sentinelleSLOGAN-1.png\",\"width\":615,\"height\":142,\"caption\":\"Quotidien La Sentinelle\"},\"image\":{\"@id\":\"https:\\\/\\\/lasentinelle.dz\\\/#\\\/schema\\\/logo\\\/image\\\/\"},\"sameAs\":[\"https:\\\/\\\/www.facebook.com\\\/La-Sentinelle-104059864394773\"]},{\"@type\":\"Person\",\"@id\":\"https:\\\/\\\/lasentinelle.dz\\\/#\\\/schema\\\/person\\\/d865044e22e70a75174ce8bcad3acfb3\",\"name\":\"La Sentinelle\",\"image\":{\"@type\":\"ImageObject\",\"inLanguage\":\"fr-FR\",\"@id\":\"https:\\\/\\\/secure.gravatar.com\\\/avatar\\\/57de8e5d4b15d43fb361a71fbb36338450fe67865b528a43dd10ef7c51a20392?s=96&d=mm&r=g\",\"url\":\"https:\\\/\\\/secure.gravatar.com\\\/avatar\\\/57de8e5d4b15d43fb361a71fbb36338450fe67865b528a43dd10ef7c51a20392?s=96&d=mm&r=g\",\"contentUrl\":\"https:\\\/\\\/secure.gravatar.com\\\/avatar\\\/57de8e5d4b15d43fb361a71fbb36338450fe67865b528a43dd10ef7c51a20392?s=96&d=mm&r=g\",\"caption\":\"La Sentinelle\"},\"sameAs\":[\"http:\\\/\\\/www.lasentinelle.dz\"],\"url\":\"https:\\\/\\\/lasentinelle.dz\\\/author\\\/redaction\\\/\"}]}<\/script>\n<!-- \/ Yoast SEO plugin. -->","yoast_head_json":{"title":"Corruption au Parlement europ\u00e9en\u00a0: Les r\u00e9v\u00e9lations sur le Maroc ne sont que la partie \u00e9merg\u00e9e de l\u2019iceberg - La Sentinelle","robots":{"index":"index","follow":"follow","max-snippet":"max-snippet:-1","max-image-preview":"max-image-preview:large","max-video-preview":"max-video-preview:-1"},"canonical":"https:\/\/lasentinelle.dz\/index.php\/2023\/01\/14\/corruption-au-parlement-europeen-les-revelations-sur-le-maroc-ne-sont-que-la-partie-emergee-de-liceberg\/","og_locale":"fr_FR","og_type":"article","og_title":"Corruption au Parlement europ\u00e9en\u00a0: Les r\u00e9v\u00e9lations sur le Maroc ne sont que la partie \u00e9merg\u00e9e de l\u2019iceberg - La Sentinelle","og_description":"Les r\u00e9v\u00e9lations concernant le \u00ab\u00a0Marocgate\u00a0\u00bb, retentissant scandale de corruption au sein du Parlement europ\u00e9en (UE), ne sont que \u00ab\u00a0la partie","og_url":"https:\/\/lasentinelle.dz\/index.php\/2023\/01\/14\/corruption-au-parlement-europeen-les-revelations-sur-le-maroc-ne-sont-que-la-partie-emergee-de-liceberg\/","og_site_name":"La Sentinelle","article_publisher":"https:\/\/www.facebook.com\/La-Sentinelle-104059864394773","article_published_time":"2023-01-14T21:05:00+00:00","og_image":[{"width":580,"height":352,"url":"https:\/\/lasentinelle.dz\/wp-content\/uploads\/2023\/01\/image_2023-01-14_211659115.png","type":"image\/png"}],"author":"La Sentinelle","twitter_card":"summary_large_image","twitter_misc":{"\u00c9crit par":"La Sentinelle","Dur\u00e9e de lecture estim\u00e9e":"2 minutes"},"schema":{"@context":"https:\/\/schema.org","@graph":[{"@type":"Article","@id":"https:\/\/lasentinelle.dz\/index.php\/2023\/01\/14\/corruption-au-parlement-europeen-les-revelations-sur-le-maroc-ne-sont-que-la-partie-emergee-de-liceberg\/#article","isPartOf":{"@id":"https:\/\/lasentinelle.dz\/index.php\/2023\/01\/14\/corruption-au-parlement-europeen-les-revelations-sur-le-maroc-ne-sont-que-la-partie-emergee-de-liceberg\/"},"author":{"name":"La Sentinelle","@id":"https:\/\/lasentinelle.dz\/#\/schema\/person\/d865044e22e70a75174ce8bcad3acfb3"},"headline":"Corruption au Parlement europ\u00e9en\u00a0: Les r\u00e9v\u00e9lations sur le Maroc ne sont que la partie \u00e9merg\u00e9e de l\u2019iceberg","datePublished":"2023-01-14T21:05:00+00:00","mainEntityOfPage":{"@id":"https:\/\/lasentinelle.dz\/index.php\/2023\/01\/14\/corruption-au-parlement-europeen-les-revelations-sur-le-maroc-ne-sont-que-la-partie-emergee-de-liceberg\/"},"wordCount":484,"commentCount":0,"publisher":{"@id":"https:\/\/lasentinelle.dz\/#organization"},"image":{"@id":"https:\/\/lasentinelle.dz\/index.php\/2023\/01\/14\/corruption-au-parlement-europeen-les-revelations-sur-le-maroc-ne-sont-que-la-partie-emergee-de-liceberg\/#primaryimage"},"thumbnailUrl":"https:\/\/lasentinelle.dz\/wp-content\/uploads\/2023\/01\/image_2023-01-14_211659115.png","articleSection":["Actualit\u00e9"],"inLanguage":"fr-FR","potentialAction":[{"@type":"CommentAction","name":"Comment","target":["https:\/\/lasentinelle.dz\/index.php\/2023\/01\/14\/corruption-au-parlement-europeen-les-revelations-sur-le-maroc-ne-sont-que-la-partie-emergee-de-liceberg\/#respond"]}]},{"@type":"WebPage","@id":"https:\/\/lasentinelle.dz\/index.php\/2023\/01\/14\/corruption-au-parlement-europeen-les-revelations-sur-le-maroc-ne-sont-que-la-partie-emergee-de-liceberg\/","url":"https:\/\/lasentinelle.dz\/index.php\/2023\/01\/14\/corruption-au-parlement-europeen-les-revelations-sur-le-maroc-ne-sont-que-la-partie-emergee-de-liceberg\/","name":"Corruption au Parlement europ\u00e9en\u00a0: Les r\u00e9v\u00e9lations sur le Maroc ne sont que la partie \u00e9merg\u00e9e de l\u2019iceberg - La Sentinelle","isPartOf":{"@id":"https:\/\/lasentinelle.dz\/#website"},"primaryImageOfPage":{"@id":"https:\/\/lasentinelle.dz\/index.php\/2023\/01\/14\/corruption-au-parlement-europeen-les-revelations-sur-le-maroc-ne-sont-que-la-partie-emergee-de-liceberg\/#primaryimage"},"image":{"@id":"https:\/\/lasentinelle.dz\/index.php\/2023\/01\/14\/corruption-au-parlement-europeen-les-revelations-sur-le-maroc-ne-sont-que-la-partie-emergee-de-liceberg\/#primaryimage"},"thumbnailUrl":"https:\/\/lasentinelle.dz\/wp-content\/uploads\/2023\/01\/image_2023-01-14_211659115.png","datePublished":"2023-01-14T21:05:00+00:00","breadcrumb":{"@id":"https:\/\/lasentinelle.dz\/index.php\/2023\/01\/14\/corruption-au-parlement-europeen-les-revelations-sur-le-maroc-ne-sont-que-la-partie-emergee-de-liceberg\/#breadcrumb"},"inLanguage":"fr-FR","potentialAction":[{"@type":"ReadAction","target":["https:\/\/lasentinelle.dz\/index.php\/2023\/01\/14\/corruption-au-parlement-europeen-les-revelations-sur-le-maroc-ne-sont-que-la-partie-emergee-de-liceberg\/"]}]},{"@type":"ImageObject","inLanguage":"fr-FR","@id":"https:\/\/lasentinelle.dz\/index.php\/2023\/01\/14\/corruption-au-parlement-europeen-les-revelations-sur-le-maroc-ne-sont-que-la-partie-emergee-de-liceberg\/#primaryimage","url":"https:\/\/lasentinelle.dz\/wp-content\/uploads\/2023\/01\/image_2023-01-14_211659115.png","contentUrl":"https:\/\/lasentinelle.dz\/wp-content\/uploads\/2023\/01\/image_2023-01-14_211659115.png","width":580,"height":352},{"@type":"BreadcrumbList","@id":"https:\/\/lasentinelle.dz\/index.php\/2023\/01\/14\/corruption-au-parlement-europeen-les-revelations-sur-le-maroc-ne-sont-que-la-partie-emergee-de-liceberg\/#breadcrumb","itemListElement":[{"@type":"ListItem","position":1,"name":"Accueil","item":"https:\/\/lasentinelle.dz\/"},{"@type":"ListItem","position":2,"name":"Corruption au Parlement europ\u00e9en\u00a0: Les r\u00e9v\u00e9lations sur le Maroc ne sont que la partie \u00e9merg\u00e9e de l\u2019iceberg"}]},{"@type":"WebSite","@id":"https:\/\/lasentinelle.dz\/#website","url":"https:\/\/lasentinelle.dz\/","name":"La Sentinelle","description":"Quotidien national d&#039;information","publisher":{"@id":"https:\/\/lasentinelle.dz\/#organization"},"potentialAction":[{"@type":"SearchAction","target":{"@type":"EntryPoint","urlTemplate":"https:\/\/lasentinelle.dz\/?s={search_term_string}"},"query-input":{"@type":"PropertyValueSpecification","valueRequired":true,"valueName":"search_term_string"}}],"inLanguage":"fr-FR"},{"@type":"Organization","@id":"https:\/\/lasentinelle.dz\/#organization","name":"Quotidien La Sentinelle","url":"https:\/\/lasentinelle.dz\/","logo":{"@type":"ImageObject","inLanguage":"fr-FR","@id":"https:\/\/lasentinelle.dz\/#\/schema\/logo\/image\/","url":"https:\/\/lasentinelle.dz\/wp-content\/uploads\/2021\/09\/logo-sentinelleSLOGAN-1.png","contentUrl":"https:\/\/lasentinelle.dz\/wp-content\/uploads\/2021\/09\/logo-sentinelleSLOGAN-1.png","width":615,"height":142,"caption":"Quotidien La Sentinelle"},"image":{"@id":"https:\/\/lasentinelle.dz\/#\/schema\/logo\/image\/"},"sameAs":["https:\/\/www.facebook.com\/La-Sentinelle-104059864394773"]},{"@type":"Person","@id":"https:\/\/lasentinelle.dz\/#\/schema\/person\/d865044e22e70a75174ce8bcad3acfb3","name":"La Sentinelle","image":{"@type":"ImageObject","inLanguage":"fr-FR","@id":"https:\/\/secure.gravatar.com\/avatar\/57de8e5d4b15d43fb361a71fbb36338450fe67865b528a43dd10ef7c51a20392?s=96&d=mm&r=g","url":"https:\/\/secure.gravatar.com\/avatar\/57de8e5d4b15d43fb361a71fbb36338450fe67865b528a43dd10ef7c51a20392?s=96&d=mm&r=g","contentUrl":"https:\/\/secure.gravatar.com\/avatar\/57de8e5d4b15d43fb361a71fbb36338450fe67865b528a43dd10ef7c51a20392?s=96&d=mm&r=g","caption":"La Sentinelle"},"sameAs":["http:\/\/www.lasentinelle.dz"],"url":"https:\/\/lasentinelle.dz\/author\/redaction\/"}]}},"_links":{"self":[{"href":"https:\/\/lasentinelle.dz\/index.php\/wp-json\/wp\/v2\/posts\/34103","targetHints":{"allow":["GET"]}}],"collection":[{"href":"https:\/\/lasentinelle.dz\/index.php\/wp-json\/wp\/v2\/posts"}],"about":[{"href":"https:\/\/lasentinelle.dz\/index.php\/wp-json\/wp\/v2\/types\/post"}],"author":[{"embeddable":true,"href":"https:\/\/lasentinelle.dz\/index.php\/wp-json\/wp\/v2\/users\/3"}],"replies":[{"embeddable":true,"href":"https:\/\/lasentinelle.dz\/index.php\/wp-json\/wp\/v2\/comments?post=34103"}],"version-history":[{"count":1,"href":"https:\/\/lasentinelle.dz\/index.php\/wp-json\/wp\/v2\/posts\/34103\/revisions"}],"predecessor-version":[{"id":34146,"href":"https:\/\/lasentinelle.dz\/index.php\/wp-json\/wp\/v2\/posts\/34103\/revisions\/34146"}],"wp:featuredmedia":[{"embeddable":true,"href":"https:\/\/lasentinelle.dz\/index.php\/wp-json\/wp\/v2\/media\/34145"}],"wp:attachment":[{"href":"https:\/\/lasentinelle.dz\/index.php\/wp-json\/wp\/v2\/media?parent=34103"}],"wp:term":[{"taxonomy":"category","embeddable":true,"href":"https:\/\/lasentinelle.dz\/index.php\/wp-json\/wp\/v2\/categories?post=34103"},{"taxonomy":"post_tag","embeddable":true,"href":"https:\/\/lasentinelle.dz\/index.php\/wp-json\/wp\/v2\/tags?post=34103"}],"curies":[{"name":"wp","href":"https:\/\/api.w.org\/{rel}","templated":true}]}}