{"id":34150,"date":"2023-01-15T22:00:00","date_gmt":"2023-01-15T21:00:00","guid":{"rendered":"https:\/\/lasentinelle.dz\/?p=34150"},"modified":"2023-01-15T17:37:31","modified_gmt":"2023-01-15T16:37:31","slug":"manifestations-au-perou-letat-durgence-decrete-a-lima","status":"publish","type":"post","link":"https:\/\/lasentinelle.dz\/index.php\/2023\/01\/15\/manifestations-au-perou-letat-durgence-decrete-a-lima\/","title":{"rendered":"Manifestations au P\u00e9rou\u00a0: L\u2019\u00e9tat d&rsquo;urgence d\u00e9cr\u00e9t\u00e9 \u00e0 Lima"},"content":{"rendered":"\n<p>Le gouvernement p\u00e9ruvien a d\u00e9cr\u00e9t\u00e9 l&rsquo;\u00e9tat d&rsquo;urgence dans la capitale Lima et plusieurs autres r\u00e9gions en raison des manifestations contre la pr\u00e9sidente Dina Boluarte qui ont fait au moins 42 morts dans le pays depuis cinq semaines. Cette mesure, en vigueur pour 30 jours, autorise l&rsquo;arm\u00e9e \u00e0 intervenir pour maintenir l&rsquo;ordre et entra\u00eene la suspension de plusieurs droits constitutionnels comme la libert\u00e9 de circulation et de r\u00e9union et l&rsquo;inviolabilit\u00e9 du domicile, selon un d\u00e9cret publi\u00e9 samedi soir au journal officiel. Outre la capitale, les d\u00e9partements de Cusco et Puno (sud) sont notamment soumis \u00e0 l&rsquo;\u00e9tat d&rsquo;urgence, de m\u00eame que le port de Callao, \u00e0 c\u00f4t\u00e9 de Lima. Plus d&rsquo;une centaine de barrages routiers bloquaient samedi la circulation \u00e0 travers le P\u00e9rou, principalement dans le Sud, \u00e9picentre de la contestation, mais \u00e9galement autour de Lima. Les autorit\u00e9s ont cependant rouvert samedi l&rsquo;a\u00e9roport international de Cusco, d&rsquo;importance vitale pour le secteur touristique p\u00e9ruvien. Les protestations ont \u00e9clat\u00e9 apr\u00e8s la destitution et l&rsquo;arrestation le 7 d\u00e9cembre du pr\u00e9sident socialiste Pedro Castillo, accus\u00e9 d&rsquo;avoir tent\u00e9 de perp\u00e9trer un coup d&rsquo;\u00c9tat en voulant dissoudre le Parlement qui s&rsquo;appr\u00eatait \u00e0 le chasser du pouvoir. Dina Boluarte, qui \u00e9tait la vice-pr\u00e9sidente de Pedro Castillo, lui a succ\u00e9d\u00e9 conform\u00e9ment \u00e0 la Constitution et est issue du m\u00eame parti de gauche que lui. Mais les manifestants, qui voient en elle une \u00abtra\u00eetresse\u00bb, exigent son d\u00e9part ainsi que des \u00e9lections imm\u00e9diates. Pour le moment, Dina Boluarte refuse de d\u00e9missionner.<\/p>\n\n\n\n<p>K.L.<\/p>\n","protected":false},"excerpt":{"rendered":"<p>Le gouvernement p\u00e9ruvien a d\u00e9cr\u00e9t\u00e9 l&rsquo;\u00e9tat d&rsquo;urgence dans la capitale Lima et plusieurs autres r\u00e9gions en raison des manifestations contre<\/p>\n","protected":false},"author":3,"featured_media":34170,"comment_status":"open","ping_status":"closed","sticky":false,"template":"","format":"standard","meta":{"colormag_page_container_layout":"default_layout","colormag_page_sidebar_layout":"default_layout","om_disable_all_campaigns":false,"_monsterinsights_skip_tracking":false,"_monsterinsights_sitenote_active":false,"_monsterinsights_sitenote_note":"","_monsterinsights_sitenote_category":0,"footnotes":"","_wpscppro_dont_share_socialmedia":false,"_wpscppro_custom_social_share_image":0,"_facebook_share_type":"","_twitter_share_type":"","_linkedin_share_type":"","_pinterest_share_type":"","_linkedin_share_type_page":"","_instagram_share_type":"","_medium_share_type":"","_threads_share_type":"","_google_business_share_type":"","_selected_social_profile":[],"_wpsp_enable_custom_social_template":false,"_wpsp_social_scheduling":{"enabled":false,"datetime":null,"platforms":[],"status":"template_only","dateOption":"today","timeOption":"now","customDays":"","customHours":"","customDate":"","customTime":"","schedulingType":"absolute"},"_wpsp_active_default_template":true},"categories":[37],"tags":[],"class_list":["post-34150","post","type-post","status-publish","format-standard","has-post-thumbnail","hentry","category-monde"],"aioseo_notices":[],"yoast_head":"<!-- This site is optimized with the Yoast SEO plugin v27.5 - https:\/\/yoast.com\/product\/yoast-seo-wordpress\/ -->\n<title>Manifestations au P\u00e9rou\u00a0: L\u2019\u00e9tat d&rsquo;urgence d\u00e9cr\u00e9t\u00e9 \u00e0 Lima - La Sentinelle<\/title>\n<meta name=\"robots\" content=\"index, follow, max-snippet:-1, max-image-preview:large, max-video-preview:-1\" \/>\n<link rel=\"canonical\" href=\"https:\/\/lasentinelle.dz\/index.php\/2023\/01\/15\/manifestations-au-perou-letat-durgence-decrete-a-lima\/\" \/>\n<meta property=\"og:locale\" content=\"fr_FR\" \/>\n<meta property=\"og:type\" content=\"article\" \/>\n<meta property=\"og:title\" content=\"Manifestations au P\u00e9rou\u00a0: L\u2019\u00e9tat d&rsquo;urgence d\u00e9cr\u00e9t\u00e9 \u00e0 Lima - La Sentinelle\" \/>\n<meta property=\"og:description\" content=\"Le gouvernement p\u00e9ruvien a d\u00e9cr\u00e9t\u00e9 l&rsquo;\u00e9tat d&rsquo;urgence dans la capitale Lima et plusieurs autres r\u00e9gions en raison des manifestations contre\" \/>\n<meta property=\"og:url\" content=\"https:\/\/lasentinelle.dz\/index.php\/2023\/01\/15\/manifestations-au-perou-letat-durgence-decrete-a-lima\/\" \/>\n<meta property=\"og:site_name\" content=\"La Sentinelle\" \/>\n<meta property=\"article:publisher\" content=\"https:\/\/www.facebook.com\/La-Sentinelle-104059864394773\" \/>\n<meta property=\"article:published_time\" content=\"2023-01-15T21:00:00+00:00\" \/>\n<meta property=\"og:image\" content=\"https:\/\/lasentinelle.dz\/wp-content\/uploads\/2023\/01\/image_2023-01-15_173722741.png\" \/>\n\t<meta property=\"og:image:width\" content=\"310\" \/>\n\t<meta property=\"og:image:height\" content=\"163\" \/>\n\t<meta property=\"og:image:type\" content=\"image\/png\" \/>\n<meta name=\"author\" content=\"La Sentinelle\" \/>\n<meta name=\"twitter:card\" content=\"summary_large_image\" \/>\n<meta name=\"twitter:label1\" content=\"\u00c9crit par\" \/>\n\t<meta name=\"twitter:data1\" content=\"La Sentinelle\" \/>\n\t<meta name=\"twitter:label2\" content=\"Dur\u00e9e de lecture estim\u00e9e\" \/>\n\t<meta name=\"twitter:data2\" content=\"2 minutes\" \/>\n<script type=\"application\/ld+json\" class=\"yoast-schema-graph\">{\"@context\":\"https:\\\/\\\/schema.org\",\"@graph\":[{\"@type\":\"Article\",\"@id\":\"https:\\\/\\\/lasentinelle.dz\\\/index.php\\\/2023\\\/01\\\/15\\\/manifestations-au-perou-letat-durgence-decrete-a-lima\\\/#article\",\"isPartOf\":{\"@id\":\"https:\\\/\\\/lasentinelle.dz\\\/index.php\\\/2023\\\/01\\\/15\\\/manifestations-au-perou-letat-durgence-decrete-a-lima\\\/\"},\"author\":{\"name\":\"La Sentinelle\",\"@id\":\"https:\\\/\\\/lasentinelle.dz\\\/#\\\/schema\\\/person\\\/d865044e22e70a75174ce8bcad3acfb3\"},\"headline\":\"Manifestations au P\u00e9rou\u00a0: L\u2019\u00e9tat d&rsquo;urgence d\u00e9cr\u00e9t\u00e9 \u00e0 Lima\",\"datePublished\":\"2023-01-15T21:00:00+00:00\",\"mainEntityOfPage\":{\"@id\":\"https:\\\/\\\/lasentinelle.dz\\\/index.php\\\/2023\\\/01\\\/15\\\/manifestations-au-perou-letat-durgence-decrete-a-lima\\\/\"},\"wordCount\":288,\"commentCount\":0,\"publisher\":{\"@id\":\"https:\\\/\\\/lasentinelle.dz\\\/#organization\"},\"image\":{\"@id\":\"https:\\\/\\\/lasentinelle.dz\\\/index.php\\\/2023\\\/01\\\/15\\\/manifestations-au-perou-letat-durgence-decrete-a-lima\\\/#primaryimage\"},\"thumbnailUrl\":\"https:\\\/\\\/lasentinelle.dz\\\/wp-content\\\/uploads\\\/2023\\\/01\\\/image_2023-01-15_173722741.png\",\"articleSection\":[\"Monde\"],\"inLanguage\":\"fr-FR\",\"potentialAction\":[{\"@type\":\"CommentAction\",\"name\":\"Comment\",\"target\":[\"https:\\\/\\\/lasentinelle.dz\\\/index.php\\\/2023\\\/01\\\/15\\\/manifestations-au-perou-letat-durgence-decrete-a-lima\\\/#respond\"]}]},{\"@type\":\"WebPage\",\"@id\":\"https:\\\/\\\/lasentinelle.dz\\\/index.php\\\/2023\\\/01\\\/15\\\/manifestations-au-perou-letat-durgence-decrete-a-lima\\\/\",\"url\":\"https:\\\/\\\/lasentinelle.dz\\\/index.php\\\/2023\\\/01\\\/15\\\/manifestations-au-perou-letat-durgence-decrete-a-lima\\\/\",\"name\":\"Manifestations au P\u00e9rou\u00a0: L\u2019\u00e9tat d&rsquo;urgence d\u00e9cr\u00e9t\u00e9 \u00e0 Lima - La Sentinelle\",\"isPartOf\":{\"@id\":\"https:\\\/\\\/lasentinelle.dz\\\/#website\"},\"primaryImageOfPage\":{\"@id\":\"https:\\\/\\\/lasentinelle.dz\\\/index.php\\\/2023\\\/01\\\/15\\\/manifestations-au-perou-letat-durgence-decrete-a-lima\\\/#primaryimage\"},\"image\":{\"@id\":\"https:\\\/\\\/lasentinelle.dz\\\/index.php\\\/2023\\\/01\\\/15\\\/manifestations-au-perou-letat-durgence-decrete-a-lima\\\/#primaryimage\"},\"thumbnailUrl\":\"https:\\\/\\\/lasentinelle.dz\\\/wp-content\\\/uploads\\\/2023\\\/01\\\/image_2023-01-15_173722741.png\",\"datePublished\":\"2023-01-15T21:00:00+00:00\",\"breadcrumb\":{\"@id\":\"https:\\\/\\\/lasentinelle.dz\\\/index.php\\\/2023\\\/01\\\/15\\\/manifestations-au-perou-letat-durgence-decrete-a-lima\\\/#breadcrumb\"},\"inLanguage\":\"fr-FR\",\"potentialAction\":[{\"@type\":\"ReadAction\",\"target\":[\"https:\\\/\\\/lasentinelle.dz\\\/index.php\\\/2023\\\/01\\\/15\\\/manifestations-au-perou-letat-durgence-decrete-a-lima\\\/\"]}]},{\"@type\":\"ImageObject\",\"inLanguage\":\"fr-FR\",\"@id\":\"https:\\\/\\\/lasentinelle.dz\\\/index.php\\\/2023\\\/01\\\/15\\\/manifestations-au-perou-letat-durgence-decrete-a-lima\\\/#primaryimage\",\"url\":\"https:\\\/\\\/lasentinelle.dz\\\/wp-content\\\/uploads\\\/2023\\\/01\\\/image_2023-01-15_173722741.png\",\"contentUrl\":\"https:\\\/\\\/lasentinelle.dz\\\/wp-content\\\/uploads\\\/2023\\\/01\\\/image_2023-01-15_173722741.png\",\"width\":310,\"height\":163},{\"@type\":\"BreadcrumbList\",\"@id\":\"https:\\\/\\\/lasentinelle.dz\\\/index.php\\\/2023\\\/01\\\/15\\\/manifestations-au-perou-letat-durgence-decrete-a-lima\\\/#breadcrumb\",\"itemListElement\":[{\"@type\":\"ListItem\",\"position\":1,\"name\":\"Accueil\",\"item\":\"https:\\\/\\\/lasentinelle.dz\\\/\"},{\"@type\":\"ListItem\",\"position\":2,\"name\":\"Manifestations au P\u00e9rou\u00a0: L\u2019\u00e9tat d&rsquo;urgence d\u00e9cr\u00e9t\u00e9 \u00e0 Lima\"}]},{\"@type\":\"WebSite\",\"@id\":\"https:\\\/\\\/lasentinelle.dz\\\/#website\",\"url\":\"https:\\\/\\\/lasentinelle.dz\\\/\",\"name\":\"La Sentinelle\",\"description\":\"Quotidien national d&#039;information\",\"publisher\":{\"@id\":\"https:\\\/\\\/lasentinelle.dz\\\/#organization\"},\"potentialAction\":[{\"@type\":\"SearchAction\",\"target\":{\"@type\":\"EntryPoint\",\"urlTemplate\":\"https:\\\/\\\/lasentinelle.dz\\\/?s={search_term_string}\"},\"query-input\":{\"@type\":\"PropertyValueSpecification\",\"valueRequired\":true,\"valueName\":\"search_term_string\"}}],\"inLanguage\":\"fr-FR\"},{\"@type\":\"Organization\",\"@id\":\"https:\\\/\\\/lasentinelle.dz\\\/#organization\",\"name\":\"Quotidien La Sentinelle\",\"url\":\"https:\\\/\\\/lasentinelle.dz\\\/\",\"logo\":{\"@type\":\"ImageObject\",\"inLanguage\":\"fr-FR\",\"@id\":\"https:\\\/\\\/lasentinelle.dz\\\/#\\\/schema\\\/logo\\\/image\\\/\",\"url\":\"https:\\\/\\\/lasentinelle.dz\\\/wp-content\\\/uploads\\\/2021\\\/09\\\/logo-sentinelleSLOGAN-1.png\",\"contentUrl\":\"https:\\\/\\\/lasentinelle.dz\\\/wp-content\\\/uploads\\\/2021\\\/09\\\/logo-sentinelleSLOGAN-1.png\",\"width\":615,\"height\":142,\"caption\":\"Quotidien La Sentinelle\"},\"image\":{\"@id\":\"https:\\\/\\\/lasentinelle.dz\\\/#\\\/schema\\\/logo\\\/image\\\/\"},\"sameAs\":[\"https:\\\/\\\/www.facebook.com\\\/La-Sentinelle-104059864394773\"]},{\"@type\":\"Person\",\"@id\":\"https:\\\/\\\/lasentinelle.dz\\\/#\\\/schema\\\/person\\\/d865044e22e70a75174ce8bcad3acfb3\",\"name\":\"La Sentinelle\",\"image\":{\"@type\":\"ImageObject\",\"inLanguage\":\"fr-FR\",\"@id\":\"https:\\\/\\\/secure.gravatar.com\\\/avatar\\\/57de8e5d4b15d43fb361a71fbb36338450fe67865b528a43dd10ef7c51a20392?s=96&d=mm&r=g\",\"url\":\"https:\\\/\\\/secure.gravatar.com\\\/avatar\\\/57de8e5d4b15d43fb361a71fbb36338450fe67865b528a43dd10ef7c51a20392?s=96&d=mm&r=g\",\"contentUrl\":\"https:\\\/\\\/secure.gravatar.com\\\/avatar\\\/57de8e5d4b15d43fb361a71fbb36338450fe67865b528a43dd10ef7c51a20392?s=96&d=mm&r=g\",\"caption\":\"La Sentinelle\"},\"sameAs\":[\"http:\\\/\\\/www.lasentinelle.dz\"],\"url\":\"https:\\\/\\\/lasentinelle.dz\\\/author\\\/redaction\\\/\"}]}<\/script>\n<!-- \/ Yoast SEO plugin. -->","yoast_head_json":{"title":"Manifestations au P\u00e9rou\u00a0: L\u2019\u00e9tat d&rsquo;urgence d\u00e9cr\u00e9t\u00e9 \u00e0 Lima - La Sentinelle","robots":{"index":"index","follow":"follow","max-snippet":"max-snippet:-1","max-image-preview":"max-image-preview:large","max-video-preview":"max-video-preview:-1"},"canonical":"https:\/\/lasentinelle.dz\/index.php\/2023\/01\/15\/manifestations-au-perou-letat-durgence-decrete-a-lima\/","og_locale":"fr_FR","og_type":"article","og_title":"Manifestations au P\u00e9rou\u00a0: L\u2019\u00e9tat d&rsquo;urgence d\u00e9cr\u00e9t\u00e9 \u00e0 Lima - La Sentinelle","og_description":"Le gouvernement p\u00e9ruvien a d\u00e9cr\u00e9t\u00e9 l&rsquo;\u00e9tat d&rsquo;urgence dans la capitale Lima et plusieurs autres r\u00e9gions en raison des manifestations contre","og_url":"https:\/\/lasentinelle.dz\/index.php\/2023\/01\/15\/manifestations-au-perou-letat-durgence-decrete-a-lima\/","og_site_name":"La Sentinelle","article_publisher":"https:\/\/www.facebook.com\/La-Sentinelle-104059864394773","article_published_time":"2023-01-15T21:00:00+00:00","og_image":[{"width":310,"height":163,"url":"https:\/\/lasentinelle.dz\/wp-content\/uploads\/2023\/01\/image_2023-01-15_173722741.png","type":"image\/png"}],"author":"La Sentinelle","twitter_card":"summary_large_image","twitter_misc":{"\u00c9crit par":"La Sentinelle","Dur\u00e9e de lecture estim\u00e9e":"2 minutes"},"schema":{"@context":"https:\/\/schema.org","@graph":[{"@type":"Article","@id":"https:\/\/lasentinelle.dz\/index.php\/2023\/01\/15\/manifestations-au-perou-letat-durgence-decrete-a-lima\/#article","isPartOf":{"@id":"https:\/\/lasentinelle.dz\/index.php\/2023\/01\/15\/manifestations-au-perou-letat-durgence-decrete-a-lima\/"},"author":{"name":"La Sentinelle","@id":"https:\/\/lasentinelle.dz\/#\/schema\/person\/d865044e22e70a75174ce8bcad3acfb3"},"headline":"Manifestations au P\u00e9rou\u00a0: L\u2019\u00e9tat d&rsquo;urgence d\u00e9cr\u00e9t\u00e9 \u00e0 Lima","datePublished":"2023-01-15T21:00:00+00:00","mainEntityOfPage":{"@id":"https:\/\/lasentinelle.dz\/index.php\/2023\/01\/15\/manifestations-au-perou-letat-durgence-decrete-a-lima\/"},"wordCount":288,"commentCount":0,"publisher":{"@id":"https:\/\/lasentinelle.dz\/#organization"},"image":{"@id":"https:\/\/lasentinelle.dz\/index.php\/2023\/01\/15\/manifestations-au-perou-letat-durgence-decrete-a-lima\/#primaryimage"},"thumbnailUrl":"https:\/\/lasentinelle.dz\/wp-content\/uploads\/2023\/01\/image_2023-01-15_173722741.png","articleSection":["Monde"],"inLanguage":"fr-FR","potentialAction":[{"@type":"CommentAction","name":"Comment","target":["https:\/\/lasentinelle.dz\/index.php\/2023\/01\/15\/manifestations-au-perou-letat-durgence-decrete-a-lima\/#respond"]}]},{"@type":"WebPage","@id":"https:\/\/lasentinelle.dz\/index.php\/2023\/01\/15\/manifestations-au-perou-letat-durgence-decrete-a-lima\/","url":"https:\/\/lasentinelle.dz\/index.php\/2023\/01\/15\/manifestations-au-perou-letat-durgence-decrete-a-lima\/","name":"Manifestations au P\u00e9rou\u00a0: L\u2019\u00e9tat d&rsquo;urgence d\u00e9cr\u00e9t\u00e9 \u00e0 Lima - La Sentinelle","isPartOf":{"@id":"https:\/\/lasentinelle.dz\/#website"},"primaryImageOfPage":{"@id":"https:\/\/lasentinelle.dz\/index.php\/2023\/01\/15\/manifestations-au-perou-letat-durgence-decrete-a-lima\/#primaryimage"},"image":{"@id":"https:\/\/lasentinelle.dz\/index.php\/2023\/01\/15\/manifestations-au-perou-letat-durgence-decrete-a-lima\/#primaryimage"},"thumbnailUrl":"https:\/\/lasentinelle.dz\/wp-content\/uploads\/2023\/01\/image_2023-01-15_173722741.png","datePublished":"2023-01-15T21:00:00+00:00","breadcrumb":{"@id":"https:\/\/lasentinelle.dz\/index.php\/2023\/01\/15\/manifestations-au-perou-letat-durgence-decrete-a-lima\/#breadcrumb"},"inLanguage":"fr-FR","potentialAction":[{"@type":"ReadAction","target":["https:\/\/lasentinelle.dz\/index.php\/2023\/01\/15\/manifestations-au-perou-letat-durgence-decrete-a-lima\/"]}]},{"@type":"ImageObject","inLanguage":"fr-FR","@id":"https:\/\/lasentinelle.dz\/index.php\/2023\/01\/15\/manifestations-au-perou-letat-durgence-decrete-a-lima\/#primaryimage","url":"https:\/\/lasentinelle.dz\/wp-content\/uploads\/2023\/01\/image_2023-01-15_173722741.png","contentUrl":"https:\/\/lasentinelle.dz\/wp-content\/uploads\/2023\/01\/image_2023-01-15_173722741.png","width":310,"height":163},{"@type":"BreadcrumbList","@id":"https:\/\/lasentinelle.dz\/index.php\/2023\/01\/15\/manifestations-au-perou-letat-durgence-decrete-a-lima\/#breadcrumb","itemListElement":[{"@type":"ListItem","position":1,"name":"Accueil","item":"https:\/\/lasentinelle.dz\/"},{"@type":"ListItem","position":2,"name":"Manifestations au P\u00e9rou\u00a0: L\u2019\u00e9tat d&rsquo;urgence d\u00e9cr\u00e9t\u00e9 \u00e0 Lima"}]},{"@type":"WebSite","@id":"https:\/\/lasentinelle.dz\/#website","url":"https:\/\/lasentinelle.dz\/","name":"La Sentinelle","description":"Quotidien national d&#039;information","publisher":{"@id":"https:\/\/lasentinelle.dz\/#organization"},"potentialAction":[{"@type":"SearchAction","target":{"@type":"EntryPoint","urlTemplate":"https:\/\/lasentinelle.dz\/?s={search_term_string}"},"query-input":{"@type":"PropertyValueSpecification","valueRequired":true,"valueName":"search_term_string"}}],"inLanguage":"fr-FR"},{"@type":"Organization","@id":"https:\/\/lasentinelle.dz\/#organization","name":"Quotidien La Sentinelle","url":"https:\/\/lasentinelle.dz\/","logo":{"@type":"ImageObject","inLanguage":"fr-FR","@id":"https:\/\/lasentinelle.dz\/#\/schema\/logo\/image\/","url":"https:\/\/lasentinelle.dz\/wp-content\/uploads\/2021\/09\/logo-sentinelleSLOGAN-1.png","contentUrl":"https:\/\/lasentinelle.dz\/wp-content\/uploads\/2021\/09\/logo-sentinelleSLOGAN-1.png","width":615,"height":142,"caption":"Quotidien La Sentinelle"},"image":{"@id":"https:\/\/lasentinelle.dz\/#\/schema\/logo\/image\/"},"sameAs":["https:\/\/www.facebook.com\/La-Sentinelle-104059864394773"]},{"@type":"Person","@id":"https:\/\/lasentinelle.dz\/#\/schema\/person\/d865044e22e70a75174ce8bcad3acfb3","name":"La Sentinelle","image":{"@type":"ImageObject","inLanguage":"fr-FR","@id":"https:\/\/secure.gravatar.com\/avatar\/57de8e5d4b15d43fb361a71fbb36338450fe67865b528a43dd10ef7c51a20392?s=96&d=mm&r=g","url":"https:\/\/secure.gravatar.com\/avatar\/57de8e5d4b15d43fb361a71fbb36338450fe67865b528a43dd10ef7c51a20392?s=96&d=mm&r=g","contentUrl":"https:\/\/secure.gravatar.com\/avatar\/57de8e5d4b15d43fb361a71fbb36338450fe67865b528a43dd10ef7c51a20392?s=96&d=mm&r=g","caption":"La Sentinelle"},"sameAs":["http:\/\/www.lasentinelle.dz"],"url":"https:\/\/lasentinelle.dz\/author\/redaction\/"}]}},"_links":{"self":[{"href":"https:\/\/lasentinelle.dz\/index.php\/wp-json\/wp\/v2\/posts\/34150","targetHints":{"allow":["GET"]}}],"collection":[{"href":"https:\/\/lasentinelle.dz\/index.php\/wp-json\/wp\/v2\/posts"}],"about":[{"href":"https:\/\/lasentinelle.dz\/index.php\/wp-json\/wp\/v2\/types\/post"}],"author":[{"embeddable":true,"href":"https:\/\/lasentinelle.dz\/index.php\/wp-json\/wp\/v2\/users\/3"}],"replies":[{"embeddable":true,"href":"https:\/\/lasentinelle.dz\/index.php\/wp-json\/wp\/v2\/comments?post=34150"}],"version-history":[{"count":1,"href":"https:\/\/lasentinelle.dz\/index.php\/wp-json\/wp\/v2\/posts\/34150\/revisions"}],"predecessor-version":[{"id":34171,"href":"https:\/\/lasentinelle.dz\/index.php\/wp-json\/wp\/v2\/posts\/34150\/revisions\/34171"}],"wp:featuredmedia":[{"embeddable":true,"href":"https:\/\/lasentinelle.dz\/index.php\/wp-json\/wp\/v2\/media\/34170"}],"wp:attachment":[{"href":"https:\/\/lasentinelle.dz\/index.php\/wp-json\/wp\/v2\/media?parent=34150"}],"wp:term":[{"taxonomy":"category","embeddable":true,"href":"https:\/\/lasentinelle.dz\/index.php\/wp-json\/wp\/v2\/categories?post=34150"},{"taxonomy":"post_tag","embeddable":true,"href":"https:\/\/lasentinelle.dz\/index.php\/wp-json\/wp\/v2\/tags?post=34150"}],"curies":[{"name":"wp","href":"https:\/\/api.w.org\/{rel}","templated":true}]}}