{"id":34151,"date":"2023-01-15T22:00:00","date_gmt":"2023-01-15T21:00:00","guid":{"rendered":"https:\/\/lasentinelle.dz\/?p=34151"},"modified":"2023-01-15T17:39:22","modified_gmt":"2023-01-15T16:39:22","slug":"nepal-au-moins-67-morts-dans-le-crash-dun-avion","status":"publish","type":"post","link":"https:\/\/lasentinelle.dz\/index.php\/2023\/01\/15\/nepal-au-moins-67-morts-dans-le-crash-dun-avion\/","title":{"rendered":"N\u00e9pal\u00a0: Au moins 67 morts dans le crash d&rsquo;un avion"},"content":{"rendered":"\n<p>Au moins 67 personnes sont mortes dimanche au N\u00e9pal, selon la police, dans la catastrophe a\u00e9rienne la plus meurtri\u00e8re en trois d\u00e9cennies dans ce pays himalayen. \u00ab31 (corps) ont \u00e9t\u00e9 transport\u00e9s dans les h\u00f4pitaux\u00bb, a d\u00e9clar\u00e9 l&rsquo;officier de police AK Chhetri \u00e0 la presse, ajoutant que 36 autres d\u00e9pouilles avaient \u00e9t\u00e9 trouv\u00e9es dans le profond ravin o\u00f9 s&rsquo;est \u00e9cras\u00e9 l&rsquo;avion.&nbsp; \u00abL&rsquo;avion s&rsquo;est \u00e9cras\u00e9 dans des gorges\u00bb o\u00f9 les recherches de corps sont \u00abdifficiles\u00bb, a d\u00e9clar\u00e9 un porte-parole de l&rsquo;arm\u00e9e, Krishna Prasad Bhandari. \u00abAucun survivant n&rsquo;a \u00e9t\u00e9 trouv\u00e9 pour l&rsquo;instant\u00bb, a-t-il pr\u00e9cis\u00e9, soulignant que les secours se poursuivaient. L&rsquo;avion de la compagnie a\u00e9rienne Yeti Airlines en provenance de la capitale n\u00e9palaise Katmandou s&rsquo;est \u00e9cras\u00e9 hier matin peu avant 11 heures (5h15 GMT) pr\u00e8s de l&rsquo;a\u00e9roport local de Pokhara, au centre du N\u00e9pal, o\u00f9 il devait atterrir. Cette ville est une porte d&rsquo;entr\u00e9e pour les p\u00e8lerins religieux et les trekkeurs du monde entier. La carcasse de l&rsquo;appareil en feu a \u00e9t\u00e9 retrouv\u00e9e dans un ravin profond entre cet ancien a\u00e9roport cr\u00e9\u00e9 en 1958, et le nouveau terminal international de Pokhara ouvert le 1er janvier dernier. L&rsquo;appareil bimoteur transportait 72 personnes &#8211; 68 passagers et quatre membres d&rsquo;\u00e9quipage, a rapport\u00e9 Sudarshan Bartaula, porte-parole de la compagnie. Parmi eux, figuraient 15 ressortissants \u00e9trangers. Les sauveteurs arrosaient hier les morceaux du bimoteur ATR 72 pour \u00e9teindre le feu, au milieu des d\u00e9bris de l&rsquo;appareil, ont constat\u00e9 des journalistes de l&rsquo;AFP. Une vid\u00e9o partag\u00e9e sur les r\u00e9seaux sociaux montrait des dizaines de personnes mass\u00e9es tout autour d&rsquo;un immense brasier, d\u00e9gageant un \u00e9pais nuage de fum\u00e9e noire, au fond d&rsquo;un ravin dont la v\u00e9g\u00e9tation \u00e9tait d\u00e9j\u00e0 r\u00e9duite en cendres. C&rsquo;est la catastrophe a\u00e9rienne la plus meurtri\u00e8re en trois d\u00e9cennies au N\u00e9pal. En 1992, 167 personnes \u00e0 bord d&rsquo;un avion de Pakistan International Airlines avaient p\u00e9ri dans un crash \u00e0 l&rsquo;approche de Katmandou. Deux mois plus t\u00f4t, un accident de la Thai Airways avait fait 113 morts pr\u00e8s du m\u00eame a\u00e9roport. L&rsquo;industrie a\u00e9rienne n\u00e9palaise a connu un v\u00e9ritable essor ces derni\u00e8res ann\u00e9es, transportant des marchandises et des personnes dans des r\u00e9gions difficiles d&rsquo;acc\u00e8s, ainsi que des randonneurs venus faire du trekking et des alpinistes \u00e9trangers. Mais elle a souffert d&rsquo;un manque de s\u00e9curit\u00e9 d\u00fb \u00e0 une formation des pilotes et une maintenance insuffisantes. L&rsquo;Union europ\u00e9enne a interdit \u00e0 tous les transporteurs n\u00e9palais d&rsquo;acc\u00e9der \u00e0 son espace a\u00e9rien pour des raisons de s\u00e9curit\u00e9. Le pays himalayen poss\u00e8de \u00e9galement certaines des pistes les plus isol\u00e9es et les plus d\u00e9licates du monde, flanqu\u00e9es de pics enneig\u00e9s dont l&rsquo;approche constitue un d\u00e9fi m\u00eame pour les pilotes chevronn\u00e9s. En mai 2022, les 22 personnes qui se trouvaient \u00e0 bord d&rsquo;un bimoteur Twin Otter exploit\u00e9 par la compagnie n\u00e9palaise Tara Air &#8211; 16 N\u00e9palais, quatre Indiens et deux Allemands &#8211; \u00e9taient mortes lorsque l&rsquo;appareil s&rsquo;\u00e9tait \u00e9cras\u00e9, peu apr\u00e8s son d\u00e9collage de Pokhara. Son \u00e9pave avait \u00e9t\u00e9 retrouv\u00e9e un jour plus tard, sur le flanc d&rsquo;une montagne \u00e0 une altitude d&rsquo;environ 4400 m\u00e8tres. Apr\u00e8s ce crash, les autorit\u00e9s ont renforc\u00e9 les r\u00e9glementations, notamment pour que les avions ne soient autoris\u00e9s \u00e0 voler uniquement si les pr\u00e9visions m\u00e9t\u00e9orologiques sont favorables tout au long du trajet.<\/p>\n\n\n\n<p>Agences<\/p>\n","protected":false},"excerpt":{"rendered":"<p>Au moins 67 personnes sont mortes dimanche au N\u00e9pal, selon la police, dans la catastrophe a\u00e9rienne la plus meurtri\u00e8re en<\/p>\n","protected":false},"author":3,"featured_media":34178,"comment_status":"open","ping_status":"closed","sticky":false,"template":"","format":"standard","meta":{"colormag_page_container_layout":"default_layout","colormag_page_sidebar_layout":"default_layout","om_disable_all_campaigns":false,"_monsterinsights_skip_tracking":false,"_monsterinsights_sitenote_active":false,"_monsterinsights_sitenote_note":"","_monsterinsights_sitenote_category":0,"footnotes":"","_wpscppro_dont_share_socialmedia":false,"_wpscppro_custom_social_share_image":0,"_facebook_share_type":"","_twitter_share_type":"","_linkedin_share_type":"","_pinterest_share_type":"","_linkedin_share_type_page":"","_instagram_share_type":"","_medium_share_type":"","_threads_share_type":"","_google_business_share_type":"","_selected_social_profile":[],"_wpsp_enable_custom_social_template":false,"_wpsp_social_scheduling":{"enabled":false,"datetime":null,"platforms":[],"status":"template_only","dateOption":"today","timeOption":"now","customDays":"","customHours":"","customDate":"","customTime":"","schedulingType":"absolute"},"_wpsp_active_default_template":true},"categories":[37],"tags":[],"class_list":["post-34151","post","type-post","status-publish","format-standard","has-post-thumbnail","hentry","category-monde"],"aioseo_notices":[],"yoast_head":"<!-- This site is optimized with the Yoast SEO plugin v27.4 - https:\/\/yoast.com\/product\/yoast-seo-wordpress\/ -->\n<title>N\u00e9pal\u00a0: Au moins 67 morts dans le crash d&rsquo;un avion - La Sentinelle<\/title>\n<meta name=\"robots\" content=\"index, follow, max-snippet:-1, max-image-preview:large, max-video-preview:-1\" \/>\n<link rel=\"canonical\" href=\"https:\/\/lasentinelle.dz\/index.php\/2023\/01\/15\/nepal-au-moins-67-morts-dans-le-crash-dun-avion\/\" \/>\n<meta property=\"og:locale\" content=\"fr_FR\" \/>\n<meta property=\"og:type\" content=\"article\" \/>\n<meta property=\"og:title\" content=\"N\u00e9pal\u00a0: Au moins 67 morts dans le crash d&rsquo;un avion - La Sentinelle\" \/>\n<meta property=\"og:description\" content=\"Au moins 67 personnes sont mortes dimanche au N\u00e9pal, selon la police, dans la catastrophe a\u00e9rienne la plus meurtri\u00e8re en\" \/>\n<meta property=\"og:url\" content=\"https:\/\/lasentinelle.dz\/index.php\/2023\/01\/15\/nepal-au-moins-67-morts-dans-le-crash-dun-avion\/\" \/>\n<meta property=\"og:site_name\" content=\"La Sentinelle\" \/>\n<meta property=\"article:publisher\" content=\"https:\/\/www.facebook.com\/La-Sentinelle-104059864394773\" \/>\n<meta property=\"article:published_time\" content=\"2023-01-15T21:00:00+00:00\" \/>\n<meta property=\"og:image\" content=\"https:\/\/lasentinelle.dz\/wp-content\/uploads\/2023\/01\/image_2023-01-15_173801163.png\" \/>\n\t<meta property=\"og:image:width\" content=\"864\" \/>\n\t<meta property=\"og:image:height\" content=\"486\" \/>\n\t<meta property=\"og:image:type\" content=\"image\/png\" \/>\n<meta name=\"author\" content=\"La Sentinelle\" \/>\n<meta name=\"twitter:card\" content=\"summary_large_image\" \/>\n<meta name=\"twitter:label1\" content=\"\u00c9crit par\" \/>\n\t<meta name=\"twitter:data1\" content=\"La Sentinelle\" \/>\n\t<meta name=\"twitter:label2\" content=\"Dur\u00e9e de lecture estim\u00e9e\" \/>\n\t<meta name=\"twitter:data2\" content=\"3 minutes\" \/>\n<script type=\"application\/ld+json\" class=\"yoast-schema-graph\">{\"@context\":\"https:\\\/\\\/schema.org\",\"@graph\":[{\"@type\":\"Article\",\"@id\":\"https:\\\/\\\/lasentinelle.dz\\\/index.php\\\/2023\\\/01\\\/15\\\/nepal-au-moins-67-morts-dans-le-crash-dun-avion\\\/#article\",\"isPartOf\":{\"@id\":\"https:\\\/\\\/lasentinelle.dz\\\/index.php\\\/2023\\\/01\\\/15\\\/nepal-au-moins-67-morts-dans-le-crash-dun-avion\\\/\"},\"author\":{\"name\":\"La Sentinelle\",\"@id\":\"https:\\\/\\\/lasentinelle.dz\\\/#\\\/schema\\\/person\\\/d865044e22e70a75174ce8bcad3acfb3\"},\"headline\":\"N\u00e9pal\u00a0: Au moins 67 morts dans le crash d&rsquo;un avion\",\"datePublished\":\"2023-01-15T21:00:00+00:00\",\"mainEntityOfPage\":{\"@id\":\"https:\\\/\\\/lasentinelle.dz\\\/index.php\\\/2023\\\/01\\\/15\\\/nepal-au-moins-67-morts-dans-le-crash-dun-avion\\\/\"},\"wordCount\":616,\"commentCount\":0,\"publisher\":{\"@id\":\"https:\\\/\\\/lasentinelle.dz\\\/#organization\"},\"image\":{\"@id\":\"https:\\\/\\\/lasentinelle.dz\\\/index.php\\\/2023\\\/01\\\/15\\\/nepal-au-moins-67-morts-dans-le-crash-dun-avion\\\/#primaryimage\"},\"thumbnailUrl\":\"https:\\\/\\\/lasentinelle.dz\\\/wp-content\\\/uploads\\\/2023\\\/01\\\/image_2023-01-15_173801163.png\",\"articleSection\":[\"Monde\"],\"inLanguage\":\"fr-FR\",\"potentialAction\":[{\"@type\":\"CommentAction\",\"name\":\"Comment\",\"target\":[\"https:\\\/\\\/lasentinelle.dz\\\/index.php\\\/2023\\\/01\\\/15\\\/nepal-au-moins-67-morts-dans-le-crash-dun-avion\\\/#respond\"]}]},{\"@type\":\"WebPage\",\"@id\":\"https:\\\/\\\/lasentinelle.dz\\\/index.php\\\/2023\\\/01\\\/15\\\/nepal-au-moins-67-morts-dans-le-crash-dun-avion\\\/\",\"url\":\"https:\\\/\\\/lasentinelle.dz\\\/index.php\\\/2023\\\/01\\\/15\\\/nepal-au-moins-67-morts-dans-le-crash-dun-avion\\\/\",\"name\":\"N\u00e9pal\u00a0: Au moins 67 morts dans le crash d&rsquo;un avion - La Sentinelle\",\"isPartOf\":{\"@id\":\"https:\\\/\\\/lasentinelle.dz\\\/#website\"},\"primaryImageOfPage\":{\"@id\":\"https:\\\/\\\/lasentinelle.dz\\\/index.php\\\/2023\\\/01\\\/15\\\/nepal-au-moins-67-morts-dans-le-crash-dun-avion\\\/#primaryimage\"},\"image\":{\"@id\":\"https:\\\/\\\/lasentinelle.dz\\\/index.php\\\/2023\\\/01\\\/15\\\/nepal-au-moins-67-morts-dans-le-crash-dun-avion\\\/#primaryimage\"},\"thumbnailUrl\":\"https:\\\/\\\/lasentinelle.dz\\\/wp-content\\\/uploads\\\/2023\\\/01\\\/image_2023-01-15_173801163.png\",\"datePublished\":\"2023-01-15T21:00:00+00:00\",\"breadcrumb\":{\"@id\":\"https:\\\/\\\/lasentinelle.dz\\\/index.php\\\/2023\\\/01\\\/15\\\/nepal-au-moins-67-morts-dans-le-crash-dun-avion\\\/#breadcrumb\"},\"inLanguage\":\"fr-FR\",\"potentialAction\":[{\"@type\":\"ReadAction\",\"target\":[\"https:\\\/\\\/lasentinelle.dz\\\/index.php\\\/2023\\\/01\\\/15\\\/nepal-au-moins-67-morts-dans-le-crash-dun-avion\\\/\"]}]},{\"@type\":\"ImageObject\",\"inLanguage\":\"fr-FR\",\"@id\":\"https:\\\/\\\/lasentinelle.dz\\\/index.php\\\/2023\\\/01\\\/15\\\/nepal-au-moins-67-morts-dans-le-crash-dun-avion\\\/#primaryimage\",\"url\":\"https:\\\/\\\/lasentinelle.dz\\\/wp-content\\\/uploads\\\/2023\\\/01\\\/image_2023-01-15_173801163.png\",\"contentUrl\":\"https:\\\/\\\/lasentinelle.dz\\\/wp-content\\\/uploads\\\/2023\\\/01\\\/image_2023-01-15_173801163.png\",\"width\":864,\"height\":486},{\"@type\":\"BreadcrumbList\",\"@id\":\"https:\\\/\\\/lasentinelle.dz\\\/index.php\\\/2023\\\/01\\\/15\\\/nepal-au-moins-67-morts-dans-le-crash-dun-avion\\\/#breadcrumb\",\"itemListElement\":[{\"@type\":\"ListItem\",\"position\":1,\"name\":\"Accueil\",\"item\":\"https:\\\/\\\/lasentinelle.dz\\\/\"},{\"@type\":\"ListItem\",\"position\":2,\"name\":\"N\u00e9pal\u00a0: Au moins 67 morts dans le crash d&rsquo;un avion\"}]},{\"@type\":\"WebSite\",\"@id\":\"https:\\\/\\\/lasentinelle.dz\\\/#website\",\"url\":\"https:\\\/\\\/lasentinelle.dz\\\/\",\"name\":\"La Sentinelle\",\"description\":\"Quotidien national d&#039;information\",\"publisher\":{\"@id\":\"https:\\\/\\\/lasentinelle.dz\\\/#organization\"},\"potentialAction\":[{\"@type\":\"SearchAction\",\"target\":{\"@type\":\"EntryPoint\",\"urlTemplate\":\"https:\\\/\\\/lasentinelle.dz\\\/?s={search_term_string}\"},\"query-input\":{\"@type\":\"PropertyValueSpecification\",\"valueRequired\":true,\"valueName\":\"search_term_string\"}}],\"inLanguage\":\"fr-FR\"},{\"@type\":\"Organization\",\"@id\":\"https:\\\/\\\/lasentinelle.dz\\\/#organization\",\"name\":\"Quotidien La Sentinelle\",\"url\":\"https:\\\/\\\/lasentinelle.dz\\\/\",\"logo\":{\"@type\":\"ImageObject\",\"inLanguage\":\"fr-FR\",\"@id\":\"https:\\\/\\\/lasentinelle.dz\\\/#\\\/schema\\\/logo\\\/image\\\/\",\"url\":\"https:\\\/\\\/lasentinelle.dz\\\/wp-content\\\/uploads\\\/2021\\\/09\\\/logo-sentinelleSLOGAN-1.png\",\"contentUrl\":\"https:\\\/\\\/lasentinelle.dz\\\/wp-content\\\/uploads\\\/2021\\\/09\\\/logo-sentinelleSLOGAN-1.png\",\"width\":615,\"height\":142,\"caption\":\"Quotidien La Sentinelle\"},\"image\":{\"@id\":\"https:\\\/\\\/lasentinelle.dz\\\/#\\\/schema\\\/logo\\\/image\\\/\"},\"sameAs\":[\"https:\\\/\\\/www.facebook.com\\\/La-Sentinelle-104059864394773\"]},{\"@type\":\"Person\",\"@id\":\"https:\\\/\\\/lasentinelle.dz\\\/#\\\/schema\\\/person\\\/d865044e22e70a75174ce8bcad3acfb3\",\"name\":\"La Sentinelle\",\"image\":{\"@type\":\"ImageObject\",\"inLanguage\":\"fr-FR\",\"@id\":\"https:\\\/\\\/secure.gravatar.com\\\/avatar\\\/57de8e5d4b15d43fb361a71fbb36338450fe67865b528a43dd10ef7c51a20392?s=96&d=mm&r=g\",\"url\":\"https:\\\/\\\/secure.gravatar.com\\\/avatar\\\/57de8e5d4b15d43fb361a71fbb36338450fe67865b528a43dd10ef7c51a20392?s=96&d=mm&r=g\",\"contentUrl\":\"https:\\\/\\\/secure.gravatar.com\\\/avatar\\\/57de8e5d4b15d43fb361a71fbb36338450fe67865b528a43dd10ef7c51a20392?s=96&d=mm&r=g\",\"caption\":\"La Sentinelle\"},\"sameAs\":[\"http:\\\/\\\/www.lasentinelle.dz\"],\"url\":\"https:\\\/\\\/lasentinelle.dz\\\/author\\\/redaction\\\/\"}]}<\/script>\n<!-- \/ Yoast SEO plugin. -->","yoast_head_json":{"title":"N\u00e9pal\u00a0: Au moins 67 morts dans le crash d&rsquo;un avion - La Sentinelle","robots":{"index":"index","follow":"follow","max-snippet":"max-snippet:-1","max-image-preview":"max-image-preview:large","max-video-preview":"max-video-preview:-1"},"canonical":"https:\/\/lasentinelle.dz\/index.php\/2023\/01\/15\/nepal-au-moins-67-morts-dans-le-crash-dun-avion\/","og_locale":"fr_FR","og_type":"article","og_title":"N\u00e9pal\u00a0: Au moins 67 morts dans le crash d&rsquo;un avion - La Sentinelle","og_description":"Au moins 67 personnes sont mortes dimanche au N\u00e9pal, selon la police, dans la catastrophe a\u00e9rienne la plus meurtri\u00e8re en","og_url":"https:\/\/lasentinelle.dz\/index.php\/2023\/01\/15\/nepal-au-moins-67-morts-dans-le-crash-dun-avion\/","og_site_name":"La Sentinelle","article_publisher":"https:\/\/www.facebook.com\/La-Sentinelle-104059864394773","article_published_time":"2023-01-15T21:00:00+00:00","og_image":[{"width":864,"height":486,"url":"https:\/\/lasentinelle.dz\/wp-content\/uploads\/2023\/01\/image_2023-01-15_173801163.png","type":"image\/png"}],"author":"La Sentinelle","twitter_card":"summary_large_image","twitter_misc":{"\u00c9crit par":"La Sentinelle","Dur\u00e9e de lecture estim\u00e9e":"3 minutes"},"schema":{"@context":"https:\/\/schema.org","@graph":[{"@type":"Article","@id":"https:\/\/lasentinelle.dz\/index.php\/2023\/01\/15\/nepal-au-moins-67-morts-dans-le-crash-dun-avion\/#article","isPartOf":{"@id":"https:\/\/lasentinelle.dz\/index.php\/2023\/01\/15\/nepal-au-moins-67-morts-dans-le-crash-dun-avion\/"},"author":{"name":"La Sentinelle","@id":"https:\/\/lasentinelle.dz\/#\/schema\/person\/d865044e22e70a75174ce8bcad3acfb3"},"headline":"N\u00e9pal\u00a0: Au moins 67 morts dans le crash d&rsquo;un avion","datePublished":"2023-01-15T21:00:00+00:00","mainEntityOfPage":{"@id":"https:\/\/lasentinelle.dz\/index.php\/2023\/01\/15\/nepal-au-moins-67-morts-dans-le-crash-dun-avion\/"},"wordCount":616,"commentCount":0,"publisher":{"@id":"https:\/\/lasentinelle.dz\/#organization"},"image":{"@id":"https:\/\/lasentinelle.dz\/index.php\/2023\/01\/15\/nepal-au-moins-67-morts-dans-le-crash-dun-avion\/#primaryimage"},"thumbnailUrl":"https:\/\/lasentinelle.dz\/wp-content\/uploads\/2023\/01\/image_2023-01-15_173801163.png","articleSection":["Monde"],"inLanguage":"fr-FR","potentialAction":[{"@type":"CommentAction","name":"Comment","target":["https:\/\/lasentinelle.dz\/index.php\/2023\/01\/15\/nepal-au-moins-67-morts-dans-le-crash-dun-avion\/#respond"]}]},{"@type":"WebPage","@id":"https:\/\/lasentinelle.dz\/index.php\/2023\/01\/15\/nepal-au-moins-67-morts-dans-le-crash-dun-avion\/","url":"https:\/\/lasentinelle.dz\/index.php\/2023\/01\/15\/nepal-au-moins-67-morts-dans-le-crash-dun-avion\/","name":"N\u00e9pal\u00a0: Au moins 67 morts dans le crash d&rsquo;un avion - La Sentinelle","isPartOf":{"@id":"https:\/\/lasentinelle.dz\/#website"},"primaryImageOfPage":{"@id":"https:\/\/lasentinelle.dz\/index.php\/2023\/01\/15\/nepal-au-moins-67-morts-dans-le-crash-dun-avion\/#primaryimage"},"image":{"@id":"https:\/\/lasentinelle.dz\/index.php\/2023\/01\/15\/nepal-au-moins-67-morts-dans-le-crash-dun-avion\/#primaryimage"},"thumbnailUrl":"https:\/\/lasentinelle.dz\/wp-content\/uploads\/2023\/01\/image_2023-01-15_173801163.png","datePublished":"2023-01-15T21:00:00+00:00","breadcrumb":{"@id":"https:\/\/lasentinelle.dz\/index.php\/2023\/01\/15\/nepal-au-moins-67-morts-dans-le-crash-dun-avion\/#breadcrumb"},"inLanguage":"fr-FR","potentialAction":[{"@type":"ReadAction","target":["https:\/\/lasentinelle.dz\/index.php\/2023\/01\/15\/nepal-au-moins-67-morts-dans-le-crash-dun-avion\/"]}]},{"@type":"ImageObject","inLanguage":"fr-FR","@id":"https:\/\/lasentinelle.dz\/index.php\/2023\/01\/15\/nepal-au-moins-67-morts-dans-le-crash-dun-avion\/#primaryimage","url":"https:\/\/lasentinelle.dz\/wp-content\/uploads\/2023\/01\/image_2023-01-15_173801163.png","contentUrl":"https:\/\/lasentinelle.dz\/wp-content\/uploads\/2023\/01\/image_2023-01-15_173801163.png","width":864,"height":486},{"@type":"BreadcrumbList","@id":"https:\/\/lasentinelle.dz\/index.php\/2023\/01\/15\/nepal-au-moins-67-morts-dans-le-crash-dun-avion\/#breadcrumb","itemListElement":[{"@type":"ListItem","position":1,"name":"Accueil","item":"https:\/\/lasentinelle.dz\/"},{"@type":"ListItem","position":2,"name":"N\u00e9pal\u00a0: Au moins 67 morts dans le crash d&rsquo;un avion"}]},{"@type":"WebSite","@id":"https:\/\/lasentinelle.dz\/#website","url":"https:\/\/lasentinelle.dz\/","name":"La Sentinelle","description":"Quotidien national d&#039;information","publisher":{"@id":"https:\/\/lasentinelle.dz\/#organization"},"potentialAction":[{"@type":"SearchAction","target":{"@type":"EntryPoint","urlTemplate":"https:\/\/lasentinelle.dz\/?s={search_term_string}"},"query-input":{"@type":"PropertyValueSpecification","valueRequired":true,"valueName":"search_term_string"}}],"inLanguage":"fr-FR"},{"@type":"Organization","@id":"https:\/\/lasentinelle.dz\/#organization","name":"Quotidien La Sentinelle","url":"https:\/\/lasentinelle.dz\/","logo":{"@type":"ImageObject","inLanguage":"fr-FR","@id":"https:\/\/lasentinelle.dz\/#\/schema\/logo\/image\/","url":"https:\/\/lasentinelle.dz\/wp-content\/uploads\/2021\/09\/logo-sentinelleSLOGAN-1.png","contentUrl":"https:\/\/lasentinelle.dz\/wp-content\/uploads\/2021\/09\/logo-sentinelleSLOGAN-1.png","width":615,"height":142,"caption":"Quotidien La Sentinelle"},"image":{"@id":"https:\/\/lasentinelle.dz\/#\/schema\/logo\/image\/"},"sameAs":["https:\/\/www.facebook.com\/La-Sentinelle-104059864394773"]},{"@type":"Person","@id":"https:\/\/lasentinelle.dz\/#\/schema\/person\/d865044e22e70a75174ce8bcad3acfb3","name":"La Sentinelle","image":{"@type":"ImageObject","inLanguage":"fr-FR","@id":"https:\/\/secure.gravatar.com\/avatar\/57de8e5d4b15d43fb361a71fbb36338450fe67865b528a43dd10ef7c51a20392?s=96&d=mm&r=g","url":"https:\/\/secure.gravatar.com\/avatar\/57de8e5d4b15d43fb361a71fbb36338450fe67865b528a43dd10ef7c51a20392?s=96&d=mm&r=g","contentUrl":"https:\/\/secure.gravatar.com\/avatar\/57de8e5d4b15d43fb361a71fbb36338450fe67865b528a43dd10ef7c51a20392?s=96&d=mm&r=g","caption":"La Sentinelle"},"sameAs":["http:\/\/www.lasentinelle.dz"],"url":"https:\/\/lasentinelle.dz\/author\/redaction\/"}]}},"_links":{"self":[{"href":"https:\/\/lasentinelle.dz\/index.php\/wp-json\/wp\/v2\/posts\/34151","targetHints":{"allow":["GET"]}}],"collection":[{"href":"https:\/\/lasentinelle.dz\/index.php\/wp-json\/wp\/v2\/posts"}],"about":[{"href":"https:\/\/lasentinelle.dz\/index.php\/wp-json\/wp\/v2\/types\/post"}],"author":[{"embeddable":true,"href":"https:\/\/lasentinelle.dz\/index.php\/wp-json\/wp\/v2\/users\/3"}],"replies":[{"embeddable":true,"href":"https:\/\/lasentinelle.dz\/index.php\/wp-json\/wp\/v2\/comments?post=34151"}],"version-history":[{"count":1,"href":"https:\/\/lasentinelle.dz\/index.php\/wp-json\/wp\/v2\/posts\/34151\/revisions"}],"predecessor-version":[{"id":34181,"href":"https:\/\/lasentinelle.dz\/index.php\/wp-json\/wp\/v2\/posts\/34151\/revisions\/34181"}],"wp:featuredmedia":[{"embeddable":true,"href":"https:\/\/lasentinelle.dz\/index.php\/wp-json\/wp\/v2\/media\/34178"}],"wp:attachment":[{"href":"https:\/\/lasentinelle.dz\/index.php\/wp-json\/wp\/v2\/media?parent=34151"}],"wp:term":[{"taxonomy":"category","embeddable":true,"href":"https:\/\/lasentinelle.dz\/index.php\/wp-json\/wp\/v2\/categories?post=34151"},{"taxonomy":"post_tag","embeddable":true,"href":"https:\/\/lasentinelle.dz\/index.php\/wp-json\/wp\/v2\/tags?post=34151"}],"curies":[{"name":"wp","href":"https:\/\/api.w.org\/{rel}","templated":true}]}}