{"id":34214,"date":"2023-01-15T22:08:00","date_gmt":"2023-01-15T21:08:00","guid":{"rendered":"https:\/\/lasentinelle.dz\/?p=34214"},"modified":"2023-01-15T21:38:03","modified_gmt":"2023-01-15T20:38:03","slug":"mesures-daccompagnement-pour-lexportation-des-biens-et-des-services-le-gouvernement-franchit-un-autre-pas","status":"publish","type":"post","link":"https:\/\/lasentinelle.dz\/index.php\/2023\/01\/15\/mesures-daccompagnement-pour-lexportation-des-biens-et-des-services-le-gouvernement-franchit-un-autre-pas\/","title":{"rendered":"Mesures d\u2019accompagnement pour l\u2019exportation des biens et des services\u00a0: Le Gouvernement franchit un autre pas"},"content":{"rendered":"\n<p>Une batterie de mesures de facilitation a \u00e9t\u00e9 prise par la DGI au profit des entreprises exportatrices de biens et de services, avec la mise en place d\u2019une proc\u00e9dure simplifi\u00e9e r\u00e9serv\u00e9e au traitement des demandes introduites par ces entreprises qui, \u00e0 travers une plateforme \u00e9lectronique, pourraient m\u00eame faire part des difficult\u00e9s \u00e9ventuellement rencontr\u00e9es.<\/p>\n\n\n\n<p>Bonne nouvelle pour les entreprises exportatrices de biens et de services. En effet, le minist\u00e8re des Finances vient de franchir un pas important, par le biais de la Direction g\u00e9n\u00e9rale des Imp\u00f4ts (DGI), pour d\u00e9bureaucratiser les proc\u00e9dures d\u2019exportation en d\u00e9ployant des mesures plus souples pour concr\u00e9tiser l\u2019objectif du Gouvernement qui compte doubler les recettes des exportations hors hydrocarbures en 2023, avec un objectif escompt\u00e9 de 15 milliards de dollars. C\u2019est ainsi qu\u2019une batterie de mesures de facilitation a \u00e9t\u00e9 prise par les services des imp\u00f4ts au profit des entreprises exportatrices, annon\u00e7ant dans un communiqu\u00e9, des proc\u00e9dures d\u2019accompagnement en faveur des entreprises r\u00e9alisant des op\u00e9rations d\u2019exportation de biens et de services. Il s\u2019agit, selon la m\u00eame source, de la mise en place d\u2019une proc\u00e9dure simplifi\u00e9e r\u00e9serv\u00e9e au traitement des demandes introduites par ces entreprises. Cette proc\u00e9dure simplifi\u00e9e concerne l\u2019agr\u00e9ment au r\u00e9gime des achats en franchise de la taxe sur la valeur-ajout\u00e9e (TVA), le remboursement des cr\u00e9dits de la TVA et de l\u2019avance financi\u00e8re de 30%, ainsi que les attestations de situation fiscale, en cas de transfert de fonds \u00e0 l\u2019\u00e9tranger en relation avec les op\u00e9rations d\u2019exportation, a d\u00e9taill\u00e9 la DGI. Par ailleurs, la DGI a mis \u00e0 la disposition de ces entreprises une adresse \u00e9lectronique afin de s\u2019informer, souligne le communiqu\u00e9, \u00ab dans les meilleurs d\u00e9lais, sur les proc\u00e9dures fiscales en relation avec l\u2019activit\u00e9 exerc\u00e9e et de faire part des difficult\u00e9s \u00e9ventuellement rencontr\u00e9es en la mati\u00e8re \u00bb. Un grand soulagement pour les entreprises nationales qui peinaient \u00e0 faire valoir leurs arguments au niveau des ports \u00e0 cause des lourdes proc\u00e9dures qui pr\u00e9valaient au niveau des services des imp\u00f4ts o\u00f9, souvent, les marchandises destin\u00e9es \u00e0 l\u2019exportation \u00e9taient assujetties \u00e0 l\u2019obligation de fournir toute une paperasse. Cette batterie de mesures intervient moins d\u2019un mois apr\u00e8s la Foire de la production alg\u00e9rienne (FPA) o\u00f9 le ministre du Commerce et de la Promotion des exportations avait organis\u00e9 une journ\u00e9e d\u2019\u00e9tude d\u00e9di\u00e9e aux ambassadeurs et aux repr\u00e9sentants du corps diplomatique accr\u00e9dit\u00e9 en Alg\u00e9rie pour aborder les perspectives de soutien et d\u2019accompagnement aux exportations hors-hydrocarbures \u00e0 tous les niveaux pour atteindre les objectifs assign\u00e9s aux entreprises et la concr\u00e9tiser la feuille de route du Gouvernement \u00e0 vouloir aller de l\u2019avant et doubler les recettes des exportations hors hydrocarbures en 2023. Cela va sans dire, ces mesures ne suffiront pas pour les op\u00e9rateurs \u00e9conomiques qui d\u00e9plorent le manque d\u2019engagement des banques dans cet accompagnement. Certes, beaucoup de mesures ont \u00e9t\u00e9 prises avec l\u2019ouverture des repr\u00e9sentations bancaires dans plusieurs capitales (Paris, Londres, Nouakchott, Dakar, Abidjan\u2026etc.) pour aider les op\u00e9rateurs \u00e0 rapatrier les devises. Reste le grand chantier de la Loi sur la monnaie et le cr\u00e9dit pour permettre aux entreprises d\u2019ouvrir ses repr\u00e9sentations dans tous les pays o\u00f9 elles exportent. En ce sens, l\u2019ouverture du d\u00e9bat sur cette loi au Parlement se fait attendre alors que le Conseil des ministres a approuv\u00e9, le 26 d\u00e9cembre dernier, le projet de r\u00e9vision de l\u2019ordonnance N\u00b0 03-11 du 26 ao\u00fbt 2003 relative \u00e0 la monnaie et au cr\u00e9dit, modifi\u00e9e et compl\u00e9t\u00e9e. Le lendemain, lors de l\u2019ouverture des travaux de la Conf\u00e9rence sur les d\u00e9fis futurs des banques centrales, organis\u00e9e \u00e0 l\u2019occasion de la c\u00e9l\u00e9bration du 60\u00e8me anniversaire de la cr\u00e9ation de la Banque d\u2019Alg\u00e9rie (BA), le Premier ministre, A\u00efmene Benabderrahmane, avait soulign\u00e9 \u00ab la prise de conscience \u00bb quant \u00e0 l\u2019importance d\u2019actualiser le cadre juridique du travail de la Banque d\u2019Alg\u00e9rie, \u00e0 travers la r\u00e9vision de ladite ordonnance pour mieux s\u2019adapter aux derniers d\u00e9veloppements et r\u00e9pondre aux exigences de la r\u00e9forme \u00e9conomique escompt\u00e9e qui am\u00e9liore la performance des entreprises. Ainsi, il s\u2019agira de mettre en place, selon le v\u0153u des op\u00e9rateurs, des banques sp\u00e9cialis\u00e9es avec des pr\u00eats attractifs pour faciliter les op\u00e9rations d\u2019exportation et des m\u00e9canismes souples pour juguler les difficult\u00e9s majeures auxquelles se heurtent souvent les exportateurs, notamment la question des transferts financiers, le rapatriement des fonds et le paiement des factures.<\/p>\n\n\n\n<p><strong>Riad Lamara<\/strong><\/p>\n","protected":false},"excerpt":{"rendered":"<p>Une batterie de mesures de facilitation a \u00e9t\u00e9 prise par la DGI au profit des entreprises exportatrices de biens et<\/p>\n","protected":false},"author":3,"featured_media":34215,"comment_status":"open","ping_status":"closed","sticky":false,"template":"","format":"standard","meta":{"colormag_page_container_layout":"default_layout","colormag_page_sidebar_layout":"default_layout","om_disable_all_campaigns":false,"_monsterinsights_skip_tracking":false,"_monsterinsights_sitenote_active":false,"_monsterinsights_sitenote_note":"","_monsterinsights_sitenote_category":0,"footnotes":"","_wpscppro_dont_share_socialmedia":false,"_wpscppro_custom_social_share_image":0,"_facebook_share_type":"","_twitter_share_type":"","_linkedin_share_type":"","_pinterest_share_type":"","_linkedin_share_type_page":"","_instagram_share_type":"","_medium_share_type":"","_threads_share_type":"","_google_business_share_type":"","_selected_social_profile":[],"_wpsp_enable_custom_social_template":false,"_wpsp_social_scheduling":{"enabled":false,"datetime":null,"platforms":[],"status":"template_only","dateOption":"today","timeOption":"now","customDays":"","customHours":"","customDate":"","customTime":"","schedulingType":"absolute"},"_wpsp_active_default_template":true},"categories":[52,29],"tags":[],"class_list":["post-34214","post","type-post","status-publish","format-standard","has-post-thumbnail","hentry","category-a-la-une","category-economie"],"aioseo_notices":[],"yoast_head":"<!-- This site is optimized with the Yoast SEO plugin v27.5 - https:\/\/yoast.com\/product\/yoast-seo-wordpress\/ -->\n<title>Mesures d\u2019accompagnement pour l\u2019exportation des biens et des services\u00a0: Le Gouvernement franchit un autre pas - La Sentinelle<\/title>\n<meta name=\"robots\" content=\"index, follow, max-snippet:-1, max-image-preview:large, max-video-preview:-1\" \/>\n<link rel=\"canonical\" href=\"https:\/\/lasentinelle.dz\/index.php\/2023\/01\/15\/mesures-daccompagnement-pour-lexportation-des-biens-et-des-services-le-gouvernement-franchit-un-autre-pas\/\" \/>\n<meta property=\"og:locale\" content=\"fr_FR\" \/>\n<meta property=\"og:type\" content=\"article\" \/>\n<meta property=\"og:title\" content=\"Mesures d\u2019accompagnement pour l\u2019exportation des biens et des services\u00a0: Le Gouvernement franchit un autre pas - La Sentinelle\" \/>\n<meta property=\"og:description\" content=\"Une batterie de mesures de facilitation a \u00e9t\u00e9 prise par la DGI au profit des entreprises exportatrices de biens et\" \/>\n<meta property=\"og:url\" content=\"https:\/\/lasentinelle.dz\/index.php\/2023\/01\/15\/mesures-daccompagnement-pour-lexportation-des-biens-et-des-services-le-gouvernement-franchit-un-autre-pas\/\" \/>\n<meta property=\"og:site_name\" content=\"La Sentinelle\" \/>\n<meta property=\"article:publisher\" content=\"https:\/\/www.facebook.com\/La-Sentinelle-104059864394773\" \/>\n<meta property=\"article:published_time\" content=\"2023-01-15T21:08:00+00:00\" \/>\n<meta property=\"og:image\" content=\"https:\/\/lasentinelle.dz\/wp-content\/uploads\/2023\/01\/port.png\" \/>\n\t<meta property=\"og:image:width\" content=\"1296\" \/>\n\t<meta property=\"og:image:height\" content=\"900\" \/>\n\t<meta property=\"og:image:type\" content=\"image\/png\" \/>\n<meta name=\"author\" content=\"La Sentinelle\" \/>\n<meta name=\"twitter:card\" content=\"summary_large_image\" \/>\n<meta name=\"twitter:label1\" content=\"\u00c9crit par\" \/>\n\t<meta name=\"twitter:data1\" content=\"La Sentinelle\" \/>\n\t<meta name=\"twitter:label2\" content=\"Dur\u00e9e de lecture estim\u00e9e\" \/>\n\t<meta name=\"twitter:data2\" content=\"4 minutes\" \/>\n<script type=\"application\/ld+json\" class=\"yoast-schema-graph\">{\"@context\":\"https:\\\/\\\/schema.org\",\"@graph\":[{\"@type\":\"Article\",\"@id\":\"https:\\\/\\\/lasentinelle.dz\\\/index.php\\\/2023\\\/01\\\/15\\\/mesures-daccompagnement-pour-lexportation-des-biens-et-des-services-le-gouvernement-franchit-un-autre-pas\\\/#article\",\"isPartOf\":{\"@id\":\"https:\\\/\\\/lasentinelle.dz\\\/index.php\\\/2023\\\/01\\\/15\\\/mesures-daccompagnement-pour-lexportation-des-biens-et-des-services-le-gouvernement-franchit-un-autre-pas\\\/\"},\"author\":{\"name\":\"La Sentinelle\",\"@id\":\"https:\\\/\\\/lasentinelle.dz\\\/#\\\/schema\\\/person\\\/d865044e22e70a75174ce8bcad3acfb3\"},\"headline\":\"Mesures d\u2019accompagnement pour l\u2019exportation des biens et des services\u00a0: Le Gouvernement franchit un autre pas\",\"datePublished\":\"2023-01-15T21:08:00+00:00\",\"mainEntityOfPage\":{\"@id\":\"https:\\\/\\\/lasentinelle.dz\\\/index.php\\\/2023\\\/01\\\/15\\\/mesures-daccompagnement-pour-lexportation-des-biens-et-des-services-le-gouvernement-franchit-un-autre-pas\\\/\"},\"wordCount\":815,\"commentCount\":0,\"publisher\":{\"@id\":\"https:\\\/\\\/lasentinelle.dz\\\/#organization\"},\"image\":{\"@id\":\"https:\\\/\\\/lasentinelle.dz\\\/index.php\\\/2023\\\/01\\\/15\\\/mesures-daccompagnement-pour-lexportation-des-biens-et-des-services-le-gouvernement-franchit-un-autre-pas\\\/#primaryimage\"},\"thumbnailUrl\":\"https:\\\/\\\/lasentinelle.dz\\\/wp-content\\\/uploads\\\/2023\\\/01\\\/port.png\",\"articleSection\":[\"\u00c0 la Une\",\"\u00c9conomie\"],\"inLanguage\":\"fr-FR\",\"potentialAction\":[{\"@type\":\"CommentAction\",\"name\":\"Comment\",\"target\":[\"https:\\\/\\\/lasentinelle.dz\\\/index.php\\\/2023\\\/01\\\/15\\\/mesures-daccompagnement-pour-lexportation-des-biens-et-des-services-le-gouvernement-franchit-un-autre-pas\\\/#respond\"]}]},{\"@type\":\"WebPage\",\"@id\":\"https:\\\/\\\/lasentinelle.dz\\\/index.php\\\/2023\\\/01\\\/15\\\/mesures-daccompagnement-pour-lexportation-des-biens-et-des-services-le-gouvernement-franchit-un-autre-pas\\\/\",\"url\":\"https:\\\/\\\/lasentinelle.dz\\\/index.php\\\/2023\\\/01\\\/15\\\/mesures-daccompagnement-pour-lexportation-des-biens-et-des-services-le-gouvernement-franchit-un-autre-pas\\\/\",\"name\":\"Mesures d\u2019accompagnement pour l\u2019exportation des biens et des services\u00a0: Le Gouvernement franchit un autre pas - La Sentinelle\",\"isPartOf\":{\"@id\":\"https:\\\/\\\/lasentinelle.dz\\\/#website\"},\"primaryImageOfPage\":{\"@id\":\"https:\\\/\\\/lasentinelle.dz\\\/index.php\\\/2023\\\/01\\\/15\\\/mesures-daccompagnement-pour-lexportation-des-biens-et-des-services-le-gouvernement-franchit-un-autre-pas\\\/#primaryimage\"},\"image\":{\"@id\":\"https:\\\/\\\/lasentinelle.dz\\\/index.php\\\/2023\\\/01\\\/15\\\/mesures-daccompagnement-pour-lexportation-des-biens-et-des-services-le-gouvernement-franchit-un-autre-pas\\\/#primaryimage\"},\"thumbnailUrl\":\"https:\\\/\\\/lasentinelle.dz\\\/wp-content\\\/uploads\\\/2023\\\/01\\\/port.png\",\"datePublished\":\"2023-01-15T21:08:00+00:00\",\"breadcrumb\":{\"@id\":\"https:\\\/\\\/lasentinelle.dz\\\/index.php\\\/2023\\\/01\\\/15\\\/mesures-daccompagnement-pour-lexportation-des-biens-et-des-services-le-gouvernement-franchit-un-autre-pas\\\/#breadcrumb\"},\"inLanguage\":\"fr-FR\",\"potentialAction\":[{\"@type\":\"ReadAction\",\"target\":[\"https:\\\/\\\/lasentinelle.dz\\\/index.php\\\/2023\\\/01\\\/15\\\/mesures-daccompagnement-pour-lexportation-des-biens-et-des-services-le-gouvernement-franchit-un-autre-pas\\\/\"]}]},{\"@type\":\"ImageObject\",\"inLanguage\":\"fr-FR\",\"@id\":\"https:\\\/\\\/lasentinelle.dz\\\/index.php\\\/2023\\\/01\\\/15\\\/mesures-daccompagnement-pour-lexportation-des-biens-et-des-services-le-gouvernement-franchit-un-autre-pas\\\/#primaryimage\",\"url\":\"https:\\\/\\\/lasentinelle.dz\\\/wp-content\\\/uploads\\\/2023\\\/01\\\/port.png\",\"contentUrl\":\"https:\\\/\\\/lasentinelle.dz\\\/wp-content\\\/uploads\\\/2023\\\/01\\\/port.png\",\"width\":1296,\"height\":900},{\"@type\":\"BreadcrumbList\",\"@id\":\"https:\\\/\\\/lasentinelle.dz\\\/index.php\\\/2023\\\/01\\\/15\\\/mesures-daccompagnement-pour-lexportation-des-biens-et-des-services-le-gouvernement-franchit-un-autre-pas\\\/#breadcrumb\",\"itemListElement\":[{\"@type\":\"ListItem\",\"position\":1,\"name\":\"Accueil\",\"item\":\"https:\\\/\\\/lasentinelle.dz\\\/\"},{\"@type\":\"ListItem\",\"position\":2,\"name\":\"Mesures d\u2019accompagnement pour l\u2019exportation des biens et des services\u00a0: Le Gouvernement franchit un autre pas\"}]},{\"@type\":\"WebSite\",\"@id\":\"https:\\\/\\\/lasentinelle.dz\\\/#website\",\"url\":\"https:\\\/\\\/lasentinelle.dz\\\/\",\"name\":\"La Sentinelle\",\"description\":\"Quotidien national d&#039;information\",\"publisher\":{\"@id\":\"https:\\\/\\\/lasentinelle.dz\\\/#organization\"},\"potentialAction\":[{\"@type\":\"SearchAction\",\"target\":{\"@type\":\"EntryPoint\",\"urlTemplate\":\"https:\\\/\\\/lasentinelle.dz\\\/?s={search_term_string}\"},\"query-input\":{\"@type\":\"PropertyValueSpecification\",\"valueRequired\":true,\"valueName\":\"search_term_string\"}}],\"inLanguage\":\"fr-FR\"},{\"@type\":\"Organization\",\"@id\":\"https:\\\/\\\/lasentinelle.dz\\\/#organization\",\"name\":\"Quotidien La Sentinelle\",\"url\":\"https:\\\/\\\/lasentinelle.dz\\\/\",\"logo\":{\"@type\":\"ImageObject\",\"inLanguage\":\"fr-FR\",\"@id\":\"https:\\\/\\\/lasentinelle.dz\\\/#\\\/schema\\\/logo\\\/image\\\/\",\"url\":\"https:\\\/\\\/lasentinelle.dz\\\/wp-content\\\/uploads\\\/2021\\\/09\\\/logo-sentinelleSLOGAN-1.png\",\"contentUrl\":\"https:\\\/\\\/lasentinelle.dz\\\/wp-content\\\/uploads\\\/2021\\\/09\\\/logo-sentinelleSLOGAN-1.png\",\"width\":615,\"height\":142,\"caption\":\"Quotidien La Sentinelle\"},\"image\":{\"@id\":\"https:\\\/\\\/lasentinelle.dz\\\/#\\\/schema\\\/logo\\\/image\\\/\"},\"sameAs\":[\"https:\\\/\\\/www.facebook.com\\\/La-Sentinelle-104059864394773\"]},{\"@type\":\"Person\",\"@id\":\"https:\\\/\\\/lasentinelle.dz\\\/#\\\/schema\\\/person\\\/d865044e22e70a75174ce8bcad3acfb3\",\"name\":\"La Sentinelle\",\"image\":{\"@type\":\"ImageObject\",\"inLanguage\":\"fr-FR\",\"@id\":\"https:\\\/\\\/secure.gravatar.com\\\/avatar\\\/57de8e5d4b15d43fb361a71fbb36338450fe67865b528a43dd10ef7c51a20392?s=96&d=mm&r=g\",\"url\":\"https:\\\/\\\/secure.gravatar.com\\\/avatar\\\/57de8e5d4b15d43fb361a71fbb36338450fe67865b528a43dd10ef7c51a20392?s=96&d=mm&r=g\",\"contentUrl\":\"https:\\\/\\\/secure.gravatar.com\\\/avatar\\\/57de8e5d4b15d43fb361a71fbb36338450fe67865b528a43dd10ef7c51a20392?s=96&d=mm&r=g\",\"caption\":\"La Sentinelle\"},\"sameAs\":[\"http:\\\/\\\/www.lasentinelle.dz\"],\"url\":\"https:\\\/\\\/lasentinelle.dz\\\/author\\\/redaction\\\/\"}]}<\/script>\n<!-- \/ Yoast SEO plugin. -->","yoast_head_json":{"title":"Mesures d\u2019accompagnement pour l\u2019exportation des biens et des services\u00a0: Le Gouvernement franchit un autre pas - La Sentinelle","robots":{"index":"index","follow":"follow","max-snippet":"max-snippet:-1","max-image-preview":"max-image-preview:large","max-video-preview":"max-video-preview:-1"},"canonical":"https:\/\/lasentinelle.dz\/index.php\/2023\/01\/15\/mesures-daccompagnement-pour-lexportation-des-biens-et-des-services-le-gouvernement-franchit-un-autre-pas\/","og_locale":"fr_FR","og_type":"article","og_title":"Mesures d\u2019accompagnement pour l\u2019exportation des biens et des services\u00a0: Le Gouvernement franchit un autre pas - La Sentinelle","og_description":"Une batterie de mesures de facilitation a \u00e9t\u00e9 prise par la DGI au profit des entreprises exportatrices de biens et","og_url":"https:\/\/lasentinelle.dz\/index.php\/2023\/01\/15\/mesures-daccompagnement-pour-lexportation-des-biens-et-des-services-le-gouvernement-franchit-un-autre-pas\/","og_site_name":"La Sentinelle","article_publisher":"https:\/\/www.facebook.com\/La-Sentinelle-104059864394773","article_published_time":"2023-01-15T21:08:00+00:00","og_image":[{"width":1296,"height":900,"url":"https:\/\/lasentinelle.dz\/wp-content\/uploads\/2023\/01\/port.png","type":"image\/png"}],"author":"La Sentinelle","twitter_card":"summary_large_image","twitter_misc":{"\u00c9crit par":"La Sentinelle","Dur\u00e9e de lecture estim\u00e9e":"4 minutes"},"schema":{"@context":"https:\/\/schema.org","@graph":[{"@type":"Article","@id":"https:\/\/lasentinelle.dz\/index.php\/2023\/01\/15\/mesures-daccompagnement-pour-lexportation-des-biens-et-des-services-le-gouvernement-franchit-un-autre-pas\/#article","isPartOf":{"@id":"https:\/\/lasentinelle.dz\/index.php\/2023\/01\/15\/mesures-daccompagnement-pour-lexportation-des-biens-et-des-services-le-gouvernement-franchit-un-autre-pas\/"},"author":{"name":"La Sentinelle","@id":"https:\/\/lasentinelle.dz\/#\/schema\/person\/d865044e22e70a75174ce8bcad3acfb3"},"headline":"Mesures d\u2019accompagnement pour l\u2019exportation des biens et des services\u00a0: Le Gouvernement franchit un autre pas","datePublished":"2023-01-15T21:08:00+00:00","mainEntityOfPage":{"@id":"https:\/\/lasentinelle.dz\/index.php\/2023\/01\/15\/mesures-daccompagnement-pour-lexportation-des-biens-et-des-services-le-gouvernement-franchit-un-autre-pas\/"},"wordCount":815,"commentCount":0,"publisher":{"@id":"https:\/\/lasentinelle.dz\/#organization"},"image":{"@id":"https:\/\/lasentinelle.dz\/index.php\/2023\/01\/15\/mesures-daccompagnement-pour-lexportation-des-biens-et-des-services-le-gouvernement-franchit-un-autre-pas\/#primaryimage"},"thumbnailUrl":"https:\/\/lasentinelle.dz\/wp-content\/uploads\/2023\/01\/port.png","articleSection":["\u00c0 la Une","\u00c9conomie"],"inLanguage":"fr-FR","potentialAction":[{"@type":"CommentAction","name":"Comment","target":["https:\/\/lasentinelle.dz\/index.php\/2023\/01\/15\/mesures-daccompagnement-pour-lexportation-des-biens-et-des-services-le-gouvernement-franchit-un-autre-pas\/#respond"]}]},{"@type":"WebPage","@id":"https:\/\/lasentinelle.dz\/index.php\/2023\/01\/15\/mesures-daccompagnement-pour-lexportation-des-biens-et-des-services-le-gouvernement-franchit-un-autre-pas\/","url":"https:\/\/lasentinelle.dz\/index.php\/2023\/01\/15\/mesures-daccompagnement-pour-lexportation-des-biens-et-des-services-le-gouvernement-franchit-un-autre-pas\/","name":"Mesures d\u2019accompagnement pour l\u2019exportation des biens et des services\u00a0: Le Gouvernement franchit un autre pas - La Sentinelle","isPartOf":{"@id":"https:\/\/lasentinelle.dz\/#website"},"primaryImageOfPage":{"@id":"https:\/\/lasentinelle.dz\/index.php\/2023\/01\/15\/mesures-daccompagnement-pour-lexportation-des-biens-et-des-services-le-gouvernement-franchit-un-autre-pas\/#primaryimage"},"image":{"@id":"https:\/\/lasentinelle.dz\/index.php\/2023\/01\/15\/mesures-daccompagnement-pour-lexportation-des-biens-et-des-services-le-gouvernement-franchit-un-autre-pas\/#primaryimage"},"thumbnailUrl":"https:\/\/lasentinelle.dz\/wp-content\/uploads\/2023\/01\/port.png","datePublished":"2023-01-15T21:08:00+00:00","breadcrumb":{"@id":"https:\/\/lasentinelle.dz\/index.php\/2023\/01\/15\/mesures-daccompagnement-pour-lexportation-des-biens-et-des-services-le-gouvernement-franchit-un-autre-pas\/#breadcrumb"},"inLanguage":"fr-FR","potentialAction":[{"@type":"ReadAction","target":["https:\/\/lasentinelle.dz\/index.php\/2023\/01\/15\/mesures-daccompagnement-pour-lexportation-des-biens-et-des-services-le-gouvernement-franchit-un-autre-pas\/"]}]},{"@type":"ImageObject","inLanguage":"fr-FR","@id":"https:\/\/lasentinelle.dz\/index.php\/2023\/01\/15\/mesures-daccompagnement-pour-lexportation-des-biens-et-des-services-le-gouvernement-franchit-un-autre-pas\/#primaryimage","url":"https:\/\/lasentinelle.dz\/wp-content\/uploads\/2023\/01\/port.png","contentUrl":"https:\/\/lasentinelle.dz\/wp-content\/uploads\/2023\/01\/port.png","width":1296,"height":900},{"@type":"BreadcrumbList","@id":"https:\/\/lasentinelle.dz\/index.php\/2023\/01\/15\/mesures-daccompagnement-pour-lexportation-des-biens-et-des-services-le-gouvernement-franchit-un-autre-pas\/#breadcrumb","itemListElement":[{"@type":"ListItem","position":1,"name":"Accueil","item":"https:\/\/lasentinelle.dz\/"},{"@type":"ListItem","position":2,"name":"Mesures d\u2019accompagnement pour l\u2019exportation des biens et des services\u00a0: Le Gouvernement franchit un autre pas"}]},{"@type":"WebSite","@id":"https:\/\/lasentinelle.dz\/#website","url":"https:\/\/lasentinelle.dz\/","name":"La Sentinelle","description":"Quotidien national d&#039;information","publisher":{"@id":"https:\/\/lasentinelle.dz\/#organization"},"potentialAction":[{"@type":"SearchAction","target":{"@type":"EntryPoint","urlTemplate":"https:\/\/lasentinelle.dz\/?s={search_term_string}"},"query-input":{"@type":"PropertyValueSpecification","valueRequired":true,"valueName":"search_term_string"}}],"inLanguage":"fr-FR"},{"@type":"Organization","@id":"https:\/\/lasentinelle.dz\/#organization","name":"Quotidien La Sentinelle","url":"https:\/\/lasentinelle.dz\/","logo":{"@type":"ImageObject","inLanguage":"fr-FR","@id":"https:\/\/lasentinelle.dz\/#\/schema\/logo\/image\/","url":"https:\/\/lasentinelle.dz\/wp-content\/uploads\/2021\/09\/logo-sentinelleSLOGAN-1.png","contentUrl":"https:\/\/lasentinelle.dz\/wp-content\/uploads\/2021\/09\/logo-sentinelleSLOGAN-1.png","width":615,"height":142,"caption":"Quotidien La Sentinelle"},"image":{"@id":"https:\/\/lasentinelle.dz\/#\/schema\/logo\/image\/"},"sameAs":["https:\/\/www.facebook.com\/La-Sentinelle-104059864394773"]},{"@type":"Person","@id":"https:\/\/lasentinelle.dz\/#\/schema\/person\/d865044e22e70a75174ce8bcad3acfb3","name":"La Sentinelle","image":{"@type":"ImageObject","inLanguage":"fr-FR","@id":"https:\/\/secure.gravatar.com\/avatar\/57de8e5d4b15d43fb361a71fbb36338450fe67865b528a43dd10ef7c51a20392?s=96&d=mm&r=g","url":"https:\/\/secure.gravatar.com\/avatar\/57de8e5d4b15d43fb361a71fbb36338450fe67865b528a43dd10ef7c51a20392?s=96&d=mm&r=g","contentUrl":"https:\/\/secure.gravatar.com\/avatar\/57de8e5d4b15d43fb361a71fbb36338450fe67865b528a43dd10ef7c51a20392?s=96&d=mm&r=g","caption":"La Sentinelle"},"sameAs":["http:\/\/www.lasentinelle.dz"],"url":"https:\/\/lasentinelle.dz\/author\/redaction\/"}]}},"_links":{"self":[{"href":"https:\/\/lasentinelle.dz\/index.php\/wp-json\/wp\/v2\/posts\/34214","targetHints":{"allow":["GET"]}}],"collection":[{"href":"https:\/\/lasentinelle.dz\/index.php\/wp-json\/wp\/v2\/posts"}],"about":[{"href":"https:\/\/lasentinelle.dz\/index.php\/wp-json\/wp\/v2\/types\/post"}],"author":[{"embeddable":true,"href":"https:\/\/lasentinelle.dz\/index.php\/wp-json\/wp\/v2\/users\/3"}],"replies":[{"embeddable":true,"href":"https:\/\/lasentinelle.dz\/index.php\/wp-json\/wp\/v2\/comments?post=34214"}],"version-history":[{"count":1,"href":"https:\/\/lasentinelle.dz\/index.php\/wp-json\/wp\/v2\/posts\/34214\/revisions"}],"predecessor-version":[{"id":34216,"href":"https:\/\/lasentinelle.dz\/index.php\/wp-json\/wp\/v2\/posts\/34214\/revisions\/34216"}],"wp:featuredmedia":[{"embeddable":true,"href":"https:\/\/lasentinelle.dz\/index.php\/wp-json\/wp\/v2\/media\/34215"}],"wp:attachment":[{"href":"https:\/\/lasentinelle.dz\/index.php\/wp-json\/wp\/v2\/media?parent=34214"}],"wp:term":[{"taxonomy":"category","embeddable":true,"href":"https:\/\/lasentinelle.dz\/index.php\/wp-json\/wp\/v2\/categories?post=34214"},{"taxonomy":"post_tag","embeddable":true,"href":"https:\/\/lasentinelle.dz\/index.php\/wp-json\/wp\/v2\/tags?post=34214"}],"curies":[{"name":"wp","href":"https:\/\/api.w.org\/{rel}","templated":true}]}}