{"id":34225,"date":"2023-01-16T22:00:00","date_gmt":"2023-01-16T21:00:00","guid":{"rendered":"https:\/\/lasentinelle.dz\/?p=34225"},"modified":"2023-01-16T16:48:54","modified_gmt":"2023-01-16T15:48:54","slug":"burkina-faso-une-cinquantaine-de-femmes-enlevees-dans-le-nord","status":"publish","type":"post","link":"https:\/\/lasentinelle.dz\/index.php\/2023\/01\/16\/burkina-faso-une-cinquantaine-de-femmes-enlevees-dans-le-nord\/","title":{"rendered":"Burkina Faso\u00a0: Une cinquantaine de femmes enlev\u00e9es dans le Nord"},"content":{"rendered":"\n<p>Une cinquantaine de femmes ont \u00e9t\u00e9 enlev\u00e9es jeudi et vendredi par des djihadistes pr\u00e9sum\u00e9s \u00e0 Arbinda, dans le nord du Burkina Faso, ont indiqu\u00e9 hier \u00e0 la presse des responsables locaux et des habitants de cette localit\u00e9 r\u00e9guli\u00e8rement touch\u00e9e par des violences. Selon leurs t\u00e9moignages, un premier groupe d&rsquo;une quarantaine de femmes a \u00e9t\u00e9 enlev\u00e9 \u00e0 une dizaine de kilom\u00e8tres au sud-est d&rsquo;Arbinda et un autre d&rsquo;une vingtaine le lendemain au nord de cette commune. Certaines ont pu s&rsquo;\u00e9chapper et regagner leur village pour t\u00e9moigner. \u00abLes femmes se sont regroup\u00e9es pour aller cueillir des feuilles et des fruits sauvages en brousse parce qu&rsquo;il n&rsquo;y a plus rien \u00e0 manger\u00bb, a expliqu\u00e9 un des habitants, pr\u00e9cisant qu&rsquo;elles \u00e9taient parties avec leurs charrettes dans la journ\u00e9e de jeudi. \u00abLe jeudi soir, ne les voyant pas revenir, nous avons pens\u00e9 que leurs charrettes avaient eu un probl\u00e8me. Mais trois rescap\u00e9es sont revenues nous dire ce qui s&rsquo;est pass\u00e9\u00bb, a ajout\u00e9 un autre habitant. Selon lui, le lendemain, \u00e0 huit kilom\u00e8tres au nord d&rsquo;Arbinda, une vingtaine de femmes qui n&rsquo;\u00e9taient pas inform\u00e9es du premier enl\u00e8vement, ont \u00e9t\u00e9 \u00e0 leur tour victimes d&rsquo;un rapt. \u00abDans les deux groupes, des femmes ont r\u00e9ussi \u00e0 \u00e9chapper \u00e0 la vigilance des terroristes et ont regagn\u00e9 le village \u00e0 pied\u00bb a-t-il expliqu\u00e9. \u00abNous pensons que les ravisseurs les ont emmen\u00e9es dans leurs diff\u00e9rentes bases\u00bb, a-t-il poursuivi. Selon des responsables locaux qui ont confirm\u00e9 les enl\u00e8vements, l&rsquo;arm\u00e9e et ses suppl\u00e9tifs civils ont effectu\u00e9 des ratissages de la zone, sans succ\u00e8s. La commune d&rsquo;Arbinda se situe dans la r\u00e9gion du Sahel, dans le nord du Burkina Faso, une zone sous blocus de groupes terroristes et qui est difficilement ravitaill\u00e9e en vivres. Pr\u00e8s d&rsquo;un million de personnes vivent actuellement dans des zones sous blocus, dans le nord ou l&rsquo;est du pays, selon les Nations unies. Le Burkina Faso, en particulier dans sa moiti\u00e9 nord, est confront\u00e9 depuis 2015 aux attaques de groupes terroristes li\u00e9s \u00e0 Al-Qa\u00efda et \u00e0 l&rsquo;\u00c9tat islamique qui se multiplient. Elles ont fait des milliers de morts et au moins deux millions de d\u00e9plac\u00e9s.&nbsp;<\/p>\n\n\n\n<p>R.I.<\/p>\n","protected":false},"excerpt":{"rendered":"<p>Une cinquantaine de femmes ont \u00e9t\u00e9 enlev\u00e9es jeudi et vendredi par des djihadistes pr\u00e9sum\u00e9s \u00e0 Arbinda, dans le nord du<\/p>\n","protected":false},"author":3,"featured_media":34235,"comment_status":"open","ping_status":"closed","sticky":false,"template":"","format":"standard","meta":{"colormag_page_container_layout":"default_layout","colormag_page_sidebar_layout":"default_layout","om_disable_all_campaigns":false,"_monsterinsights_skip_tracking":false,"_monsterinsights_sitenote_active":false,"_monsterinsights_sitenote_note":"","_monsterinsights_sitenote_category":0,"footnotes":"","_wpscppro_dont_share_socialmedia":false,"_wpscppro_custom_social_share_image":0,"_facebook_share_type":"","_twitter_share_type":"","_linkedin_share_type":"","_pinterest_share_type":"","_linkedin_share_type_page":"","_instagram_share_type":"","_medium_share_type":"","_threads_share_type":"","_google_business_share_type":"","_selected_social_profile":[],"_wpsp_enable_custom_social_template":false,"_wpsp_social_scheduling":{"enabled":false,"datetime":null,"platforms":[],"status":"template_only","dateOption":"today","timeOption":"now","customDays":"","customHours":"","customDate":"","customTime":"","schedulingType":"absolute"},"_wpsp_active_default_template":true},"categories":[37],"tags":[],"class_list":["post-34225","post","type-post","status-publish","format-standard","has-post-thumbnail","hentry","category-monde"],"aioseo_notices":[],"yoast_head":"<!-- This site is optimized with the Yoast SEO plugin v27.4 - https:\/\/yoast.com\/product\/yoast-seo-wordpress\/ -->\n<title>Burkina Faso\u00a0: Une cinquantaine de femmes enlev\u00e9es dans le Nord - La Sentinelle<\/title>\n<meta name=\"robots\" content=\"index, follow, max-snippet:-1, max-image-preview:large, max-video-preview:-1\" \/>\n<link rel=\"canonical\" href=\"https:\/\/lasentinelle.dz\/index.php\/2023\/01\/16\/burkina-faso-une-cinquantaine-de-femmes-enlevees-dans-le-nord\/\" \/>\n<meta property=\"og:locale\" content=\"fr_FR\" \/>\n<meta property=\"og:type\" content=\"article\" \/>\n<meta property=\"og:title\" content=\"Burkina Faso\u00a0: Une cinquantaine de femmes enlev\u00e9es dans le Nord - La Sentinelle\" \/>\n<meta property=\"og:description\" content=\"Une cinquantaine de femmes ont \u00e9t\u00e9 enlev\u00e9es jeudi et vendredi par des djihadistes pr\u00e9sum\u00e9s \u00e0 Arbinda, dans le nord du\" \/>\n<meta property=\"og:url\" content=\"https:\/\/lasentinelle.dz\/index.php\/2023\/01\/16\/burkina-faso-une-cinquantaine-de-femmes-enlevees-dans-le-nord\/\" \/>\n<meta property=\"og:site_name\" content=\"La Sentinelle\" \/>\n<meta property=\"article:publisher\" content=\"https:\/\/www.facebook.com\/La-Sentinelle-104059864394773\" \/>\n<meta property=\"article:published_time\" content=\"2023-01-16T21:00:00+00:00\" \/>\n<meta property=\"og:image\" content=\"https:\/\/lasentinelle.dz\/wp-content\/uploads\/2023\/01\/image_2023-01-16_164838623.png\" \/>\n\t<meta property=\"og:image:width\" content=\"900\" \/>\n\t<meta property=\"og:image:height\" content=\"489\" \/>\n\t<meta property=\"og:image:type\" content=\"image\/png\" \/>\n<meta name=\"author\" content=\"La Sentinelle\" \/>\n<meta name=\"twitter:card\" content=\"summary_large_image\" \/>\n<meta name=\"twitter:label1\" content=\"\u00c9crit par\" \/>\n\t<meta name=\"twitter:data1\" content=\"La Sentinelle\" \/>\n\t<meta name=\"twitter:label2\" content=\"Dur\u00e9e de lecture estim\u00e9e\" \/>\n\t<meta name=\"twitter:data2\" content=\"2 minutes\" \/>\n<script type=\"application\/ld+json\" class=\"yoast-schema-graph\">{\"@context\":\"https:\\\/\\\/schema.org\",\"@graph\":[{\"@type\":\"Article\",\"@id\":\"https:\\\/\\\/lasentinelle.dz\\\/index.php\\\/2023\\\/01\\\/16\\\/burkina-faso-une-cinquantaine-de-femmes-enlevees-dans-le-nord\\\/#article\",\"isPartOf\":{\"@id\":\"https:\\\/\\\/lasentinelle.dz\\\/index.php\\\/2023\\\/01\\\/16\\\/burkina-faso-une-cinquantaine-de-femmes-enlevees-dans-le-nord\\\/\"},\"author\":{\"name\":\"La Sentinelle\",\"@id\":\"https:\\\/\\\/lasentinelle.dz\\\/#\\\/schema\\\/person\\\/d865044e22e70a75174ce8bcad3acfb3\"},\"headline\":\"Burkina Faso\u00a0: Une cinquantaine de femmes enlev\u00e9es dans le Nord\",\"datePublished\":\"2023-01-16T21:00:00+00:00\",\"mainEntityOfPage\":{\"@id\":\"https:\\\/\\\/lasentinelle.dz\\\/index.php\\\/2023\\\/01\\\/16\\\/burkina-faso-une-cinquantaine-de-femmes-enlevees-dans-le-nord\\\/\"},\"wordCount\":394,\"commentCount\":0,\"publisher\":{\"@id\":\"https:\\\/\\\/lasentinelle.dz\\\/#organization\"},\"image\":{\"@id\":\"https:\\\/\\\/lasentinelle.dz\\\/index.php\\\/2023\\\/01\\\/16\\\/burkina-faso-une-cinquantaine-de-femmes-enlevees-dans-le-nord\\\/#primaryimage\"},\"thumbnailUrl\":\"https:\\\/\\\/lasentinelle.dz\\\/wp-content\\\/uploads\\\/2023\\\/01\\\/image_2023-01-16_164838623.png\",\"articleSection\":[\"Monde\"],\"inLanguage\":\"fr-FR\",\"potentialAction\":[{\"@type\":\"CommentAction\",\"name\":\"Comment\",\"target\":[\"https:\\\/\\\/lasentinelle.dz\\\/index.php\\\/2023\\\/01\\\/16\\\/burkina-faso-une-cinquantaine-de-femmes-enlevees-dans-le-nord\\\/#respond\"]}]},{\"@type\":\"WebPage\",\"@id\":\"https:\\\/\\\/lasentinelle.dz\\\/index.php\\\/2023\\\/01\\\/16\\\/burkina-faso-une-cinquantaine-de-femmes-enlevees-dans-le-nord\\\/\",\"url\":\"https:\\\/\\\/lasentinelle.dz\\\/index.php\\\/2023\\\/01\\\/16\\\/burkina-faso-une-cinquantaine-de-femmes-enlevees-dans-le-nord\\\/\",\"name\":\"Burkina Faso\u00a0: Une cinquantaine de femmes enlev\u00e9es dans le Nord - La Sentinelle\",\"isPartOf\":{\"@id\":\"https:\\\/\\\/lasentinelle.dz\\\/#website\"},\"primaryImageOfPage\":{\"@id\":\"https:\\\/\\\/lasentinelle.dz\\\/index.php\\\/2023\\\/01\\\/16\\\/burkina-faso-une-cinquantaine-de-femmes-enlevees-dans-le-nord\\\/#primaryimage\"},\"image\":{\"@id\":\"https:\\\/\\\/lasentinelle.dz\\\/index.php\\\/2023\\\/01\\\/16\\\/burkina-faso-une-cinquantaine-de-femmes-enlevees-dans-le-nord\\\/#primaryimage\"},\"thumbnailUrl\":\"https:\\\/\\\/lasentinelle.dz\\\/wp-content\\\/uploads\\\/2023\\\/01\\\/image_2023-01-16_164838623.png\",\"datePublished\":\"2023-01-16T21:00:00+00:00\",\"breadcrumb\":{\"@id\":\"https:\\\/\\\/lasentinelle.dz\\\/index.php\\\/2023\\\/01\\\/16\\\/burkina-faso-une-cinquantaine-de-femmes-enlevees-dans-le-nord\\\/#breadcrumb\"},\"inLanguage\":\"fr-FR\",\"potentialAction\":[{\"@type\":\"ReadAction\",\"target\":[\"https:\\\/\\\/lasentinelle.dz\\\/index.php\\\/2023\\\/01\\\/16\\\/burkina-faso-une-cinquantaine-de-femmes-enlevees-dans-le-nord\\\/\"]}]},{\"@type\":\"ImageObject\",\"inLanguage\":\"fr-FR\",\"@id\":\"https:\\\/\\\/lasentinelle.dz\\\/index.php\\\/2023\\\/01\\\/16\\\/burkina-faso-une-cinquantaine-de-femmes-enlevees-dans-le-nord\\\/#primaryimage\",\"url\":\"https:\\\/\\\/lasentinelle.dz\\\/wp-content\\\/uploads\\\/2023\\\/01\\\/image_2023-01-16_164838623.png\",\"contentUrl\":\"https:\\\/\\\/lasentinelle.dz\\\/wp-content\\\/uploads\\\/2023\\\/01\\\/image_2023-01-16_164838623.png\",\"width\":900,\"height\":489},{\"@type\":\"BreadcrumbList\",\"@id\":\"https:\\\/\\\/lasentinelle.dz\\\/index.php\\\/2023\\\/01\\\/16\\\/burkina-faso-une-cinquantaine-de-femmes-enlevees-dans-le-nord\\\/#breadcrumb\",\"itemListElement\":[{\"@type\":\"ListItem\",\"position\":1,\"name\":\"Accueil\",\"item\":\"https:\\\/\\\/lasentinelle.dz\\\/\"},{\"@type\":\"ListItem\",\"position\":2,\"name\":\"Burkina Faso\u00a0: Une cinquantaine de femmes enlev\u00e9es dans le Nord\"}]},{\"@type\":\"WebSite\",\"@id\":\"https:\\\/\\\/lasentinelle.dz\\\/#website\",\"url\":\"https:\\\/\\\/lasentinelle.dz\\\/\",\"name\":\"La Sentinelle\",\"description\":\"Quotidien national d&#039;information\",\"publisher\":{\"@id\":\"https:\\\/\\\/lasentinelle.dz\\\/#organization\"},\"potentialAction\":[{\"@type\":\"SearchAction\",\"target\":{\"@type\":\"EntryPoint\",\"urlTemplate\":\"https:\\\/\\\/lasentinelle.dz\\\/?s={search_term_string}\"},\"query-input\":{\"@type\":\"PropertyValueSpecification\",\"valueRequired\":true,\"valueName\":\"search_term_string\"}}],\"inLanguage\":\"fr-FR\"},{\"@type\":\"Organization\",\"@id\":\"https:\\\/\\\/lasentinelle.dz\\\/#organization\",\"name\":\"Quotidien La Sentinelle\",\"url\":\"https:\\\/\\\/lasentinelle.dz\\\/\",\"logo\":{\"@type\":\"ImageObject\",\"inLanguage\":\"fr-FR\",\"@id\":\"https:\\\/\\\/lasentinelle.dz\\\/#\\\/schema\\\/logo\\\/image\\\/\",\"url\":\"https:\\\/\\\/lasentinelle.dz\\\/wp-content\\\/uploads\\\/2021\\\/09\\\/logo-sentinelleSLOGAN-1.png\",\"contentUrl\":\"https:\\\/\\\/lasentinelle.dz\\\/wp-content\\\/uploads\\\/2021\\\/09\\\/logo-sentinelleSLOGAN-1.png\",\"width\":615,\"height\":142,\"caption\":\"Quotidien La Sentinelle\"},\"image\":{\"@id\":\"https:\\\/\\\/lasentinelle.dz\\\/#\\\/schema\\\/logo\\\/image\\\/\"},\"sameAs\":[\"https:\\\/\\\/www.facebook.com\\\/La-Sentinelle-104059864394773\"]},{\"@type\":\"Person\",\"@id\":\"https:\\\/\\\/lasentinelle.dz\\\/#\\\/schema\\\/person\\\/d865044e22e70a75174ce8bcad3acfb3\",\"name\":\"La Sentinelle\",\"image\":{\"@type\":\"ImageObject\",\"inLanguage\":\"fr-FR\",\"@id\":\"https:\\\/\\\/secure.gravatar.com\\\/avatar\\\/57de8e5d4b15d43fb361a71fbb36338450fe67865b528a43dd10ef7c51a20392?s=96&d=mm&r=g\",\"url\":\"https:\\\/\\\/secure.gravatar.com\\\/avatar\\\/57de8e5d4b15d43fb361a71fbb36338450fe67865b528a43dd10ef7c51a20392?s=96&d=mm&r=g\",\"contentUrl\":\"https:\\\/\\\/secure.gravatar.com\\\/avatar\\\/57de8e5d4b15d43fb361a71fbb36338450fe67865b528a43dd10ef7c51a20392?s=96&d=mm&r=g\",\"caption\":\"La Sentinelle\"},\"sameAs\":[\"http:\\\/\\\/www.lasentinelle.dz\"],\"url\":\"https:\\\/\\\/lasentinelle.dz\\\/author\\\/redaction\\\/\"}]}<\/script>\n<!-- \/ Yoast SEO plugin. -->","yoast_head_json":{"title":"Burkina Faso\u00a0: Une cinquantaine de femmes enlev\u00e9es dans le Nord - La Sentinelle","robots":{"index":"index","follow":"follow","max-snippet":"max-snippet:-1","max-image-preview":"max-image-preview:large","max-video-preview":"max-video-preview:-1"},"canonical":"https:\/\/lasentinelle.dz\/index.php\/2023\/01\/16\/burkina-faso-une-cinquantaine-de-femmes-enlevees-dans-le-nord\/","og_locale":"fr_FR","og_type":"article","og_title":"Burkina Faso\u00a0: Une cinquantaine de femmes enlev\u00e9es dans le Nord - La Sentinelle","og_description":"Une cinquantaine de femmes ont \u00e9t\u00e9 enlev\u00e9es jeudi et vendredi par des djihadistes pr\u00e9sum\u00e9s \u00e0 Arbinda, dans le nord du","og_url":"https:\/\/lasentinelle.dz\/index.php\/2023\/01\/16\/burkina-faso-une-cinquantaine-de-femmes-enlevees-dans-le-nord\/","og_site_name":"La Sentinelle","article_publisher":"https:\/\/www.facebook.com\/La-Sentinelle-104059864394773","article_published_time":"2023-01-16T21:00:00+00:00","og_image":[{"width":900,"height":489,"url":"https:\/\/lasentinelle.dz\/wp-content\/uploads\/2023\/01\/image_2023-01-16_164838623.png","type":"image\/png"}],"author":"La Sentinelle","twitter_card":"summary_large_image","twitter_misc":{"\u00c9crit par":"La Sentinelle","Dur\u00e9e de lecture estim\u00e9e":"2 minutes"},"schema":{"@context":"https:\/\/schema.org","@graph":[{"@type":"Article","@id":"https:\/\/lasentinelle.dz\/index.php\/2023\/01\/16\/burkina-faso-une-cinquantaine-de-femmes-enlevees-dans-le-nord\/#article","isPartOf":{"@id":"https:\/\/lasentinelle.dz\/index.php\/2023\/01\/16\/burkina-faso-une-cinquantaine-de-femmes-enlevees-dans-le-nord\/"},"author":{"name":"La Sentinelle","@id":"https:\/\/lasentinelle.dz\/#\/schema\/person\/d865044e22e70a75174ce8bcad3acfb3"},"headline":"Burkina Faso\u00a0: Une cinquantaine de femmes enlev\u00e9es dans le Nord","datePublished":"2023-01-16T21:00:00+00:00","mainEntityOfPage":{"@id":"https:\/\/lasentinelle.dz\/index.php\/2023\/01\/16\/burkina-faso-une-cinquantaine-de-femmes-enlevees-dans-le-nord\/"},"wordCount":394,"commentCount":0,"publisher":{"@id":"https:\/\/lasentinelle.dz\/#organization"},"image":{"@id":"https:\/\/lasentinelle.dz\/index.php\/2023\/01\/16\/burkina-faso-une-cinquantaine-de-femmes-enlevees-dans-le-nord\/#primaryimage"},"thumbnailUrl":"https:\/\/lasentinelle.dz\/wp-content\/uploads\/2023\/01\/image_2023-01-16_164838623.png","articleSection":["Monde"],"inLanguage":"fr-FR","potentialAction":[{"@type":"CommentAction","name":"Comment","target":["https:\/\/lasentinelle.dz\/index.php\/2023\/01\/16\/burkina-faso-une-cinquantaine-de-femmes-enlevees-dans-le-nord\/#respond"]}]},{"@type":"WebPage","@id":"https:\/\/lasentinelle.dz\/index.php\/2023\/01\/16\/burkina-faso-une-cinquantaine-de-femmes-enlevees-dans-le-nord\/","url":"https:\/\/lasentinelle.dz\/index.php\/2023\/01\/16\/burkina-faso-une-cinquantaine-de-femmes-enlevees-dans-le-nord\/","name":"Burkina Faso\u00a0: Une cinquantaine de femmes enlev\u00e9es dans le Nord - La Sentinelle","isPartOf":{"@id":"https:\/\/lasentinelle.dz\/#website"},"primaryImageOfPage":{"@id":"https:\/\/lasentinelle.dz\/index.php\/2023\/01\/16\/burkina-faso-une-cinquantaine-de-femmes-enlevees-dans-le-nord\/#primaryimage"},"image":{"@id":"https:\/\/lasentinelle.dz\/index.php\/2023\/01\/16\/burkina-faso-une-cinquantaine-de-femmes-enlevees-dans-le-nord\/#primaryimage"},"thumbnailUrl":"https:\/\/lasentinelle.dz\/wp-content\/uploads\/2023\/01\/image_2023-01-16_164838623.png","datePublished":"2023-01-16T21:00:00+00:00","breadcrumb":{"@id":"https:\/\/lasentinelle.dz\/index.php\/2023\/01\/16\/burkina-faso-une-cinquantaine-de-femmes-enlevees-dans-le-nord\/#breadcrumb"},"inLanguage":"fr-FR","potentialAction":[{"@type":"ReadAction","target":["https:\/\/lasentinelle.dz\/index.php\/2023\/01\/16\/burkina-faso-une-cinquantaine-de-femmes-enlevees-dans-le-nord\/"]}]},{"@type":"ImageObject","inLanguage":"fr-FR","@id":"https:\/\/lasentinelle.dz\/index.php\/2023\/01\/16\/burkina-faso-une-cinquantaine-de-femmes-enlevees-dans-le-nord\/#primaryimage","url":"https:\/\/lasentinelle.dz\/wp-content\/uploads\/2023\/01\/image_2023-01-16_164838623.png","contentUrl":"https:\/\/lasentinelle.dz\/wp-content\/uploads\/2023\/01\/image_2023-01-16_164838623.png","width":900,"height":489},{"@type":"BreadcrumbList","@id":"https:\/\/lasentinelle.dz\/index.php\/2023\/01\/16\/burkina-faso-une-cinquantaine-de-femmes-enlevees-dans-le-nord\/#breadcrumb","itemListElement":[{"@type":"ListItem","position":1,"name":"Accueil","item":"https:\/\/lasentinelle.dz\/"},{"@type":"ListItem","position":2,"name":"Burkina Faso\u00a0: Une cinquantaine de femmes enlev\u00e9es dans le Nord"}]},{"@type":"WebSite","@id":"https:\/\/lasentinelle.dz\/#website","url":"https:\/\/lasentinelle.dz\/","name":"La Sentinelle","description":"Quotidien national d&#039;information","publisher":{"@id":"https:\/\/lasentinelle.dz\/#organization"},"potentialAction":[{"@type":"SearchAction","target":{"@type":"EntryPoint","urlTemplate":"https:\/\/lasentinelle.dz\/?s={search_term_string}"},"query-input":{"@type":"PropertyValueSpecification","valueRequired":true,"valueName":"search_term_string"}}],"inLanguage":"fr-FR"},{"@type":"Organization","@id":"https:\/\/lasentinelle.dz\/#organization","name":"Quotidien La Sentinelle","url":"https:\/\/lasentinelle.dz\/","logo":{"@type":"ImageObject","inLanguage":"fr-FR","@id":"https:\/\/lasentinelle.dz\/#\/schema\/logo\/image\/","url":"https:\/\/lasentinelle.dz\/wp-content\/uploads\/2021\/09\/logo-sentinelleSLOGAN-1.png","contentUrl":"https:\/\/lasentinelle.dz\/wp-content\/uploads\/2021\/09\/logo-sentinelleSLOGAN-1.png","width":615,"height":142,"caption":"Quotidien La Sentinelle"},"image":{"@id":"https:\/\/lasentinelle.dz\/#\/schema\/logo\/image\/"},"sameAs":["https:\/\/www.facebook.com\/La-Sentinelle-104059864394773"]},{"@type":"Person","@id":"https:\/\/lasentinelle.dz\/#\/schema\/person\/d865044e22e70a75174ce8bcad3acfb3","name":"La Sentinelle","image":{"@type":"ImageObject","inLanguage":"fr-FR","@id":"https:\/\/secure.gravatar.com\/avatar\/57de8e5d4b15d43fb361a71fbb36338450fe67865b528a43dd10ef7c51a20392?s=96&d=mm&r=g","url":"https:\/\/secure.gravatar.com\/avatar\/57de8e5d4b15d43fb361a71fbb36338450fe67865b528a43dd10ef7c51a20392?s=96&d=mm&r=g","contentUrl":"https:\/\/secure.gravatar.com\/avatar\/57de8e5d4b15d43fb361a71fbb36338450fe67865b528a43dd10ef7c51a20392?s=96&d=mm&r=g","caption":"La Sentinelle"},"sameAs":["http:\/\/www.lasentinelle.dz"],"url":"https:\/\/lasentinelle.dz\/author\/redaction\/"}]}},"_links":{"self":[{"href":"https:\/\/lasentinelle.dz\/index.php\/wp-json\/wp\/v2\/posts\/34225","targetHints":{"allow":["GET"]}}],"collection":[{"href":"https:\/\/lasentinelle.dz\/index.php\/wp-json\/wp\/v2\/posts"}],"about":[{"href":"https:\/\/lasentinelle.dz\/index.php\/wp-json\/wp\/v2\/types\/post"}],"author":[{"embeddable":true,"href":"https:\/\/lasentinelle.dz\/index.php\/wp-json\/wp\/v2\/users\/3"}],"replies":[{"embeddable":true,"href":"https:\/\/lasentinelle.dz\/index.php\/wp-json\/wp\/v2\/comments?post=34225"}],"version-history":[{"count":1,"href":"https:\/\/lasentinelle.dz\/index.php\/wp-json\/wp\/v2\/posts\/34225\/revisions"}],"predecessor-version":[{"id":34236,"href":"https:\/\/lasentinelle.dz\/index.php\/wp-json\/wp\/v2\/posts\/34225\/revisions\/34236"}],"wp:featuredmedia":[{"embeddable":true,"href":"https:\/\/lasentinelle.dz\/index.php\/wp-json\/wp\/v2\/media\/34235"}],"wp:attachment":[{"href":"https:\/\/lasentinelle.dz\/index.php\/wp-json\/wp\/v2\/media?parent=34225"}],"wp:term":[{"taxonomy":"category","embeddable":true,"href":"https:\/\/lasentinelle.dz\/index.php\/wp-json\/wp\/v2\/categories?post=34225"},{"taxonomy":"post_tag","embeddable":true,"href":"https:\/\/lasentinelle.dz\/index.php\/wp-json\/wp\/v2\/tags?post=34225"}],"curies":[{"name":"wp","href":"https:\/\/api.w.org\/{rel}","templated":true}]}}