{"id":34226,"date":"2023-01-16T22:00:00","date_gmt":"2023-01-16T21:00:00","guid":{"rendered":"https:\/\/lasentinelle.dz\/?p=34226"},"modified":"2023-01-16T16:50:09","modified_gmt":"2023-01-16T15:50:09","slug":"guerre-en-ukraine-lotan-annonce-davantage-darmes-lourdes-a-kiev-moscou-repond","status":"publish","type":"post","link":"https:\/\/lasentinelle.dz\/index.php\/2023\/01\/16\/guerre-en-ukraine-lotan-annonce-davantage-darmes-lourdes-a-kiev-moscou-repond\/","title":{"rendered":"Guerre en Ukraine\u00a0: L\u2019Otan annonce davantage d&rsquo;armes lourdes \u00e0 Kiev, Moscou r\u00e9pond"},"content":{"rendered":"\n<p>L&rsquo;Otan a annonc\u00e9 dimanche que l&rsquo;Ukraine pouvait s&rsquo;attendre \u00e0 recevoir de nouveaux armements lourds occidentaux \u00abdans un futur proche\u00bb.<\/p>\n\n\n\n<p>\u00abLes r\u00e9centes promesses (occidentales) de livraison d&rsquo;armement lourd sont importantes &#8211; et je m&rsquo;attends \u00e0 ce qu&rsquo;il y en ait davantage dans un futur proche\u00bb, a d\u00e9clar\u00e9 son secr\u00e9taire g\u00e9n\u00e9ral, Jens Stoltenberg, au quotidien allemand Handelsblatt. Cette d\u00e9claration intervient \u00e0 quelques jours d&rsquo;une nouvelle r\u00e9union de coordination en Allemagne, le 20 janvier, des pays occidentaux apportant une aide \u00e0 l&rsquo;Ukraine.Les nations occidentales ont longtemps rechign\u00e9 \u00e0 livrer \u00e0 Kiev un armement plus lourd, craignant d&rsquo;\u00eatre entra\u00een\u00e9es dans la guerre. Mais d\u00e9but janvier, France, Allemagne et \u00c9tats-Unis ont finalement promis l&rsquo;envoi de blind\u00e9s d&rsquo;infanterie ou de chars de reconnaissance &#8211; 40 Marder allemands, 50 Bradley am\u00e9ricains et des AMX-10 RC fran\u00e7ais. Le Royaume-Uni a annonc\u00e9 samedi qu&rsquo;il est sur le point de livrer \u00e0 l&rsquo;Ukraine quatorze chars lourds Challenger 2. Plusieurs \u00c9tats occidentaux, dont la France avec ses AMX 10-RC, ont en outre annonc\u00e9 la fourniture de chars d&rsquo;infanterie ou de reconnaissance, plus l\u00e9gers. Les d\u00e9cisions du Royaume-Uni \u00ab\u200aenverront le bon signal aux autres partenaires\u200a\u00bb, estime Volodymyr Zelensky. La Pologne s&rsquo;\u00e9tait dite pr\u00eate mercredi dernier \u00e0 livrer quatorze chars lourds Leopard 2 de conception allemande, &#8211; ce qui requiert pr\u00e9alablement l&rsquo;aval de Berlin. Washington a \u00e9galement approuv\u00e9 un transfert d\u2019armements pour un total de 3 milliards de dollars. Parmi ces armes figurent 50 v\u00e9hicules de combat Bradley, des dizaines d\u2019autres v\u00e9hicules blind\u00e9s et des syst\u00e8mes de d\u00e9fense antia\u00e9rienne Patriot, ainsi que des obusiers motoris\u00e9s.Les chars britanniques promis \u00e0 l\u2019Ukraine seront d\u00e9truits comme les autres, a d\u00e9clar\u00e9 le porte-parole du Pr\u00e9sident russe.&nbsp; \u00ab\u00a0L\u2019op\u00e9ration militaire sp\u00e9ciale va se poursuivre. Ces chars br\u00fblent et vont br\u00fbler comme les autres. Les objectifs de l\u2019op\u00e9ration seront atteints\u00a0\u00bb, a indiqu\u00e9 Dmitri Peskov interrog\u00e9 \u00e0 ce sujet par les journalistes. La Russie condamne les projets de l\u2019Occident de fournir des blind\u00e9s lourds \u00e0 Kiev, a poursuivi le porte-parole de Vladimir Poutine. \u00ab\u00a0Nous l\u2019\u00e9valuons et le percevons tr\u00e8s n\u00e9gativement. Nous ne cachons pas notre attitude. Le Royaume-Uni et les autres pays europ\u00e9ens dont la Pologne parlent maintenant de leurs intentions de tripler les livraisons de mat\u00e9riel militaire plus moderne du point du vue technique. Cependant, ils sont incapables de changer la situation sur le terrain. Ils doivent le comprendre\u00a0\u00bb, a lanc\u00e9 Dmitri Peskov. Selon lui, ces actions sont susceptibles de \u00ab\u00a0faire tra\u00eener cette histoire et de causer plus de malheurs \u00e0 l\u2019Ukraine\u00a0\u00bb. \u00ab\u00a0Par ailleurs, nous avons de forts doutes quant \u00e0 leurs pr\u00e9occupations sur l\u2019avenir des gens qui habitent en Ukraine. Ils utilisent simplement ce pays comme un instrument pour atteindre leurs objectifs antirusses\u00a0\u00bb, a ajout\u00e9 le Kremlin.&nbsp;<\/p>\n\n\n\n<p>De son c\u00f4t\u00e9, la Bi\u00e9lorussie a annonc\u00e9 le lancement hier d&rsquo;exercices a\u00e9riens conjoints avec la Russie. Si ces exercices sont de nature d\u00e9fensive, a assur\u00e9 Minsk, ils surviennent sur fond de crainte de l&rsquo;Ukraine que le pr\u00e9sident Alexandre Loukachenko ne s&rsquo;engage dans la guerre aux c\u00f4t\u00e9s de son alli\u00e9 Vladimir Poutine. Pavel Muraveyko, premier secr\u00e9taire d&rsquo;\u00c9tat adjoint du Conseil de s\u00e9curit\u00e9 bi\u00e9lorusse, a d\u00e9clar\u00e9 que la situation \u00e0 la fronti\u00e8re sud du pays avec l&rsquo;Ukraine n&rsquo;\u00e9tait \u00abpas tr\u00e8s calme\u00bb, et que l&rsquo;Ukraine y \u00abprovoquait\u00bb la Bi\u00e9lorussie.<\/p>\n\n\n\n<p>K. L.<\/p>\n","protected":false},"excerpt":{"rendered":"<p>L&rsquo;Otan a annonc\u00e9 dimanche que l&rsquo;Ukraine pouvait s&rsquo;attendre \u00e0 recevoir de nouveaux armements lourds occidentaux \u00abdans un futur proche\u00bb. \u00abLes<\/p>\n","protected":false},"author":3,"featured_media":34237,"comment_status":"open","ping_status":"closed","sticky":false,"template":"","format":"standard","meta":{"colormag_page_container_layout":"default_layout","colormag_page_sidebar_layout":"default_layout","om_disable_all_campaigns":false,"_monsterinsights_skip_tracking":false,"_monsterinsights_sitenote_active":false,"_monsterinsights_sitenote_note":"","_monsterinsights_sitenote_category":0,"footnotes":"","_wpscppro_dont_share_socialmedia":false,"_wpscppro_custom_social_share_image":0,"_facebook_share_type":"","_twitter_share_type":"","_linkedin_share_type":"","_pinterest_share_type":"","_linkedin_share_type_page":"","_instagram_share_type":"","_medium_share_type":"","_threads_share_type":"","_google_business_share_type":"","_selected_social_profile":[],"_wpsp_enable_custom_social_template":false,"_wpsp_social_scheduling":{"enabled":false,"datetime":null,"platforms":[],"status":"template_only","dateOption":"today","timeOption":"now","customDays":"","customHours":"","customDate":"","customTime":"","schedulingType":"absolute"},"_wpsp_active_default_template":true},"categories":[37],"tags":[],"class_list":["post-34226","post","type-post","status-publish","format-standard","has-post-thumbnail","hentry","category-monde"],"aioseo_notices":[],"yoast_head":"<!-- This site is optimized with the Yoast SEO plugin v27.4 - https:\/\/yoast.com\/product\/yoast-seo-wordpress\/ -->\n<title>Guerre en Ukraine\u00a0: L\u2019Otan annonce davantage d&rsquo;armes lourdes \u00e0 Kiev, Moscou r\u00e9pond - La Sentinelle<\/title>\n<meta name=\"robots\" content=\"index, follow, max-snippet:-1, max-image-preview:large, max-video-preview:-1\" \/>\n<link rel=\"canonical\" href=\"https:\/\/lasentinelle.dz\/index.php\/2023\/01\/16\/guerre-en-ukraine-lotan-annonce-davantage-darmes-lourdes-a-kiev-moscou-repond\/\" \/>\n<meta property=\"og:locale\" content=\"fr_FR\" \/>\n<meta property=\"og:type\" content=\"article\" \/>\n<meta property=\"og:title\" content=\"Guerre en Ukraine\u00a0: L\u2019Otan annonce davantage d&rsquo;armes lourdes \u00e0 Kiev, Moscou r\u00e9pond - La Sentinelle\" \/>\n<meta property=\"og:description\" content=\"L&rsquo;Otan a annonc\u00e9 dimanche que l&rsquo;Ukraine pouvait s&rsquo;attendre \u00e0 recevoir de nouveaux armements lourds occidentaux \u00abdans un futur proche\u00bb. \u00abLes\" \/>\n<meta property=\"og:url\" content=\"https:\/\/lasentinelle.dz\/index.php\/2023\/01\/16\/guerre-en-ukraine-lotan-annonce-davantage-darmes-lourdes-a-kiev-moscou-repond\/\" \/>\n<meta property=\"og:site_name\" content=\"La Sentinelle\" \/>\n<meta property=\"article:publisher\" content=\"https:\/\/www.facebook.com\/La-Sentinelle-104059864394773\" \/>\n<meta property=\"article:published_time\" content=\"2023-01-16T21:00:00+00:00\" \/>\n<meta property=\"og:image\" content=\"https:\/\/lasentinelle.dz\/wp-content\/uploads\/2023\/01\/image_2023-01-16_164930170.png\" \/>\n\t<meta property=\"og:image:width\" content=\"1140\" \/>\n\t<meta property=\"og:image:height\" content=\"641\" \/>\n\t<meta property=\"og:image:type\" content=\"image\/png\" \/>\n<meta name=\"author\" content=\"La Sentinelle\" \/>\n<meta name=\"twitter:card\" content=\"summary_large_image\" \/>\n<meta name=\"twitter:label1\" content=\"\u00c9crit par\" \/>\n\t<meta name=\"twitter:data1\" content=\"La Sentinelle\" \/>\n\t<meta name=\"twitter:label2\" content=\"Dur\u00e9e de lecture estim\u00e9e\" \/>\n\t<meta name=\"twitter:data2\" content=\"3 minutes\" \/>\n<script type=\"application\/ld+json\" class=\"yoast-schema-graph\">{\"@context\":\"https:\\\/\\\/schema.org\",\"@graph\":[{\"@type\":\"Article\",\"@id\":\"https:\\\/\\\/lasentinelle.dz\\\/index.php\\\/2023\\\/01\\\/16\\\/guerre-en-ukraine-lotan-annonce-davantage-darmes-lourdes-a-kiev-moscou-repond\\\/#article\",\"isPartOf\":{\"@id\":\"https:\\\/\\\/lasentinelle.dz\\\/index.php\\\/2023\\\/01\\\/16\\\/guerre-en-ukraine-lotan-annonce-davantage-darmes-lourdes-a-kiev-moscou-repond\\\/\"},\"author\":{\"name\":\"La Sentinelle\",\"@id\":\"https:\\\/\\\/lasentinelle.dz\\\/#\\\/schema\\\/person\\\/d865044e22e70a75174ce8bcad3acfb3\"},\"headline\":\"Guerre en Ukraine\u00a0: L\u2019Otan annonce davantage d&rsquo;armes lourdes \u00e0 Kiev, Moscou r\u00e9pond\",\"datePublished\":\"2023-01-16T21:00:00+00:00\",\"mainEntityOfPage\":{\"@id\":\"https:\\\/\\\/lasentinelle.dz\\\/index.php\\\/2023\\\/01\\\/16\\\/guerre-en-ukraine-lotan-annonce-davantage-darmes-lourdes-a-kiev-moscou-repond\\\/\"},\"wordCount\":609,\"commentCount\":0,\"publisher\":{\"@id\":\"https:\\\/\\\/lasentinelle.dz\\\/#organization\"},\"image\":{\"@id\":\"https:\\\/\\\/lasentinelle.dz\\\/index.php\\\/2023\\\/01\\\/16\\\/guerre-en-ukraine-lotan-annonce-davantage-darmes-lourdes-a-kiev-moscou-repond\\\/#primaryimage\"},\"thumbnailUrl\":\"https:\\\/\\\/lasentinelle.dz\\\/wp-content\\\/uploads\\\/2023\\\/01\\\/image_2023-01-16_164930170.png\",\"articleSection\":[\"Monde\"],\"inLanguage\":\"fr-FR\",\"potentialAction\":[{\"@type\":\"CommentAction\",\"name\":\"Comment\",\"target\":[\"https:\\\/\\\/lasentinelle.dz\\\/index.php\\\/2023\\\/01\\\/16\\\/guerre-en-ukraine-lotan-annonce-davantage-darmes-lourdes-a-kiev-moscou-repond\\\/#respond\"]}]},{\"@type\":\"WebPage\",\"@id\":\"https:\\\/\\\/lasentinelle.dz\\\/index.php\\\/2023\\\/01\\\/16\\\/guerre-en-ukraine-lotan-annonce-davantage-darmes-lourdes-a-kiev-moscou-repond\\\/\",\"url\":\"https:\\\/\\\/lasentinelle.dz\\\/index.php\\\/2023\\\/01\\\/16\\\/guerre-en-ukraine-lotan-annonce-davantage-darmes-lourdes-a-kiev-moscou-repond\\\/\",\"name\":\"Guerre en Ukraine\u00a0: L\u2019Otan annonce davantage d&rsquo;armes lourdes \u00e0 Kiev, Moscou r\u00e9pond - La Sentinelle\",\"isPartOf\":{\"@id\":\"https:\\\/\\\/lasentinelle.dz\\\/#website\"},\"primaryImageOfPage\":{\"@id\":\"https:\\\/\\\/lasentinelle.dz\\\/index.php\\\/2023\\\/01\\\/16\\\/guerre-en-ukraine-lotan-annonce-davantage-darmes-lourdes-a-kiev-moscou-repond\\\/#primaryimage\"},\"image\":{\"@id\":\"https:\\\/\\\/lasentinelle.dz\\\/index.php\\\/2023\\\/01\\\/16\\\/guerre-en-ukraine-lotan-annonce-davantage-darmes-lourdes-a-kiev-moscou-repond\\\/#primaryimage\"},\"thumbnailUrl\":\"https:\\\/\\\/lasentinelle.dz\\\/wp-content\\\/uploads\\\/2023\\\/01\\\/image_2023-01-16_164930170.png\",\"datePublished\":\"2023-01-16T21:00:00+00:00\",\"breadcrumb\":{\"@id\":\"https:\\\/\\\/lasentinelle.dz\\\/index.php\\\/2023\\\/01\\\/16\\\/guerre-en-ukraine-lotan-annonce-davantage-darmes-lourdes-a-kiev-moscou-repond\\\/#breadcrumb\"},\"inLanguage\":\"fr-FR\",\"potentialAction\":[{\"@type\":\"ReadAction\",\"target\":[\"https:\\\/\\\/lasentinelle.dz\\\/index.php\\\/2023\\\/01\\\/16\\\/guerre-en-ukraine-lotan-annonce-davantage-darmes-lourdes-a-kiev-moscou-repond\\\/\"]}]},{\"@type\":\"ImageObject\",\"inLanguage\":\"fr-FR\",\"@id\":\"https:\\\/\\\/lasentinelle.dz\\\/index.php\\\/2023\\\/01\\\/16\\\/guerre-en-ukraine-lotan-annonce-davantage-darmes-lourdes-a-kiev-moscou-repond\\\/#primaryimage\",\"url\":\"https:\\\/\\\/lasentinelle.dz\\\/wp-content\\\/uploads\\\/2023\\\/01\\\/image_2023-01-16_164930170.png\",\"contentUrl\":\"https:\\\/\\\/lasentinelle.dz\\\/wp-content\\\/uploads\\\/2023\\\/01\\\/image_2023-01-16_164930170.png\",\"width\":1140,\"height\":641},{\"@type\":\"BreadcrumbList\",\"@id\":\"https:\\\/\\\/lasentinelle.dz\\\/index.php\\\/2023\\\/01\\\/16\\\/guerre-en-ukraine-lotan-annonce-davantage-darmes-lourdes-a-kiev-moscou-repond\\\/#breadcrumb\",\"itemListElement\":[{\"@type\":\"ListItem\",\"position\":1,\"name\":\"Accueil\",\"item\":\"https:\\\/\\\/lasentinelle.dz\\\/\"},{\"@type\":\"ListItem\",\"position\":2,\"name\":\"Guerre en Ukraine\u00a0: L\u2019Otan annonce davantage d&rsquo;armes lourdes \u00e0 Kiev, Moscou r\u00e9pond\"}]},{\"@type\":\"WebSite\",\"@id\":\"https:\\\/\\\/lasentinelle.dz\\\/#website\",\"url\":\"https:\\\/\\\/lasentinelle.dz\\\/\",\"name\":\"La Sentinelle\",\"description\":\"Quotidien national d&#039;information\",\"publisher\":{\"@id\":\"https:\\\/\\\/lasentinelle.dz\\\/#organization\"},\"potentialAction\":[{\"@type\":\"SearchAction\",\"target\":{\"@type\":\"EntryPoint\",\"urlTemplate\":\"https:\\\/\\\/lasentinelle.dz\\\/?s={search_term_string}\"},\"query-input\":{\"@type\":\"PropertyValueSpecification\",\"valueRequired\":true,\"valueName\":\"search_term_string\"}}],\"inLanguage\":\"fr-FR\"},{\"@type\":\"Organization\",\"@id\":\"https:\\\/\\\/lasentinelle.dz\\\/#organization\",\"name\":\"Quotidien La Sentinelle\",\"url\":\"https:\\\/\\\/lasentinelle.dz\\\/\",\"logo\":{\"@type\":\"ImageObject\",\"inLanguage\":\"fr-FR\",\"@id\":\"https:\\\/\\\/lasentinelle.dz\\\/#\\\/schema\\\/logo\\\/image\\\/\",\"url\":\"https:\\\/\\\/lasentinelle.dz\\\/wp-content\\\/uploads\\\/2021\\\/09\\\/logo-sentinelleSLOGAN-1.png\",\"contentUrl\":\"https:\\\/\\\/lasentinelle.dz\\\/wp-content\\\/uploads\\\/2021\\\/09\\\/logo-sentinelleSLOGAN-1.png\",\"width\":615,\"height\":142,\"caption\":\"Quotidien La Sentinelle\"},\"image\":{\"@id\":\"https:\\\/\\\/lasentinelle.dz\\\/#\\\/schema\\\/logo\\\/image\\\/\"},\"sameAs\":[\"https:\\\/\\\/www.facebook.com\\\/La-Sentinelle-104059864394773\"]},{\"@type\":\"Person\",\"@id\":\"https:\\\/\\\/lasentinelle.dz\\\/#\\\/schema\\\/person\\\/d865044e22e70a75174ce8bcad3acfb3\",\"name\":\"La Sentinelle\",\"image\":{\"@type\":\"ImageObject\",\"inLanguage\":\"fr-FR\",\"@id\":\"https:\\\/\\\/secure.gravatar.com\\\/avatar\\\/57de8e5d4b15d43fb361a71fbb36338450fe67865b528a43dd10ef7c51a20392?s=96&d=mm&r=g\",\"url\":\"https:\\\/\\\/secure.gravatar.com\\\/avatar\\\/57de8e5d4b15d43fb361a71fbb36338450fe67865b528a43dd10ef7c51a20392?s=96&d=mm&r=g\",\"contentUrl\":\"https:\\\/\\\/secure.gravatar.com\\\/avatar\\\/57de8e5d4b15d43fb361a71fbb36338450fe67865b528a43dd10ef7c51a20392?s=96&d=mm&r=g\",\"caption\":\"La Sentinelle\"},\"sameAs\":[\"http:\\\/\\\/www.lasentinelle.dz\"],\"url\":\"https:\\\/\\\/lasentinelle.dz\\\/author\\\/redaction\\\/\"}]}<\/script>\n<!-- \/ Yoast SEO plugin. -->","yoast_head_json":{"title":"Guerre en Ukraine\u00a0: L\u2019Otan annonce davantage d&rsquo;armes lourdes \u00e0 Kiev, Moscou r\u00e9pond - La Sentinelle","robots":{"index":"index","follow":"follow","max-snippet":"max-snippet:-1","max-image-preview":"max-image-preview:large","max-video-preview":"max-video-preview:-1"},"canonical":"https:\/\/lasentinelle.dz\/index.php\/2023\/01\/16\/guerre-en-ukraine-lotan-annonce-davantage-darmes-lourdes-a-kiev-moscou-repond\/","og_locale":"fr_FR","og_type":"article","og_title":"Guerre en Ukraine\u00a0: L\u2019Otan annonce davantage d&rsquo;armes lourdes \u00e0 Kiev, Moscou r\u00e9pond - La Sentinelle","og_description":"L&rsquo;Otan a annonc\u00e9 dimanche que l&rsquo;Ukraine pouvait s&rsquo;attendre \u00e0 recevoir de nouveaux armements lourds occidentaux \u00abdans un futur proche\u00bb. \u00abLes","og_url":"https:\/\/lasentinelle.dz\/index.php\/2023\/01\/16\/guerre-en-ukraine-lotan-annonce-davantage-darmes-lourdes-a-kiev-moscou-repond\/","og_site_name":"La Sentinelle","article_publisher":"https:\/\/www.facebook.com\/La-Sentinelle-104059864394773","article_published_time":"2023-01-16T21:00:00+00:00","og_image":[{"width":1140,"height":641,"url":"https:\/\/lasentinelle.dz\/wp-content\/uploads\/2023\/01\/image_2023-01-16_164930170.png","type":"image\/png"}],"author":"La Sentinelle","twitter_card":"summary_large_image","twitter_misc":{"\u00c9crit par":"La Sentinelle","Dur\u00e9e de lecture estim\u00e9e":"3 minutes"},"schema":{"@context":"https:\/\/schema.org","@graph":[{"@type":"Article","@id":"https:\/\/lasentinelle.dz\/index.php\/2023\/01\/16\/guerre-en-ukraine-lotan-annonce-davantage-darmes-lourdes-a-kiev-moscou-repond\/#article","isPartOf":{"@id":"https:\/\/lasentinelle.dz\/index.php\/2023\/01\/16\/guerre-en-ukraine-lotan-annonce-davantage-darmes-lourdes-a-kiev-moscou-repond\/"},"author":{"name":"La Sentinelle","@id":"https:\/\/lasentinelle.dz\/#\/schema\/person\/d865044e22e70a75174ce8bcad3acfb3"},"headline":"Guerre en Ukraine\u00a0: L\u2019Otan annonce davantage d&rsquo;armes lourdes \u00e0 Kiev, Moscou r\u00e9pond","datePublished":"2023-01-16T21:00:00+00:00","mainEntityOfPage":{"@id":"https:\/\/lasentinelle.dz\/index.php\/2023\/01\/16\/guerre-en-ukraine-lotan-annonce-davantage-darmes-lourdes-a-kiev-moscou-repond\/"},"wordCount":609,"commentCount":0,"publisher":{"@id":"https:\/\/lasentinelle.dz\/#organization"},"image":{"@id":"https:\/\/lasentinelle.dz\/index.php\/2023\/01\/16\/guerre-en-ukraine-lotan-annonce-davantage-darmes-lourdes-a-kiev-moscou-repond\/#primaryimage"},"thumbnailUrl":"https:\/\/lasentinelle.dz\/wp-content\/uploads\/2023\/01\/image_2023-01-16_164930170.png","articleSection":["Monde"],"inLanguage":"fr-FR","potentialAction":[{"@type":"CommentAction","name":"Comment","target":["https:\/\/lasentinelle.dz\/index.php\/2023\/01\/16\/guerre-en-ukraine-lotan-annonce-davantage-darmes-lourdes-a-kiev-moscou-repond\/#respond"]}]},{"@type":"WebPage","@id":"https:\/\/lasentinelle.dz\/index.php\/2023\/01\/16\/guerre-en-ukraine-lotan-annonce-davantage-darmes-lourdes-a-kiev-moscou-repond\/","url":"https:\/\/lasentinelle.dz\/index.php\/2023\/01\/16\/guerre-en-ukraine-lotan-annonce-davantage-darmes-lourdes-a-kiev-moscou-repond\/","name":"Guerre en Ukraine\u00a0: L\u2019Otan annonce davantage d&rsquo;armes lourdes \u00e0 Kiev, Moscou r\u00e9pond - La Sentinelle","isPartOf":{"@id":"https:\/\/lasentinelle.dz\/#website"},"primaryImageOfPage":{"@id":"https:\/\/lasentinelle.dz\/index.php\/2023\/01\/16\/guerre-en-ukraine-lotan-annonce-davantage-darmes-lourdes-a-kiev-moscou-repond\/#primaryimage"},"image":{"@id":"https:\/\/lasentinelle.dz\/index.php\/2023\/01\/16\/guerre-en-ukraine-lotan-annonce-davantage-darmes-lourdes-a-kiev-moscou-repond\/#primaryimage"},"thumbnailUrl":"https:\/\/lasentinelle.dz\/wp-content\/uploads\/2023\/01\/image_2023-01-16_164930170.png","datePublished":"2023-01-16T21:00:00+00:00","breadcrumb":{"@id":"https:\/\/lasentinelle.dz\/index.php\/2023\/01\/16\/guerre-en-ukraine-lotan-annonce-davantage-darmes-lourdes-a-kiev-moscou-repond\/#breadcrumb"},"inLanguage":"fr-FR","potentialAction":[{"@type":"ReadAction","target":["https:\/\/lasentinelle.dz\/index.php\/2023\/01\/16\/guerre-en-ukraine-lotan-annonce-davantage-darmes-lourdes-a-kiev-moscou-repond\/"]}]},{"@type":"ImageObject","inLanguage":"fr-FR","@id":"https:\/\/lasentinelle.dz\/index.php\/2023\/01\/16\/guerre-en-ukraine-lotan-annonce-davantage-darmes-lourdes-a-kiev-moscou-repond\/#primaryimage","url":"https:\/\/lasentinelle.dz\/wp-content\/uploads\/2023\/01\/image_2023-01-16_164930170.png","contentUrl":"https:\/\/lasentinelle.dz\/wp-content\/uploads\/2023\/01\/image_2023-01-16_164930170.png","width":1140,"height":641},{"@type":"BreadcrumbList","@id":"https:\/\/lasentinelle.dz\/index.php\/2023\/01\/16\/guerre-en-ukraine-lotan-annonce-davantage-darmes-lourdes-a-kiev-moscou-repond\/#breadcrumb","itemListElement":[{"@type":"ListItem","position":1,"name":"Accueil","item":"https:\/\/lasentinelle.dz\/"},{"@type":"ListItem","position":2,"name":"Guerre en Ukraine\u00a0: L\u2019Otan annonce davantage d&rsquo;armes lourdes \u00e0 Kiev, Moscou r\u00e9pond"}]},{"@type":"WebSite","@id":"https:\/\/lasentinelle.dz\/#website","url":"https:\/\/lasentinelle.dz\/","name":"La Sentinelle","description":"Quotidien national d&#039;information","publisher":{"@id":"https:\/\/lasentinelle.dz\/#organization"},"potentialAction":[{"@type":"SearchAction","target":{"@type":"EntryPoint","urlTemplate":"https:\/\/lasentinelle.dz\/?s={search_term_string}"},"query-input":{"@type":"PropertyValueSpecification","valueRequired":true,"valueName":"search_term_string"}}],"inLanguage":"fr-FR"},{"@type":"Organization","@id":"https:\/\/lasentinelle.dz\/#organization","name":"Quotidien La Sentinelle","url":"https:\/\/lasentinelle.dz\/","logo":{"@type":"ImageObject","inLanguage":"fr-FR","@id":"https:\/\/lasentinelle.dz\/#\/schema\/logo\/image\/","url":"https:\/\/lasentinelle.dz\/wp-content\/uploads\/2021\/09\/logo-sentinelleSLOGAN-1.png","contentUrl":"https:\/\/lasentinelle.dz\/wp-content\/uploads\/2021\/09\/logo-sentinelleSLOGAN-1.png","width":615,"height":142,"caption":"Quotidien La Sentinelle"},"image":{"@id":"https:\/\/lasentinelle.dz\/#\/schema\/logo\/image\/"},"sameAs":["https:\/\/www.facebook.com\/La-Sentinelle-104059864394773"]},{"@type":"Person","@id":"https:\/\/lasentinelle.dz\/#\/schema\/person\/d865044e22e70a75174ce8bcad3acfb3","name":"La Sentinelle","image":{"@type":"ImageObject","inLanguage":"fr-FR","@id":"https:\/\/secure.gravatar.com\/avatar\/57de8e5d4b15d43fb361a71fbb36338450fe67865b528a43dd10ef7c51a20392?s=96&d=mm&r=g","url":"https:\/\/secure.gravatar.com\/avatar\/57de8e5d4b15d43fb361a71fbb36338450fe67865b528a43dd10ef7c51a20392?s=96&d=mm&r=g","contentUrl":"https:\/\/secure.gravatar.com\/avatar\/57de8e5d4b15d43fb361a71fbb36338450fe67865b528a43dd10ef7c51a20392?s=96&d=mm&r=g","caption":"La Sentinelle"},"sameAs":["http:\/\/www.lasentinelle.dz"],"url":"https:\/\/lasentinelle.dz\/author\/redaction\/"}]}},"_links":{"self":[{"href":"https:\/\/lasentinelle.dz\/index.php\/wp-json\/wp\/v2\/posts\/34226","targetHints":{"allow":["GET"]}}],"collection":[{"href":"https:\/\/lasentinelle.dz\/index.php\/wp-json\/wp\/v2\/posts"}],"about":[{"href":"https:\/\/lasentinelle.dz\/index.php\/wp-json\/wp\/v2\/types\/post"}],"author":[{"embeddable":true,"href":"https:\/\/lasentinelle.dz\/index.php\/wp-json\/wp\/v2\/users\/3"}],"replies":[{"embeddable":true,"href":"https:\/\/lasentinelle.dz\/index.php\/wp-json\/wp\/v2\/comments?post=34226"}],"version-history":[{"count":1,"href":"https:\/\/lasentinelle.dz\/index.php\/wp-json\/wp\/v2\/posts\/34226\/revisions"}],"predecessor-version":[{"id":34238,"href":"https:\/\/lasentinelle.dz\/index.php\/wp-json\/wp\/v2\/posts\/34226\/revisions\/34238"}],"wp:featuredmedia":[{"embeddable":true,"href":"https:\/\/lasentinelle.dz\/index.php\/wp-json\/wp\/v2\/media\/34237"}],"wp:attachment":[{"href":"https:\/\/lasentinelle.dz\/index.php\/wp-json\/wp\/v2\/media?parent=34226"}],"wp:term":[{"taxonomy":"category","embeddable":true,"href":"https:\/\/lasentinelle.dz\/index.php\/wp-json\/wp\/v2\/categories?post=34226"},{"taxonomy":"post_tag","embeddable":true,"href":"https:\/\/lasentinelle.dz\/index.php\/wp-json\/wp\/v2\/tags?post=34226"}],"curies":[{"name":"wp","href":"https:\/\/api.w.org\/{rel}","templated":true}]}}