{"id":3427,"date":"2021-08-04T00:01:00","date_gmt":"2021-08-03T23:01:00","guid":{"rendered":"https:\/\/lasentinelle.dz\/?p=3427"},"modified":"2021-08-03T18:12:45","modified_gmt":"2021-08-03T17:12:45","slug":"cr-belouizdad-sayoud-dossier-dactualite-par-excellence","status":"publish","type":"post","link":"https:\/\/lasentinelle.dz\/index.php\/2021\/08\/04\/cr-belouizdad-sayoud-dossier-dactualite-par-excellence\/","title":{"rendered":"CR Belouizdad : Sayoud, dossier d\u2019actualit\u00e9 par excellence"},"content":{"rendered":"\n<p>Restera, restera pas ? les rumeurs enflent autour de la prolongation du contrat du meneur de jeu belouizdadi, Amir Sayoud.&nbsp;<\/p>\n\n\n\n<p>Le directeur sportif du CR Belouizdad, pensionnaire de Ligue 1, Hocine Yahi, a indiqu\u00e9 que le club \u00e9tait dans l&rsquo;attente de la r\u00e9ponse relative \u00e0 la proposition de prolongation de contrat formul\u00e9e au meneur de jeu international A&rsquo;, Amir Sayoud. \u00ab Il est perturb\u00e9 dans un sens positif, il est tr\u00e8s reconnaissant envers le club. Sayoud est convoit\u00e9 par plusieurs formations \u00e0 l&rsquo;\u00e9tranger, il a re\u00e7u des offres all\u00e9chantes. Nous devons avoir une r\u00e9ponse, au vu de la saison qui nous attend. J&rsquo;ai discut\u00e9 avec lui. Nous voulons r\u00e9gler son probl\u00e8me le plus rapidement possible \u00bb, a d\u00e9clar\u00e9 Yahi sur Canal Alg\u00e9rie. Sayoud (30 ans) a crev\u00e9 l&rsquo;\u00e9cran cette saison, contribuant grandement, gr\u00e2ce \u00e0 ses 16 r\u00e9alisations, \u00e0 l&rsquo;excellent parcours que r\u00e9alise son \u00e9quipe en championnat, solide leader de la Ligue 1 avec 7 points d&rsquo;avance sur ses poursuivants directs, \u00e0 quatre journ\u00e9es de l&rsquo;\u00e9pilogue. \u00ab Qu&rsquo;est-ce qui l&#8217;emp\u00eache de prolonger ? Le probl\u00e8me n&rsquo;est pas d&rsquo;ordre financier. Nous avons fait une petite pression, tr\u00e8s correcte, sur lui. Je lui ai demand\u00e9 de consulter sa famille et de prier, pour trancher d\u00e9finitivement son avenir. Tout le monde esp\u00e8re son maintien au club. La balle est d\u00e9sormais dans le camp du joueur, \u00e0 lui de d\u00e9cider \u00bb, a-t-il ajout\u00e9. Avant d&rsquo;encha\u00eener : \u00ab C&rsquo;est un joueur merveilleux, sur et en dehors du terrain. Il r\u00e9alise une excellente saison, il est derri\u00e8re la plupart de nos victoires. Nous sommes en train de tout faire pour le garder, nous avons entam\u00e9 les n\u00e9gociations avec lui depuis longtemps. La carri\u00e8re d&rsquo;un footballeur est courte, il a une d\u00e9cision \u00e0 prendre. \u00bb Par ailleurs, et concernant la prolongation de contrat (qui expire en ao\u00fbt, Ndlr) de l&rsquo;entra\u00eeneur serbe Zoran Manojlovic, arriv\u00e9 en avril dernier en remplacement du Fran\u00e7ais Franck Dumas, le dirigeant belouizdadi a pr\u00e9cis\u00e9 qu&rsquo;aucune d\u00e9cision n&rsquo;avait \u00e9t\u00e9 prise concernant ce dossier. \u00ab Manojlovic a \u00e9t\u00e9 engag\u00e9 pour trois objectifs : championnat, Ligue des Champions et coupe de la Ligue. Nous avons rat\u00e9 deux objectifs, j&rsquo;esp\u00e8re qu&rsquo;on parviendra \u00e0 remporter le titre de champion. Je pr\u00e9f\u00e8re signer un contrat de courte dur\u00e9e, du moment que je ne le connaissais pas avant. Je suis reconnaissant envers son travail, mais aucune d\u00e9cision n&rsquo;a encore \u00e9t\u00e9 prise concernant son maintien ou non .\u00bb \u00ab Bravo \u00e0 lui et \u00e0 son staff pour avoir redress\u00e9 la barre. Apr\u00e8s la d\u00e9ception de l&rsquo;\u00e9limination en quarts de finale de la Ligue des Champions, il a r\u00e9ussi \u00e0 remobiliser le groupe. Maintenant l&rsquo;\u00e9quipe est leader avec 7 points d&rsquo;avance sur les poursuivants \u00bb, a-t-il conclu.&nbsp;&nbsp;<\/p>\n\n\n\n<p>R. S.<\/p>\n","protected":false},"excerpt":{"rendered":"<p>Restera, restera pas ? les rumeurs enflent autour de la prolongation du contrat du meneur de jeu belouizdadi, Amir Sayoud.&nbsp;<\/p>\n","protected":false},"author":3,"featured_media":3435,"comment_status":"open","ping_status":"closed","sticky":false,"template":"","format":"standard","meta":{"colormag_page_container_layout":"default_layout","colormag_page_sidebar_layout":"default_layout","om_disable_all_campaigns":false,"_monsterinsights_skip_tracking":false,"_monsterinsights_sitenote_active":false,"_monsterinsights_sitenote_note":"","_monsterinsights_sitenote_category":0,"footnotes":"","_wpscppro_dont_share_socialmedia":false,"_wpscppro_custom_social_share_image":0,"_facebook_share_type":"","_twitter_share_type":"","_linkedin_share_type":"","_pinterest_share_type":"","_linkedin_share_type_page":"","_instagram_share_type":"","_medium_share_type":"","_threads_share_type":"","_google_business_share_type":"","_selected_social_profile":[],"_wpsp_enable_custom_social_template":false,"_wpsp_social_scheduling":{"enabled":false,"datetime":null,"platforms":[],"status":"template_only","dateOption":"today","timeOption":"now","customDays":"","customHours":"","customDate":"","customTime":"","schedulingType":"absolute"},"_wpsp_active_default_template":true},"categories":[33],"tags":[],"class_list":["post-3427","post","type-post","status-publish","format-standard","has-post-thumbnail","hentry","category-sports"],"aioseo_notices":[],"yoast_head":"<!-- This site is optimized with the Yoast SEO plugin v27.5 - https:\/\/yoast.com\/product\/yoast-seo-wordpress\/ -->\n<title>CR Belouizdad : Sayoud, dossier d\u2019actualit\u00e9 par excellence - La Sentinelle<\/title>\n<meta name=\"robots\" content=\"index, follow, max-snippet:-1, max-image-preview:large, max-video-preview:-1\" \/>\n<link rel=\"canonical\" href=\"https:\/\/lasentinelle.dz\/index.php\/2021\/08\/04\/cr-belouizdad-sayoud-dossier-dactualite-par-excellence\/\" \/>\n<meta property=\"og:locale\" content=\"fr_FR\" \/>\n<meta property=\"og:type\" content=\"article\" \/>\n<meta property=\"og:title\" content=\"CR Belouizdad : Sayoud, dossier d\u2019actualit\u00e9 par excellence - La Sentinelle\" \/>\n<meta property=\"og:description\" content=\"Restera, restera pas ? les rumeurs enflent autour de la prolongation du contrat du meneur de jeu belouizdadi, Amir Sayoud.&nbsp;\" \/>\n<meta property=\"og:url\" content=\"https:\/\/lasentinelle.dz\/index.php\/2021\/08\/04\/cr-belouizdad-sayoud-dossier-dactualite-par-excellence\/\" \/>\n<meta property=\"og:site_name\" content=\"La Sentinelle\" \/>\n<meta property=\"article:publisher\" content=\"https:\/\/www.facebook.com\/La-Sentinelle-104059864394773\" \/>\n<meta property=\"article:published_time\" content=\"2021-08-03T23:01:00+00:00\" \/>\n<meta property=\"og:image\" content=\"https:\/\/lasentinelle.dz\/wp-content\/uploads\/2021\/08\/Sayoud.png\" \/>\n\t<meta property=\"og:image:width\" content=\"1199\" \/>\n\t<meta property=\"og:image:height\" content=\"900\" \/>\n\t<meta property=\"og:image:type\" content=\"image\/png\" \/>\n<meta name=\"author\" content=\"La Sentinelle\" \/>\n<meta name=\"twitter:card\" content=\"summary_large_image\" \/>\n<meta name=\"twitter:label1\" content=\"\u00c9crit par\" \/>\n\t<meta name=\"twitter:data1\" content=\"La Sentinelle\" \/>\n\t<meta name=\"twitter:label2\" content=\"Dur\u00e9e de lecture estim\u00e9e\" \/>\n\t<meta name=\"twitter:data2\" content=\"2 minutes\" \/>\n<script type=\"application\/ld+json\" class=\"yoast-schema-graph\">{\"@context\":\"https:\\\/\\\/schema.org\",\"@graph\":[{\"@type\":\"Article\",\"@id\":\"https:\\\/\\\/lasentinelle.dz\\\/index.php\\\/2021\\\/08\\\/04\\\/cr-belouizdad-sayoud-dossier-dactualite-par-excellence\\\/#article\",\"isPartOf\":{\"@id\":\"https:\\\/\\\/lasentinelle.dz\\\/index.php\\\/2021\\\/08\\\/04\\\/cr-belouizdad-sayoud-dossier-dactualite-par-excellence\\\/\"},\"author\":{\"name\":\"La Sentinelle\",\"@id\":\"https:\\\/\\\/lasentinelle.dz\\\/#\\\/schema\\\/person\\\/d865044e22e70a75174ce8bcad3acfb3\"},\"headline\":\"CR Belouizdad : Sayoud, dossier d\u2019actualit\u00e9 par excellence\",\"datePublished\":\"2021-08-03T23:01:00+00:00\",\"mainEntityOfPage\":{\"@id\":\"https:\\\/\\\/lasentinelle.dz\\\/index.php\\\/2021\\\/08\\\/04\\\/cr-belouizdad-sayoud-dossier-dactualite-par-excellence\\\/\"},\"wordCount\":489,\"commentCount\":0,\"publisher\":{\"@id\":\"https:\\\/\\\/lasentinelle.dz\\\/#organization\"},\"image\":{\"@id\":\"https:\\\/\\\/lasentinelle.dz\\\/index.php\\\/2021\\\/08\\\/04\\\/cr-belouizdad-sayoud-dossier-dactualite-par-excellence\\\/#primaryimage\"},\"thumbnailUrl\":\"https:\\\/\\\/lasentinelle.dz\\\/wp-content\\\/uploads\\\/2021\\\/08\\\/Sayoud.png\",\"articleSection\":[\"Sports\"],\"inLanguage\":\"fr-FR\",\"potentialAction\":[{\"@type\":\"CommentAction\",\"name\":\"Comment\",\"target\":[\"https:\\\/\\\/lasentinelle.dz\\\/index.php\\\/2021\\\/08\\\/04\\\/cr-belouizdad-sayoud-dossier-dactualite-par-excellence\\\/#respond\"]}]},{\"@type\":\"WebPage\",\"@id\":\"https:\\\/\\\/lasentinelle.dz\\\/index.php\\\/2021\\\/08\\\/04\\\/cr-belouizdad-sayoud-dossier-dactualite-par-excellence\\\/\",\"url\":\"https:\\\/\\\/lasentinelle.dz\\\/index.php\\\/2021\\\/08\\\/04\\\/cr-belouizdad-sayoud-dossier-dactualite-par-excellence\\\/\",\"name\":\"CR Belouizdad : Sayoud, dossier d\u2019actualit\u00e9 par excellence - La Sentinelle\",\"isPartOf\":{\"@id\":\"https:\\\/\\\/lasentinelle.dz\\\/#website\"},\"primaryImageOfPage\":{\"@id\":\"https:\\\/\\\/lasentinelle.dz\\\/index.php\\\/2021\\\/08\\\/04\\\/cr-belouizdad-sayoud-dossier-dactualite-par-excellence\\\/#primaryimage\"},\"image\":{\"@id\":\"https:\\\/\\\/lasentinelle.dz\\\/index.php\\\/2021\\\/08\\\/04\\\/cr-belouizdad-sayoud-dossier-dactualite-par-excellence\\\/#primaryimage\"},\"thumbnailUrl\":\"https:\\\/\\\/lasentinelle.dz\\\/wp-content\\\/uploads\\\/2021\\\/08\\\/Sayoud.png\",\"datePublished\":\"2021-08-03T23:01:00+00:00\",\"breadcrumb\":{\"@id\":\"https:\\\/\\\/lasentinelle.dz\\\/index.php\\\/2021\\\/08\\\/04\\\/cr-belouizdad-sayoud-dossier-dactualite-par-excellence\\\/#breadcrumb\"},\"inLanguage\":\"fr-FR\",\"potentialAction\":[{\"@type\":\"ReadAction\",\"target\":[\"https:\\\/\\\/lasentinelle.dz\\\/index.php\\\/2021\\\/08\\\/04\\\/cr-belouizdad-sayoud-dossier-dactualite-par-excellence\\\/\"]}]},{\"@type\":\"ImageObject\",\"inLanguage\":\"fr-FR\",\"@id\":\"https:\\\/\\\/lasentinelle.dz\\\/index.php\\\/2021\\\/08\\\/04\\\/cr-belouizdad-sayoud-dossier-dactualite-par-excellence\\\/#primaryimage\",\"url\":\"https:\\\/\\\/lasentinelle.dz\\\/wp-content\\\/uploads\\\/2021\\\/08\\\/Sayoud.png\",\"contentUrl\":\"https:\\\/\\\/lasentinelle.dz\\\/wp-content\\\/uploads\\\/2021\\\/08\\\/Sayoud.png\",\"width\":1199,\"height\":900},{\"@type\":\"BreadcrumbList\",\"@id\":\"https:\\\/\\\/lasentinelle.dz\\\/index.php\\\/2021\\\/08\\\/04\\\/cr-belouizdad-sayoud-dossier-dactualite-par-excellence\\\/#breadcrumb\",\"itemListElement\":[{\"@type\":\"ListItem\",\"position\":1,\"name\":\"Accueil\",\"item\":\"https:\\\/\\\/lasentinelle.dz\\\/\"},{\"@type\":\"ListItem\",\"position\":2,\"name\":\"CR Belouizdad : Sayoud, dossier d\u2019actualit\u00e9 par excellence\"}]},{\"@type\":\"WebSite\",\"@id\":\"https:\\\/\\\/lasentinelle.dz\\\/#website\",\"url\":\"https:\\\/\\\/lasentinelle.dz\\\/\",\"name\":\"La Sentinelle\",\"description\":\"Quotidien national d&#039;information\",\"publisher\":{\"@id\":\"https:\\\/\\\/lasentinelle.dz\\\/#organization\"},\"potentialAction\":[{\"@type\":\"SearchAction\",\"target\":{\"@type\":\"EntryPoint\",\"urlTemplate\":\"https:\\\/\\\/lasentinelle.dz\\\/?s={search_term_string}\"},\"query-input\":{\"@type\":\"PropertyValueSpecification\",\"valueRequired\":true,\"valueName\":\"search_term_string\"}}],\"inLanguage\":\"fr-FR\"},{\"@type\":\"Organization\",\"@id\":\"https:\\\/\\\/lasentinelle.dz\\\/#organization\",\"name\":\"Quotidien La Sentinelle\",\"url\":\"https:\\\/\\\/lasentinelle.dz\\\/\",\"logo\":{\"@type\":\"ImageObject\",\"inLanguage\":\"fr-FR\",\"@id\":\"https:\\\/\\\/lasentinelle.dz\\\/#\\\/schema\\\/logo\\\/image\\\/\",\"url\":\"https:\\\/\\\/lasentinelle.dz\\\/wp-content\\\/uploads\\\/2021\\\/09\\\/logo-sentinelleSLOGAN-1.png\",\"contentUrl\":\"https:\\\/\\\/lasentinelle.dz\\\/wp-content\\\/uploads\\\/2021\\\/09\\\/logo-sentinelleSLOGAN-1.png\",\"width\":615,\"height\":142,\"caption\":\"Quotidien La Sentinelle\"},\"image\":{\"@id\":\"https:\\\/\\\/lasentinelle.dz\\\/#\\\/schema\\\/logo\\\/image\\\/\"},\"sameAs\":[\"https:\\\/\\\/www.facebook.com\\\/La-Sentinelle-104059864394773\"]},{\"@type\":\"Person\",\"@id\":\"https:\\\/\\\/lasentinelle.dz\\\/#\\\/schema\\\/person\\\/d865044e22e70a75174ce8bcad3acfb3\",\"name\":\"La Sentinelle\",\"image\":{\"@type\":\"ImageObject\",\"inLanguage\":\"fr-FR\",\"@id\":\"https:\\\/\\\/secure.gravatar.com\\\/avatar\\\/57de8e5d4b15d43fb361a71fbb36338450fe67865b528a43dd10ef7c51a20392?s=96&d=mm&r=g\",\"url\":\"https:\\\/\\\/secure.gravatar.com\\\/avatar\\\/57de8e5d4b15d43fb361a71fbb36338450fe67865b528a43dd10ef7c51a20392?s=96&d=mm&r=g\",\"contentUrl\":\"https:\\\/\\\/secure.gravatar.com\\\/avatar\\\/57de8e5d4b15d43fb361a71fbb36338450fe67865b528a43dd10ef7c51a20392?s=96&d=mm&r=g\",\"caption\":\"La Sentinelle\"},\"sameAs\":[\"http:\\\/\\\/www.lasentinelle.dz\"],\"url\":\"https:\\\/\\\/lasentinelle.dz\\\/author\\\/redaction\\\/\"}]}<\/script>\n<!-- \/ Yoast SEO plugin. -->","yoast_head_json":{"title":"CR Belouizdad : Sayoud, dossier d\u2019actualit\u00e9 par excellence - La Sentinelle","robots":{"index":"index","follow":"follow","max-snippet":"max-snippet:-1","max-image-preview":"max-image-preview:large","max-video-preview":"max-video-preview:-1"},"canonical":"https:\/\/lasentinelle.dz\/index.php\/2021\/08\/04\/cr-belouizdad-sayoud-dossier-dactualite-par-excellence\/","og_locale":"fr_FR","og_type":"article","og_title":"CR Belouizdad : Sayoud, dossier d\u2019actualit\u00e9 par excellence - La Sentinelle","og_description":"Restera, restera pas ? les rumeurs enflent autour de la prolongation du contrat du meneur de jeu belouizdadi, Amir Sayoud.&nbsp;","og_url":"https:\/\/lasentinelle.dz\/index.php\/2021\/08\/04\/cr-belouizdad-sayoud-dossier-dactualite-par-excellence\/","og_site_name":"La Sentinelle","article_publisher":"https:\/\/www.facebook.com\/La-Sentinelle-104059864394773","article_published_time":"2021-08-03T23:01:00+00:00","og_image":[{"width":1199,"height":900,"url":"https:\/\/lasentinelle.dz\/wp-content\/uploads\/2021\/08\/Sayoud.png","type":"image\/png"}],"author":"La Sentinelle","twitter_card":"summary_large_image","twitter_misc":{"\u00c9crit par":"La Sentinelle","Dur\u00e9e de lecture estim\u00e9e":"2 minutes"},"schema":{"@context":"https:\/\/schema.org","@graph":[{"@type":"Article","@id":"https:\/\/lasentinelle.dz\/index.php\/2021\/08\/04\/cr-belouizdad-sayoud-dossier-dactualite-par-excellence\/#article","isPartOf":{"@id":"https:\/\/lasentinelle.dz\/index.php\/2021\/08\/04\/cr-belouizdad-sayoud-dossier-dactualite-par-excellence\/"},"author":{"name":"La Sentinelle","@id":"https:\/\/lasentinelle.dz\/#\/schema\/person\/d865044e22e70a75174ce8bcad3acfb3"},"headline":"CR Belouizdad : Sayoud, dossier d\u2019actualit\u00e9 par excellence","datePublished":"2021-08-03T23:01:00+00:00","mainEntityOfPage":{"@id":"https:\/\/lasentinelle.dz\/index.php\/2021\/08\/04\/cr-belouizdad-sayoud-dossier-dactualite-par-excellence\/"},"wordCount":489,"commentCount":0,"publisher":{"@id":"https:\/\/lasentinelle.dz\/#organization"},"image":{"@id":"https:\/\/lasentinelle.dz\/index.php\/2021\/08\/04\/cr-belouizdad-sayoud-dossier-dactualite-par-excellence\/#primaryimage"},"thumbnailUrl":"https:\/\/lasentinelle.dz\/wp-content\/uploads\/2021\/08\/Sayoud.png","articleSection":["Sports"],"inLanguage":"fr-FR","potentialAction":[{"@type":"CommentAction","name":"Comment","target":["https:\/\/lasentinelle.dz\/index.php\/2021\/08\/04\/cr-belouizdad-sayoud-dossier-dactualite-par-excellence\/#respond"]}]},{"@type":"WebPage","@id":"https:\/\/lasentinelle.dz\/index.php\/2021\/08\/04\/cr-belouizdad-sayoud-dossier-dactualite-par-excellence\/","url":"https:\/\/lasentinelle.dz\/index.php\/2021\/08\/04\/cr-belouizdad-sayoud-dossier-dactualite-par-excellence\/","name":"CR Belouizdad : Sayoud, dossier d\u2019actualit\u00e9 par excellence - La Sentinelle","isPartOf":{"@id":"https:\/\/lasentinelle.dz\/#website"},"primaryImageOfPage":{"@id":"https:\/\/lasentinelle.dz\/index.php\/2021\/08\/04\/cr-belouizdad-sayoud-dossier-dactualite-par-excellence\/#primaryimage"},"image":{"@id":"https:\/\/lasentinelle.dz\/index.php\/2021\/08\/04\/cr-belouizdad-sayoud-dossier-dactualite-par-excellence\/#primaryimage"},"thumbnailUrl":"https:\/\/lasentinelle.dz\/wp-content\/uploads\/2021\/08\/Sayoud.png","datePublished":"2021-08-03T23:01:00+00:00","breadcrumb":{"@id":"https:\/\/lasentinelle.dz\/index.php\/2021\/08\/04\/cr-belouizdad-sayoud-dossier-dactualite-par-excellence\/#breadcrumb"},"inLanguage":"fr-FR","potentialAction":[{"@type":"ReadAction","target":["https:\/\/lasentinelle.dz\/index.php\/2021\/08\/04\/cr-belouizdad-sayoud-dossier-dactualite-par-excellence\/"]}]},{"@type":"ImageObject","inLanguage":"fr-FR","@id":"https:\/\/lasentinelle.dz\/index.php\/2021\/08\/04\/cr-belouizdad-sayoud-dossier-dactualite-par-excellence\/#primaryimage","url":"https:\/\/lasentinelle.dz\/wp-content\/uploads\/2021\/08\/Sayoud.png","contentUrl":"https:\/\/lasentinelle.dz\/wp-content\/uploads\/2021\/08\/Sayoud.png","width":1199,"height":900},{"@type":"BreadcrumbList","@id":"https:\/\/lasentinelle.dz\/index.php\/2021\/08\/04\/cr-belouizdad-sayoud-dossier-dactualite-par-excellence\/#breadcrumb","itemListElement":[{"@type":"ListItem","position":1,"name":"Accueil","item":"https:\/\/lasentinelle.dz\/"},{"@type":"ListItem","position":2,"name":"CR Belouizdad : Sayoud, dossier d\u2019actualit\u00e9 par excellence"}]},{"@type":"WebSite","@id":"https:\/\/lasentinelle.dz\/#website","url":"https:\/\/lasentinelle.dz\/","name":"La Sentinelle","description":"Quotidien national d&#039;information","publisher":{"@id":"https:\/\/lasentinelle.dz\/#organization"},"potentialAction":[{"@type":"SearchAction","target":{"@type":"EntryPoint","urlTemplate":"https:\/\/lasentinelle.dz\/?s={search_term_string}"},"query-input":{"@type":"PropertyValueSpecification","valueRequired":true,"valueName":"search_term_string"}}],"inLanguage":"fr-FR"},{"@type":"Organization","@id":"https:\/\/lasentinelle.dz\/#organization","name":"Quotidien La Sentinelle","url":"https:\/\/lasentinelle.dz\/","logo":{"@type":"ImageObject","inLanguage":"fr-FR","@id":"https:\/\/lasentinelle.dz\/#\/schema\/logo\/image\/","url":"https:\/\/lasentinelle.dz\/wp-content\/uploads\/2021\/09\/logo-sentinelleSLOGAN-1.png","contentUrl":"https:\/\/lasentinelle.dz\/wp-content\/uploads\/2021\/09\/logo-sentinelleSLOGAN-1.png","width":615,"height":142,"caption":"Quotidien La Sentinelle"},"image":{"@id":"https:\/\/lasentinelle.dz\/#\/schema\/logo\/image\/"},"sameAs":["https:\/\/www.facebook.com\/La-Sentinelle-104059864394773"]},{"@type":"Person","@id":"https:\/\/lasentinelle.dz\/#\/schema\/person\/d865044e22e70a75174ce8bcad3acfb3","name":"La Sentinelle","image":{"@type":"ImageObject","inLanguage":"fr-FR","@id":"https:\/\/secure.gravatar.com\/avatar\/57de8e5d4b15d43fb361a71fbb36338450fe67865b528a43dd10ef7c51a20392?s=96&d=mm&r=g","url":"https:\/\/secure.gravatar.com\/avatar\/57de8e5d4b15d43fb361a71fbb36338450fe67865b528a43dd10ef7c51a20392?s=96&d=mm&r=g","contentUrl":"https:\/\/secure.gravatar.com\/avatar\/57de8e5d4b15d43fb361a71fbb36338450fe67865b528a43dd10ef7c51a20392?s=96&d=mm&r=g","caption":"La Sentinelle"},"sameAs":["http:\/\/www.lasentinelle.dz"],"url":"https:\/\/lasentinelle.dz\/author\/redaction\/"}]}},"_links":{"self":[{"href":"https:\/\/lasentinelle.dz\/index.php\/wp-json\/wp\/v2\/posts\/3427","targetHints":{"allow":["GET"]}}],"collection":[{"href":"https:\/\/lasentinelle.dz\/index.php\/wp-json\/wp\/v2\/posts"}],"about":[{"href":"https:\/\/lasentinelle.dz\/index.php\/wp-json\/wp\/v2\/types\/post"}],"author":[{"embeddable":true,"href":"https:\/\/lasentinelle.dz\/index.php\/wp-json\/wp\/v2\/users\/3"}],"replies":[{"embeddable":true,"href":"https:\/\/lasentinelle.dz\/index.php\/wp-json\/wp\/v2\/comments?post=3427"}],"version-history":[{"count":1,"href":"https:\/\/lasentinelle.dz\/index.php\/wp-json\/wp\/v2\/posts\/3427\/revisions"}],"predecessor-version":[{"id":3440,"href":"https:\/\/lasentinelle.dz\/index.php\/wp-json\/wp\/v2\/posts\/3427\/revisions\/3440"}],"wp:featuredmedia":[{"embeddable":true,"href":"https:\/\/lasentinelle.dz\/index.php\/wp-json\/wp\/v2\/media\/3435"}],"wp:attachment":[{"href":"https:\/\/lasentinelle.dz\/index.php\/wp-json\/wp\/v2\/media?parent=3427"}],"wp:term":[{"taxonomy":"category","embeddable":true,"href":"https:\/\/lasentinelle.dz\/index.php\/wp-json\/wp\/v2\/categories?post=3427"},{"taxonomy":"post_tag","embeddable":true,"href":"https:\/\/lasentinelle.dz\/index.php\/wp-json\/wp\/v2\/tags?post=3427"}],"curies":[{"name":"wp","href":"https:\/\/api.w.org\/{rel}","templated":true}]}}