{"id":34299,"date":"2023-01-16T22:05:00","date_gmt":"2023-01-16T21:05:00","guid":{"rendered":"https:\/\/lasentinelle.dz\/?p=34299"},"modified":"2023-01-16T21:21:25","modified_gmt":"2023-01-16T20:21:25","slug":"sante-90-hopitaux-seront-dotes-dequipements-modernes-des-cette-annee","status":"publish","type":"post","link":"https:\/\/lasentinelle.dz\/index.php\/2023\/01\/16\/sante-90-hopitaux-seront-dotes-dequipements-modernes-des-cette-annee\/","title":{"rendered":"Sant\u00e9\u00a0: 90 h\u00f4pitaux seront dot\u00e9s d\u2019\u00e9quipements modernes d\u00e8s cette ann\u00e9e"},"content":{"rendered":"\n<p>L\u2019am\u00e9lioration des services publics de sant\u00e9 est une priorit\u00e9 du Gouvernement. Ainsi, un vaste plan de r\u00e9habilitation et de modernisation des structures hospitali\u00e8res a \u00e9t\u00e9 lanc\u00e9. C\u2019est dans ce contexte que le ministre de la Sant\u00e9, Abdelhak Sa\u00efhi, a indiqu\u00e9 hier que pas de 90 h\u00f4pitaux seront dot\u00e9s d\u2019\u00e9quipements modernes d\u00e8s cette ann\u00e9e. Intervenant au Forum de la Radio alg\u00e9rienne, le ministre a assur\u00e9 que \u00ab&nbsp;l\u2019\u00c9tat est d\u00e9termin\u00e9 \u00e0 mettre tous les moyens mat\u00e9riels pour d\u00e9velopper le secteur de la sant\u00e9 apr\u00e8s avoir allou\u00e9 un budget de 711 milliards de dinars dans le cadre du programme de d\u00e9veloppement des prestations hospitali\u00e8res dans l\u2019objectif d\u2019assurer une meilleure prise en charge du patient&nbsp;\u00bb.<\/p>\n\n\n\n<p>Abdelhak Saihi a soulign\u00e9 l&rsquo;importance de la formation dans la r\u00e9forme du&nbsp; syst\u00e8me de sant\u00e9 et l&rsquo;am\u00e9lioration de la prise en charge des patients.<\/p>\n\n\n\n<p>M. Saihi a mis l&rsquo;accent sur les efforts consentis par l\u2019Etat en mati\u00e8re de prise en charge du patient, \u00ab qu\u2019il s\u2019agisse d\u2019\u00e9quipements m\u00e9dicaux de haute qualit\u00e9 ou de ressources humaines qualifi\u00e9es \u00bb.<\/p>\n\n\n\n<p>L&rsquo;Etat \u0153uvre \u00e0 l&rsquo;am\u00e9lioration de la prise en charge du patient qui est&nbsp;&nbsp; au c\u0153ur de la r\u00e9forme du syst\u00e8me de sant\u00e9, non seulement du c\u00f4t\u00e9&nbsp; financier, mais aussi du c\u00f4t\u00e9 humain, d&rsquo;autant, a-t-il dit, que \u00ab les programmes sont actuellement bas\u00e9s sur la formation de cat\u00e9gories sp\u00e9cialis\u00e9es avec une grande comp\u00e9tence pour servir le secteur de la sant\u00e9 \u00bb.Concernant les \u00e9quipements fournis r\u00e9cemment au CHU Mustapha Pacha, M.&nbsp; Saihi a d\u00e9clar\u00e9 que cette d\u00e9marche \u00ab s&rsquo;inscrit dans le cadre de l&rsquo;orientation visant \u00e0 consacrer la sp\u00e9cialisation de nos h\u00f4pitaux au service de nos patients, \u00e9vitant ainsi leur transfert \u00e0 l&rsquo;\u00e9tranger pour le traitement \u00bb.A cet \u00e9gard, il a soulign\u00e9 que l&rsquo;h\u00f4pital Mustapha Pacha est dot\u00e9 actuellement d&rsquo;un laboratoire moderne avec des \u00e9quipements de pointe afin d&rsquo;effectuer des analyses qui \u00e9taient auparavant envoy\u00e9es \u00e0 l&rsquo;\u00e9tranger.Concernant les statuts particuliers des travailleurs de la sant\u00e9, le ministre a pr\u00e9cis\u00e9 que son d\u00e9partement \u00e9coutait les pr\u00e9occupations des syndicats du secteur dans le but de revoir ces textes.<\/p>\n\n\n\n<p><strong>Chokri Hafed<\/strong><\/p>\n","protected":false},"excerpt":{"rendered":"<p>L\u2019am\u00e9lioration des services publics de sant\u00e9 est une priorit\u00e9 du Gouvernement. Ainsi, un vaste plan de r\u00e9habilitation et de modernisation<\/p>\n","protected":false},"author":3,"featured_media":34306,"comment_status":"open","ping_status":"closed","sticky":false,"template":"","format":"standard","meta":{"colormag_page_container_layout":"default_layout","colormag_page_sidebar_layout":"default_layout","om_disable_all_campaigns":false,"_monsterinsights_skip_tracking":false,"_monsterinsights_sitenote_active":false,"_monsterinsights_sitenote_note":"","_monsterinsights_sitenote_category":0,"footnotes":"","_wpscppro_dont_share_socialmedia":false,"_wpscppro_custom_social_share_image":0,"_facebook_share_type":"","_twitter_share_type":"","_linkedin_share_type":"","_pinterest_share_type":"","_linkedin_share_type_page":"","_instagram_share_type":"","_medium_share_type":"","_threads_share_type":"","_google_business_share_type":"","_selected_social_profile":[],"_wpsp_enable_custom_social_template":false,"_wpsp_social_scheduling":{"enabled":false,"datetime":null,"platforms":[],"status":"template_only","dateOption":"today","timeOption":"now","customDays":"","customHours":"","customDate":"","customTime":"","schedulingType":"absolute"},"_wpsp_active_default_template":true},"categories":[27],"tags":[],"class_list":["post-34299","post","type-post","status-publish","format-standard","has-post-thumbnail","hentry","category-actualite"],"aioseo_notices":[],"yoast_head":"<!-- This site is optimized with the Yoast SEO plugin v27.5 - https:\/\/yoast.com\/product\/yoast-seo-wordpress\/ -->\n<title>Sant\u00e9\u00a0: 90 h\u00f4pitaux seront dot\u00e9s d\u2019\u00e9quipements modernes d\u00e8s cette ann\u00e9e - La Sentinelle<\/title>\n<meta name=\"robots\" content=\"index, follow, max-snippet:-1, max-image-preview:large, max-video-preview:-1\" \/>\n<link rel=\"canonical\" href=\"https:\/\/lasentinelle.dz\/index.php\/2023\/01\/16\/sante-90-hopitaux-seront-dotes-dequipements-modernes-des-cette-annee\/\" \/>\n<meta property=\"og:locale\" content=\"fr_FR\" \/>\n<meta property=\"og:type\" content=\"article\" \/>\n<meta property=\"og:title\" content=\"Sant\u00e9\u00a0: 90 h\u00f4pitaux seront dot\u00e9s d\u2019\u00e9quipements modernes d\u00e8s cette ann\u00e9e - La Sentinelle\" \/>\n<meta property=\"og:description\" content=\"L\u2019am\u00e9lioration des services publics de sant\u00e9 est une priorit\u00e9 du Gouvernement. Ainsi, un vaste plan de r\u00e9habilitation et de modernisation\" \/>\n<meta property=\"og:url\" content=\"https:\/\/lasentinelle.dz\/index.php\/2023\/01\/16\/sante-90-hopitaux-seront-dotes-dequipements-modernes-des-cette-annee\/\" \/>\n<meta property=\"og:site_name\" content=\"La Sentinelle\" \/>\n<meta property=\"article:publisher\" content=\"https:\/\/www.facebook.com\/La-Sentinelle-104059864394773\" \/>\n<meta property=\"article:published_time\" content=\"2023-01-16T21:05:00+00:00\" \/>\n<meta property=\"og:image\" content=\"https:\/\/lasentinelle.dz\/wp-content\/uploads\/2023\/01\/image_2023-01-16_211839273.png\" \/>\n\t<meta property=\"og:image:width\" content=\"580\" \/>\n\t<meta property=\"og:image:height\" content=\"350\" \/>\n\t<meta property=\"og:image:type\" content=\"image\/png\" \/>\n<meta name=\"author\" content=\"La Sentinelle\" \/>\n<meta name=\"twitter:card\" content=\"summary_large_image\" \/>\n<meta name=\"twitter:label1\" content=\"\u00c9crit par\" \/>\n\t<meta name=\"twitter:data1\" content=\"La Sentinelle\" \/>\n\t<meta name=\"twitter:label2\" content=\"Dur\u00e9e de lecture estim\u00e9e\" \/>\n\t<meta name=\"twitter:data2\" content=\"2 minutes\" \/>\n<script type=\"application\/ld+json\" class=\"yoast-schema-graph\">{\"@context\":\"https:\\\/\\\/schema.org\",\"@graph\":[{\"@type\":\"Article\",\"@id\":\"https:\\\/\\\/lasentinelle.dz\\\/index.php\\\/2023\\\/01\\\/16\\\/sante-90-hopitaux-seront-dotes-dequipements-modernes-des-cette-annee\\\/#article\",\"isPartOf\":{\"@id\":\"https:\\\/\\\/lasentinelle.dz\\\/index.php\\\/2023\\\/01\\\/16\\\/sante-90-hopitaux-seront-dotes-dequipements-modernes-des-cette-annee\\\/\"},\"author\":{\"name\":\"La Sentinelle\",\"@id\":\"https:\\\/\\\/lasentinelle.dz\\\/#\\\/schema\\\/person\\\/d865044e22e70a75174ce8bcad3acfb3\"},\"headline\":\"Sant\u00e9\u00a0: 90 h\u00f4pitaux seront dot\u00e9s d\u2019\u00e9quipements modernes d\u00e8s cette ann\u00e9e\",\"datePublished\":\"2023-01-16T21:05:00+00:00\",\"mainEntityOfPage\":{\"@id\":\"https:\\\/\\\/lasentinelle.dz\\\/index.php\\\/2023\\\/01\\\/16\\\/sante-90-hopitaux-seront-dotes-dequipements-modernes-des-cette-annee\\\/\"},\"wordCount\":410,\"commentCount\":0,\"publisher\":{\"@id\":\"https:\\\/\\\/lasentinelle.dz\\\/#organization\"},\"image\":{\"@id\":\"https:\\\/\\\/lasentinelle.dz\\\/index.php\\\/2023\\\/01\\\/16\\\/sante-90-hopitaux-seront-dotes-dequipements-modernes-des-cette-annee\\\/#primaryimage\"},\"thumbnailUrl\":\"https:\\\/\\\/lasentinelle.dz\\\/wp-content\\\/uploads\\\/2023\\\/01\\\/image_2023-01-16_211839273.png\",\"articleSection\":[\"Actualit\u00e9\"],\"inLanguage\":\"fr-FR\",\"potentialAction\":[{\"@type\":\"CommentAction\",\"name\":\"Comment\",\"target\":[\"https:\\\/\\\/lasentinelle.dz\\\/index.php\\\/2023\\\/01\\\/16\\\/sante-90-hopitaux-seront-dotes-dequipements-modernes-des-cette-annee\\\/#respond\"]}]},{\"@type\":\"WebPage\",\"@id\":\"https:\\\/\\\/lasentinelle.dz\\\/index.php\\\/2023\\\/01\\\/16\\\/sante-90-hopitaux-seront-dotes-dequipements-modernes-des-cette-annee\\\/\",\"url\":\"https:\\\/\\\/lasentinelle.dz\\\/index.php\\\/2023\\\/01\\\/16\\\/sante-90-hopitaux-seront-dotes-dequipements-modernes-des-cette-annee\\\/\",\"name\":\"Sant\u00e9\u00a0: 90 h\u00f4pitaux seront dot\u00e9s d\u2019\u00e9quipements modernes d\u00e8s cette ann\u00e9e - La Sentinelle\",\"isPartOf\":{\"@id\":\"https:\\\/\\\/lasentinelle.dz\\\/#website\"},\"primaryImageOfPage\":{\"@id\":\"https:\\\/\\\/lasentinelle.dz\\\/index.php\\\/2023\\\/01\\\/16\\\/sante-90-hopitaux-seront-dotes-dequipements-modernes-des-cette-annee\\\/#primaryimage\"},\"image\":{\"@id\":\"https:\\\/\\\/lasentinelle.dz\\\/index.php\\\/2023\\\/01\\\/16\\\/sante-90-hopitaux-seront-dotes-dequipements-modernes-des-cette-annee\\\/#primaryimage\"},\"thumbnailUrl\":\"https:\\\/\\\/lasentinelle.dz\\\/wp-content\\\/uploads\\\/2023\\\/01\\\/image_2023-01-16_211839273.png\",\"datePublished\":\"2023-01-16T21:05:00+00:00\",\"breadcrumb\":{\"@id\":\"https:\\\/\\\/lasentinelle.dz\\\/index.php\\\/2023\\\/01\\\/16\\\/sante-90-hopitaux-seront-dotes-dequipements-modernes-des-cette-annee\\\/#breadcrumb\"},\"inLanguage\":\"fr-FR\",\"potentialAction\":[{\"@type\":\"ReadAction\",\"target\":[\"https:\\\/\\\/lasentinelle.dz\\\/index.php\\\/2023\\\/01\\\/16\\\/sante-90-hopitaux-seront-dotes-dequipements-modernes-des-cette-annee\\\/\"]}]},{\"@type\":\"ImageObject\",\"inLanguage\":\"fr-FR\",\"@id\":\"https:\\\/\\\/lasentinelle.dz\\\/index.php\\\/2023\\\/01\\\/16\\\/sante-90-hopitaux-seront-dotes-dequipements-modernes-des-cette-annee\\\/#primaryimage\",\"url\":\"https:\\\/\\\/lasentinelle.dz\\\/wp-content\\\/uploads\\\/2023\\\/01\\\/image_2023-01-16_211839273.png\",\"contentUrl\":\"https:\\\/\\\/lasentinelle.dz\\\/wp-content\\\/uploads\\\/2023\\\/01\\\/image_2023-01-16_211839273.png\",\"width\":580,\"height\":350},{\"@type\":\"BreadcrumbList\",\"@id\":\"https:\\\/\\\/lasentinelle.dz\\\/index.php\\\/2023\\\/01\\\/16\\\/sante-90-hopitaux-seront-dotes-dequipements-modernes-des-cette-annee\\\/#breadcrumb\",\"itemListElement\":[{\"@type\":\"ListItem\",\"position\":1,\"name\":\"Accueil\",\"item\":\"https:\\\/\\\/lasentinelle.dz\\\/\"},{\"@type\":\"ListItem\",\"position\":2,\"name\":\"Sant\u00e9\u00a0: 90 h\u00f4pitaux seront dot\u00e9s d\u2019\u00e9quipements modernes d\u00e8s cette ann\u00e9e\"}]},{\"@type\":\"WebSite\",\"@id\":\"https:\\\/\\\/lasentinelle.dz\\\/#website\",\"url\":\"https:\\\/\\\/lasentinelle.dz\\\/\",\"name\":\"La Sentinelle\",\"description\":\"Quotidien national d&#039;information\",\"publisher\":{\"@id\":\"https:\\\/\\\/lasentinelle.dz\\\/#organization\"},\"potentialAction\":[{\"@type\":\"SearchAction\",\"target\":{\"@type\":\"EntryPoint\",\"urlTemplate\":\"https:\\\/\\\/lasentinelle.dz\\\/?s={search_term_string}\"},\"query-input\":{\"@type\":\"PropertyValueSpecification\",\"valueRequired\":true,\"valueName\":\"search_term_string\"}}],\"inLanguage\":\"fr-FR\"},{\"@type\":\"Organization\",\"@id\":\"https:\\\/\\\/lasentinelle.dz\\\/#organization\",\"name\":\"Quotidien La Sentinelle\",\"url\":\"https:\\\/\\\/lasentinelle.dz\\\/\",\"logo\":{\"@type\":\"ImageObject\",\"inLanguage\":\"fr-FR\",\"@id\":\"https:\\\/\\\/lasentinelle.dz\\\/#\\\/schema\\\/logo\\\/image\\\/\",\"url\":\"https:\\\/\\\/lasentinelle.dz\\\/wp-content\\\/uploads\\\/2021\\\/09\\\/logo-sentinelleSLOGAN-1.png\",\"contentUrl\":\"https:\\\/\\\/lasentinelle.dz\\\/wp-content\\\/uploads\\\/2021\\\/09\\\/logo-sentinelleSLOGAN-1.png\",\"width\":615,\"height\":142,\"caption\":\"Quotidien La Sentinelle\"},\"image\":{\"@id\":\"https:\\\/\\\/lasentinelle.dz\\\/#\\\/schema\\\/logo\\\/image\\\/\"},\"sameAs\":[\"https:\\\/\\\/www.facebook.com\\\/La-Sentinelle-104059864394773\"]},{\"@type\":\"Person\",\"@id\":\"https:\\\/\\\/lasentinelle.dz\\\/#\\\/schema\\\/person\\\/d865044e22e70a75174ce8bcad3acfb3\",\"name\":\"La Sentinelle\",\"image\":{\"@type\":\"ImageObject\",\"inLanguage\":\"fr-FR\",\"@id\":\"https:\\\/\\\/secure.gravatar.com\\\/avatar\\\/57de8e5d4b15d43fb361a71fbb36338450fe67865b528a43dd10ef7c51a20392?s=96&d=mm&r=g\",\"url\":\"https:\\\/\\\/secure.gravatar.com\\\/avatar\\\/57de8e5d4b15d43fb361a71fbb36338450fe67865b528a43dd10ef7c51a20392?s=96&d=mm&r=g\",\"contentUrl\":\"https:\\\/\\\/secure.gravatar.com\\\/avatar\\\/57de8e5d4b15d43fb361a71fbb36338450fe67865b528a43dd10ef7c51a20392?s=96&d=mm&r=g\",\"caption\":\"La Sentinelle\"},\"sameAs\":[\"http:\\\/\\\/www.lasentinelle.dz\"],\"url\":\"https:\\\/\\\/lasentinelle.dz\\\/author\\\/redaction\\\/\"}]}<\/script>\n<!-- \/ Yoast SEO plugin. -->","yoast_head_json":{"title":"Sant\u00e9\u00a0: 90 h\u00f4pitaux seront dot\u00e9s d\u2019\u00e9quipements modernes d\u00e8s cette ann\u00e9e - La Sentinelle","robots":{"index":"index","follow":"follow","max-snippet":"max-snippet:-1","max-image-preview":"max-image-preview:large","max-video-preview":"max-video-preview:-1"},"canonical":"https:\/\/lasentinelle.dz\/index.php\/2023\/01\/16\/sante-90-hopitaux-seront-dotes-dequipements-modernes-des-cette-annee\/","og_locale":"fr_FR","og_type":"article","og_title":"Sant\u00e9\u00a0: 90 h\u00f4pitaux seront dot\u00e9s d\u2019\u00e9quipements modernes d\u00e8s cette ann\u00e9e - La Sentinelle","og_description":"L\u2019am\u00e9lioration des services publics de sant\u00e9 est une priorit\u00e9 du Gouvernement. Ainsi, un vaste plan de r\u00e9habilitation et de modernisation","og_url":"https:\/\/lasentinelle.dz\/index.php\/2023\/01\/16\/sante-90-hopitaux-seront-dotes-dequipements-modernes-des-cette-annee\/","og_site_name":"La Sentinelle","article_publisher":"https:\/\/www.facebook.com\/La-Sentinelle-104059864394773","article_published_time":"2023-01-16T21:05:00+00:00","og_image":[{"width":580,"height":350,"url":"https:\/\/lasentinelle.dz\/wp-content\/uploads\/2023\/01\/image_2023-01-16_211839273.png","type":"image\/png"}],"author":"La Sentinelle","twitter_card":"summary_large_image","twitter_misc":{"\u00c9crit par":"La Sentinelle","Dur\u00e9e de lecture estim\u00e9e":"2 minutes"},"schema":{"@context":"https:\/\/schema.org","@graph":[{"@type":"Article","@id":"https:\/\/lasentinelle.dz\/index.php\/2023\/01\/16\/sante-90-hopitaux-seront-dotes-dequipements-modernes-des-cette-annee\/#article","isPartOf":{"@id":"https:\/\/lasentinelle.dz\/index.php\/2023\/01\/16\/sante-90-hopitaux-seront-dotes-dequipements-modernes-des-cette-annee\/"},"author":{"name":"La Sentinelle","@id":"https:\/\/lasentinelle.dz\/#\/schema\/person\/d865044e22e70a75174ce8bcad3acfb3"},"headline":"Sant\u00e9\u00a0: 90 h\u00f4pitaux seront dot\u00e9s d\u2019\u00e9quipements modernes d\u00e8s cette ann\u00e9e","datePublished":"2023-01-16T21:05:00+00:00","mainEntityOfPage":{"@id":"https:\/\/lasentinelle.dz\/index.php\/2023\/01\/16\/sante-90-hopitaux-seront-dotes-dequipements-modernes-des-cette-annee\/"},"wordCount":410,"commentCount":0,"publisher":{"@id":"https:\/\/lasentinelle.dz\/#organization"},"image":{"@id":"https:\/\/lasentinelle.dz\/index.php\/2023\/01\/16\/sante-90-hopitaux-seront-dotes-dequipements-modernes-des-cette-annee\/#primaryimage"},"thumbnailUrl":"https:\/\/lasentinelle.dz\/wp-content\/uploads\/2023\/01\/image_2023-01-16_211839273.png","articleSection":["Actualit\u00e9"],"inLanguage":"fr-FR","potentialAction":[{"@type":"CommentAction","name":"Comment","target":["https:\/\/lasentinelle.dz\/index.php\/2023\/01\/16\/sante-90-hopitaux-seront-dotes-dequipements-modernes-des-cette-annee\/#respond"]}]},{"@type":"WebPage","@id":"https:\/\/lasentinelle.dz\/index.php\/2023\/01\/16\/sante-90-hopitaux-seront-dotes-dequipements-modernes-des-cette-annee\/","url":"https:\/\/lasentinelle.dz\/index.php\/2023\/01\/16\/sante-90-hopitaux-seront-dotes-dequipements-modernes-des-cette-annee\/","name":"Sant\u00e9\u00a0: 90 h\u00f4pitaux seront dot\u00e9s d\u2019\u00e9quipements modernes d\u00e8s cette ann\u00e9e - La Sentinelle","isPartOf":{"@id":"https:\/\/lasentinelle.dz\/#website"},"primaryImageOfPage":{"@id":"https:\/\/lasentinelle.dz\/index.php\/2023\/01\/16\/sante-90-hopitaux-seront-dotes-dequipements-modernes-des-cette-annee\/#primaryimage"},"image":{"@id":"https:\/\/lasentinelle.dz\/index.php\/2023\/01\/16\/sante-90-hopitaux-seront-dotes-dequipements-modernes-des-cette-annee\/#primaryimage"},"thumbnailUrl":"https:\/\/lasentinelle.dz\/wp-content\/uploads\/2023\/01\/image_2023-01-16_211839273.png","datePublished":"2023-01-16T21:05:00+00:00","breadcrumb":{"@id":"https:\/\/lasentinelle.dz\/index.php\/2023\/01\/16\/sante-90-hopitaux-seront-dotes-dequipements-modernes-des-cette-annee\/#breadcrumb"},"inLanguage":"fr-FR","potentialAction":[{"@type":"ReadAction","target":["https:\/\/lasentinelle.dz\/index.php\/2023\/01\/16\/sante-90-hopitaux-seront-dotes-dequipements-modernes-des-cette-annee\/"]}]},{"@type":"ImageObject","inLanguage":"fr-FR","@id":"https:\/\/lasentinelle.dz\/index.php\/2023\/01\/16\/sante-90-hopitaux-seront-dotes-dequipements-modernes-des-cette-annee\/#primaryimage","url":"https:\/\/lasentinelle.dz\/wp-content\/uploads\/2023\/01\/image_2023-01-16_211839273.png","contentUrl":"https:\/\/lasentinelle.dz\/wp-content\/uploads\/2023\/01\/image_2023-01-16_211839273.png","width":580,"height":350},{"@type":"BreadcrumbList","@id":"https:\/\/lasentinelle.dz\/index.php\/2023\/01\/16\/sante-90-hopitaux-seront-dotes-dequipements-modernes-des-cette-annee\/#breadcrumb","itemListElement":[{"@type":"ListItem","position":1,"name":"Accueil","item":"https:\/\/lasentinelle.dz\/"},{"@type":"ListItem","position":2,"name":"Sant\u00e9\u00a0: 90 h\u00f4pitaux seront dot\u00e9s d\u2019\u00e9quipements modernes d\u00e8s cette ann\u00e9e"}]},{"@type":"WebSite","@id":"https:\/\/lasentinelle.dz\/#website","url":"https:\/\/lasentinelle.dz\/","name":"La Sentinelle","description":"Quotidien national d&#039;information","publisher":{"@id":"https:\/\/lasentinelle.dz\/#organization"},"potentialAction":[{"@type":"SearchAction","target":{"@type":"EntryPoint","urlTemplate":"https:\/\/lasentinelle.dz\/?s={search_term_string}"},"query-input":{"@type":"PropertyValueSpecification","valueRequired":true,"valueName":"search_term_string"}}],"inLanguage":"fr-FR"},{"@type":"Organization","@id":"https:\/\/lasentinelle.dz\/#organization","name":"Quotidien La Sentinelle","url":"https:\/\/lasentinelle.dz\/","logo":{"@type":"ImageObject","inLanguage":"fr-FR","@id":"https:\/\/lasentinelle.dz\/#\/schema\/logo\/image\/","url":"https:\/\/lasentinelle.dz\/wp-content\/uploads\/2021\/09\/logo-sentinelleSLOGAN-1.png","contentUrl":"https:\/\/lasentinelle.dz\/wp-content\/uploads\/2021\/09\/logo-sentinelleSLOGAN-1.png","width":615,"height":142,"caption":"Quotidien La Sentinelle"},"image":{"@id":"https:\/\/lasentinelle.dz\/#\/schema\/logo\/image\/"},"sameAs":["https:\/\/www.facebook.com\/La-Sentinelle-104059864394773"]},{"@type":"Person","@id":"https:\/\/lasentinelle.dz\/#\/schema\/person\/d865044e22e70a75174ce8bcad3acfb3","name":"La Sentinelle","image":{"@type":"ImageObject","inLanguage":"fr-FR","@id":"https:\/\/secure.gravatar.com\/avatar\/57de8e5d4b15d43fb361a71fbb36338450fe67865b528a43dd10ef7c51a20392?s=96&d=mm&r=g","url":"https:\/\/secure.gravatar.com\/avatar\/57de8e5d4b15d43fb361a71fbb36338450fe67865b528a43dd10ef7c51a20392?s=96&d=mm&r=g","contentUrl":"https:\/\/secure.gravatar.com\/avatar\/57de8e5d4b15d43fb361a71fbb36338450fe67865b528a43dd10ef7c51a20392?s=96&d=mm&r=g","caption":"La Sentinelle"},"sameAs":["http:\/\/www.lasentinelle.dz"],"url":"https:\/\/lasentinelle.dz\/author\/redaction\/"}]}},"_links":{"self":[{"href":"https:\/\/lasentinelle.dz\/index.php\/wp-json\/wp\/v2\/posts\/34299","targetHints":{"allow":["GET"]}}],"collection":[{"href":"https:\/\/lasentinelle.dz\/index.php\/wp-json\/wp\/v2\/posts"}],"about":[{"href":"https:\/\/lasentinelle.dz\/index.php\/wp-json\/wp\/v2\/types\/post"}],"author":[{"embeddable":true,"href":"https:\/\/lasentinelle.dz\/index.php\/wp-json\/wp\/v2\/users\/3"}],"replies":[{"embeddable":true,"href":"https:\/\/lasentinelle.dz\/index.php\/wp-json\/wp\/v2\/comments?post=34299"}],"version-history":[{"count":1,"href":"https:\/\/lasentinelle.dz\/index.php\/wp-json\/wp\/v2\/posts\/34299\/revisions"}],"predecessor-version":[{"id":34311,"href":"https:\/\/lasentinelle.dz\/index.php\/wp-json\/wp\/v2\/posts\/34299\/revisions\/34311"}],"wp:featuredmedia":[{"embeddable":true,"href":"https:\/\/lasentinelle.dz\/index.php\/wp-json\/wp\/v2\/media\/34306"}],"wp:attachment":[{"href":"https:\/\/lasentinelle.dz\/index.php\/wp-json\/wp\/v2\/media?parent=34299"}],"wp:term":[{"taxonomy":"category","embeddable":true,"href":"https:\/\/lasentinelle.dz\/index.php\/wp-json\/wp\/v2\/categories?post=34299"},{"taxonomy":"post_tag","embeddable":true,"href":"https:\/\/lasentinelle.dz\/index.php\/wp-json\/wp\/v2\/tags?post=34299"}],"curies":[{"name":"wp","href":"https:\/\/api.w.org\/{rel}","templated":true}]}}