{"id":34324,"date":"2023-01-17T22:00:00","date_gmt":"2023-01-17T21:00:00","guid":{"rendered":"https:\/\/lasentinelle.dz\/?p=34324"},"modified":"2023-01-17T17:28:54","modified_gmt":"2023-01-17T16:28:54","slug":"palestine-occupee-plusieurs-pays-reclament-la-levee-des-sanctions-israeliennes","status":"publish","type":"post","link":"https:\/\/lasentinelle.dz\/index.php\/2023\/01\/17\/palestine-occupee-plusieurs-pays-reclament-la-levee-des-sanctions-israeliennes\/","title":{"rendered":"<strong>Palestine occup\u00e9e\u00a0: Plusieurs pays r\u00e9clament la lev\u00e9e des sanctions isra\u00e9liennes<\/strong>"},"content":{"rendered":"\n<p>Une quarantaine de pays ont r\u00e9clam\u00e9 lundi soir la lev\u00e9e de sanctions adopt\u00e9es par l\u2019entit\u00e9 sioniste contre l&rsquo;Autorit\u00e9 palestinienne en repr\u00e9sailles d&rsquo;une r\u00e9solution de l&rsquo;Assembl\u00e9e g\u00e9n\u00e9rale de l&rsquo;ONU demandant \u00e0 la Cour internationale de justice de se pencher sur l&rsquo;occupation isra\u00e9lienne.<\/p>\n\n\n\n<p>Le 30 d\u00e9cembre, l&rsquo;Assembl\u00e9e g\u00e9n\u00e9rale a vot\u00e9 une r\u00e9solution demandant un avis \u00e0 la CIJ sur la question de l&rsquo;occupation isra\u00e9lienne des territoires palestiniens. Quelques jours plus tard, pour faire \u00abpayer le prix\u00bb \u00e0 l&rsquo;Autorit\u00e9 palestinienne d&rsquo;avoir pouss\u00e9 pour cette r\u00e9solution, le gouvernement Netanyahou a annonc\u00e9 une s\u00e9rie de sanctions, notamment financi\u00e8res. Dans une d\u00e9claration transmise \u00e0 des journalistes, une quarantaine d&rsquo;\u00c9tats membres de l&rsquo;ONU, r\u00e9affirmant \u00ableur soutien ind\u00e9fectible\u00bb \u00e0 la CIJ et au droit international, expriment leur \u00abprofonde inqui\u00e9tude concernant la d\u00e9cision du gouvernement isra\u00e9lien d&rsquo;imposer des mesures punitives au peuple, au leadership et \u00e0 la soci\u00e9t\u00e9 civile palestiniens apr\u00e8s la requ\u00eate de l&rsquo;Assembl\u00e9e g\u00e9n\u00e9rale\u00bb aupr\u00e8s de la Cour. \u00abQuelle que soit la position de chaque pays sur la r\u00e9solution, nous rejetons des mesures punitives en r\u00e9ponse \u00e0 une demande d&rsquo;avis de la Cour internationale de justice, et plus g\u00e9n\u00e9ralement en r\u00e9ponse \u00e0 une r\u00e9solution de l&rsquo;Assembl\u00e9e g\u00e9n\u00e9rale, et nous appelons \u00e0 leur retrait imm\u00e9diat\u00bb, ajoutent-ils. La d\u00e9claration est sign\u00e9e par des pays ayant vot\u00e9 pour cette r\u00e9solution (Alg\u00e9rieau nom du Groupe arabe, pr\u00e9sident du Sommet arabe et membre de la tro\u00efka arabe \u00e0 New York, Argentine, Belgique, Pakistan, Afrique du Sud, Irlande&#8230;), mais aussi par certains s&rsquo;\u00e9tant abstenus (Japon, France, Cor\u00e9e du Sud&#8230;) et d&rsquo;autres ayant vot\u00e9 contre (Allemagne, Estonie&#8230;). \u00abC&rsquo;est important parce que cela montre que quelle que soit la fa\u00e7on dont les pays ont vot\u00e9, ils sont unis dans le rejet des mesures punitives\u00bb, a salu\u00e9 dans un communiqu\u00e9 l&rsquo;ambassadeur palestinien aupr\u00e8s de l&rsquo;ONU, Riyad Mansour. Interrog\u00e9e sur la publication de cette d\u00e9claration, une porte-parole du secr\u00e9taire g\u00e9n\u00e9ral de l&rsquo;ONU a r\u00e9p\u00e9t\u00e9 \u00abla profonde inqui\u00e9tude\u00bb d&rsquo;Antonio Guterres concernant les \u00abr\u00e9centes mesures isra\u00e9liennes contre l&rsquo;Autorit\u00e9 palestinienne\u00bb, soulignant qu&rsquo;\u00abil ne devrait pas y avoir de repr\u00e9sailles\u00bb en lien avec la CIJ. Une r\u00e9union du Conseil de s\u00e9curit\u00e9 doit avoir lieu aujourd\u2019hui sur la question palestinienne. Le diplomate palestinien a exprim\u00e9 son espoir que le Conseil de s\u00e9curit\u00e9 maintienne la pression sur l&rsquo;entit\u00e9 sioniste jusqu&rsquo;\u00e0 ce qu&rsquo;elle retire les mesures ill\u00e9gales prises contre le peuple palestinien.<\/p>\n\n\n\n<p><strong>KhiderL. et agences<\/strong><\/p>\n","protected":false},"excerpt":{"rendered":"<p>Une quarantaine de pays ont r\u00e9clam\u00e9 lundi soir la lev\u00e9e de sanctions adopt\u00e9es par l\u2019entit\u00e9 sioniste contre l&rsquo;Autorit\u00e9 palestinienne en<\/p>\n","protected":false},"author":3,"featured_media":34325,"comment_status":"open","ping_status":"closed","sticky":false,"template":"","format":"standard","meta":{"colormag_page_container_layout":"default_layout","colormag_page_sidebar_layout":"default_layout","om_disable_all_campaigns":false,"_monsterinsights_skip_tracking":false,"_monsterinsights_sitenote_active":false,"_monsterinsights_sitenote_note":"","_monsterinsights_sitenote_category":0,"footnotes":"","_wpscppro_dont_share_socialmedia":false,"_wpscppro_custom_social_share_image":0,"_facebook_share_type":"","_twitter_share_type":"","_linkedin_share_type":"","_pinterest_share_type":"","_linkedin_share_type_page":"","_instagram_share_type":"","_medium_share_type":"","_threads_share_type":"","_google_business_share_type":"","_selected_social_profile":[],"_wpsp_enable_custom_social_template":false,"_wpsp_social_scheduling":{"enabled":false,"datetime":null,"platforms":[],"status":"template_only","dateOption":"today","timeOption":"now","customDays":"","customHours":"","customDate":"","customTime":"","schedulingType":"absolute"},"_wpsp_active_default_template":true},"categories":[37],"tags":[],"class_list":["post-34324","post","type-post","status-publish","format-standard","has-post-thumbnail","hentry","category-monde"],"aioseo_notices":[],"yoast_head":"<!-- This site is optimized with the Yoast SEO plugin v27.5 - https:\/\/yoast.com\/product\/yoast-seo-wordpress\/ -->\n<title>Palestine occup\u00e9e\u00a0: Plusieurs pays r\u00e9clament la lev\u00e9e des sanctions isra\u00e9liennes - La Sentinelle<\/title>\n<meta name=\"robots\" content=\"index, follow, max-snippet:-1, max-image-preview:large, max-video-preview:-1\" \/>\n<link rel=\"canonical\" href=\"https:\/\/lasentinelle.dz\/index.php\/2023\/01\/17\/palestine-occupee-plusieurs-pays-reclament-la-levee-des-sanctions-israeliennes\/\" \/>\n<meta property=\"og:locale\" content=\"fr_FR\" \/>\n<meta property=\"og:type\" content=\"article\" \/>\n<meta property=\"og:title\" content=\"Palestine occup\u00e9e\u00a0: Plusieurs pays r\u00e9clament la lev\u00e9e des sanctions isra\u00e9liennes - La Sentinelle\" \/>\n<meta property=\"og:description\" content=\"Une quarantaine de pays ont r\u00e9clam\u00e9 lundi soir la lev\u00e9e de sanctions adopt\u00e9es par l\u2019entit\u00e9 sioniste contre l&rsquo;Autorit\u00e9 palestinienne en\" \/>\n<meta property=\"og:url\" content=\"https:\/\/lasentinelle.dz\/index.php\/2023\/01\/17\/palestine-occupee-plusieurs-pays-reclament-la-levee-des-sanctions-israeliennes\/\" \/>\n<meta property=\"og:site_name\" content=\"La Sentinelle\" \/>\n<meta property=\"article:publisher\" content=\"https:\/\/www.facebook.com\/La-Sentinelle-104059864394773\" \/>\n<meta property=\"article:published_time\" content=\"2023-01-17T21:00:00+00:00\" \/>\n<meta property=\"og:image\" content=\"https:\/\/lasentinelle.dz\/wp-content\/uploads\/2023\/01\/Sans-titre-1-7.png\" \/>\n\t<meta property=\"og:image:width\" content=\"1351\" \/>\n\t<meta property=\"og:image:height\" content=\"900\" \/>\n\t<meta property=\"og:image:type\" content=\"image\/png\" \/>\n<meta name=\"author\" content=\"La Sentinelle\" \/>\n<meta name=\"twitter:card\" content=\"summary_large_image\" \/>\n<meta name=\"twitter:label1\" content=\"\u00c9crit par\" \/>\n\t<meta name=\"twitter:data1\" content=\"La Sentinelle\" \/>\n\t<meta name=\"twitter:label2\" content=\"Dur\u00e9e de lecture estim\u00e9e\" \/>\n\t<meta name=\"twitter:data2\" content=\"2 minutes\" \/>\n<script type=\"application\/ld+json\" class=\"yoast-schema-graph\">{\"@context\":\"https:\\\/\\\/schema.org\",\"@graph\":[{\"@type\":\"Article\",\"@id\":\"https:\\\/\\\/lasentinelle.dz\\\/index.php\\\/2023\\\/01\\\/17\\\/palestine-occupee-plusieurs-pays-reclament-la-levee-des-sanctions-israeliennes\\\/#article\",\"isPartOf\":{\"@id\":\"https:\\\/\\\/lasentinelle.dz\\\/index.php\\\/2023\\\/01\\\/17\\\/palestine-occupee-plusieurs-pays-reclament-la-levee-des-sanctions-israeliennes\\\/\"},\"author\":{\"name\":\"La Sentinelle\",\"@id\":\"https:\\\/\\\/lasentinelle.dz\\\/#\\\/schema\\\/person\\\/d865044e22e70a75174ce8bcad3acfb3\"},\"headline\":\"Palestine occup\u00e9e\u00a0: Plusieurs pays r\u00e9clament la lev\u00e9e des sanctions isra\u00e9liennes\",\"datePublished\":\"2023-01-17T21:00:00+00:00\",\"mainEntityOfPage\":{\"@id\":\"https:\\\/\\\/lasentinelle.dz\\\/index.php\\\/2023\\\/01\\\/17\\\/palestine-occupee-plusieurs-pays-reclament-la-levee-des-sanctions-israeliennes\\\/\"},\"wordCount\":477,\"commentCount\":0,\"publisher\":{\"@id\":\"https:\\\/\\\/lasentinelle.dz\\\/#organization\"},\"image\":{\"@id\":\"https:\\\/\\\/lasentinelle.dz\\\/index.php\\\/2023\\\/01\\\/17\\\/palestine-occupee-plusieurs-pays-reclament-la-levee-des-sanctions-israeliennes\\\/#primaryimage\"},\"thumbnailUrl\":\"https:\\\/\\\/lasentinelle.dz\\\/wp-content\\\/uploads\\\/2023\\\/01\\\/Sans-titre-1-7.png\",\"articleSection\":[\"Monde\"],\"inLanguage\":\"fr-FR\",\"potentialAction\":[{\"@type\":\"CommentAction\",\"name\":\"Comment\",\"target\":[\"https:\\\/\\\/lasentinelle.dz\\\/index.php\\\/2023\\\/01\\\/17\\\/palestine-occupee-plusieurs-pays-reclament-la-levee-des-sanctions-israeliennes\\\/#respond\"]}]},{\"@type\":\"WebPage\",\"@id\":\"https:\\\/\\\/lasentinelle.dz\\\/index.php\\\/2023\\\/01\\\/17\\\/palestine-occupee-plusieurs-pays-reclament-la-levee-des-sanctions-israeliennes\\\/\",\"url\":\"https:\\\/\\\/lasentinelle.dz\\\/index.php\\\/2023\\\/01\\\/17\\\/palestine-occupee-plusieurs-pays-reclament-la-levee-des-sanctions-israeliennes\\\/\",\"name\":\"Palestine occup\u00e9e\u00a0: Plusieurs pays r\u00e9clament la lev\u00e9e des sanctions isra\u00e9liennes - La Sentinelle\",\"isPartOf\":{\"@id\":\"https:\\\/\\\/lasentinelle.dz\\\/#website\"},\"primaryImageOfPage\":{\"@id\":\"https:\\\/\\\/lasentinelle.dz\\\/index.php\\\/2023\\\/01\\\/17\\\/palestine-occupee-plusieurs-pays-reclament-la-levee-des-sanctions-israeliennes\\\/#primaryimage\"},\"image\":{\"@id\":\"https:\\\/\\\/lasentinelle.dz\\\/index.php\\\/2023\\\/01\\\/17\\\/palestine-occupee-plusieurs-pays-reclament-la-levee-des-sanctions-israeliennes\\\/#primaryimage\"},\"thumbnailUrl\":\"https:\\\/\\\/lasentinelle.dz\\\/wp-content\\\/uploads\\\/2023\\\/01\\\/Sans-titre-1-7.png\",\"datePublished\":\"2023-01-17T21:00:00+00:00\",\"breadcrumb\":{\"@id\":\"https:\\\/\\\/lasentinelle.dz\\\/index.php\\\/2023\\\/01\\\/17\\\/palestine-occupee-plusieurs-pays-reclament-la-levee-des-sanctions-israeliennes\\\/#breadcrumb\"},\"inLanguage\":\"fr-FR\",\"potentialAction\":[{\"@type\":\"ReadAction\",\"target\":[\"https:\\\/\\\/lasentinelle.dz\\\/index.php\\\/2023\\\/01\\\/17\\\/palestine-occupee-plusieurs-pays-reclament-la-levee-des-sanctions-israeliennes\\\/\"]}]},{\"@type\":\"ImageObject\",\"inLanguage\":\"fr-FR\",\"@id\":\"https:\\\/\\\/lasentinelle.dz\\\/index.php\\\/2023\\\/01\\\/17\\\/palestine-occupee-plusieurs-pays-reclament-la-levee-des-sanctions-israeliennes\\\/#primaryimage\",\"url\":\"https:\\\/\\\/lasentinelle.dz\\\/wp-content\\\/uploads\\\/2023\\\/01\\\/Sans-titre-1-7.png\",\"contentUrl\":\"https:\\\/\\\/lasentinelle.dz\\\/wp-content\\\/uploads\\\/2023\\\/01\\\/Sans-titre-1-7.png\",\"width\":1351,\"height\":900},{\"@type\":\"BreadcrumbList\",\"@id\":\"https:\\\/\\\/lasentinelle.dz\\\/index.php\\\/2023\\\/01\\\/17\\\/palestine-occupee-plusieurs-pays-reclament-la-levee-des-sanctions-israeliennes\\\/#breadcrumb\",\"itemListElement\":[{\"@type\":\"ListItem\",\"position\":1,\"name\":\"Accueil\",\"item\":\"https:\\\/\\\/lasentinelle.dz\\\/\"},{\"@type\":\"ListItem\",\"position\":2,\"name\":\"Palestine occup\u00e9e\u00a0: Plusieurs pays r\u00e9clament la lev\u00e9e des sanctions isra\u00e9liennes\"}]},{\"@type\":\"WebSite\",\"@id\":\"https:\\\/\\\/lasentinelle.dz\\\/#website\",\"url\":\"https:\\\/\\\/lasentinelle.dz\\\/\",\"name\":\"La Sentinelle\",\"description\":\"Quotidien national d&#039;information\",\"publisher\":{\"@id\":\"https:\\\/\\\/lasentinelle.dz\\\/#organization\"},\"potentialAction\":[{\"@type\":\"SearchAction\",\"target\":{\"@type\":\"EntryPoint\",\"urlTemplate\":\"https:\\\/\\\/lasentinelle.dz\\\/?s={search_term_string}\"},\"query-input\":{\"@type\":\"PropertyValueSpecification\",\"valueRequired\":true,\"valueName\":\"search_term_string\"}}],\"inLanguage\":\"fr-FR\"},{\"@type\":\"Organization\",\"@id\":\"https:\\\/\\\/lasentinelle.dz\\\/#organization\",\"name\":\"Quotidien La Sentinelle\",\"url\":\"https:\\\/\\\/lasentinelle.dz\\\/\",\"logo\":{\"@type\":\"ImageObject\",\"inLanguage\":\"fr-FR\",\"@id\":\"https:\\\/\\\/lasentinelle.dz\\\/#\\\/schema\\\/logo\\\/image\\\/\",\"url\":\"https:\\\/\\\/lasentinelle.dz\\\/wp-content\\\/uploads\\\/2021\\\/09\\\/logo-sentinelleSLOGAN-1.png\",\"contentUrl\":\"https:\\\/\\\/lasentinelle.dz\\\/wp-content\\\/uploads\\\/2021\\\/09\\\/logo-sentinelleSLOGAN-1.png\",\"width\":615,\"height\":142,\"caption\":\"Quotidien La Sentinelle\"},\"image\":{\"@id\":\"https:\\\/\\\/lasentinelle.dz\\\/#\\\/schema\\\/logo\\\/image\\\/\"},\"sameAs\":[\"https:\\\/\\\/www.facebook.com\\\/La-Sentinelle-104059864394773\"]},{\"@type\":\"Person\",\"@id\":\"https:\\\/\\\/lasentinelle.dz\\\/#\\\/schema\\\/person\\\/d865044e22e70a75174ce8bcad3acfb3\",\"name\":\"La Sentinelle\",\"image\":{\"@type\":\"ImageObject\",\"inLanguage\":\"fr-FR\",\"@id\":\"https:\\\/\\\/secure.gravatar.com\\\/avatar\\\/57de8e5d4b15d43fb361a71fbb36338450fe67865b528a43dd10ef7c51a20392?s=96&d=mm&r=g\",\"url\":\"https:\\\/\\\/secure.gravatar.com\\\/avatar\\\/57de8e5d4b15d43fb361a71fbb36338450fe67865b528a43dd10ef7c51a20392?s=96&d=mm&r=g\",\"contentUrl\":\"https:\\\/\\\/secure.gravatar.com\\\/avatar\\\/57de8e5d4b15d43fb361a71fbb36338450fe67865b528a43dd10ef7c51a20392?s=96&d=mm&r=g\",\"caption\":\"La Sentinelle\"},\"sameAs\":[\"http:\\\/\\\/www.lasentinelle.dz\"],\"url\":\"https:\\\/\\\/lasentinelle.dz\\\/author\\\/redaction\\\/\"}]}<\/script>\n<!-- \/ Yoast SEO plugin. -->","yoast_head_json":{"title":"Palestine occup\u00e9e\u00a0: Plusieurs pays r\u00e9clament la lev\u00e9e des sanctions isra\u00e9liennes - La Sentinelle","robots":{"index":"index","follow":"follow","max-snippet":"max-snippet:-1","max-image-preview":"max-image-preview:large","max-video-preview":"max-video-preview:-1"},"canonical":"https:\/\/lasentinelle.dz\/index.php\/2023\/01\/17\/palestine-occupee-plusieurs-pays-reclament-la-levee-des-sanctions-israeliennes\/","og_locale":"fr_FR","og_type":"article","og_title":"Palestine occup\u00e9e\u00a0: Plusieurs pays r\u00e9clament la lev\u00e9e des sanctions isra\u00e9liennes - La Sentinelle","og_description":"Une quarantaine de pays ont r\u00e9clam\u00e9 lundi soir la lev\u00e9e de sanctions adopt\u00e9es par l\u2019entit\u00e9 sioniste contre l&rsquo;Autorit\u00e9 palestinienne en","og_url":"https:\/\/lasentinelle.dz\/index.php\/2023\/01\/17\/palestine-occupee-plusieurs-pays-reclament-la-levee-des-sanctions-israeliennes\/","og_site_name":"La Sentinelle","article_publisher":"https:\/\/www.facebook.com\/La-Sentinelle-104059864394773","article_published_time":"2023-01-17T21:00:00+00:00","og_image":[{"width":1351,"height":900,"url":"https:\/\/lasentinelle.dz\/wp-content\/uploads\/2023\/01\/Sans-titre-1-7.png","type":"image\/png"}],"author":"La Sentinelle","twitter_card":"summary_large_image","twitter_misc":{"\u00c9crit par":"La Sentinelle","Dur\u00e9e de lecture estim\u00e9e":"2 minutes"},"schema":{"@context":"https:\/\/schema.org","@graph":[{"@type":"Article","@id":"https:\/\/lasentinelle.dz\/index.php\/2023\/01\/17\/palestine-occupee-plusieurs-pays-reclament-la-levee-des-sanctions-israeliennes\/#article","isPartOf":{"@id":"https:\/\/lasentinelle.dz\/index.php\/2023\/01\/17\/palestine-occupee-plusieurs-pays-reclament-la-levee-des-sanctions-israeliennes\/"},"author":{"name":"La Sentinelle","@id":"https:\/\/lasentinelle.dz\/#\/schema\/person\/d865044e22e70a75174ce8bcad3acfb3"},"headline":"Palestine occup\u00e9e\u00a0: Plusieurs pays r\u00e9clament la lev\u00e9e des sanctions isra\u00e9liennes","datePublished":"2023-01-17T21:00:00+00:00","mainEntityOfPage":{"@id":"https:\/\/lasentinelle.dz\/index.php\/2023\/01\/17\/palestine-occupee-plusieurs-pays-reclament-la-levee-des-sanctions-israeliennes\/"},"wordCount":477,"commentCount":0,"publisher":{"@id":"https:\/\/lasentinelle.dz\/#organization"},"image":{"@id":"https:\/\/lasentinelle.dz\/index.php\/2023\/01\/17\/palestine-occupee-plusieurs-pays-reclament-la-levee-des-sanctions-israeliennes\/#primaryimage"},"thumbnailUrl":"https:\/\/lasentinelle.dz\/wp-content\/uploads\/2023\/01\/Sans-titre-1-7.png","articleSection":["Monde"],"inLanguage":"fr-FR","potentialAction":[{"@type":"CommentAction","name":"Comment","target":["https:\/\/lasentinelle.dz\/index.php\/2023\/01\/17\/palestine-occupee-plusieurs-pays-reclament-la-levee-des-sanctions-israeliennes\/#respond"]}]},{"@type":"WebPage","@id":"https:\/\/lasentinelle.dz\/index.php\/2023\/01\/17\/palestine-occupee-plusieurs-pays-reclament-la-levee-des-sanctions-israeliennes\/","url":"https:\/\/lasentinelle.dz\/index.php\/2023\/01\/17\/palestine-occupee-plusieurs-pays-reclament-la-levee-des-sanctions-israeliennes\/","name":"Palestine occup\u00e9e\u00a0: Plusieurs pays r\u00e9clament la lev\u00e9e des sanctions isra\u00e9liennes - La Sentinelle","isPartOf":{"@id":"https:\/\/lasentinelle.dz\/#website"},"primaryImageOfPage":{"@id":"https:\/\/lasentinelle.dz\/index.php\/2023\/01\/17\/palestine-occupee-plusieurs-pays-reclament-la-levee-des-sanctions-israeliennes\/#primaryimage"},"image":{"@id":"https:\/\/lasentinelle.dz\/index.php\/2023\/01\/17\/palestine-occupee-plusieurs-pays-reclament-la-levee-des-sanctions-israeliennes\/#primaryimage"},"thumbnailUrl":"https:\/\/lasentinelle.dz\/wp-content\/uploads\/2023\/01\/Sans-titre-1-7.png","datePublished":"2023-01-17T21:00:00+00:00","breadcrumb":{"@id":"https:\/\/lasentinelle.dz\/index.php\/2023\/01\/17\/palestine-occupee-plusieurs-pays-reclament-la-levee-des-sanctions-israeliennes\/#breadcrumb"},"inLanguage":"fr-FR","potentialAction":[{"@type":"ReadAction","target":["https:\/\/lasentinelle.dz\/index.php\/2023\/01\/17\/palestine-occupee-plusieurs-pays-reclament-la-levee-des-sanctions-israeliennes\/"]}]},{"@type":"ImageObject","inLanguage":"fr-FR","@id":"https:\/\/lasentinelle.dz\/index.php\/2023\/01\/17\/palestine-occupee-plusieurs-pays-reclament-la-levee-des-sanctions-israeliennes\/#primaryimage","url":"https:\/\/lasentinelle.dz\/wp-content\/uploads\/2023\/01\/Sans-titre-1-7.png","contentUrl":"https:\/\/lasentinelle.dz\/wp-content\/uploads\/2023\/01\/Sans-titre-1-7.png","width":1351,"height":900},{"@type":"BreadcrumbList","@id":"https:\/\/lasentinelle.dz\/index.php\/2023\/01\/17\/palestine-occupee-plusieurs-pays-reclament-la-levee-des-sanctions-israeliennes\/#breadcrumb","itemListElement":[{"@type":"ListItem","position":1,"name":"Accueil","item":"https:\/\/lasentinelle.dz\/"},{"@type":"ListItem","position":2,"name":"Palestine occup\u00e9e\u00a0: Plusieurs pays r\u00e9clament la lev\u00e9e des sanctions isra\u00e9liennes"}]},{"@type":"WebSite","@id":"https:\/\/lasentinelle.dz\/#website","url":"https:\/\/lasentinelle.dz\/","name":"La Sentinelle","description":"Quotidien national d&#039;information","publisher":{"@id":"https:\/\/lasentinelle.dz\/#organization"},"potentialAction":[{"@type":"SearchAction","target":{"@type":"EntryPoint","urlTemplate":"https:\/\/lasentinelle.dz\/?s={search_term_string}"},"query-input":{"@type":"PropertyValueSpecification","valueRequired":true,"valueName":"search_term_string"}}],"inLanguage":"fr-FR"},{"@type":"Organization","@id":"https:\/\/lasentinelle.dz\/#organization","name":"Quotidien La Sentinelle","url":"https:\/\/lasentinelle.dz\/","logo":{"@type":"ImageObject","inLanguage":"fr-FR","@id":"https:\/\/lasentinelle.dz\/#\/schema\/logo\/image\/","url":"https:\/\/lasentinelle.dz\/wp-content\/uploads\/2021\/09\/logo-sentinelleSLOGAN-1.png","contentUrl":"https:\/\/lasentinelle.dz\/wp-content\/uploads\/2021\/09\/logo-sentinelleSLOGAN-1.png","width":615,"height":142,"caption":"Quotidien La Sentinelle"},"image":{"@id":"https:\/\/lasentinelle.dz\/#\/schema\/logo\/image\/"},"sameAs":["https:\/\/www.facebook.com\/La-Sentinelle-104059864394773"]},{"@type":"Person","@id":"https:\/\/lasentinelle.dz\/#\/schema\/person\/d865044e22e70a75174ce8bcad3acfb3","name":"La Sentinelle","image":{"@type":"ImageObject","inLanguage":"fr-FR","@id":"https:\/\/secure.gravatar.com\/avatar\/57de8e5d4b15d43fb361a71fbb36338450fe67865b528a43dd10ef7c51a20392?s=96&d=mm&r=g","url":"https:\/\/secure.gravatar.com\/avatar\/57de8e5d4b15d43fb361a71fbb36338450fe67865b528a43dd10ef7c51a20392?s=96&d=mm&r=g","contentUrl":"https:\/\/secure.gravatar.com\/avatar\/57de8e5d4b15d43fb361a71fbb36338450fe67865b528a43dd10ef7c51a20392?s=96&d=mm&r=g","caption":"La Sentinelle"},"sameAs":["http:\/\/www.lasentinelle.dz"],"url":"https:\/\/lasentinelle.dz\/author\/redaction\/"}]}},"_links":{"self":[{"href":"https:\/\/lasentinelle.dz\/index.php\/wp-json\/wp\/v2\/posts\/34324","targetHints":{"allow":["GET"]}}],"collection":[{"href":"https:\/\/lasentinelle.dz\/index.php\/wp-json\/wp\/v2\/posts"}],"about":[{"href":"https:\/\/lasentinelle.dz\/index.php\/wp-json\/wp\/v2\/types\/post"}],"author":[{"embeddable":true,"href":"https:\/\/lasentinelle.dz\/index.php\/wp-json\/wp\/v2\/users\/3"}],"replies":[{"embeddable":true,"href":"https:\/\/lasentinelle.dz\/index.php\/wp-json\/wp\/v2\/comments?post=34324"}],"version-history":[{"count":1,"href":"https:\/\/lasentinelle.dz\/index.php\/wp-json\/wp\/v2\/posts\/34324\/revisions"}],"predecessor-version":[{"id":34333,"href":"https:\/\/lasentinelle.dz\/index.php\/wp-json\/wp\/v2\/posts\/34324\/revisions\/34333"}],"wp:featuredmedia":[{"embeddable":true,"href":"https:\/\/lasentinelle.dz\/index.php\/wp-json\/wp\/v2\/media\/34325"}],"wp:attachment":[{"href":"https:\/\/lasentinelle.dz\/index.php\/wp-json\/wp\/v2\/media?parent=34324"}],"wp:term":[{"taxonomy":"category","embeddable":true,"href":"https:\/\/lasentinelle.dz\/index.php\/wp-json\/wp\/v2\/categories?post=34324"},{"taxonomy":"post_tag","embeddable":true,"href":"https:\/\/lasentinelle.dz\/index.php\/wp-json\/wp\/v2\/tags?post=34324"}],"curies":[{"name":"wp","href":"https:\/\/api.w.org\/{rel}","templated":true}]}}