{"id":34340,"date":"2023-01-17T22:00:00","date_gmt":"2023-01-17T21:00:00","guid":{"rendered":"https:\/\/lasentinelle.dz\/?p=34340"},"modified":"2023-01-17T18:35:07","modified_gmt":"2023-01-17T17:35:07","slug":"souailo-haidara-selectionneur-de-la-cote-divoire-on-sait-de-quoi-est-faite-la-rd-congo","status":"publish","type":"post","link":"https:\/\/lasentinelle.dz\/index.php\/2023\/01\/17\/souailo-haidara-selectionneur-de-la-cote-divoire-on-sait-de-quoi-est-faite-la-rd-congo\/","title":{"rendered":"Souailo Haidara, s\u00e9lectionneur de la C\u00f4te d\u2019Ivoire\u00a0: \u00a0\u00bb On sait de quoi est faite la RD Congo\u00a0\u00bb"},"content":{"rendered":"\n<p>Le s\u00e9lectionneur de la C\u00f4te d&rsquo;Ivoire, Soualiho Haidara, a reconnu que son \u00e9quipe est dans une situation difficile, mais qu&rsquo;elle sait exactement quoi faire contre la RD Congo aujourd\u2019hui, dans leur deuxi\u00e8me match du groupe B du Championnat d&rsquo;Afrique des Nations TotalEnergies 2022.Les El\u00e9phants ont subi une d\u00e9faite 1-0 contre le S\u00e9n\u00e9gal lors de leur premier match samedi, et affrontent maintenant les l\u00e9opards de la RD Congo &#8211; deux fois vainqueurs qui, de leur c\u00f4t\u00e9, ont \u00e9t\u00e9 tenus en \u00e9chec par l&rsquo;Ouganda (0-0).Obtenir un r\u00e9sultat positif du match de mercredi est un imp\u00e9ratif pour la C\u00f4te d&rsquo;Ivoire, qui cherchera \u00e0 terminer \u00e0 l&rsquo;une des deux premi\u00e8res places.\u00a0\u00bbNous sommes dans une situation difficile. La d\u00e9faite contre le S\u00e9n\u00e9gal rend notre comp\u00e9tition plus difficile. Mais cette d\u00e9faite nous apprend quelque chose. Le S\u00e9n\u00e9gal est diff\u00e9rent de la RDC. Nous allons essayer de nous adapter et de voir comment se passe la journ\u00e9e de demain\u00a0\u00bb, a d\u00e9clar\u00e9 Soualiho Haidara lors de sa conf\u00e9rence de presse d&rsquo;avant match, hier.\u00a0\u00bbNous savons de quoi est faite cette \u00e9quipe du Congo. Nous allons essayer de donner la chance \u00e0 d&rsquo;autres joueurs de montrer leur qualit\u00e9 et de maximiser les chances d&rsquo;obtenir le r\u00e9sultat\u00a0\u00bb, Soualiho.\u00a0\u00bbLa diff\u00e9rence se fera au niveau de la mobilit\u00e9 des deux \u00e9quipes. Je ne vous dirai pas les strat\u00e9gies que nous utiliserons demain. Nous savons que la RDC explore les ailes dans son style de jeu mais nous ferons de notre mieux pour contrer cela demain car le match est crucial\u00a0\u00bb, a ajout\u00e9 Soualiho.Le d\u00e9fenseur ivoirien Mahan Marc Goua, qui a accompagn\u00e9 son entra\u00eeneur \u00e0 la conf\u00e9rence de presse, a promis qu&rsquo;ils feront de leur mieux pour satisfaire les compatriotes au pays.\u00a0\u00bbLes Ivoiriens sont des sportifs qui soutiennent le football et l&rsquo;aiment. Nous ferons de notre mieux contre le Congo pour leur donner satisfaction ici et au pays\u00a0\u00bb, a d\u00e9clar\u00e9 Marc Goua.\u00a0\u00bbLe plus important est de rester concentr\u00e9. J&rsquo;\u00e9tais l\u00e0 en 2016, nous avons perdu le premier match mais nous sommes finalement all\u00e9s jusqu&rsquo;en demi-finale. Donc, le plus important est de rester concentr\u00e9 car nous voulons \u00eatre ici pendant trois semaines et nous travaillons pour cela.\u00a0\u00bb\u00a0\u00bbNous jouons contre une nation qui a \u00e9t\u00e9 gagnante \u00e0 deux reprises mais la plupart de ceux qui l&rsquo;ont gagn\u00e9e ne sont plus l\u00e0 tout comme notre g\u00e9n\u00e9ration 2016 n&rsquo;est plus l\u00e0. En g\u00e9n\u00e9ral, je ne pense pas aux adversaires. Je pr\u00e9f\u00e8re qu&rsquo;ils se pr\u00e9occupent de moi plut\u00f4t que de l&rsquo;inverse \u00ab\u00a0, a conclu Marc Goua.<\/p>\n\n\n\n<p>R.S.<\/p>\n","protected":false},"excerpt":{"rendered":"<p>Le s\u00e9lectionneur de la C\u00f4te d&rsquo;Ivoire, Soualiho Haidara, a reconnu que son \u00e9quipe est dans une situation difficile, mais qu&rsquo;elle<\/p>\n","protected":false},"author":3,"featured_media":34355,"comment_status":"open","ping_status":"closed","sticky":false,"template":"","format":"standard","meta":{"colormag_page_container_layout":"default_layout","colormag_page_sidebar_layout":"default_layout","om_disable_all_campaigns":false,"_monsterinsights_skip_tracking":false,"_monsterinsights_sitenote_active":false,"_monsterinsights_sitenote_note":"","_monsterinsights_sitenote_category":0,"footnotes":"","_wpscppro_dont_share_socialmedia":false,"_wpscppro_custom_social_share_image":0,"_facebook_share_type":"","_twitter_share_type":"","_linkedin_share_type":"","_pinterest_share_type":"","_linkedin_share_type_page":"","_instagram_share_type":"","_medium_share_type":"","_threads_share_type":"","_google_business_share_type":"","_selected_social_profile":[],"_wpsp_enable_custom_social_template":false,"_wpsp_social_scheduling":{"enabled":false,"datetime":null,"platforms":[],"status":"template_only","dateOption":"today","timeOption":"now","customDays":"","customHours":"","customDate":"","customTime":"","schedulingType":"absolute"},"_wpsp_active_default_template":true},"categories":[33],"tags":[],"class_list":["post-34340","post","type-post","status-publish","format-standard","has-post-thumbnail","hentry","category-sports"],"aioseo_notices":[],"yoast_head":"<!-- This site is optimized with the Yoast SEO plugin v27.4 - https:\/\/yoast.com\/product\/yoast-seo-wordpress\/ -->\n<title>Souailo Haidara, s\u00e9lectionneur de la C\u00f4te d\u2019Ivoire\u00a0: \u00a0\u00bb On sait de quoi est faite la RD Congo\u00a0\u00bb - La Sentinelle<\/title>\n<meta name=\"robots\" content=\"index, follow, max-snippet:-1, max-image-preview:large, max-video-preview:-1\" \/>\n<link rel=\"canonical\" href=\"https:\/\/lasentinelle.dz\/index.php\/2023\/01\/17\/souailo-haidara-selectionneur-de-la-cote-divoire-on-sait-de-quoi-est-faite-la-rd-congo\/\" \/>\n<meta property=\"og:locale\" content=\"fr_FR\" \/>\n<meta property=\"og:type\" content=\"article\" \/>\n<meta property=\"og:title\" content=\"Souailo Haidara, s\u00e9lectionneur de la C\u00f4te d\u2019Ivoire\u00a0: \u00a0\u00bb On sait de quoi est faite la RD Congo\u00a0\u00bb - La Sentinelle\" \/>\n<meta property=\"og:description\" content=\"Le s\u00e9lectionneur de la C\u00f4te d&rsquo;Ivoire, Soualiho Haidara, a reconnu que son \u00e9quipe est dans une situation difficile, mais qu&rsquo;elle\" \/>\n<meta property=\"og:url\" content=\"https:\/\/lasentinelle.dz\/index.php\/2023\/01\/17\/souailo-haidara-selectionneur-de-la-cote-divoire-on-sait-de-quoi-est-faite-la-rd-congo\/\" \/>\n<meta property=\"og:site_name\" content=\"La Sentinelle\" \/>\n<meta property=\"article:publisher\" content=\"https:\/\/www.facebook.com\/La-Sentinelle-104059864394773\" \/>\n<meta property=\"article:published_time\" content=\"2023-01-17T21:00:00+00:00\" \/>\n<meta property=\"og:image\" content=\"https:\/\/lasentinelle.dz\/wp-content\/uploads\/2023\/01\/haidara-1-1024x576.png\" \/>\n\t<meta property=\"og:image:width\" content=\"1024\" \/>\n\t<meta property=\"og:image:height\" content=\"576\" \/>\n\t<meta property=\"og:image:type\" content=\"image\/png\" \/>\n<meta name=\"author\" content=\"La Sentinelle\" \/>\n<meta name=\"twitter:card\" content=\"summary_large_image\" \/>\n<meta name=\"twitter:label1\" content=\"\u00c9crit par\" \/>\n\t<meta name=\"twitter:data1\" content=\"La Sentinelle\" \/>\n\t<meta name=\"twitter:label2\" content=\"Dur\u00e9e de lecture estim\u00e9e\" \/>\n\t<meta name=\"twitter:data2\" content=\"3 minutes\" \/>\n<script type=\"application\/ld+json\" class=\"yoast-schema-graph\">{\"@context\":\"https:\\\/\\\/schema.org\",\"@graph\":[{\"@type\":\"Article\",\"@id\":\"https:\\\/\\\/lasentinelle.dz\\\/index.php\\\/2023\\\/01\\\/17\\\/souailo-haidara-selectionneur-de-la-cote-divoire-on-sait-de-quoi-est-faite-la-rd-congo\\\/#article\",\"isPartOf\":{\"@id\":\"https:\\\/\\\/lasentinelle.dz\\\/index.php\\\/2023\\\/01\\\/17\\\/souailo-haidara-selectionneur-de-la-cote-divoire-on-sait-de-quoi-est-faite-la-rd-congo\\\/\"},\"author\":{\"name\":\"La Sentinelle\",\"@id\":\"https:\\\/\\\/lasentinelle.dz\\\/#\\\/schema\\\/person\\\/d865044e22e70a75174ce8bcad3acfb3\"},\"headline\":\"Souailo Haidara, s\u00e9lectionneur de la C\u00f4te d\u2019Ivoire\u00a0: \u00a0\u00bb On sait de quoi est faite la RD Congo\u00a0\u00bb\",\"datePublished\":\"2023-01-17T21:00:00+00:00\",\"mainEntityOfPage\":{\"@id\":\"https:\\\/\\\/lasentinelle.dz\\\/index.php\\\/2023\\\/01\\\/17\\\/souailo-haidara-selectionneur-de-la-cote-divoire-on-sait-de-quoi-est-faite-la-rd-congo\\\/\"},\"wordCount\":487,\"commentCount\":0,\"publisher\":{\"@id\":\"https:\\\/\\\/lasentinelle.dz\\\/#organization\"},\"image\":{\"@id\":\"https:\\\/\\\/lasentinelle.dz\\\/index.php\\\/2023\\\/01\\\/17\\\/souailo-haidara-selectionneur-de-la-cote-divoire-on-sait-de-quoi-est-faite-la-rd-congo\\\/#primaryimage\"},\"thumbnailUrl\":\"https:\\\/\\\/lasentinelle.dz\\\/wp-content\\\/uploads\\\/2023\\\/01\\\/haidara-1.png\",\"articleSection\":[\"Sports\"],\"inLanguage\":\"fr-FR\",\"potentialAction\":[{\"@type\":\"CommentAction\",\"name\":\"Comment\",\"target\":[\"https:\\\/\\\/lasentinelle.dz\\\/index.php\\\/2023\\\/01\\\/17\\\/souailo-haidara-selectionneur-de-la-cote-divoire-on-sait-de-quoi-est-faite-la-rd-congo\\\/#respond\"]}]},{\"@type\":\"WebPage\",\"@id\":\"https:\\\/\\\/lasentinelle.dz\\\/index.php\\\/2023\\\/01\\\/17\\\/souailo-haidara-selectionneur-de-la-cote-divoire-on-sait-de-quoi-est-faite-la-rd-congo\\\/\",\"url\":\"https:\\\/\\\/lasentinelle.dz\\\/index.php\\\/2023\\\/01\\\/17\\\/souailo-haidara-selectionneur-de-la-cote-divoire-on-sait-de-quoi-est-faite-la-rd-congo\\\/\",\"name\":\"Souailo Haidara, s\u00e9lectionneur de la C\u00f4te d\u2019Ivoire\u00a0: \u00a0\u00bb On sait de quoi est faite la RD Congo\u00a0\u00bb - La Sentinelle\",\"isPartOf\":{\"@id\":\"https:\\\/\\\/lasentinelle.dz\\\/#website\"},\"primaryImageOfPage\":{\"@id\":\"https:\\\/\\\/lasentinelle.dz\\\/index.php\\\/2023\\\/01\\\/17\\\/souailo-haidara-selectionneur-de-la-cote-divoire-on-sait-de-quoi-est-faite-la-rd-congo\\\/#primaryimage\"},\"image\":{\"@id\":\"https:\\\/\\\/lasentinelle.dz\\\/index.php\\\/2023\\\/01\\\/17\\\/souailo-haidara-selectionneur-de-la-cote-divoire-on-sait-de-quoi-est-faite-la-rd-congo\\\/#primaryimage\"},\"thumbnailUrl\":\"https:\\\/\\\/lasentinelle.dz\\\/wp-content\\\/uploads\\\/2023\\\/01\\\/haidara-1.png\",\"datePublished\":\"2023-01-17T21:00:00+00:00\",\"breadcrumb\":{\"@id\":\"https:\\\/\\\/lasentinelle.dz\\\/index.php\\\/2023\\\/01\\\/17\\\/souailo-haidara-selectionneur-de-la-cote-divoire-on-sait-de-quoi-est-faite-la-rd-congo\\\/#breadcrumb\"},\"inLanguage\":\"fr-FR\",\"potentialAction\":[{\"@type\":\"ReadAction\",\"target\":[\"https:\\\/\\\/lasentinelle.dz\\\/index.php\\\/2023\\\/01\\\/17\\\/souailo-haidara-selectionneur-de-la-cote-divoire-on-sait-de-quoi-est-faite-la-rd-congo\\\/\"]}]},{\"@type\":\"ImageObject\",\"inLanguage\":\"fr-FR\",\"@id\":\"https:\\\/\\\/lasentinelle.dz\\\/index.php\\\/2023\\\/01\\\/17\\\/souailo-haidara-selectionneur-de-la-cote-divoire-on-sait-de-quoi-est-faite-la-rd-congo\\\/#primaryimage\",\"url\":\"https:\\\/\\\/lasentinelle.dz\\\/wp-content\\\/uploads\\\/2023\\\/01\\\/haidara-1.png\",\"contentUrl\":\"https:\\\/\\\/lasentinelle.dz\\\/wp-content\\\/uploads\\\/2023\\\/01\\\/haidara-1.png\",\"width\":2560,\"height\":1440},{\"@type\":\"BreadcrumbList\",\"@id\":\"https:\\\/\\\/lasentinelle.dz\\\/index.php\\\/2023\\\/01\\\/17\\\/souailo-haidara-selectionneur-de-la-cote-divoire-on-sait-de-quoi-est-faite-la-rd-congo\\\/#breadcrumb\",\"itemListElement\":[{\"@type\":\"ListItem\",\"position\":1,\"name\":\"Accueil\",\"item\":\"https:\\\/\\\/lasentinelle.dz\\\/\"},{\"@type\":\"ListItem\",\"position\":2,\"name\":\"Souailo Haidara, s\u00e9lectionneur de la C\u00f4te d\u2019Ivoire\u00a0: \u00a0\u00bb On sait de quoi est faite la RD Congo\u00a0\u00bb\"}]},{\"@type\":\"WebSite\",\"@id\":\"https:\\\/\\\/lasentinelle.dz\\\/#website\",\"url\":\"https:\\\/\\\/lasentinelle.dz\\\/\",\"name\":\"La Sentinelle\",\"description\":\"Quotidien national d&#039;information\",\"publisher\":{\"@id\":\"https:\\\/\\\/lasentinelle.dz\\\/#organization\"},\"potentialAction\":[{\"@type\":\"SearchAction\",\"target\":{\"@type\":\"EntryPoint\",\"urlTemplate\":\"https:\\\/\\\/lasentinelle.dz\\\/?s={search_term_string}\"},\"query-input\":{\"@type\":\"PropertyValueSpecification\",\"valueRequired\":true,\"valueName\":\"search_term_string\"}}],\"inLanguage\":\"fr-FR\"},{\"@type\":\"Organization\",\"@id\":\"https:\\\/\\\/lasentinelle.dz\\\/#organization\",\"name\":\"Quotidien La Sentinelle\",\"url\":\"https:\\\/\\\/lasentinelle.dz\\\/\",\"logo\":{\"@type\":\"ImageObject\",\"inLanguage\":\"fr-FR\",\"@id\":\"https:\\\/\\\/lasentinelle.dz\\\/#\\\/schema\\\/logo\\\/image\\\/\",\"url\":\"https:\\\/\\\/lasentinelle.dz\\\/wp-content\\\/uploads\\\/2021\\\/09\\\/logo-sentinelleSLOGAN-1.png\",\"contentUrl\":\"https:\\\/\\\/lasentinelle.dz\\\/wp-content\\\/uploads\\\/2021\\\/09\\\/logo-sentinelleSLOGAN-1.png\",\"width\":615,\"height\":142,\"caption\":\"Quotidien La Sentinelle\"},\"image\":{\"@id\":\"https:\\\/\\\/lasentinelle.dz\\\/#\\\/schema\\\/logo\\\/image\\\/\"},\"sameAs\":[\"https:\\\/\\\/www.facebook.com\\\/La-Sentinelle-104059864394773\"]},{\"@type\":\"Person\",\"@id\":\"https:\\\/\\\/lasentinelle.dz\\\/#\\\/schema\\\/person\\\/d865044e22e70a75174ce8bcad3acfb3\",\"name\":\"La Sentinelle\",\"image\":{\"@type\":\"ImageObject\",\"inLanguage\":\"fr-FR\",\"@id\":\"https:\\\/\\\/secure.gravatar.com\\\/avatar\\\/57de8e5d4b15d43fb361a71fbb36338450fe67865b528a43dd10ef7c51a20392?s=96&d=mm&r=g\",\"url\":\"https:\\\/\\\/secure.gravatar.com\\\/avatar\\\/57de8e5d4b15d43fb361a71fbb36338450fe67865b528a43dd10ef7c51a20392?s=96&d=mm&r=g\",\"contentUrl\":\"https:\\\/\\\/secure.gravatar.com\\\/avatar\\\/57de8e5d4b15d43fb361a71fbb36338450fe67865b528a43dd10ef7c51a20392?s=96&d=mm&r=g\",\"caption\":\"La Sentinelle\"},\"sameAs\":[\"http:\\\/\\\/www.lasentinelle.dz\"],\"url\":\"https:\\\/\\\/lasentinelle.dz\\\/author\\\/redaction\\\/\"}]}<\/script>\n<!-- \/ Yoast SEO plugin. -->","yoast_head_json":{"title":"Souailo Haidara, s\u00e9lectionneur de la C\u00f4te d\u2019Ivoire\u00a0: \u00a0\u00bb On sait de quoi est faite la RD Congo\u00a0\u00bb - La Sentinelle","robots":{"index":"index","follow":"follow","max-snippet":"max-snippet:-1","max-image-preview":"max-image-preview:large","max-video-preview":"max-video-preview:-1"},"canonical":"https:\/\/lasentinelle.dz\/index.php\/2023\/01\/17\/souailo-haidara-selectionneur-de-la-cote-divoire-on-sait-de-quoi-est-faite-la-rd-congo\/","og_locale":"fr_FR","og_type":"article","og_title":"Souailo Haidara, s\u00e9lectionneur de la C\u00f4te d\u2019Ivoire\u00a0: \u00a0\u00bb On sait de quoi est faite la RD Congo\u00a0\u00bb - La Sentinelle","og_description":"Le s\u00e9lectionneur de la C\u00f4te d&rsquo;Ivoire, Soualiho Haidara, a reconnu que son \u00e9quipe est dans une situation difficile, mais qu&rsquo;elle","og_url":"https:\/\/lasentinelle.dz\/index.php\/2023\/01\/17\/souailo-haidara-selectionneur-de-la-cote-divoire-on-sait-de-quoi-est-faite-la-rd-congo\/","og_site_name":"La Sentinelle","article_publisher":"https:\/\/www.facebook.com\/La-Sentinelle-104059864394773","article_published_time":"2023-01-17T21:00:00+00:00","og_image":[{"width":1024,"height":576,"url":"https:\/\/lasentinelle.dz\/wp-content\/uploads\/2023\/01\/haidara-1-1024x576.png","type":"image\/png"}],"author":"La Sentinelle","twitter_card":"summary_large_image","twitter_misc":{"\u00c9crit par":"La Sentinelle","Dur\u00e9e de lecture estim\u00e9e":"3 minutes"},"schema":{"@context":"https:\/\/schema.org","@graph":[{"@type":"Article","@id":"https:\/\/lasentinelle.dz\/index.php\/2023\/01\/17\/souailo-haidara-selectionneur-de-la-cote-divoire-on-sait-de-quoi-est-faite-la-rd-congo\/#article","isPartOf":{"@id":"https:\/\/lasentinelle.dz\/index.php\/2023\/01\/17\/souailo-haidara-selectionneur-de-la-cote-divoire-on-sait-de-quoi-est-faite-la-rd-congo\/"},"author":{"name":"La Sentinelle","@id":"https:\/\/lasentinelle.dz\/#\/schema\/person\/d865044e22e70a75174ce8bcad3acfb3"},"headline":"Souailo Haidara, s\u00e9lectionneur de la C\u00f4te d\u2019Ivoire\u00a0: \u00a0\u00bb On sait de quoi est faite la RD Congo\u00a0\u00bb","datePublished":"2023-01-17T21:00:00+00:00","mainEntityOfPage":{"@id":"https:\/\/lasentinelle.dz\/index.php\/2023\/01\/17\/souailo-haidara-selectionneur-de-la-cote-divoire-on-sait-de-quoi-est-faite-la-rd-congo\/"},"wordCount":487,"commentCount":0,"publisher":{"@id":"https:\/\/lasentinelle.dz\/#organization"},"image":{"@id":"https:\/\/lasentinelle.dz\/index.php\/2023\/01\/17\/souailo-haidara-selectionneur-de-la-cote-divoire-on-sait-de-quoi-est-faite-la-rd-congo\/#primaryimage"},"thumbnailUrl":"https:\/\/lasentinelle.dz\/wp-content\/uploads\/2023\/01\/haidara-1.png","articleSection":["Sports"],"inLanguage":"fr-FR","potentialAction":[{"@type":"CommentAction","name":"Comment","target":["https:\/\/lasentinelle.dz\/index.php\/2023\/01\/17\/souailo-haidara-selectionneur-de-la-cote-divoire-on-sait-de-quoi-est-faite-la-rd-congo\/#respond"]}]},{"@type":"WebPage","@id":"https:\/\/lasentinelle.dz\/index.php\/2023\/01\/17\/souailo-haidara-selectionneur-de-la-cote-divoire-on-sait-de-quoi-est-faite-la-rd-congo\/","url":"https:\/\/lasentinelle.dz\/index.php\/2023\/01\/17\/souailo-haidara-selectionneur-de-la-cote-divoire-on-sait-de-quoi-est-faite-la-rd-congo\/","name":"Souailo Haidara, s\u00e9lectionneur de la C\u00f4te d\u2019Ivoire\u00a0: \u00a0\u00bb On sait de quoi est faite la RD Congo\u00a0\u00bb - La Sentinelle","isPartOf":{"@id":"https:\/\/lasentinelle.dz\/#website"},"primaryImageOfPage":{"@id":"https:\/\/lasentinelle.dz\/index.php\/2023\/01\/17\/souailo-haidara-selectionneur-de-la-cote-divoire-on-sait-de-quoi-est-faite-la-rd-congo\/#primaryimage"},"image":{"@id":"https:\/\/lasentinelle.dz\/index.php\/2023\/01\/17\/souailo-haidara-selectionneur-de-la-cote-divoire-on-sait-de-quoi-est-faite-la-rd-congo\/#primaryimage"},"thumbnailUrl":"https:\/\/lasentinelle.dz\/wp-content\/uploads\/2023\/01\/haidara-1.png","datePublished":"2023-01-17T21:00:00+00:00","breadcrumb":{"@id":"https:\/\/lasentinelle.dz\/index.php\/2023\/01\/17\/souailo-haidara-selectionneur-de-la-cote-divoire-on-sait-de-quoi-est-faite-la-rd-congo\/#breadcrumb"},"inLanguage":"fr-FR","potentialAction":[{"@type":"ReadAction","target":["https:\/\/lasentinelle.dz\/index.php\/2023\/01\/17\/souailo-haidara-selectionneur-de-la-cote-divoire-on-sait-de-quoi-est-faite-la-rd-congo\/"]}]},{"@type":"ImageObject","inLanguage":"fr-FR","@id":"https:\/\/lasentinelle.dz\/index.php\/2023\/01\/17\/souailo-haidara-selectionneur-de-la-cote-divoire-on-sait-de-quoi-est-faite-la-rd-congo\/#primaryimage","url":"https:\/\/lasentinelle.dz\/wp-content\/uploads\/2023\/01\/haidara-1.png","contentUrl":"https:\/\/lasentinelle.dz\/wp-content\/uploads\/2023\/01\/haidara-1.png","width":2560,"height":1440},{"@type":"BreadcrumbList","@id":"https:\/\/lasentinelle.dz\/index.php\/2023\/01\/17\/souailo-haidara-selectionneur-de-la-cote-divoire-on-sait-de-quoi-est-faite-la-rd-congo\/#breadcrumb","itemListElement":[{"@type":"ListItem","position":1,"name":"Accueil","item":"https:\/\/lasentinelle.dz\/"},{"@type":"ListItem","position":2,"name":"Souailo Haidara, s\u00e9lectionneur de la C\u00f4te d\u2019Ivoire\u00a0: \u00a0\u00bb On sait de quoi est faite la RD Congo\u00a0\u00bb"}]},{"@type":"WebSite","@id":"https:\/\/lasentinelle.dz\/#website","url":"https:\/\/lasentinelle.dz\/","name":"La Sentinelle","description":"Quotidien national d&#039;information","publisher":{"@id":"https:\/\/lasentinelle.dz\/#organization"},"potentialAction":[{"@type":"SearchAction","target":{"@type":"EntryPoint","urlTemplate":"https:\/\/lasentinelle.dz\/?s={search_term_string}"},"query-input":{"@type":"PropertyValueSpecification","valueRequired":true,"valueName":"search_term_string"}}],"inLanguage":"fr-FR"},{"@type":"Organization","@id":"https:\/\/lasentinelle.dz\/#organization","name":"Quotidien La Sentinelle","url":"https:\/\/lasentinelle.dz\/","logo":{"@type":"ImageObject","inLanguage":"fr-FR","@id":"https:\/\/lasentinelle.dz\/#\/schema\/logo\/image\/","url":"https:\/\/lasentinelle.dz\/wp-content\/uploads\/2021\/09\/logo-sentinelleSLOGAN-1.png","contentUrl":"https:\/\/lasentinelle.dz\/wp-content\/uploads\/2021\/09\/logo-sentinelleSLOGAN-1.png","width":615,"height":142,"caption":"Quotidien La Sentinelle"},"image":{"@id":"https:\/\/lasentinelle.dz\/#\/schema\/logo\/image\/"},"sameAs":["https:\/\/www.facebook.com\/La-Sentinelle-104059864394773"]},{"@type":"Person","@id":"https:\/\/lasentinelle.dz\/#\/schema\/person\/d865044e22e70a75174ce8bcad3acfb3","name":"La Sentinelle","image":{"@type":"ImageObject","inLanguage":"fr-FR","@id":"https:\/\/secure.gravatar.com\/avatar\/57de8e5d4b15d43fb361a71fbb36338450fe67865b528a43dd10ef7c51a20392?s=96&d=mm&r=g","url":"https:\/\/secure.gravatar.com\/avatar\/57de8e5d4b15d43fb361a71fbb36338450fe67865b528a43dd10ef7c51a20392?s=96&d=mm&r=g","contentUrl":"https:\/\/secure.gravatar.com\/avatar\/57de8e5d4b15d43fb361a71fbb36338450fe67865b528a43dd10ef7c51a20392?s=96&d=mm&r=g","caption":"La Sentinelle"},"sameAs":["http:\/\/www.lasentinelle.dz"],"url":"https:\/\/lasentinelle.dz\/author\/redaction\/"}]}},"_links":{"self":[{"href":"https:\/\/lasentinelle.dz\/index.php\/wp-json\/wp\/v2\/posts\/34340","targetHints":{"allow":["GET"]}}],"collection":[{"href":"https:\/\/lasentinelle.dz\/index.php\/wp-json\/wp\/v2\/posts"}],"about":[{"href":"https:\/\/lasentinelle.dz\/index.php\/wp-json\/wp\/v2\/types\/post"}],"author":[{"embeddable":true,"href":"https:\/\/lasentinelle.dz\/index.php\/wp-json\/wp\/v2\/users\/3"}],"replies":[{"embeddable":true,"href":"https:\/\/lasentinelle.dz\/index.php\/wp-json\/wp\/v2\/comments?post=34340"}],"version-history":[{"count":1,"href":"https:\/\/lasentinelle.dz\/index.php\/wp-json\/wp\/v2\/posts\/34340\/revisions"}],"predecessor-version":[{"id":34356,"href":"https:\/\/lasentinelle.dz\/index.php\/wp-json\/wp\/v2\/posts\/34340\/revisions\/34356"}],"wp:featuredmedia":[{"embeddable":true,"href":"https:\/\/lasentinelle.dz\/index.php\/wp-json\/wp\/v2\/media\/34355"}],"wp:attachment":[{"href":"https:\/\/lasentinelle.dz\/index.php\/wp-json\/wp\/v2\/media?parent=34340"}],"wp:term":[{"taxonomy":"category","embeddable":true,"href":"https:\/\/lasentinelle.dz\/index.php\/wp-json\/wp\/v2\/categories?post=34340"},{"taxonomy":"post_tag","embeddable":true,"href":"https:\/\/lasentinelle.dz\/index.php\/wp-json\/wp\/v2\/tags?post=34340"}],"curies":[{"name":"wp","href":"https:\/\/api.w.org\/{rel}","templated":true}]}}