{"id":34342,"date":"2023-01-17T22:00:00","date_gmt":"2023-01-17T21:00:00","guid":{"rendered":"https:\/\/lasentinelle.dz\/?p=34342"},"modified":"2023-01-17T17:31:39","modified_gmt":"2023-01-17T16:31:39","slug":"rejet-des-huiles-usagees-un-danger-qui-pese-sur-lenvironnement-a-annaba","status":"publish","type":"post","link":"https:\/\/lasentinelle.dz\/index.php\/2023\/01\/17\/rejet-des-huiles-usagees-un-danger-qui-pese-sur-lenvironnement-a-annaba\/","title":{"rendered":"Rejet des huiles usag\u00e9es\u00a0: Un danger qui p\u00e8se sur l\u2019environnement \u00e0 Annaba"},"content":{"rendered":"\n<p>L\u2019absencedu processus de r\u00e9cup\u00e9ration, derecyclage etde valorisation des huiles usag\u00e9es et les combustibles r\u00e9siduaires, impacte fortement l\u2019environnement. L\u2019association de la protection de l\u2019environnement et la lutte contre la pollution tire la sonnette d\u2019alarme.<\/p>\n\n\n\n<p>Le constat a suscit\u00e9 la r\u00e9action de l\u2019ANPEP quivient de mettre en garde contre cette situation dans la wilaya d\u2019Annaba o\u00f9 le ph\u00e9nom\u00e8ne a pris des proportions dangereuses. En effet, l\u2019association nationale de protection de l&rsquo;environnement et lalutte contre la pollution (ANPEP), a tir\u00e9 la sonnette d\u2019alarmesur l&rsquo;impact des rejets non contr\u00f4l\u00e9s des huiles usag\u00e9es\u00e0 Annaba. Le constat est retenu \u00e0 l\u2019actif du nombre croissantdes stations de lavage et de graissage, selon le responsable de l\u2019ANPEP \u00e0 Annaba. L\u2019association, selon notre interlocuteur, appelle les responsables des stations de services et divers \u00e9tablissements industriels \u00e0 la n\u00e9cessit\u00e9 d\u2019appliquer les lois et r\u00e9cup\u00e9rer ces huiles par le biais d&rsquo;institutions agr\u00e9\u00e9es pour leur traitement. Un appel qui d\u00e9note de l\u2019anarchie affectant n\u00e9gativement l&rsquo;environnement, notamment en l\u2019absence du contr\u00f4le des services concern\u00e9s. Le premier responsable de l\u2019ANPEP \u00e0 Annaba a ajout\u00e9 que les rejets des stations de lavage et de graissage des voitures vont d\u00e9sormais directement dans les cours d\u2019eau et les oueds au lieu d&rsquo;une r\u00e9cup\u00e9ration organis\u00e9e et contr\u00f4l\u00e9e pour pouvoir r\u00e9utiliser ces huiles apr\u00e8s avoir \u00e9t\u00e9 trait\u00e9es par des \u00e9tablissements agr\u00e9\u00e9s. C&rsquo;est la situation qui existe \u00e9galement au niveau de certains \u00e9tablissements industriels, comme c\u2019est le cas dans les communes d\u2019El Bouni, El-Hadjar, Sidi Amar et Annaba, notant que les lois sont claires en mati\u00e8re de r\u00e9cup\u00e9ration et que les huiles usag\u00e9es sont consid\u00e9r\u00e9es comme des d\u00e9chets sp\u00e9ciaux. Dans un rapport d&rsquo;\u00e9valuation du ph\u00e9nom\u00e8ne, l\u2019Association nationale de protection de l&rsquo;environnement et de la lutte contre la pollution a confirm\u00e9 que le ph\u00e9nom\u00e8ne de rejet des huiles usag\u00e9es industrielles dans le milieu naturel se poursuit en Alg\u00e9rie,avec la croissance des parcs des voitures usag\u00e9es et des \u00e9tablissements industriels, car ces huiles usag\u00e9es menacent l\u2019environnement. Selon des \u00e9tudes et des recherches scientifiques, seulement 25% sont r\u00e9cup\u00e9r\u00e9s par l\u2019entreprise Naftal sur les 9 millions de m\u00e8tres cubes rejet\u00e9spar an, et le reste va dans les avaloires et dans les oueds. Ce qui a pouss\u00e9 l&rsquo;association de la protection de l\u2019environnement et la lutte contre la pollution \u00e0 poursuivre ses enqu\u00eates de terrain pour sensibilisersur \u00e0 la gravit\u00e9 de la situation, d&rsquo;autant plus que les stations de lavage et de graissage de voitures d\u00e9versentleurs huiles usag\u00e9es directement dans les avaloires. C\u2019est pourquoi l\u2019ANPEP et pour y faire face,a d\u00e9cid\u00e9 de porter plainte \u00e0 leur encontre conform\u00e9ment \u00e0 la loirelative \u00e0 la protection de l&rsquo;environnement. Il faut souligner que la gestion des huiles usag\u00e9es et des combustibles r\u00e9siduaires constitue un enjeu de taille pour l\u2019environnement.Chaque ann\u00e9e d\u2019importantes quantit\u00e9s de ces substancesproduites par des sources diverses sont d\u00e9vers\u00e9es dans la nature, nuisant \u00e0 la faune et la flore. On entend par \u2018\u2019 huiles usag\u00e9es\u2019\u2019,convient-il de le souligner, les huiles destin\u00e9es \u00e0 la lubrification ou \u00e0 d\u2019autres fins, qui est devenue impropre \u00e0 sa fonction premi\u00e8re parce qu\u2019elle pr\u00e9sente des impuret\u00e9s ou a perdu ses propri\u00e9t\u00e9s initiales. Il existe un \u00e9ventail important de secteurs commerciaux et industriels produisant des huiles usag\u00e9es, notamment les services d\u2019entretien (vidange etgraissage) des voitures et autres \u00e9quipements lourds,tels ceux du transport maritime et a\u00e9rien.Lorsque leurs huiles usag\u00e9es deviennentimpropres \u00e0 l\u2019usage auquel elles \u00e9taient destin\u00e9es en raison de la pr\u00e9sence d\u2019impuret\u00e9s ou de la perte de leurs propri\u00e9t\u00e9s initiales, elles sont remplac\u00e9es par de nouvelles huiles propres.<\/p>\n\n\n\n<p><strong>Sofia Chahine<\/strong><\/p>\n","protected":false},"excerpt":{"rendered":"<p>L\u2019absencedu processus de r\u00e9cup\u00e9ration, derecyclage etde valorisation des huiles usag\u00e9es et les combustibles r\u00e9siduaires, impacte fortement l\u2019environnement. L\u2019association de la<\/p>\n","protected":false},"author":3,"featured_media":34343,"comment_status":"open","ping_status":"closed","sticky":false,"template":"","format":"standard","meta":{"colormag_page_container_layout":"default_layout","colormag_page_sidebar_layout":"default_layout","om_disable_all_campaigns":false,"_monsterinsights_skip_tracking":false,"_monsterinsights_sitenote_active":false,"_monsterinsights_sitenote_note":"","_monsterinsights_sitenote_category":0,"footnotes":"","_wpscppro_dont_share_socialmedia":false,"_wpscppro_custom_social_share_image":0,"_facebook_share_type":"","_twitter_share_type":"","_linkedin_share_type":"","_pinterest_share_type":"","_linkedin_share_type_page":"","_instagram_share_type":"","_medium_share_type":"","_threads_share_type":"","_google_business_share_type":"","_selected_social_profile":[],"_wpsp_enable_custom_social_template":false,"_wpsp_social_scheduling":{"enabled":false,"datetime":null,"platforms":[],"status":"template_only","dateOption":"today","timeOption":"now","customDays":"","customHours":"","customDate":"","customTime":"","schedulingType":"absolute"},"_wpsp_active_default_template":true},"categories":[31],"tags":[],"class_list":["post-34342","post","type-post","status-publish","format-standard","has-post-thumbnail","hentry","category-regions"],"aioseo_notices":[],"yoast_head":"<!-- This site is optimized with the Yoast SEO plugin v27.5 - https:\/\/yoast.com\/product\/yoast-seo-wordpress\/ -->\n<title>Rejet des huiles usag\u00e9es\u00a0: Un danger qui p\u00e8se sur l\u2019environnement \u00e0 Annaba - La Sentinelle<\/title>\n<meta name=\"robots\" content=\"index, follow, max-snippet:-1, max-image-preview:large, max-video-preview:-1\" \/>\n<link rel=\"canonical\" href=\"https:\/\/lasentinelle.dz\/index.php\/2023\/01\/17\/rejet-des-huiles-usagees-un-danger-qui-pese-sur-lenvironnement-a-annaba\/\" \/>\n<meta property=\"og:locale\" content=\"fr_FR\" \/>\n<meta property=\"og:type\" content=\"article\" \/>\n<meta property=\"og:title\" content=\"Rejet des huiles usag\u00e9es\u00a0: Un danger qui p\u00e8se sur l\u2019environnement \u00e0 Annaba - La Sentinelle\" \/>\n<meta property=\"og:description\" content=\"L\u2019absencedu processus de r\u00e9cup\u00e9ration, derecyclage etde valorisation des huiles usag\u00e9es et les combustibles r\u00e9siduaires, impacte fortement l\u2019environnement. L\u2019association de la\" \/>\n<meta property=\"og:url\" content=\"https:\/\/lasentinelle.dz\/index.php\/2023\/01\/17\/rejet-des-huiles-usagees-un-danger-qui-pese-sur-lenvironnement-a-annaba\/\" \/>\n<meta property=\"og:site_name\" content=\"La Sentinelle\" \/>\n<meta property=\"article:publisher\" content=\"https:\/\/www.facebook.com\/La-Sentinelle-104059864394773\" \/>\n<meta property=\"article:published_time\" content=\"2023-01-17T21:00:00+00:00\" \/>\n<meta property=\"og:image\" content=\"https:\/\/lasentinelle.dz\/wp-content\/uploads\/2023\/01\/vidange.png\" \/>\n\t<meta property=\"og:image:width\" content=\"1600\" \/>\n\t<meta property=\"og:image:height\" content=\"900\" \/>\n\t<meta property=\"og:image:type\" content=\"image\/png\" \/>\n<meta name=\"author\" content=\"La Sentinelle\" \/>\n<meta name=\"twitter:card\" content=\"summary_large_image\" \/>\n<meta name=\"twitter:label1\" content=\"\u00c9crit par\" \/>\n\t<meta name=\"twitter:data1\" content=\"La Sentinelle\" \/>\n\t<meta name=\"twitter:label2\" content=\"Dur\u00e9e de lecture estim\u00e9e\" \/>\n\t<meta name=\"twitter:data2\" content=\"3 minutes\" \/>\n<script type=\"application\/ld+json\" class=\"yoast-schema-graph\">{\"@context\":\"https:\\\/\\\/schema.org\",\"@graph\":[{\"@type\":\"Article\",\"@id\":\"https:\\\/\\\/lasentinelle.dz\\\/index.php\\\/2023\\\/01\\\/17\\\/rejet-des-huiles-usagees-un-danger-qui-pese-sur-lenvironnement-a-annaba\\\/#article\",\"isPartOf\":{\"@id\":\"https:\\\/\\\/lasentinelle.dz\\\/index.php\\\/2023\\\/01\\\/17\\\/rejet-des-huiles-usagees-un-danger-qui-pese-sur-lenvironnement-a-annaba\\\/\"},\"author\":{\"name\":\"La Sentinelle\",\"@id\":\"https:\\\/\\\/lasentinelle.dz\\\/#\\\/schema\\\/person\\\/d865044e22e70a75174ce8bcad3acfb3\"},\"headline\":\"Rejet des huiles usag\u00e9es\u00a0: Un danger qui p\u00e8se sur l\u2019environnement \u00e0 Annaba\",\"datePublished\":\"2023-01-17T21:00:00+00:00\",\"mainEntityOfPage\":{\"@id\":\"https:\\\/\\\/lasentinelle.dz\\\/index.php\\\/2023\\\/01\\\/17\\\/rejet-des-huiles-usagees-un-danger-qui-pese-sur-lenvironnement-a-annaba\\\/\"},\"wordCount\":689,\"commentCount\":0,\"publisher\":{\"@id\":\"https:\\\/\\\/lasentinelle.dz\\\/#organization\"},\"image\":{\"@id\":\"https:\\\/\\\/lasentinelle.dz\\\/index.php\\\/2023\\\/01\\\/17\\\/rejet-des-huiles-usagees-un-danger-qui-pese-sur-lenvironnement-a-annaba\\\/#primaryimage\"},\"thumbnailUrl\":\"https:\\\/\\\/lasentinelle.dz\\\/wp-content\\\/uploads\\\/2023\\\/01\\\/vidange.png\",\"articleSection\":[\"R\u00e9gions\"],\"inLanguage\":\"fr-FR\",\"potentialAction\":[{\"@type\":\"CommentAction\",\"name\":\"Comment\",\"target\":[\"https:\\\/\\\/lasentinelle.dz\\\/index.php\\\/2023\\\/01\\\/17\\\/rejet-des-huiles-usagees-un-danger-qui-pese-sur-lenvironnement-a-annaba\\\/#respond\"]}]},{\"@type\":\"WebPage\",\"@id\":\"https:\\\/\\\/lasentinelle.dz\\\/index.php\\\/2023\\\/01\\\/17\\\/rejet-des-huiles-usagees-un-danger-qui-pese-sur-lenvironnement-a-annaba\\\/\",\"url\":\"https:\\\/\\\/lasentinelle.dz\\\/index.php\\\/2023\\\/01\\\/17\\\/rejet-des-huiles-usagees-un-danger-qui-pese-sur-lenvironnement-a-annaba\\\/\",\"name\":\"Rejet des huiles usag\u00e9es\u00a0: Un danger qui p\u00e8se sur l\u2019environnement \u00e0 Annaba - La Sentinelle\",\"isPartOf\":{\"@id\":\"https:\\\/\\\/lasentinelle.dz\\\/#website\"},\"primaryImageOfPage\":{\"@id\":\"https:\\\/\\\/lasentinelle.dz\\\/index.php\\\/2023\\\/01\\\/17\\\/rejet-des-huiles-usagees-un-danger-qui-pese-sur-lenvironnement-a-annaba\\\/#primaryimage\"},\"image\":{\"@id\":\"https:\\\/\\\/lasentinelle.dz\\\/index.php\\\/2023\\\/01\\\/17\\\/rejet-des-huiles-usagees-un-danger-qui-pese-sur-lenvironnement-a-annaba\\\/#primaryimage\"},\"thumbnailUrl\":\"https:\\\/\\\/lasentinelle.dz\\\/wp-content\\\/uploads\\\/2023\\\/01\\\/vidange.png\",\"datePublished\":\"2023-01-17T21:00:00+00:00\",\"breadcrumb\":{\"@id\":\"https:\\\/\\\/lasentinelle.dz\\\/index.php\\\/2023\\\/01\\\/17\\\/rejet-des-huiles-usagees-un-danger-qui-pese-sur-lenvironnement-a-annaba\\\/#breadcrumb\"},\"inLanguage\":\"fr-FR\",\"potentialAction\":[{\"@type\":\"ReadAction\",\"target\":[\"https:\\\/\\\/lasentinelle.dz\\\/index.php\\\/2023\\\/01\\\/17\\\/rejet-des-huiles-usagees-un-danger-qui-pese-sur-lenvironnement-a-annaba\\\/\"]}]},{\"@type\":\"ImageObject\",\"inLanguage\":\"fr-FR\",\"@id\":\"https:\\\/\\\/lasentinelle.dz\\\/index.php\\\/2023\\\/01\\\/17\\\/rejet-des-huiles-usagees-un-danger-qui-pese-sur-lenvironnement-a-annaba\\\/#primaryimage\",\"url\":\"https:\\\/\\\/lasentinelle.dz\\\/wp-content\\\/uploads\\\/2023\\\/01\\\/vidange.png\",\"contentUrl\":\"https:\\\/\\\/lasentinelle.dz\\\/wp-content\\\/uploads\\\/2023\\\/01\\\/vidange.png\",\"width\":1600,\"height\":900},{\"@type\":\"BreadcrumbList\",\"@id\":\"https:\\\/\\\/lasentinelle.dz\\\/index.php\\\/2023\\\/01\\\/17\\\/rejet-des-huiles-usagees-un-danger-qui-pese-sur-lenvironnement-a-annaba\\\/#breadcrumb\",\"itemListElement\":[{\"@type\":\"ListItem\",\"position\":1,\"name\":\"Accueil\",\"item\":\"https:\\\/\\\/lasentinelle.dz\\\/\"},{\"@type\":\"ListItem\",\"position\":2,\"name\":\"Rejet des huiles usag\u00e9es\u00a0: Un danger qui p\u00e8se sur l\u2019environnement \u00e0 Annaba\"}]},{\"@type\":\"WebSite\",\"@id\":\"https:\\\/\\\/lasentinelle.dz\\\/#website\",\"url\":\"https:\\\/\\\/lasentinelle.dz\\\/\",\"name\":\"La Sentinelle\",\"description\":\"Quotidien national d&#039;information\",\"publisher\":{\"@id\":\"https:\\\/\\\/lasentinelle.dz\\\/#organization\"},\"potentialAction\":[{\"@type\":\"SearchAction\",\"target\":{\"@type\":\"EntryPoint\",\"urlTemplate\":\"https:\\\/\\\/lasentinelle.dz\\\/?s={search_term_string}\"},\"query-input\":{\"@type\":\"PropertyValueSpecification\",\"valueRequired\":true,\"valueName\":\"search_term_string\"}}],\"inLanguage\":\"fr-FR\"},{\"@type\":\"Organization\",\"@id\":\"https:\\\/\\\/lasentinelle.dz\\\/#organization\",\"name\":\"Quotidien La Sentinelle\",\"url\":\"https:\\\/\\\/lasentinelle.dz\\\/\",\"logo\":{\"@type\":\"ImageObject\",\"inLanguage\":\"fr-FR\",\"@id\":\"https:\\\/\\\/lasentinelle.dz\\\/#\\\/schema\\\/logo\\\/image\\\/\",\"url\":\"https:\\\/\\\/lasentinelle.dz\\\/wp-content\\\/uploads\\\/2021\\\/09\\\/logo-sentinelleSLOGAN-1.png\",\"contentUrl\":\"https:\\\/\\\/lasentinelle.dz\\\/wp-content\\\/uploads\\\/2021\\\/09\\\/logo-sentinelleSLOGAN-1.png\",\"width\":615,\"height\":142,\"caption\":\"Quotidien La Sentinelle\"},\"image\":{\"@id\":\"https:\\\/\\\/lasentinelle.dz\\\/#\\\/schema\\\/logo\\\/image\\\/\"},\"sameAs\":[\"https:\\\/\\\/www.facebook.com\\\/La-Sentinelle-104059864394773\"]},{\"@type\":\"Person\",\"@id\":\"https:\\\/\\\/lasentinelle.dz\\\/#\\\/schema\\\/person\\\/d865044e22e70a75174ce8bcad3acfb3\",\"name\":\"La Sentinelle\",\"image\":{\"@type\":\"ImageObject\",\"inLanguage\":\"fr-FR\",\"@id\":\"https:\\\/\\\/secure.gravatar.com\\\/avatar\\\/57de8e5d4b15d43fb361a71fbb36338450fe67865b528a43dd10ef7c51a20392?s=96&d=mm&r=g\",\"url\":\"https:\\\/\\\/secure.gravatar.com\\\/avatar\\\/57de8e5d4b15d43fb361a71fbb36338450fe67865b528a43dd10ef7c51a20392?s=96&d=mm&r=g\",\"contentUrl\":\"https:\\\/\\\/secure.gravatar.com\\\/avatar\\\/57de8e5d4b15d43fb361a71fbb36338450fe67865b528a43dd10ef7c51a20392?s=96&d=mm&r=g\",\"caption\":\"La Sentinelle\"},\"sameAs\":[\"http:\\\/\\\/www.lasentinelle.dz\"],\"url\":\"https:\\\/\\\/lasentinelle.dz\\\/author\\\/redaction\\\/\"}]}<\/script>\n<!-- \/ Yoast SEO plugin. -->","yoast_head_json":{"title":"Rejet des huiles usag\u00e9es\u00a0: Un danger qui p\u00e8se sur l\u2019environnement \u00e0 Annaba - La Sentinelle","robots":{"index":"index","follow":"follow","max-snippet":"max-snippet:-1","max-image-preview":"max-image-preview:large","max-video-preview":"max-video-preview:-1"},"canonical":"https:\/\/lasentinelle.dz\/index.php\/2023\/01\/17\/rejet-des-huiles-usagees-un-danger-qui-pese-sur-lenvironnement-a-annaba\/","og_locale":"fr_FR","og_type":"article","og_title":"Rejet des huiles usag\u00e9es\u00a0: Un danger qui p\u00e8se sur l\u2019environnement \u00e0 Annaba - La Sentinelle","og_description":"L\u2019absencedu processus de r\u00e9cup\u00e9ration, derecyclage etde valorisation des huiles usag\u00e9es et les combustibles r\u00e9siduaires, impacte fortement l\u2019environnement. L\u2019association de la","og_url":"https:\/\/lasentinelle.dz\/index.php\/2023\/01\/17\/rejet-des-huiles-usagees-un-danger-qui-pese-sur-lenvironnement-a-annaba\/","og_site_name":"La Sentinelle","article_publisher":"https:\/\/www.facebook.com\/La-Sentinelle-104059864394773","article_published_time":"2023-01-17T21:00:00+00:00","og_image":[{"width":1600,"height":900,"url":"https:\/\/lasentinelle.dz\/wp-content\/uploads\/2023\/01\/vidange.png","type":"image\/png"}],"author":"La Sentinelle","twitter_card":"summary_large_image","twitter_misc":{"\u00c9crit par":"La Sentinelle","Dur\u00e9e de lecture estim\u00e9e":"3 minutes"},"schema":{"@context":"https:\/\/schema.org","@graph":[{"@type":"Article","@id":"https:\/\/lasentinelle.dz\/index.php\/2023\/01\/17\/rejet-des-huiles-usagees-un-danger-qui-pese-sur-lenvironnement-a-annaba\/#article","isPartOf":{"@id":"https:\/\/lasentinelle.dz\/index.php\/2023\/01\/17\/rejet-des-huiles-usagees-un-danger-qui-pese-sur-lenvironnement-a-annaba\/"},"author":{"name":"La Sentinelle","@id":"https:\/\/lasentinelle.dz\/#\/schema\/person\/d865044e22e70a75174ce8bcad3acfb3"},"headline":"Rejet des huiles usag\u00e9es\u00a0: Un danger qui p\u00e8se sur l\u2019environnement \u00e0 Annaba","datePublished":"2023-01-17T21:00:00+00:00","mainEntityOfPage":{"@id":"https:\/\/lasentinelle.dz\/index.php\/2023\/01\/17\/rejet-des-huiles-usagees-un-danger-qui-pese-sur-lenvironnement-a-annaba\/"},"wordCount":689,"commentCount":0,"publisher":{"@id":"https:\/\/lasentinelle.dz\/#organization"},"image":{"@id":"https:\/\/lasentinelle.dz\/index.php\/2023\/01\/17\/rejet-des-huiles-usagees-un-danger-qui-pese-sur-lenvironnement-a-annaba\/#primaryimage"},"thumbnailUrl":"https:\/\/lasentinelle.dz\/wp-content\/uploads\/2023\/01\/vidange.png","articleSection":["R\u00e9gions"],"inLanguage":"fr-FR","potentialAction":[{"@type":"CommentAction","name":"Comment","target":["https:\/\/lasentinelle.dz\/index.php\/2023\/01\/17\/rejet-des-huiles-usagees-un-danger-qui-pese-sur-lenvironnement-a-annaba\/#respond"]}]},{"@type":"WebPage","@id":"https:\/\/lasentinelle.dz\/index.php\/2023\/01\/17\/rejet-des-huiles-usagees-un-danger-qui-pese-sur-lenvironnement-a-annaba\/","url":"https:\/\/lasentinelle.dz\/index.php\/2023\/01\/17\/rejet-des-huiles-usagees-un-danger-qui-pese-sur-lenvironnement-a-annaba\/","name":"Rejet des huiles usag\u00e9es\u00a0: Un danger qui p\u00e8se sur l\u2019environnement \u00e0 Annaba - La Sentinelle","isPartOf":{"@id":"https:\/\/lasentinelle.dz\/#website"},"primaryImageOfPage":{"@id":"https:\/\/lasentinelle.dz\/index.php\/2023\/01\/17\/rejet-des-huiles-usagees-un-danger-qui-pese-sur-lenvironnement-a-annaba\/#primaryimage"},"image":{"@id":"https:\/\/lasentinelle.dz\/index.php\/2023\/01\/17\/rejet-des-huiles-usagees-un-danger-qui-pese-sur-lenvironnement-a-annaba\/#primaryimage"},"thumbnailUrl":"https:\/\/lasentinelle.dz\/wp-content\/uploads\/2023\/01\/vidange.png","datePublished":"2023-01-17T21:00:00+00:00","breadcrumb":{"@id":"https:\/\/lasentinelle.dz\/index.php\/2023\/01\/17\/rejet-des-huiles-usagees-un-danger-qui-pese-sur-lenvironnement-a-annaba\/#breadcrumb"},"inLanguage":"fr-FR","potentialAction":[{"@type":"ReadAction","target":["https:\/\/lasentinelle.dz\/index.php\/2023\/01\/17\/rejet-des-huiles-usagees-un-danger-qui-pese-sur-lenvironnement-a-annaba\/"]}]},{"@type":"ImageObject","inLanguage":"fr-FR","@id":"https:\/\/lasentinelle.dz\/index.php\/2023\/01\/17\/rejet-des-huiles-usagees-un-danger-qui-pese-sur-lenvironnement-a-annaba\/#primaryimage","url":"https:\/\/lasentinelle.dz\/wp-content\/uploads\/2023\/01\/vidange.png","contentUrl":"https:\/\/lasentinelle.dz\/wp-content\/uploads\/2023\/01\/vidange.png","width":1600,"height":900},{"@type":"BreadcrumbList","@id":"https:\/\/lasentinelle.dz\/index.php\/2023\/01\/17\/rejet-des-huiles-usagees-un-danger-qui-pese-sur-lenvironnement-a-annaba\/#breadcrumb","itemListElement":[{"@type":"ListItem","position":1,"name":"Accueil","item":"https:\/\/lasentinelle.dz\/"},{"@type":"ListItem","position":2,"name":"Rejet des huiles usag\u00e9es\u00a0: Un danger qui p\u00e8se sur l\u2019environnement \u00e0 Annaba"}]},{"@type":"WebSite","@id":"https:\/\/lasentinelle.dz\/#website","url":"https:\/\/lasentinelle.dz\/","name":"La Sentinelle","description":"Quotidien national d&#039;information","publisher":{"@id":"https:\/\/lasentinelle.dz\/#organization"},"potentialAction":[{"@type":"SearchAction","target":{"@type":"EntryPoint","urlTemplate":"https:\/\/lasentinelle.dz\/?s={search_term_string}"},"query-input":{"@type":"PropertyValueSpecification","valueRequired":true,"valueName":"search_term_string"}}],"inLanguage":"fr-FR"},{"@type":"Organization","@id":"https:\/\/lasentinelle.dz\/#organization","name":"Quotidien La Sentinelle","url":"https:\/\/lasentinelle.dz\/","logo":{"@type":"ImageObject","inLanguage":"fr-FR","@id":"https:\/\/lasentinelle.dz\/#\/schema\/logo\/image\/","url":"https:\/\/lasentinelle.dz\/wp-content\/uploads\/2021\/09\/logo-sentinelleSLOGAN-1.png","contentUrl":"https:\/\/lasentinelle.dz\/wp-content\/uploads\/2021\/09\/logo-sentinelleSLOGAN-1.png","width":615,"height":142,"caption":"Quotidien La Sentinelle"},"image":{"@id":"https:\/\/lasentinelle.dz\/#\/schema\/logo\/image\/"},"sameAs":["https:\/\/www.facebook.com\/La-Sentinelle-104059864394773"]},{"@type":"Person","@id":"https:\/\/lasentinelle.dz\/#\/schema\/person\/d865044e22e70a75174ce8bcad3acfb3","name":"La Sentinelle","image":{"@type":"ImageObject","inLanguage":"fr-FR","@id":"https:\/\/secure.gravatar.com\/avatar\/57de8e5d4b15d43fb361a71fbb36338450fe67865b528a43dd10ef7c51a20392?s=96&d=mm&r=g","url":"https:\/\/secure.gravatar.com\/avatar\/57de8e5d4b15d43fb361a71fbb36338450fe67865b528a43dd10ef7c51a20392?s=96&d=mm&r=g","contentUrl":"https:\/\/secure.gravatar.com\/avatar\/57de8e5d4b15d43fb361a71fbb36338450fe67865b528a43dd10ef7c51a20392?s=96&d=mm&r=g","caption":"La Sentinelle"},"sameAs":["http:\/\/www.lasentinelle.dz"],"url":"https:\/\/lasentinelle.dz\/author\/redaction\/"}]}},"_links":{"self":[{"href":"https:\/\/lasentinelle.dz\/index.php\/wp-json\/wp\/v2\/posts\/34342","targetHints":{"allow":["GET"]}}],"collection":[{"href":"https:\/\/lasentinelle.dz\/index.php\/wp-json\/wp\/v2\/posts"}],"about":[{"href":"https:\/\/lasentinelle.dz\/index.php\/wp-json\/wp\/v2\/types\/post"}],"author":[{"embeddable":true,"href":"https:\/\/lasentinelle.dz\/index.php\/wp-json\/wp\/v2\/users\/3"}],"replies":[{"embeddable":true,"href":"https:\/\/lasentinelle.dz\/index.php\/wp-json\/wp\/v2\/comments?post=34342"}],"version-history":[{"count":1,"href":"https:\/\/lasentinelle.dz\/index.php\/wp-json\/wp\/v2\/posts\/34342\/revisions"}],"predecessor-version":[{"id":34344,"href":"https:\/\/lasentinelle.dz\/index.php\/wp-json\/wp\/v2\/posts\/34342\/revisions\/34344"}],"wp:featuredmedia":[{"embeddable":true,"href":"https:\/\/lasentinelle.dz\/index.php\/wp-json\/wp\/v2\/media\/34343"}],"wp:attachment":[{"href":"https:\/\/lasentinelle.dz\/index.php\/wp-json\/wp\/v2\/media?parent=34342"}],"wp:term":[{"taxonomy":"category","embeddable":true,"href":"https:\/\/lasentinelle.dz\/index.php\/wp-json\/wp\/v2\/categories?post=34342"},{"taxonomy":"post_tag","embeddable":true,"href":"https:\/\/lasentinelle.dz\/index.php\/wp-json\/wp\/v2\/tags?post=34342"}],"curies":[{"name":"wp","href":"https:\/\/api.w.org\/{rel}","templated":true}]}}