{"id":34371,"date":"2023-01-17T22:08:00","date_gmt":"2023-01-17T21:08:00","guid":{"rendered":"https:\/\/lasentinelle.dz\/?p=34371"},"modified":"2023-01-17T20:35:44","modified_gmt":"2023-01-17T19:35:44","slug":"corruption-au-parlement-europeen-ces-revelations-qui-enfoncent-le-makhzen","status":"publish","type":"post","link":"https:\/\/lasentinelle.dz\/index.php\/2023\/01\/17\/corruption-au-parlement-europeen-ces-revelations-qui-enfoncent-le-makhzen\/","title":{"rendered":"Corruption au Parlement europ\u00e9en\u00a0: Ces r\u00e9v\u00e9lations qui enfoncent le Makhzen"},"content":{"rendered":"\n<p>De nouvelles r\u00e9v\u00e9lations sont venues enfoncer un peu plus le Maroc dans ce qui est d\u00e9sormais appel\u00e9 le Marocgate, ce vaste scandale de corruption au Parlement europ\u00e9en (PE) dans lequel plusieurs eurod\u00e9put\u00e9s accus\u00e9s d&rsquo;avoir \u00ab roul\u00e9 \u00bb pour le compte du Makhzen, en contrepartie d\u2019importantes sommes d&rsquo;argent, ont \u00e9t\u00e9 arr\u00eat\u00e9s. L\u2019affaire est loin d\u2019avoir connu son \u00e9pilogue puisque d\u2019autres parlementaires europ\u00e9ens sont dans le collimateur de la justice belge.<\/p>\n\n\n\n<p>Dans un article intitul\u00e9 \u00ab Corruption au Parlement europ\u00e9en : \u00ab\u00a0Pier Antonio \u00e9tait un agent du Maroc au sein du Parlement europ\u00e9en\u2019\u2019 \u00bb, publi\u00e9 mardi soir sur son site internet, la RTBF \u00e9claire, avec des d\u00e9tails \u00e0 l\u2019appui, comment le Maroc est parvenu \u00e0 mener \u00e0 la baguette, autrement dit corrompre, un certain nombre de d\u00e9put\u00e9s europ\u00e9ens dans l\u2019optique de les contraindre par la suite \u00e0 soutenir son entreprise coloniale au Sahara Occidental.<\/p>\n\n\n\n<p>La RTBF confirme que pour mener \u00e0 bien son entreprise d\u2019infiltration des institutions europ\u00e9ennes et particuli\u00e8rement du Parlement europ\u00e9en, le Makhzen s\u2019est appuy\u00e9 sur deux anciens eurod\u00e9put\u00e9s socialistes, l\u2019italien Pier Antonio Panzeri et le fran\u00e7ais Gilles Pargneaux. Au passage, la m\u00eame source indique qu\u2019\u00e0 la demande de la justice belge, le Parlement europ\u00e9en a lanc\u00e9 lundi la proc\u00e9dure de lev\u00e9e de l\u2019immunit\u00e9 parlementaire de deux eurod\u00e9put\u00e9s, le Belge Marc Tarabella et l\u2019Italien Andrea Cozzolino. Tous deux sont des proches de Pier Antonio Panzeri.Pour comprendre comment le Maroc a tiss\u00e9 sa toile au Parlement europ\u00e9en, la RTBF s\u2019est rapproch\u00e9e de la portugaise Ana Gomes qui a fr\u00e9quent\u00e9 le Parlement europ\u00e9en pendant 15 ans en tant que d\u00e9put\u00e9e en m\u00eame temps que Pier Antonio Panzeri et en \u00e9tant socialiste tout comme lui. Elle conna\u00eet donc l\u2019institution europ\u00e9enne aussi bien que sa poche. Autant dire que son t\u00e9moignage est accablant. Elle d\u00e9nonce ouvertement ses manigances. Tout comme Ana Gomes, la justice belge soup\u00e7onne Pier Antonio Panzeri d\u2019\u00eatre au c\u0153ur de ce scandale de corruption pr\u00e9sum\u00e9. Il est d\u2019ailleurs inculp\u00e9 pour participation \u00e0 une organisation criminelle, corruption et blanchiment d\u2019argent.<\/p>\n\n\n\n<p><strong>Pier Antonio Panzeri au c\u0153ur du Marocgate<\/strong><\/p>\n\n\n\n<p>Invit\u00e9e par les journalistes de la RTBF \u00e0 donner son avis sur le Qatargate, Ana Gomes a r\u00e9pondu instantan\u00e9ment : \u00ab Je me suis dit tout de suite, et je l\u2019ai dit ici deux jours apr\u00e8s que le scandale soit connu, j\u2019ai dit \u00e0 la t\u00e9l\u00e9vision portugaise, si \u00e7a implique Monsieur Panzeri, ce n\u2019est pas seulement le Qatar, c\u2019est le Maroc. \u00c7a va venir au Maroc, c\u2019est clair \u00bb. Selon l\u2019ancienne eurod\u00e9put\u00e9e europ\u00e9enne, le Maroc, comme le Qatar, est pass\u00e9 par Pier Antonio Panzeri pour influencer les politiques europ\u00e9ennes. A partir de 2012-2013, elle a dit se souvenir \u00ab d\u2019un lobby pro-marocain de plus en plus structur\u00e9 au sein du Parlement europ\u00e9en \u00bb. \u00ab A la man\u0153uvre, il y aurait eu deux hommes, tous les deux socialistes : un fran\u00e7ais, Gilles Pargneaux, qu\u2019elle qualifie de vaniteux car il se pr\u00e9sentait comme un conseiller du Roi du Maroc ; et Pier Antonio Panzeri, d\u2019apr\u00e8s elle, plus fin et plus malin \u00bb, ajoute-t-elle.<\/p>\n\n\n\n<p>Ana Gomes dit avoir c\u00f4toy\u00e9 ce dernier pendant 15 ans dans une multitude de r\u00e9unions de travail. Par exemple, au sein d\u2019une d\u00e9l\u00e9gation parlementaire avec des pays de la M\u00e9diterran\u00e9e, au sein de la Commission Affaires \u00e9trang\u00e8res du Parlement europ\u00e9en, ou encore dans la sous-Commission des droits de l\u2019Homme que Pier Antonio Panzeri a pr\u00e9sid\u00e9 entre 2014 et 2019. Partout, se souvient-elle, \u00ab l\u2019\u00e9lu italien travaillait pour saper, boycotter toutes les initiatives qui d\u00e9plaisaient au Maroc, que ce soit sur la question des Droits humains ou \u00e0 propos du Sahara occidental\u00bb. Pier Antonio Panzeri a suivi \u00e0 la lettre le plan du Makhzen consistant \u00e0 faire du Parlement europ\u00e9en une sorte d\u2019annexe du minist\u00e8re marocain des Affaires \u00e9trang\u00e8res. Comment ? Pier Antonio Panzeri et Gilles Pargneaux ont mis en place un syst\u00e8me de corruption pour rendre des eurod\u00e9put\u00e9s redevables vis-\u00e0-vis du Maroc.<\/p>\n\n\n\n<p><strong>Capturer les eurod\u00e9put\u00e9s<\/strong><\/p>\n\n\n\n<p>L\u2019ancienne eurod\u00e9put\u00e9e a ainsi fait part de mails de Pier Antonio Panzeri et du Fran\u00e7ais Gilles Pargneaux qui, plusieurs fois, l\u2019ont invit\u00e9e \u00e0 des voyages au Maroc. \u00ab On recevait des invitations pour aller dans des voyages, qu\u2019ils nous d\u00e9crivaient comme des voyages magnifiques. Bien s\u00fbr, c\u2019\u00e9taient des s\u00e9jours qui seraient pay\u00e9s par les Marocains. Et des voyages qui convenaient aux Marocains pour nous faire voir ce qu\u2019ils voulaient. Bien s\u00fbr, moi je n\u2019ai jamais accept\u00e9. Mais malheureusement, je crains que quelques membres aient accept\u00e9 d\u2019y aller et c\u2019\u00e9tait une fa\u00e7on de capturer les membres. Pas seulement de les instrumentaliser. Mais de les capturer \u00bb.<\/p>\n\n\n\n<p>Ana Gomes pr\u00e9cise que l\u2019ann\u00e9e 2019 est une date charni\u00e8re. Pourquoi ? Cette ann\u00e9e-l\u00e0, confie-t-elle \u00e0 la RTBF, \u00ab Pier Antonio Panzeri ne cache plus son soutien ind\u00e9fectible au Maroc \u00bb. Elle rappelle qu\u2019un important accord sur la p\u00eache et l\u2019agriculture avec le Maroc est cass\u00e9 par la justice europ\u00e9enne. \u00ab C\u2019est un coup dur pour Rabat et tous ceux qui avaient soutenu le Maroc, notamment au sein du groupe socialiste du Parlement europ\u00e9en \u00bb, pr\u00e9cise-t-elle. \u00ab Le lobbying pro-marocain s\u2019est d\u00e9clench\u00e9 de fa\u00e7on assez furieuse. M\u00eame Panzeri, qui jusque-l\u00e0 \u00e9tait plut\u00f4t malin et dissimul\u00e9 dans le soutien aux positions du Maroc est devenu tr\u00e8s ouvert. Je me souviens d\u2019avoir eu de grandes discussions, moi et d\u2019autres coll\u00e8gues, au sein du groupe en pl\u00e9ni\u00e8re, en disant que ce n\u2019est pas possible la position que d\u00e9fendent Pargneaux et Panzeri, et c\u2019est l\u00e0 o\u00f9 j\u2019ai fait peut-\u00eatre mon alerte la plus v\u00e9h\u00e9mente : ces positions \u00e9taient des positions qui ne correspondent pas \u00e0 nos valeurs et nos principes. Ce sont des positions des agents du Maroc. Ce n\u2019\u00e9tait pas normal. Ce n\u2019\u00e9tait pas seulement une question de position politique. Il y avait quelque chose de plus \u00bb, raconte Ana Gomes qui dit avoir eu la confirmation de ses soup\u00e7ons de corruption. Et elle regrette aujourd\u2019hui que son groupe politique n\u2019ait pas entendu \u00e0 l\u2019\u00e9poque ses avertissements. Pour Ana Gomes, il n\u2019y a pas de doute : Pier Antonio Panzeri est bien le personnage central du Qatargate et du Marocgate.M\u00eame s\u2019il n\u2019a pas \u00e9t\u00e9 r\u00e9\u00e9lu en 2019 au Parlement europ\u00e9en, Pier Antonio Panzeri a continu\u00e9 \u00e0 y s\u00e9vir. Ana Gomes est \u00ab convaincue que l\u2019Italien a profit\u00e9 des r\u00e9seaux qu\u2019il a construits pendant ses trois mandats pour continuer \u00e0 servir les int\u00e9r\u00eats du Maroc via son ONG des Droits de l\u2019Homme, qu\u2019il a appel\u00e9 Fight Impunity (combattre l\u2019impunit\u00e9, ndlr) \u00bb. Son ONG serait l\u2019instrument pour acheter des membres du Parlement europ\u00e9en et leur pouvoir d\u2019influence au profit des Marocains.<\/p>\n\n\n\n<p><strong>Khider Larbi<\/strong><\/p>\n","protected":false},"excerpt":{"rendered":"<p>De nouvelles r\u00e9v\u00e9lations sont venues enfoncer un peu plus le Maroc dans ce qui est d\u00e9sormais appel\u00e9 le Marocgate, ce<\/p>\n","protected":false},"author":3,"featured_media":34376,"comment_status":"open","ping_status":"closed","sticky":false,"template":"","format":"standard","meta":{"colormag_page_container_layout":"default_layout","colormag_page_sidebar_layout":"default_layout","om_disable_all_campaigns":false,"_monsterinsights_skip_tracking":false,"_monsterinsights_sitenote_active":false,"_monsterinsights_sitenote_note":"","_monsterinsights_sitenote_category":0,"footnotes":"","_wpscppro_dont_share_socialmedia":false,"_wpscppro_custom_social_share_image":0,"_facebook_share_type":"","_twitter_share_type":"","_linkedin_share_type":"","_pinterest_share_type":"","_linkedin_share_type_page":"","_instagram_share_type":"","_medium_share_type":"","_threads_share_type":"","_google_business_share_type":"","_selected_social_profile":[],"_wpsp_enable_custom_social_template":false,"_wpsp_social_scheduling":{"enabled":false,"datetime":null,"platforms":[],"status":"template_only","dateOption":"today","timeOption":"now","customDays":"","customHours":"","customDate":"","customTime":"","schedulingType":"absolute"},"_wpsp_active_default_template":true},"categories":[52,27],"tags":[],"class_list":["post-34371","post","type-post","status-publish","format-standard","has-post-thumbnail","hentry","category-a-la-une","category-actualite"],"aioseo_notices":[],"yoast_head":"<!-- This site is optimized with the Yoast SEO plugin v27.5 - https:\/\/yoast.com\/product\/yoast-seo-wordpress\/ -->\n<title>Corruption au Parlement europ\u00e9en\u00a0: Ces r\u00e9v\u00e9lations qui enfoncent le Makhzen - La Sentinelle<\/title>\n<meta name=\"robots\" content=\"index, follow, max-snippet:-1, max-image-preview:large, max-video-preview:-1\" \/>\n<link rel=\"canonical\" href=\"https:\/\/lasentinelle.dz\/index.php\/2023\/01\/17\/corruption-au-parlement-europeen-ces-revelations-qui-enfoncent-le-makhzen\/\" \/>\n<meta property=\"og:locale\" content=\"fr_FR\" \/>\n<meta property=\"og:type\" content=\"article\" \/>\n<meta property=\"og:title\" content=\"Corruption au Parlement europ\u00e9en\u00a0: Ces r\u00e9v\u00e9lations qui enfoncent le Makhzen - La Sentinelle\" \/>\n<meta property=\"og:description\" content=\"De nouvelles r\u00e9v\u00e9lations sont venues enfoncer un peu plus le Maroc dans ce qui est d\u00e9sormais appel\u00e9 le Marocgate, ce\" \/>\n<meta property=\"og:url\" content=\"https:\/\/lasentinelle.dz\/index.php\/2023\/01\/17\/corruption-au-parlement-europeen-ces-revelations-qui-enfoncent-le-makhzen\/\" \/>\n<meta property=\"og:site_name\" content=\"La Sentinelle\" \/>\n<meta property=\"article:publisher\" content=\"https:\/\/www.facebook.com\/La-Sentinelle-104059864394773\" \/>\n<meta property=\"article:published_time\" content=\"2023-01-17T21:08:00+00:00\" \/>\n<meta property=\"og:image\" content=\"https:\/\/lasentinelle.dz\/wp-content\/uploads\/2023\/01\/Parlement-europeen.png\" \/>\n\t<meta property=\"og:image:width\" content=\"1406\" \/>\n\t<meta property=\"og:image:height\" content=\"900\" \/>\n\t<meta property=\"og:image:type\" content=\"image\/png\" \/>\n<meta name=\"author\" content=\"La Sentinelle\" \/>\n<meta name=\"twitter:card\" content=\"summary_large_image\" \/>\n<meta name=\"twitter:label1\" content=\"\u00c9crit par\" \/>\n\t<meta name=\"twitter:data1\" content=\"La Sentinelle\" \/>\n\t<meta name=\"twitter:label2\" content=\"Dur\u00e9e de lecture estim\u00e9e\" \/>\n\t<meta name=\"twitter:data2\" content=\"6 minutes\" \/>\n<script type=\"application\/ld+json\" class=\"yoast-schema-graph\">{\"@context\":\"https:\\\/\\\/schema.org\",\"@graph\":[{\"@type\":\"Article\",\"@id\":\"https:\\\/\\\/lasentinelle.dz\\\/index.php\\\/2023\\\/01\\\/17\\\/corruption-au-parlement-europeen-ces-revelations-qui-enfoncent-le-makhzen\\\/#article\",\"isPartOf\":{\"@id\":\"https:\\\/\\\/lasentinelle.dz\\\/index.php\\\/2023\\\/01\\\/17\\\/corruption-au-parlement-europeen-ces-revelations-qui-enfoncent-le-makhzen\\\/\"},\"author\":{\"name\":\"La Sentinelle\",\"@id\":\"https:\\\/\\\/lasentinelle.dz\\\/#\\\/schema\\\/person\\\/d865044e22e70a75174ce8bcad3acfb3\"},\"headline\":\"Corruption au Parlement europ\u00e9en\u00a0: Ces r\u00e9v\u00e9lations qui enfoncent le Makhzen\",\"datePublished\":\"2023-01-17T21:08:00+00:00\",\"mainEntityOfPage\":{\"@id\":\"https:\\\/\\\/lasentinelle.dz\\\/index.php\\\/2023\\\/01\\\/17\\\/corruption-au-parlement-europeen-ces-revelations-qui-enfoncent-le-makhzen\\\/\"},\"wordCount\":1218,\"commentCount\":0,\"publisher\":{\"@id\":\"https:\\\/\\\/lasentinelle.dz\\\/#organization\"},\"image\":{\"@id\":\"https:\\\/\\\/lasentinelle.dz\\\/index.php\\\/2023\\\/01\\\/17\\\/corruption-au-parlement-europeen-ces-revelations-qui-enfoncent-le-makhzen\\\/#primaryimage\"},\"thumbnailUrl\":\"https:\\\/\\\/lasentinelle.dz\\\/wp-content\\\/uploads\\\/2023\\\/01\\\/Parlement-europeen.png\",\"articleSection\":[\"\u00c0 la Une\",\"Actualit\u00e9\"],\"inLanguage\":\"fr-FR\",\"potentialAction\":[{\"@type\":\"CommentAction\",\"name\":\"Comment\",\"target\":[\"https:\\\/\\\/lasentinelle.dz\\\/index.php\\\/2023\\\/01\\\/17\\\/corruption-au-parlement-europeen-ces-revelations-qui-enfoncent-le-makhzen\\\/#respond\"]}]},{\"@type\":\"WebPage\",\"@id\":\"https:\\\/\\\/lasentinelle.dz\\\/index.php\\\/2023\\\/01\\\/17\\\/corruption-au-parlement-europeen-ces-revelations-qui-enfoncent-le-makhzen\\\/\",\"url\":\"https:\\\/\\\/lasentinelle.dz\\\/index.php\\\/2023\\\/01\\\/17\\\/corruption-au-parlement-europeen-ces-revelations-qui-enfoncent-le-makhzen\\\/\",\"name\":\"Corruption au Parlement europ\u00e9en\u00a0: Ces r\u00e9v\u00e9lations qui enfoncent le Makhzen - La Sentinelle\",\"isPartOf\":{\"@id\":\"https:\\\/\\\/lasentinelle.dz\\\/#website\"},\"primaryImageOfPage\":{\"@id\":\"https:\\\/\\\/lasentinelle.dz\\\/index.php\\\/2023\\\/01\\\/17\\\/corruption-au-parlement-europeen-ces-revelations-qui-enfoncent-le-makhzen\\\/#primaryimage\"},\"image\":{\"@id\":\"https:\\\/\\\/lasentinelle.dz\\\/index.php\\\/2023\\\/01\\\/17\\\/corruption-au-parlement-europeen-ces-revelations-qui-enfoncent-le-makhzen\\\/#primaryimage\"},\"thumbnailUrl\":\"https:\\\/\\\/lasentinelle.dz\\\/wp-content\\\/uploads\\\/2023\\\/01\\\/Parlement-europeen.png\",\"datePublished\":\"2023-01-17T21:08:00+00:00\",\"breadcrumb\":{\"@id\":\"https:\\\/\\\/lasentinelle.dz\\\/index.php\\\/2023\\\/01\\\/17\\\/corruption-au-parlement-europeen-ces-revelations-qui-enfoncent-le-makhzen\\\/#breadcrumb\"},\"inLanguage\":\"fr-FR\",\"potentialAction\":[{\"@type\":\"ReadAction\",\"target\":[\"https:\\\/\\\/lasentinelle.dz\\\/index.php\\\/2023\\\/01\\\/17\\\/corruption-au-parlement-europeen-ces-revelations-qui-enfoncent-le-makhzen\\\/\"]}]},{\"@type\":\"ImageObject\",\"inLanguage\":\"fr-FR\",\"@id\":\"https:\\\/\\\/lasentinelle.dz\\\/index.php\\\/2023\\\/01\\\/17\\\/corruption-au-parlement-europeen-ces-revelations-qui-enfoncent-le-makhzen\\\/#primaryimage\",\"url\":\"https:\\\/\\\/lasentinelle.dz\\\/wp-content\\\/uploads\\\/2023\\\/01\\\/Parlement-europeen.png\",\"contentUrl\":\"https:\\\/\\\/lasentinelle.dz\\\/wp-content\\\/uploads\\\/2023\\\/01\\\/Parlement-europeen.png\",\"width\":1406,\"height\":900},{\"@type\":\"BreadcrumbList\",\"@id\":\"https:\\\/\\\/lasentinelle.dz\\\/index.php\\\/2023\\\/01\\\/17\\\/corruption-au-parlement-europeen-ces-revelations-qui-enfoncent-le-makhzen\\\/#breadcrumb\",\"itemListElement\":[{\"@type\":\"ListItem\",\"position\":1,\"name\":\"Accueil\",\"item\":\"https:\\\/\\\/lasentinelle.dz\\\/\"},{\"@type\":\"ListItem\",\"position\":2,\"name\":\"Corruption au Parlement europ\u00e9en\u00a0: Ces r\u00e9v\u00e9lations qui enfoncent le Makhzen\"}]},{\"@type\":\"WebSite\",\"@id\":\"https:\\\/\\\/lasentinelle.dz\\\/#website\",\"url\":\"https:\\\/\\\/lasentinelle.dz\\\/\",\"name\":\"La Sentinelle\",\"description\":\"Quotidien national d&#039;information\",\"publisher\":{\"@id\":\"https:\\\/\\\/lasentinelle.dz\\\/#organization\"},\"potentialAction\":[{\"@type\":\"SearchAction\",\"target\":{\"@type\":\"EntryPoint\",\"urlTemplate\":\"https:\\\/\\\/lasentinelle.dz\\\/?s={search_term_string}\"},\"query-input\":{\"@type\":\"PropertyValueSpecification\",\"valueRequired\":true,\"valueName\":\"search_term_string\"}}],\"inLanguage\":\"fr-FR\"},{\"@type\":\"Organization\",\"@id\":\"https:\\\/\\\/lasentinelle.dz\\\/#organization\",\"name\":\"Quotidien La Sentinelle\",\"url\":\"https:\\\/\\\/lasentinelle.dz\\\/\",\"logo\":{\"@type\":\"ImageObject\",\"inLanguage\":\"fr-FR\",\"@id\":\"https:\\\/\\\/lasentinelle.dz\\\/#\\\/schema\\\/logo\\\/image\\\/\",\"url\":\"https:\\\/\\\/lasentinelle.dz\\\/wp-content\\\/uploads\\\/2021\\\/09\\\/logo-sentinelleSLOGAN-1.png\",\"contentUrl\":\"https:\\\/\\\/lasentinelle.dz\\\/wp-content\\\/uploads\\\/2021\\\/09\\\/logo-sentinelleSLOGAN-1.png\",\"width\":615,\"height\":142,\"caption\":\"Quotidien La Sentinelle\"},\"image\":{\"@id\":\"https:\\\/\\\/lasentinelle.dz\\\/#\\\/schema\\\/logo\\\/image\\\/\"},\"sameAs\":[\"https:\\\/\\\/www.facebook.com\\\/La-Sentinelle-104059864394773\"]},{\"@type\":\"Person\",\"@id\":\"https:\\\/\\\/lasentinelle.dz\\\/#\\\/schema\\\/person\\\/d865044e22e70a75174ce8bcad3acfb3\",\"name\":\"La Sentinelle\",\"image\":{\"@type\":\"ImageObject\",\"inLanguage\":\"fr-FR\",\"@id\":\"https:\\\/\\\/secure.gravatar.com\\\/avatar\\\/57de8e5d4b15d43fb361a71fbb36338450fe67865b528a43dd10ef7c51a20392?s=96&d=mm&r=g\",\"url\":\"https:\\\/\\\/secure.gravatar.com\\\/avatar\\\/57de8e5d4b15d43fb361a71fbb36338450fe67865b528a43dd10ef7c51a20392?s=96&d=mm&r=g\",\"contentUrl\":\"https:\\\/\\\/secure.gravatar.com\\\/avatar\\\/57de8e5d4b15d43fb361a71fbb36338450fe67865b528a43dd10ef7c51a20392?s=96&d=mm&r=g\",\"caption\":\"La Sentinelle\"},\"sameAs\":[\"http:\\\/\\\/www.lasentinelle.dz\"],\"url\":\"https:\\\/\\\/lasentinelle.dz\\\/author\\\/redaction\\\/\"}]}<\/script>\n<!-- \/ Yoast SEO plugin. -->","yoast_head_json":{"title":"Corruption au Parlement europ\u00e9en\u00a0: Ces r\u00e9v\u00e9lations qui enfoncent le Makhzen - La Sentinelle","robots":{"index":"index","follow":"follow","max-snippet":"max-snippet:-1","max-image-preview":"max-image-preview:large","max-video-preview":"max-video-preview:-1"},"canonical":"https:\/\/lasentinelle.dz\/index.php\/2023\/01\/17\/corruption-au-parlement-europeen-ces-revelations-qui-enfoncent-le-makhzen\/","og_locale":"fr_FR","og_type":"article","og_title":"Corruption au Parlement europ\u00e9en\u00a0: Ces r\u00e9v\u00e9lations qui enfoncent le Makhzen - La Sentinelle","og_description":"De nouvelles r\u00e9v\u00e9lations sont venues enfoncer un peu plus le Maroc dans ce qui est d\u00e9sormais appel\u00e9 le Marocgate, ce","og_url":"https:\/\/lasentinelle.dz\/index.php\/2023\/01\/17\/corruption-au-parlement-europeen-ces-revelations-qui-enfoncent-le-makhzen\/","og_site_name":"La Sentinelle","article_publisher":"https:\/\/www.facebook.com\/La-Sentinelle-104059864394773","article_published_time":"2023-01-17T21:08:00+00:00","og_image":[{"width":1406,"height":900,"url":"https:\/\/lasentinelle.dz\/wp-content\/uploads\/2023\/01\/Parlement-europeen.png","type":"image\/png"}],"author":"La Sentinelle","twitter_card":"summary_large_image","twitter_misc":{"\u00c9crit par":"La Sentinelle","Dur\u00e9e de lecture estim\u00e9e":"6 minutes"},"schema":{"@context":"https:\/\/schema.org","@graph":[{"@type":"Article","@id":"https:\/\/lasentinelle.dz\/index.php\/2023\/01\/17\/corruption-au-parlement-europeen-ces-revelations-qui-enfoncent-le-makhzen\/#article","isPartOf":{"@id":"https:\/\/lasentinelle.dz\/index.php\/2023\/01\/17\/corruption-au-parlement-europeen-ces-revelations-qui-enfoncent-le-makhzen\/"},"author":{"name":"La Sentinelle","@id":"https:\/\/lasentinelle.dz\/#\/schema\/person\/d865044e22e70a75174ce8bcad3acfb3"},"headline":"Corruption au Parlement europ\u00e9en\u00a0: Ces r\u00e9v\u00e9lations qui enfoncent le Makhzen","datePublished":"2023-01-17T21:08:00+00:00","mainEntityOfPage":{"@id":"https:\/\/lasentinelle.dz\/index.php\/2023\/01\/17\/corruption-au-parlement-europeen-ces-revelations-qui-enfoncent-le-makhzen\/"},"wordCount":1218,"commentCount":0,"publisher":{"@id":"https:\/\/lasentinelle.dz\/#organization"},"image":{"@id":"https:\/\/lasentinelle.dz\/index.php\/2023\/01\/17\/corruption-au-parlement-europeen-ces-revelations-qui-enfoncent-le-makhzen\/#primaryimage"},"thumbnailUrl":"https:\/\/lasentinelle.dz\/wp-content\/uploads\/2023\/01\/Parlement-europeen.png","articleSection":["\u00c0 la Une","Actualit\u00e9"],"inLanguage":"fr-FR","potentialAction":[{"@type":"CommentAction","name":"Comment","target":["https:\/\/lasentinelle.dz\/index.php\/2023\/01\/17\/corruption-au-parlement-europeen-ces-revelations-qui-enfoncent-le-makhzen\/#respond"]}]},{"@type":"WebPage","@id":"https:\/\/lasentinelle.dz\/index.php\/2023\/01\/17\/corruption-au-parlement-europeen-ces-revelations-qui-enfoncent-le-makhzen\/","url":"https:\/\/lasentinelle.dz\/index.php\/2023\/01\/17\/corruption-au-parlement-europeen-ces-revelations-qui-enfoncent-le-makhzen\/","name":"Corruption au Parlement europ\u00e9en\u00a0: Ces r\u00e9v\u00e9lations qui enfoncent le Makhzen - La Sentinelle","isPartOf":{"@id":"https:\/\/lasentinelle.dz\/#website"},"primaryImageOfPage":{"@id":"https:\/\/lasentinelle.dz\/index.php\/2023\/01\/17\/corruption-au-parlement-europeen-ces-revelations-qui-enfoncent-le-makhzen\/#primaryimage"},"image":{"@id":"https:\/\/lasentinelle.dz\/index.php\/2023\/01\/17\/corruption-au-parlement-europeen-ces-revelations-qui-enfoncent-le-makhzen\/#primaryimage"},"thumbnailUrl":"https:\/\/lasentinelle.dz\/wp-content\/uploads\/2023\/01\/Parlement-europeen.png","datePublished":"2023-01-17T21:08:00+00:00","breadcrumb":{"@id":"https:\/\/lasentinelle.dz\/index.php\/2023\/01\/17\/corruption-au-parlement-europeen-ces-revelations-qui-enfoncent-le-makhzen\/#breadcrumb"},"inLanguage":"fr-FR","potentialAction":[{"@type":"ReadAction","target":["https:\/\/lasentinelle.dz\/index.php\/2023\/01\/17\/corruption-au-parlement-europeen-ces-revelations-qui-enfoncent-le-makhzen\/"]}]},{"@type":"ImageObject","inLanguage":"fr-FR","@id":"https:\/\/lasentinelle.dz\/index.php\/2023\/01\/17\/corruption-au-parlement-europeen-ces-revelations-qui-enfoncent-le-makhzen\/#primaryimage","url":"https:\/\/lasentinelle.dz\/wp-content\/uploads\/2023\/01\/Parlement-europeen.png","contentUrl":"https:\/\/lasentinelle.dz\/wp-content\/uploads\/2023\/01\/Parlement-europeen.png","width":1406,"height":900},{"@type":"BreadcrumbList","@id":"https:\/\/lasentinelle.dz\/index.php\/2023\/01\/17\/corruption-au-parlement-europeen-ces-revelations-qui-enfoncent-le-makhzen\/#breadcrumb","itemListElement":[{"@type":"ListItem","position":1,"name":"Accueil","item":"https:\/\/lasentinelle.dz\/"},{"@type":"ListItem","position":2,"name":"Corruption au Parlement europ\u00e9en\u00a0: Ces r\u00e9v\u00e9lations qui enfoncent le Makhzen"}]},{"@type":"WebSite","@id":"https:\/\/lasentinelle.dz\/#website","url":"https:\/\/lasentinelle.dz\/","name":"La Sentinelle","description":"Quotidien national d&#039;information","publisher":{"@id":"https:\/\/lasentinelle.dz\/#organization"},"potentialAction":[{"@type":"SearchAction","target":{"@type":"EntryPoint","urlTemplate":"https:\/\/lasentinelle.dz\/?s={search_term_string}"},"query-input":{"@type":"PropertyValueSpecification","valueRequired":true,"valueName":"search_term_string"}}],"inLanguage":"fr-FR"},{"@type":"Organization","@id":"https:\/\/lasentinelle.dz\/#organization","name":"Quotidien La Sentinelle","url":"https:\/\/lasentinelle.dz\/","logo":{"@type":"ImageObject","inLanguage":"fr-FR","@id":"https:\/\/lasentinelle.dz\/#\/schema\/logo\/image\/","url":"https:\/\/lasentinelle.dz\/wp-content\/uploads\/2021\/09\/logo-sentinelleSLOGAN-1.png","contentUrl":"https:\/\/lasentinelle.dz\/wp-content\/uploads\/2021\/09\/logo-sentinelleSLOGAN-1.png","width":615,"height":142,"caption":"Quotidien La Sentinelle"},"image":{"@id":"https:\/\/lasentinelle.dz\/#\/schema\/logo\/image\/"},"sameAs":["https:\/\/www.facebook.com\/La-Sentinelle-104059864394773"]},{"@type":"Person","@id":"https:\/\/lasentinelle.dz\/#\/schema\/person\/d865044e22e70a75174ce8bcad3acfb3","name":"La Sentinelle","image":{"@type":"ImageObject","inLanguage":"fr-FR","@id":"https:\/\/secure.gravatar.com\/avatar\/57de8e5d4b15d43fb361a71fbb36338450fe67865b528a43dd10ef7c51a20392?s=96&d=mm&r=g","url":"https:\/\/secure.gravatar.com\/avatar\/57de8e5d4b15d43fb361a71fbb36338450fe67865b528a43dd10ef7c51a20392?s=96&d=mm&r=g","contentUrl":"https:\/\/secure.gravatar.com\/avatar\/57de8e5d4b15d43fb361a71fbb36338450fe67865b528a43dd10ef7c51a20392?s=96&d=mm&r=g","caption":"La Sentinelle"},"sameAs":["http:\/\/www.lasentinelle.dz"],"url":"https:\/\/lasentinelle.dz\/author\/redaction\/"}]}},"_links":{"self":[{"href":"https:\/\/lasentinelle.dz\/index.php\/wp-json\/wp\/v2\/posts\/34371","targetHints":{"allow":["GET"]}}],"collection":[{"href":"https:\/\/lasentinelle.dz\/index.php\/wp-json\/wp\/v2\/posts"}],"about":[{"href":"https:\/\/lasentinelle.dz\/index.php\/wp-json\/wp\/v2\/types\/post"}],"author":[{"embeddable":true,"href":"https:\/\/lasentinelle.dz\/index.php\/wp-json\/wp\/v2\/users\/3"}],"replies":[{"embeddable":true,"href":"https:\/\/lasentinelle.dz\/index.php\/wp-json\/wp\/v2\/comments?post=34371"}],"version-history":[{"count":2,"href":"https:\/\/lasentinelle.dz\/index.php\/wp-json\/wp\/v2\/posts\/34371\/revisions"}],"predecessor-version":[{"id":34387,"href":"https:\/\/lasentinelle.dz\/index.php\/wp-json\/wp\/v2\/posts\/34371\/revisions\/34387"}],"wp:featuredmedia":[{"embeddable":true,"href":"https:\/\/lasentinelle.dz\/index.php\/wp-json\/wp\/v2\/media\/34376"}],"wp:attachment":[{"href":"https:\/\/lasentinelle.dz\/index.php\/wp-json\/wp\/v2\/media?parent=34371"}],"wp:term":[{"taxonomy":"category","embeddable":true,"href":"https:\/\/lasentinelle.dz\/index.php\/wp-json\/wp\/v2\/categories?post=34371"},{"taxonomy":"post_tag","embeddable":true,"href":"https:\/\/lasentinelle.dz\/index.php\/wp-json\/wp\/v2\/tags?post=34371"}],"curies":[{"name":"wp","href":"https:\/\/api.w.org\/{rel}","templated":true}]}}