{"id":34373,"date":"2023-01-17T22:05:00","date_gmt":"2023-01-17T21:05:00","guid":{"rendered":"https:\/\/lasentinelle.dz\/?p=34373"},"modified":"2023-01-17T20:06:46","modified_gmt":"2023-01-17T19:06:46","slug":"la-presidente-du-pe-promet-une-lutte-implacable-contre-la-corruption","status":"publish","type":"post","link":"https:\/\/lasentinelle.dz\/index.php\/2023\/01\/17\/la-presidente-du-pe-promet-une-lutte-implacable-contre-la-corruption\/","title":{"rendered":"La pr\u00e9sidente du PE promet une lutte implacable contre la corruption"},"content":{"rendered":"\n<p>La pr\u00e9sidente du Parlement europ\u00e9en, Roberta Metsola, a promis lundi de s&rsquo;attaquer implacablement au ph\u00e9nom\u00e8ne de la corruption au sein de son institution, dont l&rsquo;image a \u00e9t\u00e9 ternie r\u00e9cemment par l&rsquo;implication av\u00e9r\u00e9e de nombreux de ses membres dans le scandale \u00ab\u00a0Marocgate\u00a0\u00bb. Le \u00ab\u00a0Marocgate\u00a0\u00bb a \u00e9clat\u00e9 apr\u00e8s l&rsquo;arrestation de Pier-Antonio Panziri, ancien d\u00e9put\u00e9 europ\u00e9en en Belgique, dans le cadre d&rsquo;une enqu\u00eate qui a secou\u00e9 le Parlement europ\u00e9en. Il est accus\u00e9 de s&rsquo;\u00eatre ing\u00e9r\u00e9 politiquement, avec d&rsquo;autres eurod\u00e9put\u00e9s, en faveur du Maroc, en \u00e9change d&rsquo;argent. \u00ab\u00a0Nous prendrons des mesures pour renforcer la lutte contre la corruption et les moyens de combattre les ing\u00e9rences \u00e9trang\u00e8res\u00a0\u00bb, a promis Roberta Metsola, dans l&rsquo;h\u00e9micycle du Parlement europ\u00e9en \u00e0 Strasbourg, \u00e0 l&rsquo;ouverture de la premi\u00e8re session pl\u00e9ni\u00e8re de l&rsquo;ann\u00e9e. Mme Metsola a soulign\u00e9 que \u00ab\u00a0les \u00e9v\u00e9nements du mois \u00e9coul\u00e9 ont d\u00e9montr\u00e9 la n\u00e9cessit\u00e9 de reb\u00e2tir les liens de confiance avec les citoyens europ\u00e9ens que nous repr\u00e9sentons\u00a0\u00bb. Roberta Metsola avait promis, pour rappel, d\u00e8s mi-d\u00e9cembre, un \u00ab\u00a0paquet de r\u00e9formes d&rsquo;ampleur\u00a0\u00bb, dont elle a pr\u00e9sent\u00e9 jeudi une premi\u00e8re salve aux pr\u00e9sidents des groupes parlementaires, qui lui ont donn\u00e9 leur feu vert. Parmi ces premi\u00e8res \u00e9tapes, figurent la restriction de l&rsquo;acc\u00e8s du Parlement europ\u00e9en aux anciens \u00e9lus, qui jusqu&rsquo;\u00e0 pr\u00e9sent gardaient porte ouverte, ou l&rsquo;enregistrement dans le registre de transparence de tous les intervenants ext\u00e9rieurs. Mme Metsola veut \u00e9galement que soient publi\u00e9s les cadeaux, voyages ou rencontres des eurod\u00e9put\u00e9s dans le cadre de leur mandat, mais aussi les sanctions inflig\u00e9es. Elle a affirm\u00e9, \u00e0 ce titre, que ces mesures n&rsquo;\u00e9taient que \u00ab\u00a0le d\u00e9but et non la fin\u00a0\u00bb. \u00ab\u00a0Nous allons commencer avec les mesures qui peuvent se mettre en \u0153uvre rapidement\u00a0\u00bb, a-t-elle argument\u00e9.<\/p>\n\n\n\n<p>R.N.<\/p>\n","protected":false},"excerpt":{"rendered":"<p>La pr\u00e9sidente du Parlement europ\u00e9en, Roberta Metsola, a promis lundi de s&rsquo;attaquer implacablement au ph\u00e9nom\u00e8ne de la corruption au sein<\/p>\n","protected":false},"author":3,"featured_media":34377,"comment_status":"open","ping_status":"closed","sticky":false,"template":"","format":"standard","meta":{"colormag_page_container_layout":"default_layout","colormag_page_sidebar_layout":"default_layout","om_disable_all_campaigns":false,"_monsterinsights_skip_tracking":false,"_monsterinsights_sitenote_active":false,"_monsterinsights_sitenote_note":"","_monsterinsights_sitenote_category":0,"footnotes":"","_wpscppro_dont_share_socialmedia":false,"_wpscppro_custom_social_share_image":0,"_facebook_share_type":"","_twitter_share_type":"","_linkedin_share_type":"","_pinterest_share_type":"","_linkedin_share_type_page":"","_instagram_share_type":"","_medium_share_type":"","_threads_share_type":"","_google_business_share_type":"","_selected_social_profile":[],"_wpsp_enable_custom_social_template":false,"_wpsp_social_scheduling":{"enabled":false,"datetime":null,"platforms":[],"status":"template_only","dateOption":"today","timeOption":"now","customDays":"","customHours":"","customDate":"","customTime":"","schedulingType":"absolute"},"_wpsp_active_default_template":true},"categories":[27],"tags":[],"class_list":["post-34373","post","type-post","status-publish","format-standard","has-post-thumbnail","hentry","category-actualite"],"aioseo_notices":[],"yoast_head":"<!-- This site is optimized with the Yoast SEO plugin v27.5 - https:\/\/yoast.com\/product\/yoast-seo-wordpress\/ -->\n<title>La pr\u00e9sidente du PE promet une lutte implacable contre la corruption - La Sentinelle<\/title>\n<meta name=\"robots\" content=\"index, follow, max-snippet:-1, max-image-preview:large, max-video-preview:-1\" \/>\n<link rel=\"canonical\" href=\"https:\/\/lasentinelle.dz\/index.php\/2023\/01\/17\/la-presidente-du-pe-promet-une-lutte-implacable-contre-la-corruption\/\" \/>\n<meta property=\"og:locale\" content=\"fr_FR\" \/>\n<meta property=\"og:type\" content=\"article\" \/>\n<meta property=\"og:title\" content=\"La pr\u00e9sidente du PE promet une lutte implacable contre la corruption - La Sentinelle\" \/>\n<meta property=\"og:description\" content=\"La pr\u00e9sidente du Parlement europ\u00e9en, Roberta Metsola, a promis lundi de s&rsquo;attaquer implacablement au ph\u00e9nom\u00e8ne de la corruption au sein\" \/>\n<meta property=\"og:url\" content=\"https:\/\/lasentinelle.dz\/index.php\/2023\/01\/17\/la-presidente-du-pe-promet-une-lutte-implacable-contre-la-corruption\/\" \/>\n<meta property=\"og:site_name\" content=\"La Sentinelle\" \/>\n<meta property=\"article:publisher\" content=\"https:\/\/www.facebook.com\/La-Sentinelle-104059864394773\" \/>\n<meta property=\"article:published_time\" content=\"2023-01-17T21:05:00+00:00\" \/>\n<meta property=\"og:image\" content=\"https:\/\/lasentinelle.dz\/wp-content\/uploads\/2023\/01\/image_2023-01-17_200527165.png\" \/>\n\t<meta property=\"og:image:width\" content=\"970\" \/>\n\t<meta property=\"og:image:height\" content=\"548\" \/>\n\t<meta property=\"og:image:type\" content=\"image\/png\" \/>\n<meta name=\"author\" content=\"La Sentinelle\" \/>\n<meta name=\"twitter:card\" content=\"summary_large_image\" \/>\n<meta name=\"twitter:label1\" content=\"\u00c9crit par\" \/>\n\t<meta name=\"twitter:data1\" content=\"La Sentinelle\" \/>\n\t<meta name=\"twitter:label2\" content=\"Dur\u00e9e de lecture estim\u00e9e\" \/>\n\t<meta name=\"twitter:data2\" content=\"2 minutes\" \/>\n<script type=\"application\/ld+json\" class=\"yoast-schema-graph\">{\"@context\":\"https:\\\/\\\/schema.org\",\"@graph\":[{\"@type\":\"Article\",\"@id\":\"https:\\\/\\\/lasentinelle.dz\\\/index.php\\\/2023\\\/01\\\/17\\\/la-presidente-du-pe-promet-une-lutte-implacable-contre-la-corruption\\\/#article\",\"isPartOf\":{\"@id\":\"https:\\\/\\\/lasentinelle.dz\\\/index.php\\\/2023\\\/01\\\/17\\\/la-presidente-du-pe-promet-une-lutte-implacable-contre-la-corruption\\\/\"},\"author\":{\"name\":\"La Sentinelle\",\"@id\":\"https:\\\/\\\/lasentinelle.dz\\\/#\\\/schema\\\/person\\\/d865044e22e70a75174ce8bcad3acfb3\"},\"headline\":\"La pr\u00e9sidente du PE promet une lutte implacable contre la corruption\",\"datePublished\":\"2023-01-17T21:05:00+00:00\",\"mainEntityOfPage\":{\"@id\":\"https:\\\/\\\/lasentinelle.dz\\\/index.php\\\/2023\\\/01\\\/17\\\/la-presidente-du-pe-promet-une-lutte-implacable-contre-la-corruption\\\/\"},\"wordCount\":343,\"commentCount\":0,\"publisher\":{\"@id\":\"https:\\\/\\\/lasentinelle.dz\\\/#organization\"},\"image\":{\"@id\":\"https:\\\/\\\/lasentinelle.dz\\\/index.php\\\/2023\\\/01\\\/17\\\/la-presidente-du-pe-promet-une-lutte-implacable-contre-la-corruption\\\/#primaryimage\"},\"thumbnailUrl\":\"https:\\\/\\\/lasentinelle.dz\\\/wp-content\\\/uploads\\\/2023\\\/01\\\/image_2023-01-17_200527165.png\",\"articleSection\":[\"Actualit\u00e9\"],\"inLanguage\":\"fr-FR\",\"potentialAction\":[{\"@type\":\"CommentAction\",\"name\":\"Comment\",\"target\":[\"https:\\\/\\\/lasentinelle.dz\\\/index.php\\\/2023\\\/01\\\/17\\\/la-presidente-du-pe-promet-une-lutte-implacable-contre-la-corruption\\\/#respond\"]}]},{\"@type\":\"WebPage\",\"@id\":\"https:\\\/\\\/lasentinelle.dz\\\/index.php\\\/2023\\\/01\\\/17\\\/la-presidente-du-pe-promet-une-lutte-implacable-contre-la-corruption\\\/\",\"url\":\"https:\\\/\\\/lasentinelle.dz\\\/index.php\\\/2023\\\/01\\\/17\\\/la-presidente-du-pe-promet-une-lutte-implacable-contre-la-corruption\\\/\",\"name\":\"La pr\u00e9sidente du PE promet une lutte implacable contre la corruption - La Sentinelle\",\"isPartOf\":{\"@id\":\"https:\\\/\\\/lasentinelle.dz\\\/#website\"},\"primaryImageOfPage\":{\"@id\":\"https:\\\/\\\/lasentinelle.dz\\\/index.php\\\/2023\\\/01\\\/17\\\/la-presidente-du-pe-promet-une-lutte-implacable-contre-la-corruption\\\/#primaryimage\"},\"image\":{\"@id\":\"https:\\\/\\\/lasentinelle.dz\\\/index.php\\\/2023\\\/01\\\/17\\\/la-presidente-du-pe-promet-une-lutte-implacable-contre-la-corruption\\\/#primaryimage\"},\"thumbnailUrl\":\"https:\\\/\\\/lasentinelle.dz\\\/wp-content\\\/uploads\\\/2023\\\/01\\\/image_2023-01-17_200527165.png\",\"datePublished\":\"2023-01-17T21:05:00+00:00\",\"breadcrumb\":{\"@id\":\"https:\\\/\\\/lasentinelle.dz\\\/index.php\\\/2023\\\/01\\\/17\\\/la-presidente-du-pe-promet-une-lutte-implacable-contre-la-corruption\\\/#breadcrumb\"},\"inLanguage\":\"fr-FR\",\"potentialAction\":[{\"@type\":\"ReadAction\",\"target\":[\"https:\\\/\\\/lasentinelle.dz\\\/index.php\\\/2023\\\/01\\\/17\\\/la-presidente-du-pe-promet-une-lutte-implacable-contre-la-corruption\\\/\"]}]},{\"@type\":\"ImageObject\",\"inLanguage\":\"fr-FR\",\"@id\":\"https:\\\/\\\/lasentinelle.dz\\\/index.php\\\/2023\\\/01\\\/17\\\/la-presidente-du-pe-promet-une-lutte-implacable-contre-la-corruption\\\/#primaryimage\",\"url\":\"https:\\\/\\\/lasentinelle.dz\\\/wp-content\\\/uploads\\\/2023\\\/01\\\/image_2023-01-17_200527165.png\",\"contentUrl\":\"https:\\\/\\\/lasentinelle.dz\\\/wp-content\\\/uploads\\\/2023\\\/01\\\/image_2023-01-17_200527165.png\",\"width\":970,\"height\":548},{\"@type\":\"BreadcrumbList\",\"@id\":\"https:\\\/\\\/lasentinelle.dz\\\/index.php\\\/2023\\\/01\\\/17\\\/la-presidente-du-pe-promet-une-lutte-implacable-contre-la-corruption\\\/#breadcrumb\",\"itemListElement\":[{\"@type\":\"ListItem\",\"position\":1,\"name\":\"Accueil\",\"item\":\"https:\\\/\\\/lasentinelle.dz\\\/\"},{\"@type\":\"ListItem\",\"position\":2,\"name\":\"La pr\u00e9sidente du PE promet une lutte implacable contre la corruption\"}]},{\"@type\":\"WebSite\",\"@id\":\"https:\\\/\\\/lasentinelle.dz\\\/#website\",\"url\":\"https:\\\/\\\/lasentinelle.dz\\\/\",\"name\":\"La Sentinelle\",\"description\":\"Quotidien national d&#039;information\",\"publisher\":{\"@id\":\"https:\\\/\\\/lasentinelle.dz\\\/#organization\"},\"potentialAction\":[{\"@type\":\"SearchAction\",\"target\":{\"@type\":\"EntryPoint\",\"urlTemplate\":\"https:\\\/\\\/lasentinelle.dz\\\/?s={search_term_string}\"},\"query-input\":{\"@type\":\"PropertyValueSpecification\",\"valueRequired\":true,\"valueName\":\"search_term_string\"}}],\"inLanguage\":\"fr-FR\"},{\"@type\":\"Organization\",\"@id\":\"https:\\\/\\\/lasentinelle.dz\\\/#organization\",\"name\":\"Quotidien La Sentinelle\",\"url\":\"https:\\\/\\\/lasentinelle.dz\\\/\",\"logo\":{\"@type\":\"ImageObject\",\"inLanguage\":\"fr-FR\",\"@id\":\"https:\\\/\\\/lasentinelle.dz\\\/#\\\/schema\\\/logo\\\/image\\\/\",\"url\":\"https:\\\/\\\/lasentinelle.dz\\\/wp-content\\\/uploads\\\/2021\\\/09\\\/logo-sentinelleSLOGAN-1.png\",\"contentUrl\":\"https:\\\/\\\/lasentinelle.dz\\\/wp-content\\\/uploads\\\/2021\\\/09\\\/logo-sentinelleSLOGAN-1.png\",\"width\":615,\"height\":142,\"caption\":\"Quotidien La Sentinelle\"},\"image\":{\"@id\":\"https:\\\/\\\/lasentinelle.dz\\\/#\\\/schema\\\/logo\\\/image\\\/\"},\"sameAs\":[\"https:\\\/\\\/www.facebook.com\\\/La-Sentinelle-104059864394773\"]},{\"@type\":\"Person\",\"@id\":\"https:\\\/\\\/lasentinelle.dz\\\/#\\\/schema\\\/person\\\/d865044e22e70a75174ce8bcad3acfb3\",\"name\":\"La Sentinelle\",\"image\":{\"@type\":\"ImageObject\",\"inLanguage\":\"fr-FR\",\"@id\":\"https:\\\/\\\/secure.gravatar.com\\\/avatar\\\/57de8e5d4b15d43fb361a71fbb36338450fe67865b528a43dd10ef7c51a20392?s=96&d=mm&r=g\",\"url\":\"https:\\\/\\\/secure.gravatar.com\\\/avatar\\\/57de8e5d4b15d43fb361a71fbb36338450fe67865b528a43dd10ef7c51a20392?s=96&d=mm&r=g\",\"contentUrl\":\"https:\\\/\\\/secure.gravatar.com\\\/avatar\\\/57de8e5d4b15d43fb361a71fbb36338450fe67865b528a43dd10ef7c51a20392?s=96&d=mm&r=g\",\"caption\":\"La Sentinelle\"},\"sameAs\":[\"http:\\\/\\\/www.lasentinelle.dz\"],\"url\":\"https:\\\/\\\/lasentinelle.dz\\\/author\\\/redaction\\\/\"}]}<\/script>\n<!-- \/ Yoast SEO plugin. -->","yoast_head_json":{"title":"La pr\u00e9sidente du PE promet une lutte implacable contre la corruption - La Sentinelle","robots":{"index":"index","follow":"follow","max-snippet":"max-snippet:-1","max-image-preview":"max-image-preview:large","max-video-preview":"max-video-preview:-1"},"canonical":"https:\/\/lasentinelle.dz\/index.php\/2023\/01\/17\/la-presidente-du-pe-promet-une-lutte-implacable-contre-la-corruption\/","og_locale":"fr_FR","og_type":"article","og_title":"La pr\u00e9sidente du PE promet une lutte implacable contre la corruption - La Sentinelle","og_description":"La pr\u00e9sidente du Parlement europ\u00e9en, Roberta Metsola, a promis lundi de s&rsquo;attaquer implacablement au ph\u00e9nom\u00e8ne de la corruption au sein","og_url":"https:\/\/lasentinelle.dz\/index.php\/2023\/01\/17\/la-presidente-du-pe-promet-une-lutte-implacable-contre-la-corruption\/","og_site_name":"La Sentinelle","article_publisher":"https:\/\/www.facebook.com\/La-Sentinelle-104059864394773","article_published_time":"2023-01-17T21:05:00+00:00","og_image":[{"width":970,"height":548,"url":"https:\/\/lasentinelle.dz\/wp-content\/uploads\/2023\/01\/image_2023-01-17_200527165.png","type":"image\/png"}],"author":"La Sentinelle","twitter_card":"summary_large_image","twitter_misc":{"\u00c9crit par":"La Sentinelle","Dur\u00e9e de lecture estim\u00e9e":"2 minutes"},"schema":{"@context":"https:\/\/schema.org","@graph":[{"@type":"Article","@id":"https:\/\/lasentinelle.dz\/index.php\/2023\/01\/17\/la-presidente-du-pe-promet-une-lutte-implacable-contre-la-corruption\/#article","isPartOf":{"@id":"https:\/\/lasentinelle.dz\/index.php\/2023\/01\/17\/la-presidente-du-pe-promet-une-lutte-implacable-contre-la-corruption\/"},"author":{"name":"La Sentinelle","@id":"https:\/\/lasentinelle.dz\/#\/schema\/person\/d865044e22e70a75174ce8bcad3acfb3"},"headline":"La pr\u00e9sidente du PE promet une lutte implacable contre la corruption","datePublished":"2023-01-17T21:05:00+00:00","mainEntityOfPage":{"@id":"https:\/\/lasentinelle.dz\/index.php\/2023\/01\/17\/la-presidente-du-pe-promet-une-lutte-implacable-contre-la-corruption\/"},"wordCount":343,"commentCount":0,"publisher":{"@id":"https:\/\/lasentinelle.dz\/#organization"},"image":{"@id":"https:\/\/lasentinelle.dz\/index.php\/2023\/01\/17\/la-presidente-du-pe-promet-une-lutte-implacable-contre-la-corruption\/#primaryimage"},"thumbnailUrl":"https:\/\/lasentinelle.dz\/wp-content\/uploads\/2023\/01\/image_2023-01-17_200527165.png","articleSection":["Actualit\u00e9"],"inLanguage":"fr-FR","potentialAction":[{"@type":"CommentAction","name":"Comment","target":["https:\/\/lasentinelle.dz\/index.php\/2023\/01\/17\/la-presidente-du-pe-promet-une-lutte-implacable-contre-la-corruption\/#respond"]}]},{"@type":"WebPage","@id":"https:\/\/lasentinelle.dz\/index.php\/2023\/01\/17\/la-presidente-du-pe-promet-une-lutte-implacable-contre-la-corruption\/","url":"https:\/\/lasentinelle.dz\/index.php\/2023\/01\/17\/la-presidente-du-pe-promet-une-lutte-implacable-contre-la-corruption\/","name":"La pr\u00e9sidente du PE promet une lutte implacable contre la corruption - La Sentinelle","isPartOf":{"@id":"https:\/\/lasentinelle.dz\/#website"},"primaryImageOfPage":{"@id":"https:\/\/lasentinelle.dz\/index.php\/2023\/01\/17\/la-presidente-du-pe-promet-une-lutte-implacable-contre-la-corruption\/#primaryimage"},"image":{"@id":"https:\/\/lasentinelle.dz\/index.php\/2023\/01\/17\/la-presidente-du-pe-promet-une-lutte-implacable-contre-la-corruption\/#primaryimage"},"thumbnailUrl":"https:\/\/lasentinelle.dz\/wp-content\/uploads\/2023\/01\/image_2023-01-17_200527165.png","datePublished":"2023-01-17T21:05:00+00:00","breadcrumb":{"@id":"https:\/\/lasentinelle.dz\/index.php\/2023\/01\/17\/la-presidente-du-pe-promet-une-lutte-implacable-contre-la-corruption\/#breadcrumb"},"inLanguage":"fr-FR","potentialAction":[{"@type":"ReadAction","target":["https:\/\/lasentinelle.dz\/index.php\/2023\/01\/17\/la-presidente-du-pe-promet-une-lutte-implacable-contre-la-corruption\/"]}]},{"@type":"ImageObject","inLanguage":"fr-FR","@id":"https:\/\/lasentinelle.dz\/index.php\/2023\/01\/17\/la-presidente-du-pe-promet-une-lutte-implacable-contre-la-corruption\/#primaryimage","url":"https:\/\/lasentinelle.dz\/wp-content\/uploads\/2023\/01\/image_2023-01-17_200527165.png","contentUrl":"https:\/\/lasentinelle.dz\/wp-content\/uploads\/2023\/01\/image_2023-01-17_200527165.png","width":970,"height":548},{"@type":"BreadcrumbList","@id":"https:\/\/lasentinelle.dz\/index.php\/2023\/01\/17\/la-presidente-du-pe-promet-une-lutte-implacable-contre-la-corruption\/#breadcrumb","itemListElement":[{"@type":"ListItem","position":1,"name":"Accueil","item":"https:\/\/lasentinelle.dz\/"},{"@type":"ListItem","position":2,"name":"La pr\u00e9sidente du PE promet une lutte implacable contre la corruption"}]},{"@type":"WebSite","@id":"https:\/\/lasentinelle.dz\/#website","url":"https:\/\/lasentinelle.dz\/","name":"La Sentinelle","description":"Quotidien national d&#039;information","publisher":{"@id":"https:\/\/lasentinelle.dz\/#organization"},"potentialAction":[{"@type":"SearchAction","target":{"@type":"EntryPoint","urlTemplate":"https:\/\/lasentinelle.dz\/?s={search_term_string}"},"query-input":{"@type":"PropertyValueSpecification","valueRequired":true,"valueName":"search_term_string"}}],"inLanguage":"fr-FR"},{"@type":"Organization","@id":"https:\/\/lasentinelle.dz\/#organization","name":"Quotidien La Sentinelle","url":"https:\/\/lasentinelle.dz\/","logo":{"@type":"ImageObject","inLanguage":"fr-FR","@id":"https:\/\/lasentinelle.dz\/#\/schema\/logo\/image\/","url":"https:\/\/lasentinelle.dz\/wp-content\/uploads\/2021\/09\/logo-sentinelleSLOGAN-1.png","contentUrl":"https:\/\/lasentinelle.dz\/wp-content\/uploads\/2021\/09\/logo-sentinelleSLOGAN-1.png","width":615,"height":142,"caption":"Quotidien La Sentinelle"},"image":{"@id":"https:\/\/lasentinelle.dz\/#\/schema\/logo\/image\/"},"sameAs":["https:\/\/www.facebook.com\/La-Sentinelle-104059864394773"]},{"@type":"Person","@id":"https:\/\/lasentinelle.dz\/#\/schema\/person\/d865044e22e70a75174ce8bcad3acfb3","name":"La Sentinelle","image":{"@type":"ImageObject","inLanguage":"fr-FR","@id":"https:\/\/secure.gravatar.com\/avatar\/57de8e5d4b15d43fb361a71fbb36338450fe67865b528a43dd10ef7c51a20392?s=96&d=mm&r=g","url":"https:\/\/secure.gravatar.com\/avatar\/57de8e5d4b15d43fb361a71fbb36338450fe67865b528a43dd10ef7c51a20392?s=96&d=mm&r=g","contentUrl":"https:\/\/secure.gravatar.com\/avatar\/57de8e5d4b15d43fb361a71fbb36338450fe67865b528a43dd10ef7c51a20392?s=96&d=mm&r=g","caption":"La Sentinelle"},"sameAs":["http:\/\/www.lasentinelle.dz"],"url":"https:\/\/lasentinelle.dz\/author\/redaction\/"}]}},"_links":{"self":[{"href":"https:\/\/lasentinelle.dz\/index.php\/wp-json\/wp\/v2\/posts\/34373","targetHints":{"allow":["GET"]}}],"collection":[{"href":"https:\/\/lasentinelle.dz\/index.php\/wp-json\/wp\/v2\/posts"}],"about":[{"href":"https:\/\/lasentinelle.dz\/index.php\/wp-json\/wp\/v2\/types\/post"}],"author":[{"embeddable":true,"href":"https:\/\/lasentinelle.dz\/index.php\/wp-json\/wp\/v2\/users\/3"}],"replies":[{"embeddable":true,"href":"https:\/\/lasentinelle.dz\/index.php\/wp-json\/wp\/v2\/comments?post=34373"}],"version-history":[{"count":1,"href":"https:\/\/lasentinelle.dz\/index.php\/wp-json\/wp\/v2\/posts\/34373\/revisions"}],"predecessor-version":[{"id":34378,"href":"https:\/\/lasentinelle.dz\/index.php\/wp-json\/wp\/v2\/posts\/34373\/revisions\/34378"}],"wp:featuredmedia":[{"embeddable":true,"href":"https:\/\/lasentinelle.dz\/index.php\/wp-json\/wp\/v2\/media\/34377"}],"wp:attachment":[{"href":"https:\/\/lasentinelle.dz\/index.php\/wp-json\/wp\/v2\/media?parent=34373"}],"wp:term":[{"taxonomy":"category","embeddable":true,"href":"https:\/\/lasentinelle.dz\/index.php\/wp-json\/wp\/v2\/categories?post=34373"},{"taxonomy":"post_tag","embeddable":true,"href":"https:\/\/lasentinelle.dz\/index.php\/wp-json\/wp\/v2\/tags?post=34373"}],"curies":[{"name":"wp","href":"https:\/\/api.w.org\/{rel}","templated":true}]}}