{"id":3441,"date":"2021-08-04T00:02:00","date_gmt":"2021-08-03T23:02:00","guid":{"rendered":"https:\/\/lasentinelle.dz\/?p=3441"},"modified":"2021-08-03T18:53:37","modified_gmt":"2021-08-03T17:53:37","slug":"education-nationale-accelerer-la-vaccination-du-personnel-du-secteur","status":"publish","type":"post","link":"https:\/\/lasentinelle.dz\/index.php\/2021\/08\/04\/education-nationale-accelerer-la-vaccination-du-personnel-du-secteur\/","title":{"rendered":"\u00c9ducation nationale : Acc\u00e9l\u00e9rer la vaccination du personnel du secteur"},"content":{"rendered":"\n<p>La vaccination des personnels du secteur de l\u2019\u00c9ducation nationale contre le Covid-19 en pr\u00e9vision de la prochaine rentr\u00e9e scolaire s&rsquo;impose comme une priorit\u00e9 pour le d\u00e9partement d\u2019Abdelhakim Belabed qui compte acc\u00e9l\u00e9rer la cadence des op\u00e9rations en mobilisant tout le personnel \u00e0 tous les niveaux. En effet, le ministre de l&rsquo;\u00c9ducation nationale, a pr\u00e9sid\u00e9 cette semaine l&rsquo;installation des membres de la Commission nationale des \u0153uvres sociales du personnel de l&rsquo;\u00e9ducation et &nbsp;a fait, \u00e0 l\u2019occasion &nbsp;savoir qu&rsquo;il a recommand\u00e9 aux membres de cette commission d&rsquo;\u0153uvrer \u00e0 l&rsquo;acc\u00e9l\u00e9ration de la vaccination des personnels du secteur au niveau des centre de m\u00e9decine de travail au niveau de 41 wilayas.&nbsp;&nbsp; Pour r\u00e9ussir cet objectif, M. Belabed a mis l&rsquo;accent sur&nbsp; l&rsquo;importance de l&rsquo;exploitation de ces structures pour toucher le plus grand nombre possible d&#8217;employ\u00e9s du secteur notamment les malades chroniques et les femmes enceintes avant la prochaine rentr\u00e9e scolaire via notamment l&rsquo;activation des unit\u00e9s de d\u00e9pistage et de suivi sanitaire dans l&rsquo;op\u00e9ration de vaccination.<\/p>\n\n\n\n<p>Abordant le chapitre des conditions socioprofessionnelles du personnel du secteur, le ministre de l&rsquo;\u00c9ducation nationale a vivement recommand\u00e9 de rationaliser \u00ab\u00a0les d\u00e9penses pour que toutes les cat\u00e9gories du secteur puissent profiter des fonds des \u0153uvres sociales\u00a0\u00bb dont \u00ab\u00a0l&rsquo;installation des membres de la Commission nationale, \u00e9lus juillet dernier, sera suivie par l&rsquo;installation des membres de comit\u00e9s de wilaya dans les prochains jours\u00a0\u00bb, a-t-il pr\u00e9cis\u00e9. Il faut rappeler ainsi que la commission nationale des \u0153uvres sociales de l&rsquo;Education nationale est r\u00e9gie par la loi 01-12 et soumise \u00e0 des m\u00e9canismes juridiques pour disposer de l&rsquo;argent public, entre autres, avoir un donneur d&rsquo;ordre et un contr\u00f4le financier. Une m\u00eame commission qui est aussi soumise aux structures nationales de contr\u00f4le \u00e0 l&rsquo;image du secr\u00e9tariat g\u00e9n\u00e9ral des finances et la cour des comptes.<\/p>\n\n\n\n<p>Il faut rappeler aussi que dans&nbsp; une r\u00e9union de coordination avec les cadres centraux de son secteur destin\u00e9e \u00e0 faire le point sur la pr\u00e9paration de la rentr\u00e9e scolaire 2021-2022, le ministre de l&rsquo;\u00c9ducation nationalea abord\u00e9 les mesures prioritaires pour cette rentr\u00e9e. Le responsable du secteur mettra ainsi l&rsquo;accent sur la n\u00e9cessit\u00e9 de&nbsp; garantir \u00ab\u00a0un encadrement p\u00e9dagogique de tous les groupes \u00e9ducatifs au niveau de tous les \u00e9tablissements \u00e0 travers le pays\u00a0\u00bb. Les pr\u00e9paratifs pr\u00e9vus en cette conjoncture sanitaire exceptionnelle notamment les mesures pr\u00e9ventives visant \u00e0 r\u00e9duire la propagation du coronavirus (Covid-19) ont \u00e9galement \u00e9t\u00e9 au menu de la rencontre durant laquelle M. Belabed a recommand\u00e9 d&rsquo;entamer obligatoirement l&rsquo;op\u00e9ration de d\u00e9sinfection et de nettoyage des \u00e9tablissements \u00e9ducatifs, notamment les classes, les couloirs, les structures de sant\u00e9, les sanitaires et autres avant la prochaine rentr\u00e9e scolaire.<\/p>\n\n\n\n<p>Akli Amor<\/p>\n","protected":false},"excerpt":{"rendered":"<p>La vaccination des personnels du secteur de l\u2019\u00c9ducation nationale contre le Covid-19 en pr\u00e9vision de la prochaine rentr\u00e9e scolaire s&rsquo;impose<\/p>\n","protected":false},"author":3,"featured_media":3443,"comment_status":"open","ping_status":"closed","sticky":false,"template":"","format":"standard","meta":{"colormag_page_container_layout":"default_layout","colormag_page_sidebar_layout":"default_layout","om_disable_all_campaigns":false,"_monsterinsights_skip_tracking":false,"_monsterinsights_sitenote_active":false,"_monsterinsights_sitenote_note":"","_monsterinsights_sitenote_category":0,"footnotes":"","_wpscppro_dont_share_socialmedia":false,"_wpscppro_custom_social_share_image":0,"_facebook_share_type":"","_twitter_share_type":"","_linkedin_share_type":"","_pinterest_share_type":"","_linkedin_share_type_page":"","_instagram_share_type":"","_medium_share_type":"","_threads_share_type":"","_google_business_share_type":"","_selected_social_profile":[],"_wpsp_enable_custom_social_template":false,"_wpsp_social_scheduling":{"enabled":false,"datetime":null,"platforms":[],"status":"template_only","dateOption":"today","timeOption":"now","customDays":"","customHours":"","customDate":"","customTime":"","schedulingType":"absolute"},"_wpsp_active_default_template":true},"categories":[52,27],"tags":[],"class_list":["post-3441","post","type-post","status-publish","format-standard","has-post-thumbnail","hentry","category-a-la-une","category-actualite"],"aioseo_notices":[],"yoast_head":"<!-- This site is optimized with the Yoast SEO plugin v27.5 - https:\/\/yoast.com\/product\/yoast-seo-wordpress\/ -->\n<title>\u00c9ducation nationale : Acc\u00e9l\u00e9rer la vaccination du personnel du secteur - La Sentinelle<\/title>\n<meta name=\"robots\" content=\"index, follow, max-snippet:-1, max-image-preview:large, max-video-preview:-1\" \/>\n<link rel=\"canonical\" href=\"https:\/\/lasentinelle.dz\/index.php\/2021\/08\/04\/education-nationale-accelerer-la-vaccination-du-personnel-du-secteur\/\" \/>\n<meta property=\"og:locale\" content=\"fr_FR\" \/>\n<meta property=\"og:type\" content=\"article\" \/>\n<meta property=\"og:title\" content=\"\u00c9ducation nationale : Acc\u00e9l\u00e9rer la vaccination du personnel du secteur - La Sentinelle\" \/>\n<meta property=\"og:description\" content=\"La vaccination des personnels du secteur de l\u2019\u00c9ducation nationale contre le Covid-19 en pr\u00e9vision de la prochaine rentr\u00e9e scolaire s&rsquo;impose\" \/>\n<meta property=\"og:url\" content=\"https:\/\/lasentinelle.dz\/index.php\/2021\/08\/04\/education-nationale-accelerer-la-vaccination-du-personnel-du-secteur\/\" \/>\n<meta property=\"og:site_name\" content=\"La Sentinelle\" \/>\n<meta property=\"article:publisher\" content=\"https:\/\/www.facebook.com\/La-Sentinelle-104059864394773\" \/>\n<meta property=\"article:published_time\" content=\"2021-08-03T23:02:00+00:00\" \/>\n<meta property=\"og:image\" content=\"https:\/\/lasentinelle.dz\/wp-content\/uploads\/2021\/08\/vaccin-19.png\" \/>\n\t<meta property=\"og:image:width\" content=\"1648\" \/>\n\t<meta property=\"og:image:height\" content=\"900\" \/>\n\t<meta property=\"og:image:type\" content=\"image\/png\" \/>\n<meta name=\"author\" content=\"La Sentinelle\" \/>\n<meta name=\"twitter:card\" content=\"summary_large_image\" \/>\n<meta name=\"twitter:label1\" content=\"\u00c9crit par\" \/>\n\t<meta name=\"twitter:data1\" content=\"La Sentinelle\" \/>\n\t<meta name=\"twitter:label2\" content=\"Dur\u00e9e de lecture estim\u00e9e\" \/>\n\t<meta name=\"twitter:data2\" content=\"2 minutes\" \/>\n<script type=\"application\/ld+json\" class=\"yoast-schema-graph\">{\"@context\":\"https:\\\/\\\/schema.org\",\"@graph\":[{\"@type\":\"Article\",\"@id\":\"https:\\\/\\\/lasentinelle.dz\\\/index.php\\\/2021\\\/08\\\/04\\\/education-nationale-accelerer-la-vaccination-du-personnel-du-secteur\\\/#article\",\"isPartOf\":{\"@id\":\"https:\\\/\\\/lasentinelle.dz\\\/index.php\\\/2021\\\/08\\\/04\\\/education-nationale-accelerer-la-vaccination-du-personnel-du-secteur\\\/\"},\"author\":{\"name\":\"La Sentinelle\",\"@id\":\"https:\\\/\\\/lasentinelle.dz\\\/#\\\/schema\\\/person\\\/d865044e22e70a75174ce8bcad3acfb3\"},\"headline\":\"\u00c9ducation nationale : Acc\u00e9l\u00e9rer la vaccination du personnel du secteur\",\"datePublished\":\"2021-08-03T23:02:00+00:00\",\"mainEntityOfPage\":{\"@id\":\"https:\\\/\\\/lasentinelle.dz\\\/index.php\\\/2021\\\/08\\\/04\\\/education-nationale-accelerer-la-vaccination-du-personnel-du-secteur\\\/\"},\"wordCount\":503,\"commentCount\":0,\"publisher\":{\"@id\":\"https:\\\/\\\/lasentinelle.dz\\\/#organization\"},\"image\":{\"@id\":\"https:\\\/\\\/lasentinelle.dz\\\/index.php\\\/2021\\\/08\\\/04\\\/education-nationale-accelerer-la-vaccination-du-personnel-du-secteur\\\/#primaryimage\"},\"thumbnailUrl\":\"https:\\\/\\\/lasentinelle.dz\\\/wp-content\\\/uploads\\\/2021\\\/08\\\/vaccin-19.png\",\"articleSection\":[\"\u00c0 la Une\",\"Actualit\u00e9\"],\"inLanguage\":\"fr-FR\",\"potentialAction\":[{\"@type\":\"CommentAction\",\"name\":\"Comment\",\"target\":[\"https:\\\/\\\/lasentinelle.dz\\\/index.php\\\/2021\\\/08\\\/04\\\/education-nationale-accelerer-la-vaccination-du-personnel-du-secteur\\\/#respond\"]}]},{\"@type\":\"WebPage\",\"@id\":\"https:\\\/\\\/lasentinelle.dz\\\/index.php\\\/2021\\\/08\\\/04\\\/education-nationale-accelerer-la-vaccination-du-personnel-du-secteur\\\/\",\"url\":\"https:\\\/\\\/lasentinelle.dz\\\/index.php\\\/2021\\\/08\\\/04\\\/education-nationale-accelerer-la-vaccination-du-personnel-du-secteur\\\/\",\"name\":\"\u00c9ducation nationale : Acc\u00e9l\u00e9rer la vaccination du personnel du secteur - La Sentinelle\",\"isPartOf\":{\"@id\":\"https:\\\/\\\/lasentinelle.dz\\\/#website\"},\"primaryImageOfPage\":{\"@id\":\"https:\\\/\\\/lasentinelle.dz\\\/index.php\\\/2021\\\/08\\\/04\\\/education-nationale-accelerer-la-vaccination-du-personnel-du-secteur\\\/#primaryimage\"},\"image\":{\"@id\":\"https:\\\/\\\/lasentinelle.dz\\\/index.php\\\/2021\\\/08\\\/04\\\/education-nationale-accelerer-la-vaccination-du-personnel-du-secteur\\\/#primaryimage\"},\"thumbnailUrl\":\"https:\\\/\\\/lasentinelle.dz\\\/wp-content\\\/uploads\\\/2021\\\/08\\\/vaccin-19.png\",\"datePublished\":\"2021-08-03T23:02:00+00:00\",\"breadcrumb\":{\"@id\":\"https:\\\/\\\/lasentinelle.dz\\\/index.php\\\/2021\\\/08\\\/04\\\/education-nationale-accelerer-la-vaccination-du-personnel-du-secteur\\\/#breadcrumb\"},\"inLanguage\":\"fr-FR\",\"potentialAction\":[{\"@type\":\"ReadAction\",\"target\":[\"https:\\\/\\\/lasentinelle.dz\\\/index.php\\\/2021\\\/08\\\/04\\\/education-nationale-accelerer-la-vaccination-du-personnel-du-secteur\\\/\"]}]},{\"@type\":\"ImageObject\",\"inLanguage\":\"fr-FR\",\"@id\":\"https:\\\/\\\/lasentinelle.dz\\\/index.php\\\/2021\\\/08\\\/04\\\/education-nationale-accelerer-la-vaccination-du-personnel-du-secteur\\\/#primaryimage\",\"url\":\"https:\\\/\\\/lasentinelle.dz\\\/wp-content\\\/uploads\\\/2021\\\/08\\\/vaccin-19.png\",\"contentUrl\":\"https:\\\/\\\/lasentinelle.dz\\\/wp-content\\\/uploads\\\/2021\\\/08\\\/vaccin-19.png\",\"width\":1648,\"height\":900},{\"@type\":\"BreadcrumbList\",\"@id\":\"https:\\\/\\\/lasentinelle.dz\\\/index.php\\\/2021\\\/08\\\/04\\\/education-nationale-accelerer-la-vaccination-du-personnel-du-secteur\\\/#breadcrumb\",\"itemListElement\":[{\"@type\":\"ListItem\",\"position\":1,\"name\":\"Accueil\",\"item\":\"https:\\\/\\\/lasentinelle.dz\\\/\"},{\"@type\":\"ListItem\",\"position\":2,\"name\":\"\u00c9ducation nationale : Acc\u00e9l\u00e9rer la vaccination du personnel du secteur\"}]},{\"@type\":\"WebSite\",\"@id\":\"https:\\\/\\\/lasentinelle.dz\\\/#website\",\"url\":\"https:\\\/\\\/lasentinelle.dz\\\/\",\"name\":\"La Sentinelle\",\"description\":\"Quotidien national d&#039;information\",\"publisher\":{\"@id\":\"https:\\\/\\\/lasentinelle.dz\\\/#organization\"},\"potentialAction\":[{\"@type\":\"SearchAction\",\"target\":{\"@type\":\"EntryPoint\",\"urlTemplate\":\"https:\\\/\\\/lasentinelle.dz\\\/?s={search_term_string}\"},\"query-input\":{\"@type\":\"PropertyValueSpecification\",\"valueRequired\":true,\"valueName\":\"search_term_string\"}}],\"inLanguage\":\"fr-FR\"},{\"@type\":\"Organization\",\"@id\":\"https:\\\/\\\/lasentinelle.dz\\\/#organization\",\"name\":\"Quotidien La Sentinelle\",\"url\":\"https:\\\/\\\/lasentinelle.dz\\\/\",\"logo\":{\"@type\":\"ImageObject\",\"inLanguage\":\"fr-FR\",\"@id\":\"https:\\\/\\\/lasentinelle.dz\\\/#\\\/schema\\\/logo\\\/image\\\/\",\"url\":\"https:\\\/\\\/lasentinelle.dz\\\/wp-content\\\/uploads\\\/2021\\\/09\\\/logo-sentinelleSLOGAN-1.png\",\"contentUrl\":\"https:\\\/\\\/lasentinelle.dz\\\/wp-content\\\/uploads\\\/2021\\\/09\\\/logo-sentinelleSLOGAN-1.png\",\"width\":615,\"height\":142,\"caption\":\"Quotidien La Sentinelle\"},\"image\":{\"@id\":\"https:\\\/\\\/lasentinelle.dz\\\/#\\\/schema\\\/logo\\\/image\\\/\"},\"sameAs\":[\"https:\\\/\\\/www.facebook.com\\\/La-Sentinelle-104059864394773\"]},{\"@type\":\"Person\",\"@id\":\"https:\\\/\\\/lasentinelle.dz\\\/#\\\/schema\\\/person\\\/d865044e22e70a75174ce8bcad3acfb3\",\"name\":\"La Sentinelle\",\"image\":{\"@type\":\"ImageObject\",\"inLanguage\":\"fr-FR\",\"@id\":\"https:\\\/\\\/secure.gravatar.com\\\/avatar\\\/57de8e5d4b15d43fb361a71fbb36338450fe67865b528a43dd10ef7c51a20392?s=96&d=mm&r=g\",\"url\":\"https:\\\/\\\/secure.gravatar.com\\\/avatar\\\/57de8e5d4b15d43fb361a71fbb36338450fe67865b528a43dd10ef7c51a20392?s=96&d=mm&r=g\",\"contentUrl\":\"https:\\\/\\\/secure.gravatar.com\\\/avatar\\\/57de8e5d4b15d43fb361a71fbb36338450fe67865b528a43dd10ef7c51a20392?s=96&d=mm&r=g\",\"caption\":\"La Sentinelle\"},\"sameAs\":[\"http:\\\/\\\/www.lasentinelle.dz\"],\"url\":\"https:\\\/\\\/lasentinelle.dz\\\/author\\\/redaction\\\/\"}]}<\/script>\n<!-- \/ Yoast SEO plugin. -->","yoast_head_json":{"title":"\u00c9ducation nationale : Acc\u00e9l\u00e9rer la vaccination du personnel du secteur - La Sentinelle","robots":{"index":"index","follow":"follow","max-snippet":"max-snippet:-1","max-image-preview":"max-image-preview:large","max-video-preview":"max-video-preview:-1"},"canonical":"https:\/\/lasentinelle.dz\/index.php\/2021\/08\/04\/education-nationale-accelerer-la-vaccination-du-personnel-du-secteur\/","og_locale":"fr_FR","og_type":"article","og_title":"\u00c9ducation nationale : Acc\u00e9l\u00e9rer la vaccination du personnel du secteur - La Sentinelle","og_description":"La vaccination des personnels du secteur de l\u2019\u00c9ducation nationale contre le Covid-19 en pr\u00e9vision de la prochaine rentr\u00e9e scolaire s&rsquo;impose","og_url":"https:\/\/lasentinelle.dz\/index.php\/2021\/08\/04\/education-nationale-accelerer-la-vaccination-du-personnel-du-secteur\/","og_site_name":"La Sentinelle","article_publisher":"https:\/\/www.facebook.com\/La-Sentinelle-104059864394773","article_published_time":"2021-08-03T23:02:00+00:00","og_image":[{"width":1648,"height":900,"url":"https:\/\/lasentinelle.dz\/wp-content\/uploads\/2021\/08\/vaccin-19.png","type":"image\/png"}],"author":"La Sentinelle","twitter_card":"summary_large_image","twitter_misc":{"\u00c9crit par":"La Sentinelle","Dur\u00e9e de lecture estim\u00e9e":"2 minutes"},"schema":{"@context":"https:\/\/schema.org","@graph":[{"@type":"Article","@id":"https:\/\/lasentinelle.dz\/index.php\/2021\/08\/04\/education-nationale-accelerer-la-vaccination-du-personnel-du-secteur\/#article","isPartOf":{"@id":"https:\/\/lasentinelle.dz\/index.php\/2021\/08\/04\/education-nationale-accelerer-la-vaccination-du-personnel-du-secteur\/"},"author":{"name":"La Sentinelle","@id":"https:\/\/lasentinelle.dz\/#\/schema\/person\/d865044e22e70a75174ce8bcad3acfb3"},"headline":"\u00c9ducation nationale : Acc\u00e9l\u00e9rer la vaccination du personnel du secteur","datePublished":"2021-08-03T23:02:00+00:00","mainEntityOfPage":{"@id":"https:\/\/lasentinelle.dz\/index.php\/2021\/08\/04\/education-nationale-accelerer-la-vaccination-du-personnel-du-secteur\/"},"wordCount":503,"commentCount":0,"publisher":{"@id":"https:\/\/lasentinelle.dz\/#organization"},"image":{"@id":"https:\/\/lasentinelle.dz\/index.php\/2021\/08\/04\/education-nationale-accelerer-la-vaccination-du-personnel-du-secteur\/#primaryimage"},"thumbnailUrl":"https:\/\/lasentinelle.dz\/wp-content\/uploads\/2021\/08\/vaccin-19.png","articleSection":["\u00c0 la Une","Actualit\u00e9"],"inLanguage":"fr-FR","potentialAction":[{"@type":"CommentAction","name":"Comment","target":["https:\/\/lasentinelle.dz\/index.php\/2021\/08\/04\/education-nationale-accelerer-la-vaccination-du-personnel-du-secteur\/#respond"]}]},{"@type":"WebPage","@id":"https:\/\/lasentinelle.dz\/index.php\/2021\/08\/04\/education-nationale-accelerer-la-vaccination-du-personnel-du-secteur\/","url":"https:\/\/lasentinelle.dz\/index.php\/2021\/08\/04\/education-nationale-accelerer-la-vaccination-du-personnel-du-secteur\/","name":"\u00c9ducation nationale : Acc\u00e9l\u00e9rer la vaccination du personnel du secteur - La Sentinelle","isPartOf":{"@id":"https:\/\/lasentinelle.dz\/#website"},"primaryImageOfPage":{"@id":"https:\/\/lasentinelle.dz\/index.php\/2021\/08\/04\/education-nationale-accelerer-la-vaccination-du-personnel-du-secteur\/#primaryimage"},"image":{"@id":"https:\/\/lasentinelle.dz\/index.php\/2021\/08\/04\/education-nationale-accelerer-la-vaccination-du-personnel-du-secteur\/#primaryimage"},"thumbnailUrl":"https:\/\/lasentinelle.dz\/wp-content\/uploads\/2021\/08\/vaccin-19.png","datePublished":"2021-08-03T23:02:00+00:00","breadcrumb":{"@id":"https:\/\/lasentinelle.dz\/index.php\/2021\/08\/04\/education-nationale-accelerer-la-vaccination-du-personnel-du-secteur\/#breadcrumb"},"inLanguage":"fr-FR","potentialAction":[{"@type":"ReadAction","target":["https:\/\/lasentinelle.dz\/index.php\/2021\/08\/04\/education-nationale-accelerer-la-vaccination-du-personnel-du-secteur\/"]}]},{"@type":"ImageObject","inLanguage":"fr-FR","@id":"https:\/\/lasentinelle.dz\/index.php\/2021\/08\/04\/education-nationale-accelerer-la-vaccination-du-personnel-du-secteur\/#primaryimage","url":"https:\/\/lasentinelle.dz\/wp-content\/uploads\/2021\/08\/vaccin-19.png","contentUrl":"https:\/\/lasentinelle.dz\/wp-content\/uploads\/2021\/08\/vaccin-19.png","width":1648,"height":900},{"@type":"BreadcrumbList","@id":"https:\/\/lasentinelle.dz\/index.php\/2021\/08\/04\/education-nationale-accelerer-la-vaccination-du-personnel-du-secteur\/#breadcrumb","itemListElement":[{"@type":"ListItem","position":1,"name":"Accueil","item":"https:\/\/lasentinelle.dz\/"},{"@type":"ListItem","position":2,"name":"\u00c9ducation nationale : Acc\u00e9l\u00e9rer la vaccination du personnel du secteur"}]},{"@type":"WebSite","@id":"https:\/\/lasentinelle.dz\/#website","url":"https:\/\/lasentinelle.dz\/","name":"La Sentinelle","description":"Quotidien national d&#039;information","publisher":{"@id":"https:\/\/lasentinelle.dz\/#organization"},"potentialAction":[{"@type":"SearchAction","target":{"@type":"EntryPoint","urlTemplate":"https:\/\/lasentinelle.dz\/?s={search_term_string}"},"query-input":{"@type":"PropertyValueSpecification","valueRequired":true,"valueName":"search_term_string"}}],"inLanguage":"fr-FR"},{"@type":"Organization","@id":"https:\/\/lasentinelle.dz\/#organization","name":"Quotidien La Sentinelle","url":"https:\/\/lasentinelle.dz\/","logo":{"@type":"ImageObject","inLanguage":"fr-FR","@id":"https:\/\/lasentinelle.dz\/#\/schema\/logo\/image\/","url":"https:\/\/lasentinelle.dz\/wp-content\/uploads\/2021\/09\/logo-sentinelleSLOGAN-1.png","contentUrl":"https:\/\/lasentinelle.dz\/wp-content\/uploads\/2021\/09\/logo-sentinelleSLOGAN-1.png","width":615,"height":142,"caption":"Quotidien La Sentinelle"},"image":{"@id":"https:\/\/lasentinelle.dz\/#\/schema\/logo\/image\/"},"sameAs":["https:\/\/www.facebook.com\/La-Sentinelle-104059864394773"]},{"@type":"Person","@id":"https:\/\/lasentinelle.dz\/#\/schema\/person\/d865044e22e70a75174ce8bcad3acfb3","name":"La Sentinelle","image":{"@type":"ImageObject","inLanguage":"fr-FR","@id":"https:\/\/secure.gravatar.com\/avatar\/57de8e5d4b15d43fb361a71fbb36338450fe67865b528a43dd10ef7c51a20392?s=96&d=mm&r=g","url":"https:\/\/secure.gravatar.com\/avatar\/57de8e5d4b15d43fb361a71fbb36338450fe67865b528a43dd10ef7c51a20392?s=96&d=mm&r=g","contentUrl":"https:\/\/secure.gravatar.com\/avatar\/57de8e5d4b15d43fb361a71fbb36338450fe67865b528a43dd10ef7c51a20392?s=96&d=mm&r=g","caption":"La Sentinelle"},"sameAs":["http:\/\/www.lasentinelle.dz"],"url":"https:\/\/lasentinelle.dz\/author\/redaction\/"}]}},"_links":{"self":[{"href":"https:\/\/lasentinelle.dz\/index.php\/wp-json\/wp\/v2\/posts\/3441","targetHints":{"allow":["GET"]}}],"collection":[{"href":"https:\/\/lasentinelle.dz\/index.php\/wp-json\/wp\/v2\/posts"}],"about":[{"href":"https:\/\/lasentinelle.dz\/index.php\/wp-json\/wp\/v2\/types\/post"}],"author":[{"embeddable":true,"href":"https:\/\/lasentinelle.dz\/index.php\/wp-json\/wp\/v2\/users\/3"}],"replies":[{"embeddable":true,"href":"https:\/\/lasentinelle.dz\/index.php\/wp-json\/wp\/v2\/comments?post=3441"}],"version-history":[{"count":1,"href":"https:\/\/lasentinelle.dz\/index.php\/wp-json\/wp\/v2\/posts\/3441\/revisions"}],"predecessor-version":[{"id":3448,"href":"https:\/\/lasentinelle.dz\/index.php\/wp-json\/wp\/v2\/posts\/3441\/revisions\/3448"}],"wp:featuredmedia":[{"embeddable":true,"href":"https:\/\/lasentinelle.dz\/index.php\/wp-json\/wp\/v2\/media\/3443"}],"wp:attachment":[{"href":"https:\/\/lasentinelle.dz\/index.php\/wp-json\/wp\/v2\/media?parent=3441"}],"wp:term":[{"taxonomy":"category","embeddable":true,"href":"https:\/\/lasentinelle.dz\/index.php\/wp-json\/wp\/v2\/categories?post=3441"},{"taxonomy":"post_tag","embeddable":true,"href":"https:\/\/lasentinelle.dz\/index.php\/wp-json\/wp\/v2\/tags?post=3441"}],"curies":[{"name":"wp","href":"https:\/\/api.w.org\/{rel}","templated":true}]}}