{"id":34521,"date":"2023-01-21T22:00:00","date_gmt":"2023-01-21T21:00:00","guid":{"rendered":"https:\/\/lasentinelle.dz\/?p=34521"},"modified":"2023-01-21T20:27:35","modified_gmt":"2023-01-21T19:27:35","slug":"recherche-scientifique-appel-a-la-revision-du-systeme-national-de-recherche","status":"publish","type":"post","link":"https:\/\/lasentinelle.dz\/index.php\/2023\/01\/21\/recherche-scientifique-appel-a-la-revision-du-systeme-national-de-recherche\/","title":{"rendered":"Recherche scientifique\u00a0: Appel \u00e0 la r\u00e9vision du syst\u00e8me national de recherche"},"content":{"rendered":"\n<p>Le pr\u00e9sident du Conseil national de la recherche scientifique et des technologies (CNRST), Mohamed Tahar Abadlia, a insist\u00e9, hier &nbsp;\u00e0 Alger, sur l&rsquo;imp\u00e9ratif d&rsquo;\u00e9laborer une strat\u00e9gie de recherche scientifique \u00ab\u00a0claire\u00a0\u00bb pour contribuer \u00e0 la r\u00e9alisation du d\u00e9veloppement \u00e9conomique escompt\u00e9.Dans une allocution prononc\u00e9e lors de l&rsquo;ouverture d&rsquo;un colloque organis\u00e9 sous le th\u00e8me \u00ab\u00a0Pour un syst\u00e8me de recherche efficace orient\u00e9 vers l&rsquo;innovation et au service de l&rsquo;\u00e9conomie nationale\u00a0\u00bb, M. Abadlia a expliqu\u00e9 que la conjoncture actuelle exigeait la mise en place d'\u00a0\u00bbune strat\u00e9gie claire de recherche scientifique pour orienter les politiques g\u00e9n\u00e9rales vers des approches efficaces en vue de la rationalisation de l&rsquo;utilisation des ressources, et le renforcement et l&rsquo;am\u00e9lioration des services\u00a0\u00bb.Il a relev\u00e9, en outre, l&rsquo;importance d&rsquo;\u00e9laborer ces strat\u00e9gie, notamment pour \u00ab\u00a0trouver des solutions innovantes \u00e0 m\u00eame de r\u00e9aliser un progr\u00e8s \u00e9conomique, social et culturel\u00a0\u00bb, en sus d&rsquo;orienter la recherche universitaire vers davantage d&rsquo;innovation.\u00a0\u00bbLe soutien du pr\u00e9sident de la R\u00e9publique, M. Abdelmadjid Tebboune, qui a fait de la recherche scientifique une priorit\u00e9 nationale et l&rsquo;objectif de l&rsquo;\u00e9lite nationale pour mettre les sciences et les technologies au service du d\u00e9veloppement durable permettent d&rsquo;assurer la mise en \u0153uvre d&rsquo;une strat\u00e9gie reposant sur la programmation, la coordination et l&rsquo;\u00e9valuation des programmes de la recherche scientifique et de l&rsquo;innovation\u00a0\u00bb, a-t-il poursuivi.<\/p>\n\n\n\n<p>Le pr\u00e9sident du CNRST a \u00e9galement appel\u00e9 \u00e0 \u00ab\u00a0la r\u00e9vision du syst\u00e8me national de recherche, cr\u00e9\u00e9 en 1973 et qui a montr\u00e9 ses limites en termes de performance, et ce, afin de s&rsquo;adapter avec les objectifs du d\u00e9veloppement socio\u00e9conomique\u00a0\u00bb.Apr\u00e8s avoir soulign\u00e9 l&rsquo;existence \u00ab\u00a0d&rsquo;une volont\u00e9 politique pour rem\u00e9dier aux lacunes dans le domaine de la recherche scientifique\u00a0\u00bb, le m\u00eame responsable a exprim\u00e9 la disponibilit\u00e9 du CNRST \u00e0 contribuer \u00e0 \u00ab\u00a0une meilleure Gouvernance\u00a0\u00bb de ce domaine (la recherche scientifique), notamment \u00e0 travers \u00ab\u00a0la rationalisation de l&rsquo;utilisation des ressources et l&rsquo;am\u00e9lioration des services, la fixation des objectifs de la recherche et la mobilisation des chercheurs, en sus d&rsquo;octroyer les financements n\u00e9cessaires, de fixer les rendez-vous des travaux de recherche et d&rsquo;\u00e9valuer le retour sur investissement\u00a0\u00bb.Dans le m\u00eame contexte M. Abadlia a insist\u00e9 sur l&rsquo;importance de la formation des ressources humaines et d&rsquo;\u0153uvrer \u00ab\u00a0au d\u00e9veloppement de la prise de conscience de l&rsquo;importance des sciences, de la technologie et de l&rsquo;innovation au niveau du syst\u00e8me \u00e9ducatif pour orienter les efforts vers la recherche pour le d\u00e9veloppement et l&rsquo;innovation\u00a0\u00bb.Le CNRST \u00ab\u00a0\u0153uvrera \u00e0 la vulgarisation de la culture d&rsquo;\u00e9valuation de la recherche scientifique sur la base d&rsquo;indicateurs et d&rsquo;objectifs pr\u00e9d\u00e9termin\u00e9s, ainsi qu&rsquo;\u00e0 la cons\u00e9cration de la valorisation des r\u00e9sultats de la recherche comme preuve du succ\u00e8s de la politique publique de recherche, tout en assurant l&rsquo;innovation et le transfert de la technologie et de l&rsquo;expertise\u00a0\u00bb, a-t-il assur\u00e9.De son c\u00f4t\u00e9, le pr\u00e9sident de l&rsquo;Agence nationale de s\u00e9curit\u00e9 sanitaire, le professeur Kamel Senhadji, a appel\u00e9, lors de son intervention sur les indicateurs de la s\u00e9curit\u00e9 sanitaire, \u00e0 \u00ab\u00a0la conjugaison des efforts des acteurs du domaine de la sant\u00e9 et au renforcement de la coordination entre les diff\u00e9rentes instances\u00a0\u00bb, exprimant la \u00ab\u00a0disponibilit\u00e9\u00a0\u00bb de l&rsquo;agence \u00e0 contribuer au d\u00e9veloppement de la recherche scientifique, notamment dans le domaine de la s\u00e9curit\u00e9 sanitaire.<\/p>\n\n\n\n<p>APS<\/p>\n\n\n\n<p><br><\/p>\n","protected":false},"excerpt":{"rendered":"<p>Le pr\u00e9sident du Conseil national de la recherche scientifique et des technologies (CNRST), Mohamed Tahar Abadlia, a insist\u00e9, hier &nbsp;\u00e0<\/p>\n","protected":false},"author":3,"featured_media":34542,"comment_status":"open","ping_status":"closed","sticky":false,"template":"","format":"standard","meta":{"colormag_page_container_layout":"default_layout","colormag_page_sidebar_layout":"default_layout","om_disable_all_campaigns":false,"_monsterinsights_skip_tracking":false,"_monsterinsights_sitenote_active":false,"_monsterinsights_sitenote_note":"","_monsterinsights_sitenote_category":0,"footnotes":"","_wpscppro_dont_share_socialmedia":false,"_wpscppro_custom_social_share_image":0,"_facebook_share_type":"","_twitter_share_type":"","_linkedin_share_type":"","_pinterest_share_type":"","_linkedin_share_type_page":"","_instagram_share_type":"","_medium_share_type":"","_threads_share_type":"","_google_business_share_type":"","_selected_social_profile":[],"_wpsp_enable_custom_social_template":false,"_wpsp_social_scheduling":{"enabled":false,"datetime":null,"platforms":[],"status":"template_only","dateOption":"today","timeOption":"now","customDays":"","customHours":"","customDate":"","customTime":"","schedulingType":"absolute"},"_wpsp_active_default_template":true},"categories":[27],"tags":[],"class_list":["post-34521","post","type-post","status-publish","format-standard","has-post-thumbnail","hentry","category-actualite"],"aioseo_notices":[],"yoast_head":"<!-- This site is optimized with the Yoast SEO plugin v27.5 - https:\/\/yoast.com\/product\/yoast-seo-wordpress\/ -->\n<title>Recherche scientifique\u00a0: Appel \u00e0 la r\u00e9vision du syst\u00e8me national de recherche - La Sentinelle<\/title>\n<meta name=\"robots\" content=\"index, follow, max-snippet:-1, max-image-preview:large, max-video-preview:-1\" \/>\n<link rel=\"canonical\" href=\"https:\/\/lasentinelle.dz\/index.php\/2023\/01\/21\/recherche-scientifique-appel-a-la-revision-du-systeme-national-de-recherche\/\" \/>\n<meta property=\"og:locale\" content=\"fr_FR\" \/>\n<meta property=\"og:type\" content=\"article\" \/>\n<meta property=\"og:title\" content=\"Recherche scientifique\u00a0: Appel \u00e0 la r\u00e9vision du syst\u00e8me national de recherche - La Sentinelle\" \/>\n<meta property=\"og:description\" content=\"Le pr\u00e9sident du Conseil national de la recherche scientifique et des technologies (CNRST), Mohamed Tahar Abadlia, a insist\u00e9, hier &nbsp;\u00e0\" \/>\n<meta property=\"og:url\" content=\"https:\/\/lasentinelle.dz\/index.php\/2023\/01\/21\/recherche-scientifique-appel-a-la-revision-du-systeme-national-de-recherche\/\" \/>\n<meta property=\"og:site_name\" content=\"La Sentinelle\" \/>\n<meta property=\"article:publisher\" content=\"https:\/\/www.facebook.com\/La-Sentinelle-104059864394773\" \/>\n<meta property=\"article:published_time\" content=\"2023-01-21T21:00:00+00:00\" \/>\n<meta property=\"og:image\" content=\"https:\/\/lasentinelle.dz\/wp-content\/uploads\/2023\/01\/image_2023-01-21_190137183.png\" \/>\n\t<meta property=\"og:image:width\" content=\"855\" \/>\n\t<meta property=\"og:image:height\" content=\"516\" \/>\n\t<meta property=\"og:image:type\" content=\"image\/png\" \/>\n<meta name=\"author\" content=\"La Sentinelle\" \/>\n<meta name=\"twitter:card\" content=\"summary_large_image\" \/>\n<meta name=\"twitter:label1\" content=\"\u00c9crit par\" \/>\n\t<meta name=\"twitter:data1\" content=\"La Sentinelle\" \/>\n\t<meta name=\"twitter:label2\" content=\"Dur\u00e9e de lecture estim\u00e9e\" \/>\n\t<meta name=\"twitter:data2\" content=\"3 minutes\" \/>\n<script type=\"application\/ld+json\" class=\"yoast-schema-graph\">{\"@context\":\"https:\\\/\\\/schema.org\",\"@graph\":[{\"@type\":\"Article\",\"@id\":\"https:\\\/\\\/lasentinelle.dz\\\/index.php\\\/2023\\\/01\\\/21\\\/recherche-scientifique-appel-a-la-revision-du-systeme-national-de-recherche\\\/#article\",\"isPartOf\":{\"@id\":\"https:\\\/\\\/lasentinelle.dz\\\/index.php\\\/2023\\\/01\\\/21\\\/recherche-scientifique-appel-a-la-revision-du-systeme-national-de-recherche\\\/\"},\"author\":{\"name\":\"La Sentinelle\",\"@id\":\"https:\\\/\\\/lasentinelle.dz\\\/#\\\/schema\\\/person\\\/d865044e22e70a75174ce8bcad3acfb3\"},\"headline\":\"Recherche scientifique\u00a0: Appel \u00e0 la r\u00e9vision du syst\u00e8me national de recherche\",\"datePublished\":\"2023-01-21T21:00:00+00:00\",\"mainEntityOfPage\":{\"@id\":\"https:\\\/\\\/lasentinelle.dz\\\/index.php\\\/2023\\\/01\\\/21\\\/recherche-scientifique-appel-a-la-revision-du-systeme-national-de-recherche\\\/\"},\"wordCount\":601,\"commentCount\":0,\"publisher\":{\"@id\":\"https:\\\/\\\/lasentinelle.dz\\\/#organization\"},\"image\":{\"@id\":\"https:\\\/\\\/lasentinelle.dz\\\/index.php\\\/2023\\\/01\\\/21\\\/recherche-scientifique-appel-a-la-revision-du-systeme-national-de-recherche\\\/#primaryimage\"},\"thumbnailUrl\":\"https:\\\/\\\/lasentinelle.dz\\\/wp-content\\\/uploads\\\/2023\\\/01\\\/image_2023-01-21_190137183.png\",\"articleSection\":[\"Actualit\u00e9\"],\"inLanguage\":\"fr-FR\",\"potentialAction\":[{\"@type\":\"CommentAction\",\"name\":\"Comment\",\"target\":[\"https:\\\/\\\/lasentinelle.dz\\\/index.php\\\/2023\\\/01\\\/21\\\/recherche-scientifique-appel-a-la-revision-du-systeme-national-de-recherche\\\/#respond\"]}]},{\"@type\":\"WebPage\",\"@id\":\"https:\\\/\\\/lasentinelle.dz\\\/index.php\\\/2023\\\/01\\\/21\\\/recherche-scientifique-appel-a-la-revision-du-systeme-national-de-recherche\\\/\",\"url\":\"https:\\\/\\\/lasentinelle.dz\\\/index.php\\\/2023\\\/01\\\/21\\\/recherche-scientifique-appel-a-la-revision-du-systeme-national-de-recherche\\\/\",\"name\":\"Recherche scientifique\u00a0: Appel \u00e0 la r\u00e9vision du syst\u00e8me national de recherche - La Sentinelle\",\"isPartOf\":{\"@id\":\"https:\\\/\\\/lasentinelle.dz\\\/#website\"},\"primaryImageOfPage\":{\"@id\":\"https:\\\/\\\/lasentinelle.dz\\\/index.php\\\/2023\\\/01\\\/21\\\/recherche-scientifique-appel-a-la-revision-du-systeme-national-de-recherche\\\/#primaryimage\"},\"image\":{\"@id\":\"https:\\\/\\\/lasentinelle.dz\\\/index.php\\\/2023\\\/01\\\/21\\\/recherche-scientifique-appel-a-la-revision-du-systeme-national-de-recherche\\\/#primaryimage\"},\"thumbnailUrl\":\"https:\\\/\\\/lasentinelle.dz\\\/wp-content\\\/uploads\\\/2023\\\/01\\\/image_2023-01-21_190137183.png\",\"datePublished\":\"2023-01-21T21:00:00+00:00\",\"breadcrumb\":{\"@id\":\"https:\\\/\\\/lasentinelle.dz\\\/index.php\\\/2023\\\/01\\\/21\\\/recherche-scientifique-appel-a-la-revision-du-systeme-national-de-recherche\\\/#breadcrumb\"},\"inLanguage\":\"fr-FR\",\"potentialAction\":[{\"@type\":\"ReadAction\",\"target\":[\"https:\\\/\\\/lasentinelle.dz\\\/index.php\\\/2023\\\/01\\\/21\\\/recherche-scientifique-appel-a-la-revision-du-systeme-national-de-recherche\\\/\"]}]},{\"@type\":\"ImageObject\",\"inLanguage\":\"fr-FR\",\"@id\":\"https:\\\/\\\/lasentinelle.dz\\\/index.php\\\/2023\\\/01\\\/21\\\/recherche-scientifique-appel-a-la-revision-du-systeme-national-de-recherche\\\/#primaryimage\",\"url\":\"https:\\\/\\\/lasentinelle.dz\\\/wp-content\\\/uploads\\\/2023\\\/01\\\/image_2023-01-21_190137183.png\",\"contentUrl\":\"https:\\\/\\\/lasentinelle.dz\\\/wp-content\\\/uploads\\\/2023\\\/01\\\/image_2023-01-21_190137183.png\",\"width\":855,\"height\":516},{\"@type\":\"BreadcrumbList\",\"@id\":\"https:\\\/\\\/lasentinelle.dz\\\/index.php\\\/2023\\\/01\\\/21\\\/recherche-scientifique-appel-a-la-revision-du-systeme-national-de-recherche\\\/#breadcrumb\",\"itemListElement\":[{\"@type\":\"ListItem\",\"position\":1,\"name\":\"Accueil\",\"item\":\"https:\\\/\\\/lasentinelle.dz\\\/\"},{\"@type\":\"ListItem\",\"position\":2,\"name\":\"Recherche scientifique\u00a0: Appel \u00e0 la r\u00e9vision du syst\u00e8me national de recherche\"}]},{\"@type\":\"WebSite\",\"@id\":\"https:\\\/\\\/lasentinelle.dz\\\/#website\",\"url\":\"https:\\\/\\\/lasentinelle.dz\\\/\",\"name\":\"La Sentinelle\",\"description\":\"Quotidien national d&#039;information\",\"publisher\":{\"@id\":\"https:\\\/\\\/lasentinelle.dz\\\/#organization\"},\"potentialAction\":[{\"@type\":\"SearchAction\",\"target\":{\"@type\":\"EntryPoint\",\"urlTemplate\":\"https:\\\/\\\/lasentinelle.dz\\\/?s={search_term_string}\"},\"query-input\":{\"@type\":\"PropertyValueSpecification\",\"valueRequired\":true,\"valueName\":\"search_term_string\"}}],\"inLanguage\":\"fr-FR\"},{\"@type\":\"Organization\",\"@id\":\"https:\\\/\\\/lasentinelle.dz\\\/#organization\",\"name\":\"Quotidien La Sentinelle\",\"url\":\"https:\\\/\\\/lasentinelle.dz\\\/\",\"logo\":{\"@type\":\"ImageObject\",\"inLanguage\":\"fr-FR\",\"@id\":\"https:\\\/\\\/lasentinelle.dz\\\/#\\\/schema\\\/logo\\\/image\\\/\",\"url\":\"https:\\\/\\\/lasentinelle.dz\\\/wp-content\\\/uploads\\\/2021\\\/09\\\/logo-sentinelleSLOGAN-1.png\",\"contentUrl\":\"https:\\\/\\\/lasentinelle.dz\\\/wp-content\\\/uploads\\\/2021\\\/09\\\/logo-sentinelleSLOGAN-1.png\",\"width\":615,\"height\":142,\"caption\":\"Quotidien La Sentinelle\"},\"image\":{\"@id\":\"https:\\\/\\\/lasentinelle.dz\\\/#\\\/schema\\\/logo\\\/image\\\/\"},\"sameAs\":[\"https:\\\/\\\/www.facebook.com\\\/La-Sentinelle-104059864394773\"]},{\"@type\":\"Person\",\"@id\":\"https:\\\/\\\/lasentinelle.dz\\\/#\\\/schema\\\/person\\\/d865044e22e70a75174ce8bcad3acfb3\",\"name\":\"La Sentinelle\",\"image\":{\"@type\":\"ImageObject\",\"inLanguage\":\"fr-FR\",\"@id\":\"https:\\\/\\\/secure.gravatar.com\\\/avatar\\\/57de8e5d4b15d43fb361a71fbb36338450fe67865b528a43dd10ef7c51a20392?s=96&d=mm&r=g\",\"url\":\"https:\\\/\\\/secure.gravatar.com\\\/avatar\\\/57de8e5d4b15d43fb361a71fbb36338450fe67865b528a43dd10ef7c51a20392?s=96&d=mm&r=g\",\"contentUrl\":\"https:\\\/\\\/secure.gravatar.com\\\/avatar\\\/57de8e5d4b15d43fb361a71fbb36338450fe67865b528a43dd10ef7c51a20392?s=96&d=mm&r=g\",\"caption\":\"La Sentinelle\"},\"sameAs\":[\"http:\\\/\\\/www.lasentinelle.dz\"],\"url\":\"https:\\\/\\\/lasentinelle.dz\\\/author\\\/redaction\\\/\"}]}<\/script>\n<!-- \/ Yoast SEO plugin. -->","yoast_head_json":{"title":"Recherche scientifique\u00a0: Appel \u00e0 la r\u00e9vision du syst\u00e8me national de recherche - La Sentinelle","robots":{"index":"index","follow":"follow","max-snippet":"max-snippet:-1","max-image-preview":"max-image-preview:large","max-video-preview":"max-video-preview:-1"},"canonical":"https:\/\/lasentinelle.dz\/index.php\/2023\/01\/21\/recherche-scientifique-appel-a-la-revision-du-systeme-national-de-recherche\/","og_locale":"fr_FR","og_type":"article","og_title":"Recherche scientifique\u00a0: Appel \u00e0 la r\u00e9vision du syst\u00e8me national de recherche - La Sentinelle","og_description":"Le pr\u00e9sident du Conseil national de la recherche scientifique et des technologies (CNRST), Mohamed Tahar Abadlia, a insist\u00e9, hier &nbsp;\u00e0","og_url":"https:\/\/lasentinelle.dz\/index.php\/2023\/01\/21\/recherche-scientifique-appel-a-la-revision-du-systeme-national-de-recherche\/","og_site_name":"La Sentinelle","article_publisher":"https:\/\/www.facebook.com\/La-Sentinelle-104059864394773","article_published_time":"2023-01-21T21:00:00+00:00","og_image":[{"width":855,"height":516,"url":"https:\/\/lasentinelle.dz\/wp-content\/uploads\/2023\/01\/image_2023-01-21_190137183.png","type":"image\/png"}],"author":"La Sentinelle","twitter_card":"summary_large_image","twitter_misc":{"\u00c9crit par":"La Sentinelle","Dur\u00e9e de lecture estim\u00e9e":"3 minutes"},"schema":{"@context":"https:\/\/schema.org","@graph":[{"@type":"Article","@id":"https:\/\/lasentinelle.dz\/index.php\/2023\/01\/21\/recherche-scientifique-appel-a-la-revision-du-systeme-national-de-recherche\/#article","isPartOf":{"@id":"https:\/\/lasentinelle.dz\/index.php\/2023\/01\/21\/recherche-scientifique-appel-a-la-revision-du-systeme-national-de-recherche\/"},"author":{"name":"La Sentinelle","@id":"https:\/\/lasentinelle.dz\/#\/schema\/person\/d865044e22e70a75174ce8bcad3acfb3"},"headline":"Recherche scientifique\u00a0: Appel \u00e0 la r\u00e9vision du syst\u00e8me national de recherche","datePublished":"2023-01-21T21:00:00+00:00","mainEntityOfPage":{"@id":"https:\/\/lasentinelle.dz\/index.php\/2023\/01\/21\/recherche-scientifique-appel-a-la-revision-du-systeme-national-de-recherche\/"},"wordCount":601,"commentCount":0,"publisher":{"@id":"https:\/\/lasentinelle.dz\/#organization"},"image":{"@id":"https:\/\/lasentinelle.dz\/index.php\/2023\/01\/21\/recherche-scientifique-appel-a-la-revision-du-systeme-national-de-recherche\/#primaryimage"},"thumbnailUrl":"https:\/\/lasentinelle.dz\/wp-content\/uploads\/2023\/01\/image_2023-01-21_190137183.png","articleSection":["Actualit\u00e9"],"inLanguage":"fr-FR","potentialAction":[{"@type":"CommentAction","name":"Comment","target":["https:\/\/lasentinelle.dz\/index.php\/2023\/01\/21\/recherche-scientifique-appel-a-la-revision-du-systeme-national-de-recherche\/#respond"]}]},{"@type":"WebPage","@id":"https:\/\/lasentinelle.dz\/index.php\/2023\/01\/21\/recherche-scientifique-appel-a-la-revision-du-systeme-national-de-recherche\/","url":"https:\/\/lasentinelle.dz\/index.php\/2023\/01\/21\/recherche-scientifique-appel-a-la-revision-du-systeme-national-de-recherche\/","name":"Recherche scientifique\u00a0: Appel \u00e0 la r\u00e9vision du syst\u00e8me national de recherche - La Sentinelle","isPartOf":{"@id":"https:\/\/lasentinelle.dz\/#website"},"primaryImageOfPage":{"@id":"https:\/\/lasentinelle.dz\/index.php\/2023\/01\/21\/recherche-scientifique-appel-a-la-revision-du-systeme-national-de-recherche\/#primaryimage"},"image":{"@id":"https:\/\/lasentinelle.dz\/index.php\/2023\/01\/21\/recherche-scientifique-appel-a-la-revision-du-systeme-national-de-recherche\/#primaryimage"},"thumbnailUrl":"https:\/\/lasentinelle.dz\/wp-content\/uploads\/2023\/01\/image_2023-01-21_190137183.png","datePublished":"2023-01-21T21:00:00+00:00","breadcrumb":{"@id":"https:\/\/lasentinelle.dz\/index.php\/2023\/01\/21\/recherche-scientifique-appel-a-la-revision-du-systeme-national-de-recherche\/#breadcrumb"},"inLanguage":"fr-FR","potentialAction":[{"@type":"ReadAction","target":["https:\/\/lasentinelle.dz\/index.php\/2023\/01\/21\/recherche-scientifique-appel-a-la-revision-du-systeme-national-de-recherche\/"]}]},{"@type":"ImageObject","inLanguage":"fr-FR","@id":"https:\/\/lasentinelle.dz\/index.php\/2023\/01\/21\/recherche-scientifique-appel-a-la-revision-du-systeme-national-de-recherche\/#primaryimage","url":"https:\/\/lasentinelle.dz\/wp-content\/uploads\/2023\/01\/image_2023-01-21_190137183.png","contentUrl":"https:\/\/lasentinelle.dz\/wp-content\/uploads\/2023\/01\/image_2023-01-21_190137183.png","width":855,"height":516},{"@type":"BreadcrumbList","@id":"https:\/\/lasentinelle.dz\/index.php\/2023\/01\/21\/recherche-scientifique-appel-a-la-revision-du-systeme-national-de-recherche\/#breadcrumb","itemListElement":[{"@type":"ListItem","position":1,"name":"Accueil","item":"https:\/\/lasentinelle.dz\/"},{"@type":"ListItem","position":2,"name":"Recherche scientifique\u00a0: Appel \u00e0 la r\u00e9vision du syst\u00e8me national de recherche"}]},{"@type":"WebSite","@id":"https:\/\/lasentinelle.dz\/#website","url":"https:\/\/lasentinelle.dz\/","name":"La Sentinelle","description":"Quotidien national d&#039;information","publisher":{"@id":"https:\/\/lasentinelle.dz\/#organization"},"potentialAction":[{"@type":"SearchAction","target":{"@type":"EntryPoint","urlTemplate":"https:\/\/lasentinelle.dz\/?s={search_term_string}"},"query-input":{"@type":"PropertyValueSpecification","valueRequired":true,"valueName":"search_term_string"}}],"inLanguage":"fr-FR"},{"@type":"Organization","@id":"https:\/\/lasentinelle.dz\/#organization","name":"Quotidien La Sentinelle","url":"https:\/\/lasentinelle.dz\/","logo":{"@type":"ImageObject","inLanguage":"fr-FR","@id":"https:\/\/lasentinelle.dz\/#\/schema\/logo\/image\/","url":"https:\/\/lasentinelle.dz\/wp-content\/uploads\/2021\/09\/logo-sentinelleSLOGAN-1.png","contentUrl":"https:\/\/lasentinelle.dz\/wp-content\/uploads\/2021\/09\/logo-sentinelleSLOGAN-1.png","width":615,"height":142,"caption":"Quotidien La Sentinelle"},"image":{"@id":"https:\/\/lasentinelle.dz\/#\/schema\/logo\/image\/"},"sameAs":["https:\/\/www.facebook.com\/La-Sentinelle-104059864394773"]},{"@type":"Person","@id":"https:\/\/lasentinelle.dz\/#\/schema\/person\/d865044e22e70a75174ce8bcad3acfb3","name":"La Sentinelle","image":{"@type":"ImageObject","inLanguage":"fr-FR","@id":"https:\/\/secure.gravatar.com\/avatar\/57de8e5d4b15d43fb361a71fbb36338450fe67865b528a43dd10ef7c51a20392?s=96&d=mm&r=g","url":"https:\/\/secure.gravatar.com\/avatar\/57de8e5d4b15d43fb361a71fbb36338450fe67865b528a43dd10ef7c51a20392?s=96&d=mm&r=g","contentUrl":"https:\/\/secure.gravatar.com\/avatar\/57de8e5d4b15d43fb361a71fbb36338450fe67865b528a43dd10ef7c51a20392?s=96&d=mm&r=g","caption":"La Sentinelle"},"sameAs":["http:\/\/www.lasentinelle.dz"],"url":"https:\/\/lasentinelle.dz\/author\/redaction\/"}]}},"_links":{"self":[{"href":"https:\/\/lasentinelle.dz\/index.php\/wp-json\/wp\/v2\/posts\/34521","targetHints":{"allow":["GET"]}}],"collection":[{"href":"https:\/\/lasentinelle.dz\/index.php\/wp-json\/wp\/v2\/posts"}],"about":[{"href":"https:\/\/lasentinelle.dz\/index.php\/wp-json\/wp\/v2\/types\/post"}],"author":[{"embeddable":true,"href":"https:\/\/lasentinelle.dz\/index.php\/wp-json\/wp\/v2\/users\/3"}],"replies":[{"embeddable":true,"href":"https:\/\/lasentinelle.dz\/index.php\/wp-json\/wp\/v2\/comments?post=34521"}],"version-history":[{"count":2,"href":"https:\/\/lasentinelle.dz\/index.php\/wp-json\/wp\/v2\/posts\/34521\/revisions"}],"predecessor-version":[{"id":34574,"href":"https:\/\/lasentinelle.dz\/index.php\/wp-json\/wp\/v2\/posts\/34521\/revisions\/34574"}],"wp:featuredmedia":[{"embeddable":true,"href":"https:\/\/lasentinelle.dz\/index.php\/wp-json\/wp\/v2\/media\/34542"}],"wp:attachment":[{"href":"https:\/\/lasentinelle.dz\/index.php\/wp-json\/wp\/v2\/media?parent=34521"}],"wp:term":[{"taxonomy":"category","embeddable":true,"href":"https:\/\/lasentinelle.dz\/index.php\/wp-json\/wp\/v2\/categories?post=34521"},{"taxonomy":"post_tag","embeddable":true,"href":"https:\/\/lasentinelle.dz\/index.php\/wp-json\/wp\/v2\/tags?post=34521"}],"curies":[{"name":"wp","href":"https:\/\/api.w.org\/{rel}","templated":true}]}}