{"id":34522,"date":"2023-01-21T22:05:00","date_gmt":"2023-01-21T21:05:00","guid":{"rendered":"https:\/\/lasentinelle.dz\/?p=34522"},"modified":"2023-01-21T20:13:41","modified_gmt":"2023-01-21T19:13:41","slug":"session-de-formation-au-profit-des-p-apc-le-logement-social-et-la-gestion-projets-en-question","status":"publish","type":"post","link":"https:\/\/lasentinelle.dz\/index.php\/2023\/01\/21\/session-de-formation-au-profit-des-p-apc-le-logement-social-et-la-gestion-projets-en-question\/","title":{"rendered":"Session de formation au profit des P\/APC\u00a0: Le logement social et la gestion projets en question"},"content":{"rendered":"\n<p>Les collectivit\u00e9s locales sont appel\u00e9es \u00e0 jour un r\u00f4le central dans le d\u00e9veloppement de leurs territoires et de leur attractivit\u00e9, ainsi que pour d\u00e9ployer les mesures n\u00e9cessaires pour garantir le d\u00e9veloppement \u00e9conomique et r\u00e9pondre aux besoins quotidiens des citoyens au niveau local. La r\u00e9vision prochaine des Codes de la Commune et de la Wilaya devrait permettre d\u2019\u00e9largir, de mani\u00e8re notable, les pr\u00e9rogatives des collectivit\u00e9s locales et des \u00e9lus locaux, notamment au niveau de la commune. Une plus grande responsabilisation des acteurs et des \u00e9lus locaux exige d\u2019ailleurs le d\u00e9veloppement des comp\u00e9tences de ces derniers. C\u2019est dans ce contexte que le minist\u00e8re de l\u2019Int\u00e9rieur, des Collectivit\u00e9s locales et de l\u2019Am\u00e9nagement du Territoire a initi\u00e9 plusieurs sessions de formation au profit des \u00e9lus locaux notamment au niveau des APC, depuis les derni\u00e8res \u00e9lections locales, afin de les initier \u00e0 la gestion locale. Depuis hier un nouveau cycle de formation de permettre aux pr\u00e9sidents des Assembl\u00e9es populaires communales de s\u2019initier au secteur de l\u2019Habitat. Cette session de formation co-organis\u00e9e par le d\u00e9partement de l&rsquo;Int\u00e9rieur, des Collectivit\u00e9s locales et de l&rsquo;Am\u00e9nagement du Territoire et celui de l&rsquo;Habitat, de l&rsquo;Urbanisme et de la Villedoit \u00eatre supervis\u00e9e, selon le directeur de la formation au minist\u00e8re de l&rsquo;Int\u00e9rieur, Nour Eddine Bennaidja a par des cadres du secteur de l&rsquo;habitat et de l&rsquo;urbanisme. Celle-ci \u00ab\u00a0s&rsquo;\u00e9talera jusqu&rsquo;au 26 janvier et concernera 1541 pr\u00e9sidents d&rsquo;APC \u00e0 travers le pays\u00a0\u00bb,pr\u00e9cise-t-il avant d\u2019ajouter ajoutant que ce programme de formation tend \u00e0 \u00ab\u00a0assister les \u00e9lus locaux\u00a0\u00bb dans l&rsquo;accomplissement de leurs missions en leur fournissant les connaissances n\u00e9cessaires en mati\u00e8re de gestion locale.Cette session portera sur les lois et m\u00e9canismes r\u00e9gissant les formules de logements (social, aid\u00e9 et rural) et comment proc\u00e9der pour la r\u00e9alisation de ces projets.<\/p>\n\n\n\n<p>A cet effet, le minist\u00e8re de l&rsquo;Int\u00e9rieur a \u00e9labor\u00e9 un programme de formation sp\u00e9cial qui pr\u00e9voit des sessions de six mois (une semaine\/mois) au profit des P\/APC ayant b\u00e9n\u00e9fici\u00e9 fin 2022 d&rsquo;une formation sur les normes relatives \u00e0 la sant\u00e9 publique.La prochaine session pr\u00e9vue d\u00e9but f\u00e9vrier 2023 sera consacr\u00e9e aux plans d&rsquo;urbanisme et d&rsquo;am\u00e9nagement du territoire, suivie ult\u00e9rieurement par des formations sur plusieurs secteurs dont les travaux publics et l&rsquo;hydraulique, l&rsquo;agriculture et le d\u00e9veloppement rural ainsi que la jeunesse et les sports.Pr\u00e9sidant l&rsquo;ouverture des travaux de la rencontre Gouvernement-walis, jeudi au Palais des nations, le Pr\u00e9sident de la R\u00e9publique, M. Abdelmadjid Tebboune, avait soulign\u00e9 l&rsquo;importance de \u00ab\u00a0la formation p\u00e9riodique des \u00e9lus locaux pour leur permettre de prendre connaissance de tous les textes de lois pertinents et de toutes leurs pr\u00e9rogatives\u00a0\u00bb, en vue, a-t-il dit, de \u00ab\u00a0s&rsquo;\u00e9loigner de mani\u00e8re d\u00e9finitive de l&rsquo;autoritarisme et de l&rsquo;autocratie\u00a0\u00bb.Dans ce cadre, le Pr\u00e9sident Tebboune avait salu\u00e9 le r\u00f4le des \u00e9lus locaux dans le d\u00e9veloppement, s&rsquo;engageant \u00e0 \u00ab\u00a0renforcer leurs pr\u00e9rogatives sous le contr\u00f4le de la loi\u00a0\u00bb.<\/p>\n\n\n\n<p><strong>Chokri Hafed<\/strong><\/p>\n","protected":false},"excerpt":{"rendered":"<p>Les collectivit\u00e9s locales sont appel\u00e9es \u00e0 jour un r\u00f4le central dans le d\u00e9veloppement de leurs territoires et de leur attractivit\u00e9,<\/p>\n","protected":false},"author":3,"featured_media":2092,"comment_status":"open","ping_status":"closed","sticky":false,"template":"","format":"standard","meta":{"colormag_page_container_layout":"default_layout","colormag_page_sidebar_layout":"default_layout","om_disable_all_campaigns":false,"_monsterinsights_skip_tracking":false,"_monsterinsights_sitenote_active":false,"_monsterinsights_sitenote_note":"","_monsterinsights_sitenote_category":0,"footnotes":"","_wpscppro_dont_share_socialmedia":false,"_wpscppro_custom_social_share_image":0,"_facebook_share_type":"","_twitter_share_type":"","_linkedin_share_type":"","_pinterest_share_type":"","_linkedin_share_type_page":"","_instagram_share_type":"","_medium_share_type":"","_threads_share_type":"","_google_business_share_type":"","_selected_social_profile":[],"_wpsp_enable_custom_social_template":false,"_wpsp_social_scheduling":{"enabled":false,"datetime":null,"platforms":[],"status":"template_only","dateOption":"today","timeOption":"now","customDays":"","customHours":"","customDate":"","customTime":"","schedulingType":"absolute"},"_wpsp_active_default_template":true},"categories":[27],"tags":[],"class_list":["post-34522","post","type-post","status-publish","format-standard","has-post-thumbnail","hentry","category-actualite"],"aioseo_notices":[],"yoast_head":"<!-- This site is optimized with the Yoast SEO plugin v27.5 - https:\/\/yoast.com\/product\/yoast-seo-wordpress\/ -->\n<title>Session de formation au profit des P\/APC\u00a0: Le logement social et la gestion projets en question - La Sentinelle<\/title>\n<meta name=\"robots\" content=\"index, follow, max-snippet:-1, max-image-preview:large, max-video-preview:-1\" \/>\n<link rel=\"canonical\" href=\"https:\/\/lasentinelle.dz\/index.php\/2023\/01\/21\/session-de-formation-au-profit-des-p-apc-le-logement-social-et-la-gestion-projets-en-question\/\" \/>\n<meta property=\"og:locale\" content=\"fr_FR\" \/>\n<meta property=\"og:type\" content=\"article\" \/>\n<meta property=\"og:title\" content=\"Session de formation au profit des P\/APC\u00a0: Le logement social et la gestion projets en question - La Sentinelle\" \/>\n<meta property=\"og:description\" content=\"Les collectivit\u00e9s locales sont appel\u00e9es \u00e0 jour un r\u00f4le central dans le d\u00e9veloppement de leurs territoires et de leur attractivit\u00e9,\" \/>\n<meta property=\"og:url\" content=\"https:\/\/lasentinelle.dz\/index.php\/2023\/01\/21\/session-de-formation-au-profit-des-p-apc-le-logement-social-et-la-gestion-projets-en-question\/\" \/>\n<meta property=\"og:site_name\" content=\"La Sentinelle\" \/>\n<meta property=\"article:publisher\" content=\"https:\/\/www.facebook.com\/La-Sentinelle-104059864394773\" \/>\n<meta property=\"article:published_time\" content=\"2023-01-21T21:05:00+00:00\" \/>\n<meta property=\"og:image\" content=\"https:\/\/lasentinelle.dz\/wp-content\/uploads\/2021\/07\/p-apc.png\" \/>\n\t<meta property=\"og:image:width\" content=\"1351\" \/>\n\t<meta property=\"og:image:height\" content=\"900\" \/>\n\t<meta property=\"og:image:type\" content=\"image\/png\" \/>\n<meta name=\"author\" content=\"La Sentinelle\" \/>\n<meta name=\"twitter:card\" content=\"summary_large_image\" \/>\n<meta name=\"twitter:label1\" content=\"\u00c9crit par\" \/>\n\t<meta name=\"twitter:data1\" content=\"La Sentinelle\" \/>\n\t<meta name=\"twitter:label2\" content=\"Dur\u00e9e de lecture estim\u00e9e\" \/>\n\t<meta name=\"twitter:data2\" content=\"3 minutes\" \/>\n<script type=\"application\/ld+json\" class=\"yoast-schema-graph\">{\"@context\":\"https:\\\/\\\/schema.org\",\"@graph\":[{\"@type\":\"Article\",\"@id\":\"https:\\\/\\\/lasentinelle.dz\\\/index.php\\\/2023\\\/01\\\/21\\\/session-de-formation-au-profit-des-p-apc-le-logement-social-et-la-gestion-projets-en-question\\\/#article\",\"isPartOf\":{\"@id\":\"https:\\\/\\\/lasentinelle.dz\\\/index.php\\\/2023\\\/01\\\/21\\\/session-de-formation-au-profit-des-p-apc-le-logement-social-et-la-gestion-projets-en-question\\\/\"},\"author\":{\"name\":\"La Sentinelle\",\"@id\":\"https:\\\/\\\/lasentinelle.dz\\\/#\\\/schema\\\/person\\\/d865044e22e70a75174ce8bcad3acfb3\"},\"headline\":\"Session de formation au profit des P\\\/APC\u00a0: Le logement social et la gestion projets en question\",\"datePublished\":\"2023-01-21T21:05:00+00:00\",\"mainEntityOfPage\":{\"@id\":\"https:\\\/\\\/lasentinelle.dz\\\/index.php\\\/2023\\\/01\\\/21\\\/session-de-formation-au-profit-des-p-apc-le-logement-social-et-la-gestion-projets-en-question\\\/\"},\"wordCount\":563,\"commentCount\":0,\"publisher\":{\"@id\":\"https:\\\/\\\/lasentinelle.dz\\\/#organization\"},\"image\":{\"@id\":\"https:\\\/\\\/lasentinelle.dz\\\/index.php\\\/2023\\\/01\\\/21\\\/session-de-formation-au-profit-des-p-apc-le-logement-social-et-la-gestion-projets-en-question\\\/#primaryimage\"},\"thumbnailUrl\":\"https:\\\/\\\/lasentinelle.dz\\\/wp-content\\\/uploads\\\/2021\\\/07\\\/p-apc.png\",\"articleSection\":[\"Actualit\u00e9\"],\"inLanguage\":\"fr-FR\",\"potentialAction\":[{\"@type\":\"CommentAction\",\"name\":\"Comment\",\"target\":[\"https:\\\/\\\/lasentinelle.dz\\\/index.php\\\/2023\\\/01\\\/21\\\/session-de-formation-au-profit-des-p-apc-le-logement-social-et-la-gestion-projets-en-question\\\/#respond\"]}]},{\"@type\":\"WebPage\",\"@id\":\"https:\\\/\\\/lasentinelle.dz\\\/index.php\\\/2023\\\/01\\\/21\\\/session-de-formation-au-profit-des-p-apc-le-logement-social-et-la-gestion-projets-en-question\\\/\",\"url\":\"https:\\\/\\\/lasentinelle.dz\\\/index.php\\\/2023\\\/01\\\/21\\\/session-de-formation-au-profit-des-p-apc-le-logement-social-et-la-gestion-projets-en-question\\\/\",\"name\":\"Session de formation au profit des P\\\/APC\u00a0: Le logement social et la gestion projets en question - La Sentinelle\",\"isPartOf\":{\"@id\":\"https:\\\/\\\/lasentinelle.dz\\\/#website\"},\"primaryImageOfPage\":{\"@id\":\"https:\\\/\\\/lasentinelle.dz\\\/index.php\\\/2023\\\/01\\\/21\\\/session-de-formation-au-profit-des-p-apc-le-logement-social-et-la-gestion-projets-en-question\\\/#primaryimage\"},\"image\":{\"@id\":\"https:\\\/\\\/lasentinelle.dz\\\/index.php\\\/2023\\\/01\\\/21\\\/session-de-formation-au-profit-des-p-apc-le-logement-social-et-la-gestion-projets-en-question\\\/#primaryimage\"},\"thumbnailUrl\":\"https:\\\/\\\/lasentinelle.dz\\\/wp-content\\\/uploads\\\/2021\\\/07\\\/p-apc.png\",\"datePublished\":\"2023-01-21T21:05:00+00:00\",\"breadcrumb\":{\"@id\":\"https:\\\/\\\/lasentinelle.dz\\\/index.php\\\/2023\\\/01\\\/21\\\/session-de-formation-au-profit-des-p-apc-le-logement-social-et-la-gestion-projets-en-question\\\/#breadcrumb\"},\"inLanguage\":\"fr-FR\",\"potentialAction\":[{\"@type\":\"ReadAction\",\"target\":[\"https:\\\/\\\/lasentinelle.dz\\\/index.php\\\/2023\\\/01\\\/21\\\/session-de-formation-au-profit-des-p-apc-le-logement-social-et-la-gestion-projets-en-question\\\/\"]}]},{\"@type\":\"ImageObject\",\"inLanguage\":\"fr-FR\",\"@id\":\"https:\\\/\\\/lasentinelle.dz\\\/index.php\\\/2023\\\/01\\\/21\\\/session-de-formation-au-profit-des-p-apc-le-logement-social-et-la-gestion-projets-en-question\\\/#primaryimage\",\"url\":\"https:\\\/\\\/lasentinelle.dz\\\/wp-content\\\/uploads\\\/2021\\\/07\\\/p-apc.png\",\"contentUrl\":\"https:\\\/\\\/lasentinelle.dz\\\/wp-content\\\/uploads\\\/2021\\\/07\\\/p-apc.png\",\"width\":1351,\"height\":900},{\"@type\":\"BreadcrumbList\",\"@id\":\"https:\\\/\\\/lasentinelle.dz\\\/index.php\\\/2023\\\/01\\\/21\\\/session-de-formation-au-profit-des-p-apc-le-logement-social-et-la-gestion-projets-en-question\\\/#breadcrumb\",\"itemListElement\":[{\"@type\":\"ListItem\",\"position\":1,\"name\":\"Accueil\",\"item\":\"https:\\\/\\\/lasentinelle.dz\\\/\"},{\"@type\":\"ListItem\",\"position\":2,\"name\":\"Session de formation au profit des P\\\/APC\u00a0: Le logement social et la gestion projets en question\"}]},{\"@type\":\"WebSite\",\"@id\":\"https:\\\/\\\/lasentinelle.dz\\\/#website\",\"url\":\"https:\\\/\\\/lasentinelle.dz\\\/\",\"name\":\"La Sentinelle\",\"description\":\"Quotidien national d&#039;information\",\"publisher\":{\"@id\":\"https:\\\/\\\/lasentinelle.dz\\\/#organization\"},\"potentialAction\":[{\"@type\":\"SearchAction\",\"target\":{\"@type\":\"EntryPoint\",\"urlTemplate\":\"https:\\\/\\\/lasentinelle.dz\\\/?s={search_term_string}\"},\"query-input\":{\"@type\":\"PropertyValueSpecification\",\"valueRequired\":true,\"valueName\":\"search_term_string\"}}],\"inLanguage\":\"fr-FR\"},{\"@type\":\"Organization\",\"@id\":\"https:\\\/\\\/lasentinelle.dz\\\/#organization\",\"name\":\"Quotidien La Sentinelle\",\"url\":\"https:\\\/\\\/lasentinelle.dz\\\/\",\"logo\":{\"@type\":\"ImageObject\",\"inLanguage\":\"fr-FR\",\"@id\":\"https:\\\/\\\/lasentinelle.dz\\\/#\\\/schema\\\/logo\\\/image\\\/\",\"url\":\"https:\\\/\\\/lasentinelle.dz\\\/wp-content\\\/uploads\\\/2021\\\/09\\\/logo-sentinelleSLOGAN-1.png\",\"contentUrl\":\"https:\\\/\\\/lasentinelle.dz\\\/wp-content\\\/uploads\\\/2021\\\/09\\\/logo-sentinelleSLOGAN-1.png\",\"width\":615,\"height\":142,\"caption\":\"Quotidien La Sentinelle\"},\"image\":{\"@id\":\"https:\\\/\\\/lasentinelle.dz\\\/#\\\/schema\\\/logo\\\/image\\\/\"},\"sameAs\":[\"https:\\\/\\\/www.facebook.com\\\/La-Sentinelle-104059864394773\"]},{\"@type\":\"Person\",\"@id\":\"https:\\\/\\\/lasentinelle.dz\\\/#\\\/schema\\\/person\\\/d865044e22e70a75174ce8bcad3acfb3\",\"name\":\"La Sentinelle\",\"image\":{\"@type\":\"ImageObject\",\"inLanguage\":\"fr-FR\",\"@id\":\"https:\\\/\\\/secure.gravatar.com\\\/avatar\\\/57de8e5d4b15d43fb361a71fbb36338450fe67865b528a43dd10ef7c51a20392?s=96&d=mm&r=g\",\"url\":\"https:\\\/\\\/secure.gravatar.com\\\/avatar\\\/57de8e5d4b15d43fb361a71fbb36338450fe67865b528a43dd10ef7c51a20392?s=96&d=mm&r=g\",\"contentUrl\":\"https:\\\/\\\/secure.gravatar.com\\\/avatar\\\/57de8e5d4b15d43fb361a71fbb36338450fe67865b528a43dd10ef7c51a20392?s=96&d=mm&r=g\",\"caption\":\"La Sentinelle\"},\"sameAs\":[\"http:\\\/\\\/www.lasentinelle.dz\"],\"url\":\"https:\\\/\\\/lasentinelle.dz\\\/author\\\/redaction\\\/\"}]}<\/script>\n<!-- \/ Yoast SEO plugin. -->","yoast_head_json":{"title":"Session de formation au profit des P\/APC\u00a0: Le logement social et la gestion projets en question - La Sentinelle","robots":{"index":"index","follow":"follow","max-snippet":"max-snippet:-1","max-image-preview":"max-image-preview:large","max-video-preview":"max-video-preview:-1"},"canonical":"https:\/\/lasentinelle.dz\/index.php\/2023\/01\/21\/session-de-formation-au-profit-des-p-apc-le-logement-social-et-la-gestion-projets-en-question\/","og_locale":"fr_FR","og_type":"article","og_title":"Session de formation au profit des P\/APC\u00a0: Le logement social et la gestion projets en question - La Sentinelle","og_description":"Les collectivit\u00e9s locales sont appel\u00e9es \u00e0 jour un r\u00f4le central dans le d\u00e9veloppement de leurs territoires et de leur attractivit\u00e9,","og_url":"https:\/\/lasentinelle.dz\/index.php\/2023\/01\/21\/session-de-formation-au-profit-des-p-apc-le-logement-social-et-la-gestion-projets-en-question\/","og_site_name":"La Sentinelle","article_publisher":"https:\/\/www.facebook.com\/La-Sentinelle-104059864394773","article_published_time":"2023-01-21T21:05:00+00:00","og_image":[{"width":1351,"height":900,"url":"https:\/\/lasentinelle.dz\/wp-content\/uploads\/2021\/07\/p-apc.png","type":"image\/png"}],"author":"La Sentinelle","twitter_card":"summary_large_image","twitter_misc":{"\u00c9crit par":"La Sentinelle","Dur\u00e9e de lecture estim\u00e9e":"3 minutes"},"schema":{"@context":"https:\/\/schema.org","@graph":[{"@type":"Article","@id":"https:\/\/lasentinelle.dz\/index.php\/2023\/01\/21\/session-de-formation-au-profit-des-p-apc-le-logement-social-et-la-gestion-projets-en-question\/#article","isPartOf":{"@id":"https:\/\/lasentinelle.dz\/index.php\/2023\/01\/21\/session-de-formation-au-profit-des-p-apc-le-logement-social-et-la-gestion-projets-en-question\/"},"author":{"name":"La Sentinelle","@id":"https:\/\/lasentinelle.dz\/#\/schema\/person\/d865044e22e70a75174ce8bcad3acfb3"},"headline":"Session de formation au profit des P\/APC\u00a0: Le logement social et la gestion projets en question","datePublished":"2023-01-21T21:05:00+00:00","mainEntityOfPage":{"@id":"https:\/\/lasentinelle.dz\/index.php\/2023\/01\/21\/session-de-formation-au-profit-des-p-apc-le-logement-social-et-la-gestion-projets-en-question\/"},"wordCount":563,"commentCount":0,"publisher":{"@id":"https:\/\/lasentinelle.dz\/#organization"},"image":{"@id":"https:\/\/lasentinelle.dz\/index.php\/2023\/01\/21\/session-de-formation-au-profit-des-p-apc-le-logement-social-et-la-gestion-projets-en-question\/#primaryimage"},"thumbnailUrl":"https:\/\/lasentinelle.dz\/wp-content\/uploads\/2021\/07\/p-apc.png","articleSection":["Actualit\u00e9"],"inLanguage":"fr-FR","potentialAction":[{"@type":"CommentAction","name":"Comment","target":["https:\/\/lasentinelle.dz\/index.php\/2023\/01\/21\/session-de-formation-au-profit-des-p-apc-le-logement-social-et-la-gestion-projets-en-question\/#respond"]}]},{"@type":"WebPage","@id":"https:\/\/lasentinelle.dz\/index.php\/2023\/01\/21\/session-de-formation-au-profit-des-p-apc-le-logement-social-et-la-gestion-projets-en-question\/","url":"https:\/\/lasentinelle.dz\/index.php\/2023\/01\/21\/session-de-formation-au-profit-des-p-apc-le-logement-social-et-la-gestion-projets-en-question\/","name":"Session de formation au profit des P\/APC\u00a0: Le logement social et la gestion projets en question - La Sentinelle","isPartOf":{"@id":"https:\/\/lasentinelle.dz\/#website"},"primaryImageOfPage":{"@id":"https:\/\/lasentinelle.dz\/index.php\/2023\/01\/21\/session-de-formation-au-profit-des-p-apc-le-logement-social-et-la-gestion-projets-en-question\/#primaryimage"},"image":{"@id":"https:\/\/lasentinelle.dz\/index.php\/2023\/01\/21\/session-de-formation-au-profit-des-p-apc-le-logement-social-et-la-gestion-projets-en-question\/#primaryimage"},"thumbnailUrl":"https:\/\/lasentinelle.dz\/wp-content\/uploads\/2021\/07\/p-apc.png","datePublished":"2023-01-21T21:05:00+00:00","breadcrumb":{"@id":"https:\/\/lasentinelle.dz\/index.php\/2023\/01\/21\/session-de-formation-au-profit-des-p-apc-le-logement-social-et-la-gestion-projets-en-question\/#breadcrumb"},"inLanguage":"fr-FR","potentialAction":[{"@type":"ReadAction","target":["https:\/\/lasentinelle.dz\/index.php\/2023\/01\/21\/session-de-formation-au-profit-des-p-apc-le-logement-social-et-la-gestion-projets-en-question\/"]}]},{"@type":"ImageObject","inLanguage":"fr-FR","@id":"https:\/\/lasentinelle.dz\/index.php\/2023\/01\/21\/session-de-formation-au-profit-des-p-apc-le-logement-social-et-la-gestion-projets-en-question\/#primaryimage","url":"https:\/\/lasentinelle.dz\/wp-content\/uploads\/2021\/07\/p-apc.png","contentUrl":"https:\/\/lasentinelle.dz\/wp-content\/uploads\/2021\/07\/p-apc.png","width":1351,"height":900},{"@type":"BreadcrumbList","@id":"https:\/\/lasentinelle.dz\/index.php\/2023\/01\/21\/session-de-formation-au-profit-des-p-apc-le-logement-social-et-la-gestion-projets-en-question\/#breadcrumb","itemListElement":[{"@type":"ListItem","position":1,"name":"Accueil","item":"https:\/\/lasentinelle.dz\/"},{"@type":"ListItem","position":2,"name":"Session de formation au profit des P\/APC\u00a0: Le logement social et la gestion projets en question"}]},{"@type":"WebSite","@id":"https:\/\/lasentinelle.dz\/#website","url":"https:\/\/lasentinelle.dz\/","name":"La Sentinelle","description":"Quotidien national d&#039;information","publisher":{"@id":"https:\/\/lasentinelle.dz\/#organization"},"potentialAction":[{"@type":"SearchAction","target":{"@type":"EntryPoint","urlTemplate":"https:\/\/lasentinelle.dz\/?s={search_term_string}"},"query-input":{"@type":"PropertyValueSpecification","valueRequired":true,"valueName":"search_term_string"}}],"inLanguage":"fr-FR"},{"@type":"Organization","@id":"https:\/\/lasentinelle.dz\/#organization","name":"Quotidien La Sentinelle","url":"https:\/\/lasentinelle.dz\/","logo":{"@type":"ImageObject","inLanguage":"fr-FR","@id":"https:\/\/lasentinelle.dz\/#\/schema\/logo\/image\/","url":"https:\/\/lasentinelle.dz\/wp-content\/uploads\/2021\/09\/logo-sentinelleSLOGAN-1.png","contentUrl":"https:\/\/lasentinelle.dz\/wp-content\/uploads\/2021\/09\/logo-sentinelleSLOGAN-1.png","width":615,"height":142,"caption":"Quotidien La Sentinelle"},"image":{"@id":"https:\/\/lasentinelle.dz\/#\/schema\/logo\/image\/"},"sameAs":["https:\/\/www.facebook.com\/La-Sentinelle-104059864394773"]},{"@type":"Person","@id":"https:\/\/lasentinelle.dz\/#\/schema\/person\/d865044e22e70a75174ce8bcad3acfb3","name":"La Sentinelle","image":{"@type":"ImageObject","inLanguage":"fr-FR","@id":"https:\/\/secure.gravatar.com\/avatar\/57de8e5d4b15d43fb361a71fbb36338450fe67865b528a43dd10ef7c51a20392?s=96&d=mm&r=g","url":"https:\/\/secure.gravatar.com\/avatar\/57de8e5d4b15d43fb361a71fbb36338450fe67865b528a43dd10ef7c51a20392?s=96&d=mm&r=g","contentUrl":"https:\/\/secure.gravatar.com\/avatar\/57de8e5d4b15d43fb361a71fbb36338450fe67865b528a43dd10ef7c51a20392?s=96&d=mm&r=g","caption":"La Sentinelle"},"sameAs":["http:\/\/www.lasentinelle.dz"],"url":"https:\/\/lasentinelle.dz\/author\/redaction\/"}]}},"_links":{"self":[{"href":"https:\/\/lasentinelle.dz\/index.php\/wp-json\/wp\/v2\/posts\/34522","targetHints":{"allow":["GET"]}}],"collection":[{"href":"https:\/\/lasentinelle.dz\/index.php\/wp-json\/wp\/v2\/posts"}],"about":[{"href":"https:\/\/lasentinelle.dz\/index.php\/wp-json\/wp\/v2\/types\/post"}],"author":[{"embeddable":true,"href":"https:\/\/lasentinelle.dz\/index.php\/wp-json\/wp\/v2\/users\/3"}],"replies":[{"embeddable":true,"href":"https:\/\/lasentinelle.dz\/index.php\/wp-json\/wp\/v2\/comments?post=34522"}],"version-history":[{"count":1,"href":"https:\/\/lasentinelle.dz\/index.php\/wp-json\/wp\/v2\/posts\/34522\/revisions"}],"predecessor-version":[{"id":34569,"href":"https:\/\/lasentinelle.dz\/index.php\/wp-json\/wp\/v2\/posts\/34522\/revisions\/34569"}],"wp:featuredmedia":[{"embeddable":true,"href":"https:\/\/lasentinelle.dz\/index.php\/wp-json\/wp\/v2\/media\/2092"}],"wp:attachment":[{"href":"https:\/\/lasentinelle.dz\/index.php\/wp-json\/wp\/v2\/media?parent=34522"}],"wp:term":[{"taxonomy":"category","embeddable":true,"href":"https:\/\/lasentinelle.dz\/index.php\/wp-json\/wp\/v2\/categories?post=34522"},{"taxonomy":"post_tag","embeddable":true,"href":"https:\/\/lasentinelle.dz\/index.php\/wp-json\/wp\/v2\/tags?post=34522"}],"curies":[{"name":"wp","href":"https:\/\/api.w.org\/{rel}","templated":true}]}}