{"id":34528,"date":"2023-01-21T22:00:00","date_gmt":"2023-01-21T21:00:00","guid":{"rendered":"https:\/\/lasentinelle.dz\/?p=34528"},"modified":"2023-01-21T17:54:23","modified_gmt":"2023-01-21T16:54:23","slug":"stade-de-douera-belaribi-ordonne-lacceleration-des-travaux","status":"publish","type":"post","link":"https:\/\/lasentinelle.dz\/index.php\/2023\/01\/21\/stade-de-douera-belaribi-ordonne-lacceleration-des-travaux\/","title":{"rendered":"Stade de Douera\u00a0: Belaribi ordonne l\u2019acc\u00e9l\u00e9ration des travaux"},"content":{"rendered":"\n<p>Les stades de Tizi-Ouzou et de Douera doivent \u00eatre r\u00e9ceptionn\u00e9s cette ann\u00e9e. Dans ce sens, le ministre de l\u2019Habitat, de l\u2019Urbanisme et de la Ville a ordonn\u00e9 hier l\u2019acc\u00e9l\u00e9ration des travaux de r\u00e9alisation du Stade de Douera \u00e0 Alger.<\/p>\n\n\n\n<p>L\u2019Alg\u00e9rie mise sur un important programme de de modernisation et de r\u00e9alisation d\u2019infrastructures sportives. Ainsi et plus de la r\u00e9habilitation et de la modernisation des grands stades existants, l\u2019Alg\u00e9rie doit r\u00e9ceptionner de nouvelles infrastructures en plus de lancer la r\u00e9alisation de quatre nouveaux grands stades d\u00e8s cette ann\u00e9e. Apr\u00e8s avoir inaugur\u00e9 le nouveau stade olympique Miloud Hadefi d\u2019Oran l\u2019\u00e9t\u00e9 dernier et le nouveau stade Nelson Mandela de Baraki en ce d\u00e9but d\u2019ann\u00e9e, le d\u00e9partement de l\u2019Habitat auquel a \u00e9t\u00e9 confi\u00e9e la r\u00e9alisation des stades entend acc\u00e9l\u00e9rer la cadence avec la r\u00e9ception des stades de Douera \u00e0 Alger et celui de Tizi-Ouzou. C\u2019est dans ce sens que le ministre de l\u2019Habitat, de l\u2019Urbanisme et de la Ville Tarek Belaribi a ordonn\u00e9, hier au cours d\u2019une r\u00e9union technique de coordination pour le suivi du projet du Stade de Douera, d\u2019acc\u00e9l\u00e9rer les travaux sur cette infrastructure qu\u2019il entend r\u00e9ceptionner dans les d\u00e9lais les plus brefs.&nbsp; Il s\u2019est ainsi attard\u00e9 sur les travaux d\u2019am\u00e9nagement ext\u00e9rieur qui ont atteint un taux d\u2019avancement de 80%, ceux de la fa\u00e7ade vitr\u00e9e du centre de commandement, avec un taux d\u2019avancement de 75%, ceux de l\u2019installation des si\u00e8ges qui ne sont qu\u2019\u00e0 20%, ainsi que l\u2019installation des divers \u00e9quipement, le raccordement aux diff\u00e9rents r\u00e9seaux notamment celui de l\u2019assainissement, les travaux de voirie, de m\u00eame qu\u2019il a ordonn\u00e9 de&nbsp; lancer les travaux concernant le terrain avec la mise en place du sable.<\/p>\n\n\n\n<p>Il faut dire que cette r\u00e9union entre dans le cadre du suivi des projets de r\u00e9alisation des infrastructures sportives au moment o\u00f9 l\u2019Alg\u00e9rie a d\u00e9ploy\u00e9 d\u2019importants moyens pour faire aboutir sa candidature pour l\u2019organisation de la Coupe d\u2019Afrique des Nations en 2025.<\/p>\n\n\n\n<p>Pour rappel, Tarek Belaribi, a r\u00e9cemment annonc\u00e9 que quatre nouveaux stades seront construits en Alg\u00e9rie, plus pr\u00e9cis\u00e9ment \u00e0 Annaba, Constantine, Ouargla et B\u00e9char, une fois les travaux les stades de Tizi-Ouzou et Douera achev\u00e9s.<\/p>\n\n\n\n<p>En plus de ces nouvelles infrastructures, l\u2019Alg\u00e9rie a mis\u00e9 sur la r\u00e9habilitation d\u2019anciennes grandes enceintes sportives. C\u2019est le cas des stades d\u2019Annaba, second plus grand stade d\u2019Alg\u00e9rie avec une capacit\u00e9 de 56.000 places et de celui de Constantine, compl\u00e8tement r\u00e9nov\u00e9 \u00e0 l\u2019occasion du CHAN-2022. Par ailleurs le ministre de l\u2019Habitat, de l\u2019Urbanisme et de la Villeannonc\u00e9 que le stade mythique du 5-Juillet \u00e0 Alger sera int\u00e9gralement r\u00e9nov\u00e9 avec un changement de sa vitrine ; sa forme sera \u00e9galement modifi\u00e9e par l&rsquo;ajout d&rsquo;un toit qui le recouvrera enti\u00e8rement et sa capacit\u00e9 passera de 67 000 \u00e0 85 000 places. Selon le ministre, ces travaux de r\u00e9novation d\u00e9buteront d\u00e8s cette ann\u00e9e.<\/p>\n\n\n\n<p><strong>Chokri Hafed<\/strong><\/p>\n","protected":false},"excerpt":{"rendered":"<p>Les stades de Tizi-Ouzou et de Douera doivent \u00eatre r\u00e9ceptionn\u00e9s cette ann\u00e9e. Dans ce sens, le ministre de l\u2019Habitat, de<\/p>\n","protected":false},"author":3,"featured_media":34529,"comment_status":"open","ping_status":"closed","sticky":false,"template":"","format":"standard","meta":{"colormag_page_container_layout":"default_layout","colormag_page_sidebar_layout":"default_layout","om_disable_all_campaigns":false,"_monsterinsights_skip_tracking":false,"_monsterinsights_sitenote_active":false,"_monsterinsights_sitenote_note":"","_monsterinsights_sitenote_category":0,"footnotes":"","_wpscppro_dont_share_socialmedia":false,"_wpscppro_custom_social_share_image":0,"_facebook_share_type":"","_twitter_share_type":"","_linkedin_share_type":"","_pinterest_share_type":"","_linkedin_share_type_page":"","_instagram_share_type":"","_medium_share_type":"","_threads_share_type":"","_google_business_share_type":"","_selected_social_profile":[],"_wpsp_enable_custom_social_template":false,"_wpsp_social_scheduling":{"enabled":false,"datetime":null,"platforms":[],"status":"template_only","dateOption":"today","timeOption":"now","customDays":"","customHours":"","customDate":"","customTime":"","schedulingType":"absolute"},"_wpsp_active_default_template":true},"categories":[33],"tags":[],"class_list":["post-34528","post","type-post","status-publish","format-standard","has-post-thumbnail","hentry","category-sports"],"aioseo_notices":[],"yoast_head":"<!-- This site is optimized with the Yoast SEO plugin v27.5 - https:\/\/yoast.com\/product\/yoast-seo-wordpress\/ -->\n<title>Stade de Douera\u00a0: Belaribi ordonne l\u2019acc\u00e9l\u00e9ration des travaux - La Sentinelle<\/title>\n<meta name=\"robots\" content=\"index, follow, max-snippet:-1, max-image-preview:large, max-video-preview:-1\" \/>\n<link rel=\"canonical\" href=\"https:\/\/lasentinelle.dz\/index.php\/2023\/01\/21\/stade-de-douera-belaribi-ordonne-lacceleration-des-travaux\/\" \/>\n<meta property=\"og:locale\" content=\"fr_FR\" \/>\n<meta property=\"og:type\" content=\"article\" \/>\n<meta property=\"og:title\" content=\"Stade de Douera\u00a0: Belaribi ordonne l\u2019acc\u00e9l\u00e9ration des travaux - La Sentinelle\" \/>\n<meta property=\"og:description\" content=\"Les stades de Tizi-Ouzou et de Douera doivent \u00eatre r\u00e9ceptionn\u00e9s cette ann\u00e9e. Dans ce sens, le ministre de l\u2019Habitat, de\" \/>\n<meta property=\"og:url\" content=\"https:\/\/lasentinelle.dz\/index.php\/2023\/01\/21\/stade-de-douera-belaribi-ordonne-lacceleration-des-travaux\/\" \/>\n<meta property=\"og:site_name\" content=\"La Sentinelle\" \/>\n<meta property=\"article:publisher\" content=\"https:\/\/www.facebook.com\/La-Sentinelle-104059864394773\" \/>\n<meta property=\"article:published_time\" content=\"2023-01-21T21:00:00+00:00\" \/>\n<meta property=\"og:image\" content=\"https:\/\/lasentinelle.dz\/wp-content\/uploads\/2023\/01\/stade-2.png\" \/>\n\t<meta property=\"og:image:width\" content=\"1929\" \/>\n\t<meta property=\"og:image:height\" content=\"900\" \/>\n\t<meta property=\"og:image:type\" content=\"image\/png\" \/>\n<meta name=\"author\" content=\"La Sentinelle\" \/>\n<meta name=\"twitter:card\" content=\"summary_large_image\" \/>\n<meta name=\"twitter:label1\" content=\"\u00c9crit par\" \/>\n\t<meta name=\"twitter:data1\" content=\"La Sentinelle\" \/>\n\t<meta name=\"twitter:label2\" content=\"Dur\u00e9e de lecture estim\u00e9e\" \/>\n\t<meta name=\"twitter:data2\" content=\"3 minutes\" \/>\n<script type=\"application\/ld+json\" class=\"yoast-schema-graph\">{\"@context\":\"https:\\\/\\\/schema.org\",\"@graph\":[{\"@type\":\"Article\",\"@id\":\"https:\\\/\\\/lasentinelle.dz\\\/index.php\\\/2023\\\/01\\\/21\\\/stade-de-douera-belaribi-ordonne-lacceleration-des-travaux\\\/#article\",\"isPartOf\":{\"@id\":\"https:\\\/\\\/lasentinelle.dz\\\/index.php\\\/2023\\\/01\\\/21\\\/stade-de-douera-belaribi-ordonne-lacceleration-des-travaux\\\/\"},\"author\":{\"name\":\"La Sentinelle\",\"@id\":\"https:\\\/\\\/lasentinelle.dz\\\/#\\\/schema\\\/person\\\/d865044e22e70a75174ce8bcad3acfb3\"},\"headline\":\"Stade de Douera\u00a0: Belaribi ordonne l\u2019acc\u00e9l\u00e9ration des travaux\",\"datePublished\":\"2023-01-21T21:00:00+00:00\",\"mainEntityOfPage\":{\"@id\":\"https:\\\/\\\/lasentinelle.dz\\\/index.php\\\/2023\\\/01\\\/21\\\/stade-de-douera-belaribi-ordonne-lacceleration-des-travaux\\\/\"},\"wordCount\":552,\"commentCount\":0,\"publisher\":{\"@id\":\"https:\\\/\\\/lasentinelle.dz\\\/#organization\"},\"image\":{\"@id\":\"https:\\\/\\\/lasentinelle.dz\\\/index.php\\\/2023\\\/01\\\/21\\\/stade-de-douera-belaribi-ordonne-lacceleration-des-travaux\\\/#primaryimage\"},\"thumbnailUrl\":\"https:\\\/\\\/lasentinelle.dz\\\/wp-content\\\/uploads\\\/2023\\\/01\\\/stade-2.png\",\"articleSection\":[\"Sports\"],\"inLanguage\":\"fr-FR\",\"potentialAction\":[{\"@type\":\"CommentAction\",\"name\":\"Comment\",\"target\":[\"https:\\\/\\\/lasentinelle.dz\\\/index.php\\\/2023\\\/01\\\/21\\\/stade-de-douera-belaribi-ordonne-lacceleration-des-travaux\\\/#respond\"]}]},{\"@type\":\"WebPage\",\"@id\":\"https:\\\/\\\/lasentinelle.dz\\\/index.php\\\/2023\\\/01\\\/21\\\/stade-de-douera-belaribi-ordonne-lacceleration-des-travaux\\\/\",\"url\":\"https:\\\/\\\/lasentinelle.dz\\\/index.php\\\/2023\\\/01\\\/21\\\/stade-de-douera-belaribi-ordonne-lacceleration-des-travaux\\\/\",\"name\":\"Stade de Douera\u00a0: Belaribi ordonne l\u2019acc\u00e9l\u00e9ration des travaux - La Sentinelle\",\"isPartOf\":{\"@id\":\"https:\\\/\\\/lasentinelle.dz\\\/#website\"},\"primaryImageOfPage\":{\"@id\":\"https:\\\/\\\/lasentinelle.dz\\\/index.php\\\/2023\\\/01\\\/21\\\/stade-de-douera-belaribi-ordonne-lacceleration-des-travaux\\\/#primaryimage\"},\"image\":{\"@id\":\"https:\\\/\\\/lasentinelle.dz\\\/index.php\\\/2023\\\/01\\\/21\\\/stade-de-douera-belaribi-ordonne-lacceleration-des-travaux\\\/#primaryimage\"},\"thumbnailUrl\":\"https:\\\/\\\/lasentinelle.dz\\\/wp-content\\\/uploads\\\/2023\\\/01\\\/stade-2.png\",\"datePublished\":\"2023-01-21T21:00:00+00:00\",\"breadcrumb\":{\"@id\":\"https:\\\/\\\/lasentinelle.dz\\\/index.php\\\/2023\\\/01\\\/21\\\/stade-de-douera-belaribi-ordonne-lacceleration-des-travaux\\\/#breadcrumb\"},\"inLanguage\":\"fr-FR\",\"potentialAction\":[{\"@type\":\"ReadAction\",\"target\":[\"https:\\\/\\\/lasentinelle.dz\\\/index.php\\\/2023\\\/01\\\/21\\\/stade-de-douera-belaribi-ordonne-lacceleration-des-travaux\\\/\"]}]},{\"@type\":\"ImageObject\",\"inLanguage\":\"fr-FR\",\"@id\":\"https:\\\/\\\/lasentinelle.dz\\\/index.php\\\/2023\\\/01\\\/21\\\/stade-de-douera-belaribi-ordonne-lacceleration-des-travaux\\\/#primaryimage\",\"url\":\"https:\\\/\\\/lasentinelle.dz\\\/wp-content\\\/uploads\\\/2023\\\/01\\\/stade-2.png\",\"contentUrl\":\"https:\\\/\\\/lasentinelle.dz\\\/wp-content\\\/uploads\\\/2023\\\/01\\\/stade-2.png\",\"width\":1929,\"height\":900},{\"@type\":\"BreadcrumbList\",\"@id\":\"https:\\\/\\\/lasentinelle.dz\\\/index.php\\\/2023\\\/01\\\/21\\\/stade-de-douera-belaribi-ordonne-lacceleration-des-travaux\\\/#breadcrumb\",\"itemListElement\":[{\"@type\":\"ListItem\",\"position\":1,\"name\":\"Accueil\",\"item\":\"https:\\\/\\\/lasentinelle.dz\\\/\"},{\"@type\":\"ListItem\",\"position\":2,\"name\":\"Stade de Douera\u00a0: Belaribi ordonne l\u2019acc\u00e9l\u00e9ration des travaux\"}]},{\"@type\":\"WebSite\",\"@id\":\"https:\\\/\\\/lasentinelle.dz\\\/#website\",\"url\":\"https:\\\/\\\/lasentinelle.dz\\\/\",\"name\":\"La Sentinelle\",\"description\":\"Quotidien national d&#039;information\",\"publisher\":{\"@id\":\"https:\\\/\\\/lasentinelle.dz\\\/#organization\"},\"potentialAction\":[{\"@type\":\"SearchAction\",\"target\":{\"@type\":\"EntryPoint\",\"urlTemplate\":\"https:\\\/\\\/lasentinelle.dz\\\/?s={search_term_string}\"},\"query-input\":{\"@type\":\"PropertyValueSpecification\",\"valueRequired\":true,\"valueName\":\"search_term_string\"}}],\"inLanguage\":\"fr-FR\"},{\"@type\":\"Organization\",\"@id\":\"https:\\\/\\\/lasentinelle.dz\\\/#organization\",\"name\":\"Quotidien La Sentinelle\",\"url\":\"https:\\\/\\\/lasentinelle.dz\\\/\",\"logo\":{\"@type\":\"ImageObject\",\"inLanguage\":\"fr-FR\",\"@id\":\"https:\\\/\\\/lasentinelle.dz\\\/#\\\/schema\\\/logo\\\/image\\\/\",\"url\":\"https:\\\/\\\/lasentinelle.dz\\\/wp-content\\\/uploads\\\/2021\\\/09\\\/logo-sentinelleSLOGAN-1.png\",\"contentUrl\":\"https:\\\/\\\/lasentinelle.dz\\\/wp-content\\\/uploads\\\/2021\\\/09\\\/logo-sentinelleSLOGAN-1.png\",\"width\":615,\"height\":142,\"caption\":\"Quotidien La Sentinelle\"},\"image\":{\"@id\":\"https:\\\/\\\/lasentinelle.dz\\\/#\\\/schema\\\/logo\\\/image\\\/\"},\"sameAs\":[\"https:\\\/\\\/www.facebook.com\\\/La-Sentinelle-104059864394773\"]},{\"@type\":\"Person\",\"@id\":\"https:\\\/\\\/lasentinelle.dz\\\/#\\\/schema\\\/person\\\/d865044e22e70a75174ce8bcad3acfb3\",\"name\":\"La Sentinelle\",\"image\":{\"@type\":\"ImageObject\",\"inLanguage\":\"fr-FR\",\"@id\":\"https:\\\/\\\/secure.gravatar.com\\\/avatar\\\/57de8e5d4b15d43fb361a71fbb36338450fe67865b528a43dd10ef7c51a20392?s=96&d=mm&r=g\",\"url\":\"https:\\\/\\\/secure.gravatar.com\\\/avatar\\\/57de8e5d4b15d43fb361a71fbb36338450fe67865b528a43dd10ef7c51a20392?s=96&d=mm&r=g\",\"contentUrl\":\"https:\\\/\\\/secure.gravatar.com\\\/avatar\\\/57de8e5d4b15d43fb361a71fbb36338450fe67865b528a43dd10ef7c51a20392?s=96&d=mm&r=g\",\"caption\":\"La Sentinelle\"},\"sameAs\":[\"http:\\\/\\\/www.lasentinelle.dz\"],\"url\":\"https:\\\/\\\/lasentinelle.dz\\\/author\\\/redaction\\\/\"}]}<\/script>\n<!-- \/ Yoast SEO plugin. -->","yoast_head_json":{"title":"Stade de Douera\u00a0: Belaribi ordonne l\u2019acc\u00e9l\u00e9ration des travaux - La Sentinelle","robots":{"index":"index","follow":"follow","max-snippet":"max-snippet:-1","max-image-preview":"max-image-preview:large","max-video-preview":"max-video-preview:-1"},"canonical":"https:\/\/lasentinelle.dz\/index.php\/2023\/01\/21\/stade-de-douera-belaribi-ordonne-lacceleration-des-travaux\/","og_locale":"fr_FR","og_type":"article","og_title":"Stade de Douera\u00a0: Belaribi ordonne l\u2019acc\u00e9l\u00e9ration des travaux - La Sentinelle","og_description":"Les stades de Tizi-Ouzou et de Douera doivent \u00eatre r\u00e9ceptionn\u00e9s cette ann\u00e9e. Dans ce sens, le ministre de l\u2019Habitat, de","og_url":"https:\/\/lasentinelle.dz\/index.php\/2023\/01\/21\/stade-de-douera-belaribi-ordonne-lacceleration-des-travaux\/","og_site_name":"La Sentinelle","article_publisher":"https:\/\/www.facebook.com\/La-Sentinelle-104059864394773","article_published_time":"2023-01-21T21:00:00+00:00","og_image":[{"width":1929,"height":900,"url":"https:\/\/lasentinelle.dz\/wp-content\/uploads\/2023\/01\/stade-2.png","type":"image\/png"}],"author":"La Sentinelle","twitter_card":"summary_large_image","twitter_misc":{"\u00c9crit par":"La Sentinelle","Dur\u00e9e de lecture estim\u00e9e":"3 minutes"},"schema":{"@context":"https:\/\/schema.org","@graph":[{"@type":"Article","@id":"https:\/\/lasentinelle.dz\/index.php\/2023\/01\/21\/stade-de-douera-belaribi-ordonne-lacceleration-des-travaux\/#article","isPartOf":{"@id":"https:\/\/lasentinelle.dz\/index.php\/2023\/01\/21\/stade-de-douera-belaribi-ordonne-lacceleration-des-travaux\/"},"author":{"name":"La Sentinelle","@id":"https:\/\/lasentinelle.dz\/#\/schema\/person\/d865044e22e70a75174ce8bcad3acfb3"},"headline":"Stade de Douera\u00a0: Belaribi ordonne l\u2019acc\u00e9l\u00e9ration des travaux","datePublished":"2023-01-21T21:00:00+00:00","mainEntityOfPage":{"@id":"https:\/\/lasentinelle.dz\/index.php\/2023\/01\/21\/stade-de-douera-belaribi-ordonne-lacceleration-des-travaux\/"},"wordCount":552,"commentCount":0,"publisher":{"@id":"https:\/\/lasentinelle.dz\/#organization"},"image":{"@id":"https:\/\/lasentinelle.dz\/index.php\/2023\/01\/21\/stade-de-douera-belaribi-ordonne-lacceleration-des-travaux\/#primaryimage"},"thumbnailUrl":"https:\/\/lasentinelle.dz\/wp-content\/uploads\/2023\/01\/stade-2.png","articleSection":["Sports"],"inLanguage":"fr-FR","potentialAction":[{"@type":"CommentAction","name":"Comment","target":["https:\/\/lasentinelle.dz\/index.php\/2023\/01\/21\/stade-de-douera-belaribi-ordonne-lacceleration-des-travaux\/#respond"]}]},{"@type":"WebPage","@id":"https:\/\/lasentinelle.dz\/index.php\/2023\/01\/21\/stade-de-douera-belaribi-ordonne-lacceleration-des-travaux\/","url":"https:\/\/lasentinelle.dz\/index.php\/2023\/01\/21\/stade-de-douera-belaribi-ordonne-lacceleration-des-travaux\/","name":"Stade de Douera\u00a0: Belaribi ordonne l\u2019acc\u00e9l\u00e9ration des travaux - La Sentinelle","isPartOf":{"@id":"https:\/\/lasentinelle.dz\/#website"},"primaryImageOfPage":{"@id":"https:\/\/lasentinelle.dz\/index.php\/2023\/01\/21\/stade-de-douera-belaribi-ordonne-lacceleration-des-travaux\/#primaryimage"},"image":{"@id":"https:\/\/lasentinelle.dz\/index.php\/2023\/01\/21\/stade-de-douera-belaribi-ordonne-lacceleration-des-travaux\/#primaryimage"},"thumbnailUrl":"https:\/\/lasentinelle.dz\/wp-content\/uploads\/2023\/01\/stade-2.png","datePublished":"2023-01-21T21:00:00+00:00","breadcrumb":{"@id":"https:\/\/lasentinelle.dz\/index.php\/2023\/01\/21\/stade-de-douera-belaribi-ordonne-lacceleration-des-travaux\/#breadcrumb"},"inLanguage":"fr-FR","potentialAction":[{"@type":"ReadAction","target":["https:\/\/lasentinelle.dz\/index.php\/2023\/01\/21\/stade-de-douera-belaribi-ordonne-lacceleration-des-travaux\/"]}]},{"@type":"ImageObject","inLanguage":"fr-FR","@id":"https:\/\/lasentinelle.dz\/index.php\/2023\/01\/21\/stade-de-douera-belaribi-ordonne-lacceleration-des-travaux\/#primaryimage","url":"https:\/\/lasentinelle.dz\/wp-content\/uploads\/2023\/01\/stade-2.png","contentUrl":"https:\/\/lasentinelle.dz\/wp-content\/uploads\/2023\/01\/stade-2.png","width":1929,"height":900},{"@type":"BreadcrumbList","@id":"https:\/\/lasentinelle.dz\/index.php\/2023\/01\/21\/stade-de-douera-belaribi-ordonne-lacceleration-des-travaux\/#breadcrumb","itemListElement":[{"@type":"ListItem","position":1,"name":"Accueil","item":"https:\/\/lasentinelle.dz\/"},{"@type":"ListItem","position":2,"name":"Stade de Douera\u00a0: Belaribi ordonne l\u2019acc\u00e9l\u00e9ration des travaux"}]},{"@type":"WebSite","@id":"https:\/\/lasentinelle.dz\/#website","url":"https:\/\/lasentinelle.dz\/","name":"La Sentinelle","description":"Quotidien national d&#039;information","publisher":{"@id":"https:\/\/lasentinelle.dz\/#organization"},"potentialAction":[{"@type":"SearchAction","target":{"@type":"EntryPoint","urlTemplate":"https:\/\/lasentinelle.dz\/?s={search_term_string}"},"query-input":{"@type":"PropertyValueSpecification","valueRequired":true,"valueName":"search_term_string"}}],"inLanguage":"fr-FR"},{"@type":"Organization","@id":"https:\/\/lasentinelle.dz\/#organization","name":"Quotidien La Sentinelle","url":"https:\/\/lasentinelle.dz\/","logo":{"@type":"ImageObject","inLanguage":"fr-FR","@id":"https:\/\/lasentinelle.dz\/#\/schema\/logo\/image\/","url":"https:\/\/lasentinelle.dz\/wp-content\/uploads\/2021\/09\/logo-sentinelleSLOGAN-1.png","contentUrl":"https:\/\/lasentinelle.dz\/wp-content\/uploads\/2021\/09\/logo-sentinelleSLOGAN-1.png","width":615,"height":142,"caption":"Quotidien La Sentinelle"},"image":{"@id":"https:\/\/lasentinelle.dz\/#\/schema\/logo\/image\/"},"sameAs":["https:\/\/www.facebook.com\/La-Sentinelle-104059864394773"]},{"@type":"Person","@id":"https:\/\/lasentinelle.dz\/#\/schema\/person\/d865044e22e70a75174ce8bcad3acfb3","name":"La Sentinelle","image":{"@type":"ImageObject","inLanguage":"fr-FR","@id":"https:\/\/secure.gravatar.com\/avatar\/57de8e5d4b15d43fb361a71fbb36338450fe67865b528a43dd10ef7c51a20392?s=96&d=mm&r=g","url":"https:\/\/secure.gravatar.com\/avatar\/57de8e5d4b15d43fb361a71fbb36338450fe67865b528a43dd10ef7c51a20392?s=96&d=mm&r=g","contentUrl":"https:\/\/secure.gravatar.com\/avatar\/57de8e5d4b15d43fb361a71fbb36338450fe67865b528a43dd10ef7c51a20392?s=96&d=mm&r=g","caption":"La Sentinelle"},"sameAs":["http:\/\/www.lasentinelle.dz"],"url":"https:\/\/lasentinelle.dz\/author\/redaction\/"}]}},"_links":{"self":[{"href":"https:\/\/lasentinelle.dz\/index.php\/wp-json\/wp\/v2\/posts\/34528","targetHints":{"allow":["GET"]}}],"collection":[{"href":"https:\/\/lasentinelle.dz\/index.php\/wp-json\/wp\/v2\/posts"}],"about":[{"href":"https:\/\/lasentinelle.dz\/index.php\/wp-json\/wp\/v2\/types\/post"}],"author":[{"embeddable":true,"href":"https:\/\/lasentinelle.dz\/index.php\/wp-json\/wp\/v2\/users\/3"}],"replies":[{"embeddable":true,"href":"https:\/\/lasentinelle.dz\/index.php\/wp-json\/wp\/v2\/comments?post=34528"}],"version-history":[{"count":1,"href":"https:\/\/lasentinelle.dz\/index.php\/wp-json\/wp\/v2\/posts\/34528\/revisions"}],"predecessor-version":[{"id":34532,"href":"https:\/\/lasentinelle.dz\/index.php\/wp-json\/wp\/v2\/posts\/34528\/revisions\/34532"}],"wp:featuredmedia":[{"embeddable":true,"href":"https:\/\/lasentinelle.dz\/index.php\/wp-json\/wp\/v2\/media\/34529"}],"wp:attachment":[{"href":"https:\/\/lasentinelle.dz\/index.php\/wp-json\/wp\/v2\/media?parent=34528"}],"wp:term":[{"taxonomy":"category","embeddable":true,"href":"https:\/\/lasentinelle.dz\/index.php\/wp-json\/wp\/v2\/categories?post=34528"},{"taxonomy":"post_tag","embeddable":true,"href":"https:\/\/lasentinelle.dz\/index.php\/wp-json\/wp\/v2\/tags?post=34528"}],"curies":[{"name":"wp","href":"https:\/\/api.w.org\/{rel}","templated":true}]}}