{"id":34534,"date":"2023-01-21T22:05:00","date_gmt":"2023-01-21T21:05:00","guid":{"rendered":"https:\/\/lasentinelle.dz\/?p=34534"},"modified":"2023-01-21T20:28:04","modified_gmt":"2023-01-21T19:28:04","slug":"projets-de-lois-relatives-a-lexercice-du-droit-syndical-et-la-prevention-des-conflits-collectifs-au-travail-la-csa-demande-leur-retrait","status":"publish","type":"post","link":"https:\/\/lasentinelle.dz\/index.php\/2023\/01\/21\/projets-de-lois-relatives-a-lexercice-du-droit-syndical-et-la-prevention-des-conflits-collectifs-au-travail-la-csa-demande-leur-retrait\/","title":{"rendered":"Projets de lois relatives \u00e0 l\u2019exercice du droit syndical et la pr\u00e9vention des conflits collectifs au travail\u00a0: La CSA\u00a0 demande leur retrait"},"content":{"rendered":"\n<p>Regroupant 14 formations syndicales, la Conf\u00e9d\u00e9ration des syndicats autonomes (CSA)&nbsp; a demand\u00e9&nbsp; le retrait&nbsp; des projets de lois relatives \u00e0 l\u2019exercice du droit syndical et la pr\u00e9vention des conflits collectifs au travail.<\/p>\n\n\n\n<p>Au cours d\u2019une assembl\u00e9e g\u00e9n\u00e9rale (AG) organis\u00e9e jeudi, au coll\u00e8ge syndical, sis \u00e0 la plage Rizi Amor ex Chapuis, plus de 500 sections syndicales, affili\u00e9es \u00e0 l\u2019union de wilaya de l\u2019Union G\u00e9n\u00e9rale des Travailleurs Alg\u00e9riens (UGTA), se sont r\u00e9unies pour d\u00e9battre des nouveaux textes devant r\u00e9organiser l\u2019action syndicale. Les syndicalistes semblent rejeter les deux projets puisque&nbsp; l\u2019ensemble des sections syndicales pr\u00e9sentes, lors de cette AG ont revendiqu\u00e9 leur retrait. Les nouveaux textes semblent avoir suscit\u00e9 une agitation au sein des milieux syndicaux \u00e0 Annaba.&nbsp; Ces derniers estiment que lesdits projets de lois\u00ab&nbsp;portent atteinte aux acquis syndicaux&nbsp;\u00bb, selon un communiqu\u00e9 publi\u00e9 par plusieurs sections syndicales d\u2019entreprises publiques \u00e0 Annaba, dont Sider El Hadjar et Asfertrade. Selon ces communiqu\u00e9s de presse, les syndicats d\u2019Annaba affichent leur rejet du contenu des textes. Cette lev\u00e9e de boucliers est due, notamment, \u00e0 des r\u00e9serves \u00e9mises sur les articles 15, 19, 47, 48, 56 et 59 qu\u2019ils consid\u00e8rent&nbsp; comme \u00e9tant \u2018\u2019anti constitutionnels\u2019\u2019 et \u2018\u2019contraires aux normes internationales de travail\u2019\u2019. \u00c0 vrai dire, les syndicats \u00e0 Annaba, ne rejettent pas en bloc ces projets de loi mais ont \u00e9mis des r\u00e9serves sur certains de ses aspects, alors que la conf\u00e9d\u00e9ration des syndicats autonomes (CSA) qui regroupe 14 formations syndicales a, il y a quelques jours, demand\u00e9 le retrait&nbsp; des projets de loi sur l\u2019exercice du droit syndical ainsi que sur la pr\u00e9vention des conflits collectifs et le droit de gr\u00e8ve. Le CSA estime que les deux projets \u2018\u2019 contredisent\u2019\u2019 les lois de la R\u00e9publique r\u00e9gissant l\u2019activit\u00e9 syndicale ainsi que les trait\u00e9s et les conventions internationales ratifi\u00e9es par l\u2019Alg\u00e9rie. Les projets de loi, selon les syndicats, remet en cause les acquis syndicaux \u00e9nonc\u00e9s dans la pr\u00e9c\u00e9dente loi n\u00b090-14 du 2 juin 1990 relative aux modalit\u00e9s d\u2019exercice du droit syndical. C\u2019est pourquoi, les membres de la&nbsp; CSA demandent un d\u00e9bat autour de ces textes afin de les enrichir. La conf\u00e9d\u00e9ration des syndicats autonomes d\u00e9nonce \u00e9galement \u00e9t\u00e9 associ\u00e9e au d\u00e9bat et la pr\u00e9paration du texte dans le respect des principes du dialogue social. Les syndicats autonomes contestataires \u00e0 la d\u00e9marche n\u2019ont cess\u00e9 de d\u00e9noncer leur exclusion dans l\u2019\u00e9laboration du projet, dont ils rel\u00e8vent un \u00ab&nbsp;manque de clart\u00e9&nbsp;\u00bb de certains articles et \u00ab&nbsp;l\u2019octroi de larges pr\u00e9rogatives \u00e0 l\u2019administration au d\u00e9triment des repr\u00e9sentants des travailleurs&nbsp;\u00bb, pr\u00e9cisant&nbsp; dans ce contexte que ceux-ci \u00ab&nbsp;favorisent le recours \u00e0 la justice au lieu du dialogue social&nbsp;\u00bb. Ainsi, les syndicalistes ont fait part de leurs pr\u00e9occupations sur les nouvelles dispositions et les proc\u00e9dures contenues dans ces projets de loi. Dans quelques jours, les d\u00e9put\u00e9s d\u00e9battront les projets de loi relatifs \u00e0 l\u2019exercice du droit syndical et celui relatif \u00e0 la pr\u00e9vention des conflits collectifs de travail et \u00e0 l\u2019exercice du droit de gr\u00e8ve. Notons que le ministre du Travail, de l\u2019Emploi et de&nbsp;la S\u00e9curit\u00e9 sociale, Youcef Chorfa, a pr\u00e9cis\u00e9que&nbsp; \u2018\u2019ces deux projets visent \u00e0 organiser l\u2019exercice syndical, \u00e9liminer le cumul n\u00e9gatif qu\u2019a connu le pays dans ce domaine et d\u00e9finir les modalit\u00e9s de cr\u00e9ation des syndicats et les conditions pour y adh\u00e9rer\u2019\u2019.<\/p>\n\n\n\n<p><strong>Sofia Chahine<\/strong><\/p>\n","protected":false},"excerpt":{"rendered":"<p>Regroupant 14 formations syndicales, la Conf\u00e9d\u00e9ration des syndicats autonomes (CSA)&nbsp; a demand\u00e9&nbsp; le retrait&nbsp; des projets de lois relatives \u00e0<\/p>\n","protected":false},"author":3,"featured_media":34540,"comment_status":"open","ping_status":"closed","sticky":false,"template":"","format":"standard","meta":{"colormag_page_container_layout":"default_layout","colormag_page_sidebar_layout":"default_layout","om_disable_all_campaigns":false,"_monsterinsights_skip_tracking":false,"_monsterinsights_sitenote_active":false,"_monsterinsights_sitenote_note":"","_monsterinsights_sitenote_category":0,"footnotes":"","_wpscppro_dont_share_socialmedia":false,"_wpscppro_custom_social_share_image":0,"_facebook_share_type":"","_twitter_share_type":"","_linkedin_share_type":"","_pinterest_share_type":"","_linkedin_share_type_page":"","_instagram_share_type":"","_medium_share_type":"","_threads_share_type":"","_google_business_share_type":"","_selected_social_profile":[],"_wpsp_enable_custom_social_template":false,"_wpsp_social_scheduling":{"enabled":false,"datetime":null,"platforms":[],"status":"template_only","dateOption":"today","timeOption":"now","customDays":"","customHours":"","customDate":"","customTime":"","schedulingType":"absolute"},"_wpsp_active_default_template":true},"categories":[27],"tags":[],"class_list":["post-34534","post","type-post","status-publish","format-standard","has-post-thumbnail","hentry","category-actualite"],"aioseo_notices":[],"yoast_head":"<!-- This site is optimized with the Yoast SEO plugin v27.5 - https:\/\/yoast.com\/product\/yoast-seo-wordpress\/ -->\n<title>Projets de lois relatives \u00e0 l\u2019exercice du droit syndical et la pr\u00e9vention des conflits collectifs au travail\u00a0: La CSA\u00a0 demande leur retrait - La Sentinelle<\/title>\n<meta name=\"robots\" content=\"index, follow, max-snippet:-1, max-image-preview:large, max-video-preview:-1\" \/>\n<link rel=\"canonical\" href=\"https:\/\/lasentinelle.dz\/index.php\/2023\/01\/21\/projets-de-lois-relatives-a-lexercice-du-droit-syndical-et-la-prevention-des-conflits-collectifs-au-travail-la-csa-demande-leur-retrait\/\" \/>\n<meta property=\"og:locale\" content=\"fr_FR\" \/>\n<meta property=\"og:type\" content=\"article\" \/>\n<meta property=\"og:title\" content=\"Projets de lois relatives \u00e0 l\u2019exercice du droit syndical et la pr\u00e9vention des conflits collectifs au travail\u00a0: La CSA\u00a0 demande leur retrait - La Sentinelle\" \/>\n<meta property=\"og:description\" content=\"Regroupant 14 formations syndicales, la Conf\u00e9d\u00e9ration des syndicats autonomes (CSA)&nbsp; a demand\u00e9&nbsp; le retrait&nbsp; des projets de lois relatives \u00e0\" \/>\n<meta property=\"og:url\" content=\"https:\/\/lasentinelle.dz\/index.php\/2023\/01\/21\/projets-de-lois-relatives-a-lexercice-du-droit-syndical-et-la-prevention-des-conflits-collectifs-au-travail-la-csa-demande-leur-retrait\/\" \/>\n<meta property=\"og:site_name\" content=\"La Sentinelle\" \/>\n<meta property=\"article:publisher\" content=\"https:\/\/www.facebook.com\/La-Sentinelle-104059864394773\" \/>\n<meta property=\"article:published_time\" content=\"2023-01-21T21:05:00+00:00\" \/>\n<meta property=\"og:image\" content=\"https:\/\/lasentinelle.dz\/wp-content\/uploads\/2023\/01\/Sans-titre-2-11.png\" \/>\n\t<meta property=\"og:image:width\" content=\"1352\" \/>\n\t<meta property=\"og:image:height\" content=\"900\" \/>\n\t<meta property=\"og:image:type\" content=\"image\/png\" \/>\n<meta name=\"author\" content=\"La Sentinelle\" \/>\n<meta name=\"twitter:card\" content=\"summary_large_image\" \/>\n<meta name=\"twitter:label1\" content=\"\u00c9crit par\" \/>\n\t<meta name=\"twitter:data1\" content=\"La Sentinelle\" \/>\n\t<meta name=\"twitter:label2\" content=\"Dur\u00e9e de lecture estim\u00e9e\" \/>\n\t<meta name=\"twitter:data2\" content=\"3 minutes\" \/>\n<script type=\"application\/ld+json\" class=\"yoast-schema-graph\">{\"@context\":\"https:\\\/\\\/schema.org\",\"@graph\":[{\"@type\":\"Article\",\"@id\":\"https:\\\/\\\/lasentinelle.dz\\\/index.php\\\/2023\\\/01\\\/21\\\/projets-de-lois-relatives-a-lexercice-du-droit-syndical-et-la-prevention-des-conflits-collectifs-au-travail-la-csa-demande-leur-retrait\\\/#article\",\"isPartOf\":{\"@id\":\"https:\\\/\\\/lasentinelle.dz\\\/index.php\\\/2023\\\/01\\\/21\\\/projets-de-lois-relatives-a-lexercice-du-droit-syndical-et-la-prevention-des-conflits-collectifs-au-travail-la-csa-demande-leur-retrait\\\/\"},\"author\":{\"name\":\"La Sentinelle\",\"@id\":\"https:\\\/\\\/lasentinelle.dz\\\/#\\\/schema\\\/person\\\/d865044e22e70a75174ce8bcad3acfb3\"},\"headline\":\"Projets de lois relatives \u00e0 l\u2019exercice du droit syndical et la pr\u00e9vention des conflits collectifs au travail\u00a0: La CSA\u00a0 demande leur retrait\",\"datePublished\":\"2023-01-21T21:05:00+00:00\",\"mainEntityOfPage\":{\"@id\":\"https:\\\/\\\/lasentinelle.dz\\\/index.php\\\/2023\\\/01\\\/21\\\/projets-de-lois-relatives-a-lexercice-du-droit-syndical-et-la-prevention-des-conflits-collectifs-au-travail-la-csa-demande-leur-retrait\\\/\"},\"wordCount\":633,\"commentCount\":0,\"publisher\":{\"@id\":\"https:\\\/\\\/lasentinelle.dz\\\/#organization\"},\"image\":{\"@id\":\"https:\\\/\\\/lasentinelle.dz\\\/index.php\\\/2023\\\/01\\\/21\\\/projets-de-lois-relatives-a-lexercice-du-droit-syndical-et-la-prevention-des-conflits-collectifs-au-travail-la-csa-demande-leur-retrait\\\/#primaryimage\"},\"thumbnailUrl\":\"https:\\\/\\\/lasentinelle.dz\\\/wp-content\\\/uploads\\\/2023\\\/01\\\/Sans-titre-2-11.png\",\"articleSection\":[\"Actualit\u00e9\"],\"inLanguage\":\"fr-FR\",\"potentialAction\":[{\"@type\":\"CommentAction\",\"name\":\"Comment\",\"target\":[\"https:\\\/\\\/lasentinelle.dz\\\/index.php\\\/2023\\\/01\\\/21\\\/projets-de-lois-relatives-a-lexercice-du-droit-syndical-et-la-prevention-des-conflits-collectifs-au-travail-la-csa-demande-leur-retrait\\\/#respond\"]}]},{\"@type\":\"WebPage\",\"@id\":\"https:\\\/\\\/lasentinelle.dz\\\/index.php\\\/2023\\\/01\\\/21\\\/projets-de-lois-relatives-a-lexercice-du-droit-syndical-et-la-prevention-des-conflits-collectifs-au-travail-la-csa-demande-leur-retrait\\\/\",\"url\":\"https:\\\/\\\/lasentinelle.dz\\\/index.php\\\/2023\\\/01\\\/21\\\/projets-de-lois-relatives-a-lexercice-du-droit-syndical-et-la-prevention-des-conflits-collectifs-au-travail-la-csa-demande-leur-retrait\\\/\",\"name\":\"Projets de lois relatives \u00e0 l\u2019exercice du droit syndical et la pr\u00e9vention des conflits collectifs au travail\u00a0: La CSA\u00a0 demande leur retrait - La Sentinelle\",\"isPartOf\":{\"@id\":\"https:\\\/\\\/lasentinelle.dz\\\/#website\"},\"primaryImageOfPage\":{\"@id\":\"https:\\\/\\\/lasentinelle.dz\\\/index.php\\\/2023\\\/01\\\/21\\\/projets-de-lois-relatives-a-lexercice-du-droit-syndical-et-la-prevention-des-conflits-collectifs-au-travail-la-csa-demande-leur-retrait\\\/#primaryimage\"},\"image\":{\"@id\":\"https:\\\/\\\/lasentinelle.dz\\\/index.php\\\/2023\\\/01\\\/21\\\/projets-de-lois-relatives-a-lexercice-du-droit-syndical-et-la-prevention-des-conflits-collectifs-au-travail-la-csa-demande-leur-retrait\\\/#primaryimage\"},\"thumbnailUrl\":\"https:\\\/\\\/lasentinelle.dz\\\/wp-content\\\/uploads\\\/2023\\\/01\\\/Sans-titre-2-11.png\",\"datePublished\":\"2023-01-21T21:05:00+00:00\",\"breadcrumb\":{\"@id\":\"https:\\\/\\\/lasentinelle.dz\\\/index.php\\\/2023\\\/01\\\/21\\\/projets-de-lois-relatives-a-lexercice-du-droit-syndical-et-la-prevention-des-conflits-collectifs-au-travail-la-csa-demande-leur-retrait\\\/#breadcrumb\"},\"inLanguage\":\"fr-FR\",\"potentialAction\":[{\"@type\":\"ReadAction\",\"target\":[\"https:\\\/\\\/lasentinelle.dz\\\/index.php\\\/2023\\\/01\\\/21\\\/projets-de-lois-relatives-a-lexercice-du-droit-syndical-et-la-prevention-des-conflits-collectifs-au-travail-la-csa-demande-leur-retrait\\\/\"]}]},{\"@type\":\"ImageObject\",\"inLanguage\":\"fr-FR\",\"@id\":\"https:\\\/\\\/lasentinelle.dz\\\/index.php\\\/2023\\\/01\\\/21\\\/projets-de-lois-relatives-a-lexercice-du-droit-syndical-et-la-prevention-des-conflits-collectifs-au-travail-la-csa-demande-leur-retrait\\\/#primaryimage\",\"url\":\"https:\\\/\\\/lasentinelle.dz\\\/wp-content\\\/uploads\\\/2023\\\/01\\\/Sans-titre-2-11.png\",\"contentUrl\":\"https:\\\/\\\/lasentinelle.dz\\\/wp-content\\\/uploads\\\/2023\\\/01\\\/Sans-titre-2-11.png\",\"width\":1352,\"height\":900},{\"@type\":\"BreadcrumbList\",\"@id\":\"https:\\\/\\\/lasentinelle.dz\\\/index.php\\\/2023\\\/01\\\/21\\\/projets-de-lois-relatives-a-lexercice-du-droit-syndical-et-la-prevention-des-conflits-collectifs-au-travail-la-csa-demande-leur-retrait\\\/#breadcrumb\",\"itemListElement\":[{\"@type\":\"ListItem\",\"position\":1,\"name\":\"Accueil\",\"item\":\"https:\\\/\\\/lasentinelle.dz\\\/\"},{\"@type\":\"ListItem\",\"position\":2,\"name\":\"Projets de lois relatives \u00e0 l\u2019exercice du droit syndical et la pr\u00e9vention des conflits collectifs au travail\u00a0: La CSA\u00a0 demande leur retrait\"}]},{\"@type\":\"WebSite\",\"@id\":\"https:\\\/\\\/lasentinelle.dz\\\/#website\",\"url\":\"https:\\\/\\\/lasentinelle.dz\\\/\",\"name\":\"La Sentinelle\",\"description\":\"Quotidien national d&#039;information\",\"publisher\":{\"@id\":\"https:\\\/\\\/lasentinelle.dz\\\/#organization\"},\"potentialAction\":[{\"@type\":\"SearchAction\",\"target\":{\"@type\":\"EntryPoint\",\"urlTemplate\":\"https:\\\/\\\/lasentinelle.dz\\\/?s={search_term_string}\"},\"query-input\":{\"@type\":\"PropertyValueSpecification\",\"valueRequired\":true,\"valueName\":\"search_term_string\"}}],\"inLanguage\":\"fr-FR\"},{\"@type\":\"Organization\",\"@id\":\"https:\\\/\\\/lasentinelle.dz\\\/#organization\",\"name\":\"Quotidien La Sentinelle\",\"url\":\"https:\\\/\\\/lasentinelle.dz\\\/\",\"logo\":{\"@type\":\"ImageObject\",\"inLanguage\":\"fr-FR\",\"@id\":\"https:\\\/\\\/lasentinelle.dz\\\/#\\\/schema\\\/logo\\\/image\\\/\",\"url\":\"https:\\\/\\\/lasentinelle.dz\\\/wp-content\\\/uploads\\\/2021\\\/09\\\/logo-sentinelleSLOGAN-1.png\",\"contentUrl\":\"https:\\\/\\\/lasentinelle.dz\\\/wp-content\\\/uploads\\\/2021\\\/09\\\/logo-sentinelleSLOGAN-1.png\",\"width\":615,\"height\":142,\"caption\":\"Quotidien La Sentinelle\"},\"image\":{\"@id\":\"https:\\\/\\\/lasentinelle.dz\\\/#\\\/schema\\\/logo\\\/image\\\/\"},\"sameAs\":[\"https:\\\/\\\/www.facebook.com\\\/La-Sentinelle-104059864394773\"]},{\"@type\":\"Person\",\"@id\":\"https:\\\/\\\/lasentinelle.dz\\\/#\\\/schema\\\/person\\\/d865044e22e70a75174ce8bcad3acfb3\",\"name\":\"La Sentinelle\",\"image\":{\"@type\":\"ImageObject\",\"inLanguage\":\"fr-FR\",\"@id\":\"https:\\\/\\\/secure.gravatar.com\\\/avatar\\\/57de8e5d4b15d43fb361a71fbb36338450fe67865b528a43dd10ef7c51a20392?s=96&d=mm&r=g\",\"url\":\"https:\\\/\\\/secure.gravatar.com\\\/avatar\\\/57de8e5d4b15d43fb361a71fbb36338450fe67865b528a43dd10ef7c51a20392?s=96&d=mm&r=g\",\"contentUrl\":\"https:\\\/\\\/secure.gravatar.com\\\/avatar\\\/57de8e5d4b15d43fb361a71fbb36338450fe67865b528a43dd10ef7c51a20392?s=96&d=mm&r=g\",\"caption\":\"La Sentinelle\"},\"sameAs\":[\"http:\\\/\\\/www.lasentinelle.dz\"],\"url\":\"https:\\\/\\\/lasentinelle.dz\\\/author\\\/redaction\\\/\"}]}<\/script>\n<!-- \/ Yoast SEO plugin. -->","yoast_head_json":{"title":"Projets de lois relatives \u00e0 l\u2019exercice du droit syndical et la pr\u00e9vention des conflits collectifs au travail\u00a0: La CSA\u00a0 demande leur retrait - La Sentinelle","robots":{"index":"index","follow":"follow","max-snippet":"max-snippet:-1","max-image-preview":"max-image-preview:large","max-video-preview":"max-video-preview:-1"},"canonical":"https:\/\/lasentinelle.dz\/index.php\/2023\/01\/21\/projets-de-lois-relatives-a-lexercice-du-droit-syndical-et-la-prevention-des-conflits-collectifs-au-travail-la-csa-demande-leur-retrait\/","og_locale":"fr_FR","og_type":"article","og_title":"Projets de lois relatives \u00e0 l\u2019exercice du droit syndical et la pr\u00e9vention des conflits collectifs au travail\u00a0: La CSA\u00a0 demande leur retrait - La Sentinelle","og_description":"Regroupant 14 formations syndicales, la Conf\u00e9d\u00e9ration des syndicats autonomes (CSA)&nbsp; a demand\u00e9&nbsp; le retrait&nbsp; des projets de lois relatives \u00e0","og_url":"https:\/\/lasentinelle.dz\/index.php\/2023\/01\/21\/projets-de-lois-relatives-a-lexercice-du-droit-syndical-et-la-prevention-des-conflits-collectifs-au-travail-la-csa-demande-leur-retrait\/","og_site_name":"La Sentinelle","article_publisher":"https:\/\/www.facebook.com\/La-Sentinelle-104059864394773","article_published_time":"2023-01-21T21:05:00+00:00","og_image":[{"width":1352,"height":900,"url":"https:\/\/lasentinelle.dz\/wp-content\/uploads\/2023\/01\/Sans-titre-2-11.png","type":"image\/png"}],"author":"La Sentinelle","twitter_card":"summary_large_image","twitter_misc":{"\u00c9crit par":"La Sentinelle","Dur\u00e9e de lecture estim\u00e9e":"3 minutes"},"schema":{"@context":"https:\/\/schema.org","@graph":[{"@type":"Article","@id":"https:\/\/lasentinelle.dz\/index.php\/2023\/01\/21\/projets-de-lois-relatives-a-lexercice-du-droit-syndical-et-la-prevention-des-conflits-collectifs-au-travail-la-csa-demande-leur-retrait\/#article","isPartOf":{"@id":"https:\/\/lasentinelle.dz\/index.php\/2023\/01\/21\/projets-de-lois-relatives-a-lexercice-du-droit-syndical-et-la-prevention-des-conflits-collectifs-au-travail-la-csa-demande-leur-retrait\/"},"author":{"name":"La Sentinelle","@id":"https:\/\/lasentinelle.dz\/#\/schema\/person\/d865044e22e70a75174ce8bcad3acfb3"},"headline":"Projets de lois relatives \u00e0 l\u2019exercice du droit syndical et la pr\u00e9vention des conflits collectifs au travail\u00a0: La CSA\u00a0 demande leur retrait","datePublished":"2023-01-21T21:05:00+00:00","mainEntityOfPage":{"@id":"https:\/\/lasentinelle.dz\/index.php\/2023\/01\/21\/projets-de-lois-relatives-a-lexercice-du-droit-syndical-et-la-prevention-des-conflits-collectifs-au-travail-la-csa-demande-leur-retrait\/"},"wordCount":633,"commentCount":0,"publisher":{"@id":"https:\/\/lasentinelle.dz\/#organization"},"image":{"@id":"https:\/\/lasentinelle.dz\/index.php\/2023\/01\/21\/projets-de-lois-relatives-a-lexercice-du-droit-syndical-et-la-prevention-des-conflits-collectifs-au-travail-la-csa-demande-leur-retrait\/#primaryimage"},"thumbnailUrl":"https:\/\/lasentinelle.dz\/wp-content\/uploads\/2023\/01\/Sans-titre-2-11.png","articleSection":["Actualit\u00e9"],"inLanguage":"fr-FR","potentialAction":[{"@type":"CommentAction","name":"Comment","target":["https:\/\/lasentinelle.dz\/index.php\/2023\/01\/21\/projets-de-lois-relatives-a-lexercice-du-droit-syndical-et-la-prevention-des-conflits-collectifs-au-travail-la-csa-demande-leur-retrait\/#respond"]}]},{"@type":"WebPage","@id":"https:\/\/lasentinelle.dz\/index.php\/2023\/01\/21\/projets-de-lois-relatives-a-lexercice-du-droit-syndical-et-la-prevention-des-conflits-collectifs-au-travail-la-csa-demande-leur-retrait\/","url":"https:\/\/lasentinelle.dz\/index.php\/2023\/01\/21\/projets-de-lois-relatives-a-lexercice-du-droit-syndical-et-la-prevention-des-conflits-collectifs-au-travail-la-csa-demande-leur-retrait\/","name":"Projets de lois relatives \u00e0 l\u2019exercice du droit syndical et la pr\u00e9vention des conflits collectifs au travail\u00a0: La CSA\u00a0 demande leur retrait - La Sentinelle","isPartOf":{"@id":"https:\/\/lasentinelle.dz\/#website"},"primaryImageOfPage":{"@id":"https:\/\/lasentinelle.dz\/index.php\/2023\/01\/21\/projets-de-lois-relatives-a-lexercice-du-droit-syndical-et-la-prevention-des-conflits-collectifs-au-travail-la-csa-demande-leur-retrait\/#primaryimage"},"image":{"@id":"https:\/\/lasentinelle.dz\/index.php\/2023\/01\/21\/projets-de-lois-relatives-a-lexercice-du-droit-syndical-et-la-prevention-des-conflits-collectifs-au-travail-la-csa-demande-leur-retrait\/#primaryimage"},"thumbnailUrl":"https:\/\/lasentinelle.dz\/wp-content\/uploads\/2023\/01\/Sans-titre-2-11.png","datePublished":"2023-01-21T21:05:00+00:00","breadcrumb":{"@id":"https:\/\/lasentinelle.dz\/index.php\/2023\/01\/21\/projets-de-lois-relatives-a-lexercice-du-droit-syndical-et-la-prevention-des-conflits-collectifs-au-travail-la-csa-demande-leur-retrait\/#breadcrumb"},"inLanguage":"fr-FR","potentialAction":[{"@type":"ReadAction","target":["https:\/\/lasentinelle.dz\/index.php\/2023\/01\/21\/projets-de-lois-relatives-a-lexercice-du-droit-syndical-et-la-prevention-des-conflits-collectifs-au-travail-la-csa-demande-leur-retrait\/"]}]},{"@type":"ImageObject","inLanguage":"fr-FR","@id":"https:\/\/lasentinelle.dz\/index.php\/2023\/01\/21\/projets-de-lois-relatives-a-lexercice-du-droit-syndical-et-la-prevention-des-conflits-collectifs-au-travail-la-csa-demande-leur-retrait\/#primaryimage","url":"https:\/\/lasentinelle.dz\/wp-content\/uploads\/2023\/01\/Sans-titre-2-11.png","contentUrl":"https:\/\/lasentinelle.dz\/wp-content\/uploads\/2023\/01\/Sans-titre-2-11.png","width":1352,"height":900},{"@type":"BreadcrumbList","@id":"https:\/\/lasentinelle.dz\/index.php\/2023\/01\/21\/projets-de-lois-relatives-a-lexercice-du-droit-syndical-et-la-prevention-des-conflits-collectifs-au-travail-la-csa-demande-leur-retrait\/#breadcrumb","itemListElement":[{"@type":"ListItem","position":1,"name":"Accueil","item":"https:\/\/lasentinelle.dz\/"},{"@type":"ListItem","position":2,"name":"Projets de lois relatives \u00e0 l\u2019exercice du droit syndical et la pr\u00e9vention des conflits collectifs au travail\u00a0: La CSA\u00a0 demande leur retrait"}]},{"@type":"WebSite","@id":"https:\/\/lasentinelle.dz\/#website","url":"https:\/\/lasentinelle.dz\/","name":"La Sentinelle","description":"Quotidien national d&#039;information","publisher":{"@id":"https:\/\/lasentinelle.dz\/#organization"},"potentialAction":[{"@type":"SearchAction","target":{"@type":"EntryPoint","urlTemplate":"https:\/\/lasentinelle.dz\/?s={search_term_string}"},"query-input":{"@type":"PropertyValueSpecification","valueRequired":true,"valueName":"search_term_string"}}],"inLanguage":"fr-FR"},{"@type":"Organization","@id":"https:\/\/lasentinelle.dz\/#organization","name":"Quotidien La Sentinelle","url":"https:\/\/lasentinelle.dz\/","logo":{"@type":"ImageObject","inLanguage":"fr-FR","@id":"https:\/\/lasentinelle.dz\/#\/schema\/logo\/image\/","url":"https:\/\/lasentinelle.dz\/wp-content\/uploads\/2021\/09\/logo-sentinelleSLOGAN-1.png","contentUrl":"https:\/\/lasentinelle.dz\/wp-content\/uploads\/2021\/09\/logo-sentinelleSLOGAN-1.png","width":615,"height":142,"caption":"Quotidien La Sentinelle"},"image":{"@id":"https:\/\/lasentinelle.dz\/#\/schema\/logo\/image\/"},"sameAs":["https:\/\/www.facebook.com\/La-Sentinelle-104059864394773"]},{"@type":"Person","@id":"https:\/\/lasentinelle.dz\/#\/schema\/person\/d865044e22e70a75174ce8bcad3acfb3","name":"La Sentinelle","image":{"@type":"ImageObject","inLanguage":"fr-FR","@id":"https:\/\/secure.gravatar.com\/avatar\/57de8e5d4b15d43fb361a71fbb36338450fe67865b528a43dd10ef7c51a20392?s=96&d=mm&r=g","url":"https:\/\/secure.gravatar.com\/avatar\/57de8e5d4b15d43fb361a71fbb36338450fe67865b528a43dd10ef7c51a20392?s=96&d=mm&r=g","contentUrl":"https:\/\/secure.gravatar.com\/avatar\/57de8e5d4b15d43fb361a71fbb36338450fe67865b528a43dd10ef7c51a20392?s=96&d=mm&r=g","caption":"La Sentinelle"},"sameAs":["http:\/\/www.lasentinelle.dz"],"url":"https:\/\/lasentinelle.dz\/author\/redaction\/"}]}},"_links":{"self":[{"href":"https:\/\/lasentinelle.dz\/index.php\/wp-json\/wp\/v2\/posts\/34534","targetHints":{"allow":["GET"]}}],"collection":[{"href":"https:\/\/lasentinelle.dz\/index.php\/wp-json\/wp\/v2\/posts"}],"about":[{"href":"https:\/\/lasentinelle.dz\/index.php\/wp-json\/wp\/v2\/types\/post"}],"author":[{"embeddable":true,"href":"https:\/\/lasentinelle.dz\/index.php\/wp-json\/wp\/v2\/users\/3"}],"replies":[{"embeddable":true,"href":"https:\/\/lasentinelle.dz\/index.php\/wp-json\/wp\/v2\/comments?post=34534"}],"version-history":[{"count":2,"href":"https:\/\/lasentinelle.dz\/index.php\/wp-json\/wp\/v2\/posts\/34534\/revisions"}],"predecessor-version":[{"id":34576,"href":"https:\/\/lasentinelle.dz\/index.php\/wp-json\/wp\/v2\/posts\/34534\/revisions\/34576"}],"wp:featuredmedia":[{"embeddable":true,"href":"https:\/\/lasentinelle.dz\/index.php\/wp-json\/wp\/v2\/media\/34540"}],"wp:attachment":[{"href":"https:\/\/lasentinelle.dz\/index.php\/wp-json\/wp\/v2\/media?parent=34534"}],"wp:term":[{"taxonomy":"category","embeddable":true,"href":"https:\/\/lasentinelle.dz\/index.php\/wp-json\/wp\/v2\/categories?post=34534"},{"taxonomy":"post_tag","embeddable":true,"href":"https:\/\/lasentinelle.dz\/index.php\/wp-json\/wp\/v2\/tags?post=34534"}],"curies":[{"name":"wp","href":"https:\/\/api.w.org\/{rel}","templated":true}]}}