{"id":34538,"date":"2023-01-21T22:10:00","date_gmt":"2023-01-21T21:10:00","guid":{"rendered":"https:\/\/lasentinelle.dz\/?p=34538"},"modified":"2023-01-21T20:27:51","modified_gmt":"2023-01-21T19:27:51","slug":"salon-national-du-recrutement-carrefour-de-lemploi-le-marche-du-travail-a-lheure-du-digital","status":"publish","type":"post","link":"https:\/\/lasentinelle.dz\/index.php\/2023\/01\/21\/salon-national-du-recrutement-carrefour-de-lemploi-le-marche-du-travail-a-lheure-du-digital\/","title":{"rendered":"Salon national du recrutement\u00ab Carrefour de l\u2019emploi \u00bb\u00a0: Le march\u00e9 du travail \u00e0 l\u2019heure du digital"},"content":{"rendered":"\n<p>\u00ab L\u2019\u00e9conomie num\u00e9rique, surtout associ\u00e9e \u00e0 l\u2019IA, est un puissant vecteur de croissance, de productivit\u00e9 et de comp\u00e9titivit\u00e9 pour les entreprises. De par son caract\u00e8re transversal et ultra dynamique, elle n\u2019\u00e9pargne aucun secteur d\u2019activit\u00e9, et est \u00e0 l\u2019origine aujourd\u2019hui de la naissance de nouveaux secteurs innovants, tels que le e-commerce ou le e-learning \u00bb, estiment les organisateurs du salon Carrefour de l\u2019emploi.<\/p>\n\n\n\n<p>La 16\u00e8me \u00e9dition du Salon national du recrutement \u00ab Carrefour de l\u2019Emploi \u00bb se d\u00e9roulera du 26 au 28 janvier prochain au Palais de la Culture Moufdi Zakaria, \u00e0 Alger. Organis\u00e9e par l\u2019Agence 3C, sp\u00e9cialis\u00e9e en conseil, communication et \u00e9v\u00e8nementielet Emploi Partner, une entreprise experte du e-recrutement, cette importante manifestation se tiendra en simultan\u00e9 avec \u00ab Carrefour Formation \u00bb, sous le slogan&nbsp;: \u00ab La Digitalisation, un outil au service de la dynamique \u00e9conomique \u00bb. Partant du constat que la ressource humaine constitue la pierre angulaire dans le renforcement de l\u2019\u00e9conomie nationale et le d\u00e9veloppement de la comp\u00e9titivit\u00e9 et de la productivit\u00e9 de l\u2019entreprise alg\u00e9rienne, les organisateurs mettent le paquet sur le recrutement et la formation pour capter la mati\u00e8re grise \u00e0 la recherche de meilleurs horizons et permettre aux entreprises et aux groupes, tant publics que priv\u00e9s, d\u2019avoir une visibilit\u00e9 sur les meilleures offres disponibles sur le march\u00e9 de l\u2019emploi dans le pays. Et si les organisateurs ont opt\u00e9 pour la th\u00e9matique de la g\u00e9n\u00e9ralisation de l\u2019\u00e9conomie digitale et l\u2019introduction des outils de l\u2019intelligence artificielle (IA) au niveau des entreprises et des organismes de formation, c\u2019est par ce que le march\u00e9 de l\u2019emploi a fait sa mue. \u00ab L\u2019\u00e9conomie num\u00e9rique, surtout associ\u00e9e \u00e0 l\u2019IA, est un puissant vecteur de croissance, de productivit\u00e9 et de comp\u00e9titivit\u00e9 pour les entreprises. De par son caract\u00e8re transversal et ultra dynamique, elle n\u2019\u00e9pargne aucun secteur d\u2019activit\u00e9, et est \u00e0 l\u2019origine aujourd\u2019hui de la naissance de nouveaux secteurs innovants, tels que le e-commerce ou le e-learning \u00bb, estiment les organisateurs. Ces derniers rel\u00e8vent, qu\u2019apr\u00e8s deux ann\u00e9es de Covid-19, \u00ab l\u2019\u00e9conomie alg\u00e9rienne, comme partout ailleurs \u00e0 travers la plan\u00e8te, est entr\u00e9e dans un cycle de redressement confirm\u00e9e par un taux de croissance de 4,7% en 2022, entrainant une nouvelle dynamique du march\u00e9 de l\u2019emploi en Alg\u00e9rie \u00bb.&nbsp; Ils citent, entre autres, la mise en place d\u2019une nouvelle politique d\u2019investissement et le d\u00e9blocage de nombreux projets \u00e9conomiques par les pouvoirs publics qui sont de nature \u00e0 dynamiser le march\u00e9 de l\u2019emploi puisque les nouvelles entit\u00e9s \u00e9conomiques ont besoin d\u2019une main d\u2019\u0153uvre qualifi\u00e9e capable de les tirer vers le haut. De plus, de nombreux secteurs \u00e9conomiques \u00e9chappent \u00e0 la crise et cette bonne sant\u00e9 appara\u00eet dans les plans de recrutement diffus\u00e9s par les entreprises publiques et priv\u00e9es qui ont confirm\u00e9 leur participation au Salon national du recrutement et de la formation. \u00ab L\u2019\u00e9v\u00e8nement, qui constitue un des incontournables des activit\u00e9s de recrutement, mobilit\u00e9 professionnelle, formation en entreprise et cr\u00e9ation de start-ups, jouit d\u2019une grande popularit\u00e9 aupr\u00e8s des demandeurs d\u2019emploi, dont le nombre de visiteurs est en perp\u00e9tuelle croissance, d\u00e9passant aux derni\u00e8res \u00e9ditions le chiffre de 20 000 \u00e0 avoir sillonn\u00e9 les stands des entreprises \u00bb. Les deux salons qui seront organis\u00e9s conjointement dans des espaces mitoyens, se veulent \u00eatre un carrefour de rencontres entre les entreprises et les administrations en qu\u00eate de comp\u00e9tences et de nouvelles recrues, les \u00e9coles et les organismes de formation, ainsi que les institutions officielles des minist\u00e8res du Travail et de la Formation professionnelle, d\u2019une part, et les universitaires et cadres \u00e0 la recherche d\u2019un emploi, d\u2019un stage ou d\u2019informations pour cr\u00e9er leur entreprise, d\u2019autre part. les visiteurs, eux, auront droit\u00e0 des conf\u00e9rences, des ateliers et des tables-rondes dans le but d\u2019expliciter les dispositifs, les r\u00e8glements, la fiscalit\u00e9, la politique de l\u2019emploi, les carri\u00e8res, les m\u00e9tiers, les programmes de formation, r\u00e9daction de CV, le coaching, la simulation d\u2019entretiens d\u2019embauche et autres bilans des comp\u00e9tences.<\/p>\n\n\n\n<p><strong>Riad Lamara<\/strong><\/p>\n","protected":false},"excerpt":{"rendered":"<p>\u00ab L\u2019\u00e9conomie num\u00e9rique, surtout associ\u00e9e \u00e0 l\u2019IA, est un puissant vecteur de croissance, de productivit\u00e9 et de comp\u00e9titivit\u00e9 pour les<\/p>\n","protected":false},"author":3,"featured_media":34539,"comment_status":"open","ping_status":"closed","sticky":false,"template":"","format":"standard","meta":{"colormag_page_container_layout":"default_layout","colormag_page_sidebar_layout":"default_layout","om_disable_all_campaigns":false,"_monsterinsights_skip_tracking":false,"_monsterinsights_sitenote_active":false,"_monsterinsights_sitenote_note":"","_monsterinsights_sitenote_category":0,"footnotes":"","_wpscppro_dont_share_socialmedia":false,"_wpscppro_custom_social_share_image":0,"_facebook_share_type":"","_twitter_share_type":"","_linkedin_share_type":"","_pinterest_share_type":"","_linkedin_share_type_page":"","_instagram_share_type":"","_medium_share_type":"","_threads_share_type":"","_google_business_share_type":"","_selected_social_profile":[],"_wpsp_enable_custom_social_template":false,"_wpsp_social_scheduling":{"enabled":false,"datetime":null,"platforms":[],"status":"template_only","dateOption":"today","timeOption":"now","customDays":"","customHours":"","customDate":"","customTime":"","schedulingType":"absolute"},"_wpsp_active_default_template":true},"categories":[52,27],"tags":[],"class_list":["post-34538","post","type-post","status-publish","format-standard","has-post-thumbnail","hentry","category-a-la-une","category-actualite"],"aioseo_notices":[],"yoast_head":"<!-- This site is optimized with the Yoast SEO plugin v27.4 - https:\/\/yoast.com\/product\/yoast-seo-wordpress\/ -->\n<title>Salon national du recrutement\u00ab Carrefour de l\u2019emploi \u00bb\u00a0: Le march\u00e9 du travail \u00e0 l\u2019heure du digital - La Sentinelle<\/title>\n<meta name=\"robots\" content=\"index, follow, max-snippet:-1, max-image-preview:large, max-video-preview:-1\" \/>\n<link rel=\"canonical\" href=\"https:\/\/lasentinelle.dz\/index.php\/2023\/01\/21\/salon-national-du-recrutement-carrefour-de-lemploi-le-marche-du-travail-a-lheure-du-digital\/\" \/>\n<meta property=\"og:locale\" content=\"fr_FR\" \/>\n<meta property=\"og:type\" content=\"article\" \/>\n<meta property=\"og:title\" content=\"Salon national du recrutement\u00ab Carrefour de l\u2019emploi \u00bb\u00a0: Le march\u00e9 du travail \u00e0 l\u2019heure du digital - La Sentinelle\" \/>\n<meta property=\"og:description\" content=\"\u00ab L\u2019\u00e9conomie num\u00e9rique, surtout associ\u00e9e \u00e0 l\u2019IA, est un puissant vecteur de croissance, de productivit\u00e9 et de comp\u00e9titivit\u00e9 pour les\" \/>\n<meta property=\"og:url\" content=\"https:\/\/lasentinelle.dz\/index.php\/2023\/01\/21\/salon-national-du-recrutement-carrefour-de-lemploi-le-marche-du-travail-a-lheure-du-digital\/\" \/>\n<meta property=\"og:site_name\" content=\"La Sentinelle\" \/>\n<meta property=\"article:publisher\" content=\"https:\/\/www.facebook.com\/La-Sentinelle-104059864394773\" \/>\n<meta property=\"article:published_time\" content=\"2023-01-21T21:10:00+00:00\" \/>\n<meta property=\"og:image\" content=\"https:\/\/lasentinelle.dz\/wp-content\/uploads\/2023\/01\/Sans-titre-1-9.png\" \/>\n\t<meta property=\"og:image:width\" content=\"1607\" \/>\n\t<meta property=\"og:image:height\" content=\"900\" \/>\n\t<meta property=\"og:image:type\" content=\"image\/png\" \/>\n<meta name=\"author\" content=\"La Sentinelle\" \/>\n<meta name=\"twitter:card\" content=\"summary_large_image\" \/>\n<meta name=\"twitter:label1\" content=\"\u00c9crit par\" \/>\n\t<meta name=\"twitter:data1\" content=\"La Sentinelle\" \/>\n\t<meta name=\"twitter:label2\" content=\"Dur\u00e9e de lecture estim\u00e9e\" \/>\n\t<meta name=\"twitter:data2\" content=\"4 minutes\" \/>\n<script type=\"application\/ld+json\" class=\"yoast-schema-graph\">{\"@context\":\"https:\\\/\\\/schema.org\",\"@graph\":[{\"@type\":\"Article\",\"@id\":\"https:\\\/\\\/lasentinelle.dz\\\/index.php\\\/2023\\\/01\\\/21\\\/salon-national-du-recrutement-carrefour-de-lemploi-le-marche-du-travail-a-lheure-du-digital\\\/#article\",\"isPartOf\":{\"@id\":\"https:\\\/\\\/lasentinelle.dz\\\/index.php\\\/2023\\\/01\\\/21\\\/salon-national-du-recrutement-carrefour-de-lemploi-le-marche-du-travail-a-lheure-du-digital\\\/\"},\"author\":{\"name\":\"La Sentinelle\",\"@id\":\"https:\\\/\\\/lasentinelle.dz\\\/#\\\/schema\\\/person\\\/d865044e22e70a75174ce8bcad3acfb3\"},\"headline\":\"Salon national du recrutement\u00ab Carrefour de l\u2019emploi \u00bb\u00a0: Le march\u00e9 du travail \u00e0 l\u2019heure du digital\",\"datePublished\":\"2023-01-21T21:10:00+00:00\",\"mainEntityOfPage\":{\"@id\":\"https:\\\/\\\/lasentinelle.dz\\\/index.php\\\/2023\\\/01\\\/21\\\/salon-national-du-recrutement-carrefour-de-lemploi-le-marche-du-travail-a-lheure-du-digital\\\/\"},\"wordCount\":717,\"commentCount\":0,\"publisher\":{\"@id\":\"https:\\\/\\\/lasentinelle.dz\\\/#organization\"},\"image\":{\"@id\":\"https:\\\/\\\/lasentinelle.dz\\\/index.php\\\/2023\\\/01\\\/21\\\/salon-national-du-recrutement-carrefour-de-lemploi-le-marche-du-travail-a-lheure-du-digital\\\/#primaryimage\"},\"thumbnailUrl\":\"https:\\\/\\\/lasentinelle.dz\\\/wp-content\\\/uploads\\\/2023\\\/01\\\/Sans-titre-1-9.png\",\"articleSection\":[\"\u00c0 la Une\",\"Actualit\u00e9\"],\"inLanguage\":\"fr-FR\",\"potentialAction\":[{\"@type\":\"CommentAction\",\"name\":\"Comment\",\"target\":[\"https:\\\/\\\/lasentinelle.dz\\\/index.php\\\/2023\\\/01\\\/21\\\/salon-national-du-recrutement-carrefour-de-lemploi-le-marche-du-travail-a-lheure-du-digital\\\/#respond\"]}]},{\"@type\":\"WebPage\",\"@id\":\"https:\\\/\\\/lasentinelle.dz\\\/index.php\\\/2023\\\/01\\\/21\\\/salon-national-du-recrutement-carrefour-de-lemploi-le-marche-du-travail-a-lheure-du-digital\\\/\",\"url\":\"https:\\\/\\\/lasentinelle.dz\\\/index.php\\\/2023\\\/01\\\/21\\\/salon-national-du-recrutement-carrefour-de-lemploi-le-marche-du-travail-a-lheure-du-digital\\\/\",\"name\":\"Salon national du recrutement\u00ab Carrefour de l\u2019emploi \u00bb\u00a0: Le march\u00e9 du travail \u00e0 l\u2019heure du digital - La Sentinelle\",\"isPartOf\":{\"@id\":\"https:\\\/\\\/lasentinelle.dz\\\/#website\"},\"primaryImageOfPage\":{\"@id\":\"https:\\\/\\\/lasentinelle.dz\\\/index.php\\\/2023\\\/01\\\/21\\\/salon-national-du-recrutement-carrefour-de-lemploi-le-marche-du-travail-a-lheure-du-digital\\\/#primaryimage\"},\"image\":{\"@id\":\"https:\\\/\\\/lasentinelle.dz\\\/index.php\\\/2023\\\/01\\\/21\\\/salon-national-du-recrutement-carrefour-de-lemploi-le-marche-du-travail-a-lheure-du-digital\\\/#primaryimage\"},\"thumbnailUrl\":\"https:\\\/\\\/lasentinelle.dz\\\/wp-content\\\/uploads\\\/2023\\\/01\\\/Sans-titre-1-9.png\",\"datePublished\":\"2023-01-21T21:10:00+00:00\",\"breadcrumb\":{\"@id\":\"https:\\\/\\\/lasentinelle.dz\\\/index.php\\\/2023\\\/01\\\/21\\\/salon-national-du-recrutement-carrefour-de-lemploi-le-marche-du-travail-a-lheure-du-digital\\\/#breadcrumb\"},\"inLanguage\":\"fr-FR\",\"potentialAction\":[{\"@type\":\"ReadAction\",\"target\":[\"https:\\\/\\\/lasentinelle.dz\\\/index.php\\\/2023\\\/01\\\/21\\\/salon-national-du-recrutement-carrefour-de-lemploi-le-marche-du-travail-a-lheure-du-digital\\\/\"]}]},{\"@type\":\"ImageObject\",\"inLanguage\":\"fr-FR\",\"@id\":\"https:\\\/\\\/lasentinelle.dz\\\/index.php\\\/2023\\\/01\\\/21\\\/salon-national-du-recrutement-carrefour-de-lemploi-le-marche-du-travail-a-lheure-du-digital\\\/#primaryimage\",\"url\":\"https:\\\/\\\/lasentinelle.dz\\\/wp-content\\\/uploads\\\/2023\\\/01\\\/Sans-titre-1-9.png\",\"contentUrl\":\"https:\\\/\\\/lasentinelle.dz\\\/wp-content\\\/uploads\\\/2023\\\/01\\\/Sans-titre-1-9.png\",\"width\":1607,\"height\":900},{\"@type\":\"BreadcrumbList\",\"@id\":\"https:\\\/\\\/lasentinelle.dz\\\/index.php\\\/2023\\\/01\\\/21\\\/salon-national-du-recrutement-carrefour-de-lemploi-le-marche-du-travail-a-lheure-du-digital\\\/#breadcrumb\",\"itemListElement\":[{\"@type\":\"ListItem\",\"position\":1,\"name\":\"Accueil\",\"item\":\"https:\\\/\\\/lasentinelle.dz\\\/\"},{\"@type\":\"ListItem\",\"position\":2,\"name\":\"Salon national du recrutement\u00ab Carrefour de l\u2019emploi \u00bb\u00a0: Le march\u00e9 du travail \u00e0 l\u2019heure du digital\"}]},{\"@type\":\"WebSite\",\"@id\":\"https:\\\/\\\/lasentinelle.dz\\\/#website\",\"url\":\"https:\\\/\\\/lasentinelle.dz\\\/\",\"name\":\"La Sentinelle\",\"description\":\"Quotidien national d&#039;information\",\"publisher\":{\"@id\":\"https:\\\/\\\/lasentinelle.dz\\\/#organization\"},\"potentialAction\":[{\"@type\":\"SearchAction\",\"target\":{\"@type\":\"EntryPoint\",\"urlTemplate\":\"https:\\\/\\\/lasentinelle.dz\\\/?s={search_term_string}\"},\"query-input\":{\"@type\":\"PropertyValueSpecification\",\"valueRequired\":true,\"valueName\":\"search_term_string\"}}],\"inLanguage\":\"fr-FR\"},{\"@type\":\"Organization\",\"@id\":\"https:\\\/\\\/lasentinelle.dz\\\/#organization\",\"name\":\"Quotidien La Sentinelle\",\"url\":\"https:\\\/\\\/lasentinelle.dz\\\/\",\"logo\":{\"@type\":\"ImageObject\",\"inLanguage\":\"fr-FR\",\"@id\":\"https:\\\/\\\/lasentinelle.dz\\\/#\\\/schema\\\/logo\\\/image\\\/\",\"url\":\"https:\\\/\\\/lasentinelle.dz\\\/wp-content\\\/uploads\\\/2021\\\/09\\\/logo-sentinelleSLOGAN-1.png\",\"contentUrl\":\"https:\\\/\\\/lasentinelle.dz\\\/wp-content\\\/uploads\\\/2021\\\/09\\\/logo-sentinelleSLOGAN-1.png\",\"width\":615,\"height\":142,\"caption\":\"Quotidien La Sentinelle\"},\"image\":{\"@id\":\"https:\\\/\\\/lasentinelle.dz\\\/#\\\/schema\\\/logo\\\/image\\\/\"},\"sameAs\":[\"https:\\\/\\\/www.facebook.com\\\/La-Sentinelle-104059864394773\"]},{\"@type\":\"Person\",\"@id\":\"https:\\\/\\\/lasentinelle.dz\\\/#\\\/schema\\\/person\\\/d865044e22e70a75174ce8bcad3acfb3\",\"name\":\"La Sentinelle\",\"image\":{\"@type\":\"ImageObject\",\"inLanguage\":\"fr-FR\",\"@id\":\"https:\\\/\\\/secure.gravatar.com\\\/avatar\\\/57de8e5d4b15d43fb361a71fbb36338450fe67865b528a43dd10ef7c51a20392?s=96&d=mm&r=g\",\"url\":\"https:\\\/\\\/secure.gravatar.com\\\/avatar\\\/57de8e5d4b15d43fb361a71fbb36338450fe67865b528a43dd10ef7c51a20392?s=96&d=mm&r=g\",\"contentUrl\":\"https:\\\/\\\/secure.gravatar.com\\\/avatar\\\/57de8e5d4b15d43fb361a71fbb36338450fe67865b528a43dd10ef7c51a20392?s=96&d=mm&r=g\",\"caption\":\"La Sentinelle\"},\"sameAs\":[\"http:\\\/\\\/www.lasentinelle.dz\"],\"url\":\"https:\\\/\\\/lasentinelle.dz\\\/author\\\/redaction\\\/\"}]}<\/script>\n<!-- \/ Yoast SEO plugin. -->","yoast_head_json":{"title":"Salon national du recrutement\u00ab Carrefour de l\u2019emploi \u00bb\u00a0: Le march\u00e9 du travail \u00e0 l\u2019heure du digital - La Sentinelle","robots":{"index":"index","follow":"follow","max-snippet":"max-snippet:-1","max-image-preview":"max-image-preview:large","max-video-preview":"max-video-preview:-1"},"canonical":"https:\/\/lasentinelle.dz\/index.php\/2023\/01\/21\/salon-national-du-recrutement-carrefour-de-lemploi-le-marche-du-travail-a-lheure-du-digital\/","og_locale":"fr_FR","og_type":"article","og_title":"Salon national du recrutement\u00ab Carrefour de l\u2019emploi \u00bb\u00a0: Le march\u00e9 du travail \u00e0 l\u2019heure du digital - La Sentinelle","og_description":"\u00ab L\u2019\u00e9conomie num\u00e9rique, surtout associ\u00e9e \u00e0 l\u2019IA, est un puissant vecteur de croissance, de productivit\u00e9 et de comp\u00e9titivit\u00e9 pour les","og_url":"https:\/\/lasentinelle.dz\/index.php\/2023\/01\/21\/salon-national-du-recrutement-carrefour-de-lemploi-le-marche-du-travail-a-lheure-du-digital\/","og_site_name":"La Sentinelle","article_publisher":"https:\/\/www.facebook.com\/La-Sentinelle-104059864394773","article_published_time":"2023-01-21T21:10:00+00:00","og_image":[{"width":1607,"height":900,"url":"https:\/\/lasentinelle.dz\/wp-content\/uploads\/2023\/01\/Sans-titre-1-9.png","type":"image\/png"}],"author":"La Sentinelle","twitter_card":"summary_large_image","twitter_misc":{"\u00c9crit par":"La Sentinelle","Dur\u00e9e de lecture estim\u00e9e":"4 minutes"},"schema":{"@context":"https:\/\/schema.org","@graph":[{"@type":"Article","@id":"https:\/\/lasentinelle.dz\/index.php\/2023\/01\/21\/salon-national-du-recrutement-carrefour-de-lemploi-le-marche-du-travail-a-lheure-du-digital\/#article","isPartOf":{"@id":"https:\/\/lasentinelle.dz\/index.php\/2023\/01\/21\/salon-national-du-recrutement-carrefour-de-lemploi-le-marche-du-travail-a-lheure-du-digital\/"},"author":{"name":"La Sentinelle","@id":"https:\/\/lasentinelle.dz\/#\/schema\/person\/d865044e22e70a75174ce8bcad3acfb3"},"headline":"Salon national du recrutement\u00ab Carrefour de l\u2019emploi \u00bb\u00a0: Le march\u00e9 du travail \u00e0 l\u2019heure du digital","datePublished":"2023-01-21T21:10:00+00:00","mainEntityOfPage":{"@id":"https:\/\/lasentinelle.dz\/index.php\/2023\/01\/21\/salon-national-du-recrutement-carrefour-de-lemploi-le-marche-du-travail-a-lheure-du-digital\/"},"wordCount":717,"commentCount":0,"publisher":{"@id":"https:\/\/lasentinelle.dz\/#organization"},"image":{"@id":"https:\/\/lasentinelle.dz\/index.php\/2023\/01\/21\/salon-national-du-recrutement-carrefour-de-lemploi-le-marche-du-travail-a-lheure-du-digital\/#primaryimage"},"thumbnailUrl":"https:\/\/lasentinelle.dz\/wp-content\/uploads\/2023\/01\/Sans-titre-1-9.png","articleSection":["\u00c0 la Une","Actualit\u00e9"],"inLanguage":"fr-FR","potentialAction":[{"@type":"CommentAction","name":"Comment","target":["https:\/\/lasentinelle.dz\/index.php\/2023\/01\/21\/salon-national-du-recrutement-carrefour-de-lemploi-le-marche-du-travail-a-lheure-du-digital\/#respond"]}]},{"@type":"WebPage","@id":"https:\/\/lasentinelle.dz\/index.php\/2023\/01\/21\/salon-national-du-recrutement-carrefour-de-lemploi-le-marche-du-travail-a-lheure-du-digital\/","url":"https:\/\/lasentinelle.dz\/index.php\/2023\/01\/21\/salon-national-du-recrutement-carrefour-de-lemploi-le-marche-du-travail-a-lheure-du-digital\/","name":"Salon national du recrutement\u00ab Carrefour de l\u2019emploi \u00bb\u00a0: Le march\u00e9 du travail \u00e0 l\u2019heure du digital - La Sentinelle","isPartOf":{"@id":"https:\/\/lasentinelle.dz\/#website"},"primaryImageOfPage":{"@id":"https:\/\/lasentinelle.dz\/index.php\/2023\/01\/21\/salon-national-du-recrutement-carrefour-de-lemploi-le-marche-du-travail-a-lheure-du-digital\/#primaryimage"},"image":{"@id":"https:\/\/lasentinelle.dz\/index.php\/2023\/01\/21\/salon-national-du-recrutement-carrefour-de-lemploi-le-marche-du-travail-a-lheure-du-digital\/#primaryimage"},"thumbnailUrl":"https:\/\/lasentinelle.dz\/wp-content\/uploads\/2023\/01\/Sans-titre-1-9.png","datePublished":"2023-01-21T21:10:00+00:00","breadcrumb":{"@id":"https:\/\/lasentinelle.dz\/index.php\/2023\/01\/21\/salon-national-du-recrutement-carrefour-de-lemploi-le-marche-du-travail-a-lheure-du-digital\/#breadcrumb"},"inLanguage":"fr-FR","potentialAction":[{"@type":"ReadAction","target":["https:\/\/lasentinelle.dz\/index.php\/2023\/01\/21\/salon-national-du-recrutement-carrefour-de-lemploi-le-marche-du-travail-a-lheure-du-digital\/"]}]},{"@type":"ImageObject","inLanguage":"fr-FR","@id":"https:\/\/lasentinelle.dz\/index.php\/2023\/01\/21\/salon-national-du-recrutement-carrefour-de-lemploi-le-marche-du-travail-a-lheure-du-digital\/#primaryimage","url":"https:\/\/lasentinelle.dz\/wp-content\/uploads\/2023\/01\/Sans-titre-1-9.png","contentUrl":"https:\/\/lasentinelle.dz\/wp-content\/uploads\/2023\/01\/Sans-titre-1-9.png","width":1607,"height":900},{"@type":"BreadcrumbList","@id":"https:\/\/lasentinelle.dz\/index.php\/2023\/01\/21\/salon-national-du-recrutement-carrefour-de-lemploi-le-marche-du-travail-a-lheure-du-digital\/#breadcrumb","itemListElement":[{"@type":"ListItem","position":1,"name":"Accueil","item":"https:\/\/lasentinelle.dz\/"},{"@type":"ListItem","position":2,"name":"Salon national du recrutement\u00ab Carrefour de l\u2019emploi \u00bb\u00a0: Le march\u00e9 du travail \u00e0 l\u2019heure du digital"}]},{"@type":"WebSite","@id":"https:\/\/lasentinelle.dz\/#website","url":"https:\/\/lasentinelle.dz\/","name":"La Sentinelle","description":"Quotidien national d&#039;information","publisher":{"@id":"https:\/\/lasentinelle.dz\/#organization"},"potentialAction":[{"@type":"SearchAction","target":{"@type":"EntryPoint","urlTemplate":"https:\/\/lasentinelle.dz\/?s={search_term_string}"},"query-input":{"@type":"PropertyValueSpecification","valueRequired":true,"valueName":"search_term_string"}}],"inLanguage":"fr-FR"},{"@type":"Organization","@id":"https:\/\/lasentinelle.dz\/#organization","name":"Quotidien La Sentinelle","url":"https:\/\/lasentinelle.dz\/","logo":{"@type":"ImageObject","inLanguage":"fr-FR","@id":"https:\/\/lasentinelle.dz\/#\/schema\/logo\/image\/","url":"https:\/\/lasentinelle.dz\/wp-content\/uploads\/2021\/09\/logo-sentinelleSLOGAN-1.png","contentUrl":"https:\/\/lasentinelle.dz\/wp-content\/uploads\/2021\/09\/logo-sentinelleSLOGAN-1.png","width":615,"height":142,"caption":"Quotidien La Sentinelle"},"image":{"@id":"https:\/\/lasentinelle.dz\/#\/schema\/logo\/image\/"},"sameAs":["https:\/\/www.facebook.com\/La-Sentinelle-104059864394773"]},{"@type":"Person","@id":"https:\/\/lasentinelle.dz\/#\/schema\/person\/d865044e22e70a75174ce8bcad3acfb3","name":"La Sentinelle","image":{"@type":"ImageObject","inLanguage":"fr-FR","@id":"https:\/\/secure.gravatar.com\/avatar\/57de8e5d4b15d43fb361a71fbb36338450fe67865b528a43dd10ef7c51a20392?s=96&d=mm&r=g","url":"https:\/\/secure.gravatar.com\/avatar\/57de8e5d4b15d43fb361a71fbb36338450fe67865b528a43dd10ef7c51a20392?s=96&d=mm&r=g","contentUrl":"https:\/\/secure.gravatar.com\/avatar\/57de8e5d4b15d43fb361a71fbb36338450fe67865b528a43dd10ef7c51a20392?s=96&d=mm&r=g","caption":"La Sentinelle"},"sameAs":["http:\/\/www.lasentinelle.dz"],"url":"https:\/\/lasentinelle.dz\/author\/redaction\/"}]}},"_links":{"self":[{"href":"https:\/\/lasentinelle.dz\/index.php\/wp-json\/wp\/v2\/posts\/34538","targetHints":{"allow":["GET"]}}],"collection":[{"href":"https:\/\/lasentinelle.dz\/index.php\/wp-json\/wp\/v2\/posts"}],"about":[{"href":"https:\/\/lasentinelle.dz\/index.php\/wp-json\/wp\/v2\/types\/post"}],"author":[{"embeddable":true,"href":"https:\/\/lasentinelle.dz\/index.php\/wp-json\/wp\/v2\/users\/3"}],"replies":[{"embeddable":true,"href":"https:\/\/lasentinelle.dz\/index.php\/wp-json\/wp\/v2\/comments?post=34538"}],"version-history":[{"count":2,"href":"https:\/\/lasentinelle.dz\/index.php\/wp-json\/wp\/v2\/posts\/34538\/revisions"}],"predecessor-version":[{"id":34575,"href":"https:\/\/lasentinelle.dz\/index.php\/wp-json\/wp\/v2\/posts\/34538\/revisions\/34575"}],"wp:featuredmedia":[{"embeddable":true,"href":"https:\/\/lasentinelle.dz\/index.php\/wp-json\/wp\/v2\/media\/34539"}],"wp:attachment":[{"href":"https:\/\/lasentinelle.dz\/index.php\/wp-json\/wp\/v2\/media?parent=34538"}],"wp:term":[{"taxonomy":"category","embeddable":true,"href":"https:\/\/lasentinelle.dz\/index.php\/wp-json\/wp\/v2\/categories?post=34538"},{"taxonomy":"post_tag","embeddable":true,"href":"https:\/\/lasentinelle.dz\/index.php\/wp-json\/wp\/v2\/tags?post=34538"}],"curies":[{"name":"wp","href":"https:\/\/api.w.org\/{rel}","templated":true}]}}