{"id":34547,"date":"2023-01-21T22:05:00","date_gmt":"2023-01-21T21:05:00","guid":{"rendered":"https:\/\/lasentinelle.dz\/?p=34547"},"modified":"2023-01-21T20:28:33","modified_gmt":"2023-01-21T19:28:33","slug":"visite-de-la-secretaire-detat-adjointe-us-michele-sison-en-algerie-washington-reitere-son-soutien-a-reglement-onusien-de-la-question-sahraouie","status":"publish","type":"post","link":"https:\/\/lasentinelle.dz\/index.php\/2023\/01\/21\/visite-de-la-secretaire-detat-adjointe-us-michele-sison-en-algerie-washington-reitere-son-soutien-a-reglement-onusien-de-la-question-sahraouie\/","title":{"rendered":"Visite de la Secr\u00e9taire d\u2019\u00c9tat adjointe US, Michele Sison, en Alg\u00e9rie\u00a0: Washington r\u00e9it\u00e8re son soutien \u00e0 un r\u00e8glement onusien de la question sahraouie"},"content":{"rendered":"\n<p>Le ministre des Affaires \u00e9trang\u00e8res et de la Communaut\u00e9 nationale \u00e0 l\u2019\u00e9tranger, Ramtane Lamamra a re\u00e7u hier la secr\u00e9taire d&rsquo;\u00c9tat adjointe aux affaires des organisations internationales, Michele Sison qui effectue depuis hier une visite de travail en Alg\u00e9rie. Lors de ces entretiens, les deux diplomates ont pass\u00e9 en revue les relations bilat\u00e9rales alg\u00e9ro-am\u00e9ricaines ainsi que les voies et moyens de consolider le dialogue strat\u00e9gique et \u00e9conomique entre l\u2019Alg\u00e9rie et les Etats-Unis. Les deux parties ont \u00e9galement \u00e9voqu\u00e9 les derniers d\u00e9veloppements sur les sc\u00e8nes r\u00e9gionale et internationale, ainsi que les questions li\u00e9es au multilat\u00e9ralisme. Notons que le d\u00e9partement d\u2019\u00c9tat US a annonc\u00e9 cette visite qui a pour objectif de mener des discussions sur \u00ab&nbsp;lespriorit\u00e9s multilat\u00e9rales communes au sein du syst\u00e8me des Nations unies, notamment de l&rsquo;importance des droits de l&rsquo;homme&nbsp;\u00bb alors l&rsquo;Alg\u00e9rie a rejoint le Conseil des droits de l&rsquo;homme des Nations unies. Selon le d\u00e9partement d\u2019\u00c9tat US, Michele Sison rencontrera au cours de sa visite de hauts responsables gouvernementaux, des repr\u00e9sentants de l&rsquo;ONU et des dirigeants de la soci\u00e9t\u00e9 civile. \u00ab&nbsp;Lors de ses r\u00e9unions, la secr\u00e9taire adjointe soulignera le soutien des Etats-Unis aux efforts de la MINURSO et de l&rsquo;Envoy\u00e9 personnel du Secr\u00e9taire g\u00e9n\u00e9ral des Nations Unies au Sahara occidental, Staffan de Mistura&nbsp;\u00bb, dans le cadre du r\u00e8glement onusien du conflit au Sahara occidental.<\/p>\n\n\n\n<p><strong>Hocine Fadheli<\/strong><\/p>\n","protected":false},"excerpt":{"rendered":"<p>Le ministre des Affaires \u00e9trang\u00e8res et de la Communaut\u00e9 nationale \u00e0 l\u2019\u00e9tranger, Ramtane Lamamra a re\u00e7u hier la secr\u00e9taire d&rsquo;\u00c9tat<\/p>\n","protected":false},"author":3,"featured_media":34549,"comment_status":"open","ping_status":"closed","sticky":false,"template":"","format":"standard","meta":{"colormag_page_container_layout":"default_layout","colormag_page_sidebar_layout":"default_layout","om_disable_all_campaigns":false,"_monsterinsights_skip_tracking":false,"_monsterinsights_sitenote_active":false,"_monsterinsights_sitenote_note":"","_monsterinsights_sitenote_category":0,"footnotes":"","_wpscppro_dont_share_socialmedia":false,"_wpscppro_custom_social_share_image":0,"_facebook_share_type":"","_twitter_share_type":"","_linkedin_share_type":"","_pinterest_share_type":"","_linkedin_share_type_page":"","_instagram_share_type":"","_medium_share_type":"","_threads_share_type":"","_google_business_share_type":"","_selected_social_profile":[],"_wpsp_enable_custom_social_template":false,"_wpsp_social_scheduling":{"enabled":false,"datetime":null,"platforms":[],"status":"template_only","dateOption":"today","timeOption":"now","customDays":"","customHours":"","customDate":"","customTime":"","schedulingType":"absolute"},"_wpsp_active_default_template":true},"categories":[27],"tags":[],"class_list":["post-34547","post","type-post","status-publish","format-standard","has-post-thumbnail","hentry","category-actualite"],"aioseo_notices":[],"yoast_head":"<!-- This site is optimized with the Yoast SEO plugin v27.5 - https:\/\/yoast.com\/product\/yoast-seo-wordpress\/ -->\n<title>Visite de la Secr\u00e9taire d\u2019\u00c9tat adjointe US, Michele Sison, en Alg\u00e9rie\u00a0: Washington r\u00e9it\u00e8re son soutien \u00e0 un r\u00e8glement onusien de la question sahraouie - La Sentinelle<\/title>\n<meta name=\"robots\" content=\"index, follow, max-snippet:-1, max-image-preview:large, max-video-preview:-1\" \/>\n<link rel=\"canonical\" href=\"https:\/\/lasentinelle.dz\/index.php\/2023\/01\/21\/visite-de-la-secretaire-detat-adjointe-us-michele-sison-en-algerie-washington-reitere-son-soutien-a-reglement-onusien-de-la-question-sahraouie\/\" \/>\n<meta property=\"og:locale\" content=\"fr_FR\" \/>\n<meta property=\"og:type\" content=\"article\" \/>\n<meta property=\"og:title\" content=\"Visite de la Secr\u00e9taire d\u2019\u00c9tat adjointe US, Michele Sison, en Alg\u00e9rie\u00a0: Washington r\u00e9it\u00e8re son soutien \u00e0 un r\u00e8glement onusien de la question sahraouie - La Sentinelle\" \/>\n<meta property=\"og:description\" content=\"Le ministre des Affaires \u00e9trang\u00e8res et de la Communaut\u00e9 nationale \u00e0 l\u2019\u00e9tranger, Ramtane Lamamra a re\u00e7u hier la secr\u00e9taire d&rsquo;\u00c9tat\" \/>\n<meta property=\"og:url\" content=\"https:\/\/lasentinelle.dz\/index.php\/2023\/01\/21\/visite-de-la-secretaire-detat-adjointe-us-michele-sison-en-algerie-washington-reitere-son-soutien-a-reglement-onusien-de-la-question-sahraouie\/\" \/>\n<meta property=\"og:site_name\" content=\"La Sentinelle\" \/>\n<meta property=\"article:publisher\" content=\"https:\/\/www.facebook.com\/La-Sentinelle-104059864394773\" \/>\n<meta property=\"article:published_time\" content=\"2023-01-21T21:05:00+00:00\" \/>\n<meta property=\"og:image\" content=\"https:\/\/lasentinelle.dz\/wp-content\/uploads\/2023\/01\/Sans-titre-3-11.png\" \/>\n\t<meta property=\"og:image:width\" content=\"1539\" \/>\n\t<meta property=\"og:image:height\" content=\"900\" \/>\n\t<meta property=\"og:image:type\" content=\"image\/png\" \/>\n<meta name=\"author\" content=\"La Sentinelle\" \/>\n<meta name=\"twitter:card\" content=\"summary_large_image\" \/>\n<meta name=\"twitter:label1\" content=\"\u00c9crit par\" \/>\n\t<meta name=\"twitter:data1\" content=\"La Sentinelle\" \/>\n\t<meta name=\"twitter:label2\" content=\"Dur\u00e9e de lecture estim\u00e9e\" \/>\n\t<meta name=\"twitter:data2\" content=\"2 minutes\" \/>\n<script type=\"application\/ld+json\" class=\"yoast-schema-graph\">{\"@context\":\"https:\\\/\\\/schema.org\",\"@graph\":[{\"@type\":\"Article\",\"@id\":\"https:\\\/\\\/lasentinelle.dz\\\/index.php\\\/2023\\\/01\\\/21\\\/visite-de-la-secretaire-detat-adjointe-us-michele-sison-en-algerie-washington-reitere-son-soutien-a-reglement-onusien-de-la-question-sahraouie\\\/#article\",\"isPartOf\":{\"@id\":\"https:\\\/\\\/lasentinelle.dz\\\/index.php\\\/2023\\\/01\\\/21\\\/visite-de-la-secretaire-detat-adjointe-us-michele-sison-en-algerie-washington-reitere-son-soutien-a-reglement-onusien-de-la-question-sahraouie\\\/\"},\"author\":{\"name\":\"La Sentinelle\",\"@id\":\"https:\\\/\\\/lasentinelle.dz\\\/#\\\/schema\\\/person\\\/d865044e22e70a75174ce8bcad3acfb3\"},\"headline\":\"Visite de la Secr\u00e9taire d\u2019\u00c9tat adjointe US, Michele Sison, en Alg\u00e9rie\u00a0: Washington r\u00e9it\u00e8re son soutien \u00e0 un r\u00e8glement onusien de la question sahraouie\",\"datePublished\":\"2023-01-21T21:05:00+00:00\",\"mainEntityOfPage\":{\"@id\":\"https:\\\/\\\/lasentinelle.dz\\\/index.php\\\/2023\\\/01\\\/21\\\/visite-de-la-secretaire-detat-adjointe-us-michele-sison-en-algerie-washington-reitere-son-soutien-a-reglement-onusien-de-la-question-sahraouie\\\/\"},\"wordCount\":286,\"commentCount\":0,\"publisher\":{\"@id\":\"https:\\\/\\\/lasentinelle.dz\\\/#organization\"},\"image\":{\"@id\":\"https:\\\/\\\/lasentinelle.dz\\\/index.php\\\/2023\\\/01\\\/21\\\/visite-de-la-secretaire-detat-adjointe-us-michele-sison-en-algerie-washington-reitere-son-soutien-a-reglement-onusien-de-la-question-sahraouie\\\/#primaryimage\"},\"thumbnailUrl\":\"https:\\\/\\\/lasentinelle.dz\\\/wp-content\\\/uploads\\\/2023\\\/01\\\/Sans-titre-3-11.png\",\"articleSection\":[\"Actualit\u00e9\"],\"inLanguage\":\"fr-FR\",\"potentialAction\":[{\"@type\":\"CommentAction\",\"name\":\"Comment\",\"target\":[\"https:\\\/\\\/lasentinelle.dz\\\/index.php\\\/2023\\\/01\\\/21\\\/visite-de-la-secretaire-detat-adjointe-us-michele-sison-en-algerie-washington-reitere-son-soutien-a-reglement-onusien-de-la-question-sahraouie\\\/#respond\"]}]},{\"@type\":\"WebPage\",\"@id\":\"https:\\\/\\\/lasentinelle.dz\\\/index.php\\\/2023\\\/01\\\/21\\\/visite-de-la-secretaire-detat-adjointe-us-michele-sison-en-algerie-washington-reitere-son-soutien-a-reglement-onusien-de-la-question-sahraouie\\\/\",\"url\":\"https:\\\/\\\/lasentinelle.dz\\\/index.php\\\/2023\\\/01\\\/21\\\/visite-de-la-secretaire-detat-adjointe-us-michele-sison-en-algerie-washington-reitere-son-soutien-a-reglement-onusien-de-la-question-sahraouie\\\/\",\"name\":\"Visite de la Secr\u00e9taire d\u2019\u00c9tat adjointe US, Michele Sison, en Alg\u00e9rie\u00a0: Washington r\u00e9it\u00e8re son soutien \u00e0 un r\u00e8glement onusien de la question sahraouie - La Sentinelle\",\"isPartOf\":{\"@id\":\"https:\\\/\\\/lasentinelle.dz\\\/#website\"},\"primaryImageOfPage\":{\"@id\":\"https:\\\/\\\/lasentinelle.dz\\\/index.php\\\/2023\\\/01\\\/21\\\/visite-de-la-secretaire-detat-adjointe-us-michele-sison-en-algerie-washington-reitere-son-soutien-a-reglement-onusien-de-la-question-sahraouie\\\/#primaryimage\"},\"image\":{\"@id\":\"https:\\\/\\\/lasentinelle.dz\\\/index.php\\\/2023\\\/01\\\/21\\\/visite-de-la-secretaire-detat-adjointe-us-michele-sison-en-algerie-washington-reitere-son-soutien-a-reglement-onusien-de-la-question-sahraouie\\\/#primaryimage\"},\"thumbnailUrl\":\"https:\\\/\\\/lasentinelle.dz\\\/wp-content\\\/uploads\\\/2023\\\/01\\\/Sans-titre-3-11.png\",\"datePublished\":\"2023-01-21T21:05:00+00:00\",\"breadcrumb\":{\"@id\":\"https:\\\/\\\/lasentinelle.dz\\\/index.php\\\/2023\\\/01\\\/21\\\/visite-de-la-secretaire-detat-adjointe-us-michele-sison-en-algerie-washington-reitere-son-soutien-a-reglement-onusien-de-la-question-sahraouie\\\/#breadcrumb\"},\"inLanguage\":\"fr-FR\",\"potentialAction\":[{\"@type\":\"ReadAction\",\"target\":[\"https:\\\/\\\/lasentinelle.dz\\\/index.php\\\/2023\\\/01\\\/21\\\/visite-de-la-secretaire-detat-adjointe-us-michele-sison-en-algerie-washington-reitere-son-soutien-a-reglement-onusien-de-la-question-sahraouie\\\/\"]}]},{\"@type\":\"ImageObject\",\"inLanguage\":\"fr-FR\",\"@id\":\"https:\\\/\\\/lasentinelle.dz\\\/index.php\\\/2023\\\/01\\\/21\\\/visite-de-la-secretaire-detat-adjointe-us-michele-sison-en-algerie-washington-reitere-son-soutien-a-reglement-onusien-de-la-question-sahraouie\\\/#primaryimage\",\"url\":\"https:\\\/\\\/lasentinelle.dz\\\/wp-content\\\/uploads\\\/2023\\\/01\\\/Sans-titre-3-11.png\",\"contentUrl\":\"https:\\\/\\\/lasentinelle.dz\\\/wp-content\\\/uploads\\\/2023\\\/01\\\/Sans-titre-3-11.png\",\"width\":1539,\"height\":900},{\"@type\":\"BreadcrumbList\",\"@id\":\"https:\\\/\\\/lasentinelle.dz\\\/index.php\\\/2023\\\/01\\\/21\\\/visite-de-la-secretaire-detat-adjointe-us-michele-sison-en-algerie-washington-reitere-son-soutien-a-reglement-onusien-de-la-question-sahraouie\\\/#breadcrumb\",\"itemListElement\":[{\"@type\":\"ListItem\",\"position\":1,\"name\":\"Accueil\",\"item\":\"https:\\\/\\\/lasentinelle.dz\\\/\"},{\"@type\":\"ListItem\",\"position\":2,\"name\":\"Visite de la Secr\u00e9taire d\u2019\u00c9tat adjointe US, Michele Sison, en Alg\u00e9rie\u00a0: Washington r\u00e9it\u00e8re son soutien \u00e0 un r\u00e8glement onusien de la question sahraouie\"}]},{\"@type\":\"WebSite\",\"@id\":\"https:\\\/\\\/lasentinelle.dz\\\/#website\",\"url\":\"https:\\\/\\\/lasentinelle.dz\\\/\",\"name\":\"La Sentinelle\",\"description\":\"Quotidien national d&#039;information\",\"publisher\":{\"@id\":\"https:\\\/\\\/lasentinelle.dz\\\/#organization\"},\"potentialAction\":[{\"@type\":\"SearchAction\",\"target\":{\"@type\":\"EntryPoint\",\"urlTemplate\":\"https:\\\/\\\/lasentinelle.dz\\\/?s={search_term_string}\"},\"query-input\":{\"@type\":\"PropertyValueSpecification\",\"valueRequired\":true,\"valueName\":\"search_term_string\"}}],\"inLanguage\":\"fr-FR\"},{\"@type\":\"Organization\",\"@id\":\"https:\\\/\\\/lasentinelle.dz\\\/#organization\",\"name\":\"Quotidien La Sentinelle\",\"url\":\"https:\\\/\\\/lasentinelle.dz\\\/\",\"logo\":{\"@type\":\"ImageObject\",\"inLanguage\":\"fr-FR\",\"@id\":\"https:\\\/\\\/lasentinelle.dz\\\/#\\\/schema\\\/logo\\\/image\\\/\",\"url\":\"https:\\\/\\\/lasentinelle.dz\\\/wp-content\\\/uploads\\\/2021\\\/09\\\/logo-sentinelleSLOGAN-1.png\",\"contentUrl\":\"https:\\\/\\\/lasentinelle.dz\\\/wp-content\\\/uploads\\\/2021\\\/09\\\/logo-sentinelleSLOGAN-1.png\",\"width\":615,\"height\":142,\"caption\":\"Quotidien La Sentinelle\"},\"image\":{\"@id\":\"https:\\\/\\\/lasentinelle.dz\\\/#\\\/schema\\\/logo\\\/image\\\/\"},\"sameAs\":[\"https:\\\/\\\/www.facebook.com\\\/La-Sentinelle-104059864394773\"]},{\"@type\":\"Person\",\"@id\":\"https:\\\/\\\/lasentinelle.dz\\\/#\\\/schema\\\/person\\\/d865044e22e70a75174ce8bcad3acfb3\",\"name\":\"La Sentinelle\",\"image\":{\"@type\":\"ImageObject\",\"inLanguage\":\"fr-FR\",\"@id\":\"https:\\\/\\\/secure.gravatar.com\\\/avatar\\\/57de8e5d4b15d43fb361a71fbb36338450fe67865b528a43dd10ef7c51a20392?s=96&d=mm&r=g\",\"url\":\"https:\\\/\\\/secure.gravatar.com\\\/avatar\\\/57de8e5d4b15d43fb361a71fbb36338450fe67865b528a43dd10ef7c51a20392?s=96&d=mm&r=g\",\"contentUrl\":\"https:\\\/\\\/secure.gravatar.com\\\/avatar\\\/57de8e5d4b15d43fb361a71fbb36338450fe67865b528a43dd10ef7c51a20392?s=96&d=mm&r=g\",\"caption\":\"La Sentinelle\"},\"sameAs\":[\"http:\\\/\\\/www.lasentinelle.dz\"],\"url\":\"https:\\\/\\\/lasentinelle.dz\\\/author\\\/redaction\\\/\"}]}<\/script>\n<!-- \/ Yoast SEO plugin. -->","yoast_head_json":{"title":"Visite de la Secr\u00e9taire d\u2019\u00c9tat adjointe US, Michele Sison, en Alg\u00e9rie\u00a0: Washington r\u00e9it\u00e8re son soutien \u00e0 un r\u00e8glement onusien de la question sahraouie - La Sentinelle","robots":{"index":"index","follow":"follow","max-snippet":"max-snippet:-1","max-image-preview":"max-image-preview:large","max-video-preview":"max-video-preview:-1"},"canonical":"https:\/\/lasentinelle.dz\/index.php\/2023\/01\/21\/visite-de-la-secretaire-detat-adjointe-us-michele-sison-en-algerie-washington-reitere-son-soutien-a-reglement-onusien-de-la-question-sahraouie\/","og_locale":"fr_FR","og_type":"article","og_title":"Visite de la Secr\u00e9taire d\u2019\u00c9tat adjointe US, Michele Sison, en Alg\u00e9rie\u00a0: Washington r\u00e9it\u00e8re son soutien \u00e0 un r\u00e8glement onusien de la question sahraouie - La Sentinelle","og_description":"Le ministre des Affaires \u00e9trang\u00e8res et de la Communaut\u00e9 nationale \u00e0 l\u2019\u00e9tranger, Ramtane Lamamra a re\u00e7u hier la secr\u00e9taire d&rsquo;\u00c9tat","og_url":"https:\/\/lasentinelle.dz\/index.php\/2023\/01\/21\/visite-de-la-secretaire-detat-adjointe-us-michele-sison-en-algerie-washington-reitere-son-soutien-a-reglement-onusien-de-la-question-sahraouie\/","og_site_name":"La Sentinelle","article_publisher":"https:\/\/www.facebook.com\/La-Sentinelle-104059864394773","article_published_time":"2023-01-21T21:05:00+00:00","og_image":[{"width":1539,"height":900,"url":"https:\/\/lasentinelle.dz\/wp-content\/uploads\/2023\/01\/Sans-titre-3-11.png","type":"image\/png"}],"author":"La Sentinelle","twitter_card":"summary_large_image","twitter_misc":{"\u00c9crit par":"La Sentinelle","Dur\u00e9e de lecture estim\u00e9e":"2 minutes"},"schema":{"@context":"https:\/\/schema.org","@graph":[{"@type":"Article","@id":"https:\/\/lasentinelle.dz\/index.php\/2023\/01\/21\/visite-de-la-secretaire-detat-adjointe-us-michele-sison-en-algerie-washington-reitere-son-soutien-a-reglement-onusien-de-la-question-sahraouie\/#article","isPartOf":{"@id":"https:\/\/lasentinelle.dz\/index.php\/2023\/01\/21\/visite-de-la-secretaire-detat-adjointe-us-michele-sison-en-algerie-washington-reitere-son-soutien-a-reglement-onusien-de-la-question-sahraouie\/"},"author":{"name":"La Sentinelle","@id":"https:\/\/lasentinelle.dz\/#\/schema\/person\/d865044e22e70a75174ce8bcad3acfb3"},"headline":"Visite de la Secr\u00e9taire d\u2019\u00c9tat adjointe US, Michele Sison, en Alg\u00e9rie\u00a0: Washington r\u00e9it\u00e8re son soutien \u00e0 un r\u00e8glement onusien de la question sahraouie","datePublished":"2023-01-21T21:05:00+00:00","mainEntityOfPage":{"@id":"https:\/\/lasentinelle.dz\/index.php\/2023\/01\/21\/visite-de-la-secretaire-detat-adjointe-us-michele-sison-en-algerie-washington-reitere-son-soutien-a-reglement-onusien-de-la-question-sahraouie\/"},"wordCount":286,"commentCount":0,"publisher":{"@id":"https:\/\/lasentinelle.dz\/#organization"},"image":{"@id":"https:\/\/lasentinelle.dz\/index.php\/2023\/01\/21\/visite-de-la-secretaire-detat-adjointe-us-michele-sison-en-algerie-washington-reitere-son-soutien-a-reglement-onusien-de-la-question-sahraouie\/#primaryimage"},"thumbnailUrl":"https:\/\/lasentinelle.dz\/wp-content\/uploads\/2023\/01\/Sans-titre-3-11.png","articleSection":["Actualit\u00e9"],"inLanguage":"fr-FR","potentialAction":[{"@type":"CommentAction","name":"Comment","target":["https:\/\/lasentinelle.dz\/index.php\/2023\/01\/21\/visite-de-la-secretaire-detat-adjointe-us-michele-sison-en-algerie-washington-reitere-son-soutien-a-reglement-onusien-de-la-question-sahraouie\/#respond"]}]},{"@type":"WebPage","@id":"https:\/\/lasentinelle.dz\/index.php\/2023\/01\/21\/visite-de-la-secretaire-detat-adjointe-us-michele-sison-en-algerie-washington-reitere-son-soutien-a-reglement-onusien-de-la-question-sahraouie\/","url":"https:\/\/lasentinelle.dz\/index.php\/2023\/01\/21\/visite-de-la-secretaire-detat-adjointe-us-michele-sison-en-algerie-washington-reitere-son-soutien-a-reglement-onusien-de-la-question-sahraouie\/","name":"Visite de la Secr\u00e9taire d\u2019\u00c9tat adjointe US, Michele Sison, en Alg\u00e9rie\u00a0: Washington r\u00e9it\u00e8re son soutien \u00e0 un r\u00e8glement onusien de la question sahraouie - La Sentinelle","isPartOf":{"@id":"https:\/\/lasentinelle.dz\/#website"},"primaryImageOfPage":{"@id":"https:\/\/lasentinelle.dz\/index.php\/2023\/01\/21\/visite-de-la-secretaire-detat-adjointe-us-michele-sison-en-algerie-washington-reitere-son-soutien-a-reglement-onusien-de-la-question-sahraouie\/#primaryimage"},"image":{"@id":"https:\/\/lasentinelle.dz\/index.php\/2023\/01\/21\/visite-de-la-secretaire-detat-adjointe-us-michele-sison-en-algerie-washington-reitere-son-soutien-a-reglement-onusien-de-la-question-sahraouie\/#primaryimage"},"thumbnailUrl":"https:\/\/lasentinelle.dz\/wp-content\/uploads\/2023\/01\/Sans-titre-3-11.png","datePublished":"2023-01-21T21:05:00+00:00","breadcrumb":{"@id":"https:\/\/lasentinelle.dz\/index.php\/2023\/01\/21\/visite-de-la-secretaire-detat-adjointe-us-michele-sison-en-algerie-washington-reitere-son-soutien-a-reglement-onusien-de-la-question-sahraouie\/#breadcrumb"},"inLanguage":"fr-FR","potentialAction":[{"@type":"ReadAction","target":["https:\/\/lasentinelle.dz\/index.php\/2023\/01\/21\/visite-de-la-secretaire-detat-adjointe-us-michele-sison-en-algerie-washington-reitere-son-soutien-a-reglement-onusien-de-la-question-sahraouie\/"]}]},{"@type":"ImageObject","inLanguage":"fr-FR","@id":"https:\/\/lasentinelle.dz\/index.php\/2023\/01\/21\/visite-de-la-secretaire-detat-adjointe-us-michele-sison-en-algerie-washington-reitere-son-soutien-a-reglement-onusien-de-la-question-sahraouie\/#primaryimage","url":"https:\/\/lasentinelle.dz\/wp-content\/uploads\/2023\/01\/Sans-titre-3-11.png","contentUrl":"https:\/\/lasentinelle.dz\/wp-content\/uploads\/2023\/01\/Sans-titre-3-11.png","width":1539,"height":900},{"@type":"BreadcrumbList","@id":"https:\/\/lasentinelle.dz\/index.php\/2023\/01\/21\/visite-de-la-secretaire-detat-adjointe-us-michele-sison-en-algerie-washington-reitere-son-soutien-a-reglement-onusien-de-la-question-sahraouie\/#breadcrumb","itemListElement":[{"@type":"ListItem","position":1,"name":"Accueil","item":"https:\/\/lasentinelle.dz\/"},{"@type":"ListItem","position":2,"name":"Visite de la Secr\u00e9taire d\u2019\u00c9tat adjointe US, Michele Sison, en Alg\u00e9rie\u00a0: Washington r\u00e9it\u00e8re son soutien \u00e0 un r\u00e8glement onusien de la question sahraouie"}]},{"@type":"WebSite","@id":"https:\/\/lasentinelle.dz\/#website","url":"https:\/\/lasentinelle.dz\/","name":"La Sentinelle","description":"Quotidien national d&#039;information","publisher":{"@id":"https:\/\/lasentinelle.dz\/#organization"},"potentialAction":[{"@type":"SearchAction","target":{"@type":"EntryPoint","urlTemplate":"https:\/\/lasentinelle.dz\/?s={search_term_string}"},"query-input":{"@type":"PropertyValueSpecification","valueRequired":true,"valueName":"search_term_string"}}],"inLanguage":"fr-FR"},{"@type":"Organization","@id":"https:\/\/lasentinelle.dz\/#organization","name":"Quotidien La Sentinelle","url":"https:\/\/lasentinelle.dz\/","logo":{"@type":"ImageObject","inLanguage":"fr-FR","@id":"https:\/\/lasentinelle.dz\/#\/schema\/logo\/image\/","url":"https:\/\/lasentinelle.dz\/wp-content\/uploads\/2021\/09\/logo-sentinelleSLOGAN-1.png","contentUrl":"https:\/\/lasentinelle.dz\/wp-content\/uploads\/2021\/09\/logo-sentinelleSLOGAN-1.png","width":615,"height":142,"caption":"Quotidien La Sentinelle"},"image":{"@id":"https:\/\/lasentinelle.dz\/#\/schema\/logo\/image\/"},"sameAs":["https:\/\/www.facebook.com\/La-Sentinelle-104059864394773"]},{"@type":"Person","@id":"https:\/\/lasentinelle.dz\/#\/schema\/person\/d865044e22e70a75174ce8bcad3acfb3","name":"La Sentinelle","image":{"@type":"ImageObject","inLanguage":"fr-FR","@id":"https:\/\/secure.gravatar.com\/avatar\/57de8e5d4b15d43fb361a71fbb36338450fe67865b528a43dd10ef7c51a20392?s=96&d=mm&r=g","url":"https:\/\/secure.gravatar.com\/avatar\/57de8e5d4b15d43fb361a71fbb36338450fe67865b528a43dd10ef7c51a20392?s=96&d=mm&r=g","contentUrl":"https:\/\/secure.gravatar.com\/avatar\/57de8e5d4b15d43fb361a71fbb36338450fe67865b528a43dd10ef7c51a20392?s=96&d=mm&r=g","caption":"La Sentinelle"},"sameAs":["http:\/\/www.lasentinelle.dz"],"url":"https:\/\/lasentinelle.dz\/author\/redaction\/"}]}},"_links":{"self":[{"href":"https:\/\/lasentinelle.dz\/index.php\/wp-json\/wp\/v2\/posts\/34547","targetHints":{"allow":["GET"]}}],"collection":[{"href":"https:\/\/lasentinelle.dz\/index.php\/wp-json\/wp\/v2\/posts"}],"about":[{"href":"https:\/\/lasentinelle.dz\/index.php\/wp-json\/wp\/v2\/types\/post"}],"author":[{"embeddable":true,"href":"https:\/\/lasentinelle.dz\/index.php\/wp-json\/wp\/v2\/users\/3"}],"replies":[{"embeddable":true,"href":"https:\/\/lasentinelle.dz\/index.php\/wp-json\/wp\/v2\/comments?post=34547"}],"version-history":[{"count":2,"href":"https:\/\/lasentinelle.dz\/index.php\/wp-json\/wp\/v2\/posts\/34547\/revisions"}],"predecessor-version":[{"id":34577,"href":"https:\/\/lasentinelle.dz\/index.php\/wp-json\/wp\/v2\/posts\/34547\/revisions\/34577"}],"wp:featuredmedia":[{"embeddable":true,"href":"https:\/\/lasentinelle.dz\/index.php\/wp-json\/wp\/v2\/media\/34549"}],"wp:attachment":[{"href":"https:\/\/lasentinelle.dz\/index.php\/wp-json\/wp\/v2\/media?parent=34547"}],"wp:term":[{"taxonomy":"category","embeddable":true,"href":"https:\/\/lasentinelle.dz\/index.php\/wp-json\/wp\/v2\/categories?post=34547"},{"taxonomy":"post_tag","embeddable":true,"href":"https:\/\/lasentinelle.dz\/index.php\/wp-json\/wp\/v2\/tags?post=34547"}],"curies":[{"name":"wp","href":"https:\/\/api.w.org\/{rel}","templated":true}]}}