{"id":34558,"date":"2023-01-21T22:17:00","date_gmt":"2023-01-21T21:17:00","guid":{"rendered":"https:\/\/lasentinelle.dz\/?p=34558"},"modified":"2023-01-21T20:26:45","modified_gmt":"2023-01-21T19:26:45","slug":"le-president-tebboune-aux-walis-liberez-vous-de-la-centralisation","status":"publish","type":"post","link":"https:\/\/lasentinelle.dz\/index.php\/2023\/01\/21\/le-president-tebboune-aux-walis-liberez-vous-de-la-centralisation\/","title":{"rendered":"Le Pr\u00e9sident Tebboune aux Walis\u00a0: Lib\u00e9rez-vous de la centralisation\u00a0!"},"content":{"rendered":"\n<p>Port\u00e9 en 2019 au firmament du pouvoir par la jeunesse et la soci\u00e9t\u00e9 civile, le Pr\u00e9sident de la R\u00e9publique, Abdelmadjid Tebboune mise sur ses deux alli\u00e9s et exhorte les walis \u00e0 \u0153uvrer en tandem avec ces deux acteurs dans la prise de d\u00e9cisions.<\/p>\n\n\n\n<p>Sans attaches partisanes, Tebboune insiste \u00e0 rendre \u00ab incontournables \u00bb l\u2019Observatoire de la soci\u00e9t\u00e9 civile et le Haut conseil de la jeunesse. Mais au-del\u00e0 de cette vision de reconfiguration de la sc\u00e8ne politique et pleinement satisfait par les r\u00e9sultats obtenus par ce qu\u2019il d\u00e9signe de \u00ab cheville ouvri\u00e8re \u00bb, le Pr\u00e9sident Tebboune accorde son quitus aux walis. Le chef de l\u2019Etat somme cependant les repr\u00e9sentants locaux de l\u2019Ex\u00e9cutif de pers\u00e9v\u00e9rer et d\u2019user de plus d\u2019audace dans leurs t\u00e2ches. Il les incite \u00e0 plus d\u2019initiatives afin de contribuer \u00e0 l\u2019essor \u00e9conomique et permettre le d\u00e9veloppement de leur wilaya qui doivent se d\u00e9faire des pratiques bureaucratiques et s\u2019affranchir du pouvoir central. Pour Abdelmadjid Tebboune la phase de d\u00e9centralisation a d\u00e9but\u00e9 et doit porter ses fruits et am\u00e9liorer les conditions de vie du citoyen.<\/p>\n\n\n\n<p>En somme c\u2019est un bilan positif qui se d\u00e9gage au terme de deux r\u00e9unions Gouvernement-walis. D\u2019ailleurs, le pr\u00e9sident de la R\u00e9publique n\u2019a pas cach\u00e9 sa satisfaction lors de la troisi\u00e8me rencontre Gouvernement-walis qui a eu lieu jeudi pass\u00e9 au Palais des Nation. Annon\u00e7ant les changements que subiront les nouveaux Codes des communes et des wilayas, Tebboune a tenu \u00e0 faire l\u2019\u00e9loge des walis en \u00e9num\u00e9rant les r\u00e9sultats obtenus notamment en mati\u00e8re de cr\u00e9ation d\u2019emploi estim\u00e9e \u00e0 quelque 52.000 postes r\u00e9alis\u00e9e en 2022 ainsi que l\u2019aide \u00e0 la naissance de pr\u00e8s de 700 micro entreprises.&nbsp;<\/p>\n\n\n\n<p><strong>Des fonctionnaires \u00e0 l\u2019abri des abus<\/strong><\/p>\n\n\n\n<p>Conscient des craintes des responsables locaux et de leur \u00ab phobie \u00bb de quelconques poursuites judiciaires,&nbsp; Tebboune qui a exhort\u00e9 les walis \u00e0 maintenir la dynamique nationale a tenu \u00e0 rassurer les cadres de la nation et leur rappelle que les nouvelles proc\u00e9dures mettent les fonctionnaires \u00e0 l\u2019abri des abus et de la vindicte en chargeant les services centraux de l\u2019\u00e9laboration des enqu\u00eates judiciaires. \u00ab Le wali est le seul responsable local. Hormis les questions relevant de la D\u00e9fense nationale et la strat\u00e9gie p\u00e9dagogique, tout est du seul ressort du wali qui est habilit\u00e9 \u00e0 d\u00e9cider. Le wali est le chef du gouvernement \u00e0 l\u2019\u00e9chelle locale \u00bb dira-t-il. Il insiste cependant sur l\u2019am\u00e9lioration des conditions de vie du citoyen qui est \u00ab une priorit\u00e9 \u00bb ainsi qu\u2019\u00e0 \u00ab la pr\u00e9servation de l\u2019\u00e9conomie nationale et la r\u00e9ussite \u00bb tout en mettant en garde contre les abus d\u2019autoritarisme. \u00ab L\u2019autorit\u00e9, oui, l\u2019autoritarisme, non ! \u00bb expliqua-t-il. Dans son discours d\u2019ouverture, Tebboune fixe les priorit\u00e9s \u00e9conomiques notamment la r\u00e9duction de l\u2019importation. Il rappellera que la facture des importations avait atteint les 63 milliards de dollars. La maitrise des importations a permis de r\u00e9duire la facture \u00e0 36 milliards de dollars promettant d\u2019\u0153uvrer \u00e0 la r\u00e9duction des importations, notamment celles relevant du superflu. Le chef de l\u2019Etat rassure cependant en s\u2019engageant \u00e0 ne pas priver le citoyen de produits de premi\u00e8re n\u00e9cessit\u00e9. A propos des exportations, Tebboune se r\u00e9jouit des chiffres r\u00e9alis\u00e9s en 2021 o\u00f9 un peu plus de 5 milliards de dollars ont \u00e9t\u00e9 engrang\u00e9s gr\u00e2ce \u00e0 l\u2019exportation hors hydrocarbures et quelque 7 milliards de dollars en 2022. Il promet que 2023 sera une ann\u00e9e plus faste et permettra une hausse des exportations \u00e0 pr\u00e8s 31 %.<\/p>\n\n\n\n<p><strong>\u00ab L\u2019Alg\u00e9rie ne s\u2019effondrera pas \u00bb<\/strong><\/p>\n\n\n\n<p>\u00ab L\u2019Alg\u00e9rie ne s\u2019effondrera pas \u00bb paraphrase-t-il ceux qui misent sur la d\u00e9b\u00e2cle. La derni\u00e8re sortie m\u00e9diatique pr\u00e9monitoire de l\u2019ex ambassadeur fran\u00e7ais en Alg\u00e9rie Xavier Driencourt a non seulement manqu\u00e9 de tact vis-\u00e0-vis d\u2019un pays h\u00f4te souverain mais a d\u00e9montr\u00e9 l\u2019hostilit\u00e9 d\u2019une frange de Fran\u00e7ais adepte du chao. Pour cela Tebboune use de la langue des chiffres qui eux semblent r\u00e9jouissants et contredisent les toutes les pr\u00e9monitions puisque \u00ab les r\u00e9serves de change ont d\u00e9pass\u00e9 les 63 milliards de dollars \u00bb, \u00ab ce qui permettra un r\u00e9pit de deux ann\u00e9es \u00e0 l\u2019Alg\u00e9rie en termes d\u2019importations. En termes de d\u00e9veloppement, Tebboune annonce que la croissance annuelle a atteint les 4,1% et pr\u00e9voit son \u00e9volution \u00e0 plus de 5% en 2023. S\u2019agissant d\u2019inflation que l\u2019Etat compte r\u00e9duire, le pr\u00e9sident de la R\u00e9publique estime que celle-ci a \u00e9t\u00e9 contenue \u00e0 plus ou moins 9% en d\u00e9pit de la crise \u00e9conomique mondiale. Il a \u00e9galement rappel\u00e9 que l&rsquo;ann\u00e9e en cours verra le lancement de la premi\u00e8re usine alg\u00e9rienne de production de sucre, et la premi\u00e8re production nationale de l&rsquo;huile de table (100% alg\u00e9rienne) \u00ab\u00a0sous la protection de l&rsquo;Etat et de la loi\u00a0\u00bb.<\/p>\n\n\n\n<p>Abordant la hausse des salaires consentie aux fonctionnaires, Tebboune assure que les \u00ab salaires des fonctionnaires atteindra d\u2019ici la fin 2024 les 47% \u00bb.<\/p>\n\n\n\n<p><strong>Azzedine Belferag<\/strong><\/p>\n","protected":false},"excerpt":{"rendered":"<p>Port\u00e9 en 2019 au firmament du pouvoir par la jeunesse et la soci\u00e9t\u00e9 civile, le Pr\u00e9sident de la R\u00e9publique, Abdelmadjid<\/p>\n","protected":false},"author":3,"featured_media":34563,"comment_status":"open","ping_status":"closed","sticky":false,"template":"","format":"standard","meta":{"colormag_page_container_layout":"default_layout","colormag_page_sidebar_layout":"default_layout","om_disable_all_campaigns":false,"_monsterinsights_skip_tracking":false,"_monsterinsights_sitenote_active":false,"_monsterinsights_sitenote_note":"","_monsterinsights_sitenote_category":0,"footnotes":"","_wpscppro_dont_share_socialmedia":false,"_wpscppro_custom_social_share_image":0,"_facebook_share_type":"","_twitter_share_type":"","_linkedin_share_type":"","_pinterest_share_type":"","_linkedin_share_type_page":"","_instagram_share_type":"","_medium_share_type":"","_threads_share_type":"","_google_business_share_type":"","_selected_social_profile":[],"_wpsp_enable_custom_social_template":false,"_wpsp_social_scheduling":{"enabled":false,"datetime":null,"platforms":[],"status":"template_only","dateOption":"today","timeOption":"now","customDays":"","customHours":"","customDate":"","customTime":"","schedulingType":"absolute"},"_wpsp_active_default_template":true},"categories":[52,27],"tags":[],"class_list":["post-34558","post","type-post","status-publish","format-standard","has-post-thumbnail","hentry","category-a-la-une","category-actualite"],"aioseo_notices":[],"yoast_head":"<!-- This site is optimized with the Yoast SEO plugin v27.5 - https:\/\/yoast.com\/product\/yoast-seo-wordpress\/ -->\n<title>Le Pr\u00e9sident Tebboune aux Walis\u00a0: Lib\u00e9rez-vous de la centralisation\u00a0! - La Sentinelle<\/title>\n<meta name=\"robots\" content=\"index, follow, max-snippet:-1, max-image-preview:large, max-video-preview:-1\" \/>\n<link rel=\"canonical\" href=\"https:\/\/lasentinelle.dz\/index.php\/2023\/01\/21\/le-president-tebboune-aux-walis-liberez-vous-de-la-centralisation\/\" \/>\n<meta property=\"og:locale\" content=\"fr_FR\" \/>\n<meta property=\"og:type\" content=\"article\" \/>\n<meta property=\"og:title\" content=\"Le Pr\u00e9sident Tebboune aux Walis\u00a0: Lib\u00e9rez-vous de la centralisation\u00a0! - La Sentinelle\" \/>\n<meta property=\"og:description\" content=\"Port\u00e9 en 2019 au firmament du pouvoir par la jeunesse et la soci\u00e9t\u00e9 civile, le Pr\u00e9sident de la R\u00e9publique, Abdelmadjid\" \/>\n<meta property=\"og:url\" content=\"https:\/\/lasentinelle.dz\/index.php\/2023\/01\/21\/le-president-tebboune-aux-walis-liberez-vous-de-la-centralisation\/\" \/>\n<meta property=\"og:site_name\" content=\"La Sentinelle\" \/>\n<meta property=\"article:publisher\" content=\"https:\/\/www.facebook.com\/La-Sentinelle-104059864394773\" \/>\n<meta property=\"article:published_time\" content=\"2023-01-21T21:17:00+00:00\" \/>\n<meta property=\"og:image\" content=\"https:\/\/lasentinelle.dz\/wp-content\/uploads\/2023\/01\/tebboune-4.png\" \/>\n\t<meta property=\"og:image:width\" content=\"1350\" \/>\n\t<meta property=\"og:image:height\" content=\"900\" \/>\n\t<meta property=\"og:image:type\" content=\"image\/png\" \/>\n<meta name=\"author\" content=\"La Sentinelle\" \/>\n<meta name=\"twitter:card\" content=\"summary_large_image\" \/>\n<meta name=\"twitter:label1\" content=\"\u00c9crit par\" \/>\n\t<meta name=\"twitter:data1\" content=\"La Sentinelle\" \/>\n\t<meta name=\"twitter:label2\" content=\"Dur\u00e9e de lecture estim\u00e9e\" \/>\n\t<meta name=\"twitter:data2\" content=\"4 minutes\" \/>\n<script type=\"application\/ld+json\" class=\"yoast-schema-graph\">{\"@context\":\"https:\\\/\\\/schema.org\",\"@graph\":[{\"@type\":\"Article\",\"@id\":\"https:\\\/\\\/lasentinelle.dz\\\/index.php\\\/2023\\\/01\\\/21\\\/le-president-tebboune-aux-walis-liberez-vous-de-la-centralisation\\\/#article\",\"isPartOf\":{\"@id\":\"https:\\\/\\\/lasentinelle.dz\\\/index.php\\\/2023\\\/01\\\/21\\\/le-president-tebboune-aux-walis-liberez-vous-de-la-centralisation\\\/\"},\"author\":{\"name\":\"La Sentinelle\",\"@id\":\"https:\\\/\\\/lasentinelle.dz\\\/#\\\/schema\\\/person\\\/d865044e22e70a75174ce8bcad3acfb3\"},\"headline\":\"Le Pr\u00e9sident Tebboune aux Walis\u00a0: Lib\u00e9rez-vous de la centralisation\u00a0!\",\"datePublished\":\"2023-01-21T21:17:00+00:00\",\"mainEntityOfPage\":{\"@id\":\"https:\\\/\\\/lasentinelle.dz\\\/index.php\\\/2023\\\/01\\\/21\\\/le-president-tebboune-aux-walis-liberez-vous-de-la-centralisation\\\/\"},\"wordCount\":860,\"commentCount\":0,\"publisher\":{\"@id\":\"https:\\\/\\\/lasentinelle.dz\\\/#organization\"},\"image\":{\"@id\":\"https:\\\/\\\/lasentinelle.dz\\\/index.php\\\/2023\\\/01\\\/21\\\/le-president-tebboune-aux-walis-liberez-vous-de-la-centralisation\\\/#primaryimage\"},\"thumbnailUrl\":\"https:\\\/\\\/lasentinelle.dz\\\/wp-content\\\/uploads\\\/2023\\\/01\\\/tebboune-4.png\",\"articleSection\":[\"\u00c0 la Une\",\"Actualit\u00e9\"],\"inLanguage\":\"fr-FR\",\"potentialAction\":[{\"@type\":\"CommentAction\",\"name\":\"Comment\",\"target\":[\"https:\\\/\\\/lasentinelle.dz\\\/index.php\\\/2023\\\/01\\\/21\\\/le-president-tebboune-aux-walis-liberez-vous-de-la-centralisation\\\/#respond\"]}]},{\"@type\":\"WebPage\",\"@id\":\"https:\\\/\\\/lasentinelle.dz\\\/index.php\\\/2023\\\/01\\\/21\\\/le-president-tebboune-aux-walis-liberez-vous-de-la-centralisation\\\/\",\"url\":\"https:\\\/\\\/lasentinelle.dz\\\/index.php\\\/2023\\\/01\\\/21\\\/le-president-tebboune-aux-walis-liberez-vous-de-la-centralisation\\\/\",\"name\":\"Le Pr\u00e9sident Tebboune aux Walis\u00a0: Lib\u00e9rez-vous de la centralisation\u00a0! - La Sentinelle\",\"isPartOf\":{\"@id\":\"https:\\\/\\\/lasentinelle.dz\\\/#website\"},\"primaryImageOfPage\":{\"@id\":\"https:\\\/\\\/lasentinelle.dz\\\/index.php\\\/2023\\\/01\\\/21\\\/le-president-tebboune-aux-walis-liberez-vous-de-la-centralisation\\\/#primaryimage\"},\"image\":{\"@id\":\"https:\\\/\\\/lasentinelle.dz\\\/index.php\\\/2023\\\/01\\\/21\\\/le-president-tebboune-aux-walis-liberez-vous-de-la-centralisation\\\/#primaryimage\"},\"thumbnailUrl\":\"https:\\\/\\\/lasentinelle.dz\\\/wp-content\\\/uploads\\\/2023\\\/01\\\/tebboune-4.png\",\"datePublished\":\"2023-01-21T21:17:00+00:00\",\"breadcrumb\":{\"@id\":\"https:\\\/\\\/lasentinelle.dz\\\/index.php\\\/2023\\\/01\\\/21\\\/le-president-tebboune-aux-walis-liberez-vous-de-la-centralisation\\\/#breadcrumb\"},\"inLanguage\":\"fr-FR\",\"potentialAction\":[{\"@type\":\"ReadAction\",\"target\":[\"https:\\\/\\\/lasentinelle.dz\\\/index.php\\\/2023\\\/01\\\/21\\\/le-president-tebboune-aux-walis-liberez-vous-de-la-centralisation\\\/\"]}]},{\"@type\":\"ImageObject\",\"inLanguage\":\"fr-FR\",\"@id\":\"https:\\\/\\\/lasentinelle.dz\\\/index.php\\\/2023\\\/01\\\/21\\\/le-president-tebboune-aux-walis-liberez-vous-de-la-centralisation\\\/#primaryimage\",\"url\":\"https:\\\/\\\/lasentinelle.dz\\\/wp-content\\\/uploads\\\/2023\\\/01\\\/tebboune-4.png\",\"contentUrl\":\"https:\\\/\\\/lasentinelle.dz\\\/wp-content\\\/uploads\\\/2023\\\/01\\\/tebboune-4.png\",\"width\":1350,\"height\":900},{\"@type\":\"BreadcrumbList\",\"@id\":\"https:\\\/\\\/lasentinelle.dz\\\/index.php\\\/2023\\\/01\\\/21\\\/le-president-tebboune-aux-walis-liberez-vous-de-la-centralisation\\\/#breadcrumb\",\"itemListElement\":[{\"@type\":\"ListItem\",\"position\":1,\"name\":\"Accueil\",\"item\":\"https:\\\/\\\/lasentinelle.dz\\\/\"},{\"@type\":\"ListItem\",\"position\":2,\"name\":\"Le Pr\u00e9sident Tebboune aux Walis\u00a0: Lib\u00e9rez-vous de la centralisation\u00a0!\"}]},{\"@type\":\"WebSite\",\"@id\":\"https:\\\/\\\/lasentinelle.dz\\\/#website\",\"url\":\"https:\\\/\\\/lasentinelle.dz\\\/\",\"name\":\"La Sentinelle\",\"description\":\"Quotidien national d&#039;information\",\"publisher\":{\"@id\":\"https:\\\/\\\/lasentinelle.dz\\\/#organization\"},\"potentialAction\":[{\"@type\":\"SearchAction\",\"target\":{\"@type\":\"EntryPoint\",\"urlTemplate\":\"https:\\\/\\\/lasentinelle.dz\\\/?s={search_term_string}\"},\"query-input\":{\"@type\":\"PropertyValueSpecification\",\"valueRequired\":true,\"valueName\":\"search_term_string\"}}],\"inLanguage\":\"fr-FR\"},{\"@type\":\"Organization\",\"@id\":\"https:\\\/\\\/lasentinelle.dz\\\/#organization\",\"name\":\"Quotidien La Sentinelle\",\"url\":\"https:\\\/\\\/lasentinelle.dz\\\/\",\"logo\":{\"@type\":\"ImageObject\",\"inLanguage\":\"fr-FR\",\"@id\":\"https:\\\/\\\/lasentinelle.dz\\\/#\\\/schema\\\/logo\\\/image\\\/\",\"url\":\"https:\\\/\\\/lasentinelle.dz\\\/wp-content\\\/uploads\\\/2021\\\/09\\\/logo-sentinelleSLOGAN-1.png\",\"contentUrl\":\"https:\\\/\\\/lasentinelle.dz\\\/wp-content\\\/uploads\\\/2021\\\/09\\\/logo-sentinelleSLOGAN-1.png\",\"width\":615,\"height\":142,\"caption\":\"Quotidien La Sentinelle\"},\"image\":{\"@id\":\"https:\\\/\\\/lasentinelle.dz\\\/#\\\/schema\\\/logo\\\/image\\\/\"},\"sameAs\":[\"https:\\\/\\\/www.facebook.com\\\/La-Sentinelle-104059864394773\"]},{\"@type\":\"Person\",\"@id\":\"https:\\\/\\\/lasentinelle.dz\\\/#\\\/schema\\\/person\\\/d865044e22e70a75174ce8bcad3acfb3\",\"name\":\"La Sentinelle\",\"image\":{\"@type\":\"ImageObject\",\"inLanguage\":\"fr-FR\",\"@id\":\"https:\\\/\\\/secure.gravatar.com\\\/avatar\\\/57de8e5d4b15d43fb361a71fbb36338450fe67865b528a43dd10ef7c51a20392?s=96&d=mm&r=g\",\"url\":\"https:\\\/\\\/secure.gravatar.com\\\/avatar\\\/57de8e5d4b15d43fb361a71fbb36338450fe67865b528a43dd10ef7c51a20392?s=96&d=mm&r=g\",\"contentUrl\":\"https:\\\/\\\/secure.gravatar.com\\\/avatar\\\/57de8e5d4b15d43fb361a71fbb36338450fe67865b528a43dd10ef7c51a20392?s=96&d=mm&r=g\",\"caption\":\"La Sentinelle\"},\"sameAs\":[\"http:\\\/\\\/www.lasentinelle.dz\"],\"url\":\"https:\\\/\\\/lasentinelle.dz\\\/author\\\/redaction\\\/\"}]}<\/script>\n<!-- \/ Yoast SEO plugin. -->","yoast_head_json":{"title":"Le Pr\u00e9sident Tebboune aux Walis\u00a0: Lib\u00e9rez-vous de la centralisation\u00a0! - La Sentinelle","robots":{"index":"index","follow":"follow","max-snippet":"max-snippet:-1","max-image-preview":"max-image-preview:large","max-video-preview":"max-video-preview:-1"},"canonical":"https:\/\/lasentinelle.dz\/index.php\/2023\/01\/21\/le-president-tebboune-aux-walis-liberez-vous-de-la-centralisation\/","og_locale":"fr_FR","og_type":"article","og_title":"Le Pr\u00e9sident Tebboune aux Walis\u00a0: Lib\u00e9rez-vous de la centralisation\u00a0! - La Sentinelle","og_description":"Port\u00e9 en 2019 au firmament du pouvoir par la jeunesse et la soci\u00e9t\u00e9 civile, le Pr\u00e9sident de la R\u00e9publique, Abdelmadjid","og_url":"https:\/\/lasentinelle.dz\/index.php\/2023\/01\/21\/le-president-tebboune-aux-walis-liberez-vous-de-la-centralisation\/","og_site_name":"La Sentinelle","article_publisher":"https:\/\/www.facebook.com\/La-Sentinelle-104059864394773","article_published_time":"2023-01-21T21:17:00+00:00","og_image":[{"width":1350,"height":900,"url":"https:\/\/lasentinelle.dz\/wp-content\/uploads\/2023\/01\/tebboune-4.png","type":"image\/png"}],"author":"La Sentinelle","twitter_card":"summary_large_image","twitter_misc":{"\u00c9crit par":"La Sentinelle","Dur\u00e9e de lecture estim\u00e9e":"4 minutes"},"schema":{"@context":"https:\/\/schema.org","@graph":[{"@type":"Article","@id":"https:\/\/lasentinelle.dz\/index.php\/2023\/01\/21\/le-president-tebboune-aux-walis-liberez-vous-de-la-centralisation\/#article","isPartOf":{"@id":"https:\/\/lasentinelle.dz\/index.php\/2023\/01\/21\/le-president-tebboune-aux-walis-liberez-vous-de-la-centralisation\/"},"author":{"name":"La Sentinelle","@id":"https:\/\/lasentinelle.dz\/#\/schema\/person\/d865044e22e70a75174ce8bcad3acfb3"},"headline":"Le Pr\u00e9sident Tebboune aux Walis\u00a0: Lib\u00e9rez-vous de la centralisation\u00a0!","datePublished":"2023-01-21T21:17:00+00:00","mainEntityOfPage":{"@id":"https:\/\/lasentinelle.dz\/index.php\/2023\/01\/21\/le-president-tebboune-aux-walis-liberez-vous-de-la-centralisation\/"},"wordCount":860,"commentCount":0,"publisher":{"@id":"https:\/\/lasentinelle.dz\/#organization"},"image":{"@id":"https:\/\/lasentinelle.dz\/index.php\/2023\/01\/21\/le-president-tebboune-aux-walis-liberez-vous-de-la-centralisation\/#primaryimage"},"thumbnailUrl":"https:\/\/lasentinelle.dz\/wp-content\/uploads\/2023\/01\/tebboune-4.png","articleSection":["\u00c0 la Une","Actualit\u00e9"],"inLanguage":"fr-FR","potentialAction":[{"@type":"CommentAction","name":"Comment","target":["https:\/\/lasentinelle.dz\/index.php\/2023\/01\/21\/le-president-tebboune-aux-walis-liberez-vous-de-la-centralisation\/#respond"]}]},{"@type":"WebPage","@id":"https:\/\/lasentinelle.dz\/index.php\/2023\/01\/21\/le-president-tebboune-aux-walis-liberez-vous-de-la-centralisation\/","url":"https:\/\/lasentinelle.dz\/index.php\/2023\/01\/21\/le-president-tebboune-aux-walis-liberez-vous-de-la-centralisation\/","name":"Le Pr\u00e9sident Tebboune aux Walis\u00a0: Lib\u00e9rez-vous de la centralisation\u00a0! - La Sentinelle","isPartOf":{"@id":"https:\/\/lasentinelle.dz\/#website"},"primaryImageOfPage":{"@id":"https:\/\/lasentinelle.dz\/index.php\/2023\/01\/21\/le-president-tebboune-aux-walis-liberez-vous-de-la-centralisation\/#primaryimage"},"image":{"@id":"https:\/\/lasentinelle.dz\/index.php\/2023\/01\/21\/le-president-tebboune-aux-walis-liberez-vous-de-la-centralisation\/#primaryimage"},"thumbnailUrl":"https:\/\/lasentinelle.dz\/wp-content\/uploads\/2023\/01\/tebboune-4.png","datePublished":"2023-01-21T21:17:00+00:00","breadcrumb":{"@id":"https:\/\/lasentinelle.dz\/index.php\/2023\/01\/21\/le-president-tebboune-aux-walis-liberez-vous-de-la-centralisation\/#breadcrumb"},"inLanguage":"fr-FR","potentialAction":[{"@type":"ReadAction","target":["https:\/\/lasentinelle.dz\/index.php\/2023\/01\/21\/le-president-tebboune-aux-walis-liberez-vous-de-la-centralisation\/"]}]},{"@type":"ImageObject","inLanguage":"fr-FR","@id":"https:\/\/lasentinelle.dz\/index.php\/2023\/01\/21\/le-president-tebboune-aux-walis-liberez-vous-de-la-centralisation\/#primaryimage","url":"https:\/\/lasentinelle.dz\/wp-content\/uploads\/2023\/01\/tebboune-4.png","contentUrl":"https:\/\/lasentinelle.dz\/wp-content\/uploads\/2023\/01\/tebboune-4.png","width":1350,"height":900},{"@type":"BreadcrumbList","@id":"https:\/\/lasentinelle.dz\/index.php\/2023\/01\/21\/le-president-tebboune-aux-walis-liberez-vous-de-la-centralisation\/#breadcrumb","itemListElement":[{"@type":"ListItem","position":1,"name":"Accueil","item":"https:\/\/lasentinelle.dz\/"},{"@type":"ListItem","position":2,"name":"Le Pr\u00e9sident Tebboune aux Walis\u00a0: Lib\u00e9rez-vous de la centralisation\u00a0!"}]},{"@type":"WebSite","@id":"https:\/\/lasentinelle.dz\/#website","url":"https:\/\/lasentinelle.dz\/","name":"La Sentinelle","description":"Quotidien national d&#039;information","publisher":{"@id":"https:\/\/lasentinelle.dz\/#organization"},"potentialAction":[{"@type":"SearchAction","target":{"@type":"EntryPoint","urlTemplate":"https:\/\/lasentinelle.dz\/?s={search_term_string}"},"query-input":{"@type":"PropertyValueSpecification","valueRequired":true,"valueName":"search_term_string"}}],"inLanguage":"fr-FR"},{"@type":"Organization","@id":"https:\/\/lasentinelle.dz\/#organization","name":"Quotidien La Sentinelle","url":"https:\/\/lasentinelle.dz\/","logo":{"@type":"ImageObject","inLanguage":"fr-FR","@id":"https:\/\/lasentinelle.dz\/#\/schema\/logo\/image\/","url":"https:\/\/lasentinelle.dz\/wp-content\/uploads\/2021\/09\/logo-sentinelleSLOGAN-1.png","contentUrl":"https:\/\/lasentinelle.dz\/wp-content\/uploads\/2021\/09\/logo-sentinelleSLOGAN-1.png","width":615,"height":142,"caption":"Quotidien La Sentinelle"},"image":{"@id":"https:\/\/lasentinelle.dz\/#\/schema\/logo\/image\/"},"sameAs":["https:\/\/www.facebook.com\/La-Sentinelle-104059864394773"]},{"@type":"Person","@id":"https:\/\/lasentinelle.dz\/#\/schema\/person\/d865044e22e70a75174ce8bcad3acfb3","name":"La Sentinelle","image":{"@type":"ImageObject","inLanguage":"fr-FR","@id":"https:\/\/secure.gravatar.com\/avatar\/57de8e5d4b15d43fb361a71fbb36338450fe67865b528a43dd10ef7c51a20392?s=96&d=mm&r=g","url":"https:\/\/secure.gravatar.com\/avatar\/57de8e5d4b15d43fb361a71fbb36338450fe67865b528a43dd10ef7c51a20392?s=96&d=mm&r=g","contentUrl":"https:\/\/secure.gravatar.com\/avatar\/57de8e5d4b15d43fb361a71fbb36338450fe67865b528a43dd10ef7c51a20392?s=96&d=mm&r=g","caption":"La Sentinelle"},"sameAs":["http:\/\/www.lasentinelle.dz"],"url":"https:\/\/lasentinelle.dz\/author\/redaction\/"}]}},"_links":{"self":[{"href":"https:\/\/lasentinelle.dz\/index.php\/wp-json\/wp\/v2\/posts\/34558","targetHints":{"allow":["GET"]}}],"collection":[{"href":"https:\/\/lasentinelle.dz\/index.php\/wp-json\/wp\/v2\/posts"}],"about":[{"href":"https:\/\/lasentinelle.dz\/index.php\/wp-json\/wp\/v2\/types\/post"}],"author":[{"embeddable":true,"href":"https:\/\/lasentinelle.dz\/index.php\/wp-json\/wp\/v2\/users\/3"}],"replies":[{"embeddable":true,"href":"https:\/\/lasentinelle.dz\/index.php\/wp-json\/wp\/v2\/comments?post=34558"}],"version-history":[{"count":2,"href":"https:\/\/lasentinelle.dz\/index.php\/wp-json\/wp\/v2\/posts\/34558\/revisions"}],"predecessor-version":[{"id":34572,"href":"https:\/\/lasentinelle.dz\/index.php\/wp-json\/wp\/v2\/posts\/34558\/revisions\/34572"}],"wp:featuredmedia":[{"embeddable":true,"href":"https:\/\/lasentinelle.dz\/index.php\/wp-json\/wp\/v2\/media\/34563"}],"wp:attachment":[{"href":"https:\/\/lasentinelle.dz\/index.php\/wp-json\/wp\/v2\/media?parent=34558"}],"wp:term":[{"taxonomy":"category","embeddable":true,"href":"https:\/\/lasentinelle.dz\/index.php\/wp-json\/wp\/v2\/categories?post=34558"},{"taxonomy":"post_tag","embeddable":true,"href":"https:\/\/lasentinelle.dz\/index.php\/wp-json\/wp\/v2\/tags?post=34558"}],"curies":[{"name":"wp","href":"https:\/\/api.w.org\/{rel}","templated":true}]}}