{"id":34592,"date":"2023-01-22T22:00:00","date_gmt":"2023-01-22T21:00:00","guid":{"rendered":"https:\/\/lasentinelle.dz\/?p=34592"},"modified":"2023-01-22T16:16:59","modified_gmt":"2023-01-22T15:16:59","slug":"cinematheque-algerienne-depositaire-dune-memoire-cinematographique-de-plus-de-50-ans","status":"publish","type":"post","link":"https:\/\/lasentinelle.dz\/index.php\/2023\/01\/22\/cinematheque-algerienne-depositaire-dune-memoire-cinematographique-de-plus-de-50-ans\/","title":{"rendered":"Cin\u00e9math\u00e8que alg\u00e9rienne\u00a0: D\u00e9positaire d&rsquo;une m\u00e9moire cin\u00e9matographique de plus de 50 ans"},"content":{"rendered":"\n<p>D\u00e9positaire d&rsquo;un patrimoine cin\u00e9matographique hors du commun vieux d&rsquo;un demi si\u00e8cle, la Cin\u00e9math\u00e8que alg\u00e9rienne d\u00e9tient l&rsquo;une des plus importantes archives filmiques de l&rsquo;Afrique et dans le monde arabe, avec une collection de plus 60.000 copies de films conserv\u00e9s et documents cin\u00e9matographiques, t\u00e9moins de grands \u00e9v\u00e8nements historiques du pays.<\/p>\n\n\n\n<p>Fond\u00e9e le 23 janvier 1965, au lendemain du recouvrement de l&rsquo;ind\u00e9pendance, dont l&rsquo;Alg\u00e9rie c\u00e9l\u00e8bre cette ann\u00e9e le 60e anniversaire, la cin\u00e9math\u00e8que ouvre ses portes et pr\u00e9sente ses premiers films dans les locaux d&rsquo;un ancien cin\u00e9club, en plein centre d&rsquo;Alger, au 26 rue Ben M&rsquo;hidi.Pionni\u00e8re en Afrique et dans le monde arabe, la cin\u00e9math\u00e8que \u00e9tait un lieu de rencontre de grands cin\u00e9astes alg\u00e9riens et \u00e9trangers, et une \u00e9cole de cin\u00e9ma qui a contribu\u00e9 \u00e0 la formation de cin\u00e9philes et amateurs devenus professionnels du 7e art.De grands noms du cin\u00e9ma, \u00e0 l&rsquo;image de Youssef Chahine, Nicholas Ray, Joseph Losey, Luchino Visconti, Costa-Gavras ou encore Jean-Luc Godard, s&rsquo;y sont succ\u00e9d\u00e9 pour pr\u00e9senter leurs derni\u00e8res \u0153uvres et \u00e9changer avec le public.Sous l&rsquo;impulsion de cin\u00e9philes et de professionnels du 7e art, \u00e0 l&rsquo;instar de Ahmed Hocine, cin\u00e9aste et militant qui deviendra son premier directeur, la cin\u00e9math\u00e8que alg\u00e9rienne voit le jour et commence \u00e0 obtenir des pr\u00eats de nombreuses copies de longs m\u00e9trages pr\u00e9sent\u00e9s au public.Destination pris\u00e9e des r\u00e9alisateurs et acteurs de renomm\u00e9e internationale, figures historiques ou encore des militants anticolonialistes, la cin\u00e9math\u00e8que a accueilli dans les ann\u00e9es 1970-1980, sous la direction de Boudjemaa Kar\u00e8che, de grands noms comme Gilio Pontecorvo, Etore Scola ou encore Volker Schoendoerffer.<\/p>\n\n\n\n<p>Pendant la violence terroriste des ann\u00e9es 1990, cette salle s&rsquo;\u00e9tait \u00e9rig\u00e9e comme \u00ab\u00a0l&rsquo;un des bastions culturels qui avaient intensifi\u00e9 leurs activit\u00e9s pour faire face \u00e0 l&rsquo;extr\u00e9misme\u00a0\u00bb, comme en t\u00e9moignent de nombreux cin\u00e9astes et observateurs.Consid\u00e9r\u00e9e comme l&rsquo;un des lieux les plus fr\u00e9quent\u00e9s de la capitale, cette structure avait \u00e9tabli un trait-d&rsquo;union entre professionnels du cin\u00e9ma et cin\u00e9philes qui ont pu se maintenir \u00e0 la page du cin\u00e9ma de l&rsquo;\u00e9poque. La cin\u00e9math\u00e8que avait \u00e9galement accompagn\u00e9 les premi\u00e8res r\u00e9alisations du 7e art alg\u00e9rien et les grands \u00e9v\u00e8nements culturels de l&rsquo;Alg\u00e9rie ind\u00e9pendante, et suscit\u00e9 de nombreuses vocations dans le cin\u00e9ma.Devenue Centre alg\u00e9rien du cin\u00e9ma (CAC) pour \u00e9largir son r\u00e9seau \u00e0 11 autres salles du r\u00e9pertoire, pour remplir sa mission de diffusion de la culture par le cin\u00e9ma, la cin\u00e9math\u00e8que se charge de recueillir, conserver et restaurer ses collections et de mettre en valeur un patrimoine cin\u00e9matographique d&rsquo;importance historique.Ses fonds r\u00e9unissent longs et courts m\u00e9trages, documentaires, photographies, p\u00e9riodiques, affiches et objets et mat\u00e9riels cin\u00e9matographiques.Elle est \u00e9galement dot\u00e9e d&rsquo;une biblioth\u00e8que accessible aux \u00e9tudiants et chercheurs qui peuvent avoir acc\u00e8s \u00e0 une documentation et ouvrages sur le cin\u00e9ma alg\u00e9rien.\u00a0\u00bbLa cin\u00e9math\u00e8que alg\u00e9rienne recueille, conserve et pr\u00e9serve tous les films et productions notamment ceux en lien avec l&rsquo;histoire de l&rsquo;Alg\u00e9rie et les premi\u00e8res ann\u00e9es de son ind\u00e9pendance\u00a0\u00bb, a rappel\u00e9 son directeur, Adel Makhalfia.<\/p>\n\n\n\n<p>Dans l&rsquo;objectif de pr\u00e9server cet h\u00e9ritage filmique, des sp\u00e9cialistes et experts de la restauration ont \u00e9t\u00e9 associ\u00e9s \u00e0 un projet de restauration et de num\u00e9risation, a soulign\u00e9 le m\u00eame responsable.Le CAC devrait entamer prochainement une op\u00e9ration de restauration et de num\u00e9risation d&rsquo;oeuvres qui constituent une valeur m\u00e9morielle et identitaire, annonce Adel Makhalfia.Le personnel du CAC avait \u00e9galement b\u00e9n\u00e9fici\u00e9 en 2016 d&rsquo;une formation approfondie en mati\u00e8re de gestion des archives filmiques, de restauration et de num\u00e9risation des copies au format 35 mm dans le cadre du programme d&rsquo;appui au patrimoine alg\u00e9rien r\u00e9alis\u00e9 en collaboration avec la D\u00e9l\u00e9gation de l&rsquo;Union Europ\u00e9enne en Alg\u00e9rie.Le Centre alg\u00e9rien de la cin\u00e9matographie g\u00e8re 11 salles de r\u00e9pertoire op\u00e9rationnelles notamment \u00e0 Annaba, Beja\u00efa, Sidi-Bel-Abb\u00e8s, Tizi-Ouzou et Oran, en plus de la cin\u00e9math\u00e8que d&rsquo;Alger.<\/p>\n\n\n\n<p>APS<\/p>\n","protected":false},"excerpt":{"rendered":"<p>D\u00e9positaire d&rsquo;un patrimoine cin\u00e9matographique hors du commun vieux d&rsquo;un demi si\u00e8cle, la Cin\u00e9math\u00e8que alg\u00e9rienne d\u00e9tient l&rsquo;une des plus importantes archives<\/p>\n","protected":false},"author":3,"featured_media":34609,"comment_status":"open","ping_status":"closed","sticky":false,"template":"","format":"standard","meta":{"colormag_page_container_layout":"default_layout","colormag_page_sidebar_layout":"default_layout","om_disable_all_campaigns":false,"_monsterinsights_skip_tracking":false,"_monsterinsights_sitenote_active":false,"_monsterinsights_sitenote_note":"","_monsterinsights_sitenote_category":0,"footnotes":"","_wpscppro_dont_share_socialmedia":false,"_wpscppro_custom_social_share_image":0,"_facebook_share_type":"","_twitter_share_type":"","_linkedin_share_type":"","_pinterest_share_type":"","_linkedin_share_type_page":"","_instagram_share_type":"","_medium_share_type":"","_threads_share_type":"","_google_business_share_type":"","_selected_social_profile":[],"_wpsp_enable_custom_social_template":false,"_wpsp_social_scheduling":{"enabled":false,"datetime":null,"platforms":[],"status":"template_only","dateOption":"today","timeOption":"now","customDays":"","customHours":"","customDate":"","customTime":"","schedulingType":"absolute"},"_wpsp_active_default_template":true},"categories":[36],"tags":[],"class_list":["post-34592","post","type-post","status-publish","format-standard","has-post-thumbnail","hentry","category-culture"],"aioseo_notices":[],"yoast_head":"<!-- This site is optimized with the Yoast SEO plugin v27.4 - https:\/\/yoast.com\/product\/yoast-seo-wordpress\/ -->\n<title>Cin\u00e9math\u00e8que alg\u00e9rienne\u00a0: D\u00e9positaire d&rsquo;une m\u00e9moire cin\u00e9matographique de plus de 50 ans - La Sentinelle<\/title>\n<meta name=\"robots\" content=\"index, follow, max-snippet:-1, max-image-preview:large, max-video-preview:-1\" \/>\n<link rel=\"canonical\" href=\"https:\/\/lasentinelle.dz\/index.php\/2023\/01\/22\/cinematheque-algerienne-depositaire-dune-memoire-cinematographique-de-plus-de-50-ans\/\" \/>\n<meta property=\"og:locale\" content=\"fr_FR\" \/>\n<meta property=\"og:type\" content=\"article\" \/>\n<meta property=\"og:title\" content=\"Cin\u00e9math\u00e8que alg\u00e9rienne\u00a0: D\u00e9positaire d&rsquo;une m\u00e9moire cin\u00e9matographique de plus de 50 ans - La Sentinelle\" \/>\n<meta property=\"og:description\" content=\"D\u00e9positaire d&rsquo;un patrimoine cin\u00e9matographique hors du commun vieux d&rsquo;un demi si\u00e8cle, la Cin\u00e9math\u00e8que alg\u00e9rienne d\u00e9tient l&rsquo;une des plus importantes archives\" \/>\n<meta property=\"og:url\" content=\"https:\/\/lasentinelle.dz\/index.php\/2023\/01\/22\/cinematheque-algerienne-depositaire-dune-memoire-cinematographique-de-plus-de-50-ans\/\" \/>\n<meta property=\"og:site_name\" content=\"La Sentinelle\" \/>\n<meta property=\"article:publisher\" content=\"https:\/\/www.facebook.com\/La-Sentinelle-104059864394773\" \/>\n<meta property=\"article:published_time\" content=\"2023-01-22T21:00:00+00:00\" \/>\n<meta property=\"og:image\" content=\"https:\/\/lasentinelle.dz\/wp-content\/uploads\/2023\/01\/cinematheque-algerienne.png\" \/>\n\t<meta property=\"og:image:width\" content=\"1000\" \/>\n\t<meta property=\"og:image:height\" content=\"664\" \/>\n\t<meta property=\"og:image:type\" content=\"image\/png\" \/>\n<meta name=\"author\" content=\"La Sentinelle\" \/>\n<meta name=\"twitter:card\" content=\"summary_large_image\" \/>\n<meta name=\"twitter:label1\" content=\"\u00c9crit par\" \/>\n\t<meta name=\"twitter:data1\" content=\"La Sentinelle\" \/>\n\t<meta name=\"twitter:label2\" content=\"Dur\u00e9e de lecture estim\u00e9e\" \/>\n\t<meta name=\"twitter:data2\" content=\"4 minutes\" \/>\n<script type=\"application\/ld+json\" class=\"yoast-schema-graph\">{\"@context\":\"https:\\\/\\\/schema.org\",\"@graph\":[{\"@type\":\"Article\",\"@id\":\"https:\\\/\\\/lasentinelle.dz\\\/index.php\\\/2023\\\/01\\\/22\\\/cinematheque-algerienne-depositaire-dune-memoire-cinematographique-de-plus-de-50-ans\\\/#article\",\"isPartOf\":{\"@id\":\"https:\\\/\\\/lasentinelle.dz\\\/index.php\\\/2023\\\/01\\\/22\\\/cinematheque-algerienne-depositaire-dune-memoire-cinematographique-de-plus-de-50-ans\\\/\"},\"author\":{\"name\":\"La Sentinelle\",\"@id\":\"https:\\\/\\\/lasentinelle.dz\\\/#\\\/schema\\\/person\\\/d865044e22e70a75174ce8bcad3acfb3\"},\"headline\":\"Cin\u00e9math\u00e8que alg\u00e9rienne\u00a0: D\u00e9positaire d&rsquo;une m\u00e9moire cin\u00e9matographique de plus de 50 ans\",\"datePublished\":\"2023-01-22T21:00:00+00:00\",\"mainEntityOfPage\":{\"@id\":\"https:\\\/\\\/lasentinelle.dz\\\/index.php\\\/2023\\\/01\\\/22\\\/cinematheque-algerienne-depositaire-dune-memoire-cinematographique-de-plus-de-50-ans\\\/\"},\"wordCount\":755,\"commentCount\":0,\"publisher\":{\"@id\":\"https:\\\/\\\/lasentinelle.dz\\\/#organization\"},\"image\":{\"@id\":\"https:\\\/\\\/lasentinelle.dz\\\/index.php\\\/2023\\\/01\\\/22\\\/cinematheque-algerienne-depositaire-dune-memoire-cinematographique-de-plus-de-50-ans\\\/#primaryimage\"},\"thumbnailUrl\":\"https:\\\/\\\/lasentinelle.dz\\\/wp-content\\\/uploads\\\/2023\\\/01\\\/cinematheque-algerienne.png\",\"articleSection\":[\"Culture\"],\"inLanguage\":\"fr-FR\",\"potentialAction\":[{\"@type\":\"CommentAction\",\"name\":\"Comment\",\"target\":[\"https:\\\/\\\/lasentinelle.dz\\\/index.php\\\/2023\\\/01\\\/22\\\/cinematheque-algerienne-depositaire-dune-memoire-cinematographique-de-plus-de-50-ans\\\/#respond\"]}]},{\"@type\":\"WebPage\",\"@id\":\"https:\\\/\\\/lasentinelle.dz\\\/index.php\\\/2023\\\/01\\\/22\\\/cinematheque-algerienne-depositaire-dune-memoire-cinematographique-de-plus-de-50-ans\\\/\",\"url\":\"https:\\\/\\\/lasentinelle.dz\\\/index.php\\\/2023\\\/01\\\/22\\\/cinematheque-algerienne-depositaire-dune-memoire-cinematographique-de-plus-de-50-ans\\\/\",\"name\":\"Cin\u00e9math\u00e8que alg\u00e9rienne\u00a0: D\u00e9positaire d&rsquo;une m\u00e9moire cin\u00e9matographique de plus de 50 ans - La Sentinelle\",\"isPartOf\":{\"@id\":\"https:\\\/\\\/lasentinelle.dz\\\/#website\"},\"primaryImageOfPage\":{\"@id\":\"https:\\\/\\\/lasentinelle.dz\\\/index.php\\\/2023\\\/01\\\/22\\\/cinematheque-algerienne-depositaire-dune-memoire-cinematographique-de-plus-de-50-ans\\\/#primaryimage\"},\"image\":{\"@id\":\"https:\\\/\\\/lasentinelle.dz\\\/index.php\\\/2023\\\/01\\\/22\\\/cinematheque-algerienne-depositaire-dune-memoire-cinematographique-de-plus-de-50-ans\\\/#primaryimage\"},\"thumbnailUrl\":\"https:\\\/\\\/lasentinelle.dz\\\/wp-content\\\/uploads\\\/2023\\\/01\\\/cinematheque-algerienne.png\",\"datePublished\":\"2023-01-22T21:00:00+00:00\",\"breadcrumb\":{\"@id\":\"https:\\\/\\\/lasentinelle.dz\\\/index.php\\\/2023\\\/01\\\/22\\\/cinematheque-algerienne-depositaire-dune-memoire-cinematographique-de-plus-de-50-ans\\\/#breadcrumb\"},\"inLanguage\":\"fr-FR\",\"potentialAction\":[{\"@type\":\"ReadAction\",\"target\":[\"https:\\\/\\\/lasentinelle.dz\\\/index.php\\\/2023\\\/01\\\/22\\\/cinematheque-algerienne-depositaire-dune-memoire-cinematographique-de-plus-de-50-ans\\\/\"]}]},{\"@type\":\"ImageObject\",\"inLanguage\":\"fr-FR\",\"@id\":\"https:\\\/\\\/lasentinelle.dz\\\/index.php\\\/2023\\\/01\\\/22\\\/cinematheque-algerienne-depositaire-dune-memoire-cinematographique-de-plus-de-50-ans\\\/#primaryimage\",\"url\":\"https:\\\/\\\/lasentinelle.dz\\\/wp-content\\\/uploads\\\/2023\\\/01\\\/cinematheque-algerienne.png\",\"contentUrl\":\"https:\\\/\\\/lasentinelle.dz\\\/wp-content\\\/uploads\\\/2023\\\/01\\\/cinematheque-algerienne.png\",\"width\":1000,\"height\":664},{\"@type\":\"BreadcrumbList\",\"@id\":\"https:\\\/\\\/lasentinelle.dz\\\/index.php\\\/2023\\\/01\\\/22\\\/cinematheque-algerienne-depositaire-dune-memoire-cinematographique-de-plus-de-50-ans\\\/#breadcrumb\",\"itemListElement\":[{\"@type\":\"ListItem\",\"position\":1,\"name\":\"Accueil\",\"item\":\"https:\\\/\\\/lasentinelle.dz\\\/\"},{\"@type\":\"ListItem\",\"position\":2,\"name\":\"Cin\u00e9math\u00e8que alg\u00e9rienne\u00a0: D\u00e9positaire d&rsquo;une m\u00e9moire cin\u00e9matographique de plus de 50 ans\"}]},{\"@type\":\"WebSite\",\"@id\":\"https:\\\/\\\/lasentinelle.dz\\\/#website\",\"url\":\"https:\\\/\\\/lasentinelle.dz\\\/\",\"name\":\"La Sentinelle\",\"description\":\"Quotidien national d&#039;information\",\"publisher\":{\"@id\":\"https:\\\/\\\/lasentinelle.dz\\\/#organization\"},\"potentialAction\":[{\"@type\":\"SearchAction\",\"target\":{\"@type\":\"EntryPoint\",\"urlTemplate\":\"https:\\\/\\\/lasentinelle.dz\\\/?s={search_term_string}\"},\"query-input\":{\"@type\":\"PropertyValueSpecification\",\"valueRequired\":true,\"valueName\":\"search_term_string\"}}],\"inLanguage\":\"fr-FR\"},{\"@type\":\"Organization\",\"@id\":\"https:\\\/\\\/lasentinelle.dz\\\/#organization\",\"name\":\"Quotidien La Sentinelle\",\"url\":\"https:\\\/\\\/lasentinelle.dz\\\/\",\"logo\":{\"@type\":\"ImageObject\",\"inLanguage\":\"fr-FR\",\"@id\":\"https:\\\/\\\/lasentinelle.dz\\\/#\\\/schema\\\/logo\\\/image\\\/\",\"url\":\"https:\\\/\\\/lasentinelle.dz\\\/wp-content\\\/uploads\\\/2021\\\/09\\\/logo-sentinelleSLOGAN-1.png\",\"contentUrl\":\"https:\\\/\\\/lasentinelle.dz\\\/wp-content\\\/uploads\\\/2021\\\/09\\\/logo-sentinelleSLOGAN-1.png\",\"width\":615,\"height\":142,\"caption\":\"Quotidien La Sentinelle\"},\"image\":{\"@id\":\"https:\\\/\\\/lasentinelle.dz\\\/#\\\/schema\\\/logo\\\/image\\\/\"},\"sameAs\":[\"https:\\\/\\\/www.facebook.com\\\/La-Sentinelle-104059864394773\"]},{\"@type\":\"Person\",\"@id\":\"https:\\\/\\\/lasentinelle.dz\\\/#\\\/schema\\\/person\\\/d865044e22e70a75174ce8bcad3acfb3\",\"name\":\"La Sentinelle\",\"image\":{\"@type\":\"ImageObject\",\"inLanguage\":\"fr-FR\",\"@id\":\"https:\\\/\\\/secure.gravatar.com\\\/avatar\\\/57de8e5d4b15d43fb361a71fbb36338450fe67865b528a43dd10ef7c51a20392?s=96&d=mm&r=g\",\"url\":\"https:\\\/\\\/secure.gravatar.com\\\/avatar\\\/57de8e5d4b15d43fb361a71fbb36338450fe67865b528a43dd10ef7c51a20392?s=96&d=mm&r=g\",\"contentUrl\":\"https:\\\/\\\/secure.gravatar.com\\\/avatar\\\/57de8e5d4b15d43fb361a71fbb36338450fe67865b528a43dd10ef7c51a20392?s=96&d=mm&r=g\",\"caption\":\"La Sentinelle\"},\"sameAs\":[\"http:\\\/\\\/www.lasentinelle.dz\"],\"url\":\"https:\\\/\\\/lasentinelle.dz\\\/author\\\/redaction\\\/\"}]}<\/script>\n<!-- \/ Yoast SEO plugin. -->","yoast_head_json":{"title":"Cin\u00e9math\u00e8que alg\u00e9rienne\u00a0: D\u00e9positaire d&rsquo;une m\u00e9moire cin\u00e9matographique de plus de 50 ans - La Sentinelle","robots":{"index":"index","follow":"follow","max-snippet":"max-snippet:-1","max-image-preview":"max-image-preview:large","max-video-preview":"max-video-preview:-1"},"canonical":"https:\/\/lasentinelle.dz\/index.php\/2023\/01\/22\/cinematheque-algerienne-depositaire-dune-memoire-cinematographique-de-plus-de-50-ans\/","og_locale":"fr_FR","og_type":"article","og_title":"Cin\u00e9math\u00e8que alg\u00e9rienne\u00a0: D\u00e9positaire d&rsquo;une m\u00e9moire cin\u00e9matographique de plus de 50 ans - La Sentinelle","og_description":"D\u00e9positaire d&rsquo;un patrimoine cin\u00e9matographique hors du commun vieux d&rsquo;un demi si\u00e8cle, la Cin\u00e9math\u00e8que alg\u00e9rienne d\u00e9tient l&rsquo;une des plus importantes archives","og_url":"https:\/\/lasentinelle.dz\/index.php\/2023\/01\/22\/cinematheque-algerienne-depositaire-dune-memoire-cinematographique-de-plus-de-50-ans\/","og_site_name":"La Sentinelle","article_publisher":"https:\/\/www.facebook.com\/La-Sentinelle-104059864394773","article_published_time":"2023-01-22T21:00:00+00:00","og_image":[{"width":1000,"height":664,"url":"https:\/\/lasentinelle.dz\/wp-content\/uploads\/2023\/01\/cinematheque-algerienne.png","type":"image\/png"}],"author":"La Sentinelle","twitter_card":"summary_large_image","twitter_misc":{"\u00c9crit par":"La Sentinelle","Dur\u00e9e de lecture estim\u00e9e":"4 minutes"},"schema":{"@context":"https:\/\/schema.org","@graph":[{"@type":"Article","@id":"https:\/\/lasentinelle.dz\/index.php\/2023\/01\/22\/cinematheque-algerienne-depositaire-dune-memoire-cinematographique-de-plus-de-50-ans\/#article","isPartOf":{"@id":"https:\/\/lasentinelle.dz\/index.php\/2023\/01\/22\/cinematheque-algerienne-depositaire-dune-memoire-cinematographique-de-plus-de-50-ans\/"},"author":{"name":"La Sentinelle","@id":"https:\/\/lasentinelle.dz\/#\/schema\/person\/d865044e22e70a75174ce8bcad3acfb3"},"headline":"Cin\u00e9math\u00e8que alg\u00e9rienne\u00a0: D\u00e9positaire d&rsquo;une m\u00e9moire cin\u00e9matographique de plus de 50 ans","datePublished":"2023-01-22T21:00:00+00:00","mainEntityOfPage":{"@id":"https:\/\/lasentinelle.dz\/index.php\/2023\/01\/22\/cinematheque-algerienne-depositaire-dune-memoire-cinematographique-de-plus-de-50-ans\/"},"wordCount":755,"commentCount":0,"publisher":{"@id":"https:\/\/lasentinelle.dz\/#organization"},"image":{"@id":"https:\/\/lasentinelle.dz\/index.php\/2023\/01\/22\/cinematheque-algerienne-depositaire-dune-memoire-cinematographique-de-plus-de-50-ans\/#primaryimage"},"thumbnailUrl":"https:\/\/lasentinelle.dz\/wp-content\/uploads\/2023\/01\/cinematheque-algerienne.png","articleSection":["Culture"],"inLanguage":"fr-FR","potentialAction":[{"@type":"CommentAction","name":"Comment","target":["https:\/\/lasentinelle.dz\/index.php\/2023\/01\/22\/cinematheque-algerienne-depositaire-dune-memoire-cinematographique-de-plus-de-50-ans\/#respond"]}]},{"@type":"WebPage","@id":"https:\/\/lasentinelle.dz\/index.php\/2023\/01\/22\/cinematheque-algerienne-depositaire-dune-memoire-cinematographique-de-plus-de-50-ans\/","url":"https:\/\/lasentinelle.dz\/index.php\/2023\/01\/22\/cinematheque-algerienne-depositaire-dune-memoire-cinematographique-de-plus-de-50-ans\/","name":"Cin\u00e9math\u00e8que alg\u00e9rienne\u00a0: D\u00e9positaire d&rsquo;une m\u00e9moire cin\u00e9matographique de plus de 50 ans - La Sentinelle","isPartOf":{"@id":"https:\/\/lasentinelle.dz\/#website"},"primaryImageOfPage":{"@id":"https:\/\/lasentinelle.dz\/index.php\/2023\/01\/22\/cinematheque-algerienne-depositaire-dune-memoire-cinematographique-de-plus-de-50-ans\/#primaryimage"},"image":{"@id":"https:\/\/lasentinelle.dz\/index.php\/2023\/01\/22\/cinematheque-algerienne-depositaire-dune-memoire-cinematographique-de-plus-de-50-ans\/#primaryimage"},"thumbnailUrl":"https:\/\/lasentinelle.dz\/wp-content\/uploads\/2023\/01\/cinematheque-algerienne.png","datePublished":"2023-01-22T21:00:00+00:00","breadcrumb":{"@id":"https:\/\/lasentinelle.dz\/index.php\/2023\/01\/22\/cinematheque-algerienne-depositaire-dune-memoire-cinematographique-de-plus-de-50-ans\/#breadcrumb"},"inLanguage":"fr-FR","potentialAction":[{"@type":"ReadAction","target":["https:\/\/lasentinelle.dz\/index.php\/2023\/01\/22\/cinematheque-algerienne-depositaire-dune-memoire-cinematographique-de-plus-de-50-ans\/"]}]},{"@type":"ImageObject","inLanguage":"fr-FR","@id":"https:\/\/lasentinelle.dz\/index.php\/2023\/01\/22\/cinematheque-algerienne-depositaire-dune-memoire-cinematographique-de-plus-de-50-ans\/#primaryimage","url":"https:\/\/lasentinelle.dz\/wp-content\/uploads\/2023\/01\/cinematheque-algerienne.png","contentUrl":"https:\/\/lasentinelle.dz\/wp-content\/uploads\/2023\/01\/cinematheque-algerienne.png","width":1000,"height":664},{"@type":"BreadcrumbList","@id":"https:\/\/lasentinelle.dz\/index.php\/2023\/01\/22\/cinematheque-algerienne-depositaire-dune-memoire-cinematographique-de-plus-de-50-ans\/#breadcrumb","itemListElement":[{"@type":"ListItem","position":1,"name":"Accueil","item":"https:\/\/lasentinelle.dz\/"},{"@type":"ListItem","position":2,"name":"Cin\u00e9math\u00e8que alg\u00e9rienne\u00a0: D\u00e9positaire d&rsquo;une m\u00e9moire cin\u00e9matographique de plus de 50 ans"}]},{"@type":"WebSite","@id":"https:\/\/lasentinelle.dz\/#website","url":"https:\/\/lasentinelle.dz\/","name":"La Sentinelle","description":"Quotidien national d&#039;information","publisher":{"@id":"https:\/\/lasentinelle.dz\/#organization"},"potentialAction":[{"@type":"SearchAction","target":{"@type":"EntryPoint","urlTemplate":"https:\/\/lasentinelle.dz\/?s={search_term_string}"},"query-input":{"@type":"PropertyValueSpecification","valueRequired":true,"valueName":"search_term_string"}}],"inLanguage":"fr-FR"},{"@type":"Organization","@id":"https:\/\/lasentinelle.dz\/#organization","name":"Quotidien La Sentinelle","url":"https:\/\/lasentinelle.dz\/","logo":{"@type":"ImageObject","inLanguage":"fr-FR","@id":"https:\/\/lasentinelle.dz\/#\/schema\/logo\/image\/","url":"https:\/\/lasentinelle.dz\/wp-content\/uploads\/2021\/09\/logo-sentinelleSLOGAN-1.png","contentUrl":"https:\/\/lasentinelle.dz\/wp-content\/uploads\/2021\/09\/logo-sentinelleSLOGAN-1.png","width":615,"height":142,"caption":"Quotidien La Sentinelle"},"image":{"@id":"https:\/\/lasentinelle.dz\/#\/schema\/logo\/image\/"},"sameAs":["https:\/\/www.facebook.com\/La-Sentinelle-104059864394773"]},{"@type":"Person","@id":"https:\/\/lasentinelle.dz\/#\/schema\/person\/d865044e22e70a75174ce8bcad3acfb3","name":"La Sentinelle","image":{"@type":"ImageObject","inLanguage":"fr-FR","@id":"https:\/\/secure.gravatar.com\/avatar\/57de8e5d4b15d43fb361a71fbb36338450fe67865b528a43dd10ef7c51a20392?s=96&d=mm&r=g","url":"https:\/\/secure.gravatar.com\/avatar\/57de8e5d4b15d43fb361a71fbb36338450fe67865b528a43dd10ef7c51a20392?s=96&d=mm&r=g","contentUrl":"https:\/\/secure.gravatar.com\/avatar\/57de8e5d4b15d43fb361a71fbb36338450fe67865b528a43dd10ef7c51a20392?s=96&d=mm&r=g","caption":"La Sentinelle"},"sameAs":["http:\/\/www.lasentinelle.dz"],"url":"https:\/\/lasentinelle.dz\/author\/redaction\/"}]}},"_links":{"self":[{"href":"https:\/\/lasentinelle.dz\/index.php\/wp-json\/wp\/v2\/posts\/34592","targetHints":{"allow":["GET"]}}],"collection":[{"href":"https:\/\/lasentinelle.dz\/index.php\/wp-json\/wp\/v2\/posts"}],"about":[{"href":"https:\/\/lasentinelle.dz\/index.php\/wp-json\/wp\/v2\/types\/post"}],"author":[{"embeddable":true,"href":"https:\/\/lasentinelle.dz\/index.php\/wp-json\/wp\/v2\/users\/3"}],"replies":[{"embeddable":true,"href":"https:\/\/lasentinelle.dz\/index.php\/wp-json\/wp\/v2\/comments?post=34592"}],"version-history":[{"count":1,"href":"https:\/\/lasentinelle.dz\/index.php\/wp-json\/wp\/v2\/posts\/34592\/revisions"}],"predecessor-version":[{"id":34610,"href":"https:\/\/lasentinelle.dz\/index.php\/wp-json\/wp\/v2\/posts\/34592\/revisions\/34610"}],"wp:featuredmedia":[{"embeddable":true,"href":"https:\/\/lasentinelle.dz\/index.php\/wp-json\/wp\/v2\/media\/34609"}],"wp:attachment":[{"href":"https:\/\/lasentinelle.dz\/index.php\/wp-json\/wp\/v2\/media?parent=34592"}],"wp:term":[{"taxonomy":"category","embeddable":true,"href":"https:\/\/lasentinelle.dz\/index.php\/wp-json\/wp\/v2\/categories?post=34592"},{"taxonomy":"post_tag","embeddable":true,"href":"https:\/\/lasentinelle.dz\/index.php\/wp-json\/wp\/v2\/tags?post=34592"}],"curies":[{"name":"wp","href":"https:\/\/api.w.org\/{rel}","templated":true}]}}