{"id":34619,"date":"2023-01-22T22:08:00","date_gmt":"2023-01-22T21:08:00","guid":{"rendered":"https:\/\/lasentinelle.dz\/?p=34619"},"modified":"2023-01-22T21:09:20","modified_gmt":"2023-01-22T20:09:20","slug":"tramway-dannaba-debat-houleux-autour-dun-projet-mort-ne","status":"publish","type":"post","link":"https:\/\/lasentinelle.dz\/index.php\/2023\/01\/22\/tramway-dannaba-debat-houleux-autour-dun-projet-mort-ne\/","title":{"rendered":"Tramway d\u2019Annaba\u00a0: D\u00e9bat houleux autour d&rsquo;un projet mort-n\u00e9"},"content":{"rendered":"\n<p>Le projet du tramway d\u2019Annaba ne pourra\u00eatre concr\u00e9tis\u00e9 cette ann\u00e9e et le projet de bus \u00e0 haute qualit\u00e9 ne s&rsquo;y substitue pas ! Deux projets&nbsp; qui ne figurent pas dans les priorit\u00e9s des autorit\u00e9s locales de la wilaya d\u2019Annaba.<\/p>\n\n\n\n<p>C\u2019est ce qu\u2019a r\u00e9v\u00e9l\u00e9&nbsp; le parlementaire du parti MSP \u00e0 Annaba Mohamed El Hadi Tebessi. Selon notre interlocuteur,&nbsp; le projet du tramway n&rsquo;est pas inclus dans les projets programm\u00e9s pour cette ann\u00e9e, comme ont laiss\u00e9 entendre certaines parties. La r\u00e9v\u00e9lation du d\u00e9put\u00e9 intervient \u00e0 un moment o\u00f9 des&nbsp; militants de la soci\u00e9t\u00e9 civile et bon nombres de citoyens s\u2019impatientent de voir ce projet se concr\u00e9tiser. Pour les habitants de la wilaya, Annaba a perdu beaucoup de temps durant&nbsp; les derni\u00e8res ann\u00e9es pour ressusciter le projet de tramway et a surtout rat\u00e9 l&rsquo;occasion&nbsp; de \u00ab&nbsp;l\u2019embellie financi\u00e8re&nbsp;\u00bb de l\u2019\u00e9poque. Au moment o\u00f9la p\u00e9riode \u00e9tait&nbsp; propice pour relancer ce projet structurant pour la wilaya,&nbsp; tout le monde, notamment les \u00e9lus locaux de l&rsquo;\u00e9poque, se sont engag\u00e9s&nbsp; dans des discussions st\u00e9riles qui n\u2019ont pas \u00e9t\u00e9 \u00e0 l\u2019avantage de la wilaya, ont d\u00e9plor\u00e9 plusieurs interlocuteurs parmi le mouvement associatif \u00e0 Annaba. \u00ab&nbsp;Au lieu de s\u2019imposer comme responsables et \u00e9lus locaux soucieux du d\u00e9veloppement et l\u2019am\u00e9lioration du cadre de vie de la wilaya et de ses habitants, ils se sont oppos\u00e9s au trac\u00e9 du tramway sur le Cours de la r\u00e9volution&nbsp;\u00bb, ont expliqu\u00e9 nos interlocuteurs. Argumentant leur opposition par le caract\u00e8re historique de la ville et la n\u00e9cessit\u00e9 de pr\u00e9server le Cours de la r\u00e9volution et la place du 1<sup>er<\/sup> Novembre, les responsables et \u00e9lus locaux de l\u2019\u00e9poque ont entrav\u00e9 le projet pendant des ann\u00e9es. Et pourtant, des solutions avaient depuis \u00e9t\u00e9 apport\u00e9es \u00e0 cette contrainte impos\u00e9e par le trac\u00e9 du tramway. Or, les responsables et les \u00e9lus locaux de l\u2019\u00e9poque, oppos\u00e9s eux m\u00eames \u00e0 des&nbsp; conflits d\u2019int\u00e9r\u00eats, ont p\u00e9nalis\u00e9 le secteur du transport dans la wilaya d\u2019Annaba. Celle-ci, convient-il de le rappeler, \u00e9tait la wilaya pilote inscrite pour la r\u00e9alisation d\u2019un tramway apr\u00e8s Alger. Surtout que l\u2019entreprise de montage des rames et des locomotives \u2018\u2019Cital\u2019\u2019 est \u00e0 ce jour, implant\u00e9e dans la la wilaya d\u2019Annaba, pr\u00e9cis\u00e9ment dans la commune d\u2019El Bouni. Celle-ci aujourd\u2019hui ne profite qu\u2019aux tramways des wilayas dot\u00e9es de ce moyen de transport. Ce dernier, tr\u00e8s revendiqu\u00e9 par les habitants d\u2019Annaba, alimente depuis plusieurs semaines, les sujets de conversations des habitants de la ville. Bien que, le chef de l\u2019ex\u00e9cutif local a, dans une d\u00e9claration \u00e0 la presse \u00e0 l\u2019occasion de la cl\u00f4ture de l\u2019ann\u00e9e financi\u00e8re de la wilaya d\u2019Annaba, a soulev\u00e9 cette revendication majeure des habitants en soulignant que ses services \u0153uvrent pour la lev\u00e9e du gel sur ce projet. Notons que cette d\u00e9claration est intervenue quelques semaines apr\u00e8s que les d\u00e9put\u00e9s de la wilaya d\u2019Annaba, dont Mohamed El Hadi Tebessi, aient soulev\u00e9 la m\u00eame question avec le minist\u00e8re de tutelle.&nbsp; Mais voil\u00e0 que, selon le m\u00eame&nbsp; parlementaire, la r\u00e9alisation du tramway d\u2019Annaba n\u2019est pas \u00e0 l\u2019ordre du jour des autorit\u00e9s locales. Ce qui a suscit\u00e9 d\u2019ailleurs, le m\u00e9contentement des B\u00f4nois et toute la soci\u00e9t\u00e9 civile. De nombreux acteurs de la soci\u00e9t\u00e9 civile ont, dans le m\u00eame contexte, estim\u00e9 que la proposition de bus avec des services de qualit\u00e9, n\u2019est qu\u2019un blocage du projet initial qu\u2019est le tramway. Ce dernier \u00e9tant un projet strat\u00e9gique susceptible d\u2019apporter un plus \u00e0 la wilaya d\u2019Annaba, en mati\u00e8re d\u2019embellissement de la ville mais, surtout att\u00e9nuer la circulation routi\u00e8re et les embouteillages. Au-del\u00e0, il permettra surtout la cr\u00e9ation de dizaines de postes d\u2019emploi, en plus d\u2019assurer le transport pour de nombreuses localit\u00e9s.&nbsp; Des membres de la soci\u00e9t\u00e9 civileont ajout\u00e9 que de nombreux transporteurs priv\u00e9s du secteur des transports \u00e0 Annabaont contribu\u00e9 \u00e0 ce que le projet du tramway ne soit pas r\u00e9alis\u00e9. Ils &nbsp;ont\u00ab&nbsp;avanc\u00e9 \u00e0 l\u2019\u00e9poque, des arguments peu convaincants&nbsp;\u00bb, tels que \u00ab&nbsp; l\u2019inad\u00e9quation du passage du trac\u00e9 du tramway dans les grands art\u00e8res de la ville et l\u2019atteinte au r\u00e9seau des chemins communaux&nbsp;\u00bb, nous dit-on. \u00ab&nbsp;De toute \u00e9vidence, la r\u00e9alisation du tramway va nuire \u00e0 leurs&nbsp; int\u00e9r\u00eats en premier lieu&nbsp;\u00bb, a lanc\u00e9 Kaouther Samoudi, pr\u00e9sidente d\u2019une association de jeunes \u00e0 Annaba. Par ailleurs, on apprend de source proche de ce dossier que des tentatives pour exp\u00e9rimenter le projet de bus \u00e0 haut service \u00e0 Annaba, comme alternative au projet du tramway, sont en cours. Une alternative que les habitants d\u2019Annaba. Car, pour&nbsp; eux, le tramway est devenu plus qu&rsquo;une n\u00e9cessit\u00e9 et il n&rsquo;y a pas&nbsp; d\u2019autre alternative \u00e0 cela. D\u2019ailleurs, un vaste mouvement repr\u00e9sentant la soci\u00e9t\u00e9&nbsp; civile \u00e0 Annaba a exig\u00e9 l\u2019imp\u00e9rative et urgente&nbsp; intervention des \u00e9lus locaux et des parlementaires pour rejeter la proposition alternative qui a \u00e9t\u00e9 discut\u00e9e il y a des mois par la commission des transports au Parlement, au sujet de l&rsquo;exp\u00e9rience des bus \u00e0 haute qualit\u00e9 de services dans la wilaya d&rsquo;Annaba. La proposition a \u00e9t\u00e9 ensuite suivie d&rsquo;une pr\u00e9sentation d\u00e9taill\u00e9e au wali d\u2019Annaba sur la d\u00e9finition du sch\u00e9ma des bus \u00e0 grande capacit\u00e9, qui sont exploit\u00e9s au sein d&rsquo;un itin\u00e9raire sp\u00e9cifique et d\u00e9sign\u00e9 dans les arrondissements urbains, sur la base de la proportionnalit\u00e9 de ce mode de transport et la configuration des p\u00f4les urbains comme Annaba, El-Bouni, El-Hadjar et Sidi Amar. Le chef de l\u2019ex\u00e9cutif local a assist\u00e9 \u00e0 une pr\u00e9sentation d\u00e9taill\u00e9e du projet et de ses \u00e9tudes, en pr\u00e9sence de tous les directeurs des institutions concern\u00e9es. La pr\u00e9sentation du projet a \u00e9t\u00e9 faite par le bureau d\u2019\u00e9tudes entre autres. \u00c0 l\u2019issue de cette premi\u00e8re r\u00e9union le wali d\u2019Annaba a demand\u00e9 d&rsquo;organiser une r\u00e9union \u00e9largie \u00e0 toutes les parties, y compris les d\u00e9put\u00e9s&nbsp; et s\u00e9nateurs de la wilayas, les repr\u00e9sentants de la soci\u00e9t\u00e9 civile et toutes les parties concern\u00e9es. Une occasion, nous dit-on, de manifester le niet pure et simple des habitants d\u2019Annaba, qui refusent de renoncerau projet de tramway.<\/p>\n\n\n\n<p><strong>Sofia Chahine<\/strong><\/p>\n","protected":false},"excerpt":{"rendered":"<p>Le projet du tramway d\u2019Annaba ne pourra\u00eatre concr\u00e9tis\u00e9 cette ann\u00e9e et le projet de bus \u00e0 haute qualit\u00e9 ne s&rsquo;y<\/p>\n","protected":false},"author":3,"featured_media":3582,"comment_status":"open","ping_status":"closed","sticky":false,"template":"","format":"standard","meta":{"colormag_page_container_layout":"default_layout","colormag_page_sidebar_layout":"default_layout","om_disable_all_campaigns":false,"_monsterinsights_skip_tracking":false,"_monsterinsights_sitenote_active":false,"_monsterinsights_sitenote_note":"","_monsterinsights_sitenote_category":0,"footnotes":"","_wpscppro_dont_share_socialmedia":false,"_wpscppro_custom_social_share_image":0,"_facebook_share_type":"","_twitter_share_type":"","_linkedin_share_type":"","_pinterest_share_type":"","_linkedin_share_type_page":"","_instagram_share_type":"","_medium_share_type":"","_threads_share_type":"","_google_business_share_type":"","_selected_social_profile":[],"_wpsp_enable_custom_social_template":false,"_wpsp_social_scheduling":{"enabled":false,"datetime":null,"platforms":[],"status":"template_only","dateOption":"today","timeOption":"now","customDays":"","customHours":"","customDate":"","customTime":"","schedulingType":"absolute"},"_wpsp_active_default_template":true},"categories":[52,31],"tags":[],"class_list":["post-34619","post","type-post","status-publish","format-standard","has-post-thumbnail","hentry","category-a-la-une","category-regions"],"aioseo_notices":[],"yoast_head":"<!-- This site is optimized with the Yoast SEO plugin v27.5 - https:\/\/yoast.com\/product\/yoast-seo-wordpress\/ -->\n<title>Tramway d\u2019Annaba\u00a0: D\u00e9bat houleux autour d&rsquo;un projet mort-n\u00e9 - La Sentinelle<\/title>\n<meta name=\"robots\" content=\"index, follow, max-snippet:-1, max-image-preview:large, max-video-preview:-1\" \/>\n<link rel=\"canonical\" href=\"https:\/\/lasentinelle.dz\/index.php\/2023\/01\/22\/tramway-dannaba-debat-houleux-autour-dun-projet-mort-ne\/\" \/>\n<meta property=\"og:locale\" content=\"fr_FR\" \/>\n<meta property=\"og:type\" content=\"article\" \/>\n<meta property=\"og:title\" content=\"Tramway d\u2019Annaba\u00a0: D\u00e9bat houleux autour d&rsquo;un projet mort-n\u00e9 - La Sentinelle\" \/>\n<meta property=\"og:description\" content=\"Le projet du tramway d\u2019Annaba ne pourra\u00eatre concr\u00e9tis\u00e9 cette ann\u00e9e et le projet de bus \u00e0 haute qualit\u00e9 ne s&rsquo;y\" \/>\n<meta property=\"og:url\" content=\"https:\/\/lasentinelle.dz\/index.php\/2023\/01\/22\/tramway-dannaba-debat-houleux-autour-dun-projet-mort-ne\/\" \/>\n<meta property=\"og:site_name\" content=\"La Sentinelle\" \/>\n<meta property=\"article:publisher\" content=\"https:\/\/www.facebook.com\/La-Sentinelle-104059864394773\" \/>\n<meta property=\"article:published_time\" content=\"2023-01-22T21:08:00+00:00\" \/>\n<meta property=\"og:image\" content=\"https:\/\/lasentinelle.dz\/wp-content\/uploads\/2021\/08\/annaba-confnie.png\" \/>\n\t<meta property=\"og:image:width\" content=\"1361\" \/>\n\t<meta property=\"og:image:height\" content=\"900\" \/>\n\t<meta property=\"og:image:type\" content=\"image\/png\" \/>\n<meta name=\"author\" content=\"La Sentinelle\" \/>\n<meta name=\"twitter:card\" content=\"summary_large_image\" \/>\n<meta name=\"twitter:label1\" content=\"\u00c9crit par\" \/>\n\t<meta name=\"twitter:data1\" content=\"La Sentinelle\" \/>\n\t<meta name=\"twitter:label2\" content=\"Dur\u00e9e de lecture estim\u00e9e\" \/>\n\t<meta name=\"twitter:data2\" content=\"5 minutes\" \/>\n<script type=\"application\/ld+json\" class=\"yoast-schema-graph\">{\"@context\":\"https:\\\/\\\/schema.org\",\"@graph\":[{\"@type\":\"Article\",\"@id\":\"https:\\\/\\\/lasentinelle.dz\\\/index.php\\\/2023\\\/01\\\/22\\\/tramway-dannaba-debat-houleux-autour-dun-projet-mort-ne\\\/#article\",\"isPartOf\":{\"@id\":\"https:\\\/\\\/lasentinelle.dz\\\/index.php\\\/2023\\\/01\\\/22\\\/tramway-dannaba-debat-houleux-autour-dun-projet-mort-ne\\\/\"},\"author\":{\"name\":\"La Sentinelle\",\"@id\":\"https:\\\/\\\/lasentinelle.dz\\\/#\\\/schema\\\/person\\\/d865044e22e70a75174ce8bcad3acfb3\"},\"headline\":\"Tramway d\u2019Annaba\u00a0: D\u00e9bat houleux autour d&rsquo;un projet mort-n\u00e9\",\"datePublished\":\"2023-01-22T21:08:00+00:00\",\"mainEntityOfPage\":{\"@id\":\"https:\\\/\\\/lasentinelle.dz\\\/index.php\\\/2023\\\/01\\\/22\\\/tramway-dannaba-debat-houleux-autour-dun-projet-mort-ne\\\/\"},\"wordCount\":1144,\"commentCount\":0,\"publisher\":{\"@id\":\"https:\\\/\\\/lasentinelle.dz\\\/#organization\"},\"image\":{\"@id\":\"https:\\\/\\\/lasentinelle.dz\\\/index.php\\\/2023\\\/01\\\/22\\\/tramway-dannaba-debat-houleux-autour-dun-projet-mort-ne\\\/#primaryimage\"},\"thumbnailUrl\":\"https:\\\/\\\/lasentinelle.dz\\\/wp-content\\\/uploads\\\/2021\\\/08\\\/annaba-confnie.png\",\"articleSection\":[\"\u00c0 la Une\",\"R\u00e9gions\"],\"inLanguage\":\"fr-FR\",\"potentialAction\":[{\"@type\":\"CommentAction\",\"name\":\"Comment\",\"target\":[\"https:\\\/\\\/lasentinelle.dz\\\/index.php\\\/2023\\\/01\\\/22\\\/tramway-dannaba-debat-houleux-autour-dun-projet-mort-ne\\\/#respond\"]}]},{\"@type\":\"WebPage\",\"@id\":\"https:\\\/\\\/lasentinelle.dz\\\/index.php\\\/2023\\\/01\\\/22\\\/tramway-dannaba-debat-houleux-autour-dun-projet-mort-ne\\\/\",\"url\":\"https:\\\/\\\/lasentinelle.dz\\\/index.php\\\/2023\\\/01\\\/22\\\/tramway-dannaba-debat-houleux-autour-dun-projet-mort-ne\\\/\",\"name\":\"Tramway d\u2019Annaba\u00a0: D\u00e9bat houleux autour d&rsquo;un projet mort-n\u00e9 - La Sentinelle\",\"isPartOf\":{\"@id\":\"https:\\\/\\\/lasentinelle.dz\\\/#website\"},\"primaryImageOfPage\":{\"@id\":\"https:\\\/\\\/lasentinelle.dz\\\/index.php\\\/2023\\\/01\\\/22\\\/tramway-dannaba-debat-houleux-autour-dun-projet-mort-ne\\\/#primaryimage\"},\"image\":{\"@id\":\"https:\\\/\\\/lasentinelle.dz\\\/index.php\\\/2023\\\/01\\\/22\\\/tramway-dannaba-debat-houleux-autour-dun-projet-mort-ne\\\/#primaryimage\"},\"thumbnailUrl\":\"https:\\\/\\\/lasentinelle.dz\\\/wp-content\\\/uploads\\\/2021\\\/08\\\/annaba-confnie.png\",\"datePublished\":\"2023-01-22T21:08:00+00:00\",\"breadcrumb\":{\"@id\":\"https:\\\/\\\/lasentinelle.dz\\\/index.php\\\/2023\\\/01\\\/22\\\/tramway-dannaba-debat-houleux-autour-dun-projet-mort-ne\\\/#breadcrumb\"},\"inLanguage\":\"fr-FR\",\"potentialAction\":[{\"@type\":\"ReadAction\",\"target\":[\"https:\\\/\\\/lasentinelle.dz\\\/index.php\\\/2023\\\/01\\\/22\\\/tramway-dannaba-debat-houleux-autour-dun-projet-mort-ne\\\/\"]}]},{\"@type\":\"ImageObject\",\"inLanguage\":\"fr-FR\",\"@id\":\"https:\\\/\\\/lasentinelle.dz\\\/index.php\\\/2023\\\/01\\\/22\\\/tramway-dannaba-debat-houleux-autour-dun-projet-mort-ne\\\/#primaryimage\",\"url\":\"https:\\\/\\\/lasentinelle.dz\\\/wp-content\\\/uploads\\\/2021\\\/08\\\/annaba-confnie.png\",\"contentUrl\":\"https:\\\/\\\/lasentinelle.dz\\\/wp-content\\\/uploads\\\/2021\\\/08\\\/annaba-confnie.png\",\"width\":1361,\"height\":900},{\"@type\":\"BreadcrumbList\",\"@id\":\"https:\\\/\\\/lasentinelle.dz\\\/index.php\\\/2023\\\/01\\\/22\\\/tramway-dannaba-debat-houleux-autour-dun-projet-mort-ne\\\/#breadcrumb\",\"itemListElement\":[{\"@type\":\"ListItem\",\"position\":1,\"name\":\"Accueil\",\"item\":\"https:\\\/\\\/lasentinelle.dz\\\/\"},{\"@type\":\"ListItem\",\"position\":2,\"name\":\"Tramway d\u2019Annaba\u00a0: D\u00e9bat houleux autour d&rsquo;un projet mort-n\u00e9\"}]},{\"@type\":\"WebSite\",\"@id\":\"https:\\\/\\\/lasentinelle.dz\\\/#website\",\"url\":\"https:\\\/\\\/lasentinelle.dz\\\/\",\"name\":\"La Sentinelle\",\"description\":\"Quotidien national d&#039;information\",\"publisher\":{\"@id\":\"https:\\\/\\\/lasentinelle.dz\\\/#organization\"},\"potentialAction\":[{\"@type\":\"SearchAction\",\"target\":{\"@type\":\"EntryPoint\",\"urlTemplate\":\"https:\\\/\\\/lasentinelle.dz\\\/?s={search_term_string}\"},\"query-input\":{\"@type\":\"PropertyValueSpecification\",\"valueRequired\":true,\"valueName\":\"search_term_string\"}}],\"inLanguage\":\"fr-FR\"},{\"@type\":\"Organization\",\"@id\":\"https:\\\/\\\/lasentinelle.dz\\\/#organization\",\"name\":\"Quotidien La Sentinelle\",\"url\":\"https:\\\/\\\/lasentinelle.dz\\\/\",\"logo\":{\"@type\":\"ImageObject\",\"inLanguage\":\"fr-FR\",\"@id\":\"https:\\\/\\\/lasentinelle.dz\\\/#\\\/schema\\\/logo\\\/image\\\/\",\"url\":\"https:\\\/\\\/lasentinelle.dz\\\/wp-content\\\/uploads\\\/2021\\\/09\\\/logo-sentinelleSLOGAN-1.png\",\"contentUrl\":\"https:\\\/\\\/lasentinelle.dz\\\/wp-content\\\/uploads\\\/2021\\\/09\\\/logo-sentinelleSLOGAN-1.png\",\"width\":615,\"height\":142,\"caption\":\"Quotidien La Sentinelle\"},\"image\":{\"@id\":\"https:\\\/\\\/lasentinelle.dz\\\/#\\\/schema\\\/logo\\\/image\\\/\"},\"sameAs\":[\"https:\\\/\\\/www.facebook.com\\\/La-Sentinelle-104059864394773\"]},{\"@type\":\"Person\",\"@id\":\"https:\\\/\\\/lasentinelle.dz\\\/#\\\/schema\\\/person\\\/d865044e22e70a75174ce8bcad3acfb3\",\"name\":\"La Sentinelle\",\"image\":{\"@type\":\"ImageObject\",\"inLanguage\":\"fr-FR\",\"@id\":\"https:\\\/\\\/secure.gravatar.com\\\/avatar\\\/57de8e5d4b15d43fb361a71fbb36338450fe67865b528a43dd10ef7c51a20392?s=96&d=mm&r=g\",\"url\":\"https:\\\/\\\/secure.gravatar.com\\\/avatar\\\/57de8e5d4b15d43fb361a71fbb36338450fe67865b528a43dd10ef7c51a20392?s=96&d=mm&r=g\",\"contentUrl\":\"https:\\\/\\\/secure.gravatar.com\\\/avatar\\\/57de8e5d4b15d43fb361a71fbb36338450fe67865b528a43dd10ef7c51a20392?s=96&d=mm&r=g\",\"caption\":\"La Sentinelle\"},\"sameAs\":[\"http:\\\/\\\/www.lasentinelle.dz\"],\"url\":\"https:\\\/\\\/lasentinelle.dz\\\/author\\\/redaction\\\/\"}]}<\/script>\n<!-- \/ Yoast SEO plugin. -->","yoast_head_json":{"title":"Tramway d\u2019Annaba\u00a0: D\u00e9bat houleux autour d&rsquo;un projet mort-n\u00e9 - La Sentinelle","robots":{"index":"index","follow":"follow","max-snippet":"max-snippet:-1","max-image-preview":"max-image-preview:large","max-video-preview":"max-video-preview:-1"},"canonical":"https:\/\/lasentinelle.dz\/index.php\/2023\/01\/22\/tramway-dannaba-debat-houleux-autour-dun-projet-mort-ne\/","og_locale":"fr_FR","og_type":"article","og_title":"Tramway d\u2019Annaba\u00a0: D\u00e9bat houleux autour d&rsquo;un projet mort-n\u00e9 - La Sentinelle","og_description":"Le projet du tramway d\u2019Annaba ne pourra\u00eatre concr\u00e9tis\u00e9 cette ann\u00e9e et le projet de bus \u00e0 haute qualit\u00e9 ne s&rsquo;y","og_url":"https:\/\/lasentinelle.dz\/index.php\/2023\/01\/22\/tramway-dannaba-debat-houleux-autour-dun-projet-mort-ne\/","og_site_name":"La Sentinelle","article_publisher":"https:\/\/www.facebook.com\/La-Sentinelle-104059864394773","article_published_time":"2023-01-22T21:08:00+00:00","og_image":[{"width":1361,"height":900,"url":"https:\/\/lasentinelle.dz\/wp-content\/uploads\/2021\/08\/annaba-confnie.png","type":"image\/png"}],"author":"La Sentinelle","twitter_card":"summary_large_image","twitter_misc":{"\u00c9crit par":"La Sentinelle","Dur\u00e9e de lecture estim\u00e9e":"5 minutes"},"schema":{"@context":"https:\/\/schema.org","@graph":[{"@type":"Article","@id":"https:\/\/lasentinelle.dz\/index.php\/2023\/01\/22\/tramway-dannaba-debat-houleux-autour-dun-projet-mort-ne\/#article","isPartOf":{"@id":"https:\/\/lasentinelle.dz\/index.php\/2023\/01\/22\/tramway-dannaba-debat-houleux-autour-dun-projet-mort-ne\/"},"author":{"name":"La Sentinelle","@id":"https:\/\/lasentinelle.dz\/#\/schema\/person\/d865044e22e70a75174ce8bcad3acfb3"},"headline":"Tramway d\u2019Annaba\u00a0: D\u00e9bat houleux autour d&rsquo;un projet mort-n\u00e9","datePublished":"2023-01-22T21:08:00+00:00","mainEntityOfPage":{"@id":"https:\/\/lasentinelle.dz\/index.php\/2023\/01\/22\/tramway-dannaba-debat-houleux-autour-dun-projet-mort-ne\/"},"wordCount":1144,"commentCount":0,"publisher":{"@id":"https:\/\/lasentinelle.dz\/#organization"},"image":{"@id":"https:\/\/lasentinelle.dz\/index.php\/2023\/01\/22\/tramway-dannaba-debat-houleux-autour-dun-projet-mort-ne\/#primaryimage"},"thumbnailUrl":"https:\/\/lasentinelle.dz\/wp-content\/uploads\/2021\/08\/annaba-confnie.png","articleSection":["\u00c0 la Une","R\u00e9gions"],"inLanguage":"fr-FR","potentialAction":[{"@type":"CommentAction","name":"Comment","target":["https:\/\/lasentinelle.dz\/index.php\/2023\/01\/22\/tramway-dannaba-debat-houleux-autour-dun-projet-mort-ne\/#respond"]}]},{"@type":"WebPage","@id":"https:\/\/lasentinelle.dz\/index.php\/2023\/01\/22\/tramway-dannaba-debat-houleux-autour-dun-projet-mort-ne\/","url":"https:\/\/lasentinelle.dz\/index.php\/2023\/01\/22\/tramway-dannaba-debat-houleux-autour-dun-projet-mort-ne\/","name":"Tramway d\u2019Annaba\u00a0: D\u00e9bat houleux autour d&rsquo;un projet mort-n\u00e9 - La Sentinelle","isPartOf":{"@id":"https:\/\/lasentinelle.dz\/#website"},"primaryImageOfPage":{"@id":"https:\/\/lasentinelle.dz\/index.php\/2023\/01\/22\/tramway-dannaba-debat-houleux-autour-dun-projet-mort-ne\/#primaryimage"},"image":{"@id":"https:\/\/lasentinelle.dz\/index.php\/2023\/01\/22\/tramway-dannaba-debat-houleux-autour-dun-projet-mort-ne\/#primaryimage"},"thumbnailUrl":"https:\/\/lasentinelle.dz\/wp-content\/uploads\/2021\/08\/annaba-confnie.png","datePublished":"2023-01-22T21:08:00+00:00","breadcrumb":{"@id":"https:\/\/lasentinelle.dz\/index.php\/2023\/01\/22\/tramway-dannaba-debat-houleux-autour-dun-projet-mort-ne\/#breadcrumb"},"inLanguage":"fr-FR","potentialAction":[{"@type":"ReadAction","target":["https:\/\/lasentinelle.dz\/index.php\/2023\/01\/22\/tramway-dannaba-debat-houleux-autour-dun-projet-mort-ne\/"]}]},{"@type":"ImageObject","inLanguage":"fr-FR","@id":"https:\/\/lasentinelle.dz\/index.php\/2023\/01\/22\/tramway-dannaba-debat-houleux-autour-dun-projet-mort-ne\/#primaryimage","url":"https:\/\/lasentinelle.dz\/wp-content\/uploads\/2021\/08\/annaba-confnie.png","contentUrl":"https:\/\/lasentinelle.dz\/wp-content\/uploads\/2021\/08\/annaba-confnie.png","width":1361,"height":900},{"@type":"BreadcrumbList","@id":"https:\/\/lasentinelle.dz\/index.php\/2023\/01\/22\/tramway-dannaba-debat-houleux-autour-dun-projet-mort-ne\/#breadcrumb","itemListElement":[{"@type":"ListItem","position":1,"name":"Accueil","item":"https:\/\/lasentinelle.dz\/"},{"@type":"ListItem","position":2,"name":"Tramway d\u2019Annaba\u00a0: D\u00e9bat houleux autour d&rsquo;un projet mort-n\u00e9"}]},{"@type":"WebSite","@id":"https:\/\/lasentinelle.dz\/#website","url":"https:\/\/lasentinelle.dz\/","name":"La Sentinelle","description":"Quotidien national d&#039;information","publisher":{"@id":"https:\/\/lasentinelle.dz\/#organization"},"potentialAction":[{"@type":"SearchAction","target":{"@type":"EntryPoint","urlTemplate":"https:\/\/lasentinelle.dz\/?s={search_term_string}"},"query-input":{"@type":"PropertyValueSpecification","valueRequired":true,"valueName":"search_term_string"}}],"inLanguage":"fr-FR"},{"@type":"Organization","@id":"https:\/\/lasentinelle.dz\/#organization","name":"Quotidien La Sentinelle","url":"https:\/\/lasentinelle.dz\/","logo":{"@type":"ImageObject","inLanguage":"fr-FR","@id":"https:\/\/lasentinelle.dz\/#\/schema\/logo\/image\/","url":"https:\/\/lasentinelle.dz\/wp-content\/uploads\/2021\/09\/logo-sentinelleSLOGAN-1.png","contentUrl":"https:\/\/lasentinelle.dz\/wp-content\/uploads\/2021\/09\/logo-sentinelleSLOGAN-1.png","width":615,"height":142,"caption":"Quotidien La Sentinelle"},"image":{"@id":"https:\/\/lasentinelle.dz\/#\/schema\/logo\/image\/"},"sameAs":["https:\/\/www.facebook.com\/La-Sentinelle-104059864394773"]},{"@type":"Person","@id":"https:\/\/lasentinelle.dz\/#\/schema\/person\/d865044e22e70a75174ce8bcad3acfb3","name":"La Sentinelle","image":{"@type":"ImageObject","inLanguage":"fr-FR","@id":"https:\/\/secure.gravatar.com\/avatar\/57de8e5d4b15d43fb361a71fbb36338450fe67865b528a43dd10ef7c51a20392?s=96&d=mm&r=g","url":"https:\/\/secure.gravatar.com\/avatar\/57de8e5d4b15d43fb361a71fbb36338450fe67865b528a43dd10ef7c51a20392?s=96&d=mm&r=g","contentUrl":"https:\/\/secure.gravatar.com\/avatar\/57de8e5d4b15d43fb361a71fbb36338450fe67865b528a43dd10ef7c51a20392?s=96&d=mm&r=g","caption":"La Sentinelle"},"sameAs":["http:\/\/www.lasentinelle.dz"],"url":"https:\/\/lasentinelle.dz\/author\/redaction\/"}]}},"_links":{"self":[{"href":"https:\/\/lasentinelle.dz\/index.php\/wp-json\/wp\/v2\/posts\/34619","targetHints":{"allow":["GET"]}}],"collection":[{"href":"https:\/\/lasentinelle.dz\/index.php\/wp-json\/wp\/v2\/posts"}],"about":[{"href":"https:\/\/lasentinelle.dz\/index.php\/wp-json\/wp\/v2\/types\/post"}],"author":[{"embeddable":true,"href":"https:\/\/lasentinelle.dz\/index.php\/wp-json\/wp\/v2\/users\/3"}],"replies":[{"embeddable":true,"href":"https:\/\/lasentinelle.dz\/index.php\/wp-json\/wp\/v2\/comments?post=34619"}],"version-history":[{"count":2,"href":"https:\/\/lasentinelle.dz\/index.php\/wp-json\/wp\/v2\/posts\/34619\/revisions"}],"predecessor-version":[{"id":34663,"href":"https:\/\/lasentinelle.dz\/index.php\/wp-json\/wp\/v2\/posts\/34619\/revisions\/34663"}],"wp:featuredmedia":[{"embeddable":true,"href":"https:\/\/lasentinelle.dz\/index.php\/wp-json\/wp\/v2\/media\/3582"}],"wp:attachment":[{"href":"https:\/\/lasentinelle.dz\/index.php\/wp-json\/wp\/v2\/media?parent=34619"}],"wp:term":[{"taxonomy":"category","embeddable":true,"href":"https:\/\/lasentinelle.dz\/index.php\/wp-json\/wp\/v2\/categories?post=34619"},{"taxonomy":"post_tag","embeddable":true,"href":"https:\/\/lasentinelle.dz\/index.php\/wp-json\/wp\/v2\/tags?post=34619"}],"curies":[{"name":"wp","href":"https:\/\/api.w.org\/{rel}","templated":true}]}}