{"id":34631,"date":"2023-01-22T22:10:00","date_gmt":"2023-01-22T21:10:00","guid":{"rendered":"https:\/\/lasentinelle.dz\/?p=34631"},"modified":"2023-01-22T21:11:30","modified_gmt":"2023-01-22T20:11:30","slug":"emploitic-evoque-une-hausse-de-30-des-opportunites-demploi-nette-reprise-du-marche-de-lemploi-en-2022","status":"publish","type":"post","link":"https:\/\/lasentinelle.dz\/index.php\/2023\/01\/22\/emploitic-evoque-une-hausse-de-30-des-opportunites-demploi-nette-reprise-du-marche-de-lemploi-en-2022\/","title":{"rendered":"Emploitic \u00e9voque une hausse de 30% des opportunit\u00e9s d\u2019emploi\u00a0: Nette reprise du march\u00e9 de l\u2019emploi en 2022"},"content":{"rendered":"\n<p>Le march\u00e9 de l\u2019emploi a connu une nette reprise en 2022. Une reprise qui devrait se poursuivre en 2023.<\/p>\n\n\n\n<p>En effet, le leader du recrutement ligne, Emploitic annonce une hausse substantielle des placements au cours de l\u2019ann\u00e9e qui vient de s\u2019\u00e9couler. L\u2019ann\u00e9e 2022 a ainsi \u00e9t\u00e9 marqu\u00e9e par une croissance de 30% des recrutements. Le site sp\u00e9cialis\u00e9 dans l\u2019emploi a \u00e9voqu\u00e9 aussi plus de 30 000 offres d&#8217;emploi qui ont \u00e9t\u00e9 publi\u00e9es et plus de 3 500 professionnels RH ont utilis\u00e9 les solutions Emploiticpour recruter parmi les 3 millions de candidatures que le site a re\u00e7u.<\/p>\n\n\n\n<p>Selon le rapport annuel de la startup, apr\u00e8s pr\u00e8s de deux ans de COVID, \u00ab&nbsp;la grande majorit\u00e9 des secteurs \u00e9conomiques ont connu un rebond de croissance en 2022 compar\u00e9 \u00e0 l\u2019ann\u00e9e qui l\u2019a pr\u00e9c\u00e9d\u00e9e, ce qui a cr\u00e9\u00e9 une dynamisation du march\u00e9 de l\u2019emploi et l\u2019\u00e9mergence de nouveaux besoins et m\u00e9tiers&nbsp;\u00bb. Une reprise \u00e9conomique qui explique la reprise du march\u00e9 de l\u2019emploi, notamment dans le secteur de l\u2019industrie. Selon les chiffres publi\u00e9s hier par Emploitic, le secteur de l\u2019industrie continue de figurer en t\u00eate des secteurs ayant le plus recrut\u00e9 sur sa plateforme, avec 31% du nombre global des offres affich\u00e9es. Le secteur des services arrive \u00e0 la seconde place avec 23% (25%en 2021) des offres publi\u00e9es ce qui t\u00e9moigne du retour des PME \u00e0 l\u2019embauche, suivi par celui du commerce &amp; distribution avec 12% (14% en 2021) . S\u2019en suivent les secteurs de l&rsquo;informatique &#8211; T\u00e9l\u00e9com &#8211; Internet (11%), du BTP (9%); des finances (8%), de l\u2019Energie (6%) et de l\u2019Administration &amp; ONG (1%).Ces opportunit\u00e9s ciblaient les chercheurs d\u2019emploi de tout niveau et dans des m\u00e9tiers divers. Le m\u00eame bilan souligne \u00e9galement \u00ab&nbsp;la progression positive des offres d\u2019emploi ciblant les candidats d\u00e9butants ou primo-demandeurs et qui repr\u00e9sente pr\u00e8s du tiers des opportunit\u00e9s affich\u00e9es. Les annonces d\u2019emploi ciblant des candidats&nbsp; exp\u00e9riment\u00e9s ont repr\u00e9sent\u00e9 les deux tiers restants&nbsp;\u00bb.&nbsp;&nbsp;<\/p>\n\n\n\n<p>Du c\u00f4t\u00e9 des demandes d\u2019emploi, Emploitic indique que les m\u00e9tiers du commercial, de l\u2019industrie et de la finance figurent dans le Top 3 des m\u00e9tiers les plus recherch\u00e9s<\/p>\n\n\n\n<p>\u00ab&nbsp;Comme pour l\u2019ann\u00e9e 2021, le m\u00e9tier le plus convoit\u00e9 reste celui du commercial avec 25% des annonces affich\u00e9es sur le site Emploitic.com. 21% des opportunit\u00e9s concernaient les m\u00e9tiers de l\u2019administration, suivis des m\u00e9tiers de l\u2019industrie avec 19% des offres, et de la finance avec 13%&nbsp;\u00bb, note le rapport. La Startup qui rappelle avoir particip\u00e9 avec Boston Consulting Group BCG et The Network, \u00e0 une \u00e9tude mondiale sur les aspirations professionnelles des employ\u00e9s du futur, \u00e9voque les nouvelles attentes des chercheurs d\u2019emploi dans le monde, avec un volet d\u00e9di\u00e9 \u00e0 chaque pays participant, dont l\u2019Alg\u00e9rie. Elle explique ainsi que les demandeurs d\u2019emploi alg\u00e9riens accordent de&nbsp;l\u2019importance \u00e0 l\u2019exp\u00e9rience professionnelle qu\u2019ils vont acqu\u00e9rir \u00e0 travers leur emploi. \u00ab&nbsp;Les talents se faisant de plus en plus rares au niveau mondial, l&rsquo;enqu\u00eate rel\u00e8ve que 50% des r\u00e9pondants se disent pr\u00eat \u00e0 refuser un emploi s\u2019ils ont une mauvaise exp\u00e9rience lors du processus de recrutement. D\u2019o\u00f9 l\u2019importance de la marque employeur et l\u2019exp\u00e9rience candidat lors du processus de recrutement&nbsp;\u00bb, note le rapport.<\/p>\n\n\n\n<p><strong>Hocine Fadheli<\/strong><\/p>\n","protected":false},"excerpt":{"rendered":"<p>Le march\u00e9 de l\u2019emploi a connu une nette reprise en 2022. Une reprise qui devrait se poursuivre en 2023. En<\/p>\n","protected":false},"author":3,"featured_media":34632,"comment_status":"open","ping_status":"closed","sticky":false,"template":"","format":"standard","meta":{"colormag_page_container_layout":"default_layout","colormag_page_sidebar_layout":"default_layout","om_disable_all_campaigns":false,"_monsterinsights_skip_tracking":false,"_monsterinsights_sitenote_active":false,"_monsterinsights_sitenote_note":"","_monsterinsights_sitenote_category":0,"footnotes":"","_wpscppro_dont_share_socialmedia":false,"_wpscppro_custom_social_share_image":0,"_facebook_share_type":"","_twitter_share_type":"","_linkedin_share_type":"","_pinterest_share_type":"","_linkedin_share_type_page":"","_instagram_share_type":"","_medium_share_type":"","_threads_share_type":"","_google_business_share_type":"","_selected_social_profile":[],"_wpsp_enable_custom_social_template":false,"_wpsp_social_scheduling":{"enabled":false,"datetime":null,"platforms":[],"status":"template_only","dateOption":"today","timeOption":"now","customDays":"","customHours":"","customDate":"","customTime":"","schedulingType":"absolute"},"_wpsp_active_default_template":true},"categories":[52,29],"tags":[],"class_list":["post-34631","post","type-post","status-publish","format-standard","has-post-thumbnail","hentry","category-a-la-une","category-economie"],"aioseo_notices":[],"yoast_head":"<!-- This site is optimized with the Yoast SEO plugin v27.5 - https:\/\/yoast.com\/product\/yoast-seo-wordpress\/ -->\n<title>Emploitic \u00e9voque une hausse de 30% des opportunit\u00e9s d\u2019emploi\u00a0: Nette reprise du march\u00e9 de l\u2019emploi en 2022 - La Sentinelle<\/title>\n<meta name=\"robots\" content=\"index, follow, max-snippet:-1, max-image-preview:large, max-video-preview:-1\" \/>\n<link rel=\"canonical\" href=\"https:\/\/lasentinelle.dz\/index.php\/2023\/01\/22\/emploitic-evoque-une-hausse-de-30-des-opportunites-demploi-nette-reprise-du-marche-de-lemploi-en-2022\/\" \/>\n<meta property=\"og:locale\" content=\"fr_FR\" \/>\n<meta property=\"og:type\" content=\"article\" \/>\n<meta property=\"og:title\" content=\"Emploitic \u00e9voque une hausse de 30% des opportunit\u00e9s d\u2019emploi\u00a0: Nette reprise du march\u00e9 de l\u2019emploi en 2022 - La Sentinelle\" \/>\n<meta property=\"og:description\" content=\"Le march\u00e9 de l\u2019emploi a connu une nette reprise en 2022. Une reprise qui devrait se poursuivre en 2023. En\" \/>\n<meta property=\"og:url\" content=\"https:\/\/lasentinelle.dz\/index.php\/2023\/01\/22\/emploitic-evoque-une-hausse-de-30-des-opportunites-demploi-nette-reprise-du-marche-de-lemploi-en-2022\/\" \/>\n<meta property=\"og:site_name\" content=\"La Sentinelle\" \/>\n<meta property=\"article:publisher\" content=\"https:\/\/www.facebook.com\/La-Sentinelle-104059864394773\" \/>\n<meta property=\"article:published_time\" content=\"2023-01-22T21:10:00+00:00\" \/>\n<meta property=\"og:image\" content=\"https:\/\/lasentinelle.dz\/wp-content\/uploads\/2023\/01\/Sans-titre-3-12.png\" \/>\n\t<meta property=\"og:image:width\" content=\"1200\" \/>\n\t<meta property=\"og:image:height\" content=\"900\" \/>\n\t<meta property=\"og:image:type\" content=\"image\/png\" \/>\n<meta name=\"author\" content=\"La Sentinelle\" \/>\n<meta name=\"twitter:card\" content=\"summary_large_image\" \/>\n<meta name=\"twitter:label1\" content=\"\u00c9crit par\" \/>\n\t<meta name=\"twitter:data1\" content=\"La Sentinelle\" \/>\n\t<meta name=\"twitter:label2\" content=\"Dur\u00e9e de lecture estim\u00e9e\" \/>\n\t<meta name=\"twitter:data2\" content=\"3 minutes\" \/>\n<script type=\"application\/ld+json\" class=\"yoast-schema-graph\">{\"@context\":\"https:\\\/\\\/schema.org\",\"@graph\":[{\"@type\":\"Article\",\"@id\":\"https:\\\/\\\/lasentinelle.dz\\\/index.php\\\/2023\\\/01\\\/22\\\/emploitic-evoque-une-hausse-de-30-des-opportunites-demploi-nette-reprise-du-marche-de-lemploi-en-2022\\\/#article\",\"isPartOf\":{\"@id\":\"https:\\\/\\\/lasentinelle.dz\\\/index.php\\\/2023\\\/01\\\/22\\\/emploitic-evoque-une-hausse-de-30-des-opportunites-demploi-nette-reprise-du-marche-de-lemploi-en-2022\\\/\"},\"author\":{\"name\":\"La Sentinelle\",\"@id\":\"https:\\\/\\\/lasentinelle.dz\\\/#\\\/schema\\\/person\\\/d865044e22e70a75174ce8bcad3acfb3\"},\"headline\":\"Emploitic \u00e9voque une hausse de 30% des opportunit\u00e9s d\u2019emploi\u00a0: Nette reprise du march\u00e9 de l\u2019emploi en 2022\",\"datePublished\":\"2023-01-22T21:10:00+00:00\",\"mainEntityOfPage\":{\"@id\":\"https:\\\/\\\/lasentinelle.dz\\\/index.php\\\/2023\\\/01\\\/22\\\/emploitic-evoque-une-hausse-de-30-des-opportunites-demploi-nette-reprise-du-marche-de-lemploi-en-2022\\\/\"},\"wordCount\":595,\"commentCount\":0,\"publisher\":{\"@id\":\"https:\\\/\\\/lasentinelle.dz\\\/#organization\"},\"image\":{\"@id\":\"https:\\\/\\\/lasentinelle.dz\\\/index.php\\\/2023\\\/01\\\/22\\\/emploitic-evoque-une-hausse-de-30-des-opportunites-demploi-nette-reprise-du-marche-de-lemploi-en-2022\\\/#primaryimage\"},\"thumbnailUrl\":\"https:\\\/\\\/lasentinelle.dz\\\/wp-content\\\/uploads\\\/2023\\\/01\\\/Sans-titre-3-12.png\",\"articleSection\":[\"\u00c0 la Une\",\"\u00c9conomie\"],\"inLanguage\":\"fr-FR\",\"potentialAction\":[{\"@type\":\"CommentAction\",\"name\":\"Comment\",\"target\":[\"https:\\\/\\\/lasentinelle.dz\\\/index.php\\\/2023\\\/01\\\/22\\\/emploitic-evoque-une-hausse-de-30-des-opportunites-demploi-nette-reprise-du-marche-de-lemploi-en-2022\\\/#respond\"]}]},{\"@type\":\"WebPage\",\"@id\":\"https:\\\/\\\/lasentinelle.dz\\\/index.php\\\/2023\\\/01\\\/22\\\/emploitic-evoque-une-hausse-de-30-des-opportunites-demploi-nette-reprise-du-marche-de-lemploi-en-2022\\\/\",\"url\":\"https:\\\/\\\/lasentinelle.dz\\\/index.php\\\/2023\\\/01\\\/22\\\/emploitic-evoque-une-hausse-de-30-des-opportunites-demploi-nette-reprise-du-marche-de-lemploi-en-2022\\\/\",\"name\":\"Emploitic \u00e9voque une hausse de 30% des opportunit\u00e9s d\u2019emploi\u00a0: Nette reprise du march\u00e9 de l\u2019emploi en 2022 - La Sentinelle\",\"isPartOf\":{\"@id\":\"https:\\\/\\\/lasentinelle.dz\\\/#website\"},\"primaryImageOfPage\":{\"@id\":\"https:\\\/\\\/lasentinelle.dz\\\/index.php\\\/2023\\\/01\\\/22\\\/emploitic-evoque-une-hausse-de-30-des-opportunites-demploi-nette-reprise-du-marche-de-lemploi-en-2022\\\/#primaryimage\"},\"image\":{\"@id\":\"https:\\\/\\\/lasentinelle.dz\\\/index.php\\\/2023\\\/01\\\/22\\\/emploitic-evoque-une-hausse-de-30-des-opportunites-demploi-nette-reprise-du-marche-de-lemploi-en-2022\\\/#primaryimage\"},\"thumbnailUrl\":\"https:\\\/\\\/lasentinelle.dz\\\/wp-content\\\/uploads\\\/2023\\\/01\\\/Sans-titre-3-12.png\",\"datePublished\":\"2023-01-22T21:10:00+00:00\",\"breadcrumb\":{\"@id\":\"https:\\\/\\\/lasentinelle.dz\\\/index.php\\\/2023\\\/01\\\/22\\\/emploitic-evoque-une-hausse-de-30-des-opportunites-demploi-nette-reprise-du-marche-de-lemploi-en-2022\\\/#breadcrumb\"},\"inLanguage\":\"fr-FR\",\"potentialAction\":[{\"@type\":\"ReadAction\",\"target\":[\"https:\\\/\\\/lasentinelle.dz\\\/index.php\\\/2023\\\/01\\\/22\\\/emploitic-evoque-une-hausse-de-30-des-opportunites-demploi-nette-reprise-du-marche-de-lemploi-en-2022\\\/\"]}]},{\"@type\":\"ImageObject\",\"inLanguage\":\"fr-FR\",\"@id\":\"https:\\\/\\\/lasentinelle.dz\\\/index.php\\\/2023\\\/01\\\/22\\\/emploitic-evoque-une-hausse-de-30-des-opportunites-demploi-nette-reprise-du-marche-de-lemploi-en-2022\\\/#primaryimage\",\"url\":\"https:\\\/\\\/lasentinelle.dz\\\/wp-content\\\/uploads\\\/2023\\\/01\\\/Sans-titre-3-12.png\",\"contentUrl\":\"https:\\\/\\\/lasentinelle.dz\\\/wp-content\\\/uploads\\\/2023\\\/01\\\/Sans-titre-3-12.png\",\"width\":1200,\"height\":900},{\"@type\":\"BreadcrumbList\",\"@id\":\"https:\\\/\\\/lasentinelle.dz\\\/index.php\\\/2023\\\/01\\\/22\\\/emploitic-evoque-une-hausse-de-30-des-opportunites-demploi-nette-reprise-du-marche-de-lemploi-en-2022\\\/#breadcrumb\",\"itemListElement\":[{\"@type\":\"ListItem\",\"position\":1,\"name\":\"Accueil\",\"item\":\"https:\\\/\\\/lasentinelle.dz\\\/\"},{\"@type\":\"ListItem\",\"position\":2,\"name\":\"Emploitic \u00e9voque une hausse de 30% des opportunit\u00e9s d\u2019emploi\u00a0: Nette reprise du march\u00e9 de l\u2019emploi en 2022\"}]},{\"@type\":\"WebSite\",\"@id\":\"https:\\\/\\\/lasentinelle.dz\\\/#website\",\"url\":\"https:\\\/\\\/lasentinelle.dz\\\/\",\"name\":\"La Sentinelle\",\"description\":\"Quotidien national d&#039;information\",\"publisher\":{\"@id\":\"https:\\\/\\\/lasentinelle.dz\\\/#organization\"},\"potentialAction\":[{\"@type\":\"SearchAction\",\"target\":{\"@type\":\"EntryPoint\",\"urlTemplate\":\"https:\\\/\\\/lasentinelle.dz\\\/?s={search_term_string}\"},\"query-input\":{\"@type\":\"PropertyValueSpecification\",\"valueRequired\":true,\"valueName\":\"search_term_string\"}}],\"inLanguage\":\"fr-FR\"},{\"@type\":\"Organization\",\"@id\":\"https:\\\/\\\/lasentinelle.dz\\\/#organization\",\"name\":\"Quotidien La Sentinelle\",\"url\":\"https:\\\/\\\/lasentinelle.dz\\\/\",\"logo\":{\"@type\":\"ImageObject\",\"inLanguage\":\"fr-FR\",\"@id\":\"https:\\\/\\\/lasentinelle.dz\\\/#\\\/schema\\\/logo\\\/image\\\/\",\"url\":\"https:\\\/\\\/lasentinelle.dz\\\/wp-content\\\/uploads\\\/2021\\\/09\\\/logo-sentinelleSLOGAN-1.png\",\"contentUrl\":\"https:\\\/\\\/lasentinelle.dz\\\/wp-content\\\/uploads\\\/2021\\\/09\\\/logo-sentinelleSLOGAN-1.png\",\"width\":615,\"height\":142,\"caption\":\"Quotidien La Sentinelle\"},\"image\":{\"@id\":\"https:\\\/\\\/lasentinelle.dz\\\/#\\\/schema\\\/logo\\\/image\\\/\"},\"sameAs\":[\"https:\\\/\\\/www.facebook.com\\\/La-Sentinelle-104059864394773\"]},{\"@type\":\"Person\",\"@id\":\"https:\\\/\\\/lasentinelle.dz\\\/#\\\/schema\\\/person\\\/d865044e22e70a75174ce8bcad3acfb3\",\"name\":\"La Sentinelle\",\"image\":{\"@type\":\"ImageObject\",\"inLanguage\":\"fr-FR\",\"@id\":\"https:\\\/\\\/secure.gravatar.com\\\/avatar\\\/57de8e5d4b15d43fb361a71fbb36338450fe67865b528a43dd10ef7c51a20392?s=96&d=mm&r=g\",\"url\":\"https:\\\/\\\/secure.gravatar.com\\\/avatar\\\/57de8e5d4b15d43fb361a71fbb36338450fe67865b528a43dd10ef7c51a20392?s=96&d=mm&r=g\",\"contentUrl\":\"https:\\\/\\\/secure.gravatar.com\\\/avatar\\\/57de8e5d4b15d43fb361a71fbb36338450fe67865b528a43dd10ef7c51a20392?s=96&d=mm&r=g\",\"caption\":\"La Sentinelle\"},\"sameAs\":[\"http:\\\/\\\/www.lasentinelle.dz\"],\"url\":\"https:\\\/\\\/lasentinelle.dz\\\/author\\\/redaction\\\/\"}]}<\/script>\n<!-- \/ Yoast SEO plugin. -->","yoast_head_json":{"title":"Emploitic \u00e9voque une hausse de 30% des opportunit\u00e9s d\u2019emploi\u00a0: Nette reprise du march\u00e9 de l\u2019emploi en 2022 - La Sentinelle","robots":{"index":"index","follow":"follow","max-snippet":"max-snippet:-1","max-image-preview":"max-image-preview:large","max-video-preview":"max-video-preview:-1"},"canonical":"https:\/\/lasentinelle.dz\/index.php\/2023\/01\/22\/emploitic-evoque-une-hausse-de-30-des-opportunites-demploi-nette-reprise-du-marche-de-lemploi-en-2022\/","og_locale":"fr_FR","og_type":"article","og_title":"Emploitic \u00e9voque une hausse de 30% des opportunit\u00e9s d\u2019emploi\u00a0: Nette reprise du march\u00e9 de l\u2019emploi en 2022 - La Sentinelle","og_description":"Le march\u00e9 de l\u2019emploi a connu une nette reprise en 2022. Une reprise qui devrait se poursuivre en 2023. En","og_url":"https:\/\/lasentinelle.dz\/index.php\/2023\/01\/22\/emploitic-evoque-une-hausse-de-30-des-opportunites-demploi-nette-reprise-du-marche-de-lemploi-en-2022\/","og_site_name":"La Sentinelle","article_publisher":"https:\/\/www.facebook.com\/La-Sentinelle-104059864394773","article_published_time":"2023-01-22T21:10:00+00:00","og_image":[{"width":1200,"height":900,"url":"https:\/\/lasentinelle.dz\/wp-content\/uploads\/2023\/01\/Sans-titre-3-12.png","type":"image\/png"}],"author":"La Sentinelle","twitter_card":"summary_large_image","twitter_misc":{"\u00c9crit par":"La Sentinelle","Dur\u00e9e de lecture estim\u00e9e":"3 minutes"},"schema":{"@context":"https:\/\/schema.org","@graph":[{"@type":"Article","@id":"https:\/\/lasentinelle.dz\/index.php\/2023\/01\/22\/emploitic-evoque-une-hausse-de-30-des-opportunites-demploi-nette-reprise-du-marche-de-lemploi-en-2022\/#article","isPartOf":{"@id":"https:\/\/lasentinelle.dz\/index.php\/2023\/01\/22\/emploitic-evoque-une-hausse-de-30-des-opportunites-demploi-nette-reprise-du-marche-de-lemploi-en-2022\/"},"author":{"name":"La Sentinelle","@id":"https:\/\/lasentinelle.dz\/#\/schema\/person\/d865044e22e70a75174ce8bcad3acfb3"},"headline":"Emploitic \u00e9voque une hausse de 30% des opportunit\u00e9s d\u2019emploi\u00a0: Nette reprise du march\u00e9 de l\u2019emploi en 2022","datePublished":"2023-01-22T21:10:00+00:00","mainEntityOfPage":{"@id":"https:\/\/lasentinelle.dz\/index.php\/2023\/01\/22\/emploitic-evoque-une-hausse-de-30-des-opportunites-demploi-nette-reprise-du-marche-de-lemploi-en-2022\/"},"wordCount":595,"commentCount":0,"publisher":{"@id":"https:\/\/lasentinelle.dz\/#organization"},"image":{"@id":"https:\/\/lasentinelle.dz\/index.php\/2023\/01\/22\/emploitic-evoque-une-hausse-de-30-des-opportunites-demploi-nette-reprise-du-marche-de-lemploi-en-2022\/#primaryimage"},"thumbnailUrl":"https:\/\/lasentinelle.dz\/wp-content\/uploads\/2023\/01\/Sans-titre-3-12.png","articleSection":["\u00c0 la Une","\u00c9conomie"],"inLanguage":"fr-FR","potentialAction":[{"@type":"CommentAction","name":"Comment","target":["https:\/\/lasentinelle.dz\/index.php\/2023\/01\/22\/emploitic-evoque-une-hausse-de-30-des-opportunites-demploi-nette-reprise-du-marche-de-lemploi-en-2022\/#respond"]}]},{"@type":"WebPage","@id":"https:\/\/lasentinelle.dz\/index.php\/2023\/01\/22\/emploitic-evoque-une-hausse-de-30-des-opportunites-demploi-nette-reprise-du-marche-de-lemploi-en-2022\/","url":"https:\/\/lasentinelle.dz\/index.php\/2023\/01\/22\/emploitic-evoque-une-hausse-de-30-des-opportunites-demploi-nette-reprise-du-marche-de-lemploi-en-2022\/","name":"Emploitic \u00e9voque une hausse de 30% des opportunit\u00e9s d\u2019emploi\u00a0: Nette reprise du march\u00e9 de l\u2019emploi en 2022 - La Sentinelle","isPartOf":{"@id":"https:\/\/lasentinelle.dz\/#website"},"primaryImageOfPage":{"@id":"https:\/\/lasentinelle.dz\/index.php\/2023\/01\/22\/emploitic-evoque-une-hausse-de-30-des-opportunites-demploi-nette-reprise-du-marche-de-lemploi-en-2022\/#primaryimage"},"image":{"@id":"https:\/\/lasentinelle.dz\/index.php\/2023\/01\/22\/emploitic-evoque-une-hausse-de-30-des-opportunites-demploi-nette-reprise-du-marche-de-lemploi-en-2022\/#primaryimage"},"thumbnailUrl":"https:\/\/lasentinelle.dz\/wp-content\/uploads\/2023\/01\/Sans-titre-3-12.png","datePublished":"2023-01-22T21:10:00+00:00","breadcrumb":{"@id":"https:\/\/lasentinelle.dz\/index.php\/2023\/01\/22\/emploitic-evoque-une-hausse-de-30-des-opportunites-demploi-nette-reprise-du-marche-de-lemploi-en-2022\/#breadcrumb"},"inLanguage":"fr-FR","potentialAction":[{"@type":"ReadAction","target":["https:\/\/lasentinelle.dz\/index.php\/2023\/01\/22\/emploitic-evoque-une-hausse-de-30-des-opportunites-demploi-nette-reprise-du-marche-de-lemploi-en-2022\/"]}]},{"@type":"ImageObject","inLanguage":"fr-FR","@id":"https:\/\/lasentinelle.dz\/index.php\/2023\/01\/22\/emploitic-evoque-une-hausse-de-30-des-opportunites-demploi-nette-reprise-du-marche-de-lemploi-en-2022\/#primaryimage","url":"https:\/\/lasentinelle.dz\/wp-content\/uploads\/2023\/01\/Sans-titre-3-12.png","contentUrl":"https:\/\/lasentinelle.dz\/wp-content\/uploads\/2023\/01\/Sans-titre-3-12.png","width":1200,"height":900},{"@type":"BreadcrumbList","@id":"https:\/\/lasentinelle.dz\/index.php\/2023\/01\/22\/emploitic-evoque-une-hausse-de-30-des-opportunites-demploi-nette-reprise-du-marche-de-lemploi-en-2022\/#breadcrumb","itemListElement":[{"@type":"ListItem","position":1,"name":"Accueil","item":"https:\/\/lasentinelle.dz\/"},{"@type":"ListItem","position":2,"name":"Emploitic \u00e9voque une hausse de 30% des opportunit\u00e9s d\u2019emploi\u00a0: Nette reprise du march\u00e9 de l\u2019emploi en 2022"}]},{"@type":"WebSite","@id":"https:\/\/lasentinelle.dz\/#website","url":"https:\/\/lasentinelle.dz\/","name":"La Sentinelle","description":"Quotidien national d&#039;information","publisher":{"@id":"https:\/\/lasentinelle.dz\/#organization"},"potentialAction":[{"@type":"SearchAction","target":{"@type":"EntryPoint","urlTemplate":"https:\/\/lasentinelle.dz\/?s={search_term_string}"},"query-input":{"@type":"PropertyValueSpecification","valueRequired":true,"valueName":"search_term_string"}}],"inLanguage":"fr-FR"},{"@type":"Organization","@id":"https:\/\/lasentinelle.dz\/#organization","name":"Quotidien La Sentinelle","url":"https:\/\/lasentinelle.dz\/","logo":{"@type":"ImageObject","inLanguage":"fr-FR","@id":"https:\/\/lasentinelle.dz\/#\/schema\/logo\/image\/","url":"https:\/\/lasentinelle.dz\/wp-content\/uploads\/2021\/09\/logo-sentinelleSLOGAN-1.png","contentUrl":"https:\/\/lasentinelle.dz\/wp-content\/uploads\/2021\/09\/logo-sentinelleSLOGAN-1.png","width":615,"height":142,"caption":"Quotidien La Sentinelle"},"image":{"@id":"https:\/\/lasentinelle.dz\/#\/schema\/logo\/image\/"},"sameAs":["https:\/\/www.facebook.com\/La-Sentinelle-104059864394773"]},{"@type":"Person","@id":"https:\/\/lasentinelle.dz\/#\/schema\/person\/d865044e22e70a75174ce8bcad3acfb3","name":"La Sentinelle","image":{"@type":"ImageObject","inLanguage":"fr-FR","@id":"https:\/\/secure.gravatar.com\/avatar\/57de8e5d4b15d43fb361a71fbb36338450fe67865b528a43dd10ef7c51a20392?s=96&d=mm&r=g","url":"https:\/\/secure.gravatar.com\/avatar\/57de8e5d4b15d43fb361a71fbb36338450fe67865b528a43dd10ef7c51a20392?s=96&d=mm&r=g","contentUrl":"https:\/\/secure.gravatar.com\/avatar\/57de8e5d4b15d43fb361a71fbb36338450fe67865b528a43dd10ef7c51a20392?s=96&d=mm&r=g","caption":"La Sentinelle"},"sameAs":["http:\/\/www.lasentinelle.dz"],"url":"https:\/\/lasentinelle.dz\/author\/redaction\/"}]}},"_links":{"self":[{"href":"https:\/\/lasentinelle.dz\/index.php\/wp-json\/wp\/v2\/posts\/34631","targetHints":{"allow":["GET"]}}],"collection":[{"href":"https:\/\/lasentinelle.dz\/index.php\/wp-json\/wp\/v2\/posts"}],"about":[{"href":"https:\/\/lasentinelle.dz\/index.php\/wp-json\/wp\/v2\/types\/post"}],"author":[{"embeddable":true,"href":"https:\/\/lasentinelle.dz\/index.php\/wp-json\/wp\/v2\/users\/3"}],"replies":[{"embeddable":true,"href":"https:\/\/lasentinelle.dz\/index.php\/wp-json\/wp\/v2\/comments?post=34631"}],"version-history":[{"count":2,"href":"https:\/\/lasentinelle.dz\/index.php\/wp-json\/wp\/v2\/posts\/34631\/revisions"}],"predecessor-version":[{"id":34666,"href":"https:\/\/lasentinelle.dz\/index.php\/wp-json\/wp\/v2\/posts\/34631\/revisions\/34666"}],"wp:featuredmedia":[{"embeddable":true,"href":"https:\/\/lasentinelle.dz\/index.php\/wp-json\/wp\/v2\/media\/34632"}],"wp:attachment":[{"href":"https:\/\/lasentinelle.dz\/index.php\/wp-json\/wp\/v2\/media?parent=34631"}],"wp:term":[{"taxonomy":"category","embeddable":true,"href":"https:\/\/lasentinelle.dz\/index.php\/wp-json\/wp\/v2\/categories?post=34631"},{"taxonomy":"post_tag","embeddable":true,"href":"https:\/\/lasentinelle.dz\/index.php\/wp-json\/wp\/v2\/tags?post=34631"}],"curies":[{"name":"wp","href":"https:\/\/api.w.org\/{rel}","templated":true}]}}